{"id":240785,"date":"2026-04-28T18:29:29","date_gmt":"2026-04-29T01:29:29","guid":{"rendered":"https:\/\/www.sonoraenequipo.com.mx\/?p=240785"},"modified":"2026-04-28T21:56:49","modified_gmt":"2026-04-29T04:56:49","slug":"se-fortalece-sanidad-y-competitividad-del-sector-porcicola-en-beneficio-de-productores","status":"publish","type":"post","link":"https:\/\/www.sonoraenequipo.com.mx\/se-fortalece-sanidad-y-competitividad-del-sector-porcicola-en-beneficio-de-productores\/","title":{"rendered":"Se fortalece sanidad y competitividad del sector porc\u00edcola en beneficio de productores"},"content":{"rendered":"<p><strong>CIUDAD OBREG\u00d3N, SONORA. MX. \u2014 <\/strong>\u00a0Para fortalecer la sanidad animal, la competitividad del sector porc\u00edcola y la defensa de la producci\u00f3n local, el Gobierno de Sonora, a trav\u00e9s de la Secretar\u00eda de Agricultura, Ganader\u00eda, Recursos Hidr\u00e1ulicos, Pesca y Acuacultura (Sagarhpa), mantiene un acompa\u00f1amiento permanente con los porcicultores de Sonora, destac\u00f3 la titular de la dependencia, Celida L\u00f3pez C\u00e1rdenas, durante la Asamblea Anual de la Uni\u00f3n Ganadera Regional de Porcicultores.<\/p>\n<p>&nbsp;<\/p>\n<p>&nbsp;<\/p>\n<p> <\/p>\n<p>Durante la reuni\u00f3n, el presidente del Consejo Directivo de la Uni\u00f3n Ganadera Regional de Porcicultores (UGRSP), Francisco Javier Ramos Bours, present\u00f3 su informe de labores 2025, donde reconoci\u00f3 el respaldo del Gobierno de Sonora en materia de sanidad animal, as\u00ed como la mediaci\u00f3n realizada ante la federaci\u00f3n para lograr la publicaci\u00f3n, en el Diario Oficial de la Federaci\u00f3n, de la investigaci\u00f3n por pr\u00e1cticas de dumping en la pierna y espaldilla de cerdo provenientes de Estados Unidos.<\/p>\n<p>&nbsp;<\/p>\n<p>&nbsp;<\/p>\n<p>Destac\u00f3 la gesti\u00f3n para la publicaci\u00f3n de cupos de importaci\u00f3n de productos provenientes de pa\u00edses con los que M\u00e9xico no tiene tratados de libre comercio, una medida que fortalece la protecci\u00f3n de la producci\u00f3n nacional y brinda mayor certidumbre a los porcicultores sonorenses.<\/p>\n<p>&nbsp;<\/p>\n<p>&nbsp;<\/p>\n<p>&nbsp;<\/p>\n<p>Inform\u00f3 que durante el ciclo 2025 se registr\u00f3 un censo de 41 socios integrados en 201 granjas en producci\u00f3n, con un total de 117 mil 329 vientres. En este periodo, las asociaciones de Hermosillo comercializaron 802 mil 673 vientres; Cajeme alcanz\u00f3 981 mil 261 y Navojoa sum\u00f3 858 mil 998, para un total estatal de dos millones 642 mil 932.<\/p>\n<p>&nbsp;<\/p>\n<p>&nbsp;<\/p>\n<p>Precis\u00f3 que la participaci\u00f3n productiva por asociaci\u00f3n se distribuy\u00f3 con 37 por ciento para Cajeme, 30 por ciento para Hermosillo y 32 por ciento para Navojoa, consolidando a Sonora como una de las principales entidades productoras de carne de cerdo en el pa\u00eds.<\/p>\n<p>&nbsp;<\/p>\n<p>&nbsp;<\/p>\n<p>Los porcicultores adquirieron 615 mil toneladas de alimento para sus animales, insumo que fue comprado principalmente a agricultores locales, generando una importante derrama econ\u00f3mica para el campo sonorense por un valor total de mil 773 millones 592 mil 278 pesos.<\/p>\n<p>&nbsp;<\/p>\n<p>&nbsp;<\/p>\n<p>&nbsp;<\/p>\n<p>En la clausura de la asamblea, la titular de Sagarhpa reconoci\u00f3 el esfuerzo de los porcicultores por mantener esta actividad como una de las m\u00e1s importantes para la econom\u00eda estatal, destacando que su trabajo permite que Sonora contin\u00fae siendo referente nacional en producci\u00f3n porcina, fortaleciendo el empleo, la sanidad y la soberan\u00eda alimentaria del estado.<\/p>\n<p>&nbsp;<\/p>\n<p>&nbsp;<\/p>\n<p>PUBLICADO EL 28 DE ABRIL 2026 Con informaci\u00f3n de GOBSON 0426\/257)<\/p>\n","protected":false},"excerpt":{"rendered":"<p>CIUDAD OBREG\u00d3N, SONORA. MX. \u2014 \u00a0Para fortalecer la sanidad animal, la competitividad del sector porc\u00edcola&#8230;<\/p>\n","protected":false},"author":1,"featured_media":240786,"comment_status":"open","ping_status":"open","sticky":false,"template":"","format":"standard","meta":{"_monsterinsights_skip_tracking":false,"_monsterinsights_sitenote_active":false,"_monsterinsights_sitenote_note":"","_monsterinsights_sitenote_category":0,"footnotes":""},"categories":[3],"tags":[],"class_list":["post"],"yoast_head":" \n<title>Sonora en Equipo. Se fortalece sanidad y competitividad del sector porc\u00edcola en beneficio de productores MUNDO<\/title>\n<meta name=\"description\" content=\"CIUDAD OBREG\u00d3N, SONORA. MX. \u2014 \u00a0Para fortalecer la sanidad animal, la competitividad del sector porc\u00edcola y la defensa de la producci\u00f3n local, el Gobierno En Sonora en Equipo publicamos toda la informaci\u00f3n de Sonora, M\u00e9xico y el Mundo de manera oportuna y busca que la libertad de expresi\u00f3n sea real. Visita nuestro medio informativo publicado desde Hermosillo, Sonora. %\" \/>\n<meta name=\"robots\" content=\"index, follow, max-snippet:-1, max-image-preview:large, max-video-preview:-1\" \/>\n<link rel=\"canonical\" href=\"https:\/\/www.sonoraenequipo.com.mx\/se-fortalece-sanidad-y-competitividad-del-sector-porcicola-en-beneficio-de-productores\/\" \/>\n<meta property=\"og:locale\" content=\"es_ES\" \/>\n<meta property=\"og:type\" content=\"article\" \/>\n<meta property=\"og:title\" content=\"Sonora en Equipo. Se fortalece sanidad y competitividad del sector porc\u00edcola en beneficio de productores MUNDO\" \/>\n<meta property=\"og:description\" content=\"CIUDAD OBREG\u00d3N, SONORA. MX. \u2014 \u00a0Para fortalecer la sanidad animal, la competitividad del sector porc\u00edcola y la defensa de la producci\u00f3n local, el Gobierno En Sonora en Equipo publicamos toda la informaci\u00f3n de Sonora, M\u00e9xico y el Mundo de manera oportuna y busca que la libertad de expresi\u00f3n sea real. Visita nuestro medio informativo publicado desde Hermosillo, Sonora. %\" \/>\n<meta property=\"og:url\" content=\"https:\/\/www.sonoraenequipo.com.mx\/se-fortalece-sanidad-y-competitividad-del-sector-porcicola-en-beneficio-de-productores\/\" \/>\n<meta property=\"og:site_name\" content=\"Sonora en Equipo.\" \/>\n<meta property=\"article:publisher\" content=\"https:\/\/www.facebook.com\/SonoraEE\/\" \/>\n<meta property=\"article:author\" content=\"https:\/\/www.facebook.com\/SonoraEE\" \/>\n<meta property=\"article:published_time\" content=\"2026-04-29T01:29:29+00:00\" \/>\n<meta property=\"article:modified_time\" content=\"2026-04-29T04:56:49+00:00\" \/>\n<meta property=\"og:image\" content=\"https:\/\/www.sonoraenequipo.com.mx\/storage\/2026\/04\/Sonora-fortalece-sanidad-y-competitividad-del-sector-porcicola.-1.jpg\" \/>\n\t<meta property=\"og:image:width\" content=\"1200\" \/>\n\t<meta property=\"og:image:height\" content=\"591\" \/>\n\t<meta property=\"og:image:type\" content=\"image\/jpeg\" \/>\n<meta name=\"author\" content=\"enequipo\" \/>\n<meta name=\"twitter:card\" content=\"summary_large_image\" \/>\n<meta name=\"twitter:creator\" content=\"@sonoraenequipo\" \/>\n<meta name=\"twitter:site\" content=\"@sonoraenequipo\" \/>\n<meta name=\"twitter:label1\" content=\"Escrito por\" \/>\n\t<meta name=\"twitter:data1\" content=\"enequipo\" \/>\n\t<meta name=\"twitter:label2\" content=\"Tiempo de lectura\" \/>\n\t<meta name=\"twitter:data2\" content=\"2 minutos\" \/>\n<script type=\"application\/ld+json\" class=\"yoast-schema-graph\">{\"@context\":\"https:\/\/schema.org\",\"@graph\":[{\"@type\":\"Article\",\"@id\":\"https:\/\/www.sonoraenequipo.com.mx\/se-fortalece-sanidad-y-competitividad-del-sector-porcicola-en-beneficio-de-productores\/#article\",\"isPartOf\":{\"@id\":\"https:\/\/www.sonoraenequipo.com.mx\/se-fortalece-sanidad-y-competitividad-del-sector-porcicola-en-beneficio-de-productores\/\"},\"author\":{\"name\":\"enequipo\",\"@id\":\"https:\/\/www.sonoraenequipo.com.mx\/#\/schema\/person\/50102df0fb23a8fa9e8effad8fa81386\"},\"headline\":\"Se fortalece sanidad y competitividad del sector porc\u00edcola en beneficio de productores\",\"datePublished\":\"2026-04-29T01:29:29+00:00\",\"dateModified\":\"2026-04-29T04:56:49+00:00\",\"mainEntityOfPage\":{\"@id\":\"https:\/\/www.sonoraenequipo.com.mx\/se-fortalece-sanidad-y-competitividad-del-sector-porcicola-en-beneficio-de-productores\/\"},\"wordCount\":438,\"commentCount\":0,\"publisher\":{\"@id\":\"https:\/\/www.sonoraenequipo.com.mx\/#organization\"},\"image\":{\"@id\":\"https:\/\/www.sonoraenequipo.com.mx\/se-fortalece-sanidad-y-competitividad-del-sector-porcicola-en-beneficio-de-productores\/#primaryimage\"},\"thumbnailUrl\":\"https:\/\/www.sonoraenequipo.com.mx\/storage\/2026\/04\/Sonora-fortalece-sanidad-y-competitividad-del-sector-porcicola.-1.jpg\",\"articleSection\":[\"MUNDO\"],\"inLanguage\":\"es\",\"potentialAction\":[{\"@type\":\"CommentAction\",\"name\":\"Comment\",\"target\":[\"https:\/\/www.sonoraenequipo.com.mx\/se-fortalece-sanidad-y-competitividad-del-sector-porcicola-en-beneficio-de-productores\/#respond\"]}]},{\"@type\":\"WebPage\",\"@id\":\"https:\/\/www.sonoraenequipo.com.mx\/se-fortalece-sanidad-y-competitividad-del-sector-porcicola-en-beneficio-de-productores\/\",\"url\":\"https:\/\/www.sonoraenequipo.com.mx\/se-fortalece-sanidad-y-competitividad-del-sector-porcicola-en-beneficio-de-productores\/\",\"name\":\"Sonora en Equipo. Se fortalece sanidad y competitividad del sector porc\u00edcola en beneficio de productores MUNDO\",\"isPartOf\":{\"@id\":\"https:\/\/www.sonoraenequipo.com.mx\/#website\"},\"primaryImageOfPage\":{\"@id\":\"https:\/\/www.sonoraenequipo.com.mx\/se-fortalece-sanidad-y-competitividad-del-sector-porcicola-en-beneficio-de-productores\/#primaryimage\"},\"image\":{\"@id\":\"https:\/\/www.sonoraenequipo.com.mx\/se-fortalece-sanidad-y-competitividad-del-sector-porcicola-en-beneficio-de-productores\/#primaryimage\"},\"thumbnailUrl\":\"https:\/\/www.sonoraenequipo.com.mx\/storage\/2026\/04\/Sonora-fortalece-sanidad-y-competitividad-del-sector-porcicola.-1.jpg\",\"datePublished\":\"2026-04-29T01:29:29+00:00\",\"dateModified\":\"2026-04-29T04:56:49+00:00\",\"description\":\"CIUDAD OBREG\u00d3N, SONORA. MX. \u2014 \u00a0Para fortalecer la sanidad animal, la competitividad del sector porc\u00edcola y la defensa de la producci\u00f3n local, el Gobierno En Sonora en Equipo publicamos toda la informaci\u00f3n de Sonora, M\u00e9xico y el Mundo de manera oportuna y busca que la libertad de expresi\u00f3n sea real. Visita nuestro medio informativo publicado desde Hermosillo, Sonora. %\",\"breadcrumb\":{\"@id\":\"https:\/\/www.sonoraenequipo.com.mx\/se-fortalece-sanidad-y-competitividad-del-sector-porcicola-en-beneficio-de-productores\/#breadcrumb\"},\"inLanguage\":\"es\",\"potentialAction\":[{\"@type\":\"ReadAction\",\"target\":[\"https:\/\/www.sonoraenequipo.com.mx\/se-fortalece-sanidad-y-competitividad-del-sector-porcicola-en-beneficio-de-productores\/\"]}]},{\"@type\":\"ImageObject\",\"inLanguage\":\"es\",\"@id\":\"https:\/\/www.sonoraenequipo.com.mx\/se-fortalece-sanidad-y-competitividad-del-sector-porcicola-en-beneficio-de-productores\/#primaryimage\",\"url\":\"https:\/\/www.sonoraenequipo.com.mx\/storage\/2026\/04\/Sonora-fortalece-sanidad-y-competitividad-del-sector-porcicola.-1.jpg\",\"contentUrl\":\"https:\/\/www.sonoraenequipo.com.mx\/storage\/2026\/04\/Sonora-fortalece-sanidad-y-competitividad-del-sector-porcicola.-1.jpg\",\"width\":1200,\"height\":591},{\"@type\":\"BreadcrumbList\",\"@id\":\"https:\/\/www.sonoraenequipo.com.mx\/se-fortalece-sanidad-y-competitividad-del-sector-porcicola-en-beneficio-de-productores\/#breadcrumb\",\"itemListElement\":[{\"@type\":\"ListItem\",\"position\":1,\"name\":\"Portada\",\"item\":\"https:\/\/www.sonoraenequipo.com.mx\/\"},{\"@type\":\"ListItem\",\"position\":2,\"name\":\"Se fortalece sanidad y competitividad del sector porc\u00edcola en beneficio de productores\"}]},{\"@type\":\"WebSite\",\"@id\":\"https:\/\/www.sonoraenequipo.com.mx\/#website\",\"url\":\"https:\/\/www.sonoraenequipo.com.mx\/\",\"name\":\"Sonora en Equipo.\",\"description\":\"Diario en l\u00ednea con Noticias desde Hermosillo, Sonora\",\"publisher\":{\"@id\":\"https:\/\/www.sonoraenequipo.com.mx\/#organization\"},\"potentialAction\":[{\"@type\":\"SearchAction\",\"target\":{\"@type\":\"EntryPoint\",\"urlTemplate\":\"https:\/\/www.sonoraenequipo.com.mx\/?s={search_term_string}\"},\"query-input\":{\"@type\":\"PropertyValueSpecification\",\"valueRequired\":true,\"valueName\":\"search_term_string\"}}],\"inLanguage\":\"es\"},{\"@type\":\"Organization\",\"@id\":\"https:\/\/www.sonoraenequipo.com.mx\/#organization\",\"name\":\"Sonoraenequipo.com.mx\",\"url\":\"https:\/\/www.sonoraenequipo.com.mx\/\",\"logo\":{\"@type\":\"ImageObject\",\"inLanguage\":\"es\",\"@id\":\"https:\/\/www.sonoraenequipo.com.mx\/#\/schema\/logo\/image\/\",\"url\":\"https:\/\/www.sonoraenequipo.com.mx\/storage\/2019\/01\/sonoraenequipo_opt.png\",\"contentUrl\":\"https:\/\/www.sonoraenequipo.com.mx\/storage\/2019\/01\/sonoraenequipo_opt.png\",\"width\":375,\"height\":125,\"caption\":\"Sonoraenequipo.com.mx\"},\"image\":{\"@id\":\"https:\/\/www.sonoraenequipo.com.mx\/#\/schema\/logo\/image\/\"},\"sameAs\":[\"https:\/\/www.facebook.com\/SonoraEE\/\",\"https:\/\/x.com\/sonoraenequipo\",\"https:\/\/www.youtube.com\/channel\/UC338nW-lPEYmJQs4ZABQ1SQ\"]},{\"@type\":\"Person\",\"@id\":\"https:\/\/www.sonoraenequipo.com.mx\/#\/schema\/person\/50102df0fb23a8fa9e8effad8fa81386\",\"name\":\"enequipo\",\"image\":{\"@type\":\"ImageObject\",\"inLanguage\":\"es\",\"@id\":\"https:\/\/www.sonoraenequipo.com.mx\/#\/schema\/person\/image\/\",\"url\":\"https:\/\/secure.gravatar.com\/avatar\/049821681b589dabc0bc20695993ccebb09f5b5d4d790cd9251b97faac7c652b?s=96&d=blank&r=g\",\"contentUrl\":\"https:\/\/secure.gravatar.com\/avatar\/049821681b589dabc0bc20695993ccebb09f5b5d4d790cd9251b97faac7c652b?s=96&d=blank&r=g\",\"caption\":\"enequipo\"},\"sameAs\":[\"https:\/\/www.facebook.com\/SonoraEE\"]}]}<\/script>\n ","yoast_head_json":{"title":"Sonora en Equipo. Se fortalece sanidad y competitividad del sector porc\u00edcola en beneficio de productores MUNDO","description":"CIUDAD OBREG\u00d3N, SONORA. MX. \u2014 \u00a0Para fortalecer la sanidad animal, la competitividad del sector porc\u00edcola y la defensa de la producci\u00f3n local, el Gobierno En Sonora en Equipo publicamos toda la informaci\u00f3n de Sonora, M\u00e9xico y el Mundo de manera oportuna y busca que la libertad de expresi\u00f3n sea real. Visita nuestro medio informativo publicado desde Hermosillo, Sonora. %","robots":{"index":"index","follow":"follow","max-snippet":"max-snippet:-1","max-image-preview":"max-image-preview:large","max-video-preview":"max-video-preview:-1"},"canonical":"https:\/\/www.sonoraenequipo.com.mx\/se-fortalece-sanidad-y-competitividad-del-sector-porcicola-en-beneficio-de-productores\/","og_locale":"es_ES","og_type":"article","og_title":"Sonora en Equipo. Se fortalece sanidad y competitividad del sector porc\u00edcola en beneficio de productores MUNDO","og_description":"CIUDAD OBREG\u00d3N, SONORA. MX. \u2014 \u00a0Para fortalecer la sanidad animal, la competitividad del sector porc\u00edcola y la defensa de la producci\u00f3n local, el Gobierno En Sonora en Equipo publicamos toda la informaci\u00f3n de Sonora, M\u00e9xico y el Mundo de manera oportuna y busca que la libertad de expresi\u00f3n sea real. Visita nuestro medio informativo publicado desde Hermosillo, Sonora. %","og_url":"https:\/\/www.sonoraenequipo.com.mx\/se-fortalece-sanidad-y-competitividad-del-sector-porcicola-en-beneficio-de-productores\/","og_site_name":"Sonora en Equipo.","article_publisher":"https:\/\/www.facebook.com\/SonoraEE\/","article_author":"https:\/\/www.facebook.com\/SonoraEE","article_published_time":"2026-04-29T01:29:29+00:00","article_modified_time":"2026-04-29T04:56:49+00:00","og_image":[{"width":1200,"height":591,"url":"https:\/\/www.sonoraenequipo.com.mx\/storage\/2026\/04\/Sonora-fortalece-sanidad-y-competitividad-del-sector-porcicola.-1.jpg","type":"image\/jpeg"}],"author":"enequipo","twitter_card":"summary_large_image","twitter_creator":"@sonoraenequipo","twitter_site":"@sonoraenequipo","twitter_misc":{"Escrito por":"enequipo","Tiempo de lectura":"2 minutos"},"schema":{"@context":"https:\/\/schema.org","@graph":[{"@type":"Article","@id":"https:\/\/www.sonoraenequipo.com.mx\/se-fortalece-sanidad-y-competitividad-del-sector-porcicola-en-beneficio-de-productores\/#article","isPartOf":{"@id":"https:\/\/www.sonoraenequipo.com.mx\/se-fortalece-sanidad-y-competitividad-del-sector-porcicola-en-beneficio-de-productores\/"},"author":{"name":"enequipo","@id":"https:\/\/www.sonoraenequipo.com.mx\/#\/schema\/person\/50102df0fb23a8fa9e8effad8fa81386"},"headline":"Se fortalece sanidad y competitividad del sector porc\u00edcola en beneficio de productores","datePublished":"2026-04-29T01:29:29+00:00","dateModified":"2026-04-29T04:56:49+00:00","mainEntityOfPage":{"@id":"https:\/\/www.sonoraenequipo.com.mx\/se-fortalece-sanidad-y-competitividad-del-sector-porcicola-en-beneficio-de-productores\/"},"wordCount":438,"commentCount":0,"publisher":{"@id":"https:\/\/www.sonoraenequipo.com.mx\/#organization"},"image":{"@id":"https:\/\/www.sonoraenequipo.com.mx\/se-fortalece-sanidad-y-competitividad-del-sector-porcicola-en-beneficio-de-productores\/#primaryimage"},"thumbnailUrl":"https:\/\/www.sonoraenequipo.com.mx\/storage\/2026\/04\/Sonora-fortalece-sanidad-y-competitividad-del-sector-porcicola.-1.jpg","articleSection":["MUNDO"],"inLanguage":"es","potentialAction":[{"@type":"CommentAction","name":"Comment","target":["https:\/\/www.sonoraenequipo.com.mx\/se-fortalece-sanidad-y-competitividad-del-sector-porcicola-en-beneficio-de-productores\/#respond"]}]},{"@type":"WebPage","@id":"https:\/\/www.sonoraenequipo.com.mx\/se-fortalece-sanidad-y-competitividad-del-sector-porcicola-en-beneficio-de-productores\/","url":"https:\/\/www.sonoraenequipo.com.mx\/se-fortalece-sanidad-y-competitividad-del-sector-porcicola-en-beneficio-de-productores\/","name":"Sonora en Equipo. Se fortalece sanidad y competitividad del sector porc\u00edcola en beneficio de productores MUNDO","isPartOf":{"@id":"https:\/\/www.sonoraenequipo.com.mx\/#website"},"primaryImageOfPage":{"@id":"https:\/\/www.sonoraenequipo.com.mx\/se-fortalece-sanidad-y-competitividad-del-sector-porcicola-en-beneficio-de-productores\/#primaryimage"},"image":{"@id":"https:\/\/www.sonoraenequipo.com.mx\/se-fortalece-sanidad-y-competitividad-del-sector-porcicola-en-beneficio-de-productores\/#primaryimage"},"thumbnailUrl":"https:\/\/www.sonoraenequipo.com.mx\/storage\/2026\/04\/Sonora-fortalece-sanidad-y-competitividad-del-sector-porcicola.-1.jpg","datePublished":"2026-04-29T01:29:29+00:00","dateModified":"2026-04-29T04:56:49+00:00","description":"CIUDAD OBREG\u00d3N, SONORA. MX. \u2014 \u00a0Para fortalecer la sanidad animal, la competitividad del sector porc\u00edcola y la defensa de la producci\u00f3n local, el Gobierno En Sonora en Equipo publicamos toda la informaci\u00f3n de Sonora, M\u00e9xico y el Mundo de manera oportuna y busca que la libertad de expresi\u00f3n sea real. Visita nuestro medio informativo publicado desde Hermosillo, Sonora. %","breadcrumb":{"@id":"https:\/\/www.sonoraenequipo.com.mx\/se-fortalece-sanidad-y-competitividad-del-sector-porcicola-en-beneficio-de-productores\/#breadcrumb"},"inLanguage":"es","potentialAction":[{"@type":"ReadAction","target":["https:\/\/www.sonoraenequipo.com.mx\/se-fortalece-sanidad-y-competitividad-del-sector-porcicola-en-beneficio-de-productores\/"]}]},{"@type":"ImageObject","inLanguage":"es","@id":"https:\/\/www.sonoraenequipo.com.mx\/se-fortalece-sanidad-y-competitividad-del-sector-porcicola-en-beneficio-de-productores\/#primaryimage","url":"https:\/\/www.sonoraenequipo.com.mx\/storage\/2026\/04\/Sonora-fortalece-sanidad-y-competitividad-del-sector-porcicola.-1.jpg","contentUrl":"https:\/\/www.sonoraenequipo.com.mx\/storage\/2026\/04\/Sonora-fortalece-sanidad-y-competitividad-del-sector-porcicola.-1.jpg","width":1200,"height":591},{"@type":"BreadcrumbList","@id":"https:\/\/www.sonoraenequipo.com.mx\/se-fortalece-sanidad-y-competitividad-del-sector-porcicola-en-beneficio-de-productores\/#breadcrumb","itemListElement":[{"@type":"ListItem","position":1,"name":"Portada","item":"https:\/\/www.sonoraenequipo.com.mx\/"},{"@type":"ListItem","position":2,"name":"Se fortalece sanidad y competitividad del sector porc\u00edcola en beneficio de productores"}]},{"@type":"WebSite","@id":"https:\/\/www.sonoraenequipo.com.mx\/#website","url":"https:\/\/www.sonoraenequipo.com.mx\/","name":"Sonora en Equipo.","description":"Diario en l\u00ednea con Noticias desde Hermosillo, Sonora","publisher":{"@id":"https:\/\/www.sonoraenequipo.com.mx\/#organization"},"potentialAction":[{"@type":"SearchAction","target":{"@type":"EntryPoint","urlTemplate":"https:\/\/www.sonoraenequipo.com.mx\/?s={search_term_string}"},"query-input":{"@type":"PropertyValueSpecification","valueRequired":true,"valueName":"search_term_string"}}],"inLanguage":"es"},{"@type":"Organization","@id":"https:\/\/www.sonoraenequipo.com.mx\/#organization","name":"Sonoraenequipo.com.mx","url":"https:\/\/www.sonoraenequipo.com.mx\/","logo":{"@type":"ImageObject","inLanguage":"es","@id":"https:\/\/www.sonoraenequipo.com.mx\/#\/schema\/logo\/image\/","url":"https:\/\/www.sonoraenequipo.com.mx\/storage\/2019\/01\/sonoraenequipo_opt.png","contentUrl":"https:\/\/www.sonoraenequipo.com.mx\/storage\/2019\/01\/sonoraenequipo_opt.png","width":375,"height":125,"caption":"Sonoraenequipo.com.mx"},"image":{"@id":"https:\/\/www.sonoraenequipo.com.mx\/#\/schema\/logo\/image\/"},"sameAs":["https:\/\/www.facebook.com\/SonoraEE\/","https:\/\/x.com\/sonoraenequipo","https:\/\/www.youtube.com\/channel\/UC338nW-lPEYmJQs4ZABQ1SQ"]},{"@type":"Person","@id":"https:\/\/www.sonoraenequipo.com.mx\/#\/schema\/person\/50102df0fb23a8fa9e8effad8fa81386","name":"enequipo","image":{"@type":"ImageObject","inLanguage":"es","@id":"https:\/\/www.sonoraenequipo.com.mx\/#\/schema\/person\/image\/","url":"https:\/\/secure.gravatar.com\/avatar\/049821681b589dabc0bc20695993ccebb09f5b5d4d790cd9251b97faac7c652b?s=96&d=blank&r=g","contentUrl":"https:\/\/secure.gravatar.com\/avatar\/049821681b589dabc0bc20695993ccebb09f5b5d4d790cd9251b97faac7c652b?s=96&d=blank&r=g","caption":"enequipo"},"sameAs":["https:\/\/www.facebook.com\/SonoraEE"]}]}},"jetpack_featured_media_url":"https:\/\/www.sonoraenequipo.com.mx\/storage\/2026\/04\/Sonora-fortalece-sanidad-y-competitividad-del-sector-porcicola.-1.jpg","_links":{"self":[{"href":"https:\/\/www.sonoraenequipo.com.mx\/api\/wp\/v2\/posts\/240785","targetHints":{"allow":["GET"]}}],"collection":[{"href":"https:\/\/www.sonoraenequipo.com.mx\/api\/wp\/v2\/posts"}],"about":[{"href":"https:\/\/www.sonoraenequipo.com.mx\/api\/wp\/v2\/types\/post"}],"author":[{"embeddable":true,"href":"https:\/\/www.sonoraenequipo.com.mx\/api\/wp\/v2\/users\/1"}],"replies":[{"embeddable":true,"href":"https:\/\/www.sonoraenequipo.com.mx\/api\/wp\/v2\/comments?post=240785"}],"version-history":[{"count":1,"href":"https:\/\/www.sonoraenequipo.com.mx\/api\/wp\/v2\/posts\/240785\/revisions"}],"predecessor-version":[{"id":240788,"href":"https:\/\/www.sonoraenequipo.com.mx\/api\/wp\/v2\/posts\/240785\/revisions\/240788"}],"wp:featuredmedia":[{"embeddable":true,"href":"https:\/\/www.sonoraenequipo.com.mx\/api\/wp\/v2\/media\/240786"}],"wp:attachment":[{"href":"https:\/\/www.sonoraenequipo.com.mx\/api\/wp\/v2\/media?parent=240785"}],"wp:term":[{"taxonomy":"category","embeddable":true,"href":"https:\/\/www.sonoraenequipo.com.mx\/api\/wp\/v2\/categories?post=240785"},{"taxonomy":"post_tag","embeddable":true,"href":"https:\/\/www.sonoraenequipo.com.mx\/api\/wp\/v2\/tags?post=240785"}],"curies":[{"name":"wp","href":"https:\/\/api.w.org\/{rel}","templated":true}]}}