{"id":240790,"date":"2026-04-28T14:35:55","date_gmt":"2026-04-28T21:35:55","guid":{"rendered":"https:\/\/www.sonoraenequipo.com.mx\/?p=240790"},"modified":"2026-04-28T22:24:47","modified_gmt":"2026-04-29T05:24:47","slug":"gobierno-de-sonora-inaugura-exposicion-fotografica-sobre-los-derechos-de-los-ninos-en-los-anos-20","status":"publish","type":"post","link":"https:\/\/www.sonoraenequipo.com.mx\/gobierno-de-sonora-inaugura-exposicion-fotografica-sobre-los-derechos-de-los-ninos-en-los-anos-20\/","title":{"rendered":"Gobierno de Sonora inaugura exposici\u00f3n fotogr\u00e1fica sobre los derechos de los ni\u00f1os en los a\u00f1os 20"},"content":{"rendered":"<p><strong>HERMOSILLO, SONORA.MX.\u2014\u00a0\u00a0<\/strong> El Gobierno de Sonora, a trav\u00e9s de la Secretar\u00eda de Educaci\u00f3n y Cultura (SEC) y el Instituto Sonorense de Cultura (ISC), en el marco de la celebraci\u00f3n del D\u00eda de las Infancias, inaugur\u00f3 la exposici\u00f3n fotogr\u00e1fica \u201cLos derechos de los ni\u00f1os en los a\u00f1os 20\u201d en el Museo de Culturas Populares e Ind\u00edgenas de Sonora.<\/p>\n<p>&nbsp;<\/p>\n<p>&nbsp;<\/p>\n<p> <\/p>\n<p>Durante la inauguraci\u00f3n, estuvieron presentes autoridades como Zen\u00f3n Tiburcio Robles, director del Centro INAH Sonora; Beatriz Aldaco, directora general del ISC; Martha Olivia Sol\u00eds, directora del Museo Regional de Sonora; Anabella Coronado, coordinadora de Patrimonio Cultural y Atenci\u00f3n a Pueblos Originarios del ISC; y Gerardo Pe\u00f1a, responsable del Museo de Culturas Populares e Ind\u00edgenas de Sonora. Todos coincidieron en la relevancia de la muestra como un espacio para reflexionar sobre los avances sociales en la protecci\u00f3n de los derechos de los ni\u00f1os.<\/p>\n<p>&nbsp;<\/p>\n<p>&nbsp;<\/p>\n<p>La exposici\u00f3n est\u00e1 compuesta por 39 fotograf\u00edas en blanco y negro provenientes de diversas colecciones hist\u00f3ricas, como la Colecci\u00f3n Casasola, la Colecci\u00f3n \u00c9tnico y la Colecci\u00f3n Salud P\u00fablica, pertenecientes al Sistema Nacional de Fototecas, la Fototeca Nacional del INAH y la Secretar\u00eda de Cultura.<\/p>\n<p>&nbsp;<\/p>\n<p>&nbsp;<\/p>\n<p>A trav\u00e9s de estas im\u00e1genes, la muestra ofrece una narrativa visual sobre la historia de los derechos infantiles en M\u00e9xico, con un enfoque en el periodo posrevolucionario y las pol\u00edticas impulsadas por la sociedad, la academia y los gobiernos de la \u00e9poca.<\/p>\n<p>&nbsp;<\/p>\n<p>&nbsp;<\/p>\n<p>Entre los temas clave de la exposici\u00f3n destacan los avances en la protecci\u00f3n de la infancia en situaci\u00f3n vulnerable, como los desarrollos en los campos de educaci\u00f3n, salud, higiene, deporte y bienestar integral. Adem\u00e1s, la muestra contextualiza el origen de la conmemoraci\u00f3n del D\u00eda del Ni\u00f1o y de la Ni\u00f1a en M\u00e9xico. Las fotograf\u00edas y los testimonios hist\u00f3ricos reflejan los esfuerzos realizados para consolidar los derechos de la ni\u00f1ez en el pa\u00eds.<\/p>\n<p>&nbsp;<\/p>\n<p><img loading=\"lazy\" decoding=\"async\" class=\"size-full  x-center\" src=\"https:\/\/www.sonoraenequipo.com.mx\/storage\/2026\/04\/los-ninos-de-los-20-1.jpg\" alt=\"\" width=\"1000\" height=\"560\" \/>La comunidad est\u00e1 invitada a disfrutar de esta muestra, que estar\u00e1 disponible hasta el 22 de julio de 2026. El horario de visita es de lunes a viernes, de 8:00 a 15:00 horas, en el Museo de Culturas Populares e Ind\u00edgenas de Sonora.<\/p>\n<p>&nbsp;<\/p>\n<p>&nbsp;<\/p>\n<h3>\u00a1Los esperamos!.<\/h3>\n<p>&nbsp;<\/p>\n<p>Consulta la agenda de actividades culturales de la entidad en isc.sonora.edu.mx y en redes sociales a trav\u00e9s de @iscsonora.<\/p>\n<p>&nbsp;<\/p>\n<p>&nbsp;<\/p>\n<p>&nbsp;<\/p>\n<p>PUBLICADO EL 28 DE ABRIL 2026 Con informaci\u00f3n de GOBSON 0426\/284)<\/p>\n","protected":false},"excerpt":{"rendered":"<p>HERMOSILLO, SONORA.MX.\u2014\u00a0\u00a0 El Gobierno de Sonora, a trav\u00e9s de la Secretar\u00eda de Educaci\u00f3n y Cultura&#8230;<\/p>\n","protected":false},"author":1,"featured_media":240795,"comment_status":"open","ping_status":"open","sticky":false,"template":"","format":"standard","meta":{"_monsterinsights_skip_tracking":false,"_monsterinsights_sitenote_active":false,"_monsterinsights_sitenote_note":"","_monsterinsights_sitenote_category":0,"footnotes":""},"categories":[9],"tags":[],"class_list":["post"],"yoast_head":" \n<title>Sonora en Equipo. Gobierno de Sonora inaugura exposici\u00f3n fotogr\u00e1fica sobre los derechos de los ni\u00f1os en los a\u00f1os 20 Etc\u00e9tera<\/title>\n<meta name=\"description\" content=\"HERMOSILLO, SONORA.MX.\u2014\u00a0\u00a0 El Gobierno de Sonora, a trav\u00e9s de la Secretar\u00eda de Educaci\u00f3n y Cultura (SEC) y el Instituto Sonorense de Cultura (ISC), en el En Sonora en Equipo publicamos toda la informaci\u00f3n de Sonora, M\u00e9xico y el Mundo de manera oportuna y busca que la libertad de expresi\u00f3n sea real. Visita nuestro medio informativo publicado desde Hermosillo, Sonora. %\" \/>\n<meta name=\"robots\" content=\"index, follow, max-snippet:-1, max-image-preview:large, max-video-preview:-1\" \/>\n<link rel=\"canonical\" href=\"https:\/\/www.sonoraenequipo.com.mx\/gobierno-de-sonora-inaugura-exposicion-fotografica-sobre-los-derechos-de-los-ninos-en-los-anos-20\/\" \/>\n<meta property=\"og:locale\" content=\"es_ES\" \/>\n<meta property=\"og:type\" content=\"article\" \/>\n<meta property=\"og:title\" content=\"Sonora en Equipo. Gobierno de Sonora inaugura exposici\u00f3n fotogr\u00e1fica sobre los derechos de los ni\u00f1os en los a\u00f1os 20 Etc\u00e9tera\" \/>\n<meta property=\"og:description\" content=\"HERMOSILLO, SONORA.MX.\u2014\u00a0\u00a0 El Gobierno de Sonora, a trav\u00e9s de la Secretar\u00eda de Educaci\u00f3n y Cultura (SEC) y el Instituto Sonorense de Cultura (ISC), en el En Sonora en Equipo publicamos toda la informaci\u00f3n de Sonora, M\u00e9xico y el Mundo de manera oportuna y busca que la libertad de expresi\u00f3n sea real. Visita nuestro medio informativo publicado desde Hermosillo, Sonora. %\" \/>\n<meta property=\"og:url\" content=\"https:\/\/www.sonoraenequipo.com.mx\/gobierno-de-sonora-inaugura-exposicion-fotografica-sobre-los-derechos-de-los-ninos-en-los-anos-20\/\" \/>\n<meta property=\"og:site_name\" content=\"Sonora en Equipo.\" \/>\n<meta property=\"article:publisher\" content=\"https:\/\/www.facebook.com\/SonoraEE\/\" \/>\n<meta property=\"article:author\" content=\"https:\/\/www.facebook.com\/SonoraEE\" \/>\n<meta property=\"article:published_time\" content=\"2026-04-28T21:35:55+00:00\" \/>\n<meta property=\"article:modified_time\" content=\"2026-04-29T05:24:47+00:00\" \/>\n<meta property=\"og:image\" content=\"https:\/\/www.sonoraenequipo.com.mx\/storage\/2026\/04\/exposicio-de-ninos-de-los-anos-20-1.jpg\" \/>\n\t<meta property=\"og:image:width\" content=\"1200\" \/>\n\t<meta property=\"og:image:height\" content=\"800\" \/>\n\t<meta property=\"og:image:type\" content=\"image\/jpeg\" \/>\n<meta name=\"author\" content=\"enequipo\" \/>\n<meta name=\"twitter:card\" content=\"summary_large_image\" \/>\n<meta name=\"twitter:creator\" content=\"@sonoraenequipo\" \/>\n<meta name=\"twitter:site\" content=\"@sonoraenequipo\" \/>\n<meta name=\"twitter:label1\" content=\"Escrito por\" \/>\n\t<meta name=\"twitter:data1\" content=\"enequipo\" \/>\n\t<meta name=\"twitter:label2\" content=\"Tiempo de lectura\" \/>\n\t<meta name=\"twitter:data2\" content=\"2 minutos\" \/>\n<script type=\"application\/ld+json\" class=\"yoast-schema-graph\">{\"@context\":\"https:\/\/schema.org\",\"@graph\":[{\"@type\":\"Article\",\"@id\":\"https:\/\/www.sonoraenequipo.com.mx\/gobierno-de-sonora-inaugura-exposicion-fotografica-sobre-los-derechos-de-los-ninos-en-los-anos-20\/#article\",\"isPartOf\":{\"@id\":\"https:\/\/www.sonoraenequipo.com.mx\/gobierno-de-sonora-inaugura-exposicion-fotografica-sobre-los-derechos-de-los-ninos-en-los-anos-20\/\"},\"author\":{\"name\":\"enequipo\",\"@id\":\"https:\/\/www.sonoraenequipo.com.mx\/#\/schema\/person\/50102df0fb23a8fa9e8effad8fa81386\"},\"headline\":\"Gobierno de Sonora inaugura exposici\u00f3n fotogr\u00e1fica sobre los derechos de los ni\u00f1os en los a\u00f1os 20\",\"datePublished\":\"2026-04-28T21:35:55+00:00\",\"dateModified\":\"2026-04-29T05:24:47+00:00\",\"mainEntityOfPage\":{\"@id\":\"https:\/\/www.sonoraenequipo.com.mx\/gobierno-de-sonora-inaugura-exposicion-fotografica-sobre-los-derechos-de-los-ninos-en-los-anos-20\/\"},\"wordCount\":448,\"commentCount\":0,\"publisher\":{\"@id\":\"https:\/\/www.sonoraenequipo.com.mx\/#organization\"},\"image\":{\"@id\":\"https:\/\/www.sonoraenequipo.com.mx\/gobierno-de-sonora-inaugura-exposicion-fotografica-sobre-los-derechos-de-los-ninos-en-los-anos-20\/#primaryimage\"},\"thumbnailUrl\":\"https:\/\/www.sonoraenequipo.com.mx\/storage\/2026\/04\/exposicio-de-ninos-de-los-anos-20-1.jpg\",\"articleSection\":[\"Etc\u00e9tera\"],\"inLanguage\":\"es\",\"potentialAction\":[{\"@type\":\"CommentAction\",\"name\":\"Comment\",\"target\":[\"https:\/\/www.sonoraenequipo.com.mx\/gobierno-de-sonora-inaugura-exposicion-fotografica-sobre-los-derechos-de-los-ninos-en-los-anos-20\/#respond\"]}]},{\"@type\":\"WebPage\",\"@id\":\"https:\/\/www.sonoraenequipo.com.mx\/gobierno-de-sonora-inaugura-exposicion-fotografica-sobre-los-derechos-de-los-ninos-en-los-anos-20\/\",\"url\":\"https:\/\/www.sonoraenequipo.com.mx\/gobierno-de-sonora-inaugura-exposicion-fotografica-sobre-los-derechos-de-los-ninos-en-los-anos-20\/\",\"name\":\"Sonora en Equipo. Gobierno de Sonora inaugura exposici\u00f3n fotogr\u00e1fica sobre los derechos de los ni\u00f1os en los a\u00f1os 20 Etc\u00e9tera\",\"isPartOf\":{\"@id\":\"https:\/\/www.sonoraenequipo.com.mx\/#website\"},\"primaryImageOfPage\":{\"@id\":\"https:\/\/www.sonoraenequipo.com.mx\/gobierno-de-sonora-inaugura-exposicion-fotografica-sobre-los-derechos-de-los-ninos-en-los-anos-20\/#primaryimage\"},\"image\":{\"@id\":\"https:\/\/www.sonoraenequipo.com.mx\/gobierno-de-sonora-inaugura-exposicion-fotografica-sobre-los-derechos-de-los-ninos-en-los-anos-20\/#primaryimage\"},\"thumbnailUrl\":\"https:\/\/www.sonoraenequipo.com.mx\/storage\/2026\/04\/exposicio-de-ninos-de-los-anos-20-1.jpg\",\"datePublished\":\"2026-04-28T21:35:55+00:00\",\"dateModified\":\"2026-04-29T05:24:47+00:00\",\"description\":\"HERMOSILLO, SONORA.MX.\u2014\u00a0\u00a0 El Gobierno de Sonora, a trav\u00e9s de la Secretar\u00eda de Educaci\u00f3n y Cultura (SEC) y el Instituto Sonorense de Cultura (ISC), en el En Sonora en Equipo publicamos toda la informaci\u00f3n de Sonora, M\u00e9xico y el Mundo de manera oportuna y busca que la libertad de expresi\u00f3n sea real. Visita nuestro medio informativo publicado desde Hermosillo, Sonora. %\",\"breadcrumb\":{\"@id\":\"https:\/\/www.sonoraenequipo.com.mx\/gobierno-de-sonora-inaugura-exposicion-fotografica-sobre-los-derechos-de-los-ninos-en-los-anos-20\/#breadcrumb\"},\"inLanguage\":\"es\",\"potentialAction\":[{\"@type\":\"ReadAction\",\"target\":[\"https:\/\/www.sonoraenequipo.com.mx\/gobierno-de-sonora-inaugura-exposicion-fotografica-sobre-los-derechos-de-los-ninos-en-los-anos-20\/\"]}]},{\"@type\":\"ImageObject\",\"inLanguage\":\"es\",\"@id\":\"https:\/\/www.sonoraenequipo.com.mx\/gobierno-de-sonora-inaugura-exposicion-fotografica-sobre-los-derechos-de-los-ninos-en-los-anos-20\/#primaryimage\",\"url\":\"https:\/\/www.sonoraenequipo.com.mx\/storage\/2026\/04\/exposicio-de-ninos-de-los-anos-20-1.jpg\",\"contentUrl\":\"https:\/\/www.sonoraenequipo.com.mx\/storage\/2026\/04\/exposicio-de-ninos-de-los-anos-20-1.jpg\",\"width\":1200,\"height\":800},{\"@type\":\"BreadcrumbList\",\"@id\":\"https:\/\/www.sonoraenequipo.com.mx\/gobierno-de-sonora-inaugura-exposicion-fotografica-sobre-los-derechos-de-los-ninos-en-los-anos-20\/#breadcrumb\",\"itemListElement\":[{\"@type\":\"ListItem\",\"position\":1,\"name\":\"Portada\",\"item\":\"https:\/\/www.sonoraenequipo.com.mx\/\"},{\"@type\":\"ListItem\",\"position\":2,\"name\":\"Gobierno de Sonora inaugura exposici\u00f3n fotogr\u00e1fica sobre los derechos de los ni\u00f1os en los a\u00f1os 20\"}]},{\"@type\":\"WebSite\",\"@id\":\"https:\/\/www.sonoraenequipo.com.mx\/#website\",\"url\":\"https:\/\/www.sonoraenequipo.com.mx\/\",\"name\":\"Sonora en Equipo.\",\"description\":\"Diario en l\u00ednea con Noticias desde Hermosillo, Sonora\",\"publisher\":{\"@id\":\"https:\/\/www.sonoraenequipo.com.mx\/#organization\"},\"potentialAction\":[{\"@type\":\"SearchAction\",\"target\":{\"@type\":\"EntryPoint\",\"urlTemplate\":\"https:\/\/www.sonoraenequipo.com.mx\/?s={search_term_string}\"},\"query-input\":{\"@type\":\"PropertyValueSpecification\",\"valueRequired\":true,\"valueName\":\"search_term_string\"}}],\"inLanguage\":\"es\"},{\"@type\":\"Organization\",\"@id\":\"https:\/\/www.sonoraenequipo.com.mx\/#organization\",\"name\":\"Sonoraenequipo.com.mx\",\"url\":\"https:\/\/www.sonoraenequipo.com.mx\/\",\"logo\":{\"@type\":\"ImageObject\",\"inLanguage\":\"es\",\"@id\":\"https:\/\/www.sonoraenequipo.com.mx\/#\/schema\/logo\/image\/\",\"url\":\"https:\/\/www.sonoraenequipo.com.mx\/storage\/2019\/01\/sonoraenequipo_opt.png\",\"contentUrl\":\"https:\/\/www.sonoraenequipo.com.mx\/storage\/2019\/01\/sonoraenequipo_opt.png\",\"width\":375,\"height\":125,\"caption\":\"Sonoraenequipo.com.mx\"},\"image\":{\"@id\":\"https:\/\/www.sonoraenequipo.com.mx\/#\/schema\/logo\/image\/\"},\"sameAs\":[\"https:\/\/www.facebook.com\/SonoraEE\/\",\"https:\/\/x.com\/sonoraenequipo\",\"https:\/\/www.youtube.com\/channel\/UC338nW-lPEYmJQs4ZABQ1SQ\"]},{\"@type\":\"Person\",\"@id\":\"https:\/\/www.sonoraenequipo.com.mx\/#\/schema\/person\/50102df0fb23a8fa9e8effad8fa81386\",\"name\":\"enequipo\",\"image\":{\"@type\":\"ImageObject\",\"inLanguage\":\"es\",\"@id\":\"https:\/\/www.sonoraenequipo.com.mx\/#\/schema\/person\/image\/\",\"url\":\"https:\/\/secure.gravatar.com\/avatar\/049821681b589dabc0bc20695993ccebb09f5b5d4d790cd9251b97faac7c652b?s=96&d=blank&r=g\",\"contentUrl\":\"https:\/\/secure.gravatar.com\/avatar\/049821681b589dabc0bc20695993ccebb09f5b5d4d790cd9251b97faac7c652b?s=96&d=blank&r=g\",\"caption\":\"enequipo\"},\"sameAs\":[\"https:\/\/www.facebook.com\/SonoraEE\"]}]}<\/script>\n ","yoast_head_json":{"title":"Sonora en Equipo. Gobierno de Sonora inaugura exposici\u00f3n fotogr\u00e1fica sobre los derechos de los ni\u00f1os en los a\u00f1os 20 Etc\u00e9tera","description":"HERMOSILLO, SONORA.MX.\u2014\u00a0\u00a0 El Gobierno de Sonora, a trav\u00e9s de la Secretar\u00eda de Educaci\u00f3n y Cultura (SEC) y el Instituto Sonorense de Cultura (ISC), en el En Sonora en Equipo publicamos toda la informaci\u00f3n de Sonora, M\u00e9xico y el Mundo de manera oportuna y busca que la libertad de expresi\u00f3n sea real. Visita nuestro medio informativo publicado desde Hermosillo, Sonora. %","robots":{"index":"index","follow":"follow","max-snippet":"max-snippet:-1","max-image-preview":"max-image-preview:large","max-video-preview":"max-video-preview:-1"},"canonical":"https:\/\/www.sonoraenequipo.com.mx\/gobierno-de-sonora-inaugura-exposicion-fotografica-sobre-los-derechos-de-los-ninos-en-los-anos-20\/","og_locale":"es_ES","og_type":"article","og_title":"Sonora en Equipo. Gobierno de Sonora inaugura exposici\u00f3n fotogr\u00e1fica sobre los derechos de los ni\u00f1os en los a\u00f1os 20 Etc\u00e9tera","og_description":"HERMOSILLO, SONORA.MX.\u2014\u00a0\u00a0 El Gobierno de Sonora, a trav\u00e9s de la Secretar\u00eda de Educaci\u00f3n y Cultura (SEC) y el Instituto Sonorense de Cultura (ISC), en el En Sonora en Equipo publicamos toda la informaci\u00f3n de Sonora, M\u00e9xico y el Mundo de manera oportuna y busca que la libertad de expresi\u00f3n sea real. Visita nuestro medio informativo publicado desde Hermosillo, Sonora. %","og_url":"https:\/\/www.sonoraenequipo.com.mx\/gobierno-de-sonora-inaugura-exposicion-fotografica-sobre-los-derechos-de-los-ninos-en-los-anos-20\/","og_site_name":"Sonora en Equipo.","article_publisher":"https:\/\/www.facebook.com\/SonoraEE\/","article_author":"https:\/\/www.facebook.com\/SonoraEE","article_published_time":"2026-04-28T21:35:55+00:00","article_modified_time":"2026-04-29T05:24:47+00:00","og_image":[{"width":1200,"height":800,"url":"https:\/\/www.sonoraenequipo.com.mx\/storage\/2026\/04\/exposicio-de-ninos-de-los-anos-20-1.jpg","type":"image\/jpeg"}],"author":"enequipo","twitter_card":"summary_large_image","twitter_creator":"@sonoraenequipo","twitter_site":"@sonoraenequipo","twitter_misc":{"Escrito por":"enequipo","Tiempo de lectura":"2 minutos"},"schema":{"@context":"https:\/\/schema.org","@graph":[{"@type":"Article","@id":"https:\/\/www.sonoraenequipo.com.mx\/gobierno-de-sonora-inaugura-exposicion-fotografica-sobre-los-derechos-de-los-ninos-en-los-anos-20\/#article","isPartOf":{"@id":"https:\/\/www.sonoraenequipo.com.mx\/gobierno-de-sonora-inaugura-exposicion-fotografica-sobre-los-derechos-de-los-ninos-en-los-anos-20\/"},"author":{"name":"enequipo","@id":"https:\/\/www.sonoraenequipo.com.mx\/#\/schema\/person\/50102df0fb23a8fa9e8effad8fa81386"},"headline":"Gobierno de Sonora inaugura exposici\u00f3n fotogr\u00e1fica sobre los derechos de los ni\u00f1os en los a\u00f1os 20","datePublished":"2026-04-28T21:35:55+00:00","dateModified":"2026-04-29T05:24:47+00:00","mainEntityOfPage":{"@id":"https:\/\/www.sonoraenequipo.com.mx\/gobierno-de-sonora-inaugura-exposicion-fotografica-sobre-los-derechos-de-los-ninos-en-los-anos-20\/"},"wordCount":448,"commentCount":0,"publisher":{"@id":"https:\/\/www.sonoraenequipo.com.mx\/#organization"},"image":{"@id":"https:\/\/www.sonoraenequipo.com.mx\/gobierno-de-sonora-inaugura-exposicion-fotografica-sobre-los-derechos-de-los-ninos-en-los-anos-20\/#primaryimage"},"thumbnailUrl":"https:\/\/www.sonoraenequipo.com.mx\/storage\/2026\/04\/exposicio-de-ninos-de-los-anos-20-1.jpg","articleSection":["Etc\u00e9tera"],"inLanguage":"es","potentialAction":[{"@type":"CommentAction","name":"Comment","target":["https:\/\/www.sonoraenequipo.com.mx\/gobierno-de-sonora-inaugura-exposicion-fotografica-sobre-los-derechos-de-los-ninos-en-los-anos-20\/#respond"]}]},{"@type":"WebPage","@id":"https:\/\/www.sonoraenequipo.com.mx\/gobierno-de-sonora-inaugura-exposicion-fotografica-sobre-los-derechos-de-los-ninos-en-los-anos-20\/","url":"https:\/\/www.sonoraenequipo.com.mx\/gobierno-de-sonora-inaugura-exposicion-fotografica-sobre-los-derechos-de-los-ninos-en-los-anos-20\/","name":"Sonora en Equipo. Gobierno de Sonora inaugura exposici\u00f3n fotogr\u00e1fica sobre los derechos de los ni\u00f1os en los a\u00f1os 20 Etc\u00e9tera","isPartOf":{"@id":"https:\/\/www.sonoraenequipo.com.mx\/#website"},"primaryImageOfPage":{"@id":"https:\/\/www.sonoraenequipo.com.mx\/gobierno-de-sonora-inaugura-exposicion-fotografica-sobre-los-derechos-de-los-ninos-en-los-anos-20\/#primaryimage"},"image":{"@id":"https:\/\/www.sonoraenequipo.com.mx\/gobierno-de-sonora-inaugura-exposicion-fotografica-sobre-los-derechos-de-los-ninos-en-los-anos-20\/#primaryimage"},"thumbnailUrl":"https:\/\/www.sonoraenequipo.com.mx\/storage\/2026\/04\/exposicio-de-ninos-de-los-anos-20-1.jpg","datePublished":"2026-04-28T21:35:55+00:00","dateModified":"2026-04-29T05:24:47+00:00","description":"HERMOSILLO, SONORA.MX.\u2014\u00a0\u00a0 El Gobierno de Sonora, a trav\u00e9s de la Secretar\u00eda de Educaci\u00f3n y Cultura (SEC) y el Instituto Sonorense de Cultura (ISC), en el En Sonora en Equipo publicamos toda la informaci\u00f3n de Sonora, M\u00e9xico y el Mundo de manera oportuna y busca que la libertad de expresi\u00f3n sea real. Visita nuestro medio informativo publicado desde Hermosillo, Sonora. %","breadcrumb":{"@id":"https:\/\/www.sonoraenequipo.com.mx\/gobierno-de-sonora-inaugura-exposicion-fotografica-sobre-los-derechos-de-los-ninos-en-los-anos-20\/#breadcrumb"},"inLanguage":"es","potentialAction":[{"@type":"ReadAction","target":["https:\/\/www.sonoraenequipo.com.mx\/gobierno-de-sonora-inaugura-exposicion-fotografica-sobre-los-derechos-de-los-ninos-en-los-anos-20\/"]}]},{"@type":"ImageObject","inLanguage":"es","@id":"https:\/\/www.sonoraenequipo.com.mx\/gobierno-de-sonora-inaugura-exposicion-fotografica-sobre-los-derechos-de-los-ninos-en-los-anos-20\/#primaryimage","url":"https:\/\/www.sonoraenequipo.com.mx\/storage\/2026\/04\/exposicio-de-ninos-de-los-anos-20-1.jpg","contentUrl":"https:\/\/www.sonoraenequipo.com.mx\/storage\/2026\/04\/exposicio-de-ninos-de-los-anos-20-1.jpg","width":1200,"height":800},{"@type":"BreadcrumbList","@id":"https:\/\/www.sonoraenequipo.com.mx\/gobierno-de-sonora-inaugura-exposicion-fotografica-sobre-los-derechos-de-los-ninos-en-los-anos-20\/#breadcrumb","itemListElement":[{"@type":"ListItem","position":1,"name":"Portada","item":"https:\/\/www.sonoraenequipo.com.mx\/"},{"@type":"ListItem","position":2,"name":"Gobierno de Sonora inaugura exposici\u00f3n fotogr\u00e1fica sobre los derechos de los ni\u00f1os en los a\u00f1os 20"}]},{"@type":"WebSite","@id":"https:\/\/www.sonoraenequipo.com.mx\/#website","url":"https:\/\/www.sonoraenequipo.com.mx\/","name":"Sonora en Equipo.","description":"Diario en l\u00ednea con Noticias desde Hermosillo, Sonora","publisher":{"@id":"https:\/\/www.sonoraenequipo.com.mx\/#organization"},"potentialAction":[{"@type":"SearchAction","target":{"@type":"EntryPoint","urlTemplate":"https:\/\/www.sonoraenequipo.com.mx\/?s={search_term_string}"},"query-input":{"@type":"PropertyValueSpecification","valueRequired":true,"valueName":"search_term_string"}}],"inLanguage":"es"},{"@type":"Organization","@id":"https:\/\/www.sonoraenequipo.com.mx\/#organization","name":"Sonoraenequipo.com.mx","url":"https:\/\/www.sonoraenequipo.com.mx\/","logo":{"@type":"ImageObject","inLanguage":"es","@id":"https:\/\/www.sonoraenequipo.com.mx\/#\/schema\/logo\/image\/","url":"https:\/\/www.sonoraenequipo.com.mx\/storage\/2019\/01\/sonoraenequipo_opt.png","contentUrl":"https:\/\/www.sonoraenequipo.com.mx\/storage\/2019\/01\/sonoraenequipo_opt.png","width":375,"height":125,"caption":"Sonoraenequipo.com.mx"},"image":{"@id":"https:\/\/www.sonoraenequipo.com.mx\/#\/schema\/logo\/image\/"},"sameAs":["https:\/\/www.facebook.com\/SonoraEE\/","https:\/\/x.com\/sonoraenequipo","https:\/\/www.youtube.com\/channel\/UC338nW-lPEYmJQs4ZABQ1SQ"]},{"@type":"Person","@id":"https:\/\/www.sonoraenequipo.com.mx\/#\/schema\/person\/50102df0fb23a8fa9e8effad8fa81386","name":"enequipo","image":{"@type":"ImageObject","inLanguage":"es","@id":"https:\/\/www.sonoraenequipo.com.mx\/#\/schema\/person\/image\/","url":"https:\/\/secure.gravatar.com\/avatar\/049821681b589dabc0bc20695993ccebb09f5b5d4d790cd9251b97faac7c652b?s=96&d=blank&r=g","contentUrl":"https:\/\/secure.gravatar.com\/avatar\/049821681b589dabc0bc20695993ccebb09f5b5d4d790cd9251b97faac7c652b?s=96&d=blank&r=g","caption":"enequipo"},"sameAs":["https:\/\/www.facebook.com\/SonoraEE"]}]}},"jetpack_featured_media_url":"https:\/\/www.sonoraenequipo.com.mx\/storage\/2026\/04\/exposicio-de-ninos-de-los-anos-20-1.jpg","_links":{"self":[{"href":"https:\/\/www.sonoraenequipo.com.mx\/api\/wp\/v2\/posts\/240790","targetHints":{"allow":["GET"]}}],"collection":[{"href":"https:\/\/www.sonoraenequipo.com.mx\/api\/wp\/v2\/posts"}],"about":[{"href":"https:\/\/www.sonoraenequipo.com.mx\/api\/wp\/v2\/types\/post"}],"author":[{"embeddable":true,"href":"https:\/\/www.sonoraenequipo.com.mx\/api\/wp\/v2\/users\/1"}],"replies":[{"embeddable":true,"href":"https:\/\/www.sonoraenequipo.com.mx\/api\/wp\/v2\/comments?post=240790"}],"version-history":[{"count":1,"href":"https:\/\/www.sonoraenequipo.com.mx\/api\/wp\/v2\/posts\/240790\/revisions"}],"predecessor-version":[{"id":240798,"href":"https:\/\/www.sonoraenequipo.com.mx\/api\/wp\/v2\/posts\/240790\/revisions\/240798"}],"wp:featuredmedia":[{"embeddable":true,"href":"https:\/\/www.sonoraenequipo.com.mx\/api\/wp\/v2\/media\/240795"}],"wp:attachment":[{"href":"https:\/\/www.sonoraenequipo.com.mx\/api\/wp\/v2\/media?parent=240790"}],"wp:term":[{"taxonomy":"category","embeddable":true,"href":"https:\/\/www.sonoraenequipo.com.mx\/api\/wp\/v2\/categories?post=240790"},{"taxonomy":"post_tag","embeddable":true,"href":"https:\/\/www.sonoraenequipo.com.mx\/api\/wp\/v2\/tags?post=240790"}],"curies":[{"name":"wp","href":"https:\/\/api.w.org\/{rel}","templated":true}]}}