{"id":240808,"date":"2026-04-28T19:36:14","date_gmt":"2026-04-29T02:36:14","guid":{"rendered":"https:\/\/www.sonoraenequipo.com.mx\/?p=240808"},"modified":"2026-04-29T08:50:01","modified_gmt":"2026-04-29T15:50:01","slug":"alumno-de-uts-conquista-doble-oro-en-atletismo-en-el-1er-encuentro-nacional-cultural-y-deportivo","status":"publish","type":"post","link":"https:\/\/www.sonoraenequipo.com.mx\/alumno-de-uts-conquista-doble-oro-en-atletismo-en-el-1er-encuentro-nacional-cultural-y-deportivo\/","title":{"rendered":"Alumno de UTS conquista doble oro en atletismo en el 1er Encuentro Nacional Cultural y Deportivo"},"content":{"rendered":"<p><strong>BAH\u00cdA DE BANDERAS, NAYARIT. MX. \u2014<\/strong> Juan Antonio Mac\u00edas Valdez, alumno de la carrera de Ingenier\u00eda Industrial en la Universidad Tecnol\u00f3gica del Sur de Sonora (UTS), se consolid\u00f3 como una de las figuras m\u00e1s destacadas del 1er Encuentro Nacional Cultural y Deportivo de las Universidades del Subsistema Tecnol\u00f3gico, al obtener dos medallas de oro.<\/p>\n<p>&nbsp;<\/p>\n<p>&nbsp;<\/p>\n<p> <\/p>\n<p>El joven se coron\u00f3 campe\u00f3n nacional en lanzamiento de bala con una marca de 16.02 metros y, posteriormente, reafirm\u00f3 su dominio al obtener la segunda medalla de oro en lanzamiento de disco, con un registro de 44.68 metros, en la pista de la unidad deportiva de Bah\u00eda de Banderas.<\/p>\n<p>&nbsp;<\/p>\n<p>&nbsp;<\/p>\n<p>Al respecto, el rector de la UTS, Sergio Pablo Mariscal Alvarado, destac\u00f3 que estos resultados son reflejo del trabajo sistem\u00e1tico, la disciplina y el compromiso de las y los estudiantes, as\u00ed como del acompa\u00f1amiento de entrenadores y del fortalecimiento institucional que impulsa la formaci\u00f3n integral.<\/p>\n<p>&nbsp;<\/p>\n<p>&nbsp;<\/p>\n<p>Como resultado del destacado desempe\u00f1o de Mac\u00edas Valdez, el entrenador Rafael Hern\u00e1ndez Vega recibi\u00f3 una medalla conmemorativa, otorgada a las delegaciones medallistas, en reconocimiento a la estrategia, preparaci\u00f3n y resultados obtenidos durante la justa nacional.<\/p>\n<p>&nbsp;<\/p>\n<p><img loading=\"lazy\" decoding=\"async\" class=\"size-full  x-center\" src=\"https:\/\/www.sonoraenequipo.com.mx\/storage\/2026\/04\/Alumno-de-UTS-conquista-doble-oro-en-atletismo-1.jpg\" alt=\"\" width=\"1000\" height=\"698\" \/>La UTS tambi\u00e9n tuvo una participaci\u00f3n sobresaliente en otras disciplinas como mural en gis y ajedrez, donde la estudiante Alondra Esmeralda Campos Mart\u00ednez destac\u00f3 por su propuesta art\u00edstica bajo la gu\u00eda de la Mtra. Laura Yubitzia Garc\u00eda Amavizca, mientras que en ajedrez, los estudiantes Cristian Alberto L\u00f3pez Orona y Jorge Enrique Parra Ruiz demostraron un alto nivel competitivo bajo la asesor\u00eda del Mtro. Luis Alfonso Soto Gastelo.<\/p>\n<p>&nbsp;<\/p>\n<p>&nbsp;<\/p>\n<p>Finalmente, los alumnos Sim\u00f3n Alejandro L\u00f3pez Germ\u00e1n, Jes\u00fas Ernesto Parra Sauceda, Cristo Ram\u00f3n Valencia Mendoza, Gustavo Adolfo Ramos Aldaco y Juan Antonio Mac\u00edas Valdez lograron un buen papel en atletismo, entrenados por el Mtro. Rafael Hern\u00e1ndez Vega, reflejando el trabajo integral que impulsa la Coordinaci\u00f3n General de Arte, Cultura y Deporte, a cargo del Mtro. Octavio Ibarra Zayas.<\/p>\n<p>&nbsp;<\/p>\n<p>&nbsp;<\/p>\n<p>&nbsp;<\/p>\n<p>PUBLICADO EL 28 DE ABRIL 2026 Con informaci\u00f3n de GOBSON 0426\/278)<\/p>\n","protected":false},"excerpt":{"rendered":"<p>BAH\u00cdA DE BANDERAS, NAYARIT. MX. \u2014 Juan Antonio Mac\u00edas Valdez, alumno de la carrera de&#8230;<\/p>\n","protected":false},"author":1,"featured_media":240809,"comment_status":"open","ping_status":"open","sticky":false,"template":"","format":"standard","meta":{"_monsterinsights_skip_tracking":false,"_monsterinsights_sitenote_active":false,"_monsterinsights_sitenote_note":"","_monsterinsights_sitenote_category":0,"footnotes":""},"categories":[10],"tags":[],"class_list":["post"],"yoast_head":" \n<title>Sonora en Equipo. Alumno de UTS conquista doble oro en atletismo en el 1er Encuentro Nacional Cultural y Deportivo Deportes<\/title>\n<meta name=\"description\" content=\"BAH\u00cdA DE BANDERAS, NAYARIT. MX. \u2014 Juan Antonio Mac\u00edas Valdez, alumno de la carrera de Ingenier\u00eda Industrial en la Universidad Tecnol\u00f3gica del Sur de En Sonora en Equipo publicamos toda la informaci\u00f3n de Sonora, M\u00e9xico y el Mundo de manera oportuna y busca que la libertad de expresi\u00f3n sea real. Visita nuestro medio informativo publicado desde Hermosillo, Sonora. %\" \/>\n<meta name=\"robots\" content=\"index, follow, max-snippet:-1, max-image-preview:large, max-video-preview:-1\" \/>\n<link rel=\"canonical\" href=\"https:\/\/www.sonoraenequipo.com.mx\/alumno-de-uts-conquista-doble-oro-en-atletismo-en-el-1er-encuentro-nacional-cultural-y-deportivo\/\" \/>\n<meta property=\"og:locale\" content=\"es_ES\" \/>\n<meta property=\"og:type\" content=\"article\" \/>\n<meta property=\"og:title\" content=\"Sonora en Equipo. Alumno de UTS conquista doble oro en atletismo en el 1er Encuentro Nacional Cultural y Deportivo Deportes\" \/>\n<meta property=\"og:description\" content=\"BAH\u00cdA DE BANDERAS, NAYARIT. MX. \u2014 Juan Antonio Mac\u00edas Valdez, alumno de la carrera de Ingenier\u00eda Industrial en la Universidad Tecnol\u00f3gica del Sur de En Sonora en Equipo publicamos toda la informaci\u00f3n de Sonora, M\u00e9xico y el Mundo de manera oportuna y busca que la libertad de expresi\u00f3n sea real. Visita nuestro medio informativo publicado desde Hermosillo, Sonora. %\" \/>\n<meta property=\"og:url\" content=\"https:\/\/www.sonoraenequipo.com.mx\/alumno-de-uts-conquista-doble-oro-en-atletismo-en-el-1er-encuentro-nacional-cultural-y-deportivo\/\" \/>\n<meta property=\"og:site_name\" content=\"Sonora en Equipo.\" \/>\n<meta property=\"article:publisher\" content=\"https:\/\/www.facebook.com\/SonoraEE\/\" \/>\n<meta property=\"article:author\" content=\"https:\/\/www.facebook.com\/SonoraEE\" \/>\n<meta property=\"article:published_time\" content=\"2026-04-29T02:36:14+00:00\" \/>\n<meta property=\"article:modified_time\" content=\"2026-04-29T15:50:01+00:00\" \/>\n<meta property=\"og:image\" content=\"https:\/\/www.sonoraenequipo.com.mx\/storage\/2026\/04\/Alumno-de-UTS-conquista-doble-oro-en-atletismo.-1.jpg\" \/>\n\t<meta property=\"og:image:width\" content=\"1000\" \/>\n\t<meta property=\"og:image:height\" content=\"666\" \/>\n\t<meta property=\"og:image:type\" content=\"image\/jpeg\" \/>\n<meta name=\"author\" content=\"enequipo\" \/>\n<meta name=\"twitter:card\" content=\"summary_large_image\" \/>\n<meta name=\"twitter:creator\" content=\"@sonoraenequipo\" \/>\n<meta name=\"twitter:site\" content=\"@sonoraenequipo\" \/>\n<meta name=\"twitter:label1\" content=\"Escrito por\" \/>\n\t<meta name=\"twitter:data1\" content=\"enequipo\" \/>\n\t<meta name=\"twitter:label2\" content=\"Tiempo de lectura\" \/>\n\t<meta name=\"twitter:data2\" content=\"2 minutos\" \/>\n<script type=\"application\/ld+json\" class=\"yoast-schema-graph\">{\"@context\":\"https:\/\/schema.org\",\"@graph\":[{\"@type\":\"Article\",\"@id\":\"https:\/\/www.sonoraenequipo.com.mx\/alumno-de-uts-conquista-doble-oro-en-atletismo-en-el-1er-encuentro-nacional-cultural-y-deportivo\/#article\",\"isPartOf\":{\"@id\":\"https:\/\/www.sonoraenequipo.com.mx\/alumno-de-uts-conquista-doble-oro-en-atletismo-en-el-1er-encuentro-nacional-cultural-y-deportivo\/\"},\"author\":{\"name\":\"enequipo\",\"@id\":\"https:\/\/www.sonoraenequipo.com.mx\/#\/schema\/person\/50102df0fb23a8fa9e8effad8fa81386\"},\"headline\":\"Alumno de UTS conquista doble oro en atletismo en el 1er Encuentro Nacional Cultural y Deportivo\",\"datePublished\":\"2026-04-29T02:36:14+00:00\",\"dateModified\":\"2026-04-29T15:50:01+00:00\",\"mainEntityOfPage\":{\"@id\":\"https:\/\/www.sonoraenequipo.com.mx\/alumno-de-uts-conquista-doble-oro-en-atletismo-en-el-1er-encuentro-nacional-cultural-y-deportivo\/\"},\"wordCount\":373,\"commentCount\":0,\"publisher\":{\"@id\":\"https:\/\/www.sonoraenequipo.com.mx\/#organization\"},\"image\":{\"@id\":\"https:\/\/www.sonoraenequipo.com.mx\/alumno-de-uts-conquista-doble-oro-en-atletismo-en-el-1er-encuentro-nacional-cultural-y-deportivo\/#primaryimage\"},\"thumbnailUrl\":\"https:\/\/www.sonoraenequipo.com.mx\/storage\/2026\/04\/Alumno-de-UTS-conquista-doble-oro-en-atletismo.-1.jpg\",\"articleSection\":[\"Deportes\"],\"inLanguage\":\"es\",\"potentialAction\":[{\"@type\":\"CommentAction\",\"name\":\"Comment\",\"target\":[\"https:\/\/www.sonoraenequipo.com.mx\/alumno-de-uts-conquista-doble-oro-en-atletismo-en-el-1er-encuentro-nacional-cultural-y-deportivo\/#respond\"]}]},{\"@type\":\"WebPage\",\"@id\":\"https:\/\/www.sonoraenequipo.com.mx\/alumno-de-uts-conquista-doble-oro-en-atletismo-en-el-1er-encuentro-nacional-cultural-y-deportivo\/\",\"url\":\"https:\/\/www.sonoraenequipo.com.mx\/alumno-de-uts-conquista-doble-oro-en-atletismo-en-el-1er-encuentro-nacional-cultural-y-deportivo\/\",\"name\":\"Sonora en Equipo. Alumno de UTS conquista doble oro en atletismo en el 1er Encuentro Nacional Cultural y Deportivo Deportes\",\"isPartOf\":{\"@id\":\"https:\/\/www.sonoraenequipo.com.mx\/#website\"},\"primaryImageOfPage\":{\"@id\":\"https:\/\/www.sonoraenequipo.com.mx\/alumno-de-uts-conquista-doble-oro-en-atletismo-en-el-1er-encuentro-nacional-cultural-y-deportivo\/#primaryimage\"},\"image\":{\"@id\":\"https:\/\/www.sonoraenequipo.com.mx\/alumno-de-uts-conquista-doble-oro-en-atletismo-en-el-1er-encuentro-nacional-cultural-y-deportivo\/#primaryimage\"},\"thumbnailUrl\":\"https:\/\/www.sonoraenequipo.com.mx\/storage\/2026\/04\/Alumno-de-UTS-conquista-doble-oro-en-atletismo.-1.jpg\",\"datePublished\":\"2026-04-29T02:36:14+00:00\",\"dateModified\":\"2026-04-29T15:50:01+00:00\",\"description\":\"BAH\u00cdA DE BANDERAS, NAYARIT. MX. \u2014 Juan Antonio Mac\u00edas Valdez, alumno de la carrera de Ingenier\u00eda Industrial en la Universidad Tecnol\u00f3gica del Sur de En Sonora en Equipo publicamos toda la informaci\u00f3n de Sonora, M\u00e9xico y el Mundo de manera oportuna y busca que la libertad de expresi\u00f3n sea real. Visita nuestro medio informativo publicado desde Hermosillo, Sonora. %\",\"breadcrumb\":{\"@id\":\"https:\/\/www.sonoraenequipo.com.mx\/alumno-de-uts-conquista-doble-oro-en-atletismo-en-el-1er-encuentro-nacional-cultural-y-deportivo\/#breadcrumb\"},\"inLanguage\":\"es\",\"potentialAction\":[{\"@type\":\"ReadAction\",\"target\":[\"https:\/\/www.sonoraenequipo.com.mx\/alumno-de-uts-conquista-doble-oro-en-atletismo-en-el-1er-encuentro-nacional-cultural-y-deportivo\/\"]}]},{\"@type\":\"ImageObject\",\"inLanguage\":\"es\",\"@id\":\"https:\/\/www.sonoraenequipo.com.mx\/alumno-de-uts-conquista-doble-oro-en-atletismo-en-el-1er-encuentro-nacional-cultural-y-deportivo\/#primaryimage\",\"url\":\"https:\/\/www.sonoraenequipo.com.mx\/storage\/2026\/04\/Alumno-de-UTS-conquista-doble-oro-en-atletismo.-1.jpg\",\"contentUrl\":\"https:\/\/www.sonoraenequipo.com.mx\/storage\/2026\/04\/Alumno-de-UTS-conquista-doble-oro-en-atletismo.-1.jpg\",\"width\":1000,\"height\":666},{\"@type\":\"BreadcrumbList\",\"@id\":\"https:\/\/www.sonoraenequipo.com.mx\/alumno-de-uts-conquista-doble-oro-en-atletismo-en-el-1er-encuentro-nacional-cultural-y-deportivo\/#breadcrumb\",\"itemListElement\":[{\"@type\":\"ListItem\",\"position\":1,\"name\":\"Portada\",\"item\":\"https:\/\/www.sonoraenequipo.com.mx\/\"},{\"@type\":\"ListItem\",\"position\":2,\"name\":\"Alumno de UTS conquista doble oro en atletismo en el 1er Encuentro Nacional Cultural y Deportivo\"}]},{\"@type\":\"WebSite\",\"@id\":\"https:\/\/www.sonoraenequipo.com.mx\/#website\",\"url\":\"https:\/\/www.sonoraenequipo.com.mx\/\",\"name\":\"Sonora en Equipo.\",\"description\":\"Diario en l\u00ednea con Noticias desde Hermosillo, Sonora\",\"publisher\":{\"@id\":\"https:\/\/www.sonoraenequipo.com.mx\/#organization\"},\"potentialAction\":[{\"@type\":\"SearchAction\",\"target\":{\"@type\":\"EntryPoint\",\"urlTemplate\":\"https:\/\/www.sonoraenequipo.com.mx\/?s={search_term_string}\"},\"query-input\":{\"@type\":\"PropertyValueSpecification\",\"valueRequired\":true,\"valueName\":\"search_term_string\"}}],\"inLanguage\":\"es\"},{\"@type\":\"Organization\",\"@id\":\"https:\/\/www.sonoraenequipo.com.mx\/#organization\",\"name\":\"Sonoraenequipo.com.mx\",\"url\":\"https:\/\/www.sonoraenequipo.com.mx\/\",\"logo\":{\"@type\":\"ImageObject\",\"inLanguage\":\"es\",\"@id\":\"https:\/\/www.sonoraenequipo.com.mx\/#\/schema\/logo\/image\/\",\"url\":\"https:\/\/www.sonoraenequipo.com.mx\/storage\/2019\/01\/sonoraenequipo_opt.png\",\"contentUrl\":\"https:\/\/www.sonoraenequipo.com.mx\/storage\/2019\/01\/sonoraenequipo_opt.png\",\"width\":375,\"height\":125,\"caption\":\"Sonoraenequipo.com.mx\"},\"image\":{\"@id\":\"https:\/\/www.sonoraenequipo.com.mx\/#\/schema\/logo\/image\/\"},\"sameAs\":[\"https:\/\/www.facebook.com\/SonoraEE\/\",\"https:\/\/x.com\/sonoraenequipo\",\"https:\/\/www.youtube.com\/channel\/UC338nW-lPEYmJQs4ZABQ1SQ\"]},{\"@type\":\"Person\",\"@id\":\"https:\/\/www.sonoraenequipo.com.mx\/#\/schema\/person\/50102df0fb23a8fa9e8effad8fa81386\",\"name\":\"enequipo\",\"image\":{\"@type\":\"ImageObject\",\"inLanguage\":\"es\",\"@id\":\"https:\/\/www.sonoraenequipo.com.mx\/#\/schema\/person\/image\/\",\"url\":\"https:\/\/secure.gravatar.com\/avatar\/049821681b589dabc0bc20695993ccebb09f5b5d4d790cd9251b97faac7c652b?s=96&d=blank&r=g\",\"contentUrl\":\"https:\/\/secure.gravatar.com\/avatar\/049821681b589dabc0bc20695993ccebb09f5b5d4d790cd9251b97faac7c652b?s=96&d=blank&r=g\",\"caption\":\"enequipo\"},\"sameAs\":[\"https:\/\/www.facebook.com\/SonoraEE\"]}]}<\/script>\n ","yoast_head_json":{"title":"Sonora en Equipo. Alumno de UTS conquista doble oro en atletismo en el 1er Encuentro Nacional Cultural y Deportivo Deportes","description":"BAH\u00cdA DE BANDERAS, NAYARIT. MX. \u2014 Juan Antonio Mac\u00edas Valdez, alumno de la carrera de Ingenier\u00eda Industrial en la Universidad Tecnol\u00f3gica del Sur de En Sonora en Equipo publicamos toda la informaci\u00f3n de Sonora, M\u00e9xico y el Mundo de manera oportuna y busca que la libertad de expresi\u00f3n sea real. Visita nuestro medio informativo publicado desde Hermosillo, Sonora. %","robots":{"index":"index","follow":"follow","max-snippet":"max-snippet:-1","max-image-preview":"max-image-preview:large","max-video-preview":"max-video-preview:-1"},"canonical":"https:\/\/www.sonoraenequipo.com.mx\/alumno-de-uts-conquista-doble-oro-en-atletismo-en-el-1er-encuentro-nacional-cultural-y-deportivo\/","og_locale":"es_ES","og_type":"article","og_title":"Sonora en Equipo. Alumno de UTS conquista doble oro en atletismo en el 1er Encuentro Nacional Cultural y Deportivo Deportes","og_description":"BAH\u00cdA DE BANDERAS, NAYARIT. MX. \u2014 Juan Antonio Mac\u00edas Valdez, alumno de la carrera de Ingenier\u00eda Industrial en la Universidad Tecnol\u00f3gica del Sur de En Sonora en Equipo publicamos toda la informaci\u00f3n de Sonora, M\u00e9xico y el Mundo de manera oportuna y busca que la libertad de expresi\u00f3n sea real. Visita nuestro medio informativo publicado desde Hermosillo, Sonora. %","og_url":"https:\/\/www.sonoraenequipo.com.mx\/alumno-de-uts-conquista-doble-oro-en-atletismo-en-el-1er-encuentro-nacional-cultural-y-deportivo\/","og_site_name":"Sonora en Equipo.","article_publisher":"https:\/\/www.facebook.com\/SonoraEE\/","article_author":"https:\/\/www.facebook.com\/SonoraEE","article_published_time":"2026-04-29T02:36:14+00:00","article_modified_time":"2026-04-29T15:50:01+00:00","og_image":[{"width":1000,"height":666,"url":"https:\/\/www.sonoraenequipo.com.mx\/storage\/2026\/04\/Alumno-de-UTS-conquista-doble-oro-en-atletismo.-1.jpg","type":"image\/jpeg"}],"author":"enequipo","twitter_card":"summary_large_image","twitter_creator":"@sonoraenequipo","twitter_site":"@sonoraenequipo","twitter_misc":{"Escrito por":"enequipo","Tiempo de lectura":"2 minutos"},"schema":{"@context":"https:\/\/schema.org","@graph":[{"@type":"Article","@id":"https:\/\/www.sonoraenequipo.com.mx\/alumno-de-uts-conquista-doble-oro-en-atletismo-en-el-1er-encuentro-nacional-cultural-y-deportivo\/#article","isPartOf":{"@id":"https:\/\/www.sonoraenequipo.com.mx\/alumno-de-uts-conquista-doble-oro-en-atletismo-en-el-1er-encuentro-nacional-cultural-y-deportivo\/"},"author":{"name":"enequipo","@id":"https:\/\/www.sonoraenequipo.com.mx\/#\/schema\/person\/50102df0fb23a8fa9e8effad8fa81386"},"headline":"Alumno de UTS conquista doble oro en atletismo en el 1er Encuentro Nacional Cultural y Deportivo","datePublished":"2026-04-29T02:36:14+00:00","dateModified":"2026-04-29T15:50:01+00:00","mainEntityOfPage":{"@id":"https:\/\/www.sonoraenequipo.com.mx\/alumno-de-uts-conquista-doble-oro-en-atletismo-en-el-1er-encuentro-nacional-cultural-y-deportivo\/"},"wordCount":373,"commentCount":0,"publisher":{"@id":"https:\/\/www.sonoraenequipo.com.mx\/#organization"},"image":{"@id":"https:\/\/www.sonoraenequipo.com.mx\/alumno-de-uts-conquista-doble-oro-en-atletismo-en-el-1er-encuentro-nacional-cultural-y-deportivo\/#primaryimage"},"thumbnailUrl":"https:\/\/www.sonoraenequipo.com.mx\/storage\/2026\/04\/Alumno-de-UTS-conquista-doble-oro-en-atletismo.-1.jpg","articleSection":["Deportes"],"inLanguage":"es","potentialAction":[{"@type":"CommentAction","name":"Comment","target":["https:\/\/www.sonoraenequipo.com.mx\/alumno-de-uts-conquista-doble-oro-en-atletismo-en-el-1er-encuentro-nacional-cultural-y-deportivo\/#respond"]}]},{"@type":"WebPage","@id":"https:\/\/www.sonoraenequipo.com.mx\/alumno-de-uts-conquista-doble-oro-en-atletismo-en-el-1er-encuentro-nacional-cultural-y-deportivo\/","url":"https:\/\/www.sonoraenequipo.com.mx\/alumno-de-uts-conquista-doble-oro-en-atletismo-en-el-1er-encuentro-nacional-cultural-y-deportivo\/","name":"Sonora en Equipo. Alumno de UTS conquista doble oro en atletismo en el 1er Encuentro Nacional Cultural y Deportivo Deportes","isPartOf":{"@id":"https:\/\/www.sonoraenequipo.com.mx\/#website"},"primaryImageOfPage":{"@id":"https:\/\/www.sonoraenequipo.com.mx\/alumno-de-uts-conquista-doble-oro-en-atletismo-en-el-1er-encuentro-nacional-cultural-y-deportivo\/#primaryimage"},"image":{"@id":"https:\/\/www.sonoraenequipo.com.mx\/alumno-de-uts-conquista-doble-oro-en-atletismo-en-el-1er-encuentro-nacional-cultural-y-deportivo\/#primaryimage"},"thumbnailUrl":"https:\/\/www.sonoraenequipo.com.mx\/storage\/2026\/04\/Alumno-de-UTS-conquista-doble-oro-en-atletismo.-1.jpg","datePublished":"2026-04-29T02:36:14+00:00","dateModified":"2026-04-29T15:50:01+00:00","description":"BAH\u00cdA DE BANDERAS, NAYARIT. MX. \u2014 Juan Antonio Mac\u00edas Valdez, alumno de la carrera de Ingenier\u00eda Industrial en la Universidad Tecnol\u00f3gica del Sur de En Sonora en Equipo publicamos toda la informaci\u00f3n de Sonora, M\u00e9xico y el Mundo de manera oportuna y busca que la libertad de expresi\u00f3n sea real. Visita nuestro medio informativo publicado desde Hermosillo, Sonora. %","breadcrumb":{"@id":"https:\/\/www.sonoraenequipo.com.mx\/alumno-de-uts-conquista-doble-oro-en-atletismo-en-el-1er-encuentro-nacional-cultural-y-deportivo\/#breadcrumb"},"inLanguage":"es","potentialAction":[{"@type":"ReadAction","target":["https:\/\/www.sonoraenequipo.com.mx\/alumno-de-uts-conquista-doble-oro-en-atletismo-en-el-1er-encuentro-nacional-cultural-y-deportivo\/"]}]},{"@type":"ImageObject","inLanguage":"es","@id":"https:\/\/www.sonoraenequipo.com.mx\/alumno-de-uts-conquista-doble-oro-en-atletismo-en-el-1er-encuentro-nacional-cultural-y-deportivo\/#primaryimage","url":"https:\/\/www.sonoraenequipo.com.mx\/storage\/2026\/04\/Alumno-de-UTS-conquista-doble-oro-en-atletismo.-1.jpg","contentUrl":"https:\/\/www.sonoraenequipo.com.mx\/storage\/2026\/04\/Alumno-de-UTS-conquista-doble-oro-en-atletismo.-1.jpg","width":1000,"height":666},{"@type":"BreadcrumbList","@id":"https:\/\/www.sonoraenequipo.com.mx\/alumno-de-uts-conquista-doble-oro-en-atletismo-en-el-1er-encuentro-nacional-cultural-y-deportivo\/#breadcrumb","itemListElement":[{"@type":"ListItem","position":1,"name":"Portada","item":"https:\/\/www.sonoraenequipo.com.mx\/"},{"@type":"ListItem","position":2,"name":"Alumno de UTS conquista doble oro en atletismo en el 1er Encuentro Nacional Cultural y Deportivo"}]},{"@type":"WebSite","@id":"https:\/\/www.sonoraenequipo.com.mx\/#website","url":"https:\/\/www.sonoraenequipo.com.mx\/","name":"Sonora en Equipo.","description":"Diario en l\u00ednea con Noticias desde Hermosillo, Sonora","publisher":{"@id":"https:\/\/www.sonoraenequipo.com.mx\/#organization"},"potentialAction":[{"@type":"SearchAction","target":{"@type":"EntryPoint","urlTemplate":"https:\/\/www.sonoraenequipo.com.mx\/?s={search_term_string}"},"query-input":{"@type":"PropertyValueSpecification","valueRequired":true,"valueName":"search_term_string"}}],"inLanguage":"es"},{"@type":"Organization","@id":"https:\/\/www.sonoraenequipo.com.mx\/#organization","name":"Sonoraenequipo.com.mx","url":"https:\/\/www.sonoraenequipo.com.mx\/","logo":{"@type":"ImageObject","inLanguage":"es","@id":"https:\/\/www.sonoraenequipo.com.mx\/#\/schema\/logo\/image\/","url":"https:\/\/www.sonoraenequipo.com.mx\/storage\/2019\/01\/sonoraenequipo_opt.png","contentUrl":"https:\/\/www.sonoraenequipo.com.mx\/storage\/2019\/01\/sonoraenequipo_opt.png","width":375,"height":125,"caption":"Sonoraenequipo.com.mx"},"image":{"@id":"https:\/\/www.sonoraenequipo.com.mx\/#\/schema\/logo\/image\/"},"sameAs":["https:\/\/www.facebook.com\/SonoraEE\/","https:\/\/x.com\/sonoraenequipo","https:\/\/www.youtube.com\/channel\/UC338nW-lPEYmJQs4ZABQ1SQ"]},{"@type":"Person","@id":"https:\/\/www.sonoraenequipo.com.mx\/#\/schema\/person\/50102df0fb23a8fa9e8effad8fa81386","name":"enequipo","image":{"@type":"ImageObject","inLanguage":"es","@id":"https:\/\/www.sonoraenequipo.com.mx\/#\/schema\/person\/image\/","url":"https:\/\/secure.gravatar.com\/avatar\/049821681b589dabc0bc20695993ccebb09f5b5d4d790cd9251b97faac7c652b?s=96&d=blank&r=g","contentUrl":"https:\/\/secure.gravatar.com\/avatar\/049821681b589dabc0bc20695993ccebb09f5b5d4d790cd9251b97faac7c652b?s=96&d=blank&r=g","caption":"enequipo"},"sameAs":["https:\/\/www.facebook.com\/SonoraEE"]}]}},"jetpack_featured_media_url":"https:\/\/www.sonoraenequipo.com.mx\/storage\/2026\/04\/Alumno-de-UTS-conquista-doble-oro-en-atletismo.-1.jpg","_links":{"self":[{"href":"https:\/\/www.sonoraenequipo.com.mx\/api\/wp\/v2\/posts\/240808","targetHints":{"allow":["GET"]}}],"collection":[{"href":"https:\/\/www.sonoraenequipo.com.mx\/api\/wp\/v2\/posts"}],"about":[{"href":"https:\/\/www.sonoraenequipo.com.mx\/api\/wp\/v2\/types\/post"}],"author":[{"embeddable":true,"href":"https:\/\/www.sonoraenequipo.com.mx\/api\/wp\/v2\/users\/1"}],"replies":[{"embeddable":true,"href":"https:\/\/www.sonoraenequipo.com.mx\/api\/wp\/v2\/comments?post=240808"}],"version-history":[{"count":1,"href":"https:\/\/www.sonoraenequipo.com.mx\/api\/wp\/v2\/posts\/240808\/revisions"}],"predecessor-version":[{"id":240811,"href":"https:\/\/www.sonoraenequipo.com.mx\/api\/wp\/v2\/posts\/240808\/revisions\/240811"}],"wp:featuredmedia":[{"embeddable":true,"href":"https:\/\/www.sonoraenequipo.com.mx\/api\/wp\/v2\/media\/240809"}],"wp:attachment":[{"href":"https:\/\/www.sonoraenequipo.com.mx\/api\/wp\/v2\/media?parent=240808"}],"wp:term":[{"taxonomy":"category","embeddable":true,"href":"https:\/\/www.sonoraenequipo.com.mx\/api\/wp\/v2\/categories?post=240808"},{"taxonomy":"post_tag","embeddable":true,"href":"https:\/\/www.sonoraenequipo.com.mx\/api\/wp\/v2\/tags?post=240808"}],"curies":[{"name":"wp","href":"https:\/\/api.w.org\/{rel}","templated":true}]}}