{"id":240824,"date":"2026-04-29T10:33:58","date_gmt":"2026-04-29T17:33:58","guid":{"rendered":"https:\/\/www.sonoraenequipo.com.mx\/?p=240824"},"modified":"2026-04-29T10:37:21","modified_gmt":"2026-04-29T17:37:21","slug":"realiza-gobierno-de-sonora-reunion-mensual-de-voluntariados-en-casa-de-dia-y-casa-hogar","status":"publish","type":"post","link":"https:\/\/www.sonoraenequipo.com.mx\/realiza-gobierno-de-sonora-reunion-mensual-de-voluntariados-en-casa-de-dia-y-casa-hogar\/","title":{"rendered":"Realiza Gobierno de Sonora reuni\u00f3n mensual de voluntariados en Casa de D\u00eda y Casa Hogar"},"content":{"rendered":"<p><strong>HERMOSILLO, SONORA.MX. \u2014\u00a0<\/strong> En un ambiente de compromiso, solidaridad y trabajo en equipo, el Gobierno de Sonora, a trav\u00e9s del Sistema para el Desarrollo Integral de la Familia (DIF Sonora), llev\u00f3 a cabo la reuni\u00f3n mensual de voluntariados en las instalaciones de la Casa de D\u00eda para Personas Mayores y la Casa Hogar \u201cAna Mar\u00eda L\u00f3pez Rodr\u00edguez\u201d.<\/p>\n<p>&nbsp;<\/p>\n<p>&nbsp;<\/p>\n<p>&nbsp;<\/p>\n<p> <\/p>\n<p>Durante esta jornada especial, se cont\u00f3 con la presencia de la presidenta honoraria, Ma. del Roc\u00edo Ch\u00e1vez Murillo, as\u00ed como de la directora, Lizeth V\u00e1squez, quienes acompa\u00f1aron y reconocieron la labor de quienes, con vocaci\u00f3n de servicio, contribuyen al bienestar de las familias sonorenses.<\/p>\n<p>&nbsp;<\/p>\n<p>&nbsp;<\/p>\n<p>&nbsp;<\/p>\n<p>Como parte de la visita, la presidenta honoraria realiz\u00f3 un recorrido por las instalaciones de la Casa de D\u00eda, donde convivi\u00f3 con las personas mayores y supervis\u00f3 los talleres y actividades que se desarrollan, constatando de primera mano el impacto positivo de estos espacios en su bienestar y calidad de vida.<\/p>\n<p>&nbsp;<\/p>\n<p>&nbsp;<\/p>\n<p>Estas acciones forman parte de la visi\u00f3n del gobernador Alfonso Durazo de brindar una atenci\u00f3n integral, digna y humana a las personas mayores, fortaleciendo espacios que promuevan su desarrollo, bienestar f\u00edsico, emocional y social.<\/p>\n<p>&nbsp;<\/p>\n<p><img loading=\"lazy\" decoding=\"async\" class=\"x-left size-full \" src=\"https:\/\/www.sonoraenequipo.com.mx\/storage\/2026\/04\/reunion-mensual-de-voluntariados-en-Casa-de-Dia-y-Casa-Hogar.-1.jpg\" alt=\"\" width=\"1200\" height=\"801\" \/>Este encuentro reafirma la importancia del voluntariado como un pilar fundamental para fortalecer el tejido social, impulsar acciones solidarias y generar espacios de atenci\u00f3n digna para quienes m\u00e1s lo necesitan.<\/p>\n<p>&nbsp;<\/p>\n<p>&nbsp;<\/p>\n<p>&nbsp;<\/p>\n<p>El Gobierno del Estado de Sonora reconoce y agradece a todas y todos los voluntarios por su entrega, dedicaci\u00f3n y por seguir construyendo comunidad con generosidad y coraz\u00f3n.<\/p>\n<p>&nbsp;<\/p>\n<p>&nbsp;<\/p>\n<p>&nbsp;<\/p>\n<p>PUBLICADO EL 29 DE ABRIL 2026 Con informaci\u00f3n de GOBSON 0426\/290)<\/p>\n","protected":false},"excerpt":{"rendered":"<p>HERMOSILLO, SONORA.MX. \u2014\u00a0 En un ambiente de compromiso, solidaridad y trabajo en equipo, el Gobierno&#8230;<\/p>\n","protected":false},"author":1,"featured_media":240825,"comment_status":"open","ping_status":"open","sticky":false,"template":"","format":"standard","meta":{"_monsterinsights_skip_tracking":false,"_monsterinsights_sitenote_active":false,"_monsterinsights_sitenote_note":"","_monsterinsights_sitenote_category":0,"footnotes":""},"categories":[22],"tags":[],"class_list":["post"],"yoast_head":" \n<title>Sonora en Equipo. Realiza Gobierno de Sonora reuni\u00f3n mensual de voluntariados en Casa de D\u00eda y Casa Hogar Sonora<\/title>\n<meta name=\"description\" content=\"HERMOSILLO, SONORA.MX. \u2014\u00a0 En un ambiente de compromiso, solidaridad y trabajo en equipo, el Gobierno de Sonora, a trav\u00e9s del Sistema para el Desarrollo En Sonora en Equipo publicamos toda la informaci\u00f3n de Sonora, M\u00e9xico y el Mundo de manera oportuna y busca que la libertad de expresi\u00f3n sea real. Visita nuestro medio informativo publicado desde Hermosillo, Sonora. %\" \/>\n<meta name=\"robots\" content=\"index, follow, max-snippet:-1, max-image-preview:large, max-video-preview:-1\" \/>\n<link rel=\"canonical\" href=\"https:\/\/www.sonoraenequipo.com.mx\/realiza-gobierno-de-sonora-reunion-mensual-de-voluntariados-en-casa-de-dia-y-casa-hogar\/\" \/>\n<meta property=\"og:locale\" content=\"es_ES\" \/>\n<meta property=\"og:type\" content=\"article\" \/>\n<meta property=\"og:title\" content=\"Sonora en Equipo. Realiza Gobierno de Sonora reuni\u00f3n mensual de voluntariados en Casa de D\u00eda y Casa Hogar Sonora\" \/>\n<meta property=\"og:description\" content=\"HERMOSILLO, SONORA.MX. \u2014\u00a0 En un ambiente de compromiso, solidaridad y trabajo en equipo, el Gobierno de Sonora, a trav\u00e9s del Sistema para el Desarrollo En Sonora en Equipo publicamos toda la informaci\u00f3n de Sonora, M\u00e9xico y el Mundo de manera oportuna y busca que la libertad de expresi\u00f3n sea real. Visita nuestro medio informativo publicado desde Hermosillo, Sonora. %\" \/>\n<meta property=\"og:url\" content=\"https:\/\/www.sonoraenequipo.com.mx\/realiza-gobierno-de-sonora-reunion-mensual-de-voluntariados-en-casa-de-dia-y-casa-hogar\/\" \/>\n<meta property=\"og:site_name\" content=\"Sonora en Equipo.\" \/>\n<meta property=\"article:publisher\" content=\"https:\/\/www.facebook.com\/SonoraEE\/\" \/>\n<meta property=\"article:author\" content=\"https:\/\/www.facebook.com\/SonoraEE\" \/>\n<meta property=\"article:published_time\" content=\"2026-04-29T17:33:58+00:00\" \/>\n<meta property=\"article:modified_time\" content=\"2026-04-29T17:37:21+00:00\" \/>\n<meta property=\"og:image\" content=\"https:\/\/www.sonoraenequipo.com.mx\/storage\/2026\/04\/reunion-mensual-de-voluntariados-en-Casa-de-Dia-y-Casa-Hogar-1.jpg\" \/>\n\t<meta property=\"og:image:width\" content=\"1000\" \/>\n\t<meta property=\"og:image:height\" content=\"667\" \/>\n\t<meta property=\"og:image:type\" content=\"image\/jpeg\" \/>\n<meta name=\"author\" content=\"enequipo\" \/>\n<meta name=\"twitter:card\" content=\"summary_large_image\" \/>\n<meta name=\"twitter:creator\" content=\"@sonoraenequipo\" \/>\n<meta name=\"twitter:site\" content=\"@sonoraenequipo\" \/>\n<meta name=\"twitter:label1\" content=\"Escrito por\" \/>\n\t<meta name=\"twitter:data1\" content=\"enequipo\" \/>\n\t<meta name=\"twitter:label2\" content=\"Tiempo de lectura\" \/>\n\t<meta name=\"twitter:data2\" content=\"1 minuto\" \/>\n<script type=\"application\/ld+json\" class=\"yoast-schema-graph\">{\"@context\":\"https:\/\/schema.org\",\"@graph\":[{\"@type\":\"Article\",\"@id\":\"https:\/\/www.sonoraenequipo.com.mx\/realiza-gobierno-de-sonora-reunion-mensual-de-voluntariados-en-casa-de-dia-y-casa-hogar\/#article\",\"isPartOf\":{\"@id\":\"https:\/\/www.sonoraenequipo.com.mx\/realiza-gobierno-de-sonora-reunion-mensual-de-voluntariados-en-casa-de-dia-y-casa-hogar\/\"},\"author\":{\"name\":\"enequipo\",\"@id\":\"https:\/\/www.sonoraenequipo.com.mx\/#\/schema\/person\/50102df0fb23a8fa9e8effad8fa81386\"},\"headline\":\"Realiza Gobierno de Sonora reuni\u00f3n mensual de voluntariados en Casa de D\u00eda y Casa Hogar\",\"datePublished\":\"2026-04-29T17:33:58+00:00\",\"dateModified\":\"2026-04-29T17:37:21+00:00\",\"mainEntityOfPage\":{\"@id\":\"https:\/\/www.sonoraenequipo.com.mx\/realiza-gobierno-de-sonora-reunion-mensual-de-voluntariados-en-casa-de-dia-y-casa-hogar\/\"},\"wordCount\":304,\"commentCount\":0,\"publisher\":{\"@id\":\"https:\/\/www.sonoraenequipo.com.mx\/#organization\"},\"image\":{\"@id\":\"https:\/\/www.sonoraenequipo.com.mx\/realiza-gobierno-de-sonora-reunion-mensual-de-voluntariados-en-casa-de-dia-y-casa-hogar\/#primaryimage\"},\"thumbnailUrl\":\"https:\/\/www.sonoraenequipo.com.mx\/storage\/2026\/04\/reunion-mensual-de-voluntariados-en-Casa-de-Dia-y-Casa-Hogar-1.jpg\",\"articleSection\":[\"Sonora\"],\"inLanguage\":\"es\",\"potentialAction\":[{\"@type\":\"CommentAction\",\"name\":\"Comment\",\"target\":[\"https:\/\/www.sonoraenequipo.com.mx\/realiza-gobierno-de-sonora-reunion-mensual-de-voluntariados-en-casa-de-dia-y-casa-hogar\/#respond\"]}]},{\"@type\":\"WebPage\",\"@id\":\"https:\/\/www.sonoraenequipo.com.mx\/realiza-gobierno-de-sonora-reunion-mensual-de-voluntariados-en-casa-de-dia-y-casa-hogar\/\",\"url\":\"https:\/\/www.sonoraenequipo.com.mx\/realiza-gobierno-de-sonora-reunion-mensual-de-voluntariados-en-casa-de-dia-y-casa-hogar\/\",\"name\":\"Sonora en Equipo. Realiza Gobierno de Sonora reuni\u00f3n mensual de voluntariados en Casa de D\u00eda y Casa Hogar Sonora\",\"isPartOf\":{\"@id\":\"https:\/\/www.sonoraenequipo.com.mx\/#website\"},\"primaryImageOfPage\":{\"@id\":\"https:\/\/www.sonoraenequipo.com.mx\/realiza-gobierno-de-sonora-reunion-mensual-de-voluntariados-en-casa-de-dia-y-casa-hogar\/#primaryimage\"},\"image\":{\"@id\":\"https:\/\/www.sonoraenequipo.com.mx\/realiza-gobierno-de-sonora-reunion-mensual-de-voluntariados-en-casa-de-dia-y-casa-hogar\/#primaryimage\"},\"thumbnailUrl\":\"https:\/\/www.sonoraenequipo.com.mx\/storage\/2026\/04\/reunion-mensual-de-voluntariados-en-Casa-de-Dia-y-Casa-Hogar-1.jpg\",\"datePublished\":\"2026-04-29T17:33:58+00:00\",\"dateModified\":\"2026-04-29T17:37:21+00:00\",\"description\":\"HERMOSILLO, SONORA.MX. \u2014\u00a0 En un ambiente de compromiso, solidaridad y trabajo en equipo, el Gobierno de Sonora, a trav\u00e9s del Sistema para el Desarrollo En Sonora en Equipo publicamos toda la informaci\u00f3n de Sonora, M\u00e9xico y el Mundo de manera oportuna y busca que la libertad de expresi\u00f3n sea real. Visita nuestro medio informativo publicado desde Hermosillo, Sonora. %\",\"breadcrumb\":{\"@id\":\"https:\/\/www.sonoraenequipo.com.mx\/realiza-gobierno-de-sonora-reunion-mensual-de-voluntariados-en-casa-de-dia-y-casa-hogar\/#breadcrumb\"},\"inLanguage\":\"es\",\"potentialAction\":[{\"@type\":\"ReadAction\",\"target\":[\"https:\/\/www.sonoraenequipo.com.mx\/realiza-gobierno-de-sonora-reunion-mensual-de-voluntariados-en-casa-de-dia-y-casa-hogar\/\"]}]},{\"@type\":\"ImageObject\",\"inLanguage\":\"es\",\"@id\":\"https:\/\/www.sonoraenequipo.com.mx\/realiza-gobierno-de-sonora-reunion-mensual-de-voluntariados-en-casa-de-dia-y-casa-hogar\/#primaryimage\",\"url\":\"https:\/\/www.sonoraenequipo.com.mx\/storage\/2026\/04\/reunion-mensual-de-voluntariados-en-Casa-de-Dia-y-Casa-Hogar-1.jpg\",\"contentUrl\":\"https:\/\/www.sonoraenequipo.com.mx\/storage\/2026\/04\/reunion-mensual-de-voluntariados-en-Casa-de-Dia-y-Casa-Hogar-1.jpg\",\"width\":1000,\"height\":667},{\"@type\":\"BreadcrumbList\",\"@id\":\"https:\/\/www.sonoraenequipo.com.mx\/realiza-gobierno-de-sonora-reunion-mensual-de-voluntariados-en-casa-de-dia-y-casa-hogar\/#breadcrumb\",\"itemListElement\":[{\"@type\":\"ListItem\",\"position\":1,\"name\":\"Portada\",\"item\":\"https:\/\/www.sonoraenequipo.com.mx\/\"},{\"@type\":\"ListItem\",\"position\":2,\"name\":\"Realiza Gobierno de Sonora reuni\u00f3n mensual de voluntariados en Casa de D\u00eda y Casa Hogar\"}]},{\"@type\":\"WebSite\",\"@id\":\"https:\/\/www.sonoraenequipo.com.mx\/#website\",\"url\":\"https:\/\/www.sonoraenequipo.com.mx\/\",\"name\":\"Sonora en Equipo.\",\"description\":\"Diario en l\u00ednea con Noticias desde Hermosillo, Sonora\",\"publisher\":{\"@id\":\"https:\/\/www.sonoraenequipo.com.mx\/#organization\"},\"potentialAction\":[{\"@type\":\"SearchAction\",\"target\":{\"@type\":\"EntryPoint\",\"urlTemplate\":\"https:\/\/www.sonoraenequipo.com.mx\/?s={search_term_string}\"},\"query-input\":{\"@type\":\"PropertyValueSpecification\",\"valueRequired\":true,\"valueName\":\"search_term_string\"}}],\"inLanguage\":\"es\"},{\"@type\":\"Organization\",\"@id\":\"https:\/\/www.sonoraenequipo.com.mx\/#organization\",\"name\":\"Sonoraenequipo.com.mx\",\"url\":\"https:\/\/www.sonoraenequipo.com.mx\/\",\"logo\":{\"@type\":\"ImageObject\",\"inLanguage\":\"es\",\"@id\":\"https:\/\/www.sonoraenequipo.com.mx\/#\/schema\/logo\/image\/\",\"url\":\"https:\/\/www.sonoraenequipo.com.mx\/storage\/2019\/01\/sonoraenequipo_opt.png\",\"contentUrl\":\"https:\/\/www.sonoraenequipo.com.mx\/storage\/2019\/01\/sonoraenequipo_opt.png\",\"width\":375,\"height\":125,\"caption\":\"Sonoraenequipo.com.mx\"},\"image\":{\"@id\":\"https:\/\/www.sonoraenequipo.com.mx\/#\/schema\/logo\/image\/\"},\"sameAs\":[\"https:\/\/www.facebook.com\/SonoraEE\/\",\"https:\/\/x.com\/sonoraenequipo\",\"https:\/\/www.youtube.com\/channel\/UC338nW-lPEYmJQs4ZABQ1SQ\"]},{\"@type\":\"Person\",\"@id\":\"https:\/\/www.sonoraenequipo.com.mx\/#\/schema\/person\/50102df0fb23a8fa9e8effad8fa81386\",\"name\":\"enequipo\",\"image\":{\"@type\":\"ImageObject\",\"inLanguage\":\"es\",\"@id\":\"https:\/\/www.sonoraenequipo.com.mx\/#\/schema\/person\/image\/\",\"url\":\"https:\/\/secure.gravatar.com\/avatar\/049821681b589dabc0bc20695993ccebb09f5b5d4d790cd9251b97faac7c652b?s=96&d=blank&r=g\",\"contentUrl\":\"https:\/\/secure.gravatar.com\/avatar\/049821681b589dabc0bc20695993ccebb09f5b5d4d790cd9251b97faac7c652b?s=96&d=blank&r=g\",\"caption\":\"enequipo\"},\"sameAs\":[\"https:\/\/www.facebook.com\/SonoraEE\"]}]}<\/script>\n ","yoast_head_json":{"title":"Sonora en Equipo. Realiza Gobierno de Sonora reuni\u00f3n mensual de voluntariados en Casa de D\u00eda y Casa Hogar Sonora","description":"HERMOSILLO, SONORA.MX. \u2014\u00a0 En un ambiente de compromiso, solidaridad y trabajo en equipo, el Gobierno de Sonora, a trav\u00e9s del Sistema para el Desarrollo En Sonora en Equipo publicamos toda la informaci\u00f3n de Sonora, M\u00e9xico y el Mundo de manera oportuna y busca que la libertad de expresi\u00f3n sea real. Visita nuestro medio informativo publicado desde Hermosillo, Sonora. %","robots":{"index":"index","follow":"follow","max-snippet":"max-snippet:-1","max-image-preview":"max-image-preview:large","max-video-preview":"max-video-preview:-1"},"canonical":"https:\/\/www.sonoraenequipo.com.mx\/realiza-gobierno-de-sonora-reunion-mensual-de-voluntariados-en-casa-de-dia-y-casa-hogar\/","og_locale":"es_ES","og_type":"article","og_title":"Sonora en Equipo. Realiza Gobierno de Sonora reuni\u00f3n mensual de voluntariados en Casa de D\u00eda y Casa Hogar Sonora","og_description":"HERMOSILLO, SONORA.MX. \u2014\u00a0 En un ambiente de compromiso, solidaridad y trabajo en equipo, el Gobierno de Sonora, a trav\u00e9s del Sistema para el Desarrollo En Sonora en Equipo publicamos toda la informaci\u00f3n de Sonora, M\u00e9xico y el Mundo de manera oportuna y busca que la libertad de expresi\u00f3n sea real. Visita nuestro medio informativo publicado desde Hermosillo, Sonora. %","og_url":"https:\/\/www.sonoraenequipo.com.mx\/realiza-gobierno-de-sonora-reunion-mensual-de-voluntariados-en-casa-de-dia-y-casa-hogar\/","og_site_name":"Sonora en Equipo.","article_publisher":"https:\/\/www.facebook.com\/SonoraEE\/","article_author":"https:\/\/www.facebook.com\/SonoraEE","article_published_time":"2026-04-29T17:33:58+00:00","article_modified_time":"2026-04-29T17:37:21+00:00","og_image":[{"width":1000,"height":667,"url":"https:\/\/www.sonoraenequipo.com.mx\/storage\/2026\/04\/reunion-mensual-de-voluntariados-en-Casa-de-Dia-y-Casa-Hogar-1.jpg","type":"image\/jpeg"}],"author":"enequipo","twitter_card":"summary_large_image","twitter_creator":"@sonoraenequipo","twitter_site":"@sonoraenequipo","twitter_misc":{"Escrito por":"enequipo","Tiempo de lectura":"1 minuto"},"schema":{"@context":"https:\/\/schema.org","@graph":[{"@type":"Article","@id":"https:\/\/www.sonoraenequipo.com.mx\/realiza-gobierno-de-sonora-reunion-mensual-de-voluntariados-en-casa-de-dia-y-casa-hogar\/#article","isPartOf":{"@id":"https:\/\/www.sonoraenequipo.com.mx\/realiza-gobierno-de-sonora-reunion-mensual-de-voluntariados-en-casa-de-dia-y-casa-hogar\/"},"author":{"name":"enequipo","@id":"https:\/\/www.sonoraenequipo.com.mx\/#\/schema\/person\/50102df0fb23a8fa9e8effad8fa81386"},"headline":"Realiza Gobierno de Sonora reuni\u00f3n mensual de voluntariados en Casa de D\u00eda y Casa Hogar","datePublished":"2026-04-29T17:33:58+00:00","dateModified":"2026-04-29T17:37:21+00:00","mainEntityOfPage":{"@id":"https:\/\/www.sonoraenequipo.com.mx\/realiza-gobierno-de-sonora-reunion-mensual-de-voluntariados-en-casa-de-dia-y-casa-hogar\/"},"wordCount":304,"commentCount":0,"publisher":{"@id":"https:\/\/www.sonoraenequipo.com.mx\/#organization"},"image":{"@id":"https:\/\/www.sonoraenequipo.com.mx\/realiza-gobierno-de-sonora-reunion-mensual-de-voluntariados-en-casa-de-dia-y-casa-hogar\/#primaryimage"},"thumbnailUrl":"https:\/\/www.sonoraenequipo.com.mx\/storage\/2026\/04\/reunion-mensual-de-voluntariados-en-Casa-de-Dia-y-Casa-Hogar-1.jpg","articleSection":["Sonora"],"inLanguage":"es","potentialAction":[{"@type":"CommentAction","name":"Comment","target":["https:\/\/www.sonoraenequipo.com.mx\/realiza-gobierno-de-sonora-reunion-mensual-de-voluntariados-en-casa-de-dia-y-casa-hogar\/#respond"]}]},{"@type":"WebPage","@id":"https:\/\/www.sonoraenequipo.com.mx\/realiza-gobierno-de-sonora-reunion-mensual-de-voluntariados-en-casa-de-dia-y-casa-hogar\/","url":"https:\/\/www.sonoraenequipo.com.mx\/realiza-gobierno-de-sonora-reunion-mensual-de-voluntariados-en-casa-de-dia-y-casa-hogar\/","name":"Sonora en Equipo. Realiza Gobierno de Sonora reuni\u00f3n mensual de voluntariados en Casa de D\u00eda y Casa Hogar Sonora","isPartOf":{"@id":"https:\/\/www.sonoraenequipo.com.mx\/#website"},"primaryImageOfPage":{"@id":"https:\/\/www.sonoraenequipo.com.mx\/realiza-gobierno-de-sonora-reunion-mensual-de-voluntariados-en-casa-de-dia-y-casa-hogar\/#primaryimage"},"image":{"@id":"https:\/\/www.sonoraenequipo.com.mx\/realiza-gobierno-de-sonora-reunion-mensual-de-voluntariados-en-casa-de-dia-y-casa-hogar\/#primaryimage"},"thumbnailUrl":"https:\/\/www.sonoraenequipo.com.mx\/storage\/2026\/04\/reunion-mensual-de-voluntariados-en-Casa-de-Dia-y-Casa-Hogar-1.jpg","datePublished":"2026-04-29T17:33:58+00:00","dateModified":"2026-04-29T17:37:21+00:00","description":"HERMOSILLO, SONORA.MX. \u2014\u00a0 En un ambiente de compromiso, solidaridad y trabajo en equipo, el Gobierno de Sonora, a trav\u00e9s del Sistema para el Desarrollo En Sonora en Equipo publicamos toda la informaci\u00f3n de Sonora, M\u00e9xico y el Mundo de manera oportuna y busca que la libertad de expresi\u00f3n sea real. Visita nuestro medio informativo publicado desde Hermosillo, Sonora. %","breadcrumb":{"@id":"https:\/\/www.sonoraenequipo.com.mx\/realiza-gobierno-de-sonora-reunion-mensual-de-voluntariados-en-casa-de-dia-y-casa-hogar\/#breadcrumb"},"inLanguage":"es","potentialAction":[{"@type":"ReadAction","target":["https:\/\/www.sonoraenequipo.com.mx\/realiza-gobierno-de-sonora-reunion-mensual-de-voluntariados-en-casa-de-dia-y-casa-hogar\/"]}]},{"@type":"ImageObject","inLanguage":"es","@id":"https:\/\/www.sonoraenequipo.com.mx\/realiza-gobierno-de-sonora-reunion-mensual-de-voluntariados-en-casa-de-dia-y-casa-hogar\/#primaryimage","url":"https:\/\/www.sonoraenequipo.com.mx\/storage\/2026\/04\/reunion-mensual-de-voluntariados-en-Casa-de-Dia-y-Casa-Hogar-1.jpg","contentUrl":"https:\/\/www.sonoraenequipo.com.mx\/storage\/2026\/04\/reunion-mensual-de-voluntariados-en-Casa-de-Dia-y-Casa-Hogar-1.jpg","width":1000,"height":667},{"@type":"BreadcrumbList","@id":"https:\/\/www.sonoraenequipo.com.mx\/realiza-gobierno-de-sonora-reunion-mensual-de-voluntariados-en-casa-de-dia-y-casa-hogar\/#breadcrumb","itemListElement":[{"@type":"ListItem","position":1,"name":"Portada","item":"https:\/\/www.sonoraenequipo.com.mx\/"},{"@type":"ListItem","position":2,"name":"Realiza Gobierno de Sonora reuni\u00f3n mensual de voluntariados en Casa de D\u00eda y Casa Hogar"}]},{"@type":"WebSite","@id":"https:\/\/www.sonoraenequipo.com.mx\/#website","url":"https:\/\/www.sonoraenequipo.com.mx\/","name":"Sonora en Equipo.","description":"Diario en l\u00ednea con Noticias desde Hermosillo, Sonora","publisher":{"@id":"https:\/\/www.sonoraenequipo.com.mx\/#organization"},"potentialAction":[{"@type":"SearchAction","target":{"@type":"EntryPoint","urlTemplate":"https:\/\/www.sonoraenequipo.com.mx\/?s={search_term_string}"},"query-input":{"@type":"PropertyValueSpecification","valueRequired":true,"valueName":"search_term_string"}}],"inLanguage":"es"},{"@type":"Organization","@id":"https:\/\/www.sonoraenequipo.com.mx\/#organization","name":"Sonoraenequipo.com.mx","url":"https:\/\/www.sonoraenequipo.com.mx\/","logo":{"@type":"ImageObject","inLanguage":"es","@id":"https:\/\/www.sonoraenequipo.com.mx\/#\/schema\/logo\/image\/","url":"https:\/\/www.sonoraenequipo.com.mx\/storage\/2019\/01\/sonoraenequipo_opt.png","contentUrl":"https:\/\/www.sonoraenequipo.com.mx\/storage\/2019\/01\/sonoraenequipo_opt.png","width":375,"height":125,"caption":"Sonoraenequipo.com.mx"},"image":{"@id":"https:\/\/www.sonoraenequipo.com.mx\/#\/schema\/logo\/image\/"},"sameAs":["https:\/\/www.facebook.com\/SonoraEE\/","https:\/\/x.com\/sonoraenequipo","https:\/\/www.youtube.com\/channel\/UC338nW-lPEYmJQs4ZABQ1SQ"]},{"@type":"Person","@id":"https:\/\/www.sonoraenequipo.com.mx\/#\/schema\/person\/50102df0fb23a8fa9e8effad8fa81386","name":"enequipo","image":{"@type":"ImageObject","inLanguage":"es","@id":"https:\/\/www.sonoraenequipo.com.mx\/#\/schema\/person\/image\/","url":"https:\/\/secure.gravatar.com\/avatar\/049821681b589dabc0bc20695993ccebb09f5b5d4d790cd9251b97faac7c652b?s=96&d=blank&r=g","contentUrl":"https:\/\/secure.gravatar.com\/avatar\/049821681b589dabc0bc20695993ccebb09f5b5d4d790cd9251b97faac7c652b?s=96&d=blank&r=g","caption":"enequipo"},"sameAs":["https:\/\/www.facebook.com\/SonoraEE"]}]}},"jetpack_featured_media_url":"https:\/\/www.sonoraenequipo.com.mx\/storage\/2026\/04\/reunion-mensual-de-voluntariados-en-Casa-de-Dia-y-Casa-Hogar-1.jpg","_links":{"self":[{"href":"https:\/\/www.sonoraenequipo.com.mx\/api\/wp\/v2\/posts\/240824","targetHints":{"allow":["GET"]}}],"collection":[{"href":"https:\/\/www.sonoraenequipo.com.mx\/api\/wp\/v2\/posts"}],"about":[{"href":"https:\/\/www.sonoraenequipo.com.mx\/api\/wp\/v2\/types\/post"}],"author":[{"embeddable":true,"href":"https:\/\/www.sonoraenequipo.com.mx\/api\/wp\/v2\/users\/1"}],"replies":[{"embeddable":true,"href":"https:\/\/www.sonoraenequipo.com.mx\/api\/wp\/v2\/comments?post=240824"}],"version-history":[{"count":1,"href":"https:\/\/www.sonoraenequipo.com.mx\/api\/wp\/v2\/posts\/240824\/revisions"}],"predecessor-version":[{"id":240829,"href":"https:\/\/www.sonoraenequipo.com.mx\/api\/wp\/v2\/posts\/240824\/revisions\/240829"}],"wp:featuredmedia":[{"embeddable":true,"href":"https:\/\/www.sonoraenequipo.com.mx\/api\/wp\/v2\/media\/240825"}],"wp:attachment":[{"href":"https:\/\/www.sonoraenequipo.com.mx\/api\/wp\/v2\/media?parent=240824"}],"wp:term":[{"taxonomy":"category","embeddable":true,"href":"https:\/\/www.sonoraenequipo.com.mx\/api\/wp\/v2\/categories?post=240824"},{"taxonomy":"post_tag","embeddable":true,"href":"https:\/\/www.sonoraenequipo.com.mx\/api\/wp\/v2\/tags?post=240824"}],"curies":[{"name":"wp","href":"https:\/\/api.w.org\/{rel}","templated":true}]}}