{"id":240831,"date":"2026-04-29T11:03:48","date_gmt":"2026-04-29T18:03:48","guid":{"rendered":"https:\/\/www.sonoraenequipo.com.mx\/?p=240831"},"modified":"2026-04-29T11:03:48","modified_gmt":"2026-04-29T18:03:48","slug":"nombra-presidenta-del-ine-nuevos-cargos-directivos","status":"publish","type":"post","link":"https:\/\/www.sonoraenequipo.com.mx\/nombra-presidenta-del-ine-nuevos-cargos-directivos\/","title":{"rendered":"Nombra presidenta del INE nuevos cargos directivos"},"content":{"rendered":"<p><strong>CIUDAD DE M\u00c9XICO, MX. \u2014<\/strong> En apego a sus atribuciones legales, la Consejera Presidenta del Instituto Nacional Electoral (INE), Guadalupe Taddei Zavala, anunci\u00f3 la incorporaci\u00f3n de nuevos integrantes en direcciones ejecutivas y unidades t\u00e9cnicas, con el objetivo de fortalecer la capacidad institucional frente al pr\u00f3ximo Proceso Electoral Federal 2026-2027, y asegur\u00f3 que \u201cno tenemos otra preocupaci\u00f3n m\u00e1s all\u00e1 de hacer las cosas con excelencia\u201d.<\/p>\n<p>&nbsp;<\/p>\n<p>&nbsp;<\/p>\n<p>&nbsp;<\/p>\n<p>La Presidenta del INE entreg\u00f3 a consejeras y consejeros una carpeta con los nombres de las personas que a partir de hoy asumen la titularidad de \u00e1reas estrat\u00e9gicas del Instituto.<\/p>\n<p>&nbsp;<\/p>\n<p>&nbsp;<\/p>\n<p>&nbsp;<\/p>\n<p>Taddei Zavala reconoci\u00f3 el esfuerzo de quienes aceptaron encargadur\u00edas en momentos de transici\u00f3n e incluso en situaciones extremas y a quienes se les otorgan las titularidades de sus \u00e1reas, al tiempo que dio la bienvenida a los nuevos perfiles profesionales.<\/p>\n<p>&nbsp;<\/p>\n<p>&nbsp;<\/p>\n<p>&nbsp;<\/p>\n<p>En este marco, la Consejera Presidenta del INE design\u00f3 a Mario Alberto Alejo Garc\u00eda como Titular de la Unidad T\u00e9cnica de Fiscalizaci\u00f3n; a Anah\u00ed Silva Tosca como Directora Ejecutiva de Asuntos Jur\u00eddicos; a Alejandro Romero Mill\u00e1n, como Director Ejecutivo de Prerrogativas y Partidos Pol\u00edticos; y a Eduardo Hugo Ram\u00edrez Salazar como Titular de la Direcci\u00f3n Ejecutiva de Capacitaci\u00f3n Electoral y Educaci\u00f3n C\u00edvica.<\/p>\n<p>&nbsp;<\/p>\n<p>&nbsp;<\/p>\n<p>&nbsp;<\/p>\n<p>Asimismo, la Consejera Presidenta nombr\u00f3 como titulares a funcionarios que hasta ahora se desempe\u00f1aban como Encargados de despacho en distintas \u00e1reas operativas del Instituto y ratific\u00f3 a Roberto Carlos F\u00e9lix L\u00f3pez, en la Direcci\u00f3n Ejecutiva de Organizaci\u00f3n Electoral y a Jorge Egren Moreno Troncoso, en la Direcci\u00f3n Ejecutiva del Servicio Profesional Electoral Nacional.<\/p>\n<p>&nbsp;<\/p>\n<p>&nbsp;<\/p>\n<p>&nbsp;<\/p>\n<p>A Pedro Pablo Chirinos Ben\u00edtez, como Titular de la Unidad T\u00e9cnica de Vinculaci\u00f3n con los Organismos P\u00fablicos Locales; a Jos\u00e9 Alberto P\u00e9rez de Acha, se le nombr\u00f3 como Titular de la Unidad T\u00e9cnica de Servicios de Inform\u00e1tica (UTSI) y a Sergio Uzeta Murcio, como Titular de la Coordinaci\u00f3n Nacional de Comunicaci\u00f3n Social del Instituto.<\/p>\n<p>&nbsp;<\/p>\n<p>&nbsp;<\/p>\n<p>&nbsp;<\/p>\n<p>En este contexto, la Consejera Presidenta indic\u00f3 que la Unidad T\u00e9cnica de lo Contencioso Electoral, la Unidad T\u00e9cnica de Igualdad de G\u00e9nero y No Discriminaci\u00f3n, as\u00ed como la Unidad T\u00e9cnica de Transparencia y Protecci\u00f3n de Datos Personales se encuentran en revisi\u00f3n.<\/p>\n<p>&nbsp;<\/p>\n<p>&nbsp;<\/p>\n<p>&nbsp;<\/p>\n<p>Tambi\u00e9n inform\u00f3 que, a partir del 16 de mayo, Eduardo Meza Rinc\u00f3n asumir\u00e1 la titularidad de la Direcci\u00f3n Ejecutiva de Administraci\u00f3n.<\/p>\n<p>&nbsp;<\/p>\n<p>&nbsp;<\/p>\n<p>&nbsp;<\/p>\n<p>La Consejera Presidenta enumer\u00f3 la relevancia de los perfiles que se suman al Instituto, al considerar que su experiencia y profesionalismo permitir\u00e1n afrontar con \u00e9xito los retos de una elecci\u00f3n concurrente de gran magnitud.<\/p>\n<p>&nbsp;<\/p>\n<p>&nbsp;<\/p>\n<p>&nbsp;<\/p>\n<p>\u201cLos perfiles de todos los que hoy nos integramos a este \u00f3rgano colegiado dan cuenta por s\u00ed mismos de la capacidad que estamos poniendo al frente, para sacar bien con altos niveles de \u00e9xito nuestras encomiendas\u201d, expres\u00f3.<\/p>\n<p>&nbsp;<\/p>\n<p>&nbsp;<\/p>\n<p>&nbsp;<\/p>\n<p>Tambi\u00e9n contextualiz\u00f3 la preparaci\u00f3n institucional ante posibles reformas legislativas y judiciales que podr\u00edan impactar el calendario electoral. Taddei Zavala consider\u00f3 necesario anticiparse a cualquier escenario y fortalecer la tranquilidad en las \u00e1reas de trabajo, con el prop\u00f3sito de garantizar certeza y confianza en el proceso democr\u00e1tico.<\/p>\n<p>&nbsp;<\/p>\n<p>&nbsp;<\/p>\n<p>&nbsp;<\/p>\n<p>Ejemplific\u00f3 con el caso de la Direcci\u00f3n Ejecutiva de Administraci\u00f3n, donde Jes\u00fas Octavio Garc\u00eda Gonz\u00e1lez asumi\u00f3 la responsabilidad de entregar en un plazo de 15 d\u00edas los pendientes de su \u00e1rea, garantizando orden y resultados positivos.<\/p>\n<p>&nbsp;<\/p>\n<p>&nbsp;<\/p>\n<p>&nbsp;<\/p>\n<p>Con este anuncio, el INE reafirma su compromiso de trabajar con excelencia, profesionalismo y transparencia, consolidando su papel como garante de la organizaci\u00f3n de elecciones en M\u00e9xico.<\/p>\n<p><strong>Fecha de publicaci\u00f3n martes 29 de abril de 2026<\/strong><\/p>\n","protected":false},"excerpt":{"rendered":"<p>CIUDAD DE M\u00c9XICO, MX. \u2014 En apego a sus atribuciones legales, la Consejera Presidenta del&#8230;<\/p>\n","protected":false},"author":1,"featured_media":240837,"comment_status":"open","ping_status":"open","sticky":false,"template":"","format":"standard","meta":{"_monsterinsights_skip_tracking":false,"_monsterinsights_sitenote_active":false,"_monsterinsights_sitenote_note":"","_monsterinsights_sitenote_category":0,"footnotes":""},"categories":[5],"tags":[11935,8280],"class_list":["post"],"yoast_head":" \n<title>Sonora en Equipo. Nombra presidenta del INE nuevos cargos directivos Rep\u00fablica<\/title>\n<meta name=\"description\" content=\"CIUDAD DE M\u00c9XICO, MX. \u2014 En apego a sus atribuciones legales, la Consejera Presidenta del Instituto Nacional Electoral (INE), Guadalupe Taddei Zavala, En Sonora en Equipo publicamos toda la informaci\u00f3n de Sonora, M\u00e9xico y el Mundo de manera oportuna y busca que la libertad de expresi\u00f3n sea real. Visita nuestro medio informativo publicado desde Hermosillo, Sonora. %\" \/>\n<meta name=\"robots\" content=\"index, follow, max-snippet:-1, max-image-preview:large, max-video-preview:-1\" \/>\n<link rel=\"canonical\" href=\"https:\/\/www.sonoraenequipo.com.mx\/nombra-presidenta-del-ine-nuevos-cargos-directivos\/\" \/>\n<meta property=\"og:locale\" content=\"es_ES\" \/>\n<meta property=\"og:type\" content=\"article\" \/>\n<meta property=\"og:title\" content=\"Sonora en Equipo. Nombra presidenta del INE nuevos cargos directivos Rep\u00fablica\" \/>\n<meta property=\"og:description\" content=\"CIUDAD DE M\u00c9XICO, MX. \u2014 En apego a sus atribuciones legales, la Consejera Presidenta del Instituto Nacional Electoral (INE), Guadalupe Taddei Zavala, En Sonora en Equipo publicamos toda la informaci\u00f3n de Sonora, M\u00e9xico y el Mundo de manera oportuna y busca que la libertad de expresi\u00f3n sea real. Visita nuestro medio informativo publicado desde Hermosillo, Sonora. %\" \/>\n<meta property=\"og:url\" content=\"https:\/\/www.sonoraenequipo.com.mx\/nombra-presidenta-del-ine-nuevos-cargos-directivos\/\" \/>\n<meta property=\"og:site_name\" content=\"Sonora en Equipo.\" \/>\n<meta property=\"article:publisher\" content=\"https:\/\/www.facebook.com\/SonoraEE\/\" \/>\n<meta property=\"article:author\" content=\"https:\/\/www.facebook.com\/SonoraEE\" \/>\n<meta property=\"article:published_time\" content=\"2026-04-29T18:03:48+00:00\" \/>\n<meta property=\"og:image\" content=\"https:\/\/www.sonoraenequipo.com.mx\/storage\/2026\/04\/ine.jpg\" \/>\n\t<meta property=\"og:image:width\" content=\"600\" \/>\n\t<meta property=\"og:image:height\" content=\"400\" \/>\n\t<meta property=\"og:image:type\" content=\"image\/jpeg\" \/>\n<meta name=\"author\" content=\"enequipo\" \/>\n<meta name=\"twitter:card\" content=\"summary_large_image\" \/>\n<meta name=\"twitter:creator\" content=\"@sonoraenequipo\" \/>\n<meta name=\"twitter:site\" content=\"@sonoraenequipo\" \/>\n<meta name=\"twitter:label1\" content=\"Escrito por\" \/>\n\t<meta name=\"twitter:data1\" content=\"enequipo\" \/>\n\t<meta name=\"twitter:label2\" content=\"Tiempo de lectura\" \/>\n\t<meta name=\"twitter:data2\" content=\"3 minutos\" \/>\n<script type=\"application\/ld+json\" class=\"yoast-schema-graph\">{\"@context\":\"https:\/\/schema.org\",\"@graph\":[{\"@type\":\"Article\",\"@id\":\"https:\/\/www.sonoraenequipo.com.mx\/nombra-presidenta-del-ine-nuevos-cargos-directivos\/#article\",\"isPartOf\":{\"@id\":\"https:\/\/www.sonoraenequipo.com.mx\/nombra-presidenta-del-ine-nuevos-cargos-directivos\/\"},\"author\":{\"name\":\"enequipo\",\"@id\":\"https:\/\/www.sonoraenequipo.com.mx\/#\/schema\/person\/50102df0fb23a8fa9e8effad8fa81386\"},\"headline\":\"Nombra presidenta del INE nuevos cargos directivos\",\"datePublished\":\"2026-04-29T18:03:48+00:00\",\"mainEntityOfPage\":{\"@id\":\"https:\/\/www.sonoraenequipo.com.mx\/nombra-presidenta-del-ine-nuevos-cargos-directivos\/\"},\"wordCount\":654,\"commentCount\":0,\"publisher\":{\"@id\":\"https:\/\/www.sonoraenequipo.com.mx\/#organization\"},\"image\":{\"@id\":\"https:\/\/www.sonoraenequipo.com.mx\/nombra-presidenta-del-ine-nuevos-cargos-directivos\/#primaryimage\"},\"thumbnailUrl\":\"https:\/\/www.sonoraenequipo.com.mx\/storage\/2026\/04\/ine.jpg\",\"keywords\":[\"2026-2027\",\"PEF\"],\"articleSection\":[\"Rep\u00fablica\"],\"inLanguage\":\"es\",\"potentialAction\":[{\"@type\":\"CommentAction\",\"name\":\"Comment\",\"target\":[\"https:\/\/www.sonoraenequipo.com.mx\/nombra-presidenta-del-ine-nuevos-cargos-directivos\/#respond\"]}]},{\"@type\":\"WebPage\",\"@id\":\"https:\/\/www.sonoraenequipo.com.mx\/nombra-presidenta-del-ine-nuevos-cargos-directivos\/\",\"url\":\"https:\/\/www.sonoraenequipo.com.mx\/nombra-presidenta-del-ine-nuevos-cargos-directivos\/\",\"name\":\"Sonora en Equipo. Nombra presidenta del INE nuevos cargos directivos Rep\u00fablica\",\"isPartOf\":{\"@id\":\"https:\/\/www.sonoraenequipo.com.mx\/#website\"},\"primaryImageOfPage\":{\"@id\":\"https:\/\/www.sonoraenequipo.com.mx\/nombra-presidenta-del-ine-nuevos-cargos-directivos\/#primaryimage\"},\"image\":{\"@id\":\"https:\/\/www.sonoraenequipo.com.mx\/nombra-presidenta-del-ine-nuevos-cargos-directivos\/#primaryimage\"},\"thumbnailUrl\":\"https:\/\/www.sonoraenequipo.com.mx\/storage\/2026\/04\/ine.jpg\",\"datePublished\":\"2026-04-29T18:03:48+00:00\",\"description\":\"CIUDAD DE M\u00c9XICO, MX. \u2014 En apego a sus atribuciones legales, la Consejera Presidenta del Instituto Nacional Electoral (INE), Guadalupe Taddei Zavala, En Sonora en Equipo publicamos toda la informaci\u00f3n de Sonora, M\u00e9xico y el Mundo de manera oportuna y busca que la libertad de expresi\u00f3n sea real. Visita nuestro medio informativo publicado desde Hermosillo, Sonora. %\",\"breadcrumb\":{\"@id\":\"https:\/\/www.sonoraenequipo.com.mx\/nombra-presidenta-del-ine-nuevos-cargos-directivos\/#breadcrumb\"},\"inLanguage\":\"es\",\"potentialAction\":[{\"@type\":\"ReadAction\",\"target\":[\"https:\/\/www.sonoraenequipo.com.mx\/nombra-presidenta-del-ine-nuevos-cargos-directivos\/\"]}]},{\"@type\":\"ImageObject\",\"inLanguage\":\"es\",\"@id\":\"https:\/\/www.sonoraenequipo.com.mx\/nombra-presidenta-del-ine-nuevos-cargos-directivos\/#primaryimage\",\"url\":\"https:\/\/www.sonoraenequipo.com.mx\/storage\/2026\/04\/ine.jpg\",\"contentUrl\":\"https:\/\/www.sonoraenequipo.com.mx\/storage\/2026\/04\/ine.jpg\",\"width\":600,\"height\":400},{\"@type\":\"BreadcrumbList\",\"@id\":\"https:\/\/www.sonoraenequipo.com.mx\/nombra-presidenta-del-ine-nuevos-cargos-directivos\/#breadcrumb\",\"itemListElement\":[{\"@type\":\"ListItem\",\"position\":1,\"name\":\"Portada\",\"item\":\"https:\/\/www.sonoraenequipo.com.mx\/\"},{\"@type\":\"ListItem\",\"position\":2,\"name\":\"Nombra presidenta del INE nuevos cargos directivos\"}]},{\"@type\":\"WebSite\",\"@id\":\"https:\/\/www.sonoraenequipo.com.mx\/#website\",\"url\":\"https:\/\/www.sonoraenequipo.com.mx\/\",\"name\":\"Sonora en Equipo.\",\"description\":\"Diario en l\u00ednea con Noticias desde Hermosillo, Sonora\",\"publisher\":{\"@id\":\"https:\/\/www.sonoraenequipo.com.mx\/#organization\"},\"potentialAction\":[{\"@type\":\"SearchAction\",\"target\":{\"@type\":\"EntryPoint\",\"urlTemplate\":\"https:\/\/www.sonoraenequipo.com.mx\/?s={search_term_string}\"},\"query-input\":{\"@type\":\"PropertyValueSpecification\",\"valueRequired\":true,\"valueName\":\"search_term_string\"}}],\"inLanguage\":\"es\"},{\"@type\":\"Organization\",\"@id\":\"https:\/\/www.sonoraenequipo.com.mx\/#organization\",\"name\":\"Sonoraenequipo.com.mx\",\"url\":\"https:\/\/www.sonoraenequipo.com.mx\/\",\"logo\":{\"@type\":\"ImageObject\",\"inLanguage\":\"es\",\"@id\":\"https:\/\/www.sonoraenequipo.com.mx\/#\/schema\/logo\/image\/\",\"url\":\"https:\/\/www.sonoraenequipo.com.mx\/storage\/2019\/01\/sonoraenequipo_opt.png\",\"contentUrl\":\"https:\/\/www.sonoraenequipo.com.mx\/storage\/2019\/01\/sonoraenequipo_opt.png\",\"width\":375,\"height\":125,\"caption\":\"Sonoraenequipo.com.mx\"},\"image\":{\"@id\":\"https:\/\/www.sonoraenequipo.com.mx\/#\/schema\/logo\/image\/\"},\"sameAs\":[\"https:\/\/www.facebook.com\/SonoraEE\/\",\"https:\/\/x.com\/sonoraenequipo\",\"https:\/\/www.youtube.com\/channel\/UC338nW-lPEYmJQs4ZABQ1SQ\"]},{\"@type\":\"Person\",\"@id\":\"https:\/\/www.sonoraenequipo.com.mx\/#\/schema\/person\/50102df0fb23a8fa9e8effad8fa81386\",\"name\":\"enequipo\",\"image\":{\"@type\":\"ImageObject\",\"inLanguage\":\"es\",\"@id\":\"https:\/\/www.sonoraenequipo.com.mx\/#\/schema\/person\/image\/\",\"url\":\"https:\/\/secure.gravatar.com\/avatar\/049821681b589dabc0bc20695993ccebb09f5b5d4d790cd9251b97faac7c652b?s=96&d=blank&r=g\",\"contentUrl\":\"https:\/\/secure.gravatar.com\/avatar\/049821681b589dabc0bc20695993ccebb09f5b5d4d790cd9251b97faac7c652b?s=96&d=blank&r=g\",\"caption\":\"enequipo\"},\"sameAs\":[\"https:\/\/www.facebook.com\/SonoraEE\"]}]}<\/script>\n ","yoast_head_json":{"title":"Sonora en Equipo. Nombra presidenta del INE nuevos cargos directivos Rep\u00fablica","description":"CIUDAD DE M\u00c9XICO, MX. \u2014 En apego a sus atribuciones legales, la Consejera Presidenta del Instituto Nacional Electoral (INE), Guadalupe Taddei Zavala, En Sonora en Equipo publicamos toda la informaci\u00f3n de Sonora, M\u00e9xico y el Mundo de manera oportuna y busca que la libertad de expresi\u00f3n sea real. Visita nuestro medio informativo publicado desde Hermosillo, Sonora. %","robots":{"index":"index","follow":"follow","max-snippet":"max-snippet:-1","max-image-preview":"max-image-preview:large","max-video-preview":"max-video-preview:-1"},"canonical":"https:\/\/www.sonoraenequipo.com.mx\/nombra-presidenta-del-ine-nuevos-cargos-directivos\/","og_locale":"es_ES","og_type":"article","og_title":"Sonora en Equipo. Nombra presidenta del INE nuevos cargos directivos Rep\u00fablica","og_description":"CIUDAD DE M\u00c9XICO, MX. \u2014 En apego a sus atribuciones legales, la Consejera Presidenta del Instituto Nacional Electoral (INE), Guadalupe Taddei Zavala, En Sonora en Equipo publicamos toda la informaci\u00f3n de Sonora, M\u00e9xico y el Mundo de manera oportuna y busca que la libertad de expresi\u00f3n sea real. Visita nuestro medio informativo publicado desde Hermosillo, Sonora. %","og_url":"https:\/\/www.sonoraenequipo.com.mx\/nombra-presidenta-del-ine-nuevos-cargos-directivos\/","og_site_name":"Sonora en Equipo.","article_publisher":"https:\/\/www.facebook.com\/SonoraEE\/","article_author":"https:\/\/www.facebook.com\/SonoraEE","article_published_time":"2026-04-29T18:03:48+00:00","og_image":[{"width":600,"height":400,"url":"https:\/\/www.sonoraenequipo.com.mx\/storage\/2026\/04\/ine.jpg","type":"image\/jpeg"}],"author":"enequipo","twitter_card":"summary_large_image","twitter_creator":"@sonoraenequipo","twitter_site":"@sonoraenequipo","twitter_misc":{"Escrito por":"enequipo","Tiempo de lectura":"3 minutos"},"schema":{"@context":"https:\/\/schema.org","@graph":[{"@type":"Article","@id":"https:\/\/www.sonoraenequipo.com.mx\/nombra-presidenta-del-ine-nuevos-cargos-directivos\/#article","isPartOf":{"@id":"https:\/\/www.sonoraenequipo.com.mx\/nombra-presidenta-del-ine-nuevos-cargos-directivos\/"},"author":{"name":"enequipo","@id":"https:\/\/www.sonoraenequipo.com.mx\/#\/schema\/person\/50102df0fb23a8fa9e8effad8fa81386"},"headline":"Nombra presidenta del INE nuevos cargos directivos","datePublished":"2026-04-29T18:03:48+00:00","mainEntityOfPage":{"@id":"https:\/\/www.sonoraenequipo.com.mx\/nombra-presidenta-del-ine-nuevos-cargos-directivos\/"},"wordCount":654,"commentCount":0,"publisher":{"@id":"https:\/\/www.sonoraenequipo.com.mx\/#organization"},"image":{"@id":"https:\/\/www.sonoraenequipo.com.mx\/nombra-presidenta-del-ine-nuevos-cargos-directivos\/#primaryimage"},"thumbnailUrl":"https:\/\/www.sonoraenequipo.com.mx\/storage\/2026\/04\/ine.jpg","keywords":["2026-2027","PEF"],"articleSection":["Rep\u00fablica"],"inLanguage":"es","potentialAction":[{"@type":"CommentAction","name":"Comment","target":["https:\/\/www.sonoraenequipo.com.mx\/nombra-presidenta-del-ine-nuevos-cargos-directivos\/#respond"]}]},{"@type":"WebPage","@id":"https:\/\/www.sonoraenequipo.com.mx\/nombra-presidenta-del-ine-nuevos-cargos-directivos\/","url":"https:\/\/www.sonoraenequipo.com.mx\/nombra-presidenta-del-ine-nuevos-cargos-directivos\/","name":"Sonora en Equipo. Nombra presidenta del INE nuevos cargos directivos Rep\u00fablica","isPartOf":{"@id":"https:\/\/www.sonoraenequipo.com.mx\/#website"},"primaryImageOfPage":{"@id":"https:\/\/www.sonoraenequipo.com.mx\/nombra-presidenta-del-ine-nuevos-cargos-directivos\/#primaryimage"},"image":{"@id":"https:\/\/www.sonoraenequipo.com.mx\/nombra-presidenta-del-ine-nuevos-cargos-directivos\/#primaryimage"},"thumbnailUrl":"https:\/\/www.sonoraenequipo.com.mx\/storage\/2026\/04\/ine.jpg","datePublished":"2026-04-29T18:03:48+00:00","description":"CIUDAD DE M\u00c9XICO, MX. \u2014 En apego a sus atribuciones legales, la Consejera Presidenta del Instituto Nacional Electoral (INE), Guadalupe Taddei Zavala, En Sonora en Equipo publicamos toda la informaci\u00f3n de Sonora, M\u00e9xico y el Mundo de manera oportuna y busca que la libertad de expresi\u00f3n sea real. Visita nuestro medio informativo publicado desde Hermosillo, Sonora. %","breadcrumb":{"@id":"https:\/\/www.sonoraenequipo.com.mx\/nombra-presidenta-del-ine-nuevos-cargos-directivos\/#breadcrumb"},"inLanguage":"es","potentialAction":[{"@type":"ReadAction","target":["https:\/\/www.sonoraenequipo.com.mx\/nombra-presidenta-del-ine-nuevos-cargos-directivos\/"]}]},{"@type":"ImageObject","inLanguage":"es","@id":"https:\/\/www.sonoraenequipo.com.mx\/nombra-presidenta-del-ine-nuevos-cargos-directivos\/#primaryimage","url":"https:\/\/www.sonoraenequipo.com.mx\/storage\/2026\/04\/ine.jpg","contentUrl":"https:\/\/www.sonoraenequipo.com.mx\/storage\/2026\/04\/ine.jpg","width":600,"height":400},{"@type":"BreadcrumbList","@id":"https:\/\/www.sonoraenequipo.com.mx\/nombra-presidenta-del-ine-nuevos-cargos-directivos\/#breadcrumb","itemListElement":[{"@type":"ListItem","position":1,"name":"Portada","item":"https:\/\/www.sonoraenequipo.com.mx\/"},{"@type":"ListItem","position":2,"name":"Nombra presidenta del INE nuevos cargos directivos"}]},{"@type":"WebSite","@id":"https:\/\/www.sonoraenequipo.com.mx\/#website","url":"https:\/\/www.sonoraenequipo.com.mx\/","name":"Sonora en Equipo.","description":"Diario en l\u00ednea con Noticias desde Hermosillo, Sonora","publisher":{"@id":"https:\/\/www.sonoraenequipo.com.mx\/#organization"},"potentialAction":[{"@type":"SearchAction","target":{"@type":"EntryPoint","urlTemplate":"https:\/\/www.sonoraenequipo.com.mx\/?s={search_term_string}"},"query-input":{"@type":"PropertyValueSpecification","valueRequired":true,"valueName":"search_term_string"}}],"inLanguage":"es"},{"@type":"Organization","@id":"https:\/\/www.sonoraenequipo.com.mx\/#organization","name":"Sonoraenequipo.com.mx","url":"https:\/\/www.sonoraenequipo.com.mx\/","logo":{"@type":"ImageObject","inLanguage":"es","@id":"https:\/\/www.sonoraenequipo.com.mx\/#\/schema\/logo\/image\/","url":"https:\/\/www.sonoraenequipo.com.mx\/storage\/2019\/01\/sonoraenequipo_opt.png","contentUrl":"https:\/\/www.sonoraenequipo.com.mx\/storage\/2019\/01\/sonoraenequipo_opt.png","width":375,"height":125,"caption":"Sonoraenequipo.com.mx"},"image":{"@id":"https:\/\/www.sonoraenequipo.com.mx\/#\/schema\/logo\/image\/"},"sameAs":["https:\/\/www.facebook.com\/SonoraEE\/","https:\/\/x.com\/sonoraenequipo","https:\/\/www.youtube.com\/channel\/UC338nW-lPEYmJQs4ZABQ1SQ"]},{"@type":"Person","@id":"https:\/\/www.sonoraenequipo.com.mx\/#\/schema\/person\/50102df0fb23a8fa9e8effad8fa81386","name":"enequipo","image":{"@type":"ImageObject","inLanguage":"es","@id":"https:\/\/www.sonoraenequipo.com.mx\/#\/schema\/person\/image\/","url":"https:\/\/secure.gravatar.com\/avatar\/049821681b589dabc0bc20695993ccebb09f5b5d4d790cd9251b97faac7c652b?s=96&d=blank&r=g","contentUrl":"https:\/\/secure.gravatar.com\/avatar\/049821681b589dabc0bc20695993ccebb09f5b5d4d790cd9251b97faac7c652b?s=96&d=blank&r=g","caption":"enequipo"},"sameAs":["https:\/\/www.facebook.com\/SonoraEE"]}]}},"jetpack_featured_media_url":"https:\/\/www.sonoraenequipo.com.mx\/storage\/2026\/04\/ine.jpg","_links":{"self":[{"href":"https:\/\/www.sonoraenequipo.com.mx\/api\/wp\/v2\/posts\/240831","targetHints":{"allow":["GET"]}}],"collection":[{"href":"https:\/\/www.sonoraenequipo.com.mx\/api\/wp\/v2\/posts"}],"about":[{"href":"https:\/\/www.sonoraenequipo.com.mx\/api\/wp\/v2\/types\/post"}],"author":[{"embeddable":true,"href":"https:\/\/www.sonoraenequipo.com.mx\/api\/wp\/v2\/users\/1"}],"replies":[{"embeddable":true,"href":"https:\/\/www.sonoraenequipo.com.mx\/api\/wp\/v2\/comments?post=240831"}],"version-history":[{"count":1,"href":"https:\/\/www.sonoraenequipo.com.mx\/api\/wp\/v2\/posts\/240831\/revisions"}],"predecessor-version":[{"id":240838,"href":"https:\/\/www.sonoraenequipo.com.mx\/api\/wp\/v2\/posts\/240831\/revisions\/240838"}],"wp:featuredmedia":[{"embeddable":true,"href":"https:\/\/www.sonoraenequipo.com.mx\/api\/wp\/v2\/media\/240837"}],"wp:attachment":[{"href":"https:\/\/www.sonoraenequipo.com.mx\/api\/wp\/v2\/media?parent=240831"}],"wp:term":[{"taxonomy":"category","embeddable":true,"href":"https:\/\/www.sonoraenequipo.com.mx\/api\/wp\/v2\/categories?post=240831"},{"taxonomy":"post_tag","embeddable":true,"href":"https:\/\/www.sonoraenequipo.com.mx\/api\/wp\/v2\/tags?post=240831"}],"curies":[{"name":"wp","href":"https:\/\/api.w.org\/{rel}","templated":true}]}}