{"id":240839,"date":"2026-04-29T11:29:05","date_gmt":"2026-04-29T18:29:05","guid":{"rendered":"https:\/\/www.sonoraenequipo.com.mx\/?p=240839"},"modified":"2026-04-29T11:29:05","modified_gmt":"2026-04-29T18:29:05","slug":"aumento-1-8-actividad-economica-de-sonora-en-el-4t-de-2025-a-tasa-anual","status":"publish","type":"post","link":"https:\/\/www.sonoraenequipo.com.mx\/aumento-1-8-actividad-economica-de-sonora-en-el-4t-de-2025-a-tasa-anual\/","title":{"rendered":"Aument\u00f3 1.8\u2009% actividad econ\u00f3mica de Sonora en el 4T de 2025, a tasa anual"},"content":{"rendered":"<p><strong>HERMOSILLO, SONORA, MX. \u2014<\/strong> El Indicador Trimestral de la Actividad Econ\u00f3mica Estatal (ITAEE) ofrece el panorama sobre la evoluci\u00f3n econ\u00f3mica de las entidades federativas del pa\u00eds. El dato anual del ITAEE es un resultado preliminar de la tendencia del Producto Interno Bruto por Entidad Federativa (PIBE).<\/p>\n<ol>\n<li><strong> PRINCIPALES RESULTADOS PARA SONORA<\/strong><\/li>\n<\/ol>\n<p>&nbsp;<\/p>\n<p>En el cuarto trimestre (4T) de 2025, la actividad econ\u00f3mica de Sonora mostr\u00f3 un crecimiento anual de 1.8 por ciento. Este resultado se explic\u00f3 por el avance de las actividades primarias, secundarias y terciarias de 10.0, 1.6 y 1.0\u2009%, respectivamente<\/p>\n<p><strong><img loading=\"lazy\" decoding=\"async\" class=\"size-full  x-center\" src=\"https:\/\/www.sonoraenequipo.com.mx\/storage\/2026\/04\/itaee.jpg\" alt=\"\" width=\"660\" height=\"382\" \/>Fecha de publicaci\u00f3n martes 29 de abril de 2026<\/strong><\/p>\n","protected":false},"excerpt":{"rendered":"<p>HERMOSILLO, SONORA, MX. \u2014 El Indicador Trimestral de la Actividad Econ\u00f3mica Estatal (ITAEE) ofrece el&#8230;<\/p>\n","protected":false},"author":1,"featured_media":164214,"comment_status":"open","ping_status":"open","sticky":false,"template":"","format":"standard","meta":{"_monsterinsights_skip_tracking":false,"_monsterinsights_sitenote_active":false,"_monsterinsights_sitenote_note":"","_monsterinsights_sitenote_category":0,"footnotes":""},"categories":[6493],"tags":[10412,15],"class_list":["post"],"yoast_head":" \n<title>Sonora en Equipo. Aument\u00f3 1.8\u2009% actividad econ\u00f3mica de Sonora en el 4T de 2025, a tasa anual PALABRAS Y N\u00daMEROS<\/title>\n<meta name=\"description\" content=\"HERMOSILLO, SONORA, MX. \u2014 El Indicador Trimestral de la Actividad Econ\u00f3mica Estatal (ITAEE) ofrece el panorama sobre la evoluci\u00f3n econ\u00f3mica de las En Sonora en Equipo publicamos toda la informaci\u00f3n de Sonora, M\u00e9xico y el Mundo de manera oportuna y busca que la libertad de expresi\u00f3n sea real. Visita nuestro medio informativo publicado desde Hermosillo, Sonora. %\" \/>\n<meta name=\"robots\" content=\"index, follow, max-snippet:-1, max-image-preview:large, max-video-preview:-1\" \/>\n<link rel=\"canonical\" href=\"https:\/\/www.sonoraenequipo.com.mx\/aumento-1-8-actividad-economica-de-sonora-en-el-4t-de-2025-a-tasa-anual\/\" \/>\n<meta property=\"og:locale\" content=\"es_ES\" \/>\n<meta property=\"og:type\" content=\"article\" \/>\n<meta property=\"og:title\" content=\"Sonora en Equipo. Aument\u00f3 1.8\u2009% actividad econ\u00f3mica de Sonora en el 4T de 2025, a tasa anual PALABRAS Y N\u00daMEROS\" \/>\n<meta property=\"og:description\" content=\"HERMOSILLO, SONORA, MX. \u2014 El Indicador Trimestral de la Actividad Econ\u00f3mica Estatal (ITAEE) ofrece el panorama sobre la evoluci\u00f3n econ\u00f3mica de las En Sonora en Equipo publicamos toda la informaci\u00f3n de Sonora, M\u00e9xico y el Mundo de manera oportuna y busca que la libertad de expresi\u00f3n sea real. Visita nuestro medio informativo publicado desde Hermosillo, Sonora. %\" \/>\n<meta property=\"og:url\" content=\"https:\/\/www.sonoraenequipo.com.mx\/aumento-1-8-actividad-economica-de-sonora-en-el-4t-de-2025-a-tasa-anual\/\" \/>\n<meta property=\"og:site_name\" content=\"Sonora en Equipo.\" \/>\n<meta property=\"article:publisher\" content=\"https:\/\/www.facebook.com\/SonoraEE\/\" \/>\n<meta property=\"article:author\" content=\"https:\/\/www.facebook.com\/SonoraEE\" \/>\n<meta property=\"article:published_time\" content=\"2026-04-29T18:29:05+00:00\" \/>\n<meta property=\"og:image\" content=\"https:\/\/www.sonoraenequipo.com.mx\/storage\/2023\/04\/actividades-economicas.jpg\" \/>\n\t<meta property=\"og:image:width\" content=\"600\" \/>\n\t<meta property=\"og:image:height\" content=\"400\" \/>\n\t<meta property=\"og:image:type\" content=\"image\/jpeg\" \/>\n<meta name=\"author\" content=\"enequipo\" \/>\n<meta name=\"twitter:card\" content=\"summary_large_image\" \/>\n<meta name=\"twitter:creator\" content=\"@sonoraenequipo\" \/>\n<meta name=\"twitter:site\" content=\"@sonoraenequipo\" \/>\n<meta name=\"twitter:label1\" content=\"Escrito por\" \/>\n\t<meta name=\"twitter:data1\" content=\"enequipo\" \/>\n<script type=\"application\/ld+json\" class=\"yoast-schema-graph\">{\"@context\":\"https:\/\/schema.org\",\"@graph\":[{\"@type\":\"Article\",\"@id\":\"https:\/\/www.sonoraenequipo.com.mx\/aumento-1-8-actividad-economica-de-sonora-en-el-4t-de-2025-a-tasa-anual\/#article\",\"isPartOf\":{\"@id\":\"https:\/\/www.sonoraenequipo.com.mx\/aumento-1-8-actividad-economica-de-sonora-en-el-4t-de-2025-a-tasa-anual\/\"},\"author\":{\"name\":\"enequipo\",\"@id\":\"https:\/\/www.sonoraenequipo.com.mx\/#\/schema\/person\/50102df0fb23a8fa9e8effad8fa81386\"},\"headline\":\"Aument\u00f3 1.8\u2009% actividad econ\u00f3mica de Sonora en el 4T de 2025, a tasa anual\",\"datePublished\":\"2026-04-29T18:29:05+00:00\",\"mainEntityOfPage\":{\"@id\":\"https:\/\/www.sonoraenequipo.com.mx\/aumento-1-8-actividad-economica-de-sonora-en-el-4t-de-2025-a-tasa-anual\/\"},\"wordCount\":111,\"commentCount\":0,\"publisher\":{\"@id\":\"https:\/\/www.sonoraenequipo.com.mx\/#organization\"},\"image\":{\"@id\":\"https:\/\/www.sonoraenequipo.com.mx\/aumento-1-8-actividad-economica-de-sonora-en-el-4t-de-2025-a-tasa-anual\/#primaryimage\"},\"thumbnailUrl\":\"https:\/\/www.sonoraenequipo.com.mx\/storage\/2023\/04\/actividades-economicas.jpg\",\"keywords\":[\"actividad econ\u00f3mica\",\"Sonora\"],\"articleSection\":[\"PALABRAS Y N\u00daMEROS\"],\"inLanguage\":\"es\",\"potentialAction\":[{\"@type\":\"CommentAction\",\"name\":\"Comment\",\"target\":[\"https:\/\/www.sonoraenequipo.com.mx\/aumento-1-8-actividad-economica-de-sonora-en-el-4t-de-2025-a-tasa-anual\/#respond\"]}]},{\"@type\":\"WebPage\",\"@id\":\"https:\/\/www.sonoraenequipo.com.mx\/aumento-1-8-actividad-economica-de-sonora-en-el-4t-de-2025-a-tasa-anual\/\",\"url\":\"https:\/\/www.sonoraenequipo.com.mx\/aumento-1-8-actividad-economica-de-sonora-en-el-4t-de-2025-a-tasa-anual\/\",\"name\":\"Sonora en Equipo. Aument\u00f3 1.8\u2009% actividad econ\u00f3mica de Sonora en el 4T de 2025, a tasa anual PALABRAS Y N\u00daMEROS\",\"isPartOf\":{\"@id\":\"https:\/\/www.sonoraenequipo.com.mx\/#website\"},\"primaryImageOfPage\":{\"@id\":\"https:\/\/www.sonoraenequipo.com.mx\/aumento-1-8-actividad-economica-de-sonora-en-el-4t-de-2025-a-tasa-anual\/#primaryimage\"},\"image\":{\"@id\":\"https:\/\/www.sonoraenequipo.com.mx\/aumento-1-8-actividad-economica-de-sonora-en-el-4t-de-2025-a-tasa-anual\/#primaryimage\"},\"thumbnailUrl\":\"https:\/\/www.sonoraenequipo.com.mx\/storage\/2023\/04\/actividades-economicas.jpg\",\"datePublished\":\"2026-04-29T18:29:05+00:00\",\"description\":\"HERMOSILLO, SONORA, MX. \u2014 El Indicador Trimestral de la Actividad Econ\u00f3mica Estatal (ITAEE) ofrece el panorama sobre la evoluci\u00f3n econ\u00f3mica de las En Sonora en Equipo publicamos toda la informaci\u00f3n de Sonora, M\u00e9xico y el Mundo de manera oportuna y busca que la libertad de expresi\u00f3n sea real. Visita nuestro medio informativo publicado desde Hermosillo, Sonora. %\",\"breadcrumb\":{\"@id\":\"https:\/\/www.sonoraenequipo.com.mx\/aumento-1-8-actividad-economica-de-sonora-en-el-4t-de-2025-a-tasa-anual\/#breadcrumb\"},\"inLanguage\":\"es\",\"potentialAction\":[{\"@type\":\"ReadAction\",\"target\":[\"https:\/\/www.sonoraenequipo.com.mx\/aumento-1-8-actividad-economica-de-sonora-en-el-4t-de-2025-a-tasa-anual\/\"]}]},{\"@type\":\"ImageObject\",\"inLanguage\":\"es\",\"@id\":\"https:\/\/www.sonoraenequipo.com.mx\/aumento-1-8-actividad-economica-de-sonora-en-el-4t-de-2025-a-tasa-anual\/#primaryimage\",\"url\":\"https:\/\/www.sonoraenequipo.com.mx\/storage\/2023\/04\/actividades-economicas.jpg\",\"contentUrl\":\"https:\/\/www.sonoraenequipo.com.mx\/storage\/2023\/04\/actividades-economicas.jpg\",\"width\":600,\"height\":400},{\"@type\":\"BreadcrumbList\",\"@id\":\"https:\/\/www.sonoraenequipo.com.mx\/aumento-1-8-actividad-economica-de-sonora-en-el-4t-de-2025-a-tasa-anual\/#breadcrumb\",\"itemListElement\":[{\"@type\":\"ListItem\",\"position\":1,\"name\":\"Portada\",\"item\":\"https:\/\/www.sonoraenequipo.com.mx\/\"},{\"@type\":\"ListItem\",\"position\":2,\"name\":\"Aument\u00f3 1.8\u2009% actividad econ\u00f3mica de Sonora en el 4T de 2025, a tasa anual\"}]},{\"@type\":\"WebSite\",\"@id\":\"https:\/\/www.sonoraenequipo.com.mx\/#website\",\"url\":\"https:\/\/www.sonoraenequipo.com.mx\/\",\"name\":\"Sonora en Equipo.\",\"description\":\"Diario en l\u00ednea con Noticias desde Hermosillo, Sonora\",\"publisher\":{\"@id\":\"https:\/\/www.sonoraenequipo.com.mx\/#organization\"},\"potentialAction\":[{\"@type\":\"SearchAction\",\"target\":{\"@type\":\"EntryPoint\",\"urlTemplate\":\"https:\/\/www.sonoraenequipo.com.mx\/?s={search_term_string}\"},\"query-input\":{\"@type\":\"PropertyValueSpecification\",\"valueRequired\":true,\"valueName\":\"search_term_string\"}}],\"inLanguage\":\"es\"},{\"@type\":\"Organization\",\"@id\":\"https:\/\/www.sonoraenequipo.com.mx\/#organization\",\"name\":\"Sonoraenequipo.com.mx\",\"url\":\"https:\/\/www.sonoraenequipo.com.mx\/\",\"logo\":{\"@type\":\"ImageObject\",\"inLanguage\":\"es\",\"@id\":\"https:\/\/www.sonoraenequipo.com.mx\/#\/schema\/logo\/image\/\",\"url\":\"https:\/\/www.sonoraenequipo.com.mx\/storage\/2019\/01\/sonoraenequipo_opt.png\",\"contentUrl\":\"https:\/\/www.sonoraenequipo.com.mx\/storage\/2019\/01\/sonoraenequipo_opt.png\",\"width\":375,\"height\":125,\"caption\":\"Sonoraenequipo.com.mx\"},\"image\":{\"@id\":\"https:\/\/www.sonoraenequipo.com.mx\/#\/schema\/logo\/image\/\"},\"sameAs\":[\"https:\/\/www.facebook.com\/SonoraEE\/\",\"https:\/\/x.com\/sonoraenequipo\",\"https:\/\/www.youtube.com\/channel\/UC338nW-lPEYmJQs4ZABQ1SQ\"]},{\"@type\":\"Person\",\"@id\":\"https:\/\/www.sonoraenequipo.com.mx\/#\/schema\/person\/50102df0fb23a8fa9e8effad8fa81386\",\"name\":\"enequipo\",\"image\":{\"@type\":\"ImageObject\",\"inLanguage\":\"es\",\"@id\":\"https:\/\/www.sonoraenequipo.com.mx\/#\/schema\/person\/image\/\",\"url\":\"https:\/\/secure.gravatar.com\/avatar\/049821681b589dabc0bc20695993ccebb09f5b5d4d790cd9251b97faac7c652b?s=96&d=blank&r=g\",\"contentUrl\":\"https:\/\/secure.gravatar.com\/avatar\/049821681b589dabc0bc20695993ccebb09f5b5d4d790cd9251b97faac7c652b?s=96&d=blank&r=g\",\"caption\":\"enequipo\"},\"sameAs\":[\"https:\/\/www.facebook.com\/SonoraEE\"]}]}<\/script>\n ","yoast_head_json":{"title":"Sonora en Equipo. Aument\u00f3 1.8\u2009% actividad econ\u00f3mica de Sonora en el 4T de 2025, a tasa anual PALABRAS Y N\u00daMEROS","description":"HERMOSILLO, SONORA, MX. \u2014 El Indicador Trimestral de la Actividad Econ\u00f3mica Estatal (ITAEE) ofrece el panorama sobre la evoluci\u00f3n econ\u00f3mica de las En Sonora en Equipo publicamos toda la informaci\u00f3n de Sonora, M\u00e9xico y el Mundo de manera oportuna y busca que la libertad de expresi\u00f3n sea real. Visita nuestro medio informativo publicado desde Hermosillo, Sonora. %","robots":{"index":"index","follow":"follow","max-snippet":"max-snippet:-1","max-image-preview":"max-image-preview:large","max-video-preview":"max-video-preview:-1"},"canonical":"https:\/\/www.sonoraenequipo.com.mx\/aumento-1-8-actividad-economica-de-sonora-en-el-4t-de-2025-a-tasa-anual\/","og_locale":"es_ES","og_type":"article","og_title":"Sonora en Equipo. Aument\u00f3 1.8\u2009% actividad econ\u00f3mica de Sonora en el 4T de 2025, a tasa anual PALABRAS Y N\u00daMEROS","og_description":"HERMOSILLO, SONORA, MX. \u2014 El Indicador Trimestral de la Actividad Econ\u00f3mica Estatal (ITAEE) ofrece el panorama sobre la evoluci\u00f3n econ\u00f3mica de las En Sonora en Equipo publicamos toda la informaci\u00f3n de Sonora, M\u00e9xico y el Mundo de manera oportuna y busca que la libertad de expresi\u00f3n sea real. Visita nuestro medio informativo publicado desde Hermosillo, Sonora. %","og_url":"https:\/\/www.sonoraenequipo.com.mx\/aumento-1-8-actividad-economica-de-sonora-en-el-4t-de-2025-a-tasa-anual\/","og_site_name":"Sonora en Equipo.","article_publisher":"https:\/\/www.facebook.com\/SonoraEE\/","article_author":"https:\/\/www.facebook.com\/SonoraEE","article_published_time":"2026-04-29T18:29:05+00:00","og_image":[{"width":600,"height":400,"url":"https:\/\/www.sonoraenequipo.com.mx\/storage\/2023\/04\/actividades-economicas.jpg","type":"image\/jpeg"}],"author":"enequipo","twitter_card":"summary_large_image","twitter_creator":"@sonoraenequipo","twitter_site":"@sonoraenequipo","twitter_misc":{"Escrito por":"enequipo"},"schema":{"@context":"https:\/\/schema.org","@graph":[{"@type":"Article","@id":"https:\/\/www.sonoraenequipo.com.mx\/aumento-1-8-actividad-economica-de-sonora-en-el-4t-de-2025-a-tasa-anual\/#article","isPartOf":{"@id":"https:\/\/www.sonoraenequipo.com.mx\/aumento-1-8-actividad-economica-de-sonora-en-el-4t-de-2025-a-tasa-anual\/"},"author":{"name":"enequipo","@id":"https:\/\/www.sonoraenequipo.com.mx\/#\/schema\/person\/50102df0fb23a8fa9e8effad8fa81386"},"headline":"Aument\u00f3 1.8\u2009% actividad econ\u00f3mica de Sonora en el 4T de 2025, a tasa anual","datePublished":"2026-04-29T18:29:05+00:00","mainEntityOfPage":{"@id":"https:\/\/www.sonoraenequipo.com.mx\/aumento-1-8-actividad-economica-de-sonora-en-el-4t-de-2025-a-tasa-anual\/"},"wordCount":111,"commentCount":0,"publisher":{"@id":"https:\/\/www.sonoraenequipo.com.mx\/#organization"},"image":{"@id":"https:\/\/www.sonoraenequipo.com.mx\/aumento-1-8-actividad-economica-de-sonora-en-el-4t-de-2025-a-tasa-anual\/#primaryimage"},"thumbnailUrl":"https:\/\/www.sonoraenequipo.com.mx\/storage\/2023\/04\/actividades-economicas.jpg","keywords":["actividad econ\u00f3mica","Sonora"],"articleSection":["PALABRAS Y N\u00daMEROS"],"inLanguage":"es","potentialAction":[{"@type":"CommentAction","name":"Comment","target":["https:\/\/www.sonoraenequipo.com.mx\/aumento-1-8-actividad-economica-de-sonora-en-el-4t-de-2025-a-tasa-anual\/#respond"]}]},{"@type":"WebPage","@id":"https:\/\/www.sonoraenequipo.com.mx\/aumento-1-8-actividad-economica-de-sonora-en-el-4t-de-2025-a-tasa-anual\/","url":"https:\/\/www.sonoraenequipo.com.mx\/aumento-1-8-actividad-economica-de-sonora-en-el-4t-de-2025-a-tasa-anual\/","name":"Sonora en Equipo. Aument\u00f3 1.8\u2009% actividad econ\u00f3mica de Sonora en el 4T de 2025, a tasa anual PALABRAS Y N\u00daMEROS","isPartOf":{"@id":"https:\/\/www.sonoraenequipo.com.mx\/#website"},"primaryImageOfPage":{"@id":"https:\/\/www.sonoraenequipo.com.mx\/aumento-1-8-actividad-economica-de-sonora-en-el-4t-de-2025-a-tasa-anual\/#primaryimage"},"image":{"@id":"https:\/\/www.sonoraenequipo.com.mx\/aumento-1-8-actividad-economica-de-sonora-en-el-4t-de-2025-a-tasa-anual\/#primaryimage"},"thumbnailUrl":"https:\/\/www.sonoraenequipo.com.mx\/storage\/2023\/04\/actividades-economicas.jpg","datePublished":"2026-04-29T18:29:05+00:00","description":"HERMOSILLO, SONORA, MX. \u2014 El Indicador Trimestral de la Actividad Econ\u00f3mica Estatal (ITAEE) ofrece el panorama sobre la evoluci\u00f3n econ\u00f3mica de las En Sonora en Equipo publicamos toda la informaci\u00f3n de Sonora, M\u00e9xico y el Mundo de manera oportuna y busca que la libertad de expresi\u00f3n sea real. Visita nuestro medio informativo publicado desde Hermosillo, Sonora. %","breadcrumb":{"@id":"https:\/\/www.sonoraenequipo.com.mx\/aumento-1-8-actividad-economica-de-sonora-en-el-4t-de-2025-a-tasa-anual\/#breadcrumb"},"inLanguage":"es","potentialAction":[{"@type":"ReadAction","target":["https:\/\/www.sonoraenequipo.com.mx\/aumento-1-8-actividad-economica-de-sonora-en-el-4t-de-2025-a-tasa-anual\/"]}]},{"@type":"ImageObject","inLanguage":"es","@id":"https:\/\/www.sonoraenequipo.com.mx\/aumento-1-8-actividad-economica-de-sonora-en-el-4t-de-2025-a-tasa-anual\/#primaryimage","url":"https:\/\/www.sonoraenequipo.com.mx\/storage\/2023\/04\/actividades-economicas.jpg","contentUrl":"https:\/\/www.sonoraenequipo.com.mx\/storage\/2023\/04\/actividades-economicas.jpg","width":600,"height":400},{"@type":"BreadcrumbList","@id":"https:\/\/www.sonoraenequipo.com.mx\/aumento-1-8-actividad-economica-de-sonora-en-el-4t-de-2025-a-tasa-anual\/#breadcrumb","itemListElement":[{"@type":"ListItem","position":1,"name":"Portada","item":"https:\/\/www.sonoraenequipo.com.mx\/"},{"@type":"ListItem","position":2,"name":"Aument\u00f3 1.8\u2009% actividad econ\u00f3mica de Sonora en el 4T de 2025, a tasa anual"}]},{"@type":"WebSite","@id":"https:\/\/www.sonoraenequipo.com.mx\/#website","url":"https:\/\/www.sonoraenequipo.com.mx\/","name":"Sonora en Equipo.","description":"Diario en l\u00ednea con Noticias desde Hermosillo, Sonora","publisher":{"@id":"https:\/\/www.sonoraenequipo.com.mx\/#organization"},"potentialAction":[{"@type":"SearchAction","target":{"@type":"EntryPoint","urlTemplate":"https:\/\/www.sonoraenequipo.com.mx\/?s={search_term_string}"},"query-input":{"@type":"PropertyValueSpecification","valueRequired":true,"valueName":"search_term_string"}}],"inLanguage":"es"},{"@type":"Organization","@id":"https:\/\/www.sonoraenequipo.com.mx\/#organization","name":"Sonoraenequipo.com.mx","url":"https:\/\/www.sonoraenequipo.com.mx\/","logo":{"@type":"ImageObject","inLanguage":"es","@id":"https:\/\/www.sonoraenequipo.com.mx\/#\/schema\/logo\/image\/","url":"https:\/\/www.sonoraenequipo.com.mx\/storage\/2019\/01\/sonoraenequipo_opt.png","contentUrl":"https:\/\/www.sonoraenequipo.com.mx\/storage\/2019\/01\/sonoraenequipo_opt.png","width":375,"height":125,"caption":"Sonoraenequipo.com.mx"},"image":{"@id":"https:\/\/www.sonoraenequipo.com.mx\/#\/schema\/logo\/image\/"},"sameAs":["https:\/\/www.facebook.com\/SonoraEE\/","https:\/\/x.com\/sonoraenequipo","https:\/\/www.youtube.com\/channel\/UC338nW-lPEYmJQs4ZABQ1SQ"]},{"@type":"Person","@id":"https:\/\/www.sonoraenequipo.com.mx\/#\/schema\/person\/50102df0fb23a8fa9e8effad8fa81386","name":"enequipo","image":{"@type":"ImageObject","inLanguage":"es","@id":"https:\/\/www.sonoraenequipo.com.mx\/#\/schema\/person\/image\/","url":"https:\/\/secure.gravatar.com\/avatar\/049821681b589dabc0bc20695993ccebb09f5b5d4d790cd9251b97faac7c652b?s=96&d=blank&r=g","contentUrl":"https:\/\/secure.gravatar.com\/avatar\/049821681b589dabc0bc20695993ccebb09f5b5d4d790cd9251b97faac7c652b?s=96&d=blank&r=g","caption":"enequipo"},"sameAs":["https:\/\/www.facebook.com\/SonoraEE"]}]}},"jetpack_featured_media_url":"https:\/\/www.sonoraenequipo.com.mx\/storage\/2023\/04\/actividades-economicas.jpg","_links":{"self":[{"href":"https:\/\/www.sonoraenequipo.com.mx\/api\/wp\/v2\/posts\/240839","targetHints":{"allow":["GET"]}}],"collection":[{"href":"https:\/\/www.sonoraenequipo.com.mx\/api\/wp\/v2\/posts"}],"about":[{"href":"https:\/\/www.sonoraenequipo.com.mx\/api\/wp\/v2\/types\/post"}],"author":[{"embeddable":true,"href":"https:\/\/www.sonoraenequipo.com.mx\/api\/wp\/v2\/users\/1"}],"replies":[{"embeddable":true,"href":"https:\/\/www.sonoraenequipo.com.mx\/api\/wp\/v2\/comments?post=240839"}],"version-history":[{"count":1,"href":"https:\/\/www.sonoraenequipo.com.mx\/api\/wp\/v2\/posts\/240839\/revisions"}],"predecessor-version":[{"id":240841,"href":"https:\/\/www.sonoraenequipo.com.mx\/api\/wp\/v2\/posts\/240839\/revisions\/240841"}],"wp:featuredmedia":[{"embeddable":true,"href":"https:\/\/www.sonoraenequipo.com.mx\/api\/wp\/v2\/media\/164214"}],"wp:attachment":[{"href":"https:\/\/www.sonoraenequipo.com.mx\/api\/wp\/v2\/media?parent=240839"}],"wp:term":[{"taxonomy":"category","embeddable":true,"href":"https:\/\/www.sonoraenequipo.com.mx\/api\/wp\/v2\/categories?post=240839"},{"taxonomy":"post_tag","embeddable":true,"href":"https:\/\/www.sonoraenequipo.com.mx\/api\/wp\/v2\/tags?post=240839"}],"curies":[{"name":"wp","href":"https:\/\/api.w.org\/{rel}","templated":true}]}}