{"id":240842,"date":"2026-04-29T12:23:08","date_gmt":"2026-04-29T19:23:08","guid":{"rendered":"https:\/\/www.sonoraenequipo.com.mx\/?p=240842"},"modified":"2026-04-29T12:23:08","modified_gmt":"2026-04-29T19:23:08","slug":"cajeme-preparado-ayuntamiento-y-sindicatos-para-desfile-por-el-dia-del-trabajo","status":"publish","type":"post","link":"https:\/\/www.sonoraenequipo.com.mx\/cajeme-preparado-ayuntamiento-y-sindicatos-para-desfile-por-el-dia-del-trabajo\/","title":{"rendered":"CAJEME. Preparado ayuntamiento y sindicatos para desfile por el d\u00eda del trabajo"},"content":{"rendered":"<p><strong>CAJEME, SONORA, MX. \u2014<\/strong> Derivado de las facilidades otorgadas por el Gobierno Municipal para la organizaci\u00f3n previa a la realizaci\u00f3n del desfile c\u00edvico por el D\u00eda Internacional del Trabajo, las y los Secretarios Generales de diferentes organismos sindicales se declararon listos para continuar la tradici\u00f3n y, bajo el lema \u201cSindicatos Unidos, Trabajadores Protegidos\u201d, marchar de manera pac\u00edfica este primero de mayo, donde m\u00e1s de 8 mil trabajadoras y trabajadores agremiados manifestar\u00e1n las principales demandas de la clase laboral.<\/p>\n<p>&nbsp;<\/p>\n<p>La Secretaria General del Sindicato \u00danico de Trabajadores al Servicio del Ayuntamiento de Cajeme (SUTSAC), Matilde Lemus Fierros se\u00f1al\u00f3 que despu\u00e9s de las reuniones previas se logr\u00f3 la integraci\u00f3n de 22 sindicatos con sus respectivos contingentes, mismos que formar\u00e1n parte de la celebraci\u00f3n para recordar los logros laborales conquistados por sus antecesores y las consignas de reclamo por los derechos laborales no conquistados.<\/p>\n<p>&nbsp;<\/p>\n<p>De igual manera, invit\u00f3 a la ciudadan\u00eda en general a unirse a esta marcha c\u00edvica, en la que se contar\u00e1 con la colaboraci\u00f3n de los elementos de Seguridad P\u00fablica y Tr\u00e1nsito Municipal, Cruz Roja y Bomberos para que la manifestaci\u00f3n multitudinaria transcurra con orden y tranquilidad.<\/p>\n<p>&nbsp;<\/p>\n<p>A\u00f1adi\u00f3 que el punto de salida del desfile ser\u00e1 en la confluencia de las calles No Reelecci\u00f3n y Madero de la colonia Benito Ju\u00e1rez y marchar\u00e1n hacia el poniente hasta la Miguel Alem\u00e1n y No Reelecci\u00f3n donde se sumar\u00e1 el Sindicato de Telefonistas, de ah\u00ed al norte hasta la calle Allende, donde se unir\u00e1n los agremiados de Jubilados y Pensionados para luego tomar la calle 5 de Febrero hasta la Galeana, donde doblar\u00e1n hacia el poniente hasta llegar al punto de disloque en la plaza L\u00e1zaro C\u00e1rdenas.<\/p>\n<p><strong>Fecha de publicaci\u00f3n martes 29 de abril de 2026<\/strong><\/p>\n","protected":false},"excerpt":{"rendered":"<p>CAJEME, SONORA, MX. \u2014 Derivado de las facilidades otorgadas por el Gobierno Municipal para la&#8230;<\/p>\n","protected":false},"author":1,"featured_media":240843,"comment_status":"open","ping_status":"open","sticky":false,"template":"","format":"standard","meta":{"_monsterinsights_skip_tracking":false,"_monsterinsights_sitenote_active":false,"_monsterinsights_sitenote_note":"","_monsterinsights_sitenote_category":0,"footnotes":""},"categories":[4],"tags":[476,3516,5913],"class_list":["post"],"yoast_head":" \n<title>Sonora en Equipo. CAJEME. Preparado ayuntamiento y sindicatos para desfile por el d\u00eda del trabajo Municipios<\/title>\n<meta name=\"description\" content=\"CAJEME, SONORA, MX. \u2014 Derivado de las facilidades otorgadas por el Gobierno Municipal para la organizaci\u00f3n previa a la realizaci\u00f3n del desfile c\u00edvico por En Sonora en Equipo publicamos toda la informaci\u00f3n de Sonora, M\u00e9xico y el Mundo de manera oportuna y busca que la libertad de expresi\u00f3n sea real. Visita nuestro medio informativo publicado desde Hermosillo, Sonora. %\" \/>\n<meta name=\"robots\" content=\"index, follow, max-snippet:-1, max-image-preview:large, max-video-preview:-1\" \/>\n<link rel=\"canonical\" href=\"https:\/\/www.sonoraenequipo.com.mx\/cajeme-preparado-ayuntamiento-y-sindicatos-para-desfile-por-el-dia-del-trabajo\/\" \/>\n<meta property=\"og:locale\" content=\"es_ES\" \/>\n<meta property=\"og:type\" content=\"article\" \/>\n<meta property=\"og:title\" content=\"Sonora en Equipo. CAJEME. Preparado ayuntamiento y sindicatos para desfile por el d\u00eda del trabajo Municipios\" \/>\n<meta property=\"og:description\" content=\"CAJEME, SONORA, MX. \u2014 Derivado de las facilidades otorgadas por el Gobierno Municipal para la organizaci\u00f3n previa a la realizaci\u00f3n del desfile c\u00edvico por En Sonora en Equipo publicamos toda la informaci\u00f3n de Sonora, M\u00e9xico y el Mundo de manera oportuna y busca que la libertad de expresi\u00f3n sea real. Visita nuestro medio informativo publicado desde Hermosillo, Sonora. %\" \/>\n<meta property=\"og:url\" content=\"https:\/\/www.sonoraenequipo.com.mx\/cajeme-preparado-ayuntamiento-y-sindicatos-para-desfile-por-el-dia-del-trabajo\/\" \/>\n<meta property=\"og:site_name\" content=\"Sonora en Equipo.\" \/>\n<meta property=\"article:publisher\" content=\"https:\/\/www.facebook.com\/SonoraEE\/\" \/>\n<meta property=\"article:author\" content=\"https:\/\/www.facebook.com\/SonoraEE\" \/>\n<meta property=\"article:published_time\" content=\"2026-04-29T19:23:08+00:00\" \/>\n<meta property=\"og:image\" content=\"https:\/\/www.sonoraenequipo.com.mx\/storage\/2026\/04\/desfile-trabajo-cajeme.jpg\" \/>\n\t<meta property=\"og:image:width\" content=\"600\" \/>\n\t<meta property=\"og:image:height\" content=\"400\" \/>\n\t<meta property=\"og:image:type\" content=\"image\/jpeg\" \/>\n<meta name=\"author\" content=\"enequipo\" \/>\n<meta name=\"twitter:card\" content=\"summary_large_image\" \/>\n<meta name=\"twitter:creator\" content=\"@sonoraenequipo\" \/>\n<meta name=\"twitter:site\" content=\"@sonoraenequipo\" \/>\n<meta name=\"twitter:label1\" content=\"Escrito por\" \/>\n\t<meta name=\"twitter:data1\" content=\"enequipo\" \/>\n\t<meta name=\"twitter:label2\" content=\"Tiempo de lectura\" \/>\n\t<meta name=\"twitter:data2\" content=\"2 minutos\" \/>\n<script type=\"application\/ld+json\" class=\"yoast-schema-graph\">{\"@context\":\"https:\/\/schema.org\",\"@graph\":[{\"@type\":\"Article\",\"@id\":\"https:\/\/www.sonoraenequipo.com.mx\/cajeme-preparado-ayuntamiento-y-sindicatos-para-desfile-por-el-dia-del-trabajo\/#article\",\"isPartOf\":{\"@id\":\"https:\/\/www.sonoraenequipo.com.mx\/cajeme-preparado-ayuntamiento-y-sindicatos-para-desfile-por-el-dia-del-trabajo\/\"},\"author\":{\"name\":\"enequipo\",\"@id\":\"https:\/\/www.sonoraenequipo.com.mx\/#\/schema\/person\/50102df0fb23a8fa9e8effad8fa81386\"},\"headline\":\"CAJEME. Preparado ayuntamiento y sindicatos para desfile por el d\u00eda del trabajo\",\"datePublished\":\"2026-04-29T19:23:08+00:00\",\"mainEntityOfPage\":{\"@id\":\"https:\/\/www.sonoraenequipo.com.mx\/cajeme-preparado-ayuntamiento-y-sindicatos-para-desfile-por-el-dia-del-trabajo\/\"},\"wordCount\":323,\"commentCount\":0,\"publisher\":{\"@id\":\"https:\/\/www.sonoraenequipo.com.mx\/#organization\"},\"image\":{\"@id\":\"https:\/\/www.sonoraenequipo.com.mx\/cajeme-preparado-ayuntamiento-y-sindicatos-para-desfile-por-el-dia-del-trabajo\/#primaryimage\"},\"thumbnailUrl\":\"https:\/\/www.sonoraenequipo.com.mx\/storage\/2026\/04\/desfile-trabajo-cajeme.jpg\",\"keywords\":[\"Cajeme\",\"desfile\",\"trabajo\"],\"articleSection\":[\"Municipios\"],\"inLanguage\":\"es\",\"potentialAction\":[{\"@type\":\"CommentAction\",\"name\":\"Comment\",\"target\":[\"https:\/\/www.sonoraenequipo.com.mx\/cajeme-preparado-ayuntamiento-y-sindicatos-para-desfile-por-el-dia-del-trabajo\/#respond\"]}]},{\"@type\":\"WebPage\",\"@id\":\"https:\/\/www.sonoraenequipo.com.mx\/cajeme-preparado-ayuntamiento-y-sindicatos-para-desfile-por-el-dia-del-trabajo\/\",\"url\":\"https:\/\/www.sonoraenequipo.com.mx\/cajeme-preparado-ayuntamiento-y-sindicatos-para-desfile-por-el-dia-del-trabajo\/\",\"name\":\"Sonora en Equipo. CAJEME. Preparado ayuntamiento y sindicatos para desfile por el d\u00eda del trabajo Municipios\",\"isPartOf\":{\"@id\":\"https:\/\/www.sonoraenequipo.com.mx\/#website\"},\"primaryImageOfPage\":{\"@id\":\"https:\/\/www.sonoraenequipo.com.mx\/cajeme-preparado-ayuntamiento-y-sindicatos-para-desfile-por-el-dia-del-trabajo\/#primaryimage\"},\"image\":{\"@id\":\"https:\/\/www.sonoraenequipo.com.mx\/cajeme-preparado-ayuntamiento-y-sindicatos-para-desfile-por-el-dia-del-trabajo\/#primaryimage\"},\"thumbnailUrl\":\"https:\/\/www.sonoraenequipo.com.mx\/storage\/2026\/04\/desfile-trabajo-cajeme.jpg\",\"datePublished\":\"2026-04-29T19:23:08+00:00\",\"description\":\"CAJEME, SONORA, MX. \u2014 Derivado de las facilidades otorgadas por el Gobierno Municipal para la organizaci\u00f3n previa a la realizaci\u00f3n del desfile c\u00edvico por En Sonora en Equipo publicamos toda la informaci\u00f3n de Sonora, M\u00e9xico y el Mundo de manera oportuna y busca que la libertad de expresi\u00f3n sea real. Visita nuestro medio informativo publicado desde Hermosillo, Sonora. %\",\"breadcrumb\":{\"@id\":\"https:\/\/www.sonoraenequipo.com.mx\/cajeme-preparado-ayuntamiento-y-sindicatos-para-desfile-por-el-dia-del-trabajo\/#breadcrumb\"},\"inLanguage\":\"es\",\"potentialAction\":[{\"@type\":\"ReadAction\",\"target\":[\"https:\/\/www.sonoraenequipo.com.mx\/cajeme-preparado-ayuntamiento-y-sindicatos-para-desfile-por-el-dia-del-trabajo\/\"]}]},{\"@type\":\"ImageObject\",\"inLanguage\":\"es\",\"@id\":\"https:\/\/www.sonoraenequipo.com.mx\/cajeme-preparado-ayuntamiento-y-sindicatos-para-desfile-por-el-dia-del-trabajo\/#primaryimage\",\"url\":\"https:\/\/www.sonoraenequipo.com.mx\/storage\/2026\/04\/desfile-trabajo-cajeme.jpg\",\"contentUrl\":\"https:\/\/www.sonoraenequipo.com.mx\/storage\/2026\/04\/desfile-trabajo-cajeme.jpg\",\"width\":600,\"height\":400},{\"@type\":\"BreadcrumbList\",\"@id\":\"https:\/\/www.sonoraenequipo.com.mx\/cajeme-preparado-ayuntamiento-y-sindicatos-para-desfile-por-el-dia-del-trabajo\/#breadcrumb\",\"itemListElement\":[{\"@type\":\"ListItem\",\"position\":1,\"name\":\"Portada\",\"item\":\"https:\/\/www.sonoraenequipo.com.mx\/\"},{\"@type\":\"ListItem\",\"position\":2,\"name\":\"CAJEME. Preparado ayuntamiento y sindicatos para desfile por el d\u00eda del trabajo\"}]},{\"@type\":\"WebSite\",\"@id\":\"https:\/\/www.sonoraenequipo.com.mx\/#website\",\"url\":\"https:\/\/www.sonoraenequipo.com.mx\/\",\"name\":\"Sonora en Equipo.\",\"description\":\"Diario en l\u00ednea con Noticias desde Hermosillo, Sonora\",\"publisher\":{\"@id\":\"https:\/\/www.sonoraenequipo.com.mx\/#organization\"},\"potentialAction\":[{\"@type\":\"SearchAction\",\"target\":{\"@type\":\"EntryPoint\",\"urlTemplate\":\"https:\/\/www.sonoraenequipo.com.mx\/?s={search_term_string}\"},\"query-input\":{\"@type\":\"PropertyValueSpecification\",\"valueRequired\":true,\"valueName\":\"search_term_string\"}}],\"inLanguage\":\"es\"},{\"@type\":\"Organization\",\"@id\":\"https:\/\/www.sonoraenequipo.com.mx\/#organization\",\"name\":\"Sonoraenequipo.com.mx\",\"url\":\"https:\/\/www.sonoraenequipo.com.mx\/\",\"logo\":{\"@type\":\"ImageObject\",\"inLanguage\":\"es\",\"@id\":\"https:\/\/www.sonoraenequipo.com.mx\/#\/schema\/logo\/image\/\",\"url\":\"https:\/\/www.sonoraenequipo.com.mx\/storage\/2019\/01\/sonoraenequipo_opt.png\",\"contentUrl\":\"https:\/\/www.sonoraenequipo.com.mx\/storage\/2019\/01\/sonoraenequipo_opt.png\",\"width\":375,\"height\":125,\"caption\":\"Sonoraenequipo.com.mx\"},\"image\":{\"@id\":\"https:\/\/www.sonoraenequipo.com.mx\/#\/schema\/logo\/image\/\"},\"sameAs\":[\"https:\/\/www.facebook.com\/SonoraEE\/\",\"https:\/\/x.com\/sonoraenequipo\",\"https:\/\/www.youtube.com\/channel\/UC338nW-lPEYmJQs4ZABQ1SQ\"]},{\"@type\":\"Person\",\"@id\":\"https:\/\/www.sonoraenequipo.com.mx\/#\/schema\/person\/50102df0fb23a8fa9e8effad8fa81386\",\"name\":\"enequipo\",\"image\":{\"@type\":\"ImageObject\",\"inLanguage\":\"es\",\"@id\":\"https:\/\/www.sonoraenequipo.com.mx\/#\/schema\/person\/image\/\",\"url\":\"https:\/\/secure.gravatar.com\/avatar\/049821681b589dabc0bc20695993ccebb09f5b5d4d790cd9251b97faac7c652b?s=96&d=blank&r=g\",\"contentUrl\":\"https:\/\/secure.gravatar.com\/avatar\/049821681b589dabc0bc20695993ccebb09f5b5d4d790cd9251b97faac7c652b?s=96&d=blank&r=g\",\"caption\":\"enequipo\"},\"sameAs\":[\"https:\/\/www.facebook.com\/SonoraEE\"]}]}<\/script>\n ","yoast_head_json":{"title":"Sonora en Equipo. CAJEME. Preparado ayuntamiento y sindicatos para desfile por el d\u00eda del trabajo Municipios","description":"CAJEME, SONORA, MX. \u2014 Derivado de las facilidades otorgadas por el Gobierno Municipal para la organizaci\u00f3n previa a la realizaci\u00f3n del desfile c\u00edvico por En Sonora en Equipo publicamos toda la informaci\u00f3n de Sonora, M\u00e9xico y el Mundo de manera oportuna y busca que la libertad de expresi\u00f3n sea real. Visita nuestro medio informativo publicado desde Hermosillo, Sonora. %","robots":{"index":"index","follow":"follow","max-snippet":"max-snippet:-1","max-image-preview":"max-image-preview:large","max-video-preview":"max-video-preview:-1"},"canonical":"https:\/\/www.sonoraenequipo.com.mx\/cajeme-preparado-ayuntamiento-y-sindicatos-para-desfile-por-el-dia-del-trabajo\/","og_locale":"es_ES","og_type":"article","og_title":"Sonora en Equipo. CAJEME. Preparado ayuntamiento y sindicatos para desfile por el d\u00eda del trabajo Municipios","og_description":"CAJEME, SONORA, MX. \u2014 Derivado de las facilidades otorgadas por el Gobierno Municipal para la organizaci\u00f3n previa a la realizaci\u00f3n del desfile c\u00edvico por En Sonora en Equipo publicamos toda la informaci\u00f3n de Sonora, M\u00e9xico y el Mundo de manera oportuna y busca que la libertad de expresi\u00f3n sea real. Visita nuestro medio informativo publicado desde Hermosillo, Sonora. %","og_url":"https:\/\/www.sonoraenequipo.com.mx\/cajeme-preparado-ayuntamiento-y-sindicatos-para-desfile-por-el-dia-del-trabajo\/","og_site_name":"Sonora en Equipo.","article_publisher":"https:\/\/www.facebook.com\/SonoraEE\/","article_author":"https:\/\/www.facebook.com\/SonoraEE","article_published_time":"2026-04-29T19:23:08+00:00","og_image":[{"width":600,"height":400,"url":"https:\/\/www.sonoraenequipo.com.mx\/storage\/2026\/04\/desfile-trabajo-cajeme.jpg","type":"image\/jpeg"}],"author":"enequipo","twitter_card":"summary_large_image","twitter_creator":"@sonoraenequipo","twitter_site":"@sonoraenequipo","twitter_misc":{"Escrito por":"enequipo","Tiempo de lectura":"2 minutos"},"schema":{"@context":"https:\/\/schema.org","@graph":[{"@type":"Article","@id":"https:\/\/www.sonoraenequipo.com.mx\/cajeme-preparado-ayuntamiento-y-sindicatos-para-desfile-por-el-dia-del-trabajo\/#article","isPartOf":{"@id":"https:\/\/www.sonoraenequipo.com.mx\/cajeme-preparado-ayuntamiento-y-sindicatos-para-desfile-por-el-dia-del-trabajo\/"},"author":{"name":"enequipo","@id":"https:\/\/www.sonoraenequipo.com.mx\/#\/schema\/person\/50102df0fb23a8fa9e8effad8fa81386"},"headline":"CAJEME. Preparado ayuntamiento y sindicatos para desfile por el d\u00eda del trabajo","datePublished":"2026-04-29T19:23:08+00:00","mainEntityOfPage":{"@id":"https:\/\/www.sonoraenequipo.com.mx\/cajeme-preparado-ayuntamiento-y-sindicatos-para-desfile-por-el-dia-del-trabajo\/"},"wordCount":323,"commentCount":0,"publisher":{"@id":"https:\/\/www.sonoraenequipo.com.mx\/#organization"},"image":{"@id":"https:\/\/www.sonoraenequipo.com.mx\/cajeme-preparado-ayuntamiento-y-sindicatos-para-desfile-por-el-dia-del-trabajo\/#primaryimage"},"thumbnailUrl":"https:\/\/www.sonoraenequipo.com.mx\/storage\/2026\/04\/desfile-trabajo-cajeme.jpg","keywords":["Cajeme","desfile","trabajo"],"articleSection":["Municipios"],"inLanguage":"es","potentialAction":[{"@type":"CommentAction","name":"Comment","target":["https:\/\/www.sonoraenequipo.com.mx\/cajeme-preparado-ayuntamiento-y-sindicatos-para-desfile-por-el-dia-del-trabajo\/#respond"]}]},{"@type":"WebPage","@id":"https:\/\/www.sonoraenequipo.com.mx\/cajeme-preparado-ayuntamiento-y-sindicatos-para-desfile-por-el-dia-del-trabajo\/","url":"https:\/\/www.sonoraenequipo.com.mx\/cajeme-preparado-ayuntamiento-y-sindicatos-para-desfile-por-el-dia-del-trabajo\/","name":"Sonora en Equipo. CAJEME. Preparado ayuntamiento y sindicatos para desfile por el d\u00eda del trabajo Municipios","isPartOf":{"@id":"https:\/\/www.sonoraenequipo.com.mx\/#website"},"primaryImageOfPage":{"@id":"https:\/\/www.sonoraenequipo.com.mx\/cajeme-preparado-ayuntamiento-y-sindicatos-para-desfile-por-el-dia-del-trabajo\/#primaryimage"},"image":{"@id":"https:\/\/www.sonoraenequipo.com.mx\/cajeme-preparado-ayuntamiento-y-sindicatos-para-desfile-por-el-dia-del-trabajo\/#primaryimage"},"thumbnailUrl":"https:\/\/www.sonoraenequipo.com.mx\/storage\/2026\/04\/desfile-trabajo-cajeme.jpg","datePublished":"2026-04-29T19:23:08+00:00","description":"CAJEME, SONORA, MX. \u2014 Derivado de las facilidades otorgadas por el Gobierno Municipal para la organizaci\u00f3n previa a la realizaci\u00f3n del desfile c\u00edvico por En Sonora en Equipo publicamos toda la informaci\u00f3n de Sonora, M\u00e9xico y el Mundo de manera oportuna y busca que la libertad de expresi\u00f3n sea real. Visita nuestro medio informativo publicado desde Hermosillo, Sonora. %","breadcrumb":{"@id":"https:\/\/www.sonoraenequipo.com.mx\/cajeme-preparado-ayuntamiento-y-sindicatos-para-desfile-por-el-dia-del-trabajo\/#breadcrumb"},"inLanguage":"es","potentialAction":[{"@type":"ReadAction","target":["https:\/\/www.sonoraenequipo.com.mx\/cajeme-preparado-ayuntamiento-y-sindicatos-para-desfile-por-el-dia-del-trabajo\/"]}]},{"@type":"ImageObject","inLanguage":"es","@id":"https:\/\/www.sonoraenequipo.com.mx\/cajeme-preparado-ayuntamiento-y-sindicatos-para-desfile-por-el-dia-del-trabajo\/#primaryimage","url":"https:\/\/www.sonoraenequipo.com.mx\/storage\/2026\/04\/desfile-trabajo-cajeme.jpg","contentUrl":"https:\/\/www.sonoraenequipo.com.mx\/storage\/2026\/04\/desfile-trabajo-cajeme.jpg","width":600,"height":400},{"@type":"BreadcrumbList","@id":"https:\/\/www.sonoraenequipo.com.mx\/cajeme-preparado-ayuntamiento-y-sindicatos-para-desfile-por-el-dia-del-trabajo\/#breadcrumb","itemListElement":[{"@type":"ListItem","position":1,"name":"Portada","item":"https:\/\/www.sonoraenequipo.com.mx\/"},{"@type":"ListItem","position":2,"name":"CAJEME. Preparado ayuntamiento y sindicatos para desfile por el d\u00eda del trabajo"}]},{"@type":"WebSite","@id":"https:\/\/www.sonoraenequipo.com.mx\/#website","url":"https:\/\/www.sonoraenequipo.com.mx\/","name":"Sonora en Equipo.","description":"Diario en l\u00ednea con Noticias desde Hermosillo, Sonora","publisher":{"@id":"https:\/\/www.sonoraenequipo.com.mx\/#organization"},"potentialAction":[{"@type":"SearchAction","target":{"@type":"EntryPoint","urlTemplate":"https:\/\/www.sonoraenequipo.com.mx\/?s={search_term_string}"},"query-input":{"@type":"PropertyValueSpecification","valueRequired":true,"valueName":"search_term_string"}}],"inLanguage":"es"},{"@type":"Organization","@id":"https:\/\/www.sonoraenequipo.com.mx\/#organization","name":"Sonoraenequipo.com.mx","url":"https:\/\/www.sonoraenequipo.com.mx\/","logo":{"@type":"ImageObject","inLanguage":"es","@id":"https:\/\/www.sonoraenequipo.com.mx\/#\/schema\/logo\/image\/","url":"https:\/\/www.sonoraenequipo.com.mx\/storage\/2019\/01\/sonoraenequipo_opt.png","contentUrl":"https:\/\/www.sonoraenequipo.com.mx\/storage\/2019\/01\/sonoraenequipo_opt.png","width":375,"height":125,"caption":"Sonoraenequipo.com.mx"},"image":{"@id":"https:\/\/www.sonoraenequipo.com.mx\/#\/schema\/logo\/image\/"},"sameAs":["https:\/\/www.facebook.com\/SonoraEE\/","https:\/\/x.com\/sonoraenequipo","https:\/\/www.youtube.com\/channel\/UC338nW-lPEYmJQs4ZABQ1SQ"]},{"@type":"Person","@id":"https:\/\/www.sonoraenequipo.com.mx\/#\/schema\/person\/50102df0fb23a8fa9e8effad8fa81386","name":"enequipo","image":{"@type":"ImageObject","inLanguage":"es","@id":"https:\/\/www.sonoraenequipo.com.mx\/#\/schema\/person\/image\/","url":"https:\/\/secure.gravatar.com\/avatar\/049821681b589dabc0bc20695993ccebb09f5b5d4d790cd9251b97faac7c652b?s=96&d=blank&r=g","contentUrl":"https:\/\/secure.gravatar.com\/avatar\/049821681b589dabc0bc20695993ccebb09f5b5d4d790cd9251b97faac7c652b?s=96&d=blank&r=g","caption":"enequipo"},"sameAs":["https:\/\/www.facebook.com\/SonoraEE"]}]}},"jetpack_featured_media_url":"https:\/\/www.sonoraenequipo.com.mx\/storage\/2026\/04\/desfile-trabajo-cajeme.jpg","_links":{"self":[{"href":"https:\/\/www.sonoraenequipo.com.mx\/api\/wp\/v2\/posts\/240842","targetHints":{"allow":["GET"]}}],"collection":[{"href":"https:\/\/www.sonoraenequipo.com.mx\/api\/wp\/v2\/posts"}],"about":[{"href":"https:\/\/www.sonoraenequipo.com.mx\/api\/wp\/v2\/types\/post"}],"author":[{"embeddable":true,"href":"https:\/\/www.sonoraenequipo.com.mx\/api\/wp\/v2\/users\/1"}],"replies":[{"embeddable":true,"href":"https:\/\/www.sonoraenequipo.com.mx\/api\/wp\/v2\/comments?post=240842"}],"version-history":[{"count":1,"href":"https:\/\/www.sonoraenequipo.com.mx\/api\/wp\/v2\/posts\/240842\/revisions"}],"predecessor-version":[{"id":240844,"href":"https:\/\/www.sonoraenequipo.com.mx\/api\/wp\/v2\/posts\/240842\/revisions\/240844"}],"wp:featuredmedia":[{"embeddable":true,"href":"https:\/\/www.sonoraenequipo.com.mx\/api\/wp\/v2\/media\/240843"}],"wp:attachment":[{"href":"https:\/\/www.sonoraenequipo.com.mx\/api\/wp\/v2\/media?parent=240842"}],"wp:term":[{"taxonomy":"category","embeddable":true,"href":"https:\/\/www.sonoraenequipo.com.mx\/api\/wp\/v2\/categories?post=240842"},{"taxonomy":"post_tag","embeddable":true,"href":"https:\/\/www.sonoraenequipo.com.mx\/api\/wp\/v2\/tags?post=240842"}],"curies":[{"name":"wp","href":"https:\/\/api.w.org\/{rel}","templated":true}]}}