{"id":240845,"date":"2026-04-29T12:48:59","date_gmt":"2026-04-29T19:48:59","guid":{"rendered":"https:\/\/www.sonoraenequipo.com.mx\/?p=240845"},"modified":"2026-04-29T12:48:59","modified_gmt":"2026-04-29T19:48:59","slug":"gobierno-de-sonora-entrega-viviendas-en-benito-juarez-y-refuerza-justicia-social","status":"publish","type":"post","link":"https:\/\/www.sonoraenequipo.com.mx\/gobierno-de-sonora-entrega-viviendas-en-benito-juarez-y-refuerza-justicia-social\/","title":{"rendered":"Gobierno de Sonora entrega viviendas en Benito Ju\u00e1rez y refuerza justicia social"},"content":{"rendered":"<p><strong>BENITO JU\u00c1REZ, SONORA, MX. \u2014<\/strong> Con la visi\u00f3n de reducir las brechas de desigualdad y brindar certidumbre patrimonial en las zonas con mayor vulnerabilidad, el Gobierno de Sonora, a trav\u00e9s de la Comisi\u00f3n de Vivienda del Estado (COVES), consolid\u00f3 la entrega de obras del programa Vivienda Nueva en el municipio de Benito Ju\u00e1rez.<\/p>\n<p>&nbsp;<\/p>\n<p>En seguimiento a la instrucci\u00f3n del gobernador Alfonso Durazo Monta\u00f1o de reducir el rezago en infraestructura social, se impulsan acciones en distintos municipios del estado, incluyendo el sur de la entidad. Estas acciones contribuyen a mejorar el entorno y las condiciones de vida de las familias en la regi\u00f3n.<\/p>\n<p>&nbsp;<\/p>\n<p>Los trabajos de construcci\u00f3n se extendieron por diversas comunidades rurales y la cabecera municipal, logrando la edificaci\u00f3n de 28 espacios habitacionales. La obra contempl\u00f3 la construcci\u00f3n de 20 pies de casa de 22.09 metros cuadrados y ocho viviendas de 40.01 metros cuadrados, dise\u00f1adas para ofrecer un espacio seguro y funcional.<\/p>\n<p>&nbsp;<\/p>\n<p>Cada una de estas obras fue realizada con materiales de alta durabilidad, empleando muros de block, losas de cimentaci\u00f3n y techos de vigueta y bovedilla. Adem\u00e1s, las unidades fueron entregadas con instalaciones el\u00e9ctricas, hidr\u00e1ulicas y sanitarias completas, asegurando una habitabilidad inmediata y digna.<\/p>\n<p>&nbsp;<\/p>\n<p>Esta intervenci\u00f3n represent\u00f3 una inversi\u00f3n estatal de seis millones 981 mil 161 pesos, beneficiando de manera directa a 105 personas, que a partir de ahora cuentan con un patrimonio propio.<\/p>\n<p>&nbsp;<\/p>\n<p>Con estas acciones, el Gobierno de Sonora refrenda su compromiso de llevar la justicia social a cada rinc\u00f3n del estado, enfocando los recursos en las regiones que demandan mayor atenci\u00f3n para elevar la calidad de vida de sus habitantes.<\/p>\n<p><strong>Fecha de publicaci\u00f3n martes 29 de abril de 2026<\/strong><\/p>\n","protected":false},"excerpt":{"rendered":"<p>BENITO JU\u00c1REZ, SONORA, MX. \u2014 Con la visi\u00f3n de reducir las brechas de desigualdad y&#8230;<\/p>\n","protected":false},"author":1,"featured_media":240846,"comment_status":"open","ping_status":"open","sticky":false,"template":"","format":"standard","meta":{"_monsterinsights_skip_tracking":false,"_monsterinsights_sitenote_active":false,"_monsterinsights_sitenote_note":"","_monsterinsights_sitenote_category":0,"footnotes":""},"categories":[4],"tags":[15,2304],"class_list":["post"],"yoast_head":" \n<title>Sonora en Equipo. Gobierno de Sonora entrega viviendas en Benito Ju\u00e1rez y refuerza justicia social Municipios<\/title>\n<meta name=\"description\" content=\"BENITO JU\u00c1REZ, SONORA, MX. \u2014 Con la visi\u00f3n de reducir las brechas de desigualdad y brindar certidumbre patrimonial en las zonas con mayor vulnerabilidad, En Sonora en Equipo publicamos toda la informaci\u00f3n de Sonora, M\u00e9xico y el Mundo de manera oportuna y busca que la libertad de expresi\u00f3n sea real. Visita nuestro medio informativo publicado desde Hermosillo, Sonora. %\" \/>\n<meta name=\"robots\" content=\"index, follow, max-snippet:-1, max-image-preview:large, max-video-preview:-1\" \/>\n<link rel=\"canonical\" href=\"https:\/\/www.sonoraenequipo.com.mx\/gobierno-de-sonora-entrega-viviendas-en-benito-juarez-y-refuerza-justicia-social\/\" \/>\n<meta property=\"og:locale\" content=\"es_ES\" \/>\n<meta property=\"og:type\" content=\"article\" \/>\n<meta property=\"og:title\" content=\"Sonora en Equipo. Gobierno de Sonora entrega viviendas en Benito Ju\u00e1rez y refuerza justicia social Municipios\" \/>\n<meta property=\"og:description\" content=\"BENITO JU\u00c1REZ, SONORA, MX. \u2014 Con la visi\u00f3n de reducir las brechas de desigualdad y brindar certidumbre patrimonial en las zonas con mayor vulnerabilidad, En Sonora en Equipo publicamos toda la informaci\u00f3n de Sonora, M\u00e9xico y el Mundo de manera oportuna y busca que la libertad de expresi\u00f3n sea real. Visita nuestro medio informativo publicado desde Hermosillo, Sonora. %\" \/>\n<meta property=\"og:url\" content=\"https:\/\/www.sonoraenequipo.com.mx\/gobierno-de-sonora-entrega-viviendas-en-benito-juarez-y-refuerza-justicia-social\/\" \/>\n<meta property=\"og:site_name\" content=\"Sonora en Equipo.\" \/>\n<meta property=\"article:publisher\" content=\"https:\/\/www.facebook.com\/SonoraEE\/\" \/>\n<meta property=\"article:author\" content=\"https:\/\/www.facebook.com\/SonoraEE\" \/>\n<meta property=\"article:published_time\" content=\"2026-04-29T19:48:59+00:00\" \/>\n<meta property=\"og:image\" content=\"https:\/\/www.sonoraenequipo.com.mx\/storage\/2026\/04\/vivienda-benito-juarez.jpg\" \/>\n\t<meta property=\"og:image:width\" content=\"600\" \/>\n\t<meta property=\"og:image:height\" content=\"400\" \/>\n\t<meta property=\"og:image:type\" content=\"image\/jpeg\" \/>\n<meta name=\"author\" content=\"enequipo\" \/>\n<meta name=\"twitter:card\" content=\"summary_large_image\" \/>\n<meta name=\"twitter:creator\" content=\"@sonoraenequipo\" \/>\n<meta name=\"twitter:site\" content=\"@sonoraenequipo\" \/>\n<meta name=\"twitter:label1\" content=\"Escrito por\" \/>\n\t<meta name=\"twitter:data1\" content=\"enequipo\" \/>\n\t<meta name=\"twitter:label2\" content=\"Tiempo de lectura\" \/>\n\t<meta name=\"twitter:data2\" content=\"1 minuto\" \/>\n<script type=\"application\/ld+json\" class=\"yoast-schema-graph\">{\"@context\":\"https:\/\/schema.org\",\"@graph\":[{\"@type\":\"Article\",\"@id\":\"https:\/\/www.sonoraenequipo.com.mx\/gobierno-de-sonora-entrega-viviendas-en-benito-juarez-y-refuerza-justicia-social\/#article\",\"isPartOf\":{\"@id\":\"https:\/\/www.sonoraenequipo.com.mx\/gobierno-de-sonora-entrega-viviendas-en-benito-juarez-y-refuerza-justicia-social\/\"},\"author\":{\"name\":\"enequipo\",\"@id\":\"https:\/\/www.sonoraenequipo.com.mx\/#\/schema\/person\/50102df0fb23a8fa9e8effad8fa81386\"},\"headline\":\"Gobierno de Sonora entrega viviendas en Benito Ju\u00e1rez y refuerza justicia social\",\"datePublished\":\"2026-04-29T19:48:59+00:00\",\"mainEntityOfPage\":{\"@id\":\"https:\/\/www.sonoraenequipo.com.mx\/gobierno-de-sonora-entrega-viviendas-en-benito-juarez-y-refuerza-justicia-social\/\"},\"wordCount\":302,\"commentCount\":0,\"publisher\":{\"@id\":\"https:\/\/www.sonoraenequipo.com.mx\/#organization\"},\"image\":{\"@id\":\"https:\/\/www.sonoraenequipo.com.mx\/gobierno-de-sonora-entrega-viviendas-en-benito-juarez-y-refuerza-justicia-social\/#primaryimage\"},\"thumbnailUrl\":\"https:\/\/www.sonoraenequipo.com.mx\/storage\/2026\/04\/vivienda-benito-juarez.jpg\",\"keywords\":[\"Sonora\",\"vivienda\"],\"articleSection\":[\"Municipios\"],\"inLanguage\":\"es\",\"potentialAction\":[{\"@type\":\"CommentAction\",\"name\":\"Comment\",\"target\":[\"https:\/\/www.sonoraenequipo.com.mx\/gobierno-de-sonora-entrega-viviendas-en-benito-juarez-y-refuerza-justicia-social\/#respond\"]}]},{\"@type\":\"WebPage\",\"@id\":\"https:\/\/www.sonoraenequipo.com.mx\/gobierno-de-sonora-entrega-viviendas-en-benito-juarez-y-refuerza-justicia-social\/\",\"url\":\"https:\/\/www.sonoraenequipo.com.mx\/gobierno-de-sonora-entrega-viviendas-en-benito-juarez-y-refuerza-justicia-social\/\",\"name\":\"Sonora en Equipo. Gobierno de Sonora entrega viviendas en Benito Ju\u00e1rez y refuerza justicia social Municipios\",\"isPartOf\":{\"@id\":\"https:\/\/www.sonoraenequipo.com.mx\/#website\"},\"primaryImageOfPage\":{\"@id\":\"https:\/\/www.sonoraenequipo.com.mx\/gobierno-de-sonora-entrega-viviendas-en-benito-juarez-y-refuerza-justicia-social\/#primaryimage\"},\"image\":{\"@id\":\"https:\/\/www.sonoraenequipo.com.mx\/gobierno-de-sonora-entrega-viviendas-en-benito-juarez-y-refuerza-justicia-social\/#primaryimage\"},\"thumbnailUrl\":\"https:\/\/www.sonoraenequipo.com.mx\/storage\/2026\/04\/vivienda-benito-juarez.jpg\",\"datePublished\":\"2026-04-29T19:48:59+00:00\",\"description\":\"BENITO JU\u00c1REZ, SONORA, MX. \u2014 Con la visi\u00f3n de reducir las brechas de desigualdad y brindar certidumbre patrimonial en las zonas con mayor vulnerabilidad, En Sonora en Equipo publicamos toda la informaci\u00f3n de Sonora, M\u00e9xico y el Mundo de manera oportuna y busca que la libertad de expresi\u00f3n sea real. Visita nuestro medio informativo publicado desde Hermosillo, Sonora. %\",\"breadcrumb\":{\"@id\":\"https:\/\/www.sonoraenequipo.com.mx\/gobierno-de-sonora-entrega-viviendas-en-benito-juarez-y-refuerza-justicia-social\/#breadcrumb\"},\"inLanguage\":\"es\",\"potentialAction\":[{\"@type\":\"ReadAction\",\"target\":[\"https:\/\/www.sonoraenequipo.com.mx\/gobierno-de-sonora-entrega-viviendas-en-benito-juarez-y-refuerza-justicia-social\/\"]}]},{\"@type\":\"ImageObject\",\"inLanguage\":\"es\",\"@id\":\"https:\/\/www.sonoraenequipo.com.mx\/gobierno-de-sonora-entrega-viviendas-en-benito-juarez-y-refuerza-justicia-social\/#primaryimage\",\"url\":\"https:\/\/www.sonoraenequipo.com.mx\/storage\/2026\/04\/vivienda-benito-juarez.jpg\",\"contentUrl\":\"https:\/\/www.sonoraenequipo.com.mx\/storage\/2026\/04\/vivienda-benito-juarez.jpg\",\"width\":600,\"height\":400},{\"@type\":\"BreadcrumbList\",\"@id\":\"https:\/\/www.sonoraenequipo.com.mx\/gobierno-de-sonora-entrega-viviendas-en-benito-juarez-y-refuerza-justicia-social\/#breadcrumb\",\"itemListElement\":[{\"@type\":\"ListItem\",\"position\":1,\"name\":\"Portada\",\"item\":\"https:\/\/www.sonoraenequipo.com.mx\/\"},{\"@type\":\"ListItem\",\"position\":2,\"name\":\"Gobierno de Sonora entrega viviendas en Benito Ju\u00e1rez y refuerza justicia social\"}]},{\"@type\":\"WebSite\",\"@id\":\"https:\/\/www.sonoraenequipo.com.mx\/#website\",\"url\":\"https:\/\/www.sonoraenequipo.com.mx\/\",\"name\":\"Sonora en Equipo.\",\"description\":\"Diario en l\u00ednea con Noticias desde Hermosillo, Sonora\",\"publisher\":{\"@id\":\"https:\/\/www.sonoraenequipo.com.mx\/#organization\"},\"potentialAction\":[{\"@type\":\"SearchAction\",\"target\":{\"@type\":\"EntryPoint\",\"urlTemplate\":\"https:\/\/www.sonoraenequipo.com.mx\/?s={search_term_string}\"},\"query-input\":{\"@type\":\"PropertyValueSpecification\",\"valueRequired\":true,\"valueName\":\"search_term_string\"}}],\"inLanguage\":\"es\"},{\"@type\":\"Organization\",\"@id\":\"https:\/\/www.sonoraenequipo.com.mx\/#organization\",\"name\":\"Sonoraenequipo.com.mx\",\"url\":\"https:\/\/www.sonoraenequipo.com.mx\/\",\"logo\":{\"@type\":\"ImageObject\",\"inLanguage\":\"es\",\"@id\":\"https:\/\/www.sonoraenequipo.com.mx\/#\/schema\/logo\/image\/\",\"url\":\"https:\/\/www.sonoraenequipo.com.mx\/storage\/2019\/01\/sonoraenequipo_opt.png\",\"contentUrl\":\"https:\/\/www.sonoraenequipo.com.mx\/storage\/2019\/01\/sonoraenequipo_opt.png\",\"width\":375,\"height\":125,\"caption\":\"Sonoraenequipo.com.mx\"},\"image\":{\"@id\":\"https:\/\/www.sonoraenequipo.com.mx\/#\/schema\/logo\/image\/\"},\"sameAs\":[\"https:\/\/www.facebook.com\/SonoraEE\/\",\"https:\/\/x.com\/sonoraenequipo\",\"https:\/\/www.youtube.com\/channel\/UC338nW-lPEYmJQs4ZABQ1SQ\"]},{\"@type\":\"Person\",\"@id\":\"https:\/\/www.sonoraenequipo.com.mx\/#\/schema\/person\/50102df0fb23a8fa9e8effad8fa81386\",\"name\":\"enequipo\",\"image\":{\"@type\":\"ImageObject\",\"inLanguage\":\"es\",\"@id\":\"https:\/\/www.sonoraenequipo.com.mx\/#\/schema\/person\/image\/\",\"url\":\"https:\/\/secure.gravatar.com\/avatar\/049821681b589dabc0bc20695993ccebb09f5b5d4d790cd9251b97faac7c652b?s=96&d=blank&r=g\",\"contentUrl\":\"https:\/\/secure.gravatar.com\/avatar\/049821681b589dabc0bc20695993ccebb09f5b5d4d790cd9251b97faac7c652b?s=96&d=blank&r=g\",\"caption\":\"enequipo\"},\"sameAs\":[\"https:\/\/www.facebook.com\/SonoraEE\"]}]}<\/script>\n ","yoast_head_json":{"title":"Sonora en Equipo. Gobierno de Sonora entrega viviendas en Benito Ju\u00e1rez y refuerza justicia social Municipios","description":"BENITO JU\u00c1REZ, SONORA, MX. \u2014 Con la visi\u00f3n de reducir las brechas de desigualdad y brindar certidumbre patrimonial en las zonas con mayor vulnerabilidad, En Sonora en Equipo publicamos toda la informaci\u00f3n de Sonora, M\u00e9xico y el Mundo de manera oportuna y busca que la libertad de expresi\u00f3n sea real. Visita nuestro medio informativo publicado desde Hermosillo, Sonora. %","robots":{"index":"index","follow":"follow","max-snippet":"max-snippet:-1","max-image-preview":"max-image-preview:large","max-video-preview":"max-video-preview:-1"},"canonical":"https:\/\/www.sonoraenequipo.com.mx\/gobierno-de-sonora-entrega-viviendas-en-benito-juarez-y-refuerza-justicia-social\/","og_locale":"es_ES","og_type":"article","og_title":"Sonora en Equipo. Gobierno de Sonora entrega viviendas en Benito Ju\u00e1rez y refuerza justicia social Municipios","og_description":"BENITO JU\u00c1REZ, SONORA, MX. \u2014 Con la visi\u00f3n de reducir las brechas de desigualdad y brindar certidumbre patrimonial en las zonas con mayor vulnerabilidad, En Sonora en Equipo publicamos toda la informaci\u00f3n de Sonora, M\u00e9xico y el Mundo de manera oportuna y busca que la libertad de expresi\u00f3n sea real. Visita nuestro medio informativo publicado desde Hermosillo, Sonora. %","og_url":"https:\/\/www.sonoraenequipo.com.mx\/gobierno-de-sonora-entrega-viviendas-en-benito-juarez-y-refuerza-justicia-social\/","og_site_name":"Sonora en Equipo.","article_publisher":"https:\/\/www.facebook.com\/SonoraEE\/","article_author":"https:\/\/www.facebook.com\/SonoraEE","article_published_time":"2026-04-29T19:48:59+00:00","og_image":[{"width":600,"height":400,"url":"https:\/\/www.sonoraenequipo.com.mx\/storage\/2026\/04\/vivienda-benito-juarez.jpg","type":"image\/jpeg"}],"author":"enequipo","twitter_card":"summary_large_image","twitter_creator":"@sonoraenequipo","twitter_site":"@sonoraenequipo","twitter_misc":{"Escrito por":"enequipo","Tiempo de lectura":"1 minuto"},"schema":{"@context":"https:\/\/schema.org","@graph":[{"@type":"Article","@id":"https:\/\/www.sonoraenequipo.com.mx\/gobierno-de-sonora-entrega-viviendas-en-benito-juarez-y-refuerza-justicia-social\/#article","isPartOf":{"@id":"https:\/\/www.sonoraenequipo.com.mx\/gobierno-de-sonora-entrega-viviendas-en-benito-juarez-y-refuerza-justicia-social\/"},"author":{"name":"enequipo","@id":"https:\/\/www.sonoraenequipo.com.mx\/#\/schema\/person\/50102df0fb23a8fa9e8effad8fa81386"},"headline":"Gobierno de Sonora entrega viviendas en Benito Ju\u00e1rez y refuerza justicia social","datePublished":"2026-04-29T19:48:59+00:00","mainEntityOfPage":{"@id":"https:\/\/www.sonoraenequipo.com.mx\/gobierno-de-sonora-entrega-viviendas-en-benito-juarez-y-refuerza-justicia-social\/"},"wordCount":302,"commentCount":0,"publisher":{"@id":"https:\/\/www.sonoraenequipo.com.mx\/#organization"},"image":{"@id":"https:\/\/www.sonoraenequipo.com.mx\/gobierno-de-sonora-entrega-viviendas-en-benito-juarez-y-refuerza-justicia-social\/#primaryimage"},"thumbnailUrl":"https:\/\/www.sonoraenequipo.com.mx\/storage\/2026\/04\/vivienda-benito-juarez.jpg","keywords":["Sonora","vivienda"],"articleSection":["Municipios"],"inLanguage":"es","potentialAction":[{"@type":"CommentAction","name":"Comment","target":["https:\/\/www.sonoraenequipo.com.mx\/gobierno-de-sonora-entrega-viviendas-en-benito-juarez-y-refuerza-justicia-social\/#respond"]}]},{"@type":"WebPage","@id":"https:\/\/www.sonoraenequipo.com.mx\/gobierno-de-sonora-entrega-viviendas-en-benito-juarez-y-refuerza-justicia-social\/","url":"https:\/\/www.sonoraenequipo.com.mx\/gobierno-de-sonora-entrega-viviendas-en-benito-juarez-y-refuerza-justicia-social\/","name":"Sonora en Equipo. Gobierno de Sonora entrega viviendas en Benito Ju\u00e1rez y refuerza justicia social Municipios","isPartOf":{"@id":"https:\/\/www.sonoraenequipo.com.mx\/#website"},"primaryImageOfPage":{"@id":"https:\/\/www.sonoraenequipo.com.mx\/gobierno-de-sonora-entrega-viviendas-en-benito-juarez-y-refuerza-justicia-social\/#primaryimage"},"image":{"@id":"https:\/\/www.sonoraenequipo.com.mx\/gobierno-de-sonora-entrega-viviendas-en-benito-juarez-y-refuerza-justicia-social\/#primaryimage"},"thumbnailUrl":"https:\/\/www.sonoraenequipo.com.mx\/storage\/2026\/04\/vivienda-benito-juarez.jpg","datePublished":"2026-04-29T19:48:59+00:00","description":"BENITO JU\u00c1REZ, SONORA, MX. \u2014 Con la visi\u00f3n de reducir las brechas de desigualdad y brindar certidumbre patrimonial en las zonas con mayor vulnerabilidad, En Sonora en Equipo publicamos toda la informaci\u00f3n de Sonora, M\u00e9xico y el Mundo de manera oportuna y busca que la libertad de expresi\u00f3n sea real. Visita nuestro medio informativo publicado desde Hermosillo, Sonora. %","breadcrumb":{"@id":"https:\/\/www.sonoraenequipo.com.mx\/gobierno-de-sonora-entrega-viviendas-en-benito-juarez-y-refuerza-justicia-social\/#breadcrumb"},"inLanguage":"es","potentialAction":[{"@type":"ReadAction","target":["https:\/\/www.sonoraenequipo.com.mx\/gobierno-de-sonora-entrega-viviendas-en-benito-juarez-y-refuerza-justicia-social\/"]}]},{"@type":"ImageObject","inLanguage":"es","@id":"https:\/\/www.sonoraenequipo.com.mx\/gobierno-de-sonora-entrega-viviendas-en-benito-juarez-y-refuerza-justicia-social\/#primaryimage","url":"https:\/\/www.sonoraenequipo.com.mx\/storage\/2026\/04\/vivienda-benito-juarez.jpg","contentUrl":"https:\/\/www.sonoraenequipo.com.mx\/storage\/2026\/04\/vivienda-benito-juarez.jpg","width":600,"height":400},{"@type":"BreadcrumbList","@id":"https:\/\/www.sonoraenequipo.com.mx\/gobierno-de-sonora-entrega-viviendas-en-benito-juarez-y-refuerza-justicia-social\/#breadcrumb","itemListElement":[{"@type":"ListItem","position":1,"name":"Portada","item":"https:\/\/www.sonoraenequipo.com.mx\/"},{"@type":"ListItem","position":2,"name":"Gobierno de Sonora entrega viviendas en Benito Ju\u00e1rez y refuerza justicia social"}]},{"@type":"WebSite","@id":"https:\/\/www.sonoraenequipo.com.mx\/#website","url":"https:\/\/www.sonoraenequipo.com.mx\/","name":"Sonora en Equipo.","description":"Diario en l\u00ednea con Noticias desde Hermosillo, Sonora","publisher":{"@id":"https:\/\/www.sonoraenequipo.com.mx\/#organization"},"potentialAction":[{"@type":"SearchAction","target":{"@type":"EntryPoint","urlTemplate":"https:\/\/www.sonoraenequipo.com.mx\/?s={search_term_string}"},"query-input":{"@type":"PropertyValueSpecification","valueRequired":true,"valueName":"search_term_string"}}],"inLanguage":"es"},{"@type":"Organization","@id":"https:\/\/www.sonoraenequipo.com.mx\/#organization","name":"Sonoraenequipo.com.mx","url":"https:\/\/www.sonoraenequipo.com.mx\/","logo":{"@type":"ImageObject","inLanguage":"es","@id":"https:\/\/www.sonoraenequipo.com.mx\/#\/schema\/logo\/image\/","url":"https:\/\/www.sonoraenequipo.com.mx\/storage\/2019\/01\/sonoraenequipo_opt.png","contentUrl":"https:\/\/www.sonoraenequipo.com.mx\/storage\/2019\/01\/sonoraenequipo_opt.png","width":375,"height":125,"caption":"Sonoraenequipo.com.mx"},"image":{"@id":"https:\/\/www.sonoraenequipo.com.mx\/#\/schema\/logo\/image\/"},"sameAs":["https:\/\/www.facebook.com\/SonoraEE\/","https:\/\/x.com\/sonoraenequipo","https:\/\/www.youtube.com\/channel\/UC338nW-lPEYmJQs4ZABQ1SQ"]},{"@type":"Person","@id":"https:\/\/www.sonoraenequipo.com.mx\/#\/schema\/person\/50102df0fb23a8fa9e8effad8fa81386","name":"enequipo","image":{"@type":"ImageObject","inLanguage":"es","@id":"https:\/\/www.sonoraenequipo.com.mx\/#\/schema\/person\/image\/","url":"https:\/\/secure.gravatar.com\/avatar\/049821681b589dabc0bc20695993ccebb09f5b5d4d790cd9251b97faac7c652b?s=96&d=blank&r=g","contentUrl":"https:\/\/secure.gravatar.com\/avatar\/049821681b589dabc0bc20695993ccebb09f5b5d4d790cd9251b97faac7c652b?s=96&d=blank&r=g","caption":"enequipo"},"sameAs":["https:\/\/www.facebook.com\/SonoraEE"]}]}},"jetpack_featured_media_url":"https:\/\/www.sonoraenequipo.com.mx\/storage\/2026\/04\/vivienda-benito-juarez.jpg","_links":{"self":[{"href":"https:\/\/www.sonoraenequipo.com.mx\/api\/wp\/v2\/posts\/240845","targetHints":{"allow":["GET"]}}],"collection":[{"href":"https:\/\/www.sonoraenequipo.com.mx\/api\/wp\/v2\/posts"}],"about":[{"href":"https:\/\/www.sonoraenequipo.com.mx\/api\/wp\/v2\/types\/post"}],"author":[{"embeddable":true,"href":"https:\/\/www.sonoraenequipo.com.mx\/api\/wp\/v2\/users\/1"}],"replies":[{"embeddable":true,"href":"https:\/\/www.sonoraenequipo.com.mx\/api\/wp\/v2\/comments?post=240845"}],"version-history":[{"count":1,"href":"https:\/\/www.sonoraenequipo.com.mx\/api\/wp\/v2\/posts\/240845\/revisions"}],"predecessor-version":[{"id":240847,"href":"https:\/\/www.sonoraenequipo.com.mx\/api\/wp\/v2\/posts\/240845\/revisions\/240847"}],"wp:featuredmedia":[{"embeddable":true,"href":"https:\/\/www.sonoraenequipo.com.mx\/api\/wp\/v2\/media\/240846"}],"wp:attachment":[{"href":"https:\/\/www.sonoraenequipo.com.mx\/api\/wp\/v2\/media?parent=240845"}],"wp:term":[{"taxonomy":"category","embeddable":true,"href":"https:\/\/www.sonoraenequipo.com.mx\/api\/wp\/v2\/categories?post=240845"},{"taxonomy":"post_tag","embeddable":true,"href":"https:\/\/www.sonoraenequipo.com.mx\/api\/wp\/v2\/tags?post=240845"}],"curies":[{"name":"wp","href":"https:\/\/api.w.org\/{rel}","templated":true}]}}