{"id":240848,"date":"2026-04-29T13:04:10","date_gmt":"2026-04-29T20:04:10","guid":{"rendered":"https:\/\/www.sonoraenequipo.com.mx\/?p=240848"},"modified":"2026-04-29T13:04:10","modified_gmt":"2026-04-29T20:04:10","slug":"concluye-participacion-de-sonora-en-olimpiada-nacional-de-futbol-2026","status":"publish","type":"post","link":"https:\/\/www.sonoraenequipo.com.mx\/concluye-participacion-de-sonora-en-olimpiada-nacional-de-futbol-2026\/","title":{"rendered":"Concluye participaci\u00f3n de Sonora en Olimpiada Nacional de F\u00fatbol 2026"},"content":{"rendered":"<p><strong>HERMOSILLO, SONORA, MX. \u2014<\/strong> El equipo de futbol sonorense de la categor\u00eda Sub 14 varonil termin\u00f3 su participaci\u00f3n en la Olimpiada Nacional 2026, luego de caer 1-0 ante Yucat\u00e1n en la ronda de cuartos de final, partido que se celebr\u00f3 este martes en la capital poblana.<\/p>\n<p>&nbsp;<\/p>\n<p>&nbsp;<\/p>\n<p>&nbsp;<\/p>\n<p>&nbsp;<\/p>\n<p>&nbsp;<\/p>\n<p>La selecci\u00f3n de nuestra entidad empez\u00f3 a remar contra la corriente desde el primer tiempo, cuando los yucatecos anotaron el que ser\u00eda el \u00fanico gol del encuentro, pero a final de cuentas la ofensiva sonorense se qued\u00f3 corta del ansiado empate.<\/p>\n<p>&nbsp;<\/p>\n<p>&nbsp;<\/p>\n<p>&nbsp;<\/p>\n<p>&nbsp;<\/p>\n<p>&nbsp;<\/p>\n<p>En resumen, esa fue la \u00fanica derrota de Sonora en el certamen, ya que en la fase de grupos obtuvo tres empates: con el Instituto del Deporte de los Trabajadores (2-2), Durango (0-0) y Aguascalientes (2-2), sumando 5 puntos (tercero del Grupo \u201cC\u201d para pasar a los cuartos de final), pues en los dos \u00faltimos desaf\u00edos logr\u00f3 el punto extra en los tiros desde la mancha de castigo.<\/p>\n<p>&nbsp;<\/p>\n<p>&nbsp;<\/p>\n<p>&nbsp;<\/p>\n<p>&nbsp;<\/p>\n<p>&nbsp;<\/p>\n<p>El otro seleccionado sonorense que particip\u00f3 en la Olimpiada Nacional de Futbol, el Sub 15 varonil, estuvo a punto de avanzar a la siguiente etapa de competencias, tras cerrar con una victoria de 4-1 sobre los Pumas de la UNAM.<\/p>\n<p>&nbsp;<\/p>\n<p>&nbsp;<\/p>\n<p>&nbsp;<\/p>\n<p>&nbsp;<\/p>\n<p>&nbsp;<\/p>\n<p>En total el equipo finaliz\u00f3 con 3 unidades pues en sus dos anteriores compromisos perdi\u00f3 con Quintana Roo (3-2) e igual\u00f3 ante Colima (2-2), duelo en el cual \u00fanicamente acumul\u00f3 un punto, ya que no pudo sumar el adicional en penales, para terminar en la cuarta posici\u00f3n del Grupo \u201cC\u201d.<\/p>\n<p><strong>Fecha de publicaci\u00f3n martes 29 de abril de 2026<\/strong><\/p>\n","protected":false},"excerpt":{"rendered":"<p>HERMOSILLO, SONORA, MX. \u2014 El equipo de futbol sonorense de la categor\u00eda Sub 14 varonil&#8230;<\/p>\n","protected":false},"author":1,"featured_media":240828,"comment_status":"open","ping_status":"open","sticky":false,"template":"","format":"standard","meta":{"_monsterinsights_skip_tracking":false,"_monsterinsights_sitenote_active":false,"_monsterinsights_sitenote_note":"","_monsterinsights_sitenote_category":0,"footnotes":""},"categories":[10],"tags":[309,15],"class_list":["post"],"yoast_head":" \n<title>Sonora en Equipo. Concluye participaci\u00f3n de Sonora en Olimpiada Nacional de F\u00fatbol 2026 Deportes<\/title>\n<meta name=\"description\" content=\"HERMOSILLO, SONORA, MX. \u2014 El equipo de futbol sonorense de la categor\u00eda Sub 14 varonil termin\u00f3 su participaci\u00f3n en la Olimpiada Nacional 2026, luego de En Sonora en Equipo publicamos toda la informaci\u00f3n de Sonora, M\u00e9xico y el Mundo de manera oportuna y busca que la libertad de expresi\u00f3n sea real. Visita nuestro medio informativo publicado desde Hermosillo, Sonora. %\" \/>\n<meta name=\"robots\" content=\"index, follow, max-snippet:-1, max-image-preview:large, max-video-preview:-1\" \/>\n<link rel=\"canonical\" href=\"https:\/\/www.sonoraenequipo.com.mx\/concluye-participacion-de-sonora-en-olimpiada-nacional-de-futbol-2026\/\" \/>\n<meta property=\"og:locale\" content=\"es_ES\" \/>\n<meta property=\"og:type\" content=\"article\" \/>\n<meta property=\"og:title\" content=\"Sonora en Equipo. Concluye participaci\u00f3n de Sonora en Olimpiada Nacional de F\u00fatbol 2026 Deportes\" \/>\n<meta property=\"og:description\" content=\"HERMOSILLO, SONORA, MX. \u2014 El equipo de futbol sonorense de la categor\u00eda Sub 14 varonil termin\u00f3 su participaci\u00f3n en la Olimpiada Nacional 2026, luego de En Sonora en Equipo publicamos toda la informaci\u00f3n de Sonora, M\u00e9xico y el Mundo de manera oportuna y busca que la libertad de expresi\u00f3n sea real. Visita nuestro medio informativo publicado desde Hermosillo, Sonora. %\" \/>\n<meta property=\"og:url\" content=\"https:\/\/www.sonoraenequipo.com.mx\/concluye-participacion-de-sonora-en-olimpiada-nacional-de-futbol-2026\/\" \/>\n<meta property=\"og:site_name\" content=\"Sonora en Equipo.\" \/>\n<meta property=\"article:publisher\" content=\"https:\/\/www.facebook.com\/SonoraEE\/\" \/>\n<meta property=\"article:author\" content=\"https:\/\/www.facebook.com\/SonoraEE\" \/>\n<meta property=\"article:published_time\" content=\"2026-04-29T20:04:10+00:00\" \/>\n<meta property=\"og:image\" content=\"https:\/\/www.sonoraenequipo.com.mx\/storage\/2026\/04\/Concluye-participacion-de-Sonora-en-Olimpiada-Nacional-de-Futbol-2026.-1.jpg\" \/>\n\t<meta property=\"og:image:width\" content=\"1000\" \/>\n\t<meta property=\"og:image:height\" content=\"666\" \/>\n\t<meta property=\"og:image:type\" content=\"image\/jpeg\" \/>\n<meta name=\"author\" content=\"enequipo\" \/>\n<meta name=\"twitter:card\" content=\"summary_large_image\" \/>\n<meta name=\"twitter:creator\" content=\"@sonoraenequipo\" \/>\n<meta name=\"twitter:site\" content=\"@sonoraenequipo\" \/>\n<meta name=\"twitter:label1\" content=\"Escrito por\" \/>\n\t<meta name=\"twitter:data1\" content=\"enequipo\" \/>\n\t<meta name=\"twitter:label2\" content=\"Tiempo de lectura\" \/>\n\t<meta name=\"twitter:data2\" content=\"1 minuto\" \/>\n<script type=\"application\/ld+json\" class=\"yoast-schema-graph\">{\"@context\":\"https:\/\/schema.org\",\"@graph\":[{\"@type\":\"Article\",\"@id\":\"https:\/\/www.sonoraenequipo.com.mx\/concluye-participacion-de-sonora-en-olimpiada-nacional-de-futbol-2026\/#article\",\"isPartOf\":{\"@id\":\"https:\/\/www.sonoraenequipo.com.mx\/concluye-participacion-de-sonora-en-olimpiada-nacional-de-futbol-2026\/\"},\"author\":{\"name\":\"enequipo\",\"@id\":\"https:\/\/www.sonoraenequipo.com.mx\/#\/schema\/person\/50102df0fb23a8fa9e8effad8fa81386\"},\"headline\":\"Concluye participaci\u00f3n de Sonora en Olimpiada Nacional de F\u00fatbol 2026\",\"datePublished\":\"2026-04-29T20:04:10+00:00\",\"mainEntityOfPage\":{\"@id\":\"https:\/\/www.sonoraenequipo.com.mx\/concluye-participacion-de-sonora-en-olimpiada-nacional-de-futbol-2026\/\"},\"wordCount\":285,\"commentCount\":0,\"publisher\":{\"@id\":\"https:\/\/www.sonoraenequipo.com.mx\/#organization\"},\"image\":{\"@id\":\"https:\/\/www.sonoraenequipo.com.mx\/concluye-participacion-de-sonora-en-olimpiada-nacional-de-futbol-2026\/#primaryimage\"},\"thumbnailUrl\":\"https:\/\/www.sonoraenequipo.com.mx\/storage\/2026\/04\/Concluye-participacion-de-Sonora-en-Olimpiada-Nacional-de-Futbol-2026.-1.jpg\",\"keywords\":[\"Futbol\",\"Sonora\"],\"articleSection\":[\"Deportes\"],\"inLanguage\":\"es\",\"potentialAction\":[{\"@type\":\"CommentAction\",\"name\":\"Comment\",\"target\":[\"https:\/\/www.sonoraenequipo.com.mx\/concluye-participacion-de-sonora-en-olimpiada-nacional-de-futbol-2026\/#respond\"]}]},{\"@type\":\"WebPage\",\"@id\":\"https:\/\/www.sonoraenequipo.com.mx\/concluye-participacion-de-sonora-en-olimpiada-nacional-de-futbol-2026\/\",\"url\":\"https:\/\/www.sonoraenequipo.com.mx\/concluye-participacion-de-sonora-en-olimpiada-nacional-de-futbol-2026\/\",\"name\":\"Sonora en Equipo. Concluye participaci\u00f3n de Sonora en Olimpiada Nacional de F\u00fatbol 2026 Deportes\",\"isPartOf\":{\"@id\":\"https:\/\/www.sonoraenequipo.com.mx\/#website\"},\"primaryImageOfPage\":{\"@id\":\"https:\/\/www.sonoraenequipo.com.mx\/concluye-participacion-de-sonora-en-olimpiada-nacional-de-futbol-2026\/#primaryimage\"},\"image\":{\"@id\":\"https:\/\/www.sonoraenequipo.com.mx\/concluye-participacion-de-sonora-en-olimpiada-nacional-de-futbol-2026\/#primaryimage\"},\"thumbnailUrl\":\"https:\/\/www.sonoraenequipo.com.mx\/storage\/2026\/04\/Concluye-participacion-de-Sonora-en-Olimpiada-Nacional-de-Futbol-2026.-1.jpg\",\"datePublished\":\"2026-04-29T20:04:10+00:00\",\"description\":\"HERMOSILLO, SONORA, MX. \u2014 El equipo de futbol sonorense de la categor\u00eda Sub 14 varonil termin\u00f3 su participaci\u00f3n en la Olimpiada Nacional 2026, luego de En Sonora en Equipo publicamos toda la informaci\u00f3n de Sonora, M\u00e9xico y el Mundo de manera oportuna y busca que la libertad de expresi\u00f3n sea real. Visita nuestro medio informativo publicado desde Hermosillo, Sonora. %\",\"breadcrumb\":{\"@id\":\"https:\/\/www.sonoraenequipo.com.mx\/concluye-participacion-de-sonora-en-olimpiada-nacional-de-futbol-2026\/#breadcrumb\"},\"inLanguage\":\"es\",\"potentialAction\":[{\"@type\":\"ReadAction\",\"target\":[\"https:\/\/www.sonoraenequipo.com.mx\/concluye-participacion-de-sonora-en-olimpiada-nacional-de-futbol-2026\/\"]}]},{\"@type\":\"ImageObject\",\"inLanguage\":\"es\",\"@id\":\"https:\/\/www.sonoraenequipo.com.mx\/concluye-participacion-de-sonora-en-olimpiada-nacional-de-futbol-2026\/#primaryimage\",\"url\":\"https:\/\/www.sonoraenequipo.com.mx\/storage\/2026\/04\/Concluye-participacion-de-Sonora-en-Olimpiada-Nacional-de-Futbol-2026.-1.jpg\",\"contentUrl\":\"https:\/\/www.sonoraenequipo.com.mx\/storage\/2026\/04\/Concluye-participacion-de-Sonora-en-Olimpiada-Nacional-de-Futbol-2026.-1.jpg\",\"width\":1000,\"height\":666},{\"@type\":\"BreadcrumbList\",\"@id\":\"https:\/\/www.sonoraenequipo.com.mx\/concluye-participacion-de-sonora-en-olimpiada-nacional-de-futbol-2026\/#breadcrumb\",\"itemListElement\":[{\"@type\":\"ListItem\",\"position\":1,\"name\":\"Portada\",\"item\":\"https:\/\/www.sonoraenequipo.com.mx\/\"},{\"@type\":\"ListItem\",\"position\":2,\"name\":\"Concluye participaci\u00f3n de Sonora en Olimpiada Nacional de F\u00fatbol 2026\"}]},{\"@type\":\"WebSite\",\"@id\":\"https:\/\/www.sonoraenequipo.com.mx\/#website\",\"url\":\"https:\/\/www.sonoraenequipo.com.mx\/\",\"name\":\"Sonora en Equipo.\",\"description\":\"Diario en l\u00ednea con Noticias desde Hermosillo, Sonora\",\"publisher\":{\"@id\":\"https:\/\/www.sonoraenequipo.com.mx\/#organization\"},\"potentialAction\":[{\"@type\":\"SearchAction\",\"target\":{\"@type\":\"EntryPoint\",\"urlTemplate\":\"https:\/\/www.sonoraenequipo.com.mx\/?s={search_term_string}\"},\"query-input\":{\"@type\":\"PropertyValueSpecification\",\"valueRequired\":true,\"valueName\":\"search_term_string\"}}],\"inLanguage\":\"es\"},{\"@type\":\"Organization\",\"@id\":\"https:\/\/www.sonoraenequipo.com.mx\/#organization\",\"name\":\"Sonoraenequipo.com.mx\",\"url\":\"https:\/\/www.sonoraenequipo.com.mx\/\",\"logo\":{\"@type\":\"ImageObject\",\"inLanguage\":\"es\",\"@id\":\"https:\/\/www.sonoraenequipo.com.mx\/#\/schema\/logo\/image\/\",\"url\":\"https:\/\/www.sonoraenequipo.com.mx\/storage\/2019\/01\/sonoraenequipo_opt.png\",\"contentUrl\":\"https:\/\/www.sonoraenequipo.com.mx\/storage\/2019\/01\/sonoraenequipo_opt.png\",\"width\":375,\"height\":125,\"caption\":\"Sonoraenequipo.com.mx\"},\"image\":{\"@id\":\"https:\/\/www.sonoraenequipo.com.mx\/#\/schema\/logo\/image\/\"},\"sameAs\":[\"https:\/\/www.facebook.com\/SonoraEE\/\",\"https:\/\/x.com\/sonoraenequipo\",\"https:\/\/www.youtube.com\/channel\/UC338nW-lPEYmJQs4ZABQ1SQ\"]},{\"@type\":\"Person\",\"@id\":\"https:\/\/www.sonoraenequipo.com.mx\/#\/schema\/person\/50102df0fb23a8fa9e8effad8fa81386\",\"name\":\"enequipo\",\"image\":{\"@type\":\"ImageObject\",\"inLanguage\":\"es\",\"@id\":\"https:\/\/www.sonoraenequipo.com.mx\/#\/schema\/person\/image\/\",\"url\":\"https:\/\/secure.gravatar.com\/avatar\/049821681b589dabc0bc20695993ccebb09f5b5d4d790cd9251b97faac7c652b?s=96&d=blank&r=g\",\"contentUrl\":\"https:\/\/secure.gravatar.com\/avatar\/049821681b589dabc0bc20695993ccebb09f5b5d4d790cd9251b97faac7c652b?s=96&d=blank&r=g\",\"caption\":\"enequipo\"},\"sameAs\":[\"https:\/\/www.facebook.com\/SonoraEE\"]}]}<\/script>\n ","yoast_head_json":{"title":"Sonora en Equipo. Concluye participaci\u00f3n de Sonora en Olimpiada Nacional de F\u00fatbol 2026 Deportes","description":"HERMOSILLO, SONORA, MX. \u2014 El equipo de futbol sonorense de la categor\u00eda Sub 14 varonil termin\u00f3 su participaci\u00f3n en la Olimpiada Nacional 2026, luego de En Sonora en Equipo publicamos toda la informaci\u00f3n de Sonora, M\u00e9xico y el Mundo de manera oportuna y busca que la libertad de expresi\u00f3n sea real. Visita nuestro medio informativo publicado desde Hermosillo, Sonora. %","robots":{"index":"index","follow":"follow","max-snippet":"max-snippet:-1","max-image-preview":"max-image-preview:large","max-video-preview":"max-video-preview:-1"},"canonical":"https:\/\/www.sonoraenequipo.com.mx\/concluye-participacion-de-sonora-en-olimpiada-nacional-de-futbol-2026\/","og_locale":"es_ES","og_type":"article","og_title":"Sonora en Equipo. Concluye participaci\u00f3n de Sonora en Olimpiada Nacional de F\u00fatbol 2026 Deportes","og_description":"HERMOSILLO, SONORA, MX. \u2014 El equipo de futbol sonorense de la categor\u00eda Sub 14 varonil termin\u00f3 su participaci\u00f3n en la Olimpiada Nacional 2026, luego de En Sonora en Equipo publicamos toda la informaci\u00f3n de Sonora, M\u00e9xico y el Mundo de manera oportuna y busca que la libertad de expresi\u00f3n sea real. Visita nuestro medio informativo publicado desde Hermosillo, Sonora. %","og_url":"https:\/\/www.sonoraenequipo.com.mx\/concluye-participacion-de-sonora-en-olimpiada-nacional-de-futbol-2026\/","og_site_name":"Sonora en Equipo.","article_publisher":"https:\/\/www.facebook.com\/SonoraEE\/","article_author":"https:\/\/www.facebook.com\/SonoraEE","article_published_time":"2026-04-29T20:04:10+00:00","og_image":[{"width":1000,"height":666,"url":"https:\/\/www.sonoraenequipo.com.mx\/storage\/2026\/04\/Concluye-participacion-de-Sonora-en-Olimpiada-Nacional-de-Futbol-2026.-1.jpg","type":"image\/jpeg"}],"author":"enequipo","twitter_card":"summary_large_image","twitter_creator":"@sonoraenequipo","twitter_site":"@sonoraenequipo","twitter_misc":{"Escrito por":"enequipo","Tiempo de lectura":"1 minuto"},"schema":{"@context":"https:\/\/schema.org","@graph":[{"@type":"Article","@id":"https:\/\/www.sonoraenequipo.com.mx\/concluye-participacion-de-sonora-en-olimpiada-nacional-de-futbol-2026\/#article","isPartOf":{"@id":"https:\/\/www.sonoraenequipo.com.mx\/concluye-participacion-de-sonora-en-olimpiada-nacional-de-futbol-2026\/"},"author":{"name":"enequipo","@id":"https:\/\/www.sonoraenequipo.com.mx\/#\/schema\/person\/50102df0fb23a8fa9e8effad8fa81386"},"headline":"Concluye participaci\u00f3n de Sonora en Olimpiada Nacional de F\u00fatbol 2026","datePublished":"2026-04-29T20:04:10+00:00","mainEntityOfPage":{"@id":"https:\/\/www.sonoraenequipo.com.mx\/concluye-participacion-de-sonora-en-olimpiada-nacional-de-futbol-2026\/"},"wordCount":285,"commentCount":0,"publisher":{"@id":"https:\/\/www.sonoraenequipo.com.mx\/#organization"},"image":{"@id":"https:\/\/www.sonoraenequipo.com.mx\/concluye-participacion-de-sonora-en-olimpiada-nacional-de-futbol-2026\/#primaryimage"},"thumbnailUrl":"https:\/\/www.sonoraenequipo.com.mx\/storage\/2026\/04\/Concluye-participacion-de-Sonora-en-Olimpiada-Nacional-de-Futbol-2026.-1.jpg","keywords":["Futbol","Sonora"],"articleSection":["Deportes"],"inLanguage":"es","potentialAction":[{"@type":"CommentAction","name":"Comment","target":["https:\/\/www.sonoraenequipo.com.mx\/concluye-participacion-de-sonora-en-olimpiada-nacional-de-futbol-2026\/#respond"]}]},{"@type":"WebPage","@id":"https:\/\/www.sonoraenequipo.com.mx\/concluye-participacion-de-sonora-en-olimpiada-nacional-de-futbol-2026\/","url":"https:\/\/www.sonoraenequipo.com.mx\/concluye-participacion-de-sonora-en-olimpiada-nacional-de-futbol-2026\/","name":"Sonora en Equipo. Concluye participaci\u00f3n de Sonora en Olimpiada Nacional de F\u00fatbol 2026 Deportes","isPartOf":{"@id":"https:\/\/www.sonoraenequipo.com.mx\/#website"},"primaryImageOfPage":{"@id":"https:\/\/www.sonoraenequipo.com.mx\/concluye-participacion-de-sonora-en-olimpiada-nacional-de-futbol-2026\/#primaryimage"},"image":{"@id":"https:\/\/www.sonoraenequipo.com.mx\/concluye-participacion-de-sonora-en-olimpiada-nacional-de-futbol-2026\/#primaryimage"},"thumbnailUrl":"https:\/\/www.sonoraenequipo.com.mx\/storage\/2026\/04\/Concluye-participacion-de-Sonora-en-Olimpiada-Nacional-de-Futbol-2026.-1.jpg","datePublished":"2026-04-29T20:04:10+00:00","description":"HERMOSILLO, SONORA, MX. \u2014 El equipo de futbol sonorense de la categor\u00eda Sub 14 varonil termin\u00f3 su participaci\u00f3n en la Olimpiada Nacional 2026, luego de En Sonora en Equipo publicamos toda la informaci\u00f3n de Sonora, M\u00e9xico y el Mundo de manera oportuna y busca que la libertad de expresi\u00f3n sea real. Visita nuestro medio informativo publicado desde Hermosillo, Sonora. %","breadcrumb":{"@id":"https:\/\/www.sonoraenequipo.com.mx\/concluye-participacion-de-sonora-en-olimpiada-nacional-de-futbol-2026\/#breadcrumb"},"inLanguage":"es","potentialAction":[{"@type":"ReadAction","target":["https:\/\/www.sonoraenequipo.com.mx\/concluye-participacion-de-sonora-en-olimpiada-nacional-de-futbol-2026\/"]}]},{"@type":"ImageObject","inLanguage":"es","@id":"https:\/\/www.sonoraenequipo.com.mx\/concluye-participacion-de-sonora-en-olimpiada-nacional-de-futbol-2026\/#primaryimage","url":"https:\/\/www.sonoraenequipo.com.mx\/storage\/2026\/04\/Concluye-participacion-de-Sonora-en-Olimpiada-Nacional-de-Futbol-2026.-1.jpg","contentUrl":"https:\/\/www.sonoraenequipo.com.mx\/storage\/2026\/04\/Concluye-participacion-de-Sonora-en-Olimpiada-Nacional-de-Futbol-2026.-1.jpg","width":1000,"height":666},{"@type":"BreadcrumbList","@id":"https:\/\/www.sonoraenequipo.com.mx\/concluye-participacion-de-sonora-en-olimpiada-nacional-de-futbol-2026\/#breadcrumb","itemListElement":[{"@type":"ListItem","position":1,"name":"Portada","item":"https:\/\/www.sonoraenequipo.com.mx\/"},{"@type":"ListItem","position":2,"name":"Concluye participaci\u00f3n de Sonora en Olimpiada Nacional de F\u00fatbol 2026"}]},{"@type":"WebSite","@id":"https:\/\/www.sonoraenequipo.com.mx\/#website","url":"https:\/\/www.sonoraenequipo.com.mx\/","name":"Sonora en Equipo.","description":"Diario en l\u00ednea con Noticias desde Hermosillo, Sonora","publisher":{"@id":"https:\/\/www.sonoraenequipo.com.mx\/#organization"},"potentialAction":[{"@type":"SearchAction","target":{"@type":"EntryPoint","urlTemplate":"https:\/\/www.sonoraenequipo.com.mx\/?s={search_term_string}"},"query-input":{"@type":"PropertyValueSpecification","valueRequired":true,"valueName":"search_term_string"}}],"inLanguage":"es"},{"@type":"Organization","@id":"https:\/\/www.sonoraenequipo.com.mx\/#organization","name":"Sonoraenequipo.com.mx","url":"https:\/\/www.sonoraenequipo.com.mx\/","logo":{"@type":"ImageObject","inLanguage":"es","@id":"https:\/\/www.sonoraenequipo.com.mx\/#\/schema\/logo\/image\/","url":"https:\/\/www.sonoraenequipo.com.mx\/storage\/2019\/01\/sonoraenequipo_opt.png","contentUrl":"https:\/\/www.sonoraenequipo.com.mx\/storage\/2019\/01\/sonoraenequipo_opt.png","width":375,"height":125,"caption":"Sonoraenequipo.com.mx"},"image":{"@id":"https:\/\/www.sonoraenequipo.com.mx\/#\/schema\/logo\/image\/"},"sameAs":["https:\/\/www.facebook.com\/SonoraEE\/","https:\/\/x.com\/sonoraenequipo","https:\/\/www.youtube.com\/channel\/UC338nW-lPEYmJQs4ZABQ1SQ"]},{"@type":"Person","@id":"https:\/\/www.sonoraenequipo.com.mx\/#\/schema\/person\/50102df0fb23a8fa9e8effad8fa81386","name":"enequipo","image":{"@type":"ImageObject","inLanguage":"es","@id":"https:\/\/www.sonoraenequipo.com.mx\/#\/schema\/person\/image\/","url":"https:\/\/secure.gravatar.com\/avatar\/049821681b589dabc0bc20695993ccebb09f5b5d4d790cd9251b97faac7c652b?s=96&d=blank&r=g","contentUrl":"https:\/\/secure.gravatar.com\/avatar\/049821681b589dabc0bc20695993ccebb09f5b5d4d790cd9251b97faac7c652b?s=96&d=blank&r=g","caption":"enequipo"},"sameAs":["https:\/\/www.facebook.com\/SonoraEE"]}]}},"jetpack_featured_media_url":"https:\/\/www.sonoraenequipo.com.mx\/storage\/2026\/04\/Concluye-participacion-de-Sonora-en-Olimpiada-Nacional-de-Futbol-2026.-1.jpg","_links":{"self":[{"href":"https:\/\/www.sonoraenequipo.com.mx\/api\/wp\/v2\/posts\/240848","targetHints":{"allow":["GET"]}}],"collection":[{"href":"https:\/\/www.sonoraenequipo.com.mx\/api\/wp\/v2\/posts"}],"about":[{"href":"https:\/\/www.sonoraenequipo.com.mx\/api\/wp\/v2\/types\/post"}],"author":[{"embeddable":true,"href":"https:\/\/www.sonoraenequipo.com.mx\/api\/wp\/v2\/users\/1"}],"replies":[{"embeddable":true,"href":"https:\/\/www.sonoraenequipo.com.mx\/api\/wp\/v2\/comments?post=240848"}],"version-history":[{"count":1,"href":"https:\/\/www.sonoraenequipo.com.mx\/api\/wp\/v2\/posts\/240848\/revisions"}],"predecessor-version":[{"id":240849,"href":"https:\/\/www.sonoraenequipo.com.mx\/api\/wp\/v2\/posts\/240848\/revisions\/240849"}],"wp:featuredmedia":[{"embeddable":true,"href":"https:\/\/www.sonoraenequipo.com.mx\/api\/wp\/v2\/media\/240828"}],"wp:attachment":[{"href":"https:\/\/www.sonoraenequipo.com.mx\/api\/wp\/v2\/media?parent=240848"}],"wp:term":[{"taxonomy":"category","embeddable":true,"href":"https:\/\/www.sonoraenequipo.com.mx\/api\/wp\/v2\/categories?post=240848"},{"taxonomy":"post_tag","embeddable":true,"href":"https:\/\/www.sonoraenequipo.com.mx\/api\/wp\/v2\/tags?post=240848"}],"curies":[{"name":"wp","href":"https:\/\/api.w.org\/{rel}","templated":true}]}}