{"id":240850,"date":"2026-04-29T14:00:41","date_gmt":"2026-04-29T21:00:41","guid":{"rendered":"https:\/\/www.sonoraenequipo.com.mx\/?p=240850"},"modified":"2026-04-29T15:51:23","modified_gmt":"2026-04-29T22:51:23","slug":"fomenta-sspc-prevencion-del-maltrato-animal-desde-la-ninez","status":"publish","type":"post","link":"https:\/\/www.sonoraenequipo.com.mx\/fomenta-sspc-prevencion-del-maltrato-animal-desde-la-ninez\/","title":{"rendered":"Fomenta SSPC prevenci\u00f3n del maltrato animal desde la ni\u00f1ez"},"content":{"rendered":"<p>&nbsp;<\/p>\n<p><strong>HERMOSILLO, SONORA, MX. \u2014<\/strong> Con la impartici\u00f3n de pl\u00e1ticas a ni\u00f1as y ni\u00f1os en las que se promueve el respeto hacia toda forma de vida, la Secretar\u00eda de Seguridad y Protecci\u00f3n Ciudadana (SSPC) en Sonora fomenta la prevenci\u00f3n del delito de maltrato animal.<\/p>\n<p>&nbsp;<\/p>\n<p>&nbsp;<\/p>\n<p>&nbsp;<\/p>\n<p>Como parte de las tareas preventivas que realiza la SSPC Sonora, promueve acciones positivas, como la denuncia del maltrato, lo que contribuye a formar una conciencia \u00e9tica desde la infancia, rechazando todo tipo de violencia.<\/p>\n<p>&nbsp;<\/p>\n<p>&nbsp;<\/p>\n<p>&nbsp;<\/p>\n<p>Rita Olivia Burgos Villaescusa, coordinadora estatal del Centro de Prevenci\u00f3n del Delito y Participaci\u00f3n Ciudadana, explic\u00f3 que, en sesiones dirigidas a la ni\u00f1ez, se informa que todo acto que ocasiona dolor o sufrimiento a un animal, que afecta su bienestar y pone en riesgo su vida o salud, es considerado maltrato.<\/p>\n<p>&nbsp;<\/p>\n<p>&nbsp;<\/p>\n<p>&nbsp;<\/p>\n<p>Para ello, en colaboraci\u00f3n con la Secretar\u00eda de Educaci\u00f3n y Cultura (SEC), se recorren centros escolares para ofrecer sesiones informativas a las y los estudiantes, en los que se impulsan valores como el respeto y empat\u00eda.<\/p>\n<p>&nbsp;<\/p>\n<p>&nbsp;<\/p>\n<p>&nbsp;<\/p>\n<p>Se\u00f1al\u00f3 que, al prevenir el maltrato animal desde la ni\u00f1ez, no solo protege a los animales, sino que tambi\u00e9n se ayuda a prevenir otras formas de violencia.<\/p>\n<p>&nbsp;<\/p>\n<p>&nbsp;<\/p>\n<p>&nbsp;<\/p>\n<p>La funcionaria estatal coment\u00f3 que se dise\u00f1\u00f3 material did\u00e1ctico, como el cuento \u201cRomina, color del sol\u201d, que aborda la importancia del respeto a la vida animal y aprenden a conocer las necesidades b\u00e1sicas de los animales como: alimentaci\u00f3n, cuidados, afecto y protecci\u00f3n.<\/p>\n<p>&nbsp;<\/p>\n<p>&nbsp;<\/p>\n<p>&nbsp;<\/p>\n<p>Durante operativos informativos, personal del Centro de Prevenci\u00f3n comparte informaci\u00f3n a la ni\u00f1ez en la que invita a reportar a la l\u00ednea de emergencias 9-1-1 actos de violencia en contra de animales, como:<\/p>\n<p>&nbsp;<\/p>\n<p>&nbsp;<\/p>\n<p>&nbsp;<\/p>\n<ul>\n<li>Abandono \/ falta de bienestar\u2028\u2022 Golpes \/ lesiones\u2022 Dejarlos sin comida y agua\u2022 Exponerlos a intensas temperaturas\u2022 Crueldad \/ omisi\u00f3n de cuidados\u2022 Negar ayuda m\u00e9dica.<\/li>\n<\/ul>\n<p><strong>Fecha de publicaci\u00f3n s\u00e1bado 25 de abril de 2026<\/strong><\/p>\n","protected":false},"excerpt":{"rendered":"<p>&nbsp; HERMOSILLO, SONORA, MX. \u2014 Con la impartici\u00f3n de pl\u00e1ticas a ni\u00f1as y ni\u00f1os en&#8230;<\/p>\n","protected":false},"author":1,"featured_media":240851,"comment_status":"open","ping_status":"open","sticky":false,"template":"","format":"standard","meta":{"_monsterinsights_skip_tracking":false,"_monsterinsights_sitenote_active":false,"_monsterinsights_sitenote_note":"","_monsterinsights_sitenote_category":0,"footnotes":""},"categories":[22],"tags":[5475,309,7179,15],"class_list":["post"],"yoast_head":" \n<title>Sonora en Equipo. Fomenta SSPC prevenci\u00f3n del maltrato animal desde la ni\u00f1ez Sonora<\/title>\n<meta name=\"description\" content=\"&nbsp; HERMOSILLO, SONORA, MX. \u2014 Con la impartici\u00f3n de pl\u00e1ticas a ni\u00f1as y ni\u00f1os en las que se promueve el respeto hacia toda forma de vida, la Secretar\u00eda En Sonora en Equipo publicamos toda la informaci\u00f3n de Sonora, M\u00e9xico y el Mundo de manera oportuna y busca que la libertad de expresi\u00f3n sea real. Visita nuestro medio informativo publicado desde Hermosillo, Sonora. %\" \/>\n<meta name=\"robots\" content=\"index, follow, max-snippet:-1, max-image-preview:large, max-video-preview:-1\" \/>\n<link rel=\"canonical\" href=\"https:\/\/www.sonoraenequipo.com.mx\/fomenta-sspc-prevencion-del-maltrato-animal-desde-la-ninez\/\" \/>\n<meta property=\"og:locale\" content=\"es_ES\" \/>\n<meta property=\"og:type\" content=\"article\" \/>\n<meta property=\"og:title\" content=\"Sonora en Equipo. Fomenta SSPC prevenci\u00f3n del maltrato animal desde la ni\u00f1ez Sonora\" \/>\n<meta property=\"og:description\" content=\"&nbsp; HERMOSILLO, SONORA, MX. \u2014 Con la impartici\u00f3n de pl\u00e1ticas a ni\u00f1as y ni\u00f1os en las que se promueve el respeto hacia toda forma de vida, la Secretar\u00eda En Sonora en Equipo publicamos toda la informaci\u00f3n de Sonora, M\u00e9xico y el Mundo de manera oportuna y busca que la libertad de expresi\u00f3n sea real. Visita nuestro medio informativo publicado desde Hermosillo, Sonora. %\" \/>\n<meta property=\"og:url\" content=\"https:\/\/www.sonoraenequipo.com.mx\/fomenta-sspc-prevencion-del-maltrato-animal-desde-la-ninez\/\" \/>\n<meta property=\"og:site_name\" content=\"Sonora en Equipo.\" \/>\n<meta property=\"article:publisher\" content=\"https:\/\/www.facebook.com\/SonoraEE\/\" \/>\n<meta property=\"article:author\" content=\"https:\/\/www.facebook.com\/SonoraEE\" \/>\n<meta property=\"article:published_time\" content=\"2026-04-29T21:00:41+00:00\" \/>\n<meta property=\"article:modified_time\" content=\"2026-04-29T22:51:23+00:00\" \/>\n<meta property=\"og:image\" content=\"https:\/\/www.sonoraenequipo.com.mx\/storage\/2026\/04\/ssp-cuidado-animal.jpg\" \/>\n\t<meta property=\"og:image:width\" content=\"600\" \/>\n\t<meta property=\"og:image:height\" content=\"400\" \/>\n\t<meta property=\"og:image:type\" content=\"image\/jpeg\" \/>\n<meta name=\"author\" content=\"enequipo\" \/>\n<meta name=\"twitter:card\" content=\"summary_large_image\" \/>\n<meta name=\"twitter:creator\" content=\"@sonoraenequipo\" \/>\n<meta name=\"twitter:site\" content=\"@sonoraenequipo\" \/>\n<meta name=\"twitter:label1\" content=\"Escrito por\" \/>\n\t<meta name=\"twitter:data1\" content=\"enequipo\" \/>\n\t<meta name=\"twitter:label2\" content=\"Tiempo de lectura\" \/>\n\t<meta name=\"twitter:data2\" content=\"2 minutos\" \/>\n<script type=\"application\/ld+json\" class=\"yoast-schema-graph\">{\"@context\":\"https:\/\/schema.org\",\"@graph\":[{\"@type\":\"Article\",\"@id\":\"https:\/\/www.sonoraenequipo.com.mx\/fomenta-sspc-prevencion-del-maltrato-animal-desde-la-ninez\/#article\",\"isPartOf\":{\"@id\":\"https:\/\/www.sonoraenequipo.com.mx\/fomenta-sspc-prevencion-del-maltrato-animal-desde-la-ninez\/\"},\"author\":{\"name\":\"enequipo\",\"@id\":\"https:\/\/www.sonoraenequipo.com.mx\/#\/schema\/person\/50102df0fb23a8fa9e8effad8fa81386\"},\"headline\":\"Fomenta SSPC prevenci\u00f3n del maltrato animal desde la ni\u00f1ez\",\"datePublished\":\"2026-04-29T21:00:41+00:00\",\"dateModified\":\"2026-04-29T22:51:23+00:00\",\"mainEntityOfPage\":{\"@id\":\"https:\/\/www.sonoraenequipo.com.mx\/fomenta-sspc-prevencion-del-maltrato-animal-desde-la-ninez\/\"},\"wordCount\":358,\"commentCount\":0,\"publisher\":{\"@id\":\"https:\/\/www.sonoraenequipo.com.mx\/#organization\"},\"image\":{\"@id\":\"https:\/\/www.sonoraenequipo.com.mx\/fomenta-sspc-prevencion-del-maltrato-animal-desde-la-ninez\/#primaryimage\"},\"thumbnailUrl\":\"https:\/\/www.sonoraenequipo.com.mx\/storage\/2026\/04\/ssp-cuidado-animal.jpg\",\"keywords\":[\"animal\",\"Futbol\",\"maltrato\",\"Sonora\"],\"articleSection\":[\"Sonora\"],\"inLanguage\":\"es\",\"potentialAction\":[{\"@type\":\"CommentAction\",\"name\":\"Comment\",\"target\":[\"https:\/\/www.sonoraenequipo.com.mx\/fomenta-sspc-prevencion-del-maltrato-animal-desde-la-ninez\/#respond\"]}]},{\"@type\":\"WebPage\",\"@id\":\"https:\/\/www.sonoraenequipo.com.mx\/fomenta-sspc-prevencion-del-maltrato-animal-desde-la-ninez\/\",\"url\":\"https:\/\/www.sonoraenequipo.com.mx\/fomenta-sspc-prevencion-del-maltrato-animal-desde-la-ninez\/\",\"name\":\"Sonora en Equipo. Fomenta SSPC prevenci\u00f3n del maltrato animal desde la ni\u00f1ez Sonora\",\"isPartOf\":{\"@id\":\"https:\/\/www.sonoraenequipo.com.mx\/#website\"},\"primaryImageOfPage\":{\"@id\":\"https:\/\/www.sonoraenequipo.com.mx\/fomenta-sspc-prevencion-del-maltrato-animal-desde-la-ninez\/#primaryimage\"},\"image\":{\"@id\":\"https:\/\/www.sonoraenequipo.com.mx\/fomenta-sspc-prevencion-del-maltrato-animal-desde-la-ninez\/#primaryimage\"},\"thumbnailUrl\":\"https:\/\/www.sonoraenequipo.com.mx\/storage\/2026\/04\/ssp-cuidado-animal.jpg\",\"datePublished\":\"2026-04-29T21:00:41+00:00\",\"dateModified\":\"2026-04-29T22:51:23+00:00\",\"description\":\"&nbsp; HERMOSILLO, SONORA, MX. \u2014 Con la impartici\u00f3n de pl\u00e1ticas a ni\u00f1as y ni\u00f1os en las que se promueve el respeto hacia toda forma de vida, la Secretar\u00eda En Sonora en Equipo publicamos toda la informaci\u00f3n de Sonora, M\u00e9xico y el Mundo de manera oportuna y busca que la libertad de expresi\u00f3n sea real. Visita nuestro medio informativo publicado desde Hermosillo, Sonora. %\",\"breadcrumb\":{\"@id\":\"https:\/\/www.sonoraenequipo.com.mx\/fomenta-sspc-prevencion-del-maltrato-animal-desde-la-ninez\/#breadcrumb\"},\"inLanguage\":\"es\",\"potentialAction\":[{\"@type\":\"ReadAction\",\"target\":[\"https:\/\/www.sonoraenequipo.com.mx\/fomenta-sspc-prevencion-del-maltrato-animal-desde-la-ninez\/\"]}]},{\"@type\":\"ImageObject\",\"inLanguage\":\"es\",\"@id\":\"https:\/\/www.sonoraenequipo.com.mx\/fomenta-sspc-prevencion-del-maltrato-animal-desde-la-ninez\/#primaryimage\",\"url\":\"https:\/\/www.sonoraenequipo.com.mx\/storage\/2026\/04\/ssp-cuidado-animal.jpg\",\"contentUrl\":\"https:\/\/www.sonoraenequipo.com.mx\/storage\/2026\/04\/ssp-cuidado-animal.jpg\",\"width\":600,\"height\":400},{\"@type\":\"BreadcrumbList\",\"@id\":\"https:\/\/www.sonoraenequipo.com.mx\/fomenta-sspc-prevencion-del-maltrato-animal-desde-la-ninez\/#breadcrumb\",\"itemListElement\":[{\"@type\":\"ListItem\",\"position\":1,\"name\":\"Portada\",\"item\":\"https:\/\/www.sonoraenequipo.com.mx\/\"},{\"@type\":\"ListItem\",\"position\":2,\"name\":\"Fomenta SSPC prevenci\u00f3n del maltrato animal desde la ni\u00f1ez\"}]},{\"@type\":\"WebSite\",\"@id\":\"https:\/\/www.sonoraenequipo.com.mx\/#website\",\"url\":\"https:\/\/www.sonoraenequipo.com.mx\/\",\"name\":\"Sonora en Equipo.\",\"description\":\"Diario en l\u00ednea con Noticias desde Hermosillo, Sonora\",\"publisher\":{\"@id\":\"https:\/\/www.sonoraenequipo.com.mx\/#organization\"},\"potentialAction\":[{\"@type\":\"SearchAction\",\"target\":{\"@type\":\"EntryPoint\",\"urlTemplate\":\"https:\/\/www.sonoraenequipo.com.mx\/?s={search_term_string}\"},\"query-input\":{\"@type\":\"PropertyValueSpecification\",\"valueRequired\":true,\"valueName\":\"search_term_string\"}}],\"inLanguage\":\"es\"},{\"@type\":\"Organization\",\"@id\":\"https:\/\/www.sonoraenequipo.com.mx\/#organization\",\"name\":\"Sonoraenequipo.com.mx\",\"url\":\"https:\/\/www.sonoraenequipo.com.mx\/\",\"logo\":{\"@type\":\"ImageObject\",\"inLanguage\":\"es\",\"@id\":\"https:\/\/www.sonoraenequipo.com.mx\/#\/schema\/logo\/image\/\",\"url\":\"https:\/\/www.sonoraenequipo.com.mx\/storage\/2019\/01\/sonoraenequipo_opt.png\",\"contentUrl\":\"https:\/\/www.sonoraenequipo.com.mx\/storage\/2019\/01\/sonoraenequipo_opt.png\",\"width\":375,\"height\":125,\"caption\":\"Sonoraenequipo.com.mx\"},\"image\":{\"@id\":\"https:\/\/www.sonoraenequipo.com.mx\/#\/schema\/logo\/image\/\"},\"sameAs\":[\"https:\/\/www.facebook.com\/SonoraEE\/\",\"https:\/\/x.com\/sonoraenequipo\",\"https:\/\/www.youtube.com\/channel\/UC338nW-lPEYmJQs4ZABQ1SQ\"]},{\"@type\":\"Person\",\"@id\":\"https:\/\/www.sonoraenequipo.com.mx\/#\/schema\/person\/50102df0fb23a8fa9e8effad8fa81386\",\"name\":\"enequipo\",\"image\":{\"@type\":\"ImageObject\",\"inLanguage\":\"es\",\"@id\":\"https:\/\/www.sonoraenequipo.com.mx\/#\/schema\/person\/image\/\",\"url\":\"https:\/\/secure.gravatar.com\/avatar\/049821681b589dabc0bc20695993ccebb09f5b5d4d790cd9251b97faac7c652b?s=96&d=blank&r=g\",\"contentUrl\":\"https:\/\/secure.gravatar.com\/avatar\/049821681b589dabc0bc20695993ccebb09f5b5d4d790cd9251b97faac7c652b?s=96&d=blank&r=g\",\"caption\":\"enequipo\"},\"sameAs\":[\"https:\/\/www.facebook.com\/SonoraEE\"]}]}<\/script>\n ","yoast_head_json":{"title":"Sonora en Equipo. Fomenta SSPC prevenci\u00f3n del maltrato animal desde la ni\u00f1ez Sonora","description":"&nbsp; HERMOSILLO, SONORA, MX. \u2014 Con la impartici\u00f3n de pl\u00e1ticas a ni\u00f1as y ni\u00f1os en las que se promueve el respeto hacia toda forma de vida, la Secretar\u00eda En Sonora en Equipo publicamos toda la informaci\u00f3n de Sonora, M\u00e9xico y el Mundo de manera oportuna y busca que la libertad de expresi\u00f3n sea real. Visita nuestro medio informativo publicado desde Hermosillo, Sonora. %","robots":{"index":"index","follow":"follow","max-snippet":"max-snippet:-1","max-image-preview":"max-image-preview:large","max-video-preview":"max-video-preview:-1"},"canonical":"https:\/\/www.sonoraenequipo.com.mx\/fomenta-sspc-prevencion-del-maltrato-animal-desde-la-ninez\/","og_locale":"es_ES","og_type":"article","og_title":"Sonora en Equipo. Fomenta SSPC prevenci\u00f3n del maltrato animal desde la ni\u00f1ez Sonora","og_description":"&nbsp; HERMOSILLO, SONORA, MX. \u2014 Con la impartici\u00f3n de pl\u00e1ticas a ni\u00f1as y ni\u00f1os en las que se promueve el respeto hacia toda forma de vida, la Secretar\u00eda En Sonora en Equipo publicamos toda la informaci\u00f3n de Sonora, M\u00e9xico y el Mundo de manera oportuna y busca que la libertad de expresi\u00f3n sea real. Visita nuestro medio informativo publicado desde Hermosillo, Sonora. %","og_url":"https:\/\/www.sonoraenequipo.com.mx\/fomenta-sspc-prevencion-del-maltrato-animal-desde-la-ninez\/","og_site_name":"Sonora en Equipo.","article_publisher":"https:\/\/www.facebook.com\/SonoraEE\/","article_author":"https:\/\/www.facebook.com\/SonoraEE","article_published_time":"2026-04-29T21:00:41+00:00","article_modified_time":"2026-04-29T22:51:23+00:00","og_image":[{"width":600,"height":400,"url":"https:\/\/www.sonoraenequipo.com.mx\/storage\/2026\/04\/ssp-cuidado-animal.jpg","type":"image\/jpeg"}],"author":"enequipo","twitter_card":"summary_large_image","twitter_creator":"@sonoraenequipo","twitter_site":"@sonoraenequipo","twitter_misc":{"Escrito por":"enequipo","Tiempo de lectura":"2 minutos"},"schema":{"@context":"https:\/\/schema.org","@graph":[{"@type":"Article","@id":"https:\/\/www.sonoraenequipo.com.mx\/fomenta-sspc-prevencion-del-maltrato-animal-desde-la-ninez\/#article","isPartOf":{"@id":"https:\/\/www.sonoraenequipo.com.mx\/fomenta-sspc-prevencion-del-maltrato-animal-desde-la-ninez\/"},"author":{"name":"enequipo","@id":"https:\/\/www.sonoraenequipo.com.mx\/#\/schema\/person\/50102df0fb23a8fa9e8effad8fa81386"},"headline":"Fomenta SSPC prevenci\u00f3n del maltrato animal desde la ni\u00f1ez","datePublished":"2026-04-29T21:00:41+00:00","dateModified":"2026-04-29T22:51:23+00:00","mainEntityOfPage":{"@id":"https:\/\/www.sonoraenequipo.com.mx\/fomenta-sspc-prevencion-del-maltrato-animal-desde-la-ninez\/"},"wordCount":358,"commentCount":0,"publisher":{"@id":"https:\/\/www.sonoraenequipo.com.mx\/#organization"},"image":{"@id":"https:\/\/www.sonoraenequipo.com.mx\/fomenta-sspc-prevencion-del-maltrato-animal-desde-la-ninez\/#primaryimage"},"thumbnailUrl":"https:\/\/www.sonoraenequipo.com.mx\/storage\/2026\/04\/ssp-cuidado-animal.jpg","keywords":["animal","Futbol","maltrato","Sonora"],"articleSection":["Sonora"],"inLanguage":"es","potentialAction":[{"@type":"CommentAction","name":"Comment","target":["https:\/\/www.sonoraenequipo.com.mx\/fomenta-sspc-prevencion-del-maltrato-animal-desde-la-ninez\/#respond"]}]},{"@type":"WebPage","@id":"https:\/\/www.sonoraenequipo.com.mx\/fomenta-sspc-prevencion-del-maltrato-animal-desde-la-ninez\/","url":"https:\/\/www.sonoraenequipo.com.mx\/fomenta-sspc-prevencion-del-maltrato-animal-desde-la-ninez\/","name":"Sonora en Equipo. Fomenta SSPC prevenci\u00f3n del maltrato animal desde la ni\u00f1ez Sonora","isPartOf":{"@id":"https:\/\/www.sonoraenequipo.com.mx\/#website"},"primaryImageOfPage":{"@id":"https:\/\/www.sonoraenequipo.com.mx\/fomenta-sspc-prevencion-del-maltrato-animal-desde-la-ninez\/#primaryimage"},"image":{"@id":"https:\/\/www.sonoraenequipo.com.mx\/fomenta-sspc-prevencion-del-maltrato-animal-desde-la-ninez\/#primaryimage"},"thumbnailUrl":"https:\/\/www.sonoraenequipo.com.mx\/storage\/2026\/04\/ssp-cuidado-animal.jpg","datePublished":"2026-04-29T21:00:41+00:00","dateModified":"2026-04-29T22:51:23+00:00","description":"&nbsp; HERMOSILLO, SONORA, MX. \u2014 Con la impartici\u00f3n de pl\u00e1ticas a ni\u00f1as y ni\u00f1os en las que se promueve el respeto hacia toda forma de vida, la Secretar\u00eda En Sonora en Equipo publicamos toda la informaci\u00f3n de Sonora, M\u00e9xico y el Mundo de manera oportuna y busca que la libertad de expresi\u00f3n sea real. Visita nuestro medio informativo publicado desde Hermosillo, Sonora. %","breadcrumb":{"@id":"https:\/\/www.sonoraenequipo.com.mx\/fomenta-sspc-prevencion-del-maltrato-animal-desde-la-ninez\/#breadcrumb"},"inLanguage":"es","potentialAction":[{"@type":"ReadAction","target":["https:\/\/www.sonoraenequipo.com.mx\/fomenta-sspc-prevencion-del-maltrato-animal-desde-la-ninez\/"]}]},{"@type":"ImageObject","inLanguage":"es","@id":"https:\/\/www.sonoraenequipo.com.mx\/fomenta-sspc-prevencion-del-maltrato-animal-desde-la-ninez\/#primaryimage","url":"https:\/\/www.sonoraenequipo.com.mx\/storage\/2026\/04\/ssp-cuidado-animal.jpg","contentUrl":"https:\/\/www.sonoraenequipo.com.mx\/storage\/2026\/04\/ssp-cuidado-animal.jpg","width":600,"height":400},{"@type":"BreadcrumbList","@id":"https:\/\/www.sonoraenequipo.com.mx\/fomenta-sspc-prevencion-del-maltrato-animal-desde-la-ninez\/#breadcrumb","itemListElement":[{"@type":"ListItem","position":1,"name":"Portada","item":"https:\/\/www.sonoraenequipo.com.mx\/"},{"@type":"ListItem","position":2,"name":"Fomenta SSPC prevenci\u00f3n del maltrato animal desde la ni\u00f1ez"}]},{"@type":"WebSite","@id":"https:\/\/www.sonoraenequipo.com.mx\/#website","url":"https:\/\/www.sonoraenequipo.com.mx\/","name":"Sonora en Equipo.","description":"Diario en l\u00ednea con Noticias desde Hermosillo, Sonora","publisher":{"@id":"https:\/\/www.sonoraenequipo.com.mx\/#organization"},"potentialAction":[{"@type":"SearchAction","target":{"@type":"EntryPoint","urlTemplate":"https:\/\/www.sonoraenequipo.com.mx\/?s={search_term_string}"},"query-input":{"@type":"PropertyValueSpecification","valueRequired":true,"valueName":"search_term_string"}}],"inLanguage":"es"},{"@type":"Organization","@id":"https:\/\/www.sonoraenequipo.com.mx\/#organization","name":"Sonoraenequipo.com.mx","url":"https:\/\/www.sonoraenequipo.com.mx\/","logo":{"@type":"ImageObject","inLanguage":"es","@id":"https:\/\/www.sonoraenequipo.com.mx\/#\/schema\/logo\/image\/","url":"https:\/\/www.sonoraenequipo.com.mx\/storage\/2019\/01\/sonoraenequipo_opt.png","contentUrl":"https:\/\/www.sonoraenequipo.com.mx\/storage\/2019\/01\/sonoraenequipo_opt.png","width":375,"height":125,"caption":"Sonoraenequipo.com.mx"},"image":{"@id":"https:\/\/www.sonoraenequipo.com.mx\/#\/schema\/logo\/image\/"},"sameAs":["https:\/\/www.facebook.com\/SonoraEE\/","https:\/\/x.com\/sonoraenequipo","https:\/\/www.youtube.com\/channel\/UC338nW-lPEYmJQs4ZABQ1SQ"]},{"@type":"Person","@id":"https:\/\/www.sonoraenequipo.com.mx\/#\/schema\/person\/50102df0fb23a8fa9e8effad8fa81386","name":"enequipo","image":{"@type":"ImageObject","inLanguage":"es","@id":"https:\/\/www.sonoraenequipo.com.mx\/#\/schema\/person\/image\/","url":"https:\/\/secure.gravatar.com\/avatar\/049821681b589dabc0bc20695993ccebb09f5b5d4d790cd9251b97faac7c652b?s=96&d=blank&r=g","contentUrl":"https:\/\/secure.gravatar.com\/avatar\/049821681b589dabc0bc20695993ccebb09f5b5d4d790cd9251b97faac7c652b?s=96&d=blank&r=g","caption":"enequipo"},"sameAs":["https:\/\/www.facebook.com\/SonoraEE"]}]}},"jetpack_featured_media_url":"https:\/\/www.sonoraenequipo.com.mx\/storage\/2026\/04\/ssp-cuidado-animal.jpg","_links":{"self":[{"href":"https:\/\/www.sonoraenequipo.com.mx\/api\/wp\/v2\/posts\/240850","targetHints":{"allow":["GET"]}}],"collection":[{"href":"https:\/\/www.sonoraenequipo.com.mx\/api\/wp\/v2\/posts"}],"about":[{"href":"https:\/\/www.sonoraenequipo.com.mx\/api\/wp\/v2\/types\/post"}],"author":[{"embeddable":true,"href":"https:\/\/www.sonoraenequipo.com.mx\/api\/wp\/v2\/users\/1"}],"replies":[{"embeddable":true,"href":"https:\/\/www.sonoraenequipo.com.mx\/api\/wp\/v2\/comments?post=240850"}],"version-history":[{"count":1,"href":"https:\/\/www.sonoraenequipo.com.mx\/api\/wp\/v2\/posts\/240850\/revisions"}],"predecessor-version":[{"id":240852,"href":"https:\/\/www.sonoraenequipo.com.mx\/api\/wp\/v2\/posts\/240850\/revisions\/240852"}],"wp:featuredmedia":[{"embeddable":true,"href":"https:\/\/www.sonoraenequipo.com.mx\/api\/wp\/v2\/media\/240851"}],"wp:attachment":[{"href":"https:\/\/www.sonoraenequipo.com.mx\/api\/wp\/v2\/media?parent=240850"}],"wp:term":[{"taxonomy":"category","embeddable":true,"href":"https:\/\/www.sonoraenequipo.com.mx\/api\/wp\/v2\/categories?post=240850"},{"taxonomy":"post_tag","embeddable":true,"href":"https:\/\/www.sonoraenequipo.com.mx\/api\/wp\/v2\/tags?post=240850"}],"curies":[{"name":"wp","href":"https:\/\/api.w.org\/{rel}","templated":true}]}}