{"id":240853,"date":"2026-04-29T13:34:28","date_gmt":"2026-04-29T20:34:28","guid":{"rendered":"https:\/\/www.sonoraenequipo.com.mx\/?p=240853"},"modified":"2026-04-29T13:34:28","modified_gmt":"2026-04-29T20:34:28","slug":"aprobacion-de-trump-cae-a-minimos-historicos","status":"publish","type":"post","link":"https:\/\/www.sonoraenequipo.com.mx\/aprobacion-de-trump-cae-a-minimos-historicos\/","title":{"rendered":"Aprobaci\u00f3n de Trump cae a m\u00ednimos hist\u00f3ricos"},"content":{"rendered":"<p>Aprobaci\u00f3n de Trump cae a m\u00ednimos hist\u00f3ricos<\/p>\n<p>Las encuestas indican que, tras un a\u00f1o del segundo mandato de Donald Trump, solo hay un presidente m\u00e1s impopular: \u00e9l mismo durante su primera etapa de presidente de Estados Unidos.<\/p>\n<p>&nbsp;<\/p>\n<p>La \u00faltima encuesta de Pew Research, publicada el jueves 29 de enero, revela que el 37 por ciento de los estadounidenses aprueba la gesti\u00f3n de Trump. Lo que en realidad lastra su aprobaci\u00f3n es su baj\u00edsima popularidad entre los votantes dem\u00f3cratas.<\/p>\n<p>&nbsp;<\/p>\n<p>Por otro lado, su apoyo entre los republicanos se mantiene, aunque ha disminuido desde el inicio de su mandato. M\u00e1s de la mitad parece seguir respaldando su enfoque, seg\u00fan Pew.<\/p>\n<p><strong>Trump a\u00fan preside un pa\u00eds hiperpartidista<\/strong><\/p>\n<p>A pesar de las cifras nacionales, el control de Trump sobre el Partido Republicano sigue siendo significativo, en gran medida como figura principal del movimiento MAGA.<\/p>\n<p>&nbsp;<\/p>\n<p>\u00abEl apoyo que tiene parece ser s\u00f3lido como una roca; no parece haber nada que pueda alejar probablemente al 80 u 85 por ciento de los votantes republicanos\u00bb, comenta a DW John Mark Hansen, polit\u00f3logo de la Universidad de Chicago.<\/p>\n<p>&nbsp;<\/p>\n<p>Trump ha podido gobernar su primer a\u00f1o pr\u00e1cticamente sin oposici\u00f3n, gracias al control republicano del Congreso de Estados Unidos y a un fallo protector de la Corte Suprema de 2024, que le otorga amplia inmunidad.<\/p>\n<p>&nbsp;<\/p>\n<p>Esto podr\u00eda cambiar tras las elecciones intermedias de noviembre de 2026. Si bien es cierto que ha implementado aranceles m\u00e1s radicales y est\u00e1 llevando a cabo la estricta pol\u00edtica migratoria que prometi\u00f3 en su campa\u00f1a, est\u00e1 por verse c\u00f3mo evolucionan la inflaci\u00f3n, los costos de vida y la econom\u00eda.<\/p>\n<p>&nbsp;<\/p>\n<p>\u00abCon el tiempo, los \u00edndices de aprobaci\u00f3n de un presidente tienden a caer, en parte por las promesas descabelladas que ha hecho y que despu\u00e9s no puede cumplir. Y al mismo tiempo, con el presidente Trump, creo que lo que hemos visto es que los estadounidenses se preocupan mucho por el estado de la econom\u00eda y el estado de su propio bolsillo\u00bb, explica a DW Kathryn Dunn Tenpas, investigadora presidencial y del Congreso del Centro Miller de la Universidad de Virginia.<\/p>\n<p>&nbsp;<\/p>\n<p>El apoyo de los votantes moderados, que no se consideran republicanos ni dem\u00f3cratas y ayudaron a impulsar a Trump a la Casa Blanca, tambi\u00e9n ha disminuido en su primer a\u00f1o de mandato.<\/p>\n<p>&nbsp;<\/p>\n<p>\u00abPor supuesto, a muchos dem\u00f3cratas les preocupa especialmente lo que est\u00e1 sucediendo en Minneapolis y en otras ciudades del pa\u00eds, donde se ha desplegado el Servicio de Inmigraci\u00f3n y Control de Aduanas (ICE)\u00bb, subraya Tenpas. \u00abCreo que los independientes y quiz\u00e1s los republicanos no leales a Trump, est\u00e1n cada vez m\u00e1s descontentos con lo que est\u00e1 ocurriendo\u00bb, concluye.<\/p>\n<p><strong>Fecha de publicaci\u00f3n s\u00e1bado 25 de abril de 2026\/DW<\/strong><\/p>\n","protected":false},"excerpt":{"rendered":"<p>Aprobaci\u00f3n de Trump cae a m\u00ednimos hist\u00f3ricos Las encuestas indican que, tras un a\u00f1o del&#8230;<\/p>\n","protected":false},"author":1,"featured_media":238975,"comment_status":"open","ping_status":"open","sticky":false,"template":"","format":"standard","meta":{"_monsterinsights_skip_tracking":false,"_monsterinsights_sitenote_active":false,"_monsterinsights_sitenote_note":"","_monsterinsights_sitenote_category":0,"footnotes":""},"categories":[3],"tags":[5232,1898],"class_list":["post"],"yoast_head":" \n<title>Sonora en Equipo. Aprobaci\u00f3n de Trump cae a m\u00ednimos hist\u00f3ricos MUNDO<\/title>\n<meta name=\"description\" content=\"Aprobaci\u00f3n de Trump cae a m\u00ednimos hist\u00f3ricos Las encuestas indican que, tras un a\u00f1o del segundo mandato de Donald Trump, solo hay un presidente m\u00e1s En Sonora en Equipo publicamos toda la informaci\u00f3n de Sonora, M\u00e9xico y el Mundo de manera oportuna y busca que la libertad de expresi\u00f3n sea real. Visita nuestro medio informativo publicado desde Hermosillo, Sonora. %\" \/>\n<meta name=\"robots\" content=\"index, follow, max-snippet:-1, max-image-preview:large, max-video-preview:-1\" \/>\n<link rel=\"canonical\" href=\"https:\/\/www.sonoraenequipo.com.mx\/aprobacion-de-trump-cae-a-minimos-historicos\/\" \/>\n<meta property=\"og:locale\" content=\"es_ES\" \/>\n<meta property=\"og:type\" content=\"article\" \/>\n<meta property=\"og:title\" content=\"Sonora en Equipo. Aprobaci\u00f3n de Trump cae a m\u00ednimos hist\u00f3ricos MUNDO\" \/>\n<meta property=\"og:description\" content=\"Aprobaci\u00f3n de Trump cae a m\u00ednimos hist\u00f3ricos Las encuestas indican que, tras un a\u00f1o del segundo mandato de Donald Trump, solo hay un presidente m\u00e1s En Sonora en Equipo publicamos toda la informaci\u00f3n de Sonora, M\u00e9xico y el Mundo de manera oportuna y busca que la libertad de expresi\u00f3n sea real. Visita nuestro medio informativo publicado desde Hermosillo, Sonora. %\" \/>\n<meta property=\"og:url\" content=\"https:\/\/www.sonoraenequipo.com.mx\/aprobacion-de-trump-cae-a-minimos-historicos\/\" \/>\n<meta property=\"og:site_name\" content=\"Sonora en Equipo.\" \/>\n<meta property=\"article:publisher\" content=\"https:\/\/www.facebook.com\/SonoraEE\/\" \/>\n<meta property=\"article:author\" content=\"https:\/\/www.facebook.com\/SonoraEE\" \/>\n<meta property=\"article:published_time\" content=\"2026-04-29T20:34:28+00:00\" \/>\n<meta property=\"og:image\" content=\"https:\/\/www.sonoraenequipo.com.mx\/storage\/2026\/04\/el-enfermo-de-Trump.jpg\" \/>\n\t<meta property=\"og:image:width\" content=\"1000\" \/>\n\t<meta property=\"og:image:height\" content=\"485\" \/>\n\t<meta property=\"og:image:type\" content=\"image\/jpeg\" \/>\n<meta name=\"author\" content=\"enequipo\" \/>\n<meta name=\"twitter:card\" content=\"summary_large_image\" \/>\n<meta name=\"twitter:creator\" content=\"@sonoraenequipo\" \/>\n<meta name=\"twitter:site\" content=\"@sonoraenequipo\" \/>\n<meta name=\"twitter:label1\" content=\"Escrito por\" \/>\n\t<meta name=\"twitter:data1\" content=\"enequipo\" \/>\n\t<meta name=\"twitter:label2\" content=\"Tiempo de lectura\" \/>\n\t<meta name=\"twitter:data2\" content=\"2 minutos\" \/>\n<script type=\"application\/ld+json\" class=\"yoast-schema-graph\">{\"@context\":\"https:\/\/schema.org\",\"@graph\":[{\"@type\":\"Article\",\"@id\":\"https:\/\/www.sonoraenequipo.com.mx\/aprobacion-de-trump-cae-a-minimos-historicos\/#article\",\"isPartOf\":{\"@id\":\"https:\/\/www.sonoraenequipo.com.mx\/aprobacion-de-trump-cae-a-minimos-historicos\/\"},\"author\":{\"name\":\"enequipo\",\"@id\":\"https:\/\/www.sonoraenequipo.com.mx\/#\/schema\/person\/50102df0fb23a8fa9e8effad8fa81386\"},\"headline\":\"Aprobaci\u00f3n de Trump cae a m\u00ednimos hist\u00f3ricos\",\"datePublished\":\"2026-04-29T20:34:28+00:00\",\"mainEntityOfPage\":{\"@id\":\"https:\/\/www.sonoraenequipo.com.mx\/aprobacion-de-trump-cae-a-minimos-historicos\/\"},\"wordCount\":494,\"commentCount\":0,\"publisher\":{\"@id\":\"https:\/\/www.sonoraenequipo.com.mx\/#organization\"},\"image\":{\"@id\":\"https:\/\/www.sonoraenequipo.com.mx\/aprobacion-de-trump-cae-a-minimos-historicos\/#primaryimage\"},\"thumbnailUrl\":\"https:\/\/www.sonoraenequipo.com.mx\/storage\/2026\/04\/el-enfermo-de-Trump.jpg\",\"keywords\":[\"aprobacion\",\"Trump\"],\"articleSection\":[\"MUNDO\"],\"inLanguage\":\"es\",\"potentialAction\":[{\"@type\":\"CommentAction\",\"name\":\"Comment\",\"target\":[\"https:\/\/www.sonoraenequipo.com.mx\/aprobacion-de-trump-cae-a-minimos-historicos\/#respond\"]}]},{\"@type\":\"WebPage\",\"@id\":\"https:\/\/www.sonoraenequipo.com.mx\/aprobacion-de-trump-cae-a-minimos-historicos\/\",\"url\":\"https:\/\/www.sonoraenequipo.com.mx\/aprobacion-de-trump-cae-a-minimos-historicos\/\",\"name\":\"Sonora en Equipo. Aprobaci\u00f3n de Trump cae a m\u00ednimos hist\u00f3ricos MUNDO\",\"isPartOf\":{\"@id\":\"https:\/\/www.sonoraenequipo.com.mx\/#website\"},\"primaryImageOfPage\":{\"@id\":\"https:\/\/www.sonoraenequipo.com.mx\/aprobacion-de-trump-cae-a-minimos-historicos\/#primaryimage\"},\"image\":{\"@id\":\"https:\/\/www.sonoraenequipo.com.mx\/aprobacion-de-trump-cae-a-minimos-historicos\/#primaryimage\"},\"thumbnailUrl\":\"https:\/\/www.sonoraenequipo.com.mx\/storage\/2026\/04\/el-enfermo-de-Trump.jpg\",\"datePublished\":\"2026-04-29T20:34:28+00:00\",\"description\":\"Aprobaci\u00f3n de Trump cae a m\u00ednimos hist\u00f3ricos Las encuestas indican que, tras un a\u00f1o del segundo mandato de Donald Trump, solo hay un presidente m\u00e1s En Sonora en Equipo publicamos toda la informaci\u00f3n de Sonora, M\u00e9xico y el Mundo de manera oportuna y busca que la libertad de expresi\u00f3n sea real. Visita nuestro medio informativo publicado desde Hermosillo, Sonora. %\",\"breadcrumb\":{\"@id\":\"https:\/\/www.sonoraenequipo.com.mx\/aprobacion-de-trump-cae-a-minimos-historicos\/#breadcrumb\"},\"inLanguage\":\"es\",\"potentialAction\":[{\"@type\":\"ReadAction\",\"target\":[\"https:\/\/www.sonoraenequipo.com.mx\/aprobacion-de-trump-cae-a-minimos-historicos\/\"]}]},{\"@type\":\"ImageObject\",\"inLanguage\":\"es\",\"@id\":\"https:\/\/www.sonoraenequipo.com.mx\/aprobacion-de-trump-cae-a-minimos-historicos\/#primaryimage\",\"url\":\"https:\/\/www.sonoraenequipo.com.mx\/storage\/2026\/04\/el-enfermo-de-Trump.jpg\",\"contentUrl\":\"https:\/\/www.sonoraenequipo.com.mx\/storage\/2026\/04\/el-enfermo-de-Trump.jpg\",\"width\":1000,\"height\":485},{\"@type\":\"BreadcrumbList\",\"@id\":\"https:\/\/www.sonoraenequipo.com.mx\/aprobacion-de-trump-cae-a-minimos-historicos\/#breadcrumb\",\"itemListElement\":[{\"@type\":\"ListItem\",\"position\":1,\"name\":\"Portada\",\"item\":\"https:\/\/www.sonoraenequipo.com.mx\/\"},{\"@type\":\"ListItem\",\"position\":2,\"name\":\"Aprobaci\u00f3n de Trump cae a m\u00ednimos hist\u00f3ricos\"}]},{\"@type\":\"WebSite\",\"@id\":\"https:\/\/www.sonoraenequipo.com.mx\/#website\",\"url\":\"https:\/\/www.sonoraenequipo.com.mx\/\",\"name\":\"Sonora en Equipo.\",\"description\":\"Diario en l\u00ednea con Noticias desde Hermosillo, Sonora\",\"publisher\":{\"@id\":\"https:\/\/www.sonoraenequipo.com.mx\/#organization\"},\"potentialAction\":[{\"@type\":\"SearchAction\",\"target\":{\"@type\":\"EntryPoint\",\"urlTemplate\":\"https:\/\/www.sonoraenequipo.com.mx\/?s={search_term_string}\"},\"query-input\":{\"@type\":\"PropertyValueSpecification\",\"valueRequired\":true,\"valueName\":\"search_term_string\"}}],\"inLanguage\":\"es\"},{\"@type\":\"Organization\",\"@id\":\"https:\/\/www.sonoraenequipo.com.mx\/#organization\",\"name\":\"Sonoraenequipo.com.mx\",\"url\":\"https:\/\/www.sonoraenequipo.com.mx\/\",\"logo\":{\"@type\":\"ImageObject\",\"inLanguage\":\"es\",\"@id\":\"https:\/\/www.sonoraenequipo.com.mx\/#\/schema\/logo\/image\/\",\"url\":\"https:\/\/www.sonoraenequipo.com.mx\/storage\/2019\/01\/sonoraenequipo_opt.png\",\"contentUrl\":\"https:\/\/www.sonoraenequipo.com.mx\/storage\/2019\/01\/sonoraenequipo_opt.png\",\"width\":375,\"height\":125,\"caption\":\"Sonoraenequipo.com.mx\"},\"image\":{\"@id\":\"https:\/\/www.sonoraenequipo.com.mx\/#\/schema\/logo\/image\/\"},\"sameAs\":[\"https:\/\/www.facebook.com\/SonoraEE\/\",\"https:\/\/x.com\/sonoraenequipo\",\"https:\/\/www.youtube.com\/channel\/UC338nW-lPEYmJQs4ZABQ1SQ\"]},{\"@type\":\"Person\",\"@id\":\"https:\/\/www.sonoraenequipo.com.mx\/#\/schema\/person\/50102df0fb23a8fa9e8effad8fa81386\",\"name\":\"enequipo\",\"image\":{\"@type\":\"ImageObject\",\"inLanguage\":\"es\",\"@id\":\"https:\/\/www.sonoraenequipo.com.mx\/#\/schema\/person\/image\/\",\"url\":\"https:\/\/secure.gravatar.com\/avatar\/049821681b589dabc0bc20695993ccebb09f5b5d4d790cd9251b97faac7c652b?s=96&d=blank&r=g\",\"contentUrl\":\"https:\/\/secure.gravatar.com\/avatar\/049821681b589dabc0bc20695993ccebb09f5b5d4d790cd9251b97faac7c652b?s=96&d=blank&r=g\",\"caption\":\"enequipo\"},\"sameAs\":[\"https:\/\/www.facebook.com\/SonoraEE\"]}]}<\/script>\n ","yoast_head_json":{"title":"Sonora en Equipo. Aprobaci\u00f3n de Trump cae a m\u00ednimos hist\u00f3ricos MUNDO","description":"Aprobaci\u00f3n de Trump cae a m\u00ednimos hist\u00f3ricos Las encuestas indican que, tras un a\u00f1o del segundo mandato de Donald Trump, solo hay un presidente m\u00e1s En Sonora en Equipo publicamos toda la informaci\u00f3n de Sonora, M\u00e9xico y el Mundo de manera oportuna y busca que la libertad de expresi\u00f3n sea real. Visita nuestro medio informativo publicado desde Hermosillo, Sonora. %","robots":{"index":"index","follow":"follow","max-snippet":"max-snippet:-1","max-image-preview":"max-image-preview:large","max-video-preview":"max-video-preview:-1"},"canonical":"https:\/\/www.sonoraenequipo.com.mx\/aprobacion-de-trump-cae-a-minimos-historicos\/","og_locale":"es_ES","og_type":"article","og_title":"Sonora en Equipo. Aprobaci\u00f3n de Trump cae a m\u00ednimos hist\u00f3ricos MUNDO","og_description":"Aprobaci\u00f3n de Trump cae a m\u00ednimos hist\u00f3ricos Las encuestas indican que, tras un a\u00f1o del segundo mandato de Donald Trump, solo hay un presidente m\u00e1s En Sonora en Equipo publicamos toda la informaci\u00f3n de Sonora, M\u00e9xico y el Mundo de manera oportuna y busca que la libertad de expresi\u00f3n sea real. Visita nuestro medio informativo publicado desde Hermosillo, Sonora. %","og_url":"https:\/\/www.sonoraenequipo.com.mx\/aprobacion-de-trump-cae-a-minimos-historicos\/","og_site_name":"Sonora en Equipo.","article_publisher":"https:\/\/www.facebook.com\/SonoraEE\/","article_author":"https:\/\/www.facebook.com\/SonoraEE","article_published_time":"2026-04-29T20:34:28+00:00","og_image":[{"width":1000,"height":485,"url":"https:\/\/www.sonoraenequipo.com.mx\/storage\/2026\/04\/el-enfermo-de-Trump.jpg","type":"image\/jpeg"}],"author":"enequipo","twitter_card":"summary_large_image","twitter_creator":"@sonoraenequipo","twitter_site":"@sonoraenequipo","twitter_misc":{"Escrito por":"enequipo","Tiempo de lectura":"2 minutos"},"schema":{"@context":"https:\/\/schema.org","@graph":[{"@type":"Article","@id":"https:\/\/www.sonoraenequipo.com.mx\/aprobacion-de-trump-cae-a-minimos-historicos\/#article","isPartOf":{"@id":"https:\/\/www.sonoraenequipo.com.mx\/aprobacion-de-trump-cae-a-minimos-historicos\/"},"author":{"name":"enequipo","@id":"https:\/\/www.sonoraenequipo.com.mx\/#\/schema\/person\/50102df0fb23a8fa9e8effad8fa81386"},"headline":"Aprobaci\u00f3n de Trump cae a m\u00ednimos hist\u00f3ricos","datePublished":"2026-04-29T20:34:28+00:00","mainEntityOfPage":{"@id":"https:\/\/www.sonoraenequipo.com.mx\/aprobacion-de-trump-cae-a-minimos-historicos\/"},"wordCount":494,"commentCount":0,"publisher":{"@id":"https:\/\/www.sonoraenequipo.com.mx\/#organization"},"image":{"@id":"https:\/\/www.sonoraenequipo.com.mx\/aprobacion-de-trump-cae-a-minimos-historicos\/#primaryimage"},"thumbnailUrl":"https:\/\/www.sonoraenequipo.com.mx\/storage\/2026\/04\/el-enfermo-de-Trump.jpg","keywords":["aprobacion","Trump"],"articleSection":["MUNDO"],"inLanguage":"es","potentialAction":[{"@type":"CommentAction","name":"Comment","target":["https:\/\/www.sonoraenequipo.com.mx\/aprobacion-de-trump-cae-a-minimos-historicos\/#respond"]}]},{"@type":"WebPage","@id":"https:\/\/www.sonoraenequipo.com.mx\/aprobacion-de-trump-cae-a-minimos-historicos\/","url":"https:\/\/www.sonoraenequipo.com.mx\/aprobacion-de-trump-cae-a-minimos-historicos\/","name":"Sonora en Equipo. Aprobaci\u00f3n de Trump cae a m\u00ednimos hist\u00f3ricos MUNDO","isPartOf":{"@id":"https:\/\/www.sonoraenequipo.com.mx\/#website"},"primaryImageOfPage":{"@id":"https:\/\/www.sonoraenequipo.com.mx\/aprobacion-de-trump-cae-a-minimos-historicos\/#primaryimage"},"image":{"@id":"https:\/\/www.sonoraenequipo.com.mx\/aprobacion-de-trump-cae-a-minimos-historicos\/#primaryimage"},"thumbnailUrl":"https:\/\/www.sonoraenequipo.com.mx\/storage\/2026\/04\/el-enfermo-de-Trump.jpg","datePublished":"2026-04-29T20:34:28+00:00","description":"Aprobaci\u00f3n de Trump cae a m\u00ednimos hist\u00f3ricos Las encuestas indican que, tras un a\u00f1o del segundo mandato de Donald Trump, solo hay un presidente m\u00e1s En Sonora en Equipo publicamos toda la informaci\u00f3n de Sonora, M\u00e9xico y el Mundo de manera oportuna y busca que la libertad de expresi\u00f3n sea real. Visita nuestro medio informativo publicado desde Hermosillo, Sonora. %","breadcrumb":{"@id":"https:\/\/www.sonoraenequipo.com.mx\/aprobacion-de-trump-cae-a-minimos-historicos\/#breadcrumb"},"inLanguage":"es","potentialAction":[{"@type":"ReadAction","target":["https:\/\/www.sonoraenequipo.com.mx\/aprobacion-de-trump-cae-a-minimos-historicos\/"]}]},{"@type":"ImageObject","inLanguage":"es","@id":"https:\/\/www.sonoraenequipo.com.mx\/aprobacion-de-trump-cae-a-minimos-historicos\/#primaryimage","url":"https:\/\/www.sonoraenequipo.com.mx\/storage\/2026\/04\/el-enfermo-de-Trump.jpg","contentUrl":"https:\/\/www.sonoraenequipo.com.mx\/storage\/2026\/04\/el-enfermo-de-Trump.jpg","width":1000,"height":485},{"@type":"BreadcrumbList","@id":"https:\/\/www.sonoraenequipo.com.mx\/aprobacion-de-trump-cae-a-minimos-historicos\/#breadcrumb","itemListElement":[{"@type":"ListItem","position":1,"name":"Portada","item":"https:\/\/www.sonoraenequipo.com.mx\/"},{"@type":"ListItem","position":2,"name":"Aprobaci\u00f3n de Trump cae a m\u00ednimos hist\u00f3ricos"}]},{"@type":"WebSite","@id":"https:\/\/www.sonoraenequipo.com.mx\/#website","url":"https:\/\/www.sonoraenequipo.com.mx\/","name":"Sonora en Equipo.","description":"Diario en l\u00ednea con Noticias desde Hermosillo, Sonora","publisher":{"@id":"https:\/\/www.sonoraenequipo.com.mx\/#organization"},"potentialAction":[{"@type":"SearchAction","target":{"@type":"EntryPoint","urlTemplate":"https:\/\/www.sonoraenequipo.com.mx\/?s={search_term_string}"},"query-input":{"@type":"PropertyValueSpecification","valueRequired":true,"valueName":"search_term_string"}}],"inLanguage":"es"},{"@type":"Organization","@id":"https:\/\/www.sonoraenequipo.com.mx\/#organization","name":"Sonoraenequipo.com.mx","url":"https:\/\/www.sonoraenequipo.com.mx\/","logo":{"@type":"ImageObject","inLanguage":"es","@id":"https:\/\/www.sonoraenequipo.com.mx\/#\/schema\/logo\/image\/","url":"https:\/\/www.sonoraenequipo.com.mx\/storage\/2019\/01\/sonoraenequipo_opt.png","contentUrl":"https:\/\/www.sonoraenequipo.com.mx\/storage\/2019\/01\/sonoraenequipo_opt.png","width":375,"height":125,"caption":"Sonoraenequipo.com.mx"},"image":{"@id":"https:\/\/www.sonoraenequipo.com.mx\/#\/schema\/logo\/image\/"},"sameAs":["https:\/\/www.facebook.com\/SonoraEE\/","https:\/\/x.com\/sonoraenequipo","https:\/\/www.youtube.com\/channel\/UC338nW-lPEYmJQs4ZABQ1SQ"]},{"@type":"Person","@id":"https:\/\/www.sonoraenequipo.com.mx\/#\/schema\/person\/50102df0fb23a8fa9e8effad8fa81386","name":"enequipo","image":{"@type":"ImageObject","inLanguage":"es","@id":"https:\/\/www.sonoraenequipo.com.mx\/#\/schema\/person\/image\/","url":"https:\/\/secure.gravatar.com\/avatar\/049821681b589dabc0bc20695993ccebb09f5b5d4d790cd9251b97faac7c652b?s=96&d=blank&r=g","contentUrl":"https:\/\/secure.gravatar.com\/avatar\/049821681b589dabc0bc20695993ccebb09f5b5d4d790cd9251b97faac7c652b?s=96&d=blank&r=g","caption":"enequipo"},"sameAs":["https:\/\/www.facebook.com\/SonoraEE"]}]}},"jetpack_featured_media_url":"https:\/\/www.sonoraenequipo.com.mx\/storage\/2026\/04\/el-enfermo-de-Trump.jpg","_links":{"self":[{"href":"https:\/\/www.sonoraenequipo.com.mx\/api\/wp\/v2\/posts\/240853","targetHints":{"allow":["GET"]}}],"collection":[{"href":"https:\/\/www.sonoraenequipo.com.mx\/api\/wp\/v2\/posts"}],"about":[{"href":"https:\/\/www.sonoraenequipo.com.mx\/api\/wp\/v2\/types\/post"}],"author":[{"embeddable":true,"href":"https:\/\/www.sonoraenequipo.com.mx\/api\/wp\/v2\/users\/1"}],"replies":[{"embeddable":true,"href":"https:\/\/www.sonoraenequipo.com.mx\/api\/wp\/v2\/comments?post=240853"}],"version-history":[{"count":1,"href":"https:\/\/www.sonoraenequipo.com.mx\/api\/wp\/v2\/posts\/240853\/revisions"}],"predecessor-version":[{"id":240854,"href":"https:\/\/www.sonoraenequipo.com.mx\/api\/wp\/v2\/posts\/240853\/revisions\/240854"}],"wp:featuredmedia":[{"embeddable":true,"href":"https:\/\/www.sonoraenequipo.com.mx\/api\/wp\/v2\/media\/238975"}],"wp:attachment":[{"href":"https:\/\/www.sonoraenequipo.com.mx\/api\/wp\/v2\/media?parent=240853"}],"wp:term":[{"taxonomy":"category","embeddable":true,"href":"https:\/\/www.sonoraenequipo.com.mx\/api\/wp\/v2\/categories?post=240853"},{"taxonomy":"post_tag","embeddable":true,"href":"https:\/\/www.sonoraenequipo.com.mx\/api\/wp\/v2\/tags?post=240853"}],"curies":[{"name":"wp","href":"https:\/\/api.w.org\/{rel}","templated":true}]}}