{"id":240858,"date":"2026-04-29T11:15:20","date_gmt":"2026-04-29T18:15:20","guid":{"rendered":"https:\/\/www.sonoraenequipo.com.mx\/?p=240858"},"modified":"2026-04-29T15:18:14","modified_gmt":"2026-04-29T22:18:14","slug":"ingreso-de-soldados-y-marinos-armados-de-eua-a-mexico-es-avalado-por-el-senado-de-la-republica","status":"publish","type":"post","link":"https:\/\/www.sonoraenequipo.com.mx\/ingreso-de-soldados-y-marinos-armados-de-eua-a-mexico-es-avalado-por-el-senado-de-la-republica\/","title":{"rendered":"Senado autoriza el ingreso de soldados y marinos armados de EUA a M\u00e9xico"},"content":{"rendered":"<p><strong>CIUDAD DE M\u00c9XICO.MX.<\/strong> \u2014 El Senado de la Rep\u00fablica aprob\u00f3 las solicitudes de la presidenta Claudia Sheinbaum para permitir el ingreso de 96 soldados y marinos de Estados Unidos para participar en actividades de adiestramiento, entre el 8 de mayo y el 15 de octubre.<\/p>\n<p>&nbsp;<\/p>\n<p>&nbsp;<\/p>\n<p>&nbsp;<\/p>\n<p> <\/p>\n<p>Con mayor\u00eda de 104 votos a favor, tres en contra de senadores de Movimiento Ciudadano, se autoriz\u00f3 la entrada 73 integrantes de las tropas extranjeras los d\u00edas 6 y 10 de mayo para participar en el Ejercicio Multinacional Anfibio F\u00c9NIX 2026.<\/p>\n<p>&nbsp;<\/p>\n<p>&nbsp;<\/p>\n<h3>\u00bfDe qu\u00e9 trata el Ejercicio Multinacional Anfibio F\u00c9NIX 2026?<\/h3>\n<p>&nbsp;<\/p>\n<p>El adiestramiento se llevar\u00e1 a cabo del 8 al 30 de mayo, en el Centro de Capacitaci\u00f3n y Adiestramiento Especializado de Infanter\u00eda de Marina en San Luis Carpizo, Campeche.<\/p>\n<p>&nbsp;<\/p>\n<p>&nbsp;<\/p>\n<p>&nbsp;<\/p>\n<p>El ejercicio F\u00c9NIX 2026 es un ejercicio de car\u00e1cter multinacional que busca fortalecer capacidades anfibias de la armada de M\u00e9xico.<\/p>\n<p>&nbsp;<\/p>\n<p>&nbsp;<\/p>\n<p>El 6 de mayo ingresar\u00e1n al pa\u00eds 13 elementos del Cuerpo de Infanter\u00eda de Marina del Comando Norte, sin armamento y a trav\u00e9s de vuelo comercial.<\/p>\n<p>&nbsp;<\/p>\n<p>&nbsp;<\/p>\n<p>El 10 de mayo ingresar\u00e1n otros 20 elementos del Segundo Batall\u00f3n de Asalto Anfibio; mientras que el 17 de mayo llegar\u00e1n a territorio nacional 40 elementos de la Tercera Compa\u00f1\u00eda de la Fuerza de Reconocimiento.<\/p>\n<p>&nbsp;<\/p>\n<p>&nbsp;<\/p>\n<p>Estos dos \u00faltimos grupos portar\u00e1n armamento y equipo militar, a bordo de la aeronave tipo C-130 H\u00e9rcules de la Fuerza A\u00e9rea de Estados Unidos de Am\u00e9rica.<\/p>\n<p>&nbsp;<\/p>\n<p>&nbsp;<\/p>\n<p>El 30 de mayo de 2026 saldr\u00e1n del pa\u00eds 60 elementos militares con el armamento y equipo empleado, a bordo de la aeronave H\u00e9rcules. El 1 de junio de 2026, abandonar\u00e1n el pa\u00eds 13 elementos militares, a trav\u00e9s de un vuelo comercial.<\/p>\n<p>&nbsp;<\/p>\n<p>&nbsp;<\/p>\n<h3>Senado aprueba ingreso de marines armados<\/h3>\n<p>&nbsp;<\/p>\n<p>En votaci\u00f3n separada, con 105 votos a favor y tres en contra nuevamente de emecistas, se concedi\u00f3 autorizaci\u00f3n a la mandataria federal para permitir el ingreso a territorio nacional, el 1 de agosto, de 23 elementos del Equipo 8 de los NavySEAL\u2019s de la Armada de Estados Unidos de Am\u00e9rica.<\/p>\n<p>&nbsp;<\/p>\n<p>&nbsp;<\/p>\n<p>Este grupo ingresar\u00e1 al pa\u00eds con armamento y equipamiento militar a bordo de una aeronave militar.<\/p>\n<p>&nbsp;<\/p>\n<p>&nbsp;<\/p>\n<p>Los marinos abandonar\u00e1n el pa\u00eds el 16 de octubre, luego de compartir el adiestramiento Evento SOF 4 fortalecer la capacidad de las Fuerzas de Operaciones Especiales, en Campeche, Estado de M\u00e9xico, Hidalgo y la Ciudad de M\u00e9xico.<\/p>\n<p>&nbsp;<\/p>\n<p>&nbsp;<\/p>\n<p>El dictamen aprobado solicita a la presidenta Sheinbaum a que instruya al secretario de Marina a enviar un informe sobre el resultado de dichos ejercicios de adiestramiento multinacional al Senado en un plazo de 30 d\u00edas.<\/p>\n<p>&nbsp;<\/p>\n<p>&nbsp;<\/p>\n<p>PUBLICADO EL 28 DE ABRIL 2026 Con informaci\u00f3n de El Financiero)<\/p>\n","protected":false},"excerpt":{"rendered":"<p>CIUDAD DE M\u00c9XICO.MX. \u2014 El Senado de la Rep\u00fablica aprob\u00f3 las solicitudes de la presidenta&#8230;<\/p>\n","protected":false},"author":1,"featured_media":240860,"comment_status":"open","ping_status":"open","sticky":false,"template":"","format":"standard","meta":{"_monsterinsights_skip_tracking":false,"_monsterinsights_sitenote_active":false,"_monsterinsights_sitenote_note":"","_monsterinsights_sitenote_category":0,"footnotes":""},"categories":[5],"tags":[],"class_list":["post"],"yoast_head":" \n<title>Sonora en Equipo. Senado autoriza el ingreso de soldados y marinos armados de EUA a M\u00e9xico Rep\u00fablica<\/title>\n<meta name=\"description\" content=\"CIUDAD DE M\u00c9XICO.MX. \u2014 El Senado de la Rep\u00fablica aprob\u00f3 las solicitudes de la presidenta Claudia Sheinbaum para permitir el ingreso de 96 soldados y En Sonora en Equipo publicamos toda la informaci\u00f3n de Sonora, M\u00e9xico y el Mundo de manera oportuna y busca que la libertad de expresi\u00f3n sea real. Visita nuestro medio informativo publicado desde Hermosillo, Sonora. %\" \/>\n<meta name=\"robots\" content=\"index, follow, max-snippet:-1, max-image-preview:large, max-video-preview:-1\" \/>\n<link rel=\"canonical\" href=\"https:\/\/www.sonoraenequipo.com.mx\/ingreso-de-soldados-y-marinos-armados-de-eua-a-mexico-es-avalado-por-el-senado-de-la-republica\/\" \/>\n<meta property=\"og:locale\" content=\"es_ES\" \/>\n<meta property=\"og:type\" content=\"article\" \/>\n<meta property=\"og:title\" content=\"Sonora en Equipo. Senado autoriza el ingreso de soldados y marinos armados de EUA a M\u00e9xico Rep\u00fablica\" \/>\n<meta property=\"og:description\" content=\"CIUDAD DE M\u00c9XICO.MX. \u2014 El Senado de la Rep\u00fablica aprob\u00f3 las solicitudes de la presidenta Claudia Sheinbaum para permitir el ingreso de 96 soldados y En Sonora en Equipo publicamos toda la informaci\u00f3n de Sonora, M\u00e9xico y el Mundo de manera oportuna y busca que la libertad de expresi\u00f3n sea real. Visita nuestro medio informativo publicado desde Hermosillo, Sonora. %\" \/>\n<meta property=\"og:url\" content=\"https:\/\/www.sonoraenequipo.com.mx\/ingreso-de-soldados-y-marinos-armados-de-eua-a-mexico-es-avalado-por-el-senado-de-la-republica\/\" \/>\n<meta property=\"og:site_name\" content=\"Sonora en Equipo.\" \/>\n<meta property=\"article:publisher\" content=\"https:\/\/www.facebook.com\/SonoraEE\/\" \/>\n<meta property=\"article:author\" content=\"https:\/\/www.facebook.com\/SonoraEE\" \/>\n<meta property=\"article:published_time\" content=\"2026-04-29T18:15:20+00:00\" \/>\n<meta property=\"article:modified_time\" content=\"2026-04-29T22:18:14+00:00\" \/>\n<meta property=\"og:image\" content=\"https:\/\/www.sonoraenequipo.com.mx\/storage\/2026\/04\/Marines-de-Estados-Unidos-1.jpg\" \/>\n\t<meta property=\"og:image:width\" content=\"1000\" \/>\n\t<meta property=\"og:image:height\" content=\"666\" \/>\n\t<meta property=\"og:image:type\" content=\"image\/jpeg\" \/>\n<meta name=\"author\" content=\"enequipo\" \/>\n<meta name=\"twitter:card\" content=\"summary_large_image\" \/>\n<meta name=\"twitter:creator\" content=\"@sonoraenequipo\" \/>\n<meta name=\"twitter:site\" content=\"@sonoraenequipo\" \/>\n<meta name=\"twitter:label1\" content=\"Escrito por\" \/>\n\t<meta name=\"twitter:data1\" content=\"enequipo\" \/>\n\t<meta name=\"twitter:label2\" content=\"Tiempo de lectura\" \/>\n\t<meta name=\"twitter:data2\" content=\"2 minutos\" \/>\n<script type=\"application\/ld+json\" class=\"yoast-schema-graph\">{\"@context\":\"https:\/\/schema.org\",\"@graph\":[{\"@type\":\"Article\",\"@id\":\"https:\/\/www.sonoraenequipo.com.mx\/ingreso-de-soldados-y-marinos-armados-de-eua-a-mexico-es-avalado-por-el-senado-de-la-republica\/#article\",\"isPartOf\":{\"@id\":\"https:\/\/www.sonoraenequipo.com.mx\/ingreso-de-soldados-y-marinos-armados-de-eua-a-mexico-es-avalado-por-el-senado-de-la-republica\/\"},\"author\":{\"name\":\"enequipo\",\"@id\":\"https:\/\/www.sonoraenequipo.com.mx\/#\/schema\/person\/50102df0fb23a8fa9e8effad8fa81386\"},\"headline\":\"Senado autoriza el ingreso de soldados y marinos armados de EUA a M\u00e9xico\",\"datePublished\":\"2026-04-29T18:15:20+00:00\",\"dateModified\":\"2026-04-29T22:18:14+00:00\",\"mainEntityOfPage\":{\"@id\":\"https:\/\/www.sonoraenequipo.com.mx\/ingreso-de-soldados-y-marinos-armados-de-eua-a-mexico-es-avalado-por-el-senado-de-la-republica\/\"},\"wordCount\":478,\"commentCount\":0,\"publisher\":{\"@id\":\"https:\/\/www.sonoraenequipo.com.mx\/#organization\"},\"image\":{\"@id\":\"https:\/\/www.sonoraenequipo.com.mx\/ingreso-de-soldados-y-marinos-armados-de-eua-a-mexico-es-avalado-por-el-senado-de-la-republica\/#primaryimage\"},\"thumbnailUrl\":\"https:\/\/www.sonoraenequipo.com.mx\/storage\/2026\/04\/Marines-de-Estados-Unidos-1.jpg\",\"articleSection\":[\"Rep\u00fablica\"],\"inLanguage\":\"es\",\"potentialAction\":[{\"@type\":\"CommentAction\",\"name\":\"Comment\",\"target\":[\"https:\/\/www.sonoraenequipo.com.mx\/ingreso-de-soldados-y-marinos-armados-de-eua-a-mexico-es-avalado-por-el-senado-de-la-republica\/#respond\"]}]},{\"@type\":\"WebPage\",\"@id\":\"https:\/\/www.sonoraenequipo.com.mx\/ingreso-de-soldados-y-marinos-armados-de-eua-a-mexico-es-avalado-por-el-senado-de-la-republica\/\",\"url\":\"https:\/\/www.sonoraenequipo.com.mx\/ingreso-de-soldados-y-marinos-armados-de-eua-a-mexico-es-avalado-por-el-senado-de-la-republica\/\",\"name\":\"Sonora en Equipo. Senado autoriza el ingreso de soldados y marinos armados de EUA a M\u00e9xico Rep\u00fablica\",\"isPartOf\":{\"@id\":\"https:\/\/www.sonoraenequipo.com.mx\/#website\"},\"primaryImageOfPage\":{\"@id\":\"https:\/\/www.sonoraenequipo.com.mx\/ingreso-de-soldados-y-marinos-armados-de-eua-a-mexico-es-avalado-por-el-senado-de-la-republica\/#primaryimage\"},\"image\":{\"@id\":\"https:\/\/www.sonoraenequipo.com.mx\/ingreso-de-soldados-y-marinos-armados-de-eua-a-mexico-es-avalado-por-el-senado-de-la-republica\/#primaryimage\"},\"thumbnailUrl\":\"https:\/\/www.sonoraenequipo.com.mx\/storage\/2026\/04\/Marines-de-Estados-Unidos-1.jpg\",\"datePublished\":\"2026-04-29T18:15:20+00:00\",\"dateModified\":\"2026-04-29T22:18:14+00:00\",\"description\":\"CIUDAD DE M\u00c9XICO.MX. \u2014 El Senado de la Rep\u00fablica aprob\u00f3 las solicitudes de la presidenta Claudia Sheinbaum para permitir el ingreso de 96 soldados y En Sonora en Equipo publicamos toda la informaci\u00f3n de Sonora, M\u00e9xico y el Mundo de manera oportuna y busca que la libertad de expresi\u00f3n sea real. Visita nuestro medio informativo publicado desde Hermosillo, Sonora. %\",\"breadcrumb\":{\"@id\":\"https:\/\/www.sonoraenequipo.com.mx\/ingreso-de-soldados-y-marinos-armados-de-eua-a-mexico-es-avalado-por-el-senado-de-la-republica\/#breadcrumb\"},\"inLanguage\":\"es\",\"potentialAction\":[{\"@type\":\"ReadAction\",\"target\":[\"https:\/\/www.sonoraenequipo.com.mx\/ingreso-de-soldados-y-marinos-armados-de-eua-a-mexico-es-avalado-por-el-senado-de-la-republica\/\"]}]},{\"@type\":\"ImageObject\",\"inLanguage\":\"es\",\"@id\":\"https:\/\/www.sonoraenequipo.com.mx\/ingreso-de-soldados-y-marinos-armados-de-eua-a-mexico-es-avalado-por-el-senado-de-la-republica\/#primaryimage\",\"url\":\"https:\/\/www.sonoraenequipo.com.mx\/storage\/2026\/04\/Marines-de-Estados-Unidos-1.jpg\",\"contentUrl\":\"https:\/\/www.sonoraenequipo.com.mx\/storage\/2026\/04\/Marines-de-Estados-Unidos-1.jpg\",\"width\":1000,\"height\":666},{\"@type\":\"BreadcrumbList\",\"@id\":\"https:\/\/www.sonoraenequipo.com.mx\/ingreso-de-soldados-y-marinos-armados-de-eua-a-mexico-es-avalado-por-el-senado-de-la-republica\/#breadcrumb\",\"itemListElement\":[{\"@type\":\"ListItem\",\"position\":1,\"name\":\"Portada\",\"item\":\"https:\/\/www.sonoraenequipo.com.mx\/\"},{\"@type\":\"ListItem\",\"position\":2,\"name\":\"Senado autoriza el ingreso de soldados y marinos armados de EUA a M\u00e9xico\"}]},{\"@type\":\"WebSite\",\"@id\":\"https:\/\/www.sonoraenequipo.com.mx\/#website\",\"url\":\"https:\/\/www.sonoraenequipo.com.mx\/\",\"name\":\"Sonora en Equipo.\",\"description\":\"Diario en l\u00ednea con Noticias desde Hermosillo, Sonora\",\"publisher\":{\"@id\":\"https:\/\/www.sonoraenequipo.com.mx\/#organization\"},\"potentialAction\":[{\"@type\":\"SearchAction\",\"target\":{\"@type\":\"EntryPoint\",\"urlTemplate\":\"https:\/\/www.sonoraenequipo.com.mx\/?s={search_term_string}\"},\"query-input\":{\"@type\":\"PropertyValueSpecification\",\"valueRequired\":true,\"valueName\":\"search_term_string\"}}],\"inLanguage\":\"es\"},{\"@type\":\"Organization\",\"@id\":\"https:\/\/www.sonoraenequipo.com.mx\/#organization\",\"name\":\"Sonoraenequipo.com.mx\",\"url\":\"https:\/\/www.sonoraenequipo.com.mx\/\",\"logo\":{\"@type\":\"ImageObject\",\"inLanguage\":\"es\",\"@id\":\"https:\/\/www.sonoraenequipo.com.mx\/#\/schema\/logo\/image\/\",\"url\":\"https:\/\/www.sonoraenequipo.com.mx\/storage\/2019\/01\/sonoraenequipo_opt.png\",\"contentUrl\":\"https:\/\/www.sonoraenequipo.com.mx\/storage\/2019\/01\/sonoraenequipo_opt.png\",\"width\":375,\"height\":125,\"caption\":\"Sonoraenequipo.com.mx\"},\"image\":{\"@id\":\"https:\/\/www.sonoraenequipo.com.mx\/#\/schema\/logo\/image\/\"},\"sameAs\":[\"https:\/\/www.facebook.com\/SonoraEE\/\",\"https:\/\/x.com\/sonoraenequipo\",\"https:\/\/www.youtube.com\/channel\/UC338nW-lPEYmJQs4ZABQ1SQ\"]},{\"@type\":\"Person\",\"@id\":\"https:\/\/www.sonoraenequipo.com.mx\/#\/schema\/person\/50102df0fb23a8fa9e8effad8fa81386\",\"name\":\"enequipo\",\"image\":{\"@type\":\"ImageObject\",\"inLanguage\":\"es\",\"@id\":\"https:\/\/www.sonoraenequipo.com.mx\/#\/schema\/person\/image\/\",\"url\":\"https:\/\/secure.gravatar.com\/avatar\/049821681b589dabc0bc20695993ccebb09f5b5d4d790cd9251b97faac7c652b?s=96&d=blank&r=g\",\"contentUrl\":\"https:\/\/secure.gravatar.com\/avatar\/049821681b589dabc0bc20695993ccebb09f5b5d4d790cd9251b97faac7c652b?s=96&d=blank&r=g\",\"caption\":\"enequipo\"},\"sameAs\":[\"https:\/\/www.facebook.com\/SonoraEE\"]}]}<\/script>\n ","yoast_head_json":{"title":"Sonora en Equipo. Senado autoriza el ingreso de soldados y marinos armados de EUA a M\u00e9xico Rep\u00fablica","description":"CIUDAD DE M\u00c9XICO.MX. \u2014 El Senado de la Rep\u00fablica aprob\u00f3 las solicitudes de la presidenta Claudia Sheinbaum para permitir el ingreso de 96 soldados y En Sonora en Equipo publicamos toda la informaci\u00f3n de Sonora, M\u00e9xico y el Mundo de manera oportuna y busca que la libertad de expresi\u00f3n sea real. Visita nuestro medio informativo publicado desde Hermosillo, Sonora. %","robots":{"index":"index","follow":"follow","max-snippet":"max-snippet:-1","max-image-preview":"max-image-preview:large","max-video-preview":"max-video-preview:-1"},"canonical":"https:\/\/www.sonoraenequipo.com.mx\/ingreso-de-soldados-y-marinos-armados-de-eua-a-mexico-es-avalado-por-el-senado-de-la-republica\/","og_locale":"es_ES","og_type":"article","og_title":"Sonora en Equipo. Senado autoriza el ingreso de soldados y marinos armados de EUA a M\u00e9xico Rep\u00fablica","og_description":"CIUDAD DE M\u00c9XICO.MX. \u2014 El Senado de la Rep\u00fablica aprob\u00f3 las solicitudes de la presidenta Claudia Sheinbaum para permitir el ingreso de 96 soldados y En Sonora en Equipo publicamos toda la informaci\u00f3n de Sonora, M\u00e9xico y el Mundo de manera oportuna y busca que la libertad de expresi\u00f3n sea real. Visita nuestro medio informativo publicado desde Hermosillo, Sonora. %","og_url":"https:\/\/www.sonoraenequipo.com.mx\/ingreso-de-soldados-y-marinos-armados-de-eua-a-mexico-es-avalado-por-el-senado-de-la-republica\/","og_site_name":"Sonora en Equipo.","article_publisher":"https:\/\/www.facebook.com\/SonoraEE\/","article_author":"https:\/\/www.facebook.com\/SonoraEE","article_published_time":"2026-04-29T18:15:20+00:00","article_modified_time":"2026-04-29T22:18:14+00:00","og_image":[{"width":1000,"height":666,"url":"https:\/\/www.sonoraenequipo.com.mx\/storage\/2026\/04\/Marines-de-Estados-Unidos-1.jpg","type":"image\/jpeg"}],"author":"enequipo","twitter_card":"summary_large_image","twitter_creator":"@sonoraenequipo","twitter_site":"@sonoraenequipo","twitter_misc":{"Escrito por":"enequipo","Tiempo de lectura":"2 minutos"},"schema":{"@context":"https:\/\/schema.org","@graph":[{"@type":"Article","@id":"https:\/\/www.sonoraenequipo.com.mx\/ingreso-de-soldados-y-marinos-armados-de-eua-a-mexico-es-avalado-por-el-senado-de-la-republica\/#article","isPartOf":{"@id":"https:\/\/www.sonoraenequipo.com.mx\/ingreso-de-soldados-y-marinos-armados-de-eua-a-mexico-es-avalado-por-el-senado-de-la-republica\/"},"author":{"name":"enequipo","@id":"https:\/\/www.sonoraenequipo.com.mx\/#\/schema\/person\/50102df0fb23a8fa9e8effad8fa81386"},"headline":"Senado autoriza el ingreso de soldados y marinos armados de EUA a M\u00e9xico","datePublished":"2026-04-29T18:15:20+00:00","dateModified":"2026-04-29T22:18:14+00:00","mainEntityOfPage":{"@id":"https:\/\/www.sonoraenequipo.com.mx\/ingreso-de-soldados-y-marinos-armados-de-eua-a-mexico-es-avalado-por-el-senado-de-la-republica\/"},"wordCount":478,"commentCount":0,"publisher":{"@id":"https:\/\/www.sonoraenequipo.com.mx\/#organization"},"image":{"@id":"https:\/\/www.sonoraenequipo.com.mx\/ingreso-de-soldados-y-marinos-armados-de-eua-a-mexico-es-avalado-por-el-senado-de-la-republica\/#primaryimage"},"thumbnailUrl":"https:\/\/www.sonoraenequipo.com.mx\/storage\/2026\/04\/Marines-de-Estados-Unidos-1.jpg","articleSection":["Rep\u00fablica"],"inLanguage":"es","potentialAction":[{"@type":"CommentAction","name":"Comment","target":["https:\/\/www.sonoraenequipo.com.mx\/ingreso-de-soldados-y-marinos-armados-de-eua-a-mexico-es-avalado-por-el-senado-de-la-republica\/#respond"]}]},{"@type":"WebPage","@id":"https:\/\/www.sonoraenequipo.com.mx\/ingreso-de-soldados-y-marinos-armados-de-eua-a-mexico-es-avalado-por-el-senado-de-la-republica\/","url":"https:\/\/www.sonoraenequipo.com.mx\/ingreso-de-soldados-y-marinos-armados-de-eua-a-mexico-es-avalado-por-el-senado-de-la-republica\/","name":"Sonora en Equipo. Senado autoriza el ingreso de soldados y marinos armados de EUA a M\u00e9xico Rep\u00fablica","isPartOf":{"@id":"https:\/\/www.sonoraenequipo.com.mx\/#website"},"primaryImageOfPage":{"@id":"https:\/\/www.sonoraenequipo.com.mx\/ingreso-de-soldados-y-marinos-armados-de-eua-a-mexico-es-avalado-por-el-senado-de-la-republica\/#primaryimage"},"image":{"@id":"https:\/\/www.sonoraenequipo.com.mx\/ingreso-de-soldados-y-marinos-armados-de-eua-a-mexico-es-avalado-por-el-senado-de-la-republica\/#primaryimage"},"thumbnailUrl":"https:\/\/www.sonoraenequipo.com.mx\/storage\/2026\/04\/Marines-de-Estados-Unidos-1.jpg","datePublished":"2026-04-29T18:15:20+00:00","dateModified":"2026-04-29T22:18:14+00:00","description":"CIUDAD DE M\u00c9XICO.MX. \u2014 El Senado de la Rep\u00fablica aprob\u00f3 las solicitudes de la presidenta Claudia Sheinbaum para permitir el ingreso de 96 soldados y En Sonora en Equipo publicamos toda la informaci\u00f3n de Sonora, M\u00e9xico y el Mundo de manera oportuna y busca que la libertad de expresi\u00f3n sea real. Visita nuestro medio informativo publicado desde Hermosillo, Sonora. %","breadcrumb":{"@id":"https:\/\/www.sonoraenequipo.com.mx\/ingreso-de-soldados-y-marinos-armados-de-eua-a-mexico-es-avalado-por-el-senado-de-la-republica\/#breadcrumb"},"inLanguage":"es","potentialAction":[{"@type":"ReadAction","target":["https:\/\/www.sonoraenequipo.com.mx\/ingreso-de-soldados-y-marinos-armados-de-eua-a-mexico-es-avalado-por-el-senado-de-la-republica\/"]}]},{"@type":"ImageObject","inLanguage":"es","@id":"https:\/\/www.sonoraenequipo.com.mx\/ingreso-de-soldados-y-marinos-armados-de-eua-a-mexico-es-avalado-por-el-senado-de-la-republica\/#primaryimage","url":"https:\/\/www.sonoraenequipo.com.mx\/storage\/2026\/04\/Marines-de-Estados-Unidos-1.jpg","contentUrl":"https:\/\/www.sonoraenequipo.com.mx\/storage\/2026\/04\/Marines-de-Estados-Unidos-1.jpg","width":1000,"height":666},{"@type":"BreadcrumbList","@id":"https:\/\/www.sonoraenequipo.com.mx\/ingreso-de-soldados-y-marinos-armados-de-eua-a-mexico-es-avalado-por-el-senado-de-la-republica\/#breadcrumb","itemListElement":[{"@type":"ListItem","position":1,"name":"Portada","item":"https:\/\/www.sonoraenequipo.com.mx\/"},{"@type":"ListItem","position":2,"name":"Senado autoriza el ingreso de soldados y marinos armados de EUA a M\u00e9xico"}]},{"@type":"WebSite","@id":"https:\/\/www.sonoraenequipo.com.mx\/#website","url":"https:\/\/www.sonoraenequipo.com.mx\/","name":"Sonora en Equipo.","description":"Diario en l\u00ednea con Noticias desde Hermosillo, Sonora","publisher":{"@id":"https:\/\/www.sonoraenequipo.com.mx\/#organization"},"potentialAction":[{"@type":"SearchAction","target":{"@type":"EntryPoint","urlTemplate":"https:\/\/www.sonoraenequipo.com.mx\/?s={search_term_string}"},"query-input":{"@type":"PropertyValueSpecification","valueRequired":true,"valueName":"search_term_string"}}],"inLanguage":"es"},{"@type":"Organization","@id":"https:\/\/www.sonoraenequipo.com.mx\/#organization","name":"Sonoraenequipo.com.mx","url":"https:\/\/www.sonoraenequipo.com.mx\/","logo":{"@type":"ImageObject","inLanguage":"es","@id":"https:\/\/www.sonoraenequipo.com.mx\/#\/schema\/logo\/image\/","url":"https:\/\/www.sonoraenequipo.com.mx\/storage\/2019\/01\/sonoraenequipo_opt.png","contentUrl":"https:\/\/www.sonoraenequipo.com.mx\/storage\/2019\/01\/sonoraenequipo_opt.png","width":375,"height":125,"caption":"Sonoraenequipo.com.mx"},"image":{"@id":"https:\/\/www.sonoraenequipo.com.mx\/#\/schema\/logo\/image\/"},"sameAs":["https:\/\/www.facebook.com\/SonoraEE\/","https:\/\/x.com\/sonoraenequipo","https:\/\/www.youtube.com\/channel\/UC338nW-lPEYmJQs4ZABQ1SQ"]},{"@type":"Person","@id":"https:\/\/www.sonoraenequipo.com.mx\/#\/schema\/person\/50102df0fb23a8fa9e8effad8fa81386","name":"enequipo","image":{"@type":"ImageObject","inLanguage":"es","@id":"https:\/\/www.sonoraenequipo.com.mx\/#\/schema\/person\/image\/","url":"https:\/\/secure.gravatar.com\/avatar\/049821681b589dabc0bc20695993ccebb09f5b5d4d790cd9251b97faac7c652b?s=96&d=blank&r=g","contentUrl":"https:\/\/secure.gravatar.com\/avatar\/049821681b589dabc0bc20695993ccebb09f5b5d4d790cd9251b97faac7c652b?s=96&d=blank&r=g","caption":"enequipo"},"sameAs":["https:\/\/www.facebook.com\/SonoraEE"]}]}},"jetpack_featured_media_url":"https:\/\/www.sonoraenequipo.com.mx\/storage\/2026\/04\/Marines-de-Estados-Unidos-1.jpg","_links":{"self":[{"href":"https:\/\/www.sonoraenequipo.com.mx\/api\/wp\/v2\/posts\/240858","targetHints":{"allow":["GET"]}}],"collection":[{"href":"https:\/\/www.sonoraenequipo.com.mx\/api\/wp\/v2\/posts"}],"about":[{"href":"https:\/\/www.sonoraenequipo.com.mx\/api\/wp\/v2\/types\/post"}],"author":[{"embeddable":true,"href":"https:\/\/www.sonoraenequipo.com.mx\/api\/wp\/v2\/users\/1"}],"replies":[{"embeddable":true,"href":"https:\/\/www.sonoraenequipo.com.mx\/api\/wp\/v2\/comments?post=240858"}],"version-history":[{"count":2,"href":"https:\/\/www.sonoraenequipo.com.mx\/api\/wp\/v2\/posts\/240858\/revisions"}],"predecessor-version":[{"id":240862,"href":"https:\/\/www.sonoraenequipo.com.mx\/api\/wp\/v2\/posts\/240858\/revisions\/240862"}],"wp:featuredmedia":[{"embeddable":true,"href":"https:\/\/www.sonoraenequipo.com.mx\/api\/wp\/v2\/media\/240860"}],"wp:attachment":[{"href":"https:\/\/www.sonoraenequipo.com.mx\/api\/wp\/v2\/media?parent=240858"}],"wp:term":[{"taxonomy":"category","embeddable":true,"href":"https:\/\/www.sonoraenequipo.com.mx\/api\/wp\/v2\/categories?post=240858"},{"taxonomy":"post_tag","embeddable":true,"href":"https:\/\/www.sonoraenequipo.com.mx\/api\/wp\/v2\/tags?post=240858"}],"curies":[{"name":"wp","href":"https:\/\/api.w.org\/{rel}","templated":true}]}}