{"id":240864,"date":"2026-04-29T15:34:32","date_gmt":"2026-04-29T22:34:32","guid":{"rendered":"https:\/\/www.sonoraenequipo.com.mx\/?p=240864"},"modified":"2026-04-29T16:06:27","modified_gmt":"2026-04-29T23:06:27","slug":"el-departamento-de-justicia-de-eu-del-na-acusa-a-gobernador-rocha-moya-de-narcotrafico","status":"publish","type":"post","link":"https:\/\/www.sonoraenequipo.com.mx\/el-departamento-de-justicia-de-eu-del-na-acusa-a-gobernador-rocha-moya-de-narcotrafico\/","title":{"rendered":"El Departamento de Justicia de EU del NA acusa a gobernador Rocha Moya de narcotr\u00e1fico"},"content":{"rendered":"<p><strong>CIUDAD DE M\u00c9XICO. MX. \u2014<\/strong> El \u2060Departamento de \u2060Justicia (DOJ, \u2060por sus siglas en ingl\u00e9s) de los Estados Unidos del Norte de Am\u00e9rica, present\u00f3 cargos este mi\u00e9rcoles contra el gobernador \u2060del estado \u200bmexicano Sinaloa, Rub\u00e9n \u2060Rocha, y otros funcionarios y ex funcionarios, \u200cpor su \u200cpresunta vinculaci\u00f3n con el C\u00e1rtel de Sinaloa.<\/p>\n<p>&nbsp;<\/p>\n<p>&nbsp;<\/p>\n<p>&nbsp;<\/p>\n<p> <\/p>\n<p>El \u200bDOJ afirm\u00f3 que \u200bRocha \u200by los dem\u00e1s \u200cse\u00f1alados presuntamente conspiraron con l\u00edderes de la organizaci\u00f3n criminal para importar grandes cantidades de narc\u00f3ticos a Estados Unidos a cambio de \u200capoyo pol\u00edtico y sobornos.<\/p>\n<p>&nbsp;<\/p>\n<p>&nbsp;<\/p>\n<p><em><strong>\u201cLos acusados \u200b\u200bson todos funcionarios de alto rango, actuales o anteriores, del gobierno y las fuerzas del orden del estado mexicano de Sinaloa, incluido el actual gobernador de Sinaloa, Rub\u00e9n Rocha Moya, y se les acusa de haberse asociado con el C\u00e1rtel de Sinaloa para distribuir grandes cantidades de narc\u00f3ticos a Estados Unidos\u201d,<\/strong><\/em> se\u00f1ala el comunicado.<\/p>\n<p>&nbsp;<\/p>\n<p>&nbsp;<\/p>\n<p>Seg\u00fan la acusaci\u00f3n, los Chapitos \u2014hijos de Joaqu\u00edn \u00abEl Chapo\u00bb Guzm\u00e1n\u2014 contribuyeron a la elecci\u00f3n de Rocha Moya mediante el secuestro e intimidaci\u00f3n de sus rivales pol\u00edticos. Una vez en el cargo, el 1 de noviembre de 2021, Rocha Moya habr\u00eda asistido a reuniones con ellos y prometido protecci\u00f3n para sus operaciones de narcotr\u00e1fico hacia EU.<\/p>\n<p>&nbsp;<\/p>\n<p>&nbsp;<\/p>\n<p><strong>El anuncio fue realizado por el Fiscal Federal del Distrito Sur de Nueva York, Jay Clayton, y el Administrador de la DEA, Terrance C. Cole. El caso fue asignado a la jueza federal Katherine Polk Failla.<\/strong><\/p>\n<p>&nbsp;<\/p>\n<p>&nbsp;<\/p>\n<h3>Los otros nueve acusados<\/h3>\n<p>&nbsp;<\/p>\n<p>&nbsp;<\/p>\n<p>Junto a Rocha Moya fueron imputados el alcalde de Culiac\u00e1n, <strong>Juan de Dios G\u00e1mez Mend\u00edvil,<\/strong> de 41 a\u00f1os; el senador y ex Secretario General de Sinaloa, <strong>Enrique Inzunza Caz\u00e1rez,<\/strong> de 53; y el ex Secretario de Administraci\u00f3n y Finanzas, <strong>Enrique D\u00edaz Vega,<\/strong> de 50.<\/p>\n<p>&nbsp;<\/p>\n<p>&nbsp;<\/p>\n<p><strong>D\u00e1maso Castro Za\u00e1vedra,<\/strong> actual Subprocurador de la Fiscal\u00eda Estatal de Sinaloa, recib\u00eda presuntamente alrededor de 11 mil d\u00f3lares mensuales del c\u00e1rtel a cambio de proteger a sus miembros de arrestos y filtrar informaci\u00f3n sobre operativos respaldados por EU.<\/p>\n<p>&nbsp;<\/p>\n<p>&nbsp;<\/p>\n<p><strong>Juan Valenzuela Mill\u00e1n<\/strong>, alias Juanito, excomandante de la Polic\u00eda Municipal de Culiac\u00e1n, enfrenta cargos adicionales por el secuestro y muerte de una fuente confidencial de la DEA y un familiar de esta, ocurridos en octubre de 2023. Seg\u00fan la acusaci\u00f3n, ambas v\u00edctimas fueron torturadas y asesinadas por ser sospechosas de colaborar con esta investigaci\u00f3n. Mill\u00e1n es el \u00fanico acusado con pena m\u00ednima obligatoria de cadena perpetua.<\/p>\n<p>&nbsp;<\/p>\n<p>&nbsp;<\/p>\n<p>Completan la lista M<strong>arco Antonio Almanza Avil\u00e9s y Alberto Jorge Contreras N\u00fa\u00f1ez Cholo<\/strong>, ambos ex jefes de la Polic\u00eda Investigadora de la Fiscal\u00eda estatal; <strong>Gerardo M\u00e9rida S\u00e1nche<\/strong>z, ex Secretario de Seguridad P\u00fablica; y<strong> Jos\u00e9 Antonio Dionisio Hip\u00f3lito Tornado<\/strong>, ex Subdirector de la Polic\u00eda Estatal de Sinaloa.<\/p>\n<p>&nbsp;<\/p>\n<p>&nbsp;<\/p>\n<p>Todos los acusados, salvo Mill\u00e1n, enfrentan penas de entre 40 a\u00f1os y cadena perpetua. Se cree que los diez residen actualmente en M\u00e9xico.<\/p>\n<p>&nbsp;<\/p>\n<p>&nbsp;<\/p>\n<p>Esta acusaci\u00f3n se suma a una serie presentada desde 2023 en el mismo distrito, que suman en total m\u00e1s de 30 imputados vinculados al C\u00e1rtel de Sinaloa.<\/p>\n<p>&nbsp;<\/p>\n<p>&nbsp;<\/p>\n<p>&nbsp;<\/p>\n<p>PUBLICADO EL 29 DE ABRIL 2026 Con informaci\u00f3n de AFP)<\/p>\n","protected":false},"excerpt":{"rendered":"<p>CIUDAD DE M\u00c9XICO. MX. \u2014 El \u2060Departamento de \u2060Justicia (DOJ, \u2060por sus siglas en ingl\u00e9s)&#8230;<\/p>\n","protected":false},"author":1,"featured_media":240865,"comment_status":"open","ping_status":"open","sticky":false,"template":"","format":"standard","meta":{"_monsterinsights_skip_tracking":false,"_monsterinsights_sitenote_active":false,"_monsterinsights_sitenote_note":"","_monsterinsights_sitenote_category":0,"footnotes":""},"categories":[3],"tags":[],"class_list":["post"],"yoast_head":" \n<title>Sonora en Equipo. El Departamento de Justicia de EU del NA acusa a gobernador Rocha Moya de narcotr\u00e1fico MUNDO<\/title>\n<meta name=\"description\" content=\"CIUDAD DE M\u00c9XICO. MX. \u2014 El \u2060Departamento de \u2060Justicia (DOJ, \u2060por sus siglas en ingl\u00e9s) de los Estados Unidos del Norte de Am\u00e9rica, present\u00f3 cargos este En Sonora en Equipo publicamos toda la informaci\u00f3n de Sonora, M\u00e9xico y el Mundo de manera oportuna y busca que la libertad de expresi\u00f3n sea real. Visita nuestro medio informativo publicado desde Hermosillo, Sonora. %\" \/>\n<meta name=\"robots\" content=\"index, follow, max-snippet:-1, max-image-preview:large, max-video-preview:-1\" \/>\n<link rel=\"canonical\" href=\"https:\/\/www.sonoraenequipo.com.mx\/el-departamento-de-justicia-de-eu-del-na-acusa-a-gobernador-rocha-moya-de-narcotrafico\/\" \/>\n<meta property=\"og:locale\" content=\"es_ES\" \/>\n<meta property=\"og:type\" content=\"article\" \/>\n<meta property=\"og:title\" content=\"Sonora en Equipo. El Departamento de Justicia de EU del NA acusa a gobernador Rocha Moya de narcotr\u00e1fico MUNDO\" \/>\n<meta property=\"og:description\" content=\"CIUDAD DE M\u00c9XICO. MX. \u2014 El \u2060Departamento de \u2060Justicia (DOJ, \u2060por sus siglas en ingl\u00e9s) de los Estados Unidos del Norte de Am\u00e9rica, present\u00f3 cargos este En Sonora en Equipo publicamos toda la informaci\u00f3n de Sonora, M\u00e9xico y el Mundo de manera oportuna y busca que la libertad de expresi\u00f3n sea real. Visita nuestro medio informativo publicado desde Hermosillo, Sonora. %\" \/>\n<meta property=\"og:url\" content=\"https:\/\/www.sonoraenequipo.com.mx\/el-departamento-de-justicia-de-eu-del-na-acusa-a-gobernador-rocha-moya-de-narcotrafico\/\" \/>\n<meta property=\"og:site_name\" content=\"Sonora en Equipo.\" \/>\n<meta property=\"article:publisher\" content=\"https:\/\/www.facebook.com\/SonoraEE\/\" \/>\n<meta property=\"article:author\" content=\"https:\/\/www.facebook.com\/SonoraEE\" \/>\n<meta property=\"article:published_time\" content=\"2026-04-29T22:34:32+00:00\" \/>\n<meta property=\"article:modified_time\" content=\"2026-04-29T23:06:27+00:00\" \/>\n<meta property=\"og:image\" content=\"https:\/\/www.sonoraenequipo.com.mx\/storage\/2026\/04\/Rocha-Moya.-Gobernador-de-Sonaloa-1.jpg\" \/>\n\t<meta property=\"og:image:width\" content=\"1000\" \/>\n\t<meta property=\"og:image:height\" content=\"613\" \/>\n\t<meta property=\"og:image:type\" content=\"image\/jpeg\" \/>\n<meta name=\"author\" content=\"enequipo\" \/>\n<meta name=\"twitter:card\" content=\"summary_large_image\" \/>\n<meta name=\"twitter:creator\" content=\"@sonoraenequipo\" \/>\n<meta name=\"twitter:site\" content=\"@sonoraenequipo\" \/>\n<meta name=\"twitter:label1\" content=\"Escrito por\" \/>\n\t<meta name=\"twitter:data1\" content=\"enequipo\" \/>\n\t<meta name=\"twitter:label2\" content=\"Tiempo de lectura\" \/>\n\t<meta name=\"twitter:data2\" content=\"3 minutos\" \/>\n<script type=\"application\/ld+json\" class=\"yoast-schema-graph\">{\"@context\":\"https:\/\/schema.org\",\"@graph\":[{\"@type\":\"Article\",\"@id\":\"https:\/\/www.sonoraenequipo.com.mx\/el-departamento-de-justicia-de-eu-del-na-acusa-a-gobernador-rocha-moya-de-narcotrafico\/#article\",\"isPartOf\":{\"@id\":\"https:\/\/www.sonoraenequipo.com.mx\/el-departamento-de-justicia-de-eu-del-na-acusa-a-gobernador-rocha-moya-de-narcotrafico\/\"},\"author\":{\"name\":\"enequipo\",\"@id\":\"https:\/\/www.sonoraenequipo.com.mx\/#\/schema\/person\/50102df0fb23a8fa9e8effad8fa81386\"},\"headline\":\"El Departamento de Justicia de EU del NA acusa a gobernador Rocha Moya de narcotr\u00e1fico\",\"datePublished\":\"2026-04-29T22:34:32+00:00\",\"dateModified\":\"2026-04-29T23:06:27+00:00\",\"mainEntityOfPage\":{\"@id\":\"https:\/\/www.sonoraenequipo.com.mx\/el-departamento-de-justicia-de-eu-del-na-acusa-a-gobernador-rocha-moya-de-narcotrafico\/\"},\"wordCount\":585,\"commentCount\":0,\"publisher\":{\"@id\":\"https:\/\/www.sonoraenequipo.com.mx\/#organization\"},\"image\":{\"@id\":\"https:\/\/www.sonoraenequipo.com.mx\/el-departamento-de-justicia-de-eu-del-na-acusa-a-gobernador-rocha-moya-de-narcotrafico\/#primaryimage\"},\"thumbnailUrl\":\"https:\/\/www.sonoraenequipo.com.mx\/storage\/2026\/04\/Rocha-Moya.-Gobernador-de-Sonaloa-1.jpg\",\"articleSection\":[\"MUNDO\"],\"inLanguage\":\"es\",\"potentialAction\":[{\"@type\":\"CommentAction\",\"name\":\"Comment\",\"target\":[\"https:\/\/www.sonoraenequipo.com.mx\/el-departamento-de-justicia-de-eu-del-na-acusa-a-gobernador-rocha-moya-de-narcotrafico\/#respond\"]}]},{\"@type\":\"WebPage\",\"@id\":\"https:\/\/www.sonoraenequipo.com.mx\/el-departamento-de-justicia-de-eu-del-na-acusa-a-gobernador-rocha-moya-de-narcotrafico\/\",\"url\":\"https:\/\/www.sonoraenequipo.com.mx\/el-departamento-de-justicia-de-eu-del-na-acusa-a-gobernador-rocha-moya-de-narcotrafico\/\",\"name\":\"Sonora en Equipo. El Departamento de Justicia de EU del NA acusa a gobernador Rocha Moya de narcotr\u00e1fico MUNDO\",\"isPartOf\":{\"@id\":\"https:\/\/www.sonoraenequipo.com.mx\/#website\"},\"primaryImageOfPage\":{\"@id\":\"https:\/\/www.sonoraenequipo.com.mx\/el-departamento-de-justicia-de-eu-del-na-acusa-a-gobernador-rocha-moya-de-narcotrafico\/#primaryimage\"},\"image\":{\"@id\":\"https:\/\/www.sonoraenequipo.com.mx\/el-departamento-de-justicia-de-eu-del-na-acusa-a-gobernador-rocha-moya-de-narcotrafico\/#primaryimage\"},\"thumbnailUrl\":\"https:\/\/www.sonoraenequipo.com.mx\/storage\/2026\/04\/Rocha-Moya.-Gobernador-de-Sonaloa-1.jpg\",\"datePublished\":\"2026-04-29T22:34:32+00:00\",\"dateModified\":\"2026-04-29T23:06:27+00:00\",\"description\":\"CIUDAD DE M\u00c9XICO. MX. \u2014 El \u2060Departamento de \u2060Justicia (DOJ, \u2060por sus siglas en ingl\u00e9s) de los Estados Unidos del Norte de Am\u00e9rica, present\u00f3 cargos este En Sonora en Equipo publicamos toda la informaci\u00f3n de Sonora, M\u00e9xico y el Mundo de manera oportuna y busca que la libertad de expresi\u00f3n sea real. Visita nuestro medio informativo publicado desde Hermosillo, Sonora. %\",\"breadcrumb\":{\"@id\":\"https:\/\/www.sonoraenequipo.com.mx\/el-departamento-de-justicia-de-eu-del-na-acusa-a-gobernador-rocha-moya-de-narcotrafico\/#breadcrumb\"},\"inLanguage\":\"es\",\"potentialAction\":[{\"@type\":\"ReadAction\",\"target\":[\"https:\/\/www.sonoraenequipo.com.mx\/el-departamento-de-justicia-de-eu-del-na-acusa-a-gobernador-rocha-moya-de-narcotrafico\/\"]}]},{\"@type\":\"ImageObject\",\"inLanguage\":\"es\",\"@id\":\"https:\/\/www.sonoraenequipo.com.mx\/el-departamento-de-justicia-de-eu-del-na-acusa-a-gobernador-rocha-moya-de-narcotrafico\/#primaryimage\",\"url\":\"https:\/\/www.sonoraenequipo.com.mx\/storage\/2026\/04\/Rocha-Moya.-Gobernador-de-Sonaloa-1.jpg\",\"contentUrl\":\"https:\/\/www.sonoraenequipo.com.mx\/storage\/2026\/04\/Rocha-Moya.-Gobernador-de-Sonaloa-1.jpg\",\"width\":1000,\"height\":613},{\"@type\":\"BreadcrumbList\",\"@id\":\"https:\/\/www.sonoraenequipo.com.mx\/el-departamento-de-justicia-de-eu-del-na-acusa-a-gobernador-rocha-moya-de-narcotrafico\/#breadcrumb\",\"itemListElement\":[{\"@type\":\"ListItem\",\"position\":1,\"name\":\"Portada\",\"item\":\"https:\/\/www.sonoraenequipo.com.mx\/\"},{\"@type\":\"ListItem\",\"position\":2,\"name\":\"El Departamento de Justicia de EU del NA acusa a gobernador Rocha Moya de narcotr\u00e1fico\"}]},{\"@type\":\"WebSite\",\"@id\":\"https:\/\/www.sonoraenequipo.com.mx\/#website\",\"url\":\"https:\/\/www.sonoraenequipo.com.mx\/\",\"name\":\"Sonora en Equipo.\",\"description\":\"Diario en l\u00ednea con Noticias desde Hermosillo, Sonora\",\"publisher\":{\"@id\":\"https:\/\/www.sonoraenequipo.com.mx\/#organization\"},\"potentialAction\":[{\"@type\":\"SearchAction\",\"target\":{\"@type\":\"EntryPoint\",\"urlTemplate\":\"https:\/\/www.sonoraenequipo.com.mx\/?s={search_term_string}\"},\"query-input\":{\"@type\":\"PropertyValueSpecification\",\"valueRequired\":true,\"valueName\":\"search_term_string\"}}],\"inLanguage\":\"es\"},{\"@type\":\"Organization\",\"@id\":\"https:\/\/www.sonoraenequipo.com.mx\/#organization\",\"name\":\"Sonoraenequipo.com.mx\",\"url\":\"https:\/\/www.sonoraenequipo.com.mx\/\",\"logo\":{\"@type\":\"ImageObject\",\"inLanguage\":\"es\",\"@id\":\"https:\/\/www.sonoraenequipo.com.mx\/#\/schema\/logo\/image\/\",\"url\":\"https:\/\/www.sonoraenequipo.com.mx\/storage\/2019\/01\/sonoraenequipo_opt.png\",\"contentUrl\":\"https:\/\/www.sonoraenequipo.com.mx\/storage\/2019\/01\/sonoraenequipo_opt.png\",\"width\":375,\"height\":125,\"caption\":\"Sonoraenequipo.com.mx\"},\"image\":{\"@id\":\"https:\/\/www.sonoraenequipo.com.mx\/#\/schema\/logo\/image\/\"},\"sameAs\":[\"https:\/\/www.facebook.com\/SonoraEE\/\",\"https:\/\/x.com\/sonoraenequipo\",\"https:\/\/www.youtube.com\/channel\/UC338nW-lPEYmJQs4ZABQ1SQ\"]},{\"@type\":\"Person\",\"@id\":\"https:\/\/www.sonoraenequipo.com.mx\/#\/schema\/person\/50102df0fb23a8fa9e8effad8fa81386\",\"name\":\"enequipo\",\"image\":{\"@type\":\"ImageObject\",\"inLanguage\":\"es\",\"@id\":\"https:\/\/www.sonoraenequipo.com.mx\/#\/schema\/person\/image\/\",\"url\":\"https:\/\/secure.gravatar.com\/avatar\/049821681b589dabc0bc20695993ccebb09f5b5d4d790cd9251b97faac7c652b?s=96&d=blank&r=g\",\"contentUrl\":\"https:\/\/secure.gravatar.com\/avatar\/049821681b589dabc0bc20695993ccebb09f5b5d4d790cd9251b97faac7c652b?s=96&d=blank&r=g\",\"caption\":\"enequipo\"},\"sameAs\":[\"https:\/\/www.facebook.com\/SonoraEE\"]}]}<\/script>\n ","yoast_head_json":{"title":"Sonora en Equipo. El Departamento de Justicia de EU del NA acusa a gobernador Rocha Moya de narcotr\u00e1fico MUNDO","description":"CIUDAD DE M\u00c9XICO. MX. \u2014 El \u2060Departamento de \u2060Justicia (DOJ, \u2060por sus siglas en ingl\u00e9s) de los Estados Unidos del Norte de Am\u00e9rica, present\u00f3 cargos este En Sonora en Equipo publicamos toda la informaci\u00f3n de Sonora, M\u00e9xico y el Mundo de manera oportuna y busca que la libertad de expresi\u00f3n sea real. Visita nuestro medio informativo publicado desde Hermosillo, Sonora. %","robots":{"index":"index","follow":"follow","max-snippet":"max-snippet:-1","max-image-preview":"max-image-preview:large","max-video-preview":"max-video-preview:-1"},"canonical":"https:\/\/www.sonoraenequipo.com.mx\/el-departamento-de-justicia-de-eu-del-na-acusa-a-gobernador-rocha-moya-de-narcotrafico\/","og_locale":"es_ES","og_type":"article","og_title":"Sonora en Equipo. El Departamento de Justicia de EU del NA acusa a gobernador Rocha Moya de narcotr\u00e1fico MUNDO","og_description":"CIUDAD DE M\u00c9XICO. MX. \u2014 El \u2060Departamento de \u2060Justicia (DOJ, \u2060por sus siglas en ingl\u00e9s) de los Estados Unidos del Norte de Am\u00e9rica, present\u00f3 cargos este En Sonora en Equipo publicamos toda la informaci\u00f3n de Sonora, M\u00e9xico y el Mundo de manera oportuna y busca que la libertad de expresi\u00f3n sea real. Visita nuestro medio informativo publicado desde Hermosillo, Sonora. %","og_url":"https:\/\/www.sonoraenequipo.com.mx\/el-departamento-de-justicia-de-eu-del-na-acusa-a-gobernador-rocha-moya-de-narcotrafico\/","og_site_name":"Sonora en Equipo.","article_publisher":"https:\/\/www.facebook.com\/SonoraEE\/","article_author":"https:\/\/www.facebook.com\/SonoraEE","article_published_time":"2026-04-29T22:34:32+00:00","article_modified_time":"2026-04-29T23:06:27+00:00","og_image":[{"width":1000,"height":613,"url":"https:\/\/www.sonoraenequipo.com.mx\/storage\/2026\/04\/Rocha-Moya.-Gobernador-de-Sonaloa-1.jpg","type":"image\/jpeg"}],"author":"enequipo","twitter_card":"summary_large_image","twitter_creator":"@sonoraenequipo","twitter_site":"@sonoraenequipo","twitter_misc":{"Escrito por":"enequipo","Tiempo de lectura":"3 minutos"},"schema":{"@context":"https:\/\/schema.org","@graph":[{"@type":"Article","@id":"https:\/\/www.sonoraenequipo.com.mx\/el-departamento-de-justicia-de-eu-del-na-acusa-a-gobernador-rocha-moya-de-narcotrafico\/#article","isPartOf":{"@id":"https:\/\/www.sonoraenequipo.com.mx\/el-departamento-de-justicia-de-eu-del-na-acusa-a-gobernador-rocha-moya-de-narcotrafico\/"},"author":{"name":"enequipo","@id":"https:\/\/www.sonoraenequipo.com.mx\/#\/schema\/person\/50102df0fb23a8fa9e8effad8fa81386"},"headline":"El Departamento de Justicia de EU del NA acusa a gobernador Rocha Moya de narcotr\u00e1fico","datePublished":"2026-04-29T22:34:32+00:00","dateModified":"2026-04-29T23:06:27+00:00","mainEntityOfPage":{"@id":"https:\/\/www.sonoraenequipo.com.mx\/el-departamento-de-justicia-de-eu-del-na-acusa-a-gobernador-rocha-moya-de-narcotrafico\/"},"wordCount":585,"commentCount":0,"publisher":{"@id":"https:\/\/www.sonoraenequipo.com.mx\/#organization"},"image":{"@id":"https:\/\/www.sonoraenequipo.com.mx\/el-departamento-de-justicia-de-eu-del-na-acusa-a-gobernador-rocha-moya-de-narcotrafico\/#primaryimage"},"thumbnailUrl":"https:\/\/www.sonoraenequipo.com.mx\/storage\/2026\/04\/Rocha-Moya.-Gobernador-de-Sonaloa-1.jpg","articleSection":["MUNDO"],"inLanguage":"es","potentialAction":[{"@type":"CommentAction","name":"Comment","target":["https:\/\/www.sonoraenequipo.com.mx\/el-departamento-de-justicia-de-eu-del-na-acusa-a-gobernador-rocha-moya-de-narcotrafico\/#respond"]}]},{"@type":"WebPage","@id":"https:\/\/www.sonoraenequipo.com.mx\/el-departamento-de-justicia-de-eu-del-na-acusa-a-gobernador-rocha-moya-de-narcotrafico\/","url":"https:\/\/www.sonoraenequipo.com.mx\/el-departamento-de-justicia-de-eu-del-na-acusa-a-gobernador-rocha-moya-de-narcotrafico\/","name":"Sonora en Equipo. El Departamento de Justicia de EU del NA acusa a gobernador Rocha Moya de narcotr\u00e1fico MUNDO","isPartOf":{"@id":"https:\/\/www.sonoraenequipo.com.mx\/#website"},"primaryImageOfPage":{"@id":"https:\/\/www.sonoraenequipo.com.mx\/el-departamento-de-justicia-de-eu-del-na-acusa-a-gobernador-rocha-moya-de-narcotrafico\/#primaryimage"},"image":{"@id":"https:\/\/www.sonoraenequipo.com.mx\/el-departamento-de-justicia-de-eu-del-na-acusa-a-gobernador-rocha-moya-de-narcotrafico\/#primaryimage"},"thumbnailUrl":"https:\/\/www.sonoraenequipo.com.mx\/storage\/2026\/04\/Rocha-Moya.-Gobernador-de-Sonaloa-1.jpg","datePublished":"2026-04-29T22:34:32+00:00","dateModified":"2026-04-29T23:06:27+00:00","description":"CIUDAD DE M\u00c9XICO. MX. \u2014 El \u2060Departamento de \u2060Justicia (DOJ, \u2060por sus siglas en ingl\u00e9s) de los Estados Unidos del Norte de Am\u00e9rica, present\u00f3 cargos este En Sonora en Equipo publicamos toda la informaci\u00f3n de Sonora, M\u00e9xico y el Mundo de manera oportuna y busca que la libertad de expresi\u00f3n sea real. Visita nuestro medio informativo publicado desde Hermosillo, Sonora. %","breadcrumb":{"@id":"https:\/\/www.sonoraenequipo.com.mx\/el-departamento-de-justicia-de-eu-del-na-acusa-a-gobernador-rocha-moya-de-narcotrafico\/#breadcrumb"},"inLanguage":"es","potentialAction":[{"@type":"ReadAction","target":["https:\/\/www.sonoraenequipo.com.mx\/el-departamento-de-justicia-de-eu-del-na-acusa-a-gobernador-rocha-moya-de-narcotrafico\/"]}]},{"@type":"ImageObject","inLanguage":"es","@id":"https:\/\/www.sonoraenequipo.com.mx\/el-departamento-de-justicia-de-eu-del-na-acusa-a-gobernador-rocha-moya-de-narcotrafico\/#primaryimage","url":"https:\/\/www.sonoraenequipo.com.mx\/storage\/2026\/04\/Rocha-Moya.-Gobernador-de-Sonaloa-1.jpg","contentUrl":"https:\/\/www.sonoraenequipo.com.mx\/storage\/2026\/04\/Rocha-Moya.-Gobernador-de-Sonaloa-1.jpg","width":1000,"height":613},{"@type":"BreadcrumbList","@id":"https:\/\/www.sonoraenequipo.com.mx\/el-departamento-de-justicia-de-eu-del-na-acusa-a-gobernador-rocha-moya-de-narcotrafico\/#breadcrumb","itemListElement":[{"@type":"ListItem","position":1,"name":"Portada","item":"https:\/\/www.sonoraenequipo.com.mx\/"},{"@type":"ListItem","position":2,"name":"El Departamento de Justicia de EU del NA acusa a gobernador Rocha Moya de narcotr\u00e1fico"}]},{"@type":"WebSite","@id":"https:\/\/www.sonoraenequipo.com.mx\/#website","url":"https:\/\/www.sonoraenequipo.com.mx\/","name":"Sonora en Equipo.","description":"Diario en l\u00ednea con Noticias desde Hermosillo, Sonora","publisher":{"@id":"https:\/\/www.sonoraenequipo.com.mx\/#organization"},"potentialAction":[{"@type":"SearchAction","target":{"@type":"EntryPoint","urlTemplate":"https:\/\/www.sonoraenequipo.com.mx\/?s={search_term_string}"},"query-input":{"@type":"PropertyValueSpecification","valueRequired":true,"valueName":"search_term_string"}}],"inLanguage":"es"},{"@type":"Organization","@id":"https:\/\/www.sonoraenequipo.com.mx\/#organization","name":"Sonoraenequipo.com.mx","url":"https:\/\/www.sonoraenequipo.com.mx\/","logo":{"@type":"ImageObject","inLanguage":"es","@id":"https:\/\/www.sonoraenequipo.com.mx\/#\/schema\/logo\/image\/","url":"https:\/\/www.sonoraenequipo.com.mx\/storage\/2019\/01\/sonoraenequipo_opt.png","contentUrl":"https:\/\/www.sonoraenequipo.com.mx\/storage\/2019\/01\/sonoraenequipo_opt.png","width":375,"height":125,"caption":"Sonoraenequipo.com.mx"},"image":{"@id":"https:\/\/www.sonoraenequipo.com.mx\/#\/schema\/logo\/image\/"},"sameAs":["https:\/\/www.facebook.com\/SonoraEE\/","https:\/\/x.com\/sonoraenequipo","https:\/\/www.youtube.com\/channel\/UC338nW-lPEYmJQs4ZABQ1SQ"]},{"@type":"Person","@id":"https:\/\/www.sonoraenequipo.com.mx\/#\/schema\/person\/50102df0fb23a8fa9e8effad8fa81386","name":"enequipo","image":{"@type":"ImageObject","inLanguage":"es","@id":"https:\/\/www.sonoraenequipo.com.mx\/#\/schema\/person\/image\/","url":"https:\/\/secure.gravatar.com\/avatar\/049821681b589dabc0bc20695993ccebb09f5b5d4d790cd9251b97faac7c652b?s=96&d=blank&r=g","contentUrl":"https:\/\/secure.gravatar.com\/avatar\/049821681b589dabc0bc20695993ccebb09f5b5d4d790cd9251b97faac7c652b?s=96&d=blank&r=g","caption":"enequipo"},"sameAs":["https:\/\/www.facebook.com\/SonoraEE"]}]}},"jetpack_featured_media_url":"https:\/\/www.sonoraenequipo.com.mx\/storage\/2026\/04\/Rocha-Moya.-Gobernador-de-Sonaloa-1.jpg","_links":{"self":[{"href":"https:\/\/www.sonoraenequipo.com.mx\/api\/wp\/v2\/posts\/240864","targetHints":{"allow":["GET"]}}],"collection":[{"href":"https:\/\/www.sonoraenequipo.com.mx\/api\/wp\/v2\/posts"}],"about":[{"href":"https:\/\/www.sonoraenequipo.com.mx\/api\/wp\/v2\/types\/post"}],"author":[{"embeddable":true,"href":"https:\/\/www.sonoraenequipo.com.mx\/api\/wp\/v2\/users\/1"}],"replies":[{"embeddable":true,"href":"https:\/\/www.sonoraenequipo.com.mx\/api\/wp\/v2\/comments?post=240864"}],"version-history":[{"count":3,"href":"https:\/\/www.sonoraenequipo.com.mx\/api\/wp\/v2\/posts\/240864\/revisions"}],"predecessor-version":[{"id":240869,"href":"https:\/\/www.sonoraenequipo.com.mx\/api\/wp\/v2\/posts\/240864\/revisions\/240869"}],"wp:featuredmedia":[{"embeddable":true,"href":"https:\/\/www.sonoraenequipo.com.mx\/api\/wp\/v2\/media\/240865"}],"wp:attachment":[{"href":"https:\/\/www.sonoraenequipo.com.mx\/api\/wp\/v2\/media?parent=240864"}],"wp:term":[{"taxonomy":"category","embeddable":true,"href":"https:\/\/www.sonoraenequipo.com.mx\/api\/wp\/v2\/categories?post=240864"},{"taxonomy":"post_tag","embeddable":true,"href":"https:\/\/www.sonoraenequipo.com.mx\/api\/wp\/v2\/tags?post=240864"}],"curies":[{"name":"wp","href":"https:\/\/api.w.org\/{rel}","templated":true}]}}