{"id":240882,"date":"2026-04-29T18:05:32","date_gmt":"2026-04-30T01:05:32","guid":{"rendered":"https:\/\/www.sonoraenequipo.com.mx\/?p=240882"},"modified":"2026-04-29T18:05:32","modified_gmt":"2026-04-30T01:05:32","slug":"hermosillo-pri-sonora-lleva-jornada-de-servicios-a-colonia-el-sahuaro","status":"publish","type":"post","link":"https:\/\/www.sonoraenequipo.com.mx\/hermosillo-pri-sonora-lleva-jornada-de-servicios-a-colonia-el-sahuaro\/","title":{"rendered":"HERMOSILLO. PRI Sonora lleva jornada de servicios a colonia El Sahuaro"},"content":{"rendered":"<p><strong>HERMOSILLO, SONORA, MX. \u2014<\/strong> Como parte del compromiso de defender de la ciudadan\u00eda, el PRI Sonora, en equipo con el PRI Hermosillo, llev\u00f3 a cabo una exitosa jornada comunitaria en la colonia El Sahuaro, donde cientos de habitantes del sector accedieron a diversos servicios gratuitos y de apoyo social.<\/p>\n<p>&nbsp;<\/p>\n<p>Durante la jornada, se ofrecieron servicios como corte de cabello, mercado de frutas y verduras a bajo costo, bazar de ropa, asesor\u00eda legal, atenci\u00f3n directa de regidores, consultas m\u00e9dicas, entrega de lentes gratuitos, orientaci\u00f3n nutricional, as\u00ed como un curso de cocina econ\u00f3mica y m\u00fasica en vivo para las familias asistentes.<\/p>\n<p>&nbsp;<\/p>\n<p>Acompa\u00f1ada por Jorge Meade Ocaranza, Secretario de Organizaci\u00f3n del CEN del PRI, a quien agradeci\u00f3 su presencia como invitado de honor, Soto Holgu\u00edn destac\u00f3 la importancia de mantener un partido cercano a la gente y atento a sus necesidades.<\/p>\n<p>&nbsp;<\/p>\n<p>\u201cEstas jornadas son muestra de que el PRI est\u00e1 presente, trabajando en equipo y en defensa de la gente, siempre del lado de las familias sonorenses\u201d, expres\u00f3.<\/p>\n<p>&nbsp;<\/p>\n<p>Asimismo, se\u00f1al\u00f3 que estas acciones forman parte del esquema nacional de Defensores de M\u00e9xico, impulsado por el partido, y que en Sonora es representado por la propia Lupita Soto Holgu\u00edn y V\u00edctor Hugo Celaya, quien tambi\u00e9n estuvo presente en el evento.<\/p>\n<p>&nbsp;<\/p>\n<p>El evento, llevado a cabo en la cancha del parque Luis Orc\u00ed, en El Sahuaro, se realiz\u00f3 gracias\u00a0 a la organizaci\u00f3n del PRI Sonora junto al PRI Hermosillo, la ONMPRI, la Red J\u00f3venes X M\u00e9xico, el Movimiento Territorial, la Confederaci\u00f3n Nacional de Organizaciones Populares, entre otros sectores y organizaciones del PRI.<\/p>\n<p>&nbsp;<\/p>\n<p>Con este tipo de actividades, el PRI Sonora refrenda su compromiso de construir soluciones desde el territorio, fortaleciendo el v\u00ednculo con la ciudadan\u00eda y apoyando directamente a quienes m\u00e1s lo necesitan.<\/p>\n<p><strong>Fecha de publicaci\u00f3n mi\u00e9rcoles 29 de abril de 2026<\/strong><\/p>\n","protected":false},"excerpt":{"rendered":"<p>HERMOSILLO, SONORA, MX. \u2014 Como parte del compromiso de defender de la ciudadan\u00eda, el PRI&#8230;<\/p>\n","protected":false},"author":1,"featured_media":240883,"comment_status":"open","ping_status":"open","sticky":false,"template":"","format":"standard","meta":{"_monsterinsights_skip_tracking":false,"_monsterinsights_sitenote_active":false,"_monsterinsights_sitenote_note":"","_monsterinsights_sitenote_category":0,"footnotes":""},"categories":[22],"tags":[12648,94,105,15],"class_list":["post"],"yoast_head":" \n<title>Sonora en Equipo. HERMOSILLO. PRI Sonora lleva jornada de servicios a colonia El Sahuaro Sonora<\/title>\n<meta name=\"description\" content=\"HERMOSILLO, SONORA, MX. \u2014 Como parte del compromiso de defender de la ciudadan\u00eda, el PRI Sonora, en equipo con el PRI Hermosillo, llev\u00f3 a cabo una exitosa En Sonora en Equipo publicamos toda la informaci\u00f3n de Sonora, M\u00e9xico y el Mundo de manera oportuna y busca que la libertad de expresi\u00f3n sea real. Visita nuestro medio informativo publicado desde Hermosillo, Sonora. %\" \/>\n<meta name=\"robots\" content=\"index, follow, max-snippet:-1, max-image-preview:large, max-video-preview:-1\" \/>\n<link rel=\"canonical\" href=\"https:\/\/www.sonoraenequipo.com.mx\/hermosillo-pri-sonora-lleva-jornada-de-servicios-a-colonia-el-sahuaro\/\" \/>\n<meta property=\"og:locale\" content=\"es_ES\" \/>\n<meta property=\"og:type\" content=\"article\" \/>\n<meta property=\"og:title\" content=\"Sonora en Equipo. HERMOSILLO. PRI Sonora lleva jornada de servicios a colonia El Sahuaro Sonora\" \/>\n<meta property=\"og:description\" content=\"HERMOSILLO, SONORA, MX. \u2014 Como parte del compromiso de defender de la ciudadan\u00eda, el PRI Sonora, en equipo con el PRI Hermosillo, llev\u00f3 a cabo una exitosa En Sonora en Equipo publicamos toda la informaci\u00f3n de Sonora, M\u00e9xico y el Mundo de manera oportuna y busca que la libertad de expresi\u00f3n sea real. Visita nuestro medio informativo publicado desde Hermosillo, Sonora. %\" \/>\n<meta property=\"og:url\" content=\"https:\/\/www.sonoraenequipo.com.mx\/hermosillo-pri-sonora-lleva-jornada-de-servicios-a-colonia-el-sahuaro\/\" \/>\n<meta property=\"og:site_name\" content=\"Sonora en Equipo.\" \/>\n<meta property=\"article:publisher\" content=\"https:\/\/www.facebook.com\/SonoraEE\/\" \/>\n<meta property=\"article:author\" content=\"https:\/\/www.facebook.com\/SonoraEE\" \/>\n<meta property=\"article:published_time\" content=\"2026-04-30T01:05:32+00:00\" \/>\n<meta property=\"og:image\" content=\"https:\/\/www.sonoraenequipo.com.mx\/storage\/2026\/04\/pri-jornada.jpg\" \/>\n\t<meta property=\"og:image:width\" content=\"600\" \/>\n\t<meta property=\"og:image:height\" content=\"400\" \/>\n\t<meta property=\"og:image:type\" content=\"image\/jpeg\" \/>\n<meta name=\"author\" content=\"enequipo\" \/>\n<meta name=\"twitter:card\" content=\"summary_large_image\" \/>\n<meta name=\"twitter:creator\" content=\"@sonoraenequipo\" \/>\n<meta name=\"twitter:site\" content=\"@sonoraenequipo\" \/>\n<meta name=\"twitter:label1\" content=\"Escrito por\" \/>\n\t<meta name=\"twitter:data1\" content=\"enequipo\" \/>\n\t<meta name=\"twitter:label2\" content=\"Tiempo de lectura\" \/>\n\t<meta name=\"twitter:data2\" content=\"2 minutos\" \/>\n<script type=\"application\/ld+json\" class=\"yoast-schema-graph\">{\"@context\":\"https:\/\/schema.org\",\"@graph\":[{\"@type\":\"Article\",\"@id\":\"https:\/\/www.sonoraenequipo.com.mx\/hermosillo-pri-sonora-lleva-jornada-de-servicios-a-colonia-el-sahuaro\/#article\",\"isPartOf\":{\"@id\":\"https:\/\/www.sonoraenequipo.com.mx\/hermosillo-pri-sonora-lleva-jornada-de-servicios-a-colonia-el-sahuaro\/\"},\"author\":{\"name\":\"enequipo\",\"@id\":\"https:\/\/www.sonoraenequipo.com.mx\/#\/schema\/person\/50102df0fb23a8fa9e8effad8fa81386\"},\"headline\":\"HERMOSILLO. PRI Sonora lleva jornada de servicios a colonia El Sahuaro\",\"datePublished\":\"2026-04-30T01:05:32+00:00\",\"mainEntityOfPage\":{\"@id\":\"https:\/\/www.sonoraenequipo.com.mx\/hermosillo-pri-sonora-lleva-jornada-de-servicios-a-colonia-el-sahuaro\/\"},\"wordCount\":335,\"commentCount\":0,\"publisher\":{\"@id\":\"https:\/\/www.sonoraenequipo.com.mx\/#organization\"},\"image\":{\"@id\":\"https:\/\/www.sonoraenequipo.com.mx\/hermosillo-pri-sonora-lleva-jornada-de-servicios-a-colonia-el-sahuaro\/#primaryimage\"},\"thumbnailUrl\":\"https:\/\/www.sonoraenequipo.com.mx\/storage\/2026\/04\/pri-jornada.jpg\",\"keywords\":[\"hermosillollo\",\"jornada\",\"pri\",\"Sonora\"],\"articleSection\":[\"Sonora\"],\"inLanguage\":\"es\",\"potentialAction\":[{\"@type\":\"CommentAction\",\"name\":\"Comment\",\"target\":[\"https:\/\/www.sonoraenequipo.com.mx\/hermosillo-pri-sonora-lleva-jornada-de-servicios-a-colonia-el-sahuaro\/#respond\"]}]},{\"@type\":\"WebPage\",\"@id\":\"https:\/\/www.sonoraenequipo.com.mx\/hermosillo-pri-sonora-lleva-jornada-de-servicios-a-colonia-el-sahuaro\/\",\"url\":\"https:\/\/www.sonoraenequipo.com.mx\/hermosillo-pri-sonora-lleva-jornada-de-servicios-a-colonia-el-sahuaro\/\",\"name\":\"Sonora en Equipo. HERMOSILLO. PRI Sonora lleva jornada de servicios a colonia El Sahuaro Sonora\",\"isPartOf\":{\"@id\":\"https:\/\/www.sonoraenequipo.com.mx\/#website\"},\"primaryImageOfPage\":{\"@id\":\"https:\/\/www.sonoraenequipo.com.mx\/hermosillo-pri-sonora-lleva-jornada-de-servicios-a-colonia-el-sahuaro\/#primaryimage\"},\"image\":{\"@id\":\"https:\/\/www.sonoraenequipo.com.mx\/hermosillo-pri-sonora-lleva-jornada-de-servicios-a-colonia-el-sahuaro\/#primaryimage\"},\"thumbnailUrl\":\"https:\/\/www.sonoraenequipo.com.mx\/storage\/2026\/04\/pri-jornada.jpg\",\"datePublished\":\"2026-04-30T01:05:32+00:00\",\"description\":\"HERMOSILLO, SONORA, MX. \u2014 Como parte del compromiso de defender de la ciudadan\u00eda, el PRI Sonora, en equipo con el PRI Hermosillo, llev\u00f3 a cabo una exitosa En Sonora en Equipo publicamos toda la informaci\u00f3n de Sonora, M\u00e9xico y el Mundo de manera oportuna y busca que la libertad de expresi\u00f3n sea real. Visita nuestro medio informativo publicado desde Hermosillo, Sonora. %\",\"breadcrumb\":{\"@id\":\"https:\/\/www.sonoraenequipo.com.mx\/hermosillo-pri-sonora-lleva-jornada-de-servicios-a-colonia-el-sahuaro\/#breadcrumb\"},\"inLanguage\":\"es\",\"potentialAction\":[{\"@type\":\"ReadAction\",\"target\":[\"https:\/\/www.sonoraenequipo.com.mx\/hermosillo-pri-sonora-lleva-jornada-de-servicios-a-colonia-el-sahuaro\/\"]}]},{\"@type\":\"ImageObject\",\"inLanguage\":\"es\",\"@id\":\"https:\/\/www.sonoraenequipo.com.mx\/hermosillo-pri-sonora-lleva-jornada-de-servicios-a-colonia-el-sahuaro\/#primaryimage\",\"url\":\"https:\/\/www.sonoraenequipo.com.mx\/storage\/2026\/04\/pri-jornada.jpg\",\"contentUrl\":\"https:\/\/www.sonoraenequipo.com.mx\/storage\/2026\/04\/pri-jornada.jpg\",\"width\":600,\"height\":400},{\"@type\":\"BreadcrumbList\",\"@id\":\"https:\/\/www.sonoraenequipo.com.mx\/hermosillo-pri-sonora-lleva-jornada-de-servicios-a-colonia-el-sahuaro\/#breadcrumb\",\"itemListElement\":[{\"@type\":\"ListItem\",\"position\":1,\"name\":\"Portada\",\"item\":\"https:\/\/www.sonoraenequipo.com.mx\/\"},{\"@type\":\"ListItem\",\"position\":2,\"name\":\"HERMOSILLO. PRI Sonora lleva jornada de servicios a colonia El Sahuaro\"}]},{\"@type\":\"WebSite\",\"@id\":\"https:\/\/www.sonoraenequipo.com.mx\/#website\",\"url\":\"https:\/\/www.sonoraenequipo.com.mx\/\",\"name\":\"Sonora en Equipo.\",\"description\":\"Diario en l\u00ednea con Noticias desde Hermosillo, Sonora\",\"publisher\":{\"@id\":\"https:\/\/www.sonoraenequipo.com.mx\/#organization\"},\"potentialAction\":[{\"@type\":\"SearchAction\",\"target\":{\"@type\":\"EntryPoint\",\"urlTemplate\":\"https:\/\/www.sonoraenequipo.com.mx\/?s={search_term_string}\"},\"query-input\":{\"@type\":\"PropertyValueSpecification\",\"valueRequired\":true,\"valueName\":\"search_term_string\"}}],\"inLanguage\":\"es\"},{\"@type\":\"Organization\",\"@id\":\"https:\/\/www.sonoraenequipo.com.mx\/#organization\",\"name\":\"Sonoraenequipo.com.mx\",\"url\":\"https:\/\/www.sonoraenequipo.com.mx\/\",\"logo\":{\"@type\":\"ImageObject\",\"inLanguage\":\"es\",\"@id\":\"https:\/\/www.sonoraenequipo.com.mx\/#\/schema\/logo\/image\/\",\"url\":\"https:\/\/www.sonoraenequipo.com.mx\/storage\/2019\/01\/sonoraenequipo_opt.png\",\"contentUrl\":\"https:\/\/www.sonoraenequipo.com.mx\/storage\/2019\/01\/sonoraenequipo_opt.png\",\"width\":375,\"height\":125,\"caption\":\"Sonoraenequipo.com.mx\"},\"image\":{\"@id\":\"https:\/\/www.sonoraenequipo.com.mx\/#\/schema\/logo\/image\/\"},\"sameAs\":[\"https:\/\/www.facebook.com\/SonoraEE\/\",\"https:\/\/x.com\/sonoraenequipo\",\"https:\/\/www.youtube.com\/channel\/UC338nW-lPEYmJQs4ZABQ1SQ\"]},{\"@type\":\"Person\",\"@id\":\"https:\/\/www.sonoraenequipo.com.mx\/#\/schema\/person\/50102df0fb23a8fa9e8effad8fa81386\",\"name\":\"enequipo\",\"image\":{\"@type\":\"ImageObject\",\"inLanguage\":\"es\",\"@id\":\"https:\/\/www.sonoraenequipo.com.mx\/#\/schema\/person\/image\/\",\"url\":\"https:\/\/secure.gravatar.com\/avatar\/049821681b589dabc0bc20695993ccebb09f5b5d4d790cd9251b97faac7c652b?s=96&d=blank&r=g\",\"contentUrl\":\"https:\/\/secure.gravatar.com\/avatar\/049821681b589dabc0bc20695993ccebb09f5b5d4d790cd9251b97faac7c652b?s=96&d=blank&r=g\",\"caption\":\"enequipo\"},\"sameAs\":[\"https:\/\/www.facebook.com\/SonoraEE\"]}]}<\/script>\n ","yoast_head_json":{"title":"Sonora en Equipo. HERMOSILLO. PRI Sonora lleva jornada de servicios a colonia El Sahuaro Sonora","description":"HERMOSILLO, SONORA, MX. \u2014 Como parte del compromiso de defender de la ciudadan\u00eda, el PRI Sonora, en equipo con el PRI Hermosillo, llev\u00f3 a cabo una exitosa En Sonora en Equipo publicamos toda la informaci\u00f3n de Sonora, M\u00e9xico y el Mundo de manera oportuna y busca que la libertad de expresi\u00f3n sea real. Visita nuestro medio informativo publicado desde Hermosillo, Sonora. %","robots":{"index":"index","follow":"follow","max-snippet":"max-snippet:-1","max-image-preview":"max-image-preview:large","max-video-preview":"max-video-preview:-1"},"canonical":"https:\/\/www.sonoraenequipo.com.mx\/hermosillo-pri-sonora-lleva-jornada-de-servicios-a-colonia-el-sahuaro\/","og_locale":"es_ES","og_type":"article","og_title":"Sonora en Equipo. HERMOSILLO. PRI Sonora lleva jornada de servicios a colonia El Sahuaro Sonora","og_description":"HERMOSILLO, SONORA, MX. \u2014 Como parte del compromiso de defender de la ciudadan\u00eda, el PRI Sonora, en equipo con el PRI Hermosillo, llev\u00f3 a cabo una exitosa En Sonora en Equipo publicamos toda la informaci\u00f3n de Sonora, M\u00e9xico y el Mundo de manera oportuna y busca que la libertad de expresi\u00f3n sea real. Visita nuestro medio informativo publicado desde Hermosillo, Sonora. %","og_url":"https:\/\/www.sonoraenequipo.com.mx\/hermosillo-pri-sonora-lleva-jornada-de-servicios-a-colonia-el-sahuaro\/","og_site_name":"Sonora en Equipo.","article_publisher":"https:\/\/www.facebook.com\/SonoraEE\/","article_author":"https:\/\/www.facebook.com\/SonoraEE","article_published_time":"2026-04-30T01:05:32+00:00","og_image":[{"width":600,"height":400,"url":"https:\/\/www.sonoraenequipo.com.mx\/storage\/2026\/04\/pri-jornada.jpg","type":"image\/jpeg"}],"author":"enequipo","twitter_card":"summary_large_image","twitter_creator":"@sonoraenequipo","twitter_site":"@sonoraenequipo","twitter_misc":{"Escrito por":"enequipo","Tiempo de lectura":"2 minutos"},"schema":{"@context":"https:\/\/schema.org","@graph":[{"@type":"Article","@id":"https:\/\/www.sonoraenequipo.com.mx\/hermosillo-pri-sonora-lleva-jornada-de-servicios-a-colonia-el-sahuaro\/#article","isPartOf":{"@id":"https:\/\/www.sonoraenequipo.com.mx\/hermosillo-pri-sonora-lleva-jornada-de-servicios-a-colonia-el-sahuaro\/"},"author":{"name":"enequipo","@id":"https:\/\/www.sonoraenequipo.com.mx\/#\/schema\/person\/50102df0fb23a8fa9e8effad8fa81386"},"headline":"HERMOSILLO. PRI Sonora lleva jornada de servicios a colonia El Sahuaro","datePublished":"2026-04-30T01:05:32+00:00","mainEntityOfPage":{"@id":"https:\/\/www.sonoraenequipo.com.mx\/hermosillo-pri-sonora-lleva-jornada-de-servicios-a-colonia-el-sahuaro\/"},"wordCount":335,"commentCount":0,"publisher":{"@id":"https:\/\/www.sonoraenequipo.com.mx\/#organization"},"image":{"@id":"https:\/\/www.sonoraenequipo.com.mx\/hermosillo-pri-sonora-lleva-jornada-de-servicios-a-colonia-el-sahuaro\/#primaryimage"},"thumbnailUrl":"https:\/\/www.sonoraenequipo.com.mx\/storage\/2026\/04\/pri-jornada.jpg","keywords":["hermosillollo","jornada","pri","Sonora"],"articleSection":["Sonora"],"inLanguage":"es","potentialAction":[{"@type":"CommentAction","name":"Comment","target":["https:\/\/www.sonoraenequipo.com.mx\/hermosillo-pri-sonora-lleva-jornada-de-servicios-a-colonia-el-sahuaro\/#respond"]}]},{"@type":"WebPage","@id":"https:\/\/www.sonoraenequipo.com.mx\/hermosillo-pri-sonora-lleva-jornada-de-servicios-a-colonia-el-sahuaro\/","url":"https:\/\/www.sonoraenequipo.com.mx\/hermosillo-pri-sonora-lleva-jornada-de-servicios-a-colonia-el-sahuaro\/","name":"Sonora en Equipo. HERMOSILLO. PRI Sonora lleva jornada de servicios a colonia El Sahuaro Sonora","isPartOf":{"@id":"https:\/\/www.sonoraenequipo.com.mx\/#website"},"primaryImageOfPage":{"@id":"https:\/\/www.sonoraenequipo.com.mx\/hermosillo-pri-sonora-lleva-jornada-de-servicios-a-colonia-el-sahuaro\/#primaryimage"},"image":{"@id":"https:\/\/www.sonoraenequipo.com.mx\/hermosillo-pri-sonora-lleva-jornada-de-servicios-a-colonia-el-sahuaro\/#primaryimage"},"thumbnailUrl":"https:\/\/www.sonoraenequipo.com.mx\/storage\/2026\/04\/pri-jornada.jpg","datePublished":"2026-04-30T01:05:32+00:00","description":"HERMOSILLO, SONORA, MX. \u2014 Como parte del compromiso de defender de la ciudadan\u00eda, el PRI Sonora, en equipo con el PRI Hermosillo, llev\u00f3 a cabo una exitosa En Sonora en Equipo publicamos toda la informaci\u00f3n de Sonora, M\u00e9xico y el Mundo de manera oportuna y busca que la libertad de expresi\u00f3n sea real. Visita nuestro medio informativo publicado desde Hermosillo, Sonora. %","breadcrumb":{"@id":"https:\/\/www.sonoraenequipo.com.mx\/hermosillo-pri-sonora-lleva-jornada-de-servicios-a-colonia-el-sahuaro\/#breadcrumb"},"inLanguage":"es","potentialAction":[{"@type":"ReadAction","target":["https:\/\/www.sonoraenequipo.com.mx\/hermosillo-pri-sonora-lleva-jornada-de-servicios-a-colonia-el-sahuaro\/"]}]},{"@type":"ImageObject","inLanguage":"es","@id":"https:\/\/www.sonoraenequipo.com.mx\/hermosillo-pri-sonora-lleva-jornada-de-servicios-a-colonia-el-sahuaro\/#primaryimage","url":"https:\/\/www.sonoraenequipo.com.mx\/storage\/2026\/04\/pri-jornada.jpg","contentUrl":"https:\/\/www.sonoraenequipo.com.mx\/storage\/2026\/04\/pri-jornada.jpg","width":600,"height":400},{"@type":"BreadcrumbList","@id":"https:\/\/www.sonoraenequipo.com.mx\/hermosillo-pri-sonora-lleva-jornada-de-servicios-a-colonia-el-sahuaro\/#breadcrumb","itemListElement":[{"@type":"ListItem","position":1,"name":"Portada","item":"https:\/\/www.sonoraenequipo.com.mx\/"},{"@type":"ListItem","position":2,"name":"HERMOSILLO. PRI Sonora lleva jornada de servicios a colonia El Sahuaro"}]},{"@type":"WebSite","@id":"https:\/\/www.sonoraenequipo.com.mx\/#website","url":"https:\/\/www.sonoraenequipo.com.mx\/","name":"Sonora en Equipo.","description":"Diario en l\u00ednea con Noticias desde Hermosillo, Sonora","publisher":{"@id":"https:\/\/www.sonoraenequipo.com.mx\/#organization"},"potentialAction":[{"@type":"SearchAction","target":{"@type":"EntryPoint","urlTemplate":"https:\/\/www.sonoraenequipo.com.mx\/?s={search_term_string}"},"query-input":{"@type":"PropertyValueSpecification","valueRequired":true,"valueName":"search_term_string"}}],"inLanguage":"es"},{"@type":"Organization","@id":"https:\/\/www.sonoraenequipo.com.mx\/#organization","name":"Sonoraenequipo.com.mx","url":"https:\/\/www.sonoraenequipo.com.mx\/","logo":{"@type":"ImageObject","inLanguage":"es","@id":"https:\/\/www.sonoraenequipo.com.mx\/#\/schema\/logo\/image\/","url":"https:\/\/www.sonoraenequipo.com.mx\/storage\/2019\/01\/sonoraenequipo_opt.png","contentUrl":"https:\/\/www.sonoraenequipo.com.mx\/storage\/2019\/01\/sonoraenequipo_opt.png","width":375,"height":125,"caption":"Sonoraenequipo.com.mx"},"image":{"@id":"https:\/\/www.sonoraenequipo.com.mx\/#\/schema\/logo\/image\/"},"sameAs":["https:\/\/www.facebook.com\/SonoraEE\/","https:\/\/x.com\/sonoraenequipo","https:\/\/www.youtube.com\/channel\/UC338nW-lPEYmJQs4ZABQ1SQ"]},{"@type":"Person","@id":"https:\/\/www.sonoraenequipo.com.mx\/#\/schema\/person\/50102df0fb23a8fa9e8effad8fa81386","name":"enequipo","image":{"@type":"ImageObject","inLanguage":"es","@id":"https:\/\/www.sonoraenequipo.com.mx\/#\/schema\/person\/image\/","url":"https:\/\/secure.gravatar.com\/avatar\/049821681b589dabc0bc20695993ccebb09f5b5d4d790cd9251b97faac7c652b?s=96&d=blank&r=g","contentUrl":"https:\/\/secure.gravatar.com\/avatar\/049821681b589dabc0bc20695993ccebb09f5b5d4d790cd9251b97faac7c652b?s=96&d=blank&r=g","caption":"enequipo"},"sameAs":["https:\/\/www.facebook.com\/SonoraEE"]}]}},"jetpack_featured_media_url":"https:\/\/www.sonoraenequipo.com.mx\/storage\/2026\/04\/pri-jornada.jpg","_links":{"self":[{"href":"https:\/\/www.sonoraenequipo.com.mx\/api\/wp\/v2\/posts\/240882","targetHints":{"allow":["GET"]}}],"collection":[{"href":"https:\/\/www.sonoraenequipo.com.mx\/api\/wp\/v2\/posts"}],"about":[{"href":"https:\/\/www.sonoraenequipo.com.mx\/api\/wp\/v2\/types\/post"}],"author":[{"embeddable":true,"href":"https:\/\/www.sonoraenequipo.com.mx\/api\/wp\/v2\/users\/1"}],"replies":[{"embeddable":true,"href":"https:\/\/www.sonoraenequipo.com.mx\/api\/wp\/v2\/comments?post=240882"}],"version-history":[{"count":1,"href":"https:\/\/www.sonoraenequipo.com.mx\/api\/wp\/v2\/posts\/240882\/revisions"}],"predecessor-version":[{"id":240884,"href":"https:\/\/www.sonoraenequipo.com.mx\/api\/wp\/v2\/posts\/240882\/revisions\/240884"}],"wp:featuredmedia":[{"embeddable":true,"href":"https:\/\/www.sonoraenequipo.com.mx\/api\/wp\/v2\/media\/240883"}],"wp:attachment":[{"href":"https:\/\/www.sonoraenequipo.com.mx\/api\/wp\/v2\/media?parent=240882"}],"wp:term":[{"taxonomy":"category","embeddable":true,"href":"https:\/\/www.sonoraenequipo.com.mx\/api\/wp\/v2\/categories?post=240882"},{"taxonomy":"post_tag","embeddable":true,"href":"https:\/\/www.sonoraenequipo.com.mx\/api\/wp\/v2\/tags?post=240882"}],"curies":[{"name":"wp","href":"https:\/\/api.w.org\/{rel}","templated":true}]}}