{"id":240888,"date":"2026-04-29T20:08:22","date_gmt":"2026-04-30T03:08:22","guid":{"rendered":"https:\/\/www.sonoraenequipo.com.mx\/?p=240888"},"modified":"2026-04-29T21:16:15","modified_gmt":"2026-04-30T04:16:15","slug":"salud-sonora-llama-a-prevenir-riesgos-a-la-salud-mental-infantil-por-uso-de-redes-sociales-y-electronicos","status":"publish","type":"post","link":"https:\/\/www.sonoraenequipo.com.mx\/salud-sonora-llama-a-prevenir-riesgos-a-la-salud-mental-infantil-por-uso-de-redes-sociales-y-electronicos\/","title":{"rendered":"Salud Sonora llama a prevenir riesgos a la salud mental infantil por uso de redes sociales y electr\u00f3nicos"},"content":{"rendered":"<p><strong>HERMOSILLO, SONORA, MX. \u2014<\/strong> En el marco del D\u00eda del Ni\u00f1o, el Gobierno de Sonora, a trav\u00e9s de la Secretar\u00eda de Salud P\u00fablica (SSP) y de la Direcci\u00f3n de Salud Mental y Adicciones, hizo un llamado a madres, padres y cuidadores a supervisar y regular el uso de dispositivos electr\u00f3nicos y redes sociales en menores de edad, con el fin de prevenir afectaciones a su salud mental.<\/p>\n<p>&nbsp;<\/p>\n<p>&nbsp;<\/p>\n<p>&nbsp;<\/p>\n<p>El titular de la Direcci\u00f3n de Salud Mental y Adicciones, Antonio Noriega Escalante, se\u00f1al\u00f3 que es fundamental respetar las edades recomendadas para el uso de plataformas digitales, ya que muchas redes sociales no est\u00e1n dise\u00f1adas para ni\u00f1as y ni\u00f1os. Advirti\u00f3 que, a nivel internacional, existe preocupaci\u00f3n por los efectos del acceso temprano a estas herramientas, especialmente por riesgos como el ciberacoso, el grooming y la exposici\u00f3n a contenidos inapropiados.<\/p>\n<p>&nbsp;<\/p>\n<p>&nbsp;<\/p>\n<p>&nbsp;<\/p>\n<p>Explic\u00f3 que, aunque los dispositivos electr\u00f3nicos no son da\u00f1inos por s\u00ed mismos, el problema radica en el uso sin supervisi\u00f3n y en la falta de l\u00edmites. Subray\u00f3 que, en algunos casos, estos aparatos se utilizan como sustitutos de la crianza, lo que puede derivar en dificultades para el seguimiento de instrucciones, conductas oposicionistas y problemas de comportamiento.<\/p>\n<p>&nbsp;<\/p>\n<p>&nbsp;<\/p>\n<p>&nbsp;<\/p>\n<p>Asimismo, indic\u00f3 que el uso excesivo de pantallas a edades tempranas puede impactar en el desarrollo de la psicomotricidad fina, lo que influye en el aprendizaje y en el desarrollo integral de ni\u00f1as y ni\u00f1os. Adem\u00e1s, alert\u00f3 que, en entornos digitales como redes sociales y videojuegos, los menores pueden ser v\u00edctimas de acoso, manipulaci\u00f3n o incluso intentos de reclutamiento por parte de adultos con malas intenciones.<\/p>\n<p>&nbsp;<\/p>\n<p>&nbsp;<\/p>\n<p>&nbsp;<\/p>\n<p>Finalmente, enfatiz\u00f3 que la exposici\u00f3n constante a interacciones negativas en l\u00ednea puede generar baja autoestima, ansiedad y depresi\u00f3n en la ni\u00f1ez, al confundir la realidad con lo que ocurre en el entorno digital. Por ello, reiter\u00f3 la importancia de fomentar una crianza activa, con reglas claras, acompa\u00f1amiento constante y un uso responsable de la tecnolog\u00eda en el hogar.<\/p>\n<p><strong>Fecha de publicaci\u00f3n mi\u00e9rcoles 29 de abril de 2026<\/strong><\/p>\n","protected":false},"excerpt":{"rendered":"<p>HERMOSILLO, SONORA, MX. \u2014 En el marco del D\u00eda del Ni\u00f1o, el Gobierno de Sonora,&#8230;<\/p>\n","protected":false},"author":1,"featured_media":240889,"comment_status":"open","ping_status":"open","sticky":false,"template":"","format":"standard","meta":{"_monsterinsights_skip_tracking":false,"_monsterinsights_sitenote_active":false,"_monsterinsights_sitenote_note":"","_monsterinsights_sitenote_category":0,"footnotes":""},"categories":[22],"tags":[2110],"class_list":["post"],"yoast_head":" \n<title>Sonora en Equipo. Salud Sonora llama a prevenir riesgos a la salud mental infantil por uso de redes sociales y electr\u00f3nicos Sonora<\/title>\n<meta name=\"description\" content=\"HERMOSILLO, SONORA, MX. \u2014 En el marco del D\u00eda del Ni\u00f1o, el Gobierno de Sonora, a trav\u00e9s de la Secretar\u00eda de Salud P\u00fablica (SSP) y de la Direcci\u00f3n de Salud En Sonora en Equipo publicamos toda la informaci\u00f3n de Sonora, M\u00e9xico y el Mundo de manera oportuna y busca que la libertad de expresi\u00f3n sea real. Visita nuestro medio informativo publicado desde Hermosillo, Sonora. %\" \/>\n<meta name=\"robots\" content=\"index, follow, max-snippet:-1, max-image-preview:large, max-video-preview:-1\" \/>\n<link rel=\"canonical\" href=\"https:\/\/www.sonoraenequipo.com.mx\/salud-sonora-llama-a-prevenir-riesgos-a-la-salud-mental-infantil-por-uso-de-redes-sociales-y-electronicos\/\" \/>\n<meta property=\"og:locale\" content=\"es_ES\" \/>\n<meta property=\"og:type\" content=\"article\" \/>\n<meta property=\"og:title\" content=\"Sonora en Equipo. Salud Sonora llama a prevenir riesgos a la salud mental infantil por uso de redes sociales y electr\u00f3nicos Sonora\" \/>\n<meta property=\"og:description\" content=\"HERMOSILLO, SONORA, MX. \u2014 En el marco del D\u00eda del Ni\u00f1o, el Gobierno de Sonora, a trav\u00e9s de la Secretar\u00eda de Salud P\u00fablica (SSP) y de la Direcci\u00f3n de Salud En Sonora en Equipo publicamos toda la informaci\u00f3n de Sonora, M\u00e9xico y el Mundo de manera oportuna y busca que la libertad de expresi\u00f3n sea real. Visita nuestro medio informativo publicado desde Hermosillo, Sonora. %\" \/>\n<meta property=\"og:url\" content=\"https:\/\/www.sonoraenequipo.com.mx\/salud-sonora-llama-a-prevenir-riesgos-a-la-salud-mental-infantil-por-uso-de-redes-sociales-y-electronicos\/\" \/>\n<meta property=\"og:site_name\" content=\"Sonora en Equipo.\" \/>\n<meta property=\"article:publisher\" content=\"https:\/\/www.facebook.com\/SonoraEE\/\" \/>\n<meta property=\"article:author\" content=\"https:\/\/www.facebook.com\/SonoraEE\" \/>\n<meta property=\"article:published_time\" content=\"2026-04-30T03:08:22+00:00\" \/>\n<meta property=\"article:modified_time\" content=\"2026-04-30T04:16:15+00:00\" \/>\n<meta property=\"og:image\" content=\"https:\/\/www.sonoraenequipo.com.mx\/storage\/2026\/04\/dispositivos-electronicos.jpg\" \/>\n\t<meta property=\"og:image:width\" content=\"600\" \/>\n\t<meta property=\"og:image:height\" content=\"400\" \/>\n\t<meta property=\"og:image:type\" content=\"image\/jpeg\" \/>\n<meta name=\"author\" content=\"enequipo\" \/>\n<meta name=\"twitter:card\" content=\"summary_large_image\" \/>\n<meta name=\"twitter:creator\" content=\"@sonoraenequipo\" \/>\n<meta name=\"twitter:site\" content=\"@sonoraenequipo\" \/>\n<meta name=\"twitter:label1\" content=\"Escrito por\" \/>\n\t<meta name=\"twitter:data1\" content=\"enequipo\" \/>\n\t<meta name=\"twitter:label2\" content=\"Tiempo de lectura\" \/>\n\t<meta name=\"twitter:data2\" content=\"2 minutos\" \/>\n<script type=\"application\/ld+json\" class=\"yoast-schema-graph\">{\"@context\":\"https:\/\/schema.org\",\"@graph\":[{\"@type\":\"Article\",\"@id\":\"https:\/\/www.sonoraenequipo.com.mx\/salud-sonora-llama-a-prevenir-riesgos-a-la-salud-mental-infantil-por-uso-de-redes-sociales-y-electronicos\/#article\",\"isPartOf\":{\"@id\":\"https:\/\/www.sonoraenequipo.com.mx\/salud-sonora-llama-a-prevenir-riesgos-a-la-salud-mental-infantil-por-uso-de-redes-sociales-y-electronicos\/\"},\"author\":{\"name\":\"enequipo\",\"@id\":\"https:\/\/www.sonoraenequipo.com.mx\/#\/schema\/person\/50102df0fb23a8fa9e8effad8fa81386\"},\"headline\":\"Salud Sonora llama a prevenir riesgos a la salud mental infantil por uso de redes sociales y electr\u00f3nicos\",\"datePublished\":\"2026-04-30T03:08:22+00:00\",\"dateModified\":\"2026-04-30T04:16:15+00:00\",\"mainEntityOfPage\":{\"@id\":\"https:\/\/www.sonoraenequipo.com.mx\/salud-sonora-llama-a-prevenir-riesgos-a-la-salud-mental-infantil-por-uso-de-redes-sociales-y-electronicos\/\"},\"wordCount\":386,\"commentCount\":0,\"publisher\":{\"@id\":\"https:\/\/www.sonoraenequipo.com.mx\/#organization\"},\"image\":{\"@id\":\"https:\/\/www.sonoraenequipo.com.mx\/salud-sonora-llama-a-prevenir-riesgos-a-la-salud-mental-infantil-por-uso-de-redes-sociales-y-electronicos\/#primaryimage\"},\"thumbnailUrl\":\"https:\/\/www.sonoraenequipo.com.mx\/storage\/2026\/04\/dispositivos-electronicos.jpg\",\"keywords\":[\"Salud Mental\"],\"articleSection\":[\"Sonora\"],\"inLanguage\":\"es\",\"potentialAction\":[{\"@type\":\"CommentAction\",\"name\":\"Comment\",\"target\":[\"https:\/\/www.sonoraenequipo.com.mx\/salud-sonora-llama-a-prevenir-riesgos-a-la-salud-mental-infantil-por-uso-de-redes-sociales-y-electronicos\/#respond\"]}]},{\"@type\":\"WebPage\",\"@id\":\"https:\/\/www.sonoraenequipo.com.mx\/salud-sonora-llama-a-prevenir-riesgos-a-la-salud-mental-infantil-por-uso-de-redes-sociales-y-electronicos\/\",\"url\":\"https:\/\/www.sonoraenequipo.com.mx\/salud-sonora-llama-a-prevenir-riesgos-a-la-salud-mental-infantil-por-uso-de-redes-sociales-y-electronicos\/\",\"name\":\"Sonora en Equipo. Salud Sonora llama a prevenir riesgos a la salud mental infantil por uso de redes sociales y electr\u00f3nicos Sonora\",\"isPartOf\":{\"@id\":\"https:\/\/www.sonoraenequipo.com.mx\/#website\"},\"primaryImageOfPage\":{\"@id\":\"https:\/\/www.sonoraenequipo.com.mx\/salud-sonora-llama-a-prevenir-riesgos-a-la-salud-mental-infantil-por-uso-de-redes-sociales-y-electronicos\/#primaryimage\"},\"image\":{\"@id\":\"https:\/\/www.sonoraenequipo.com.mx\/salud-sonora-llama-a-prevenir-riesgos-a-la-salud-mental-infantil-por-uso-de-redes-sociales-y-electronicos\/#primaryimage\"},\"thumbnailUrl\":\"https:\/\/www.sonoraenequipo.com.mx\/storage\/2026\/04\/dispositivos-electronicos.jpg\",\"datePublished\":\"2026-04-30T03:08:22+00:00\",\"dateModified\":\"2026-04-30T04:16:15+00:00\",\"description\":\"HERMOSILLO, SONORA, MX. \u2014 En el marco del D\u00eda del Ni\u00f1o, el Gobierno de Sonora, a trav\u00e9s de la Secretar\u00eda de Salud P\u00fablica (SSP) y de la Direcci\u00f3n de Salud En Sonora en Equipo publicamos toda la informaci\u00f3n de Sonora, M\u00e9xico y el Mundo de manera oportuna y busca que la libertad de expresi\u00f3n sea real. Visita nuestro medio informativo publicado desde Hermosillo, Sonora. %\",\"breadcrumb\":{\"@id\":\"https:\/\/www.sonoraenequipo.com.mx\/salud-sonora-llama-a-prevenir-riesgos-a-la-salud-mental-infantil-por-uso-de-redes-sociales-y-electronicos\/#breadcrumb\"},\"inLanguage\":\"es\",\"potentialAction\":[{\"@type\":\"ReadAction\",\"target\":[\"https:\/\/www.sonoraenequipo.com.mx\/salud-sonora-llama-a-prevenir-riesgos-a-la-salud-mental-infantil-por-uso-de-redes-sociales-y-electronicos\/\"]}]},{\"@type\":\"ImageObject\",\"inLanguage\":\"es\",\"@id\":\"https:\/\/www.sonoraenequipo.com.mx\/salud-sonora-llama-a-prevenir-riesgos-a-la-salud-mental-infantil-por-uso-de-redes-sociales-y-electronicos\/#primaryimage\",\"url\":\"https:\/\/www.sonoraenequipo.com.mx\/storage\/2026\/04\/dispositivos-electronicos.jpg\",\"contentUrl\":\"https:\/\/www.sonoraenequipo.com.mx\/storage\/2026\/04\/dispositivos-electronicos.jpg\",\"width\":600,\"height\":400},{\"@type\":\"BreadcrumbList\",\"@id\":\"https:\/\/www.sonoraenequipo.com.mx\/salud-sonora-llama-a-prevenir-riesgos-a-la-salud-mental-infantil-por-uso-de-redes-sociales-y-electronicos\/#breadcrumb\",\"itemListElement\":[{\"@type\":\"ListItem\",\"position\":1,\"name\":\"Portada\",\"item\":\"https:\/\/www.sonoraenequipo.com.mx\/\"},{\"@type\":\"ListItem\",\"position\":2,\"name\":\"Salud Sonora llama a prevenir riesgos a la salud mental infantil por uso de redes sociales y electr\u00f3nicos\"}]},{\"@type\":\"WebSite\",\"@id\":\"https:\/\/www.sonoraenequipo.com.mx\/#website\",\"url\":\"https:\/\/www.sonoraenequipo.com.mx\/\",\"name\":\"Sonora en Equipo.\",\"description\":\"Diario en l\u00ednea con Noticias desde Hermosillo, Sonora\",\"publisher\":{\"@id\":\"https:\/\/www.sonoraenequipo.com.mx\/#organization\"},\"potentialAction\":[{\"@type\":\"SearchAction\",\"target\":{\"@type\":\"EntryPoint\",\"urlTemplate\":\"https:\/\/www.sonoraenequipo.com.mx\/?s={search_term_string}\"},\"query-input\":{\"@type\":\"PropertyValueSpecification\",\"valueRequired\":true,\"valueName\":\"search_term_string\"}}],\"inLanguage\":\"es\"},{\"@type\":\"Organization\",\"@id\":\"https:\/\/www.sonoraenequipo.com.mx\/#organization\",\"name\":\"Sonoraenequipo.com.mx\",\"url\":\"https:\/\/www.sonoraenequipo.com.mx\/\",\"logo\":{\"@type\":\"ImageObject\",\"inLanguage\":\"es\",\"@id\":\"https:\/\/www.sonoraenequipo.com.mx\/#\/schema\/logo\/image\/\",\"url\":\"https:\/\/www.sonoraenequipo.com.mx\/storage\/2019\/01\/sonoraenequipo_opt.png\",\"contentUrl\":\"https:\/\/www.sonoraenequipo.com.mx\/storage\/2019\/01\/sonoraenequipo_opt.png\",\"width\":375,\"height\":125,\"caption\":\"Sonoraenequipo.com.mx\"},\"image\":{\"@id\":\"https:\/\/www.sonoraenequipo.com.mx\/#\/schema\/logo\/image\/\"},\"sameAs\":[\"https:\/\/www.facebook.com\/SonoraEE\/\",\"https:\/\/x.com\/sonoraenequipo\",\"https:\/\/www.youtube.com\/channel\/UC338nW-lPEYmJQs4ZABQ1SQ\"]},{\"@type\":\"Person\",\"@id\":\"https:\/\/www.sonoraenequipo.com.mx\/#\/schema\/person\/50102df0fb23a8fa9e8effad8fa81386\",\"name\":\"enequipo\",\"image\":{\"@type\":\"ImageObject\",\"inLanguage\":\"es\",\"@id\":\"https:\/\/www.sonoraenequipo.com.mx\/#\/schema\/person\/image\/\",\"url\":\"https:\/\/secure.gravatar.com\/avatar\/049821681b589dabc0bc20695993ccebb09f5b5d4d790cd9251b97faac7c652b?s=96&d=blank&r=g\",\"contentUrl\":\"https:\/\/secure.gravatar.com\/avatar\/049821681b589dabc0bc20695993ccebb09f5b5d4d790cd9251b97faac7c652b?s=96&d=blank&r=g\",\"caption\":\"enequipo\"},\"sameAs\":[\"https:\/\/www.facebook.com\/SonoraEE\"]}]}<\/script>\n ","yoast_head_json":{"title":"Sonora en Equipo. Salud Sonora llama a prevenir riesgos a la salud mental infantil por uso de redes sociales y electr\u00f3nicos Sonora","description":"HERMOSILLO, SONORA, MX. \u2014 En el marco del D\u00eda del Ni\u00f1o, el Gobierno de Sonora, a trav\u00e9s de la Secretar\u00eda de Salud P\u00fablica (SSP) y de la Direcci\u00f3n de Salud En Sonora en Equipo publicamos toda la informaci\u00f3n de Sonora, M\u00e9xico y el Mundo de manera oportuna y busca que la libertad de expresi\u00f3n sea real. Visita nuestro medio informativo publicado desde Hermosillo, Sonora. %","robots":{"index":"index","follow":"follow","max-snippet":"max-snippet:-1","max-image-preview":"max-image-preview:large","max-video-preview":"max-video-preview:-1"},"canonical":"https:\/\/www.sonoraenequipo.com.mx\/salud-sonora-llama-a-prevenir-riesgos-a-la-salud-mental-infantil-por-uso-de-redes-sociales-y-electronicos\/","og_locale":"es_ES","og_type":"article","og_title":"Sonora en Equipo. Salud Sonora llama a prevenir riesgos a la salud mental infantil por uso de redes sociales y electr\u00f3nicos Sonora","og_description":"HERMOSILLO, SONORA, MX. \u2014 En el marco del D\u00eda del Ni\u00f1o, el Gobierno de Sonora, a trav\u00e9s de la Secretar\u00eda de Salud P\u00fablica (SSP) y de la Direcci\u00f3n de Salud En Sonora en Equipo publicamos toda la informaci\u00f3n de Sonora, M\u00e9xico y el Mundo de manera oportuna y busca que la libertad de expresi\u00f3n sea real. Visita nuestro medio informativo publicado desde Hermosillo, Sonora. %","og_url":"https:\/\/www.sonoraenequipo.com.mx\/salud-sonora-llama-a-prevenir-riesgos-a-la-salud-mental-infantil-por-uso-de-redes-sociales-y-electronicos\/","og_site_name":"Sonora en Equipo.","article_publisher":"https:\/\/www.facebook.com\/SonoraEE\/","article_author":"https:\/\/www.facebook.com\/SonoraEE","article_published_time":"2026-04-30T03:08:22+00:00","article_modified_time":"2026-04-30T04:16:15+00:00","og_image":[{"width":600,"height":400,"url":"https:\/\/www.sonoraenequipo.com.mx\/storage\/2026\/04\/dispositivos-electronicos.jpg","type":"image\/jpeg"}],"author":"enequipo","twitter_card":"summary_large_image","twitter_creator":"@sonoraenequipo","twitter_site":"@sonoraenequipo","twitter_misc":{"Escrito por":"enequipo","Tiempo de lectura":"2 minutos"},"schema":{"@context":"https:\/\/schema.org","@graph":[{"@type":"Article","@id":"https:\/\/www.sonoraenequipo.com.mx\/salud-sonora-llama-a-prevenir-riesgos-a-la-salud-mental-infantil-por-uso-de-redes-sociales-y-electronicos\/#article","isPartOf":{"@id":"https:\/\/www.sonoraenequipo.com.mx\/salud-sonora-llama-a-prevenir-riesgos-a-la-salud-mental-infantil-por-uso-de-redes-sociales-y-electronicos\/"},"author":{"name":"enequipo","@id":"https:\/\/www.sonoraenequipo.com.mx\/#\/schema\/person\/50102df0fb23a8fa9e8effad8fa81386"},"headline":"Salud Sonora llama a prevenir riesgos a la salud mental infantil por uso de redes sociales y electr\u00f3nicos","datePublished":"2026-04-30T03:08:22+00:00","dateModified":"2026-04-30T04:16:15+00:00","mainEntityOfPage":{"@id":"https:\/\/www.sonoraenequipo.com.mx\/salud-sonora-llama-a-prevenir-riesgos-a-la-salud-mental-infantil-por-uso-de-redes-sociales-y-electronicos\/"},"wordCount":386,"commentCount":0,"publisher":{"@id":"https:\/\/www.sonoraenequipo.com.mx\/#organization"},"image":{"@id":"https:\/\/www.sonoraenequipo.com.mx\/salud-sonora-llama-a-prevenir-riesgos-a-la-salud-mental-infantil-por-uso-de-redes-sociales-y-electronicos\/#primaryimage"},"thumbnailUrl":"https:\/\/www.sonoraenequipo.com.mx\/storage\/2026\/04\/dispositivos-electronicos.jpg","keywords":["Salud Mental"],"articleSection":["Sonora"],"inLanguage":"es","potentialAction":[{"@type":"CommentAction","name":"Comment","target":["https:\/\/www.sonoraenequipo.com.mx\/salud-sonora-llama-a-prevenir-riesgos-a-la-salud-mental-infantil-por-uso-de-redes-sociales-y-electronicos\/#respond"]}]},{"@type":"WebPage","@id":"https:\/\/www.sonoraenequipo.com.mx\/salud-sonora-llama-a-prevenir-riesgos-a-la-salud-mental-infantil-por-uso-de-redes-sociales-y-electronicos\/","url":"https:\/\/www.sonoraenequipo.com.mx\/salud-sonora-llama-a-prevenir-riesgos-a-la-salud-mental-infantil-por-uso-de-redes-sociales-y-electronicos\/","name":"Sonora en Equipo. Salud Sonora llama a prevenir riesgos a la salud mental infantil por uso de redes sociales y electr\u00f3nicos Sonora","isPartOf":{"@id":"https:\/\/www.sonoraenequipo.com.mx\/#website"},"primaryImageOfPage":{"@id":"https:\/\/www.sonoraenequipo.com.mx\/salud-sonora-llama-a-prevenir-riesgos-a-la-salud-mental-infantil-por-uso-de-redes-sociales-y-electronicos\/#primaryimage"},"image":{"@id":"https:\/\/www.sonoraenequipo.com.mx\/salud-sonora-llama-a-prevenir-riesgos-a-la-salud-mental-infantil-por-uso-de-redes-sociales-y-electronicos\/#primaryimage"},"thumbnailUrl":"https:\/\/www.sonoraenequipo.com.mx\/storage\/2026\/04\/dispositivos-electronicos.jpg","datePublished":"2026-04-30T03:08:22+00:00","dateModified":"2026-04-30T04:16:15+00:00","description":"HERMOSILLO, SONORA, MX. \u2014 En el marco del D\u00eda del Ni\u00f1o, el Gobierno de Sonora, a trav\u00e9s de la Secretar\u00eda de Salud P\u00fablica (SSP) y de la Direcci\u00f3n de Salud En Sonora en Equipo publicamos toda la informaci\u00f3n de Sonora, M\u00e9xico y el Mundo de manera oportuna y busca que la libertad de expresi\u00f3n sea real. Visita nuestro medio informativo publicado desde Hermosillo, Sonora. %","breadcrumb":{"@id":"https:\/\/www.sonoraenequipo.com.mx\/salud-sonora-llama-a-prevenir-riesgos-a-la-salud-mental-infantil-por-uso-de-redes-sociales-y-electronicos\/#breadcrumb"},"inLanguage":"es","potentialAction":[{"@type":"ReadAction","target":["https:\/\/www.sonoraenequipo.com.mx\/salud-sonora-llama-a-prevenir-riesgos-a-la-salud-mental-infantil-por-uso-de-redes-sociales-y-electronicos\/"]}]},{"@type":"ImageObject","inLanguage":"es","@id":"https:\/\/www.sonoraenequipo.com.mx\/salud-sonora-llama-a-prevenir-riesgos-a-la-salud-mental-infantil-por-uso-de-redes-sociales-y-electronicos\/#primaryimage","url":"https:\/\/www.sonoraenequipo.com.mx\/storage\/2026\/04\/dispositivos-electronicos.jpg","contentUrl":"https:\/\/www.sonoraenequipo.com.mx\/storage\/2026\/04\/dispositivos-electronicos.jpg","width":600,"height":400},{"@type":"BreadcrumbList","@id":"https:\/\/www.sonoraenequipo.com.mx\/salud-sonora-llama-a-prevenir-riesgos-a-la-salud-mental-infantil-por-uso-de-redes-sociales-y-electronicos\/#breadcrumb","itemListElement":[{"@type":"ListItem","position":1,"name":"Portada","item":"https:\/\/www.sonoraenequipo.com.mx\/"},{"@type":"ListItem","position":2,"name":"Salud Sonora llama a prevenir riesgos a la salud mental infantil por uso de redes sociales y electr\u00f3nicos"}]},{"@type":"WebSite","@id":"https:\/\/www.sonoraenequipo.com.mx\/#website","url":"https:\/\/www.sonoraenequipo.com.mx\/","name":"Sonora en Equipo.","description":"Diario en l\u00ednea con Noticias desde Hermosillo, Sonora","publisher":{"@id":"https:\/\/www.sonoraenequipo.com.mx\/#organization"},"potentialAction":[{"@type":"SearchAction","target":{"@type":"EntryPoint","urlTemplate":"https:\/\/www.sonoraenequipo.com.mx\/?s={search_term_string}"},"query-input":{"@type":"PropertyValueSpecification","valueRequired":true,"valueName":"search_term_string"}}],"inLanguage":"es"},{"@type":"Organization","@id":"https:\/\/www.sonoraenequipo.com.mx\/#organization","name":"Sonoraenequipo.com.mx","url":"https:\/\/www.sonoraenequipo.com.mx\/","logo":{"@type":"ImageObject","inLanguage":"es","@id":"https:\/\/www.sonoraenequipo.com.mx\/#\/schema\/logo\/image\/","url":"https:\/\/www.sonoraenequipo.com.mx\/storage\/2019\/01\/sonoraenequipo_opt.png","contentUrl":"https:\/\/www.sonoraenequipo.com.mx\/storage\/2019\/01\/sonoraenequipo_opt.png","width":375,"height":125,"caption":"Sonoraenequipo.com.mx"},"image":{"@id":"https:\/\/www.sonoraenequipo.com.mx\/#\/schema\/logo\/image\/"},"sameAs":["https:\/\/www.facebook.com\/SonoraEE\/","https:\/\/x.com\/sonoraenequipo","https:\/\/www.youtube.com\/channel\/UC338nW-lPEYmJQs4ZABQ1SQ"]},{"@type":"Person","@id":"https:\/\/www.sonoraenequipo.com.mx\/#\/schema\/person\/50102df0fb23a8fa9e8effad8fa81386","name":"enequipo","image":{"@type":"ImageObject","inLanguage":"es","@id":"https:\/\/www.sonoraenequipo.com.mx\/#\/schema\/person\/image\/","url":"https:\/\/secure.gravatar.com\/avatar\/049821681b589dabc0bc20695993ccebb09f5b5d4d790cd9251b97faac7c652b?s=96&d=blank&r=g","contentUrl":"https:\/\/secure.gravatar.com\/avatar\/049821681b589dabc0bc20695993ccebb09f5b5d4d790cd9251b97faac7c652b?s=96&d=blank&r=g","caption":"enequipo"},"sameAs":["https:\/\/www.facebook.com\/SonoraEE"]}]}},"jetpack_featured_media_url":"https:\/\/www.sonoraenequipo.com.mx\/storage\/2026\/04\/dispositivos-electronicos.jpg","_links":{"self":[{"href":"https:\/\/www.sonoraenequipo.com.mx\/api\/wp\/v2\/posts\/240888","targetHints":{"allow":["GET"]}}],"collection":[{"href":"https:\/\/www.sonoraenequipo.com.mx\/api\/wp\/v2\/posts"}],"about":[{"href":"https:\/\/www.sonoraenequipo.com.mx\/api\/wp\/v2\/types\/post"}],"author":[{"embeddable":true,"href":"https:\/\/www.sonoraenequipo.com.mx\/api\/wp\/v2\/users\/1"}],"replies":[{"embeddable":true,"href":"https:\/\/www.sonoraenequipo.com.mx\/api\/wp\/v2\/comments?post=240888"}],"version-history":[{"count":1,"href":"https:\/\/www.sonoraenequipo.com.mx\/api\/wp\/v2\/posts\/240888\/revisions"}],"predecessor-version":[{"id":240890,"href":"https:\/\/www.sonoraenequipo.com.mx\/api\/wp\/v2\/posts\/240888\/revisions\/240890"}],"wp:featuredmedia":[{"embeddable":true,"href":"https:\/\/www.sonoraenequipo.com.mx\/api\/wp\/v2\/media\/240889"}],"wp:attachment":[{"href":"https:\/\/www.sonoraenequipo.com.mx\/api\/wp\/v2\/media?parent=240888"}],"wp:term":[{"taxonomy":"category","embeddable":true,"href":"https:\/\/www.sonoraenequipo.com.mx\/api\/wp\/v2\/categories?post=240888"},{"taxonomy":"post_tag","embeddable":true,"href":"https:\/\/www.sonoraenequipo.com.mx\/api\/wp\/v2\/tags?post=240888"}],"curies":[{"name":"wp","href":"https:\/\/api.w.org\/{rel}","templated":true}]}}