{"id":240904,"date":"2026-04-30T09:06:34","date_gmt":"2026-04-30T16:06:34","guid":{"rendered":"https:\/\/www.sonoraenequipo.com.mx\/?p=240904"},"modified":"2026-04-30T09:06:34","modified_gmt":"2026-04-30T16:06:34","slug":"la-maestra-leticia-ramirez-entra-a-la-secretaria-del-bienestar","status":"publish","type":"post","link":"https:\/\/www.sonoraenequipo.com.mx\/la-maestra-leticia-ramirez-entra-a-la-secretaria-del-bienestar\/","title":{"rendered":"La maestra Leticia Ram\u00edrez entra a la Secretaria del Bienestar."},"content":{"rendered":"<p><strong>CIUDAD DE M\u00c9XICO. MX. \u2014<\/strong> A Leticia Ram\u00edrez Amaya se la ve\u00eda nerviosa aquel d\u00eda de agosto de 2022 cuando Andr\u00e9s Manuel L\u00f3pez Obrador la lanz\u00f3 al ruedo de la pol\u00edtica nacional. <em><strong>\u201cLeti tiene como profesi\u00f3n ser maestra, dio clases 12 a\u00f1os\u201d,<\/strong><\/em> describi\u00f3 el presidente al explicar por qu\u00e9 su hasta entonces directora de Atenci\u00f3n Ciudadana pasaba a formar parte del gabinete, como titular de la Secretar\u00eda de Educaci\u00f3n P\u00fablica.<\/p>\n<p>&nbsp;<\/p>\n<p>&nbsp;<\/p>\n<p>&nbsp;<\/p>\n<p> <\/p>\n<p>Con estudios de Bachillerato y Normal, una licenciatura trunca y con la lealtad al movimiento como principal atributo, Ram\u00edrez dejaba la discreta oficina que ocupaba en Palacio Nacional para mudarse al monumental edificio de la SEP y ocupar el m\u00edtico despacho de Jos\u00e9 Vasconcelos.<\/p>\n<p>&nbsp;<\/p>\n<p>&nbsp;<\/p>\n<p>&nbsp;<\/p>\n<p>Su primer traspi\u00e9 p\u00fablico ocurri\u00f3 20 d\u00edas despu\u00e9s, cuando en una entrevista transmitida en vivo en la principal televisora del pa\u00eds, la nueva secretaria de Educaci\u00f3n reconoci\u00f3 que no pod\u00eda responder una pregunta elemental sobre el proyecto sexenal conocido como Nueva Escuela Mexicana. \u201c\u00bfC\u00f3mo va a aprender un ni\u00f1o las matem\u00e1ticas en segundo de Primaria, que ya est\u00e1 dentro del nuevo modelo educativo?\u201c, quiso saber la periodista Danielle Dithurbide. Y la respuesta de la funcionaria fue simple: \u201dNo podr\u00eda contestar eso\u201d.<\/p>\n<p>&nbsp;<\/p>\n<p>Leticia Ram\u00edrez hab\u00eda trabajado bajo el cobijo de Andr\u00e9s Manuel L\u00f3pez Obrador en los \u00faltimos 22 a\u00f1os. Fue su directora de Atenci\u00f3n Ciudadana en el Gobierno del Distrito Federal, de 2000 a 2006, y desempe\u00f1\u00f3 la misma funci\u00f3n en la Presidencia, de diciembre de 2018 hasta el 15 de agosto de 2022, el d\u00eda que sustituy\u00f3 a otra maestra al frente de la SEP: Delfina G\u00f3mez, quien renunci\u00f3 para buscar la gubernatura del Estado de M\u00e9xico.<\/p>\n<p>&nbsp;<\/p>\n<p>&nbsp;<\/p>\n<p>La llegada de Ram\u00edrez levant\u00f3 \u00e1mpulas en la oposici\u00f3n y en la opini\u00f3n p\u00fablica, que de por s\u00ed ya criticaba agriamente la gesti\u00f3n de la maestra Delfina y el supuesto desd\u00e9n de L\u00f3pez Obrador por la educaci\u00f3n al colocar a dos maestras al frente del sector, y no a un pol\u00edtico profesional.<\/p>\n<p>&nbsp;<\/p>\n<p>&nbsp;<\/p>\n<p>&nbsp;<\/p>\n<p>Pero esas cr\u00edticas, lejos de hacer dudar al presidente, lo alentaba, pues el perfil de la maestra <strong>\u201cLeti\u201d<\/strong> encajaba a la perfecci\u00f3n con la idea de 90% lealtad y 10% experiencia, con la que dise\u00f1\u00f3 su equipo de Gobierno. \u201cNos conocemos desde hace 28 a\u00f1os. Es una gente de absoluta confianza, preparada, honesta; igual que la maestra Delfina, con convicciones. Fue adem\u00e1s dirigente en la Secci\u00f3n 9 del magisterio, tanto del SNTE como de la CNTE; entonces, es otra maestra la que va a estar a cargo de la SEP\u201d, dijo L\u00f3pez Obrador para defender su decisi\u00f3n.<\/p>\n<p>&nbsp;<\/p>\n<p>&nbsp;<\/p>\n<p>&nbsp;<\/p>\n<p>Otro dato que destacaba en la nueva titular de la SEP era el de su militancia en la Coordinadora Nacional de Trabajadores de la Educaci\u00f3n, disidente del magisterio oficialista que durante d\u00e9cadas lider\u00f3 la maestra Elba Esther Gordillo, y cuyos m\u00e9todos de lucha sacud\u00edan a los m\u00e1s ortodoxos: el plant\u00f3n, la toma de carreteras y las marchas, que no en pocas ocasiones acababan en duros enfrentamientos con la Polic\u00eda. En ese contexto, a Leticia Ram\u00edrez se la conoc\u00eda m\u00e1s por su militancia en grupos mao\u00edstas y su liderazgo en la CNTE, que por su trabajo como maestra normalista, que ejerci\u00f3 durante una d\u00e9cada, hasta que en 1989 ocup\u00f3 su primer cargo sindical.<\/p>\n<p>&nbsp;<\/p>\n<p>&nbsp;<\/p>\n<h3>Obradorista y \u201cclaudista\u201d<\/h3>\n<p>&nbsp;<\/p>\n<p>Leticia Ram\u00edrez conoci\u00f3 a L\u00f3pez Obrador a finales de los 90, cuando el tabasque\u00f1o era dirigente nacional del PRD y ella inici\u00f3 su carrera pol\u00edtica, como militante de ese partido. En el a\u00f1o 2000, L\u00f3pez Obrador fue elegido jefe de Gobierno del Distrito Federal y, al formar su equipo, la eligi\u00f3 para hacerse cargo de una funci\u00f3n que \u00e9l consideraba fundamental: la atenci\u00f3n a los ciudadanos.<\/p>\n<p>&nbsp;<\/p>\n<p>&nbsp;<\/p>\n<p>Ah\u00ed se estrech\u00f3 su relaci\u00f3n con el jefe de Gobierno, pero tambi\u00e9n con otras funcionarias clave del obradorismo, como Rosa Icela Rodr\u00edguez, que entonces era directora general de Participaci\u00f3n Ciudadana y actualmente es secretaria de Gobernaci\u00f3n. En aquel Gobierno de la Ciudad, Leticia Ram\u00edrez conoci\u00f3 tambi\u00e9n a Claudia Sheinbaum, que era la secretaria del Medio Ambiente de L\u00f3pez Obrador.<\/p>\n<p>&nbsp;<\/p>\n<p>&nbsp;<\/p>\n<p>Funcionarios del Gobierno actual ubican el sexenio de L\u00f3pez Obrador al frente de la ciudad (2000-2006) como el punto de encuentro de la actual presidenta con muchas funcionarias que transitaron del obradorismo al claudismo y que hoy ocupan un lugar importante en su administraci\u00f3n, como Rosa Icela Rodr\u00edguez, Ernestina Godoy, Ariadna Montiel, Raquel Buenrostro y Leticia Ram\u00edrez.<strong><em> \u201cQuien quiera leer a Leti Ram\u00edrez como un cuadro o una imposici\u00f3n de L\u00f3pez Obrador, se equivoca. Ella es cercana a los dos; se form\u00f3 con Andr\u00e9s Manuel, pero hoy su lealtad est\u00e1 con la presidenta. Son un mismo equipo\u201d,<\/em><\/strong> refiere el funcionario.<\/p>\n<p>&nbsp;<\/p>\n<p>&nbsp;<\/p>\n<p>En agosto de 2024, cuando Sheinbaum era presidenta electa, anunci\u00f3 la reestructuraci\u00f3n de la Oficina de la Presidencia y cre\u00f3 la Coordinaci\u00f3n General de Asuntos Intergubernamentales y de Participaci\u00f3n Social, que recay\u00f3 en la entonces secretaria de Educaci\u00f3n P\u00fablica, Leticia Ram\u00edrez, quien trabajar\u00eda bajo la tutela de L\u00e1zaro C\u00e1rdenas Batel, jefe de la oficina. Su misi\u00f3n era coordinar al gabinete y todas las \u00e1reas del Gobierno federal para alinear las pol\u00edticas p\u00fablicas y los programas. Le reconocen su disciplina y buen trato, y la presidenta dijo recientemente que \u201cla ayud\u00f3 mucho\u201d en este primer a\u00f1o y medio del sexenio.<\/p>\n<p>&nbsp;<\/p>\n<p>&nbsp;<\/p>\n<p>Cuando anunci\u00f3 que Leticia Ram\u00edrez ser\u00eda la nueva secretaria del Bienestar, Sheinbaum destac\u00f3 su lealtad al movimiento con una frase: <strong><em>\u201cEs una compa\u00f1era a la que conocemos desde hace muchos a\u00f1os, desde el trabajo que hac\u00edamos casa por casa\u201d.<\/em><\/strong> Su decisi\u00f3n la anunci\u00f3 el martes por la tarde, luego de encabezar una reuni\u00f3n con los 32 delegados de Programas del Bienestar, los operadores territoriales y l\u00edderes de la poderosa maquinaria conocida como Servidores de la Naci\u00f3n, encargada de repartir miles de millones de pesos del erario a los beneficiarios de los programas sociales, el sello distintivo de la Cuarta Transformaci\u00f3n.<\/p>\n<p>&nbsp;<\/p>\n<p>&nbsp;<\/p>\n<p>&nbsp;<\/p>\n<p>El evento celebrado en Palacio Nacional no fue un mero anuncio protocolario, como los que hace la presidenta en sus conferencias ma\u00f1aneras cada que cambia a un funcionario, sino un traspaso de mando, de Ariadna Montiel a Leticia Ram\u00edrez. Con su decisi\u00f3n, la presidenta ha enviado un mensaje claro: el manejo de los programas seguir\u00e1 en manos de una operadora pol\u00edtica y una militante de larga data en el movimiento obradorista.<\/p>\n<p>&nbsp;<\/p>\n<p>&nbsp;<\/p>\n<p>Caracter\u00edsticas que comparten Montiel y Ram\u00edrez, la exsecretaria que ahora dirigir\u00e1 el partido, y la exfuncionaria discreta que, nuevamente, adquirir\u00e1 relevancia pol\u00edtica y estar\u00e1 bajo el escrutinio de la opini\u00f3n p\u00fablica, de cara a las elecciones de 2027. Al menos en el papel, ella deber\u00eda impedir que los programas sociales se usen con fines pol\u00edticos.<\/p>\n<p>&nbsp;<\/p>\n<p>&nbsp;<\/p>\n<p>PUBLICADO EL 30 DE ABRIL 2026 Con informaci\u00f3n de Ernesto N\u00fa\u00f1ez)<\/p>\n","protected":false},"excerpt":{"rendered":"<p>CIUDAD DE M\u00c9XICO. MX. \u2014 A Leticia Ram\u00edrez Amaya se la ve\u00eda nerviosa aquel d\u00eda&#8230;<\/p>\n","protected":false},"author":1,"featured_media":240899,"comment_status":"open","ping_status":"open","sticky":false,"template":"","format":"standard","meta":{"_monsterinsights_skip_tracking":false,"_monsterinsights_sitenote_active":false,"_monsterinsights_sitenote_note":"","_monsterinsights_sitenote_category":0,"footnotes":""},"categories":[5],"tags":[],"class_list":["post"],"yoast_head":" \n<title>Sonora en Equipo. La maestra Leticia Ram\u00edrez entra a la Secretaria del Bienestar. Rep\u00fablica<\/title>\n<meta name=\"description\" content=\"CIUDAD DE M\u00c9XICO. MX. \u2014 A Leticia Ram\u00edrez Amaya se la ve\u00eda nerviosa aquel d\u00eda de agosto de 2022 cuando Andr\u00e9s Manuel L\u00f3pez Obrador la lanz\u00f3 al ruedo de la En Sonora en Equipo publicamos toda la informaci\u00f3n de Sonora, M\u00e9xico y el Mundo de manera oportuna y busca que la libertad de expresi\u00f3n sea real. Visita nuestro medio informativo publicado desde Hermosillo, Sonora. %\" \/>\n<meta name=\"robots\" content=\"index, follow, max-snippet:-1, max-image-preview:large, max-video-preview:-1\" \/>\n<link rel=\"canonical\" href=\"https:\/\/www.sonoraenequipo.com.mx\/la-maestra-leticia-ramirez-entra-a-la-secretaria-del-bienestar\/\" \/>\n<meta property=\"og:locale\" content=\"es_ES\" \/>\n<meta property=\"og:type\" content=\"article\" \/>\n<meta property=\"og:title\" content=\"Sonora en Equipo. La maestra Leticia Ram\u00edrez entra a la Secretaria del Bienestar. Rep\u00fablica\" \/>\n<meta property=\"og:description\" content=\"CIUDAD DE M\u00c9XICO. MX. \u2014 A Leticia Ram\u00edrez Amaya se la ve\u00eda nerviosa aquel d\u00eda de agosto de 2022 cuando Andr\u00e9s Manuel L\u00f3pez Obrador la lanz\u00f3 al ruedo de la En Sonora en Equipo publicamos toda la informaci\u00f3n de Sonora, M\u00e9xico y el Mundo de manera oportuna y busca que la libertad de expresi\u00f3n sea real. Visita nuestro medio informativo publicado desde Hermosillo, Sonora. %\" \/>\n<meta property=\"og:url\" content=\"https:\/\/www.sonoraenequipo.com.mx\/la-maestra-leticia-ramirez-entra-a-la-secretaria-del-bienestar\/\" \/>\n<meta property=\"og:site_name\" content=\"Sonora en Equipo.\" \/>\n<meta property=\"article:publisher\" content=\"https:\/\/www.facebook.com\/SonoraEE\/\" \/>\n<meta property=\"article:author\" content=\"https:\/\/www.facebook.com\/SonoraEE\" \/>\n<meta property=\"article:published_time\" content=\"2026-04-30T16:06:34+00:00\" \/>\n<meta property=\"og:image\" content=\"https:\/\/www.sonoraenequipo.com.mx\/storage\/2026\/04\/Lety-Ramirez.-coordinara-la-Secretaria-del-Bienestar-1.jpg\" \/>\n\t<meta property=\"og:image:width\" content=\"1000\" \/>\n\t<meta property=\"og:image:height\" content=\"676\" \/>\n\t<meta property=\"og:image:type\" content=\"image\/jpeg\" \/>\n<meta name=\"author\" content=\"enequipo\" \/>\n<meta name=\"twitter:card\" content=\"summary_large_image\" \/>\n<meta name=\"twitter:creator\" content=\"@sonoraenequipo\" \/>\n<meta name=\"twitter:site\" content=\"@sonoraenequipo\" \/>\n<meta name=\"twitter:label1\" content=\"Escrito por\" \/>\n\t<meta name=\"twitter:data1\" content=\"enequipo\" \/>\n\t<meta name=\"twitter:label2\" content=\"Tiempo de lectura\" \/>\n\t<meta name=\"twitter:data2\" content=\"6 minutos\" \/>\n<script type=\"application\/ld+json\" class=\"yoast-schema-graph\">{\"@context\":\"https:\/\/schema.org\",\"@graph\":[{\"@type\":\"Article\",\"@id\":\"https:\/\/www.sonoraenequipo.com.mx\/la-maestra-leticia-ramirez-entra-a-la-secretaria-del-bienestar\/#article\",\"isPartOf\":{\"@id\":\"https:\/\/www.sonoraenequipo.com.mx\/la-maestra-leticia-ramirez-entra-a-la-secretaria-del-bienestar\/\"},\"author\":{\"name\":\"enequipo\",\"@id\":\"https:\/\/www.sonoraenequipo.com.mx\/#\/schema\/person\/50102df0fb23a8fa9e8effad8fa81386\"},\"headline\":\"La maestra Leticia Ram\u00edrez entra a la Secretaria del Bienestar.\",\"datePublished\":\"2026-04-30T16:06:34+00:00\",\"mainEntityOfPage\":{\"@id\":\"https:\/\/www.sonoraenequipo.com.mx\/la-maestra-leticia-ramirez-entra-a-la-secretaria-del-bienestar\/\"},\"wordCount\":1241,\"commentCount\":0,\"publisher\":{\"@id\":\"https:\/\/www.sonoraenequipo.com.mx\/#organization\"},\"image\":{\"@id\":\"https:\/\/www.sonoraenequipo.com.mx\/la-maestra-leticia-ramirez-entra-a-la-secretaria-del-bienestar\/#primaryimage\"},\"thumbnailUrl\":\"https:\/\/www.sonoraenequipo.com.mx\/storage\/2026\/04\/Lety-Ramirez.-coordinara-la-Secretaria-del-Bienestar-1.jpg\",\"articleSection\":[\"Rep\u00fablica\"],\"inLanguage\":\"es\",\"potentialAction\":[{\"@type\":\"CommentAction\",\"name\":\"Comment\",\"target\":[\"https:\/\/www.sonoraenequipo.com.mx\/la-maestra-leticia-ramirez-entra-a-la-secretaria-del-bienestar\/#respond\"]}]},{\"@type\":\"WebPage\",\"@id\":\"https:\/\/www.sonoraenequipo.com.mx\/la-maestra-leticia-ramirez-entra-a-la-secretaria-del-bienestar\/\",\"url\":\"https:\/\/www.sonoraenequipo.com.mx\/la-maestra-leticia-ramirez-entra-a-la-secretaria-del-bienestar\/\",\"name\":\"Sonora en Equipo. La maestra Leticia Ram\u00edrez entra a la Secretaria del Bienestar. Rep\u00fablica\",\"isPartOf\":{\"@id\":\"https:\/\/www.sonoraenequipo.com.mx\/#website\"},\"primaryImageOfPage\":{\"@id\":\"https:\/\/www.sonoraenequipo.com.mx\/la-maestra-leticia-ramirez-entra-a-la-secretaria-del-bienestar\/#primaryimage\"},\"image\":{\"@id\":\"https:\/\/www.sonoraenequipo.com.mx\/la-maestra-leticia-ramirez-entra-a-la-secretaria-del-bienestar\/#primaryimage\"},\"thumbnailUrl\":\"https:\/\/www.sonoraenequipo.com.mx\/storage\/2026\/04\/Lety-Ramirez.-coordinara-la-Secretaria-del-Bienestar-1.jpg\",\"datePublished\":\"2026-04-30T16:06:34+00:00\",\"description\":\"CIUDAD DE M\u00c9XICO. MX. \u2014 A Leticia Ram\u00edrez Amaya se la ve\u00eda nerviosa aquel d\u00eda de agosto de 2022 cuando Andr\u00e9s Manuel L\u00f3pez Obrador la lanz\u00f3 al ruedo de la En Sonora en Equipo publicamos toda la informaci\u00f3n de Sonora, M\u00e9xico y el Mundo de manera oportuna y busca que la libertad de expresi\u00f3n sea real. Visita nuestro medio informativo publicado desde Hermosillo, Sonora. %\",\"breadcrumb\":{\"@id\":\"https:\/\/www.sonoraenequipo.com.mx\/la-maestra-leticia-ramirez-entra-a-la-secretaria-del-bienestar\/#breadcrumb\"},\"inLanguage\":\"es\",\"potentialAction\":[{\"@type\":\"ReadAction\",\"target\":[\"https:\/\/www.sonoraenequipo.com.mx\/la-maestra-leticia-ramirez-entra-a-la-secretaria-del-bienestar\/\"]}]},{\"@type\":\"ImageObject\",\"inLanguage\":\"es\",\"@id\":\"https:\/\/www.sonoraenequipo.com.mx\/la-maestra-leticia-ramirez-entra-a-la-secretaria-del-bienestar\/#primaryimage\",\"url\":\"https:\/\/www.sonoraenequipo.com.mx\/storage\/2026\/04\/Lety-Ramirez.-coordinara-la-Secretaria-del-Bienestar-1.jpg\",\"contentUrl\":\"https:\/\/www.sonoraenequipo.com.mx\/storage\/2026\/04\/Lety-Ramirez.-coordinara-la-Secretaria-del-Bienestar-1.jpg\",\"width\":1000,\"height\":676},{\"@type\":\"BreadcrumbList\",\"@id\":\"https:\/\/www.sonoraenequipo.com.mx\/la-maestra-leticia-ramirez-entra-a-la-secretaria-del-bienestar\/#breadcrumb\",\"itemListElement\":[{\"@type\":\"ListItem\",\"position\":1,\"name\":\"Portada\",\"item\":\"https:\/\/www.sonoraenequipo.com.mx\/\"},{\"@type\":\"ListItem\",\"position\":2,\"name\":\"La maestra Leticia Ram\u00edrez entra a la Secretaria del Bienestar.\"}]},{\"@type\":\"WebSite\",\"@id\":\"https:\/\/www.sonoraenequipo.com.mx\/#website\",\"url\":\"https:\/\/www.sonoraenequipo.com.mx\/\",\"name\":\"Sonora en Equipo.\",\"description\":\"Diario en l\u00ednea con Noticias desde Hermosillo, Sonora\",\"publisher\":{\"@id\":\"https:\/\/www.sonoraenequipo.com.mx\/#organization\"},\"potentialAction\":[{\"@type\":\"SearchAction\",\"target\":{\"@type\":\"EntryPoint\",\"urlTemplate\":\"https:\/\/www.sonoraenequipo.com.mx\/?s={search_term_string}\"},\"query-input\":{\"@type\":\"PropertyValueSpecification\",\"valueRequired\":true,\"valueName\":\"search_term_string\"}}],\"inLanguage\":\"es\"},{\"@type\":\"Organization\",\"@id\":\"https:\/\/www.sonoraenequipo.com.mx\/#organization\",\"name\":\"Sonoraenequipo.com.mx\",\"url\":\"https:\/\/www.sonoraenequipo.com.mx\/\",\"logo\":{\"@type\":\"ImageObject\",\"inLanguage\":\"es\",\"@id\":\"https:\/\/www.sonoraenequipo.com.mx\/#\/schema\/logo\/image\/\",\"url\":\"https:\/\/www.sonoraenequipo.com.mx\/storage\/2019\/01\/sonoraenequipo_opt.png\",\"contentUrl\":\"https:\/\/www.sonoraenequipo.com.mx\/storage\/2019\/01\/sonoraenequipo_opt.png\",\"width\":375,\"height\":125,\"caption\":\"Sonoraenequipo.com.mx\"},\"image\":{\"@id\":\"https:\/\/www.sonoraenequipo.com.mx\/#\/schema\/logo\/image\/\"},\"sameAs\":[\"https:\/\/www.facebook.com\/SonoraEE\/\",\"https:\/\/x.com\/sonoraenequipo\",\"https:\/\/www.youtube.com\/channel\/UC338nW-lPEYmJQs4ZABQ1SQ\"]},{\"@type\":\"Person\",\"@id\":\"https:\/\/www.sonoraenequipo.com.mx\/#\/schema\/person\/50102df0fb23a8fa9e8effad8fa81386\",\"name\":\"enequipo\",\"image\":{\"@type\":\"ImageObject\",\"inLanguage\":\"es\",\"@id\":\"https:\/\/www.sonoraenequipo.com.mx\/#\/schema\/person\/image\/\",\"url\":\"https:\/\/secure.gravatar.com\/avatar\/049821681b589dabc0bc20695993ccebb09f5b5d4d790cd9251b97faac7c652b?s=96&d=blank&r=g\",\"contentUrl\":\"https:\/\/secure.gravatar.com\/avatar\/049821681b589dabc0bc20695993ccebb09f5b5d4d790cd9251b97faac7c652b?s=96&d=blank&r=g\",\"caption\":\"enequipo\"},\"sameAs\":[\"https:\/\/www.facebook.com\/SonoraEE\"]}]}<\/script>\n ","yoast_head_json":{"title":"Sonora en Equipo. La maestra Leticia Ram\u00edrez entra a la Secretaria del Bienestar. Rep\u00fablica","description":"CIUDAD DE M\u00c9XICO. MX. \u2014 A Leticia Ram\u00edrez Amaya se la ve\u00eda nerviosa aquel d\u00eda de agosto de 2022 cuando Andr\u00e9s Manuel L\u00f3pez Obrador la lanz\u00f3 al ruedo de la En Sonora en Equipo publicamos toda la informaci\u00f3n de Sonora, M\u00e9xico y el Mundo de manera oportuna y busca que la libertad de expresi\u00f3n sea real. Visita nuestro medio informativo publicado desde Hermosillo, Sonora. %","robots":{"index":"index","follow":"follow","max-snippet":"max-snippet:-1","max-image-preview":"max-image-preview:large","max-video-preview":"max-video-preview:-1"},"canonical":"https:\/\/www.sonoraenequipo.com.mx\/la-maestra-leticia-ramirez-entra-a-la-secretaria-del-bienestar\/","og_locale":"es_ES","og_type":"article","og_title":"Sonora en Equipo. La maestra Leticia Ram\u00edrez entra a la Secretaria del Bienestar. Rep\u00fablica","og_description":"CIUDAD DE M\u00c9XICO. MX. \u2014 A Leticia Ram\u00edrez Amaya se la ve\u00eda nerviosa aquel d\u00eda de agosto de 2022 cuando Andr\u00e9s Manuel L\u00f3pez Obrador la lanz\u00f3 al ruedo de la En Sonora en Equipo publicamos toda la informaci\u00f3n de Sonora, M\u00e9xico y el Mundo de manera oportuna y busca que la libertad de expresi\u00f3n sea real. Visita nuestro medio informativo publicado desde Hermosillo, Sonora. %","og_url":"https:\/\/www.sonoraenequipo.com.mx\/la-maestra-leticia-ramirez-entra-a-la-secretaria-del-bienestar\/","og_site_name":"Sonora en Equipo.","article_publisher":"https:\/\/www.facebook.com\/SonoraEE\/","article_author":"https:\/\/www.facebook.com\/SonoraEE","article_published_time":"2026-04-30T16:06:34+00:00","og_image":[{"width":1000,"height":676,"url":"https:\/\/www.sonoraenequipo.com.mx\/storage\/2026\/04\/Lety-Ramirez.-coordinara-la-Secretaria-del-Bienestar-1.jpg","type":"image\/jpeg"}],"author":"enequipo","twitter_card":"summary_large_image","twitter_creator":"@sonoraenequipo","twitter_site":"@sonoraenequipo","twitter_misc":{"Escrito por":"enequipo","Tiempo de lectura":"6 minutos"},"schema":{"@context":"https:\/\/schema.org","@graph":[{"@type":"Article","@id":"https:\/\/www.sonoraenequipo.com.mx\/la-maestra-leticia-ramirez-entra-a-la-secretaria-del-bienestar\/#article","isPartOf":{"@id":"https:\/\/www.sonoraenequipo.com.mx\/la-maestra-leticia-ramirez-entra-a-la-secretaria-del-bienestar\/"},"author":{"name":"enequipo","@id":"https:\/\/www.sonoraenequipo.com.mx\/#\/schema\/person\/50102df0fb23a8fa9e8effad8fa81386"},"headline":"La maestra Leticia Ram\u00edrez entra a la Secretaria del Bienestar.","datePublished":"2026-04-30T16:06:34+00:00","mainEntityOfPage":{"@id":"https:\/\/www.sonoraenequipo.com.mx\/la-maestra-leticia-ramirez-entra-a-la-secretaria-del-bienestar\/"},"wordCount":1241,"commentCount":0,"publisher":{"@id":"https:\/\/www.sonoraenequipo.com.mx\/#organization"},"image":{"@id":"https:\/\/www.sonoraenequipo.com.mx\/la-maestra-leticia-ramirez-entra-a-la-secretaria-del-bienestar\/#primaryimage"},"thumbnailUrl":"https:\/\/www.sonoraenequipo.com.mx\/storage\/2026\/04\/Lety-Ramirez.-coordinara-la-Secretaria-del-Bienestar-1.jpg","articleSection":["Rep\u00fablica"],"inLanguage":"es","potentialAction":[{"@type":"CommentAction","name":"Comment","target":["https:\/\/www.sonoraenequipo.com.mx\/la-maestra-leticia-ramirez-entra-a-la-secretaria-del-bienestar\/#respond"]}]},{"@type":"WebPage","@id":"https:\/\/www.sonoraenequipo.com.mx\/la-maestra-leticia-ramirez-entra-a-la-secretaria-del-bienestar\/","url":"https:\/\/www.sonoraenequipo.com.mx\/la-maestra-leticia-ramirez-entra-a-la-secretaria-del-bienestar\/","name":"Sonora en Equipo. La maestra Leticia Ram\u00edrez entra a la Secretaria del Bienestar. Rep\u00fablica","isPartOf":{"@id":"https:\/\/www.sonoraenequipo.com.mx\/#website"},"primaryImageOfPage":{"@id":"https:\/\/www.sonoraenequipo.com.mx\/la-maestra-leticia-ramirez-entra-a-la-secretaria-del-bienestar\/#primaryimage"},"image":{"@id":"https:\/\/www.sonoraenequipo.com.mx\/la-maestra-leticia-ramirez-entra-a-la-secretaria-del-bienestar\/#primaryimage"},"thumbnailUrl":"https:\/\/www.sonoraenequipo.com.mx\/storage\/2026\/04\/Lety-Ramirez.-coordinara-la-Secretaria-del-Bienestar-1.jpg","datePublished":"2026-04-30T16:06:34+00:00","description":"CIUDAD DE M\u00c9XICO. MX. \u2014 A Leticia Ram\u00edrez Amaya se la ve\u00eda nerviosa aquel d\u00eda de agosto de 2022 cuando Andr\u00e9s Manuel L\u00f3pez Obrador la lanz\u00f3 al ruedo de la En Sonora en Equipo publicamos toda la informaci\u00f3n de Sonora, M\u00e9xico y el Mundo de manera oportuna y busca que la libertad de expresi\u00f3n sea real. Visita nuestro medio informativo publicado desde Hermosillo, Sonora. %","breadcrumb":{"@id":"https:\/\/www.sonoraenequipo.com.mx\/la-maestra-leticia-ramirez-entra-a-la-secretaria-del-bienestar\/#breadcrumb"},"inLanguage":"es","potentialAction":[{"@type":"ReadAction","target":["https:\/\/www.sonoraenequipo.com.mx\/la-maestra-leticia-ramirez-entra-a-la-secretaria-del-bienestar\/"]}]},{"@type":"ImageObject","inLanguage":"es","@id":"https:\/\/www.sonoraenequipo.com.mx\/la-maestra-leticia-ramirez-entra-a-la-secretaria-del-bienestar\/#primaryimage","url":"https:\/\/www.sonoraenequipo.com.mx\/storage\/2026\/04\/Lety-Ramirez.-coordinara-la-Secretaria-del-Bienestar-1.jpg","contentUrl":"https:\/\/www.sonoraenequipo.com.mx\/storage\/2026\/04\/Lety-Ramirez.-coordinara-la-Secretaria-del-Bienestar-1.jpg","width":1000,"height":676},{"@type":"BreadcrumbList","@id":"https:\/\/www.sonoraenequipo.com.mx\/la-maestra-leticia-ramirez-entra-a-la-secretaria-del-bienestar\/#breadcrumb","itemListElement":[{"@type":"ListItem","position":1,"name":"Portada","item":"https:\/\/www.sonoraenequipo.com.mx\/"},{"@type":"ListItem","position":2,"name":"La maestra Leticia Ram\u00edrez entra a la Secretaria del Bienestar."}]},{"@type":"WebSite","@id":"https:\/\/www.sonoraenequipo.com.mx\/#website","url":"https:\/\/www.sonoraenequipo.com.mx\/","name":"Sonora en Equipo.","description":"Diario en l\u00ednea con Noticias desde Hermosillo, Sonora","publisher":{"@id":"https:\/\/www.sonoraenequipo.com.mx\/#organization"},"potentialAction":[{"@type":"SearchAction","target":{"@type":"EntryPoint","urlTemplate":"https:\/\/www.sonoraenequipo.com.mx\/?s={search_term_string}"},"query-input":{"@type":"PropertyValueSpecification","valueRequired":true,"valueName":"search_term_string"}}],"inLanguage":"es"},{"@type":"Organization","@id":"https:\/\/www.sonoraenequipo.com.mx\/#organization","name":"Sonoraenequipo.com.mx","url":"https:\/\/www.sonoraenequipo.com.mx\/","logo":{"@type":"ImageObject","inLanguage":"es","@id":"https:\/\/www.sonoraenequipo.com.mx\/#\/schema\/logo\/image\/","url":"https:\/\/www.sonoraenequipo.com.mx\/storage\/2019\/01\/sonoraenequipo_opt.png","contentUrl":"https:\/\/www.sonoraenequipo.com.mx\/storage\/2019\/01\/sonoraenequipo_opt.png","width":375,"height":125,"caption":"Sonoraenequipo.com.mx"},"image":{"@id":"https:\/\/www.sonoraenequipo.com.mx\/#\/schema\/logo\/image\/"},"sameAs":["https:\/\/www.facebook.com\/SonoraEE\/","https:\/\/x.com\/sonoraenequipo","https:\/\/www.youtube.com\/channel\/UC338nW-lPEYmJQs4ZABQ1SQ"]},{"@type":"Person","@id":"https:\/\/www.sonoraenequipo.com.mx\/#\/schema\/person\/50102df0fb23a8fa9e8effad8fa81386","name":"enequipo","image":{"@type":"ImageObject","inLanguage":"es","@id":"https:\/\/www.sonoraenequipo.com.mx\/#\/schema\/person\/image\/","url":"https:\/\/secure.gravatar.com\/avatar\/049821681b589dabc0bc20695993ccebb09f5b5d4d790cd9251b97faac7c652b?s=96&d=blank&r=g","contentUrl":"https:\/\/secure.gravatar.com\/avatar\/049821681b589dabc0bc20695993ccebb09f5b5d4d790cd9251b97faac7c652b?s=96&d=blank&r=g","caption":"enequipo"},"sameAs":["https:\/\/www.facebook.com\/SonoraEE"]}]}},"jetpack_featured_media_url":"https:\/\/www.sonoraenequipo.com.mx\/storage\/2026\/04\/Lety-Ramirez.-coordinara-la-Secretaria-del-Bienestar-1.jpg","_links":{"self":[{"href":"https:\/\/www.sonoraenequipo.com.mx\/api\/wp\/v2\/posts\/240904","targetHints":{"allow":["GET"]}}],"collection":[{"href":"https:\/\/www.sonoraenequipo.com.mx\/api\/wp\/v2\/posts"}],"about":[{"href":"https:\/\/www.sonoraenequipo.com.mx\/api\/wp\/v2\/types\/post"}],"author":[{"embeddable":true,"href":"https:\/\/www.sonoraenequipo.com.mx\/api\/wp\/v2\/users\/1"}],"replies":[{"embeddable":true,"href":"https:\/\/www.sonoraenequipo.com.mx\/api\/wp\/v2\/comments?post=240904"}],"version-history":[{"count":1,"href":"https:\/\/www.sonoraenequipo.com.mx\/api\/wp\/v2\/posts\/240904\/revisions"}],"predecessor-version":[{"id":240905,"href":"https:\/\/www.sonoraenequipo.com.mx\/api\/wp\/v2\/posts\/240904\/revisions\/240905"}],"wp:featuredmedia":[{"embeddable":true,"href":"https:\/\/www.sonoraenequipo.com.mx\/api\/wp\/v2\/media\/240899"}],"wp:attachment":[{"href":"https:\/\/www.sonoraenequipo.com.mx\/api\/wp\/v2\/media?parent=240904"}],"wp:term":[{"taxonomy":"category","embeddable":true,"href":"https:\/\/www.sonoraenequipo.com.mx\/api\/wp\/v2\/categories?post=240904"},{"taxonomy":"post_tag","embeddable":true,"href":"https:\/\/www.sonoraenequipo.com.mx\/api\/wp\/v2\/tags?post=240904"}],"curies":[{"name":"wp","href":"https:\/\/api.w.org\/{rel}","templated":true}]}}