{"id":240906,"date":"2026-04-29T23:48:42","date_gmt":"2026-04-30T06:48:42","guid":{"rendered":"https:\/\/www.sonoraenequipo.com.mx\/?p=240906"},"modified":"2026-04-30T09:30:03","modified_gmt":"2026-04-30T16:30:03","slug":"detenida-en-venezuela-erika-maria-herrera-acusada-por-el-homicidio-de-su-nuera-carolina-flores-gomez","status":"publish","type":"post","link":"https:\/\/www.sonoraenequipo.com.mx\/detenida-en-venezuela-erika-maria-herrera-acusada-por-el-homicidio-de-su-nuera-carolina-flores-gomez\/","title":{"rendered":"Detenida en Venezuela Erika Mar\u00eda Herrera, acusada por el homicidio de su nuera, Carolina Flores G\u00f3mez"},"content":{"rendered":"<p><strong>CIUDAD DE M\u00c9XICO.MX.\u2014\u00a0 <\/strong>Erika Mar\u00eda N ha sido aprehendida este mi\u00e9rcoles en Venezuela, despu\u00e9s de que se emitiera una ficha roja de Interpol, acusada por el feminicidio de Carolina Flores G\u00f3mez, seg\u00fan ha dado a conocer la Fiscal\u00eda de Ciudad de M\u00e9xico.<\/p>\n<p>&nbsp;<\/p>\n<p>&nbsp;<\/p>\n<p> <\/p>\n<p>La mujer, de 63 a\u00f1os, estaba pr\u00f3fuga desde el 15 de abril, cuando presuntamente asesin\u00f3 a tiros a su nuera en su departamento en la adinerada zona capitalina de Polanco sin que nadie escuchara nada. El momento en que la ex Miss Baja California fue asesinada con seis disparos por su suegra fue grabado a trav\u00e9s de una c\u00e1mara con sensor de movimiento para vigilar a su beb\u00e9.<\/p>\n<p>&nbsp;<\/p>\n<p>&nbsp;<\/p>\n<p>El crimen fue perpetrado en la tranquilidad de su hogar, con su esposo, Alejandro N, y su peque\u00f1o de ocho meses presentes. La indignaci\u00f3n y controversia alrededor del caso creci\u00f3 debido a que la pareja de la modelo realiz\u00f3 la denuncia a las autoridades casi un d\u00eda despu\u00e9s de haberse cometido el crimen.<\/p>\n<p>&nbsp;<\/p>\n<p>&nbsp;<\/p>\n<p>De acuerdo con la informaci\u00f3n dada a conocer por el Ministerio P\u00fablico, Erika Mar\u00eda N fue detenida el pasado viernes 24 por el delito de resistencia a la autoridad en Caracas, la capital de Venezuela. Seg\u00fan informaci\u00f3n oficial, ingres\u00f3 a la mencionada ciudad el 16 de abril, un d\u00eda despu\u00e9s de haber cometido el crimen v\u00eda Panam\u00e1.<em><strong> \u201cLa persona detenida se encuentra bajo custodia de las autoridades de ese pa\u00eds [Venezuela], en tanto se realizan las gestiones necesarias para formalizar su extradici\u00f3n a M\u00e9xico\u201d<\/strong><\/em>, detalla un comunicado de la Fiscal\u00edca capitalina.<\/p>\n<p>&nbsp;<\/p>\n<p>&nbsp;<\/p>\n<p>Un video que se filtr\u00f3 a medios locales siete d\u00edas despu\u00e9s, el pasado 22 de abril, muestra el momento en que se comete el asesinato en el interior del domicilio de la pareja. En este metraje de 45 segundos, se ve a G\u00f3mez y a Erika Mar\u00eda N tener un intercambio de palabras inentendible.<\/p>\n<p>&nbsp;<\/p>\n<p>&nbsp;<\/p>\n<p>&nbsp;<\/p>\n<p>Posteriormente, la modelo se dirige a una habitaci\u00f3n y se ve a su suegra ir detr\u00e1s de ella. Salen del cuadro de la c\u00e1mara y se escuchan seis detonaciones de un arma y varios gritos.<em><strong> \u201c\u00bfQu\u00e9 fue eso?\u201d<\/strong><\/em>, dice Alejandro N, quien aparece cargando al hijo de ambos y se dirige a la misma habitaci\u00f3n donde las dos mujeres entraron. Se lo ve de espalda frente a la entrada al cuarto y le cuestiona a su madre: <em><strong>\u201c\u00bfQu\u00e9 hiciste, loca?<\/strong><\/em>\u201d<em><strong>. \u201cNada, es que me hizo enojar\u201d,<\/strong><\/em> se escucha a Erika Mar\u00eda N responder con tono calmado.<em><strong> \u201c\u00bfQu\u00e9 te pasa, loca? Es mi familia\u00bb<\/strong><\/em>, replica el hombre.<em><strong> \u201cTu familia es m\u00eda. T\u00fa eres m\u00edo y ella te rob\u00f3\u201d<\/strong><\/em>, contesta la progenitora, a quien se ve abandonar sola el cuarto al cual entr\u00f3 junto a G\u00f3mez.<\/p>\n<p>&nbsp;<\/p>\n<p>&nbsp;<\/p>\n<p>&nbsp;<\/p>\n<p>Reyna Flores Molina, madre de Carolina, cont\u00f3 en una entrevista con Univisi\u00f3n que no percibi\u00f3 ninguna conducta por parte de su consuegra que podr\u00eda haberla hecho sospechar de que iba a lastimar o acabar con la vida de su hija. Cuenta que desde que G\u00f3mez Flores y Alejandro N se mudaron a la capital en diciembre pasado de Ensenada, en Baja California, la relaci\u00f3n con Erika Mar\u00eda N comenz\u00f3 a tensarse. <em><strong>\u201cEllos viv\u00edan en Ensenada con la suegra [su hija y Alejandro N]. S\u00ed, me comentaba cada que ten\u00edan alg\u00fan tipo de malentendido. Todo empez\u00f3 a agravarse cuando ella iba a tener a su beb\u00e9\u201d,<\/strong><\/em> revel\u00f3 Flores.<\/p>\n<blockquote class=\"twitter-tweet\" data-width=\"550\" data-dnt=\"true\">\n<p lang=\"es\" dir=\"ltr\">Detenida en Venezuela probable responsable de feminicidio cometido en la alcald\u00eda Miguel Hidalgo<\/p>\n<p>La Fiscal\u00eda General de Justicia de la Ciudad de M\u00e9xico (Fiscal\u00eda CDMX) informa que, en coordinaci\u00f3n con autoridades de la Rep\u00fablica Bolivariana de Venezuela, fue detenida Erika Mar\u00eda\u2026 <a href=\"https:\/\/t.co\/3TDW5dZGDT\">pic.twitter.com\/3TDW5dZGDT<\/a><\/p>\n<p>&mdash; Fiscal\u00eda CDMX (@FiscaliaCDMX) <a href=\"https:\/\/twitter.com\/FiscaliaCDMX\/status\/2049722255827992678?ref_src=twsrc%5Etfw\">April 30, 2026<\/a><\/p><\/blockquote>\n<p><script async src=\"https:\/\/platform.twitter.com\/widgets.js\" charset=\"utf-8\"><\/script><\/p>\n<p>Las inc\u00f3gnitas alrededor del homicidio han indignado a los mexicanos en un nuevo caso que est\u00e1 siendo investigado como feminicidio, en el que la reacci\u00f3n de las autoridades ha sido cuestionada. Una de las primeras inc\u00f3gnitas alrededor de la investigaci\u00f3n es el testimonio del guardia de seguridad nocturno del edificio, quien, de acuerdo con las pesquisas, afirm\u00f3 no haber escuchado una detonaci\u00f3n ni ruidos inusuales. La segunda duda que surge alrededor del caso es la declaraci\u00f3n del esposo. Este no hizo la denuncia sobre la muerte de su pareja hasta el d\u00eda siguiente, cuando se present\u00f3 en la Fiscal\u00eda de Ciudad de M\u00e9xico.<\/p>\n<p>&nbsp;<\/p>\n<p>&nbsp;<\/p>\n<p>La madre de Carolina cont\u00f3 que recibi\u00f3 una llamada de Alejandro N alrededor del mediod\u00eda del 16 de abril. <strong><em>\u201cLe dije: \u2018\u00bfC\u00f3mo est\u00e1 la Caro?\u2019.<\/em><\/strong> Fue en ese momento que me dijo que estaba muerta. Empec\u00e9 a gritar como loca. A lo lejos se escuchaba la voz de una mujer. Me dijo: <strong><em>\u2018Se\u00f1ora, estoy en la Fiscal\u00eda y me est\u00e1n hablando, es que mi mam\u00e1 [Erika Mar\u00eda N] le dispar\u00f3\u201c,<\/em><\/strong> relata Flores Molina.<\/p>\n<p>&nbsp;<\/p>\n<p>&nbsp;<\/p>\n<p>Fue en esa misma conversaci\u00f3n cuando la madre de la exreina de belleza le cuestion\u00f3: <strong><em>\u201cAlex, \u00bft\u00fa estabas con el beb\u00e9, textualmente, y la Caro estaba ah\u00ed tirada?<\/em><\/strong>. \u00c9l me dijo: <em><strong>\u2018\u00bfEs en serio su pregunta?\u2019<\/strong><\/em>. Le dije: \u2018<em><strong>Claro que es en serio. \u00bfC\u00f3mo pudiste estar con ella tanto tiempo y ella ah\u00ed tirada?\u201c.<\/strong><\/em><\/p>\n<p>&nbsp;<\/p>\n<p>Familias de v\u00edctimas de feminicidio protestan contra la Fiscal\u00eda de Ciudad de M\u00e9xico:<strong><em> \u201cBertha, da la cara. Nos est\u00e1n matando\u201d<\/em><\/strong><\/p>\n<p>&nbsp;<\/p>\n<p>&nbsp;<\/p>\n<p>Lizette Due\u00f1as, presidenta de la Colectiva Diamantina Rosa, dijo que la explicaci\u00f3n que Alejandro N dio fue que su esposa y \u00e9l ten\u00edan un acuerdo, en el que si algo les pasaba a uno o al otro, solo ellos pod\u00edan hacerse cargo del ni\u00f1o y que ninguna de las abuelas se iba a hacer responsable del peque\u00f1o<em><strong>. \u201cLo que \u00e9l supuestamente hace en esas horas [entre el asesinato de Carolina y la denuncia] es grabar videos porque pensaba que iba a ser detenido. Se pone a grabar videos para dar instrucciones de c\u00f3mo cuidar a su hijo\u201d,<\/strong><\/em> dijo Due\u00f1as.<\/p>\n<p>&nbsp;<\/p>\n<p>&nbsp;<\/p>\n<p>G\u00f3mez destac\u00f3 en el \u00e1mbito de los cert\u00e1menes de belleza desde muy temprana edad.<strong> Naci\u00f3 el 4 de abril de 1999<\/strong> y, a los 17 a\u00f1os, comenz\u00f3 a ganar reconocimiento al participar en distintos concursos. En 2017, fue coronada como Miss Teen Universe Baja California, t\u00edtulo con el que represent\u00f3 a su Estado en la contienda nacional, lo que la consolid\u00f3 como una de las j\u00f3venes promesas dentro del mundo de la belleza en M\u00e9xico.<\/p>\n<p>&nbsp;<\/p>\n<p>&nbsp;<\/p>\n<p>&nbsp;<\/p>\n<p>PUBLICADO EL 29 DE ABRIL 2026 Con informaci\u00f3n de Andr\u00e9s Rodr\u00edguez)<\/p>\n","protected":false},"excerpt":{"rendered":"<p>CIUDAD DE M\u00c9XICO.MX.\u2014\u00a0 Erika Mar\u00eda N ha sido aprehendida este mi\u00e9rcoles en Venezuela, despu\u00e9s de&#8230;<\/p>\n","protected":false},"author":1,"featured_media":240900,"comment_status":"open","ping_status":"open","sticky":false,"template":"","format":"standard","meta":{"_monsterinsights_skip_tracking":false,"_monsterinsights_sitenote_active":false,"_monsterinsights_sitenote_note":"","_monsterinsights_sitenote_category":0,"footnotes":""},"categories":[3144,5],"tags":[],"class_list":["post"],"yoast_head":" \n<title>Sonora en Equipo. Detenida en Venezuela Erika Mar\u00eda Herrera, acusada por el homicidio de su nuera, Carolina Flores G\u00f3mez Rep\u00fablica<\/title>\n<meta name=\"description\" content=\"CIUDAD DE M\u00c9XICO.MX.\u2014\u00a0 Erika Mar\u00eda N ha sido aprehendida este mi\u00e9rcoles en Venezuela, despu\u00e9s de que se emitiera una ficha roja de Interpol, acusada por En Sonora en Equipo publicamos toda la informaci\u00f3n de Sonora, M\u00e9xico y el Mundo de manera oportuna y busca que la libertad de expresi\u00f3n sea real. Visita nuestro medio informativo publicado desde Hermosillo, Sonora. %\" \/>\n<meta name=\"robots\" content=\"index, follow, max-snippet:-1, max-image-preview:large, max-video-preview:-1\" \/>\n<link rel=\"canonical\" href=\"https:\/\/www.sonoraenequipo.com.mx\/detenida-en-venezuela-erika-maria-herrera-acusada-por-el-homicidio-de-su-nuera-carolina-flores-gomez\/\" \/>\n<meta property=\"og:locale\" content=\"es_ES\" \/>\n<meta property=\"og:type\" content=\"article\" \/>\n<meta property=\"og:title\" content=\"Sonora en Equipo. Detenida en Venezuela Erika Mar\u00eda Herrera, acusada por el homicidio de su nuera, Carolina Flores G\u00f3mez Rep\u00fablica\" \/>\n<meta property=\"og:description\" content=\"CIUDAD DE M\u00c9XICO.MX.\u2014\u00a0 Erika Mar\u00eda N ha sido aprehendida este mi\u00e9rcoles en Venezuela, despu\u00e9s de que se emitiera una ficha roja de Interpol, acusada por En Sonora en Equipo publicamos toda la informaci\u00f3n de Sonora, M\u00e9xico y el Mundo de manera oportuna y busca que la libertad de expresi\u00f3n sea real. Visita nuestro medio informativo publicado desde Hermosillo, Sonora. %\" \/>\n<meta property=\"og:url\" content=\"https:\/\/www.sonoraenequipo.com.mx\/detenida-en-venezuela-erika-maria-herrera-acusada-por-el-homicidio-de-su-nuera-carolina-flores-gomez\/\" \/>\n<meta property=\"og:site_name\" content=\"Sonora en Equipo.\" \/>\n<meta property=\"article:publisher\" content=\"https:\/\/www.facebook.com\/SonoraEE\/\" \/>\n<meta property=\"article:author\" content=\"https:\/\/www.facebook.com\/SonoraEE\" \/>\n<meta property=\"article:published_time\" content=\"2026-04-30T06:48:42+00:00\" \/>\n<meta property=\"article:modified_time\" content=\"2026-04-30T16:30:03+00:00\" \/>\n<meta property=\"og:image\" content=\"https:\/\/www.sonoraenequipo.com.mx\/storage\/2026\/04\/Erica-Maria-Herrera-1.jpg\" \/>\n\t<meta property=\"og:image:width\" content=\"807\" \/>\n\t<meta property=\"og:image:height\" content=\"871\" \/>\n\t<meta property=\"og:image:type\" content=\"image\/jpeg\" \/>\n<meta name=\"author\" content=\"enequipo\" \/>\n<meta name=\"twitter:card\" content=\"summary_large_image\" \/>\n<meta name=\"twitter:creator\" content=\"@sonoraenequipo\" \/>\n<meta name=\"twitter:site\" content=\"@sonoraenequipo\" \/>\n<meta name=\"twitter:label1\" content=\"Escrito por\" \/>\n\t<meta name=\"twitter:data1\" content=\"enequipo\" \/>\n\t<meta name=\"twitter:label2\" content=\"Tiempo de lectura\" \/>\n\t<meta name=\"twitter:data2\" content=\"5 minutos\" \/>\n<script type=\"application\/ld+json\" class=\"yoast-schema-graph\">{\"@context\":\"https:\/\/schema.org\",\"@graph\":[{\"@type\":\"Article\",\"@id\":\"https:\/\/www.sonoraenequipo.com.mx\/detenida-en-venezuela-erika-maria-herrera-acusada-por-el-homicidio-de-su-nuera-carolina-flores-gomez\/#article\",\"isPartOf\":{\"@id\":\"https:\/\/www.sonoraenequipo.com.mx\/detenida-en-venezuela-erika-maria-herrera-acusada-por-el-homicidio-de-su-nuera-carolina-flores-gomez\/\"},\"author\":{\"name\":\"enequipo\",\"@id\":\"https:\/\/www.sonoraenequipo.com.mx\/#\/schema\/person\/50102df0fb23a8fa9e8effad8fa81386\"},\"headline\":\"Detenida en Venezuela Erika Mar\u00eda Herrera, acusada por el homicidio de su nuera, Carolina Flores G\u00f3mez\",\"datePublished\":\"2026-04-30T06:48:42+00:00\",\"dateModified\":\"2026-04-30T16:30:03+00:00\",\"mainEntityOfPage\":{\"@id\":\"https:\/\/www.sonoraenequipo.com.mx\/detenida-en-venezuela-erika-maria-herrera-acusada-por-el-homicidio-de-su-nuera-carolina-flores-gomez\/\"},\"wordCount\":1107,\"commentCount\":0,\"publisher\":{\"@id\":\"https:\/\/www.sonoraenequipo.com.mx\/#organization\"},\"image\":{\"@id\":\"https:\/\/www.sonoraenequipo.com.mx\/detenida-en-venezuela-erika-maria-herrera-acusada-por-el-homicidio-de-su-nuera-carolina-flores-gomez\/#primaryimage\"},\"thumbnailUrl\":\"https:\/\/www.sonoraenequipo.com.mx\/storage\/2026\/04\/Erica-Maria-Herrera-1.jpg\",\"articleSection\":[\"Polic\u00edaca\",\"Rep\u00fablica\"],\"inLanguage\":\"es\",\"potentialAction\":[{\"@type\":\"CommentAction\",\"name\":\"Comment\",\"target\":[\"https:\/\/www.sonoraenequipo.com.mx\/detenida-en-venezuela-erika-maria-herrera-acusada-por-el-homicidio-de-su-nuera-carolina-flores-gomez\/#respond\"]}]},{\"@type\":\"WebPage\",\"@id\":\"https:\/\/www.sonoraenequipo.com.mx\/detenida-en-venezuela-erika-maria-herrera-acusada-por-el-homicidio-de-su-nuera-carolina-flores-gomez\/\",\"url\":\"https:\/\/www.sonoraenequipo.com.mx\/detenida-en-venezuela-erika-maria-herrera-acusada-por-el-homicidio-de-su-nuera-carolina-flores-gomez\/\",\"name\":\"Sonora en Equipo. Detenida en Venezuela Erika Mar\u00eda Herrera, acusada por el homicidio de su nuera, Carolina Flores G\u00f3mez Rep\u00fablica\",\"isPartOf\":{\"@id\":\"https:\/\/www.sonoraenequipo.com.mx\/#website\"},\"primaryImageOfPage\":{\"@id\":\"https:\/\/www.sonoraenequipo.com.mx\/detenida-en-venezuela-erika-maria-herrera-acusada-por-el-homicidio-de-su-nuera-carolina-flores-gomez\/#primaryimage\"},\"image\":{\"@id\":\"https:\/\/www.sonoraenequipo.com.mx\/detenida-en-venezuela-erika-maria-herrera-acusada-por-el-homicidio-de-su-nuera-carolina-flores-gomez\/#primaryimage\"},\"thumbnailUrl\":\"https:\/\/www.sonoraenequipo.com.mx\/storage\/2026\/04\/Erica-Maria-Herrera-1.jpg\",\"datePublished\":\"2026-04-30T06:48:42+00:00\",\"dateModified\":\"2026-04-30T16:30:03+00:00\",\"description\":\"CIUDAD DE M\u00c9XICO.MX.\u2014\u00a0 Erika Mar\u00eda N ha sido aprehendida este mi\u00e9rcoles en Venezuela, despu\u00e9s de que se emitiera una ficha roja de Interpol, acusada por En Sonora en Equipo publicamos toda la informaci\u00f3n de Sonora, M\u00e9xico y el Mundo de manera oportuna y busca que la libertad de expresi\u00f3n sea real. Visita nuestro medio informativo publicado desde Hermosillo, Sonora. %\",\"breadcrumb\":{\"@id\":\"https:\/\/www.sonoraenequipo.com.mx\/detenida-en-venezuela-erika-maria-herrera-acusada-por-el-homicidio-de-su-nuera-carolina-flores-gomez\/#breadcrumb\"},\"inLanguage\":\"es\",\"potentialAction\":[{\"@type\":\"ReadAction\",\"target\":[\"https:\/\/www.sonoraenequipo.com.mx\/detenida-en-venezuela-erika-maria-herrera-acusada-por-el-homicidio-de-su-nuera-carolina-flores-gomez\/\"]}]},{\"@type\":\"ImageObject\",\"inLanguage\":\"es\",\"@id\":\"https:\/\/www.sonoraenequipo.com.mx\/detenida-en-venezuela-erika-maria-herrera-acusada-por-el-homicidio-de-su-nuera-carolina-flores-gomez\/#primaryimage\",\"url\":\"https:\/\/www.sonoraenequipo.com.mx\/storage\/2026\/04\/Erica-Maria-Herrera-1.jpg\",\"contentUrl\":\"https:\/\/www.sonoraenequipo.com.mx\/storage\/2026\/04\/Erica-Maria-Herrera-1.jpg\",\"width\":807,\"height\":871},{\"@type\":\"BreadcrumbList\",\"@id\":\"https:\/\/www.sonoraenequipo.com.mx\/detenida-en-venezuela-erika-maria-herrera-acusada-por-el-homicidio-de-su-nuera-carolina-flores-gomez\/#breadcrumb\",\"itemListElement\":[{\"@type\":\"ListItem\",\"position\":1,\"name\":\"Portada\",\"item\":\"https:\/\/www.sonoraenequipo.com.mx\/\"},{\"@type\":\"ListItem\",\"position\":2,\"name\":\"Detenida en Venezuela Erika Mar\u00eda Herrera, acusada por el homicidio de su nuera, Carolina Flores G\u00f3mez\"}]},{\"@type\":\"WebSite\",\"@id\":\"https:\/\/www.sonoraenequipo.com.mx\/#website\",\"url\":\"https:\/\/www.sonoraenequipo.com.mx\/\",\"name\":\"Sonora en Equipo.\",\"description\":\"Diario en l\u00ednea con Noticias desde Hermosillo, Sonora\",\"publisher\":{\"@id\":\"https:\/\/www.sonoraenequipo.com.mx\/#organization\"},\"potentialAction\":[{\"@type\":\"SearchAction\",\"target\":{\"@type\":\"EntryPoint\",\"urlTemplate\":\"https:\/\/www.sonoraenequipo.com.mx\/?s={search_term_string}\"},\"query-input\":{\"@type\":\"PropertyValueSpecification\",\"valueRequired\":true,\"valueName\":\"search_term_string\"}}],\"inLanguage\":\"es\"},{\"@type\":\"Organization\",\"@id\":\"https:\/\/www.sonoraenequipo.com.mx\/#organization\",\"name\":\"Sonoraenequipo.com.mx\",\"url\":\"https:\/\/www.sonoraenequipo.com.mx\/\",\"logo\":{\"@type\":\"ImageObject\",\"inLanguage\":\"es\",\"@id\":\"https:\/\/www.sonoraenequipo.com.mx\/#\/schema\/logo\/image\/\",\"url\":\"https:\/\/www.sonoraenequipo.com.mx\/storage\/2019\/01\/sonoraenequipo_opt.png\",\"contentUrl\":\"https:\/\/www.sonoraenequipo.com.mx\/storage\/2019\/01\/sonoraenequipo_opt.png\",\"width\":375,\"height\":125,\"caption\":\"Sonoraenequipo.com.mx\"},\"image\":{\"@id\":\"https:\/\/www.sonoraenequipo.com.mx\/#\/schema\/logo\/image\/\"},\"sameAs\":[\"https:\/\/www.facebook.com\/SonoraEE\/\",\"https:\/\/x.com\/sonoraenequipo\",\"https:\/\/www.youtube.com\/channel\/UC338nW-lPEYmJQs4ZABQ1SQ\"]},{\"@type\":\"Person\",\"@id\":\"https:\/\/www.sonoraenequipo.com.mx\/#\/schema\/person\/50102df0fb23a8fa9e8effad8fa81386\",\"name\":\"enequipo\",\"image\":{\"@type\":\"ImageObject\",\"inLanguage\":\"es\",\"@id\":\"https:\/\/www.sonoraenequipo.com.mx\/#\/schema\/person\/image\/\",\"url\":\"https:\/\/secure.gravatar.com\/avatar\/049821681b589dabc0bc20695993ccebb09f5b5d4d790cd9251b97faac7c652b?s=96&d=blank&r=g\",\"contentUrl\":\"https:\/\/secure.gravatar.com\/avatar\/049821681b589dabc0bc20695993ccebb09f5b5d4d790cd9251b97faac7c652b?s=96&d=blank&r=g\",\"caption\":\"enequipo\"},\"sameAs\":[\"https:\/\/www.facebook.com\/SonoraEE\"]}]}<\/script>\n ","yoast_head_json":{"title":"Sonora en Equipo. Detenida en Venezuela Erika Mar\u00eda Herrera, acusada por el homicidio de su nuera, Carolina Flores G\u00f3mez Rep\u00fablica","description":"CIUDAD DE M\u00c9XICO.MX.\u2014\u00a0 Erika Mar\u00eda N ha sido aprehendida este mi\u00e9rcoles en Venezuela, despu\u00e9s de que se emitiera una ficha roja de Interpol, acusada por En Sonora en Equipo publicamos toda la informaci\u00f3n de Sonora, M\u00e9xico y el Mundo de manera oportuna y busca que la libertad de expresi\u00f3n sea real. Visita nuestro medio informativo publicado desde Hermosillo, Sonora. %","robots":{"index":"index","follow":"follow","max-snippet":"max-snippet:-1","max-image-preview":"max-image-preview:large","max-video-preview":"max-video-preview:-1"},"canonical":"https:\/\/www.sonoraenequipo.com.mx\/detenida-en-venezuela-erika-maria-herrera-acusada-por-el-homicidio-de-su-nuera-carolina-flores-gomez\/","og_locale":"es_ES","og_type":"article","og_title":"Sonora en Equipo. Detenida en Venezuela Erika Mar\u00eda Herrera, acusada por el homicidio de su nuera, Carolina Flores G\u00f3mez Rep\u00fablica","og_description":"CIUDAD DE M\u00c9XICO.MX.\u2014\u00a0 Erika Mar\u00eda N ha sido aprehendida este mi\u00e9rcoles en Venezuela, despu\u00e9s de que se emitiera una ficha roja de Interpol, acusada por En Sonora en Equipo publicamos toda la informaci\u00f3n de Sonora, M\u00e9xico y el Mundo de manera oportuna y busca que la libertad de expresi\u00f3n sea real. Visita nuestro medio informativo publicado desde Hermosillo, Sonora. %","og_url":"https:\/\/www.sonoraenequipo.com.mx\/detenida-en-venezuela-erika-maria-herrera-acusada-por-el-homicidio-de-su-nuera-carolina-flores-gomez\/","og_site_name":"Sonora en Equipo.","article_publisher":"https:\/\/www.facebook.com\/SonoraEE\/","article_author":"https:\/\/www.facebook.com\/SonoraEE","article_published_time":"2026-04-30T06:48:42+00:00","article_modified_time":"2026-04-30T16:30:03+00:00","og_image":[{"width":807,"height":871,"url":"https:\/\/www.sonoraenequipo.com.mx\/storage\/2026\/04\/Erica-Maria-Herrera-1.jpg","type":"image\/jpeg"}],"author":"enequipo","twitter_card":"summary_large_image","twitter_creator":"@sonoraenequipo","twitter_site":"@sonoraenequipo","twitter_misc":{"Escrito por":"enequipo","Tiempo de lectura":"5 minutos"},"schema":{"@context":"https:\/\/schema.org","@graph":[{"@type":"Article","@id":"https:\/\/www.sonoraenequipo.com.mx\/detenida-en-venezuela-erika-maria-herrera-acusada-por-el-homicidio-de-su-nuera-carolina-flores-gomez\/#article","isPartOf":{"@id":"https:\/\/www.sonoraenequipo.com.mx\/detenida-en-venezuela-erika-maria-herrera-acusada-por-el-homicidio-de-su-nuera-carolina-flores-gomez\/"},"author":{"name":"enequipo","@id":"https:\/\/www.sonoraenequipo.com.mx\/#\/schema\/person\/50102df0fb23a8fa9e8effad8fa81386"},"headline":"Detenida en Venezuela Erika Mar\u00eda Herrera, acusada por el homicidio de su nuera, Carolina Flores G\u00f3mez","datePublished":"2026-04-30T06:48:42+00:00","dateModified":"2026-04-30T16:30:03+00:00","mainEntityOfPage":{"@id":"https:\/\/www.sonoraenequipo.com.mx\/detenida-en-venezuela-erika-maria-herrera-acusada-por-el-homicidio-de-su-nuera-carolina-flores-gomez\/"},"wordCount":1107,"commentCount":0,"publisher":{"@id":"https:\/\/www.sonoraenequipo.com.mx\/#organization"},"image":{"@id":"https:\/\/www.sonoraenequipo.com.mx\/detenida-en-venezuela-erika-maria-herrera-acusada-por-el-homicidio-de-su-nuera-carolina-flores-gomez\/#primaryimage"},"thumbnailUrl":"https:\/\/www.sonoraenequipo.com.mx\/storage\/2026\/04\/Erica-Maria-Herrera-1.jpg","articleSection":["Polic\u00edaca","Rep\u00fablica"],"inLanguage":"es","potentialAction":[{"@type":"CommentAction","name":"Comment","target":["https:\/\/www.sonoraenequipo.com.mx\/detenida-en-venezuela-erika-maria-herrera-acusada-por-el-homicidio-de-su-nuera-carolina-flores-gomez\/#respond"]}]},{"@type":"WebPage","@id":"https:\/\/www.sonoraenequipo.com.mx\/detenida-en-venezuela-erika-maria-herrera-acusada-por-el-homicidio-de-su-nuera-carolina-flores-gomez\/","url":"https:\/\/www.sonoraenequipo.com.mx\/detenida-en-venezuela-erika-maria-herrera-acusada-por-el-homicidio-de-su-nuera-carolina-flores-gomez\/","name":"Sonora en Equipo. Detenida en Venezuela Erika Mar\u00eda Herrera, acusada por el homicidio de su nuera, Carolina Flores G\u00f3mez Rep\u00fablica","isPartOf":{"@id":"https:\/\/www.sonoraenequipo.com.mx\/#website"},"primaryImageOfPage":{"@id":"https:\/\/www.sonoraenequipo.com.mx\/detenida-en-venezuela-erika-maria-herrera-acusada-por-el-homicidio-de-su-nuera-carolina-flores-gomez\/#primaryimage"},"image":{"@id":"https:\/\/www.sonoraenequipo.com.mx\/detenida-en-venezuela-erika-maria-herrera-acusada-por-el-homicidio-de-su-nuera-carolina-flores-gomez\/#primaryimage"},"thumbnailUrl":"https:\/\/www.sonoraenequipo.com.mx\/storage\/2026\/04\/Erica-Maria-Herrera-1.jpg","datePublished":"2026-04-30T06:48:42+00:00","dateModified":"2026-04-30T16:30:03+00:00","description":"CIUDAD DE M\u00c9XICO.MX.\u2014\u00a0 Erika Mar\u00eda N ha sido aprehendida este mi\u00e9rcoles en Venezuela, despu\u00e9s de que se emitiera una ficha roja de Interpol, acusada por En Sonora en Equipo publicamos toda la informaci\u00f3n de Sonora, M\u00e9xico y el Mundo de manera oportuna y busca que la libertad de expresi\u00f3n sea real. Visita nuestro medio informativo publicado desde Hermosillo, Sonora. %","breadcrumb":{"@id":"https:\/\/www.sonoraenequipo.com.mx\/detenida-en-venezuela-erika-maria-herrera-acusada-por-el-homicidio-de-su-nuera-carolina-flores-gomez\/#breadcrumb"},"inLanguage":"es","potentialAction":[{"@type":"ReadAction","target":["https:\/\/www.sonoraenequipo.com.mx\/detenida-en-venezuela-erika-maria-herrera-acusada-por-el-homicidio-de-su-nuera-carolina-flores-gomez\/"]}]},{"@type":"ImageObject","inLanguage":"es","@id":"https:\/\/www.sonoraenequipo.com.mx\/detenida-en-venezuela-erika-maria-herrera-acusada-por-el-homicidio-de-su-nuera-carolina-flores-gomez\/#primaryimage","url":"https:\/\/www.sonoraenequipo.com.mx\/storage\/2026\/04\/Erica-Maria-Herrera-1.jpg","contentUrl":"https:\/\/www.sonoraenequipo.com.mx\/storage\/2026\/04\/Erica-Maria-Herrera-1.jpg","width":807,"height":871},{"@type":"BreadcrumbList","@id":"https:\/\/www.sonoraenequipo.com.mx\/detenida-en-venezuela-erika-maria-herrera-acusada-por-el-homicidio-de-su-nuera-carolina-flores-gomez\/#breadcrumb","itemListElement":[{"@type":"ListItem","position":1,"name":"Portada","item":"https:\/\/www.sonoraenequipo.com.mx\/"},{"@type":"ListItem","position":2,"name":"Detenida en Venezuela Erika Mar\u00eda Herrera, acusada por el homicidio de su nuera, Carolina Flores G\u00f3mez"}]},{"@type":"WebSite","@id":"https:\/\/www.sonoraenequipo.com.mx\/#website","url":"https:\/\/www.sonoraenequipo.com.mx\/","name":"Sonora en Equipo.","description":"Diario en l\u00ednea con Noticias desde Hermosillo, Sonora","publisher":{"@id":"https:\/\/www.sonoraenequipo.com.mx\/#organization"},"potentialAction":[{"@type":"SearchAction","target":{"@type":"EntryPoint","urlTemplate":"https:\/\/www.sonoraenequipo.com.mx\/?s={search_term_string}"},"query-input":{"@type":"PropertyValueSpecification","valueRequired":true,"valueName":"search_term_string"}}],"inLanguage":"es"},{"@type":"Organization","@id":"https:\/\/www.sonoraenequipo.com.mx\/#organization","name":"Sonoraenequipo.com.mx","url":"https:\/\/www.sonoraenequipo.com.mx\/","logo":{"@type":"ImageObject","inLanguage":"es","@id":"https:\/\/www.sonoraenequipo.com.mx\/#\/schema\/logo\/image\/","url":"https:\/\/www.sonoraenequipo.com.mx\/storage\/2019\/01\/sonoraenequipo_opt.png","contentUrl":"https:\/\/www.sonoraenequipo.com.mx\/storage\/2019\/01\/sonoraenequipo_opt.png","width":375,"height":125,"caption":"Sonoraenequipo.com.mx"},"image":{"@id":"https:\/\/www.sonoraenequipo.com.mx\/#\/schema\/logo\/image\/"},"sameAs":["https:\/\/www.facebook.com\/SonoraEE\/","https:\/\/x.com\/sonoraenequipo","https:\/\/www.youtube.com\/channel\/UC338nW-lPEYmJQs4ZABQ1SQ"]},{"@type":"Person","@id":"https:\/\/www.sonoraenequipo.com.mx\/#\/schema\/person\/50102df0fb23a8fa9e8effad8fa81386","name":"enequipo","image":{"@type":"ImageObject","inLanguage":"es","@id":"https:\/\/www.sonoraenequipo.com.mx\/#\/schema\/person\/image\/","url":"https:\/\/secure.gravatar.com\/avatar\/049821681b589dabc0bc20695993ccebb09f5b5d4d790cd9251b97faac7c652b?s=96&d=blank&r=g","contentUrl":"https:\/\/secure.gravatar.com\/avatar\/049821681b589dabc0bc20695993ccebb09f5b5d4d790cd9251b97faac7c652b?s=96&d=blank&r=g","caption":"enequipo"},"sameAs":["https:\/\/www.facebook.com\/SonoraEE"]}]}},"jetpack_featured_media_url":"https:\/\/www.sonoraenequipo.com.mx\/storage\/2026\/04\/Erica-Maria-Herrera-1.jpg","_links":{"self":[{"href":"https:\/\/www.sonoraenequipo.com.mx\/api\/wp\/v2\/posts\/240906","targetHints":{"allow":["GET"]}}],"collection":[{"href":"https:\/\/www.sonoraenequipo.com.mx\/api\/wp\/v2\/posts"}],"about":[{"href":"https:\/\/www.sonoraenequipo.com.mx\/api\/wp\/v2\/types\/post"}],"author":[{"embeddable":true,"href":"https:\/\/www.sonoraenequipo.com.mx\/api\/wp\/v2\/users\/1"}],"replies":[{"embeddable":true,"href":"https:\/\/www.sonoraenequipo.com.mx\/api\/wp\/v2\/comments?post=240906"}],"version-history":[{"count":1,"href":"https:\/\/www.sonoraenequipo.com.mx\/api\/wp\/v2\/posts\/240906\/revisions"}],"predecessor-version":[{"id":240907,"href":"https:\/\/www.sonoraenequipo.com.mx\/api\/wp\/v2\/posts\/240906\/revisions\/240907"}],"wp:featuredmedia":[{"embeddable":true,"href":"https:\/\/www.sonoraenequipo.com.mx\/api\/wp\/v2\/media\/240900"}],"wp:attachment":[{"href":"https:\/\/www.sonoraenequipo.com.mx\/api\/wp\/v2\/media?parent=240906"}],"wp:term":[{"taxonomy":"category","embeddable":true,"href":"https:\/\/www.sonoraenequipo.com.mx\/api\/wp\/v2\/categories?post=240906"},{"taxonomy":"post_tag","embeddable":true,"href":"https:\/\/www.sonoraenequipo.com.mx\/api\/wp\/v2\/tags?post=240906"}],"curies":[{"name":"wp","href":"https:\/\/api.w.org\/{rel}","templated":true}]}}