{"id":240908,"date":"2026-04-29T22:28:10","date_gmt":"2026-04-30T05:28:10","guid":{"rendered":"https:\/\/www.sonoraenequipo.com.mx\/?p=240908"},"modified":"2026-04-30T09:46:07","modified_gmt":"2026-04-30T16:46:07","slug":"presentaran-queja-contra-bmw-ante-el-t-mec-por-retener-nominas-y-violar-derechos-laborales","status":"publish","type":"post","link":"https:\/\/www.sonoraenequipo.com.mx\/presentaran-queja-contra-bmw-ante-el-t-mec-por-retener-nominas-y-violar-derechos-laborales\/","title":{"rendered":"Presentar\u00e1n queja contra BMW ante el T-MEC por retener n\u00f3minas y violar derechos laborales"},"content":{"rendered":"<p><b>CIUDAD DE M\u00c9XICO. MX. \u2014 <\/b>La Liga Sindical Obrera Mexicana (LSOM) alista una solicitud de queja laboral al amparo del Mecanismo de Respuesta R\u00e1pida del T-MEC por posibles violaciones a la libertad de asociaci\u00f3n y negociaci\u00f3n colectiva de los trabajadores en la planta BMW, en San Luis Potos\u00ed.<\/p>\n<p>&nbsp;<\/p>\n<p>&nbsp;<\/p>\n<p> <\/p>\n<p>Pablo Franco, apoderado legal de La Liga, se\u00f1al\u00f3 que a pesar de que en enero pasado iniciaron pl\u00e1ticas formales con representantes de la automotriz para manifestar su inter\u00e9s por la titularidad del contrato colectivo (CCT), la empresa \u201cest\u00e1 bloqueando\u201d el proceso de afiliaci\u00f3n de los trabajadores al sindicato independiente.<\/p>\n<p>&nbsp;<\/p>\n<p>&nbsp;<\/p>\n<p>En conferencia de prensa, explic\u00f3 que a los m\u00e1s de 2 mil trabajadores se les retiene su recibo de n\u00f3mina, lo que impide a la Liga Sindical concluir con la conformaci\u00f3n de su padr\u00f3n de afiliados y por lo tanto no pueden presentar la demanda por la titularidad del CCT.<\/p>\n<p>&nbsp;<\/p>\n<p>&nbsp;<\/p>\n<p>Indic\u00f3 que para las autoridades laborales el recibo de n\u00f3mina es un \u201crequisito indispensable\u201d para comprobar el requisito de representatividad de los trabajadores a la LSOM.<\/p>\n<p>&nbsp;<\/p>\n<p>&nbsp;<\/p>\n<p><em><strong>\u201cLa empresa est\u00e1 haciendo una maniobra para impedir que consolidemos nuestro padr\u00f3n y podamos ir a la votaci\u00f3n, que es retener a los trabajadores su recibo de n\u00f3mina\u2026 Les hemos propuesto que para que nosotros no vayamos al Mecanismo Laboral de Respuesta R\u00e1pida distribuyan un correo masivo donde todos reciban su documento y los que quieran completen su afiliaci\u00f3n\u201d<\/strong><\/em>, se\u00f1al\u00f3 el tambi\u00e9n abogado de la Red Internacional de Abogados Laboralistas (ILAW).<\/p>\n<p>&nbsp;<\/p>\n<p>&nbsp;<\/p>\n<p>De acuerdo con los trabajadores de la automotriz BMW, el CCT fue firmado en 2014 con la Confederaci\u00f3n de Trabajadores de M\u00e9xico, es decir cinco a\u00f1os antes de que la planta iniciara operaciones en 2019, por lo que consideran que es un contrato de protecci\u00f3n patronal.<\/p>\n<p>&nbsp;<\/p>\n<p>&nbsp;<\/p>\n<p>Julio C\u00e9sar Flores, secretario general de la LSOM, dijo que se busca negociar un nuevo contrato con mejores condiciones laborales.<\/p>\n<p>&nbsp;<\/p>\n<p>&nbsp;<\/p>\n<p>Expuso que en las recientes revisiones salariales como en Goodyear, Contitech, 3M Purification y Teklas, donde tienen la titularidad del CCT, el sindicato independiente logr\u00f3 incrementos salariales de 8.15 por ciento en promedio.<\/p>\n<p>&nbsp;<\/p>\n<p>&nbsp;<\/p>\n<p>PUBLICADO EL 29 DE ABRIL 2026 Con informaci\u00f3n de Jared Laureles\/AP)<\/p>\n","protected":false},"excerpt":{"rendered":"<p>CIUDAD DE M\u00c9XICO. MX. \u2014 La Liga Sindical Obrera Mexicana (LSOM) alista una solicitud de&#8230;<\/p>\n","protected":false},"author":1,"featured_media":240909,"comment_status":"open","ping_status":"open","sticky":false,"template":"","format":"standard","meta":{"_monsterinsights_skip_tracking":false,"_monsterinsights_sitenote_active":false,"_monsterinsights_sitenote_note":"","_monsterinsights_sitenote_category":0,"footnotes":""},"categories":[5],"tags":[],"class_list":["post"],"yoast_head":" \n<title>Sonora en Equipo. Presentar\u00e1n queja contra BMW ante el T-MEC por retener n\u00f3minas y violar derechos laborales Rep\u00fablica<\/title>\n<meta name=\"description\" content=\"CIUDAD DE M\u00c9XICO. MX. \u2014 La Liga Sindical Obrera Mexicana (LSOM) alista una solicitud de queja laboral al amparo del Mecanismo de Respuesta R\u00e1pida del En Sonora en Equipo publicamos toda la informaci\u00f3n de Sonora, M\u00e9xico y el Mundo de manera oportuna y busca que la libertad de expresi\u00f3n sea real. Visita nuestro medio informativo publicado desde Hermosillo, Sonora. %\" \/>\n<meta name=\"robots\" content=\"index, follow, max-snippet:-1, max-image-preview:large, max-video-preview:-1\" \/>\n<link rel=\"canonical\" href=\"https:\/\/www.sonoraenequipo.com.mx\/presentaran-queja-contra-bmw-ante-el-t-mec-por-retener-nominas-y-violar-derechos-laborales\/\" \/>\n<meta property=\"og:locale\" content=\"es_ES\" \/>\n<meta property=\"og:type\" content=\"article\" \/>\n<meta property=\"og:title\" content=\"Sonora en Equipo. Presentar\u00e1n queja contra BMW ante el T-MEC por retener n\u00f3minas y violar derechos laborales Rep\u00fablica\" \/>\n<meta property=\"og:description\" content=\"CIUDAD DE M\u00c9XICO. MX. \u2014 La Liga Sindical Obrera Mexicana (LSOM) alista una solicitud de queja laboral al amparo del Mecanismo de Respuesta R\u00e1pida del En Sonora en Equipo publicamos toda la informaci\u00f3n de Sonora, M\u00e9xico y el Mundo de manera oportuna y busca que la libertad de expresi\u00f3n sea real. Visita nuestro medio informativo publicado desde Hermosillo, Sonora. %\" \/>\n<meta property=\"og:url\" content=\"https:\/\/www.sonoraenequipo.com.mx\/presentaran-queja-contra-bmw-ante-el-t-mec-por-retener-nominas-y-violar-derechos-laborales\/\" \/>\n<meta property=\"og:site_name\" content=\"Sonora en Equipo.\" \/>\n<meta property=\"article:publisher\" content=\"https:\/\/www.facebook.com\/SonoraEE\/\" \/>\n<meta property=\"article:author\" content=\"https:\/\/www.facebook.com\/SonoraEE\" \/>\n<meta property=\"article:published_time\" content=\"2026-04-30T05:28:10+00:00\" \/>\n<meta property=\"article:modified_time\" content=\"2026-04-30T16:46:07+00:00\" \/>\n<meta property=\"og:image\" content=\"https:\/\/www.sonoraenequipo.com.mx\/storage\/2026\/04\/Presentaran-queja-contra-BMW-ante-el-T-MEC-1.jpg\" \/>\n\t<meta property=\"og:image:width\" content=\"1000\" \/>\n\t<meta property=\"og:image:height\" content=\"562\" \/>\n\t<meta property=\"og:image:type\" content=\"image\/jpeg\" \/>\n<meta name=\"author\" content=\"enequipo\" \/>\n<meta name=\"twitter:card\" content=\"summary_large_image\" \/>\n<meta name=\"twitter:creator\" content=\"@sonoraenequipo\" \/>\n<meta name=\"twitter:site\" content=\"@sonoraenequipo\" \/>\n<meta name=\"twitter:label1\" content=\"Escrito por\" \/>\n\t<meta name=\"twitter:data1\" content=\"enequipo\" \/>\n\t<meta name=\"twitter:label2\" content=\"Tiempo de lectura\" \/>\n\t<meta name=\"twitter:data2\" content=\"2 minutos\" \/>\n<script type=\"application\/ld+json\" class=\"yoast-schema-graph\">{\"@context\":\"https:\/\/schema.org\",\"@graph\":[{\"@type\":\"Article\",\"@id\":\"https:\/\/www.sonoraenequipo.com.mx\/presentaran-queja-contra-bmw-ante-el-t-mec-por-retener-nominas-y-violar-derechos-laborales\/#article\",\"isPartOf\":{\"@id\":\"https:\/\/www.sonoraenequipo.com.mx\/presentaran-queja-contra-bmw-ante-el-t-mec-por-retener-nominas-y-violar-derechos-laborales\/\"},\"author\":{\"name\":\"enequipo\",\"@id\":\"https:\/\/www.sonoraenequipo.com.mx\/#\/schema\/person\/50102df0fb23a8fa9e8effad8fa81386\"},\"headline\":\"Presentar\u00e1n queja contra BMW ante el T-MEC por retener n\u00f3minas y violar derechos laborales\",\"datePublished\":\"2026-04-30T05:28:10+00:00\",\"dateModified\":\"2026-04-30T16:46:07+00:00\",\"mainEntityOfPage\":{\"@id\":\"https:\/\/www.sonoraenequipo.com.mx\/presentaran-queja-contra-bmw-ante-el-t-mec-por-retener-nominas-y-violar-derechos-laborales\/\"},\"wordCount\":406,\"commentCount\":0,\"publisher\":{\"@id\":\"https:\/\/www.sonoraenequipo.com.mx\/#organization\"},\"image\":{\"@id\":\"https:\/\/www.sonoraenequipo.com.mx\/presentaran-queja-contra-bmw-ante-el-t-mec-por-retener-nominas-y-violar-derechos-laborales\/#primaryimage\"},\"thumbnailUrl\":\"https:\/\/www.sonoraenequipo.com.mx\/storage\/2026\/04\/Presentaran-queja-contra-BMW-ante-el-T-MEC-1.jpg\",\"articleSection\":[\"Rep\u00fablica\"],\"inLanguage\":\"es\",\"potentialAction\":[{\"@type\":\"CommentAction\",\"name\":\"Comment\",\"target\":[\"https:\/\/www.sonoraenequipo.com.mx\/presentaran-queja-contra-bmw-ante-el-t-mec-por-retener-nominas-y-violar-derechos-laborales\/#respond\"]}]},{\"@type\":\"WebPage\",\"@id\":\"https:\/\/www.sonoraenequipo.com.mx\/presentaran-queja-contra-bmw-ante-el-t-mec-por-retener-nominas-y-violar-derechos-laborales\/\",\"url\":\"https:\/\/www.sonoraenequipo.com.mx\/presentaran-queja-contra-bmw-ante-el-t-mec-por-retener-nominas-y-violar-derechos-laborales\/\",\"name\":\"Sonora en Equipo. Presentar\u00e1n queja contra BMW ante el T-MEC por retener n\u00f3minas y violar derechos laborales Rep\u00fablica\",\"isPartOf\":{\"@id\":\"https:\/\/www.sonoraenequipo.com.mx\/#website\"},\"primaryImageOfPage\":{\"@id\":\"https:\/\/www.sonoraenequipo.com.mx\/presentaran-queja-contra-bmw-ante-el-t-mec-por-retener-nominas-y-violar-derechos-laborales\/#primaryimage\"},\"image\":{\"@id\":\"https:\/\/www.sonoraenequipo.com.mx\/presentaran-queja-contra-bmw-ante-el-t-mec-por-retener-nominas-y-violar-derechos-laborales\/#primaryimage\"},\"thumbnailUrl\":\"https:\/\/www.sonoraenequipo.com.mx\/storage\/2026\/04\/Presentaran-queja-contra-BMW-ante-el-T-MEC-1.jpg\",\"datePublished\":\"2026-04-30T05:28:10+00:00\",\"dateModified\":\"2026-04-30T16:46:07+00:00\",\"description\":\"CIUDAD DE M\u00c9XICO. MX. \u2014 La Liga Sindical Obrera Mexicana (LSOM) alista una solicitud de queja laboral al amparo del Mecanismo de Respuesta R\u00e1pida del En Sonora en Equipo publicamos toda la informaci\u00f3n de Sonora, M\u00e9xico y el Mundo de manera oportuna y busca que la libertad de expresi\u00f3n sea real. Visita nuestro medio informativo publicado desde Hermosillo, Sonora. %\",\"breadcrumb\":{\"@id\":\"https:\/\/www.sonoraenequipo.com.mx\/presentaran-queja-contra-bmw-ante-el-t-mec-por-retener-nominas-y-violar-derechos-laborales\/#breadcrumb\"},\"inLanguage\":\"es\",\"potentialAction\":[{\"@type\":\"ReadAction\",\"target\":[\"https:\/\/www.sonoraenequipo.com.mx\/presentaran-queja-contra-bmw-ante-el-t-mec-por-retener-nominas-y-violar-derechos-laborales\/\"]}]},{\"@type\":\"ImageObject\",\"inLanguage\":\"es\",\"@id\":\"https:\/\/www.sonoraenequipo.com.mx\/presentaran-queja-contra-bmw-ante-el-t-mec-por-retener-nominas-y-violar-derechos-laborales\/#primaryimage\",\"url\":\"https:\/\/www.sonoraenequipo.com.mx\/storage\/2026\/04\/Presentaran-queja-contra-BMW-ante-el-T-MEC-1.jpg\",\"contentUrl\":\"https:\/\/www.sonoraenequipo.com.mx\/storage\/2026\/04\/Presentaran-queja-contra-BMW-ante-el-T-MEC-1.jpg\",\"width\":1000,\"height\":562},{\"@type\":\"BreadcrumbList\",\"@id\":\"https:\/\/www.sonoraenequipo.com.mx\/presentaran-queja-contra-bmw-ante-el-t-mec-por-retener-nominas-y-violar-derechos-laborales\/#breadcrumb\",\"itemListElement\":[{\"@type\":\"ListItem\",\"position\":1,\"name\":\"Portada\",\"item\":\"https:\/\/www.sonoraenequipo.com.mx\/\"},{\"@type\":\"ListItem\",\"position\":2,\"name\":\"Presentar\u00e1n queja contra BMW ante el T-MEC por retener n\u00f3minas y violar derechos laborales\"}]},{\"@type\":\"WebSite\",\"@id\":\"https:\/\/www.sonoraenequipo.com.mx\/#website\",\"url\":\"https:\/\/www.sonoraenequipo.com.mx\/\",\"name\":\"Sonora en Equipo.\",\"description\":\"Diario en l\u00ednea con Noticias desde Hermosillo, Sonora\",\"publisher\":{\"@id\":\"https:\/\/www.sonoraenequipo.com.mx\/#organization\"},\"potentialAction\":[{\"@type\":\"SearchAction\",\"target\":{\"@type\":\"EntryPoint\",\"urlTemplate\":\"https:\/\/www.sonoraenequipo.com.mx\/?s={search_term_string}\"},\"query-input\":{\"@type\":\"PropertyValueSpecification\",\"valueRequired\":true,\"valueName\":\"search_term_string\"}}],\"inLanguage\":\"es\"},{\"@type\":\"Organization\",\"@id\":\"https:\/\/www.sonoraenequipo.com.mx\/#organization\",\"name\":\"Sonoraenequipo.com.mx\",\"url\":\"https:\/\/www.sonoraenequipo.com.mx\/\",\"logo\":{\"@type\":\"ImageObject\",\"inLanguage\":\"es\",\"@id\":\"https:\/\/www.sonoraenequipo.com.mx\/#\/schema\/logo\/image\/\",\"url\":\"https:\/\/www.sonoraenequipo.com.mx\/storage\/2019\/01\/sonoraenequipo_opt.png\",\"contentUrl\":\"https:\/\/www.sonoraenequipo.com.mx\/storage\/2019\/01\/sonoraenequipo_opt.png\",\"width\":375,\"height\":125,\"caption\":\"Sonoraenequipo.com.mx\"},\"image\":{\"@id\":\"https:\/\/www.sonoraenequipo.com.mx\/#\/schema\/logo\/image\/\"},\"sameAs\":[\"https:\/\/www.facebook.com\/SonoraEE\/\",\"https:\/\/x.com\/sonoraenequipo\",\"https:\/\/www.youtube.com\/channel\/UC338nW-lPEYmJQs4ZABQ1SQ\"]},{\"@type\":\"Person\",\"@id\":\"https:\/\/www.sonoraenequipo.com.mx\/#\/schema\/person\/50102df0fb23a8fa9e8effad8fa81386\",\"name\":\"enequipo\",\"image\":{\"@type\":\"ImageObject\",\"inLanguage\":\"es\",\"@id\":\"https:\/\/www.sonoraenequipo.com.mx\/#\/schema\/person\/image\/\",\"url\":\"https:\/\/secure.gravatar.com\/avatar\/049821681b589dabc0bc20695993ccebb09f5b5d4d790cd9251b97faac7c652b?s=96&d=blank&r=g\",\"contentUrl\":\"https:\/\/secure.gravatar.com\/avatar\/049821681b589dabc0bc20695993ccebb09f5b5d4d790cd9251b97faac7c652b?s=96&d=blank&r=g\",\"caption\":\"enequipo\"},\"sameAs\":[\"https:\/\/www.facebook.com\/SonoraEE\"]}]}<\/script>\n ","yoast_head_json":{"title":"Sonora en Equipo. Presentar\u00e1n queja contra BMW ante el T-MEC por retener n\u00f3minas y violar derechos laborales Rep\u00fablica","description":"CIUDAD DE M\u00c9XICO. MX. \u2014 La Liga Sindical Obrera Mexicana (LSOM) alista una solicitud de queja laboral al amparo del Mecanismo de Respuesta R\u00e1pida del En Sonora en Equipo publicamos toda la informaci\u00f3n de Sonora, M\u00e9xico y el Mundo de manera oportuna y busca que la libertad de expresi\u00f3n sea real. Visita nuestro medio informativo publicado desde Hermosillo, Sonora. %","robots":{"index":"index","follow":"follow","max-snippet":"max-snippet:-1","max-image-preview":"max-image-preview:large","max-video-preview":"max-video-preview:-1"},"canonical":"https:\/\/www.sonoraenequipo.com.mx\/presentaran-queja-contra-bmw-ante-el-t-mec-por-retener-nominas-y-violar-derechos-laborales\/","og_locale":"es_ES","og_type":"article","og_title":"Sonora en Equipo. Presentar\u00e1n queja contra BMW ante el T-MEC por retener n\u00f3minas y violar derechos laborales Rep\u00fablica","og_description":"CIUDAD DE M\u00c9XICO. MX. \u2014 La Liga Sindical Obrera Mexicana (LSOM) alista una solicitud de queja laboral al amparo del Mecanismo de Respuesta R\u00e1pida del En Sonora en Equipo publicamos toda la informaci\u00f3n de Sonora, M\u00e9xico y el Mundo de manera oportuna y busca que la libertad de expresi\u00f3n sea real. Visita nuestro medio informativo publicado desde Hermosillo, Sonora. %","og_url":"https:\/\/www.sonoraenequipo.com.mx\/presentaran-queja-contra-bmw-ante-el-t-mec-por-retener-nominas-y-violar-derechos-laborales\/","og_site_name":"Sonora en Equipo.","article_publisher":"https:\/\/www.facebook.com\/SonoraEE\/","article_author":"https:\/\/www.facebook.com\/SonoraEE","article_published_time":"2026-04-30T05:28:10+00:00","article_modified_time":"2026-04-30T16:46:07+00:00","og_image":[{"width":1000,"height":562,"url":"https:\/\/www.sonoraenequipo.com.mx\/storage\/2026\/04\/Presentaran-queja-contra-BMW-ante-el-T-MEC-1.jpg","type":"image\/jpeg"}],"author":"enequipo","twitter_card":"summary_large_image","twitter_creator":"@sonoraenequipo","twitter_site":"@sonoraenequipo","twitter_misc":{"Escrito por":"enequipo","Tiempo de lectura":"2 minutos"},"schema":{"@context":"https:\/\/schema.org","@graph":[{"@type":"Article","@id":"https:\/\/www.sonoraenequipo.com.mx\/presentaran-queja-contra-bmw-ante-el-t-mec-por-retener-nominas-y-violar-derechos-laborales\/#article","isPartOf":{"@id":"https:\/\/www.sonoraenequipo.com.mx\/presentaran-queja-contra-bmw-ante-el-t-mec-por-retener-nominas-y-violar-derechos-laborales\/"},"author":{"name":"enequipo","@id":"https:\/\/www.sonoraenequipo.com.mx\/#\/schema\/person\/50102df0fb23a8fa9e8effad8fa81386"},"headline":"Presentar\u00e1n queja contra BMW ante el T-MEC por retener n\u00f3minas y violar derechos laborales","datePublished":"2026-04-30T05:28:10+00:00","dateModified":"2026-04-30T16:46:07+00:00","mainEntityOfPage":{"@id":"https:\/\/www.sonoraenequipo.com.mx\/presentaran-queja-contra-bmw-ante-el-t-mec-por-retener-nominas-y-violar-derechos-laborales\/"},"wordCount":406,"commentCount":0,"publisher":{"@id":"https:\/\/www.sonoraenequipo.com.mx\/#organization"},"image":{"@id":"https:\/\/www.sonoraenequipo.com.mx\/presentaran-queja-contra-bmw-ante-el-t-mec-por-retener-nominas-y-violar-derechos-laborales\/#primaryimage"},"thumbnailUrl":"https:\/\/www.sonoraenequipo.com.mx\/storage\/2026\/04\/Presentaran-queja-contra-BMW-ante-el-T-MEC-1.jpg","articleSection":["Rep\u00fablica"],"inLanguage":"es","potentialAction":[{"@type":"CommentAction","name":"Comment","target":["https:\/\/www.sonoraenequipo.com.mx\/presentaran-queja-contra-bmw-ante-el-t-mec-por-retener-nominas-y-violar-derechos-laborales\/#respond"]}]},{"@type":"WebPage","@id":"https:\/\/www.sonoraenequipo.com.mx\/presentaran-queja-contra-bmw-ante-el-t-mec-por-retener-nominas-y-violar-derechos-laborales\/","url":"https:\/\/www.sonoraenequipo.com.mx\/presentaran-queja-contra-bmw-ante-el-t-mec-por-retener-nominas-y-violar-derechos-laborales\/","name":"Sonora en Equipo. Presentar\u00e1n queja contra BMW ante el T-MEC por retener n\u00f3minas y violar derechos laborales Rep\u00fablica","isPartOf":{"@id":"https:\/\/www.sonoraenequipo.com.mx\/#website"},"primaryImageOfPage":{"@id":"https:\/\/www.sonoraenequipo.com.mx\/presentaran-queja-contra-bmw-ante-el-t-mec-por-retener-nominas-y-violar-derechos-laborales\/#primaryimage"},"image":{"@id":"https:\/\/www.sonoraenequipo.com.mx\/presentaran-queja-contra-bmw-ante-el-t-mec-por-retener-nominas-y-violar-derechos-laborales\/#primaryimage"},"thumbnailUrl":"https:\/\/www.sonoraenequipo.com.mx\/storage\/2026\/04\/Presentaran-queja-contra-BMW-ante-el-T-MEC-1.jpg","datePublished":"2026-04-30T05:28:10+00:00","dateModified":"2026-04-30T16:46:07+00:00","description":"CIUDAD DE M\u00c9XICO. MX. \u2014 La Liga Sindical Obrera Mexicana (LSOM) alista una solicitud de queja laboral al amparo del Mecanismo de Respuesta R\u00e1pida del En Sonora en Equipo publicamos toda la informaci\u00f3n de Sonora, M\u00e9xico y el Mundo de manera oportuna y busca que la libertad de expresi\u00f3n sea real. Visita nuestro medio informativo publicado desde Hermosillo, Sonora. %","breadcrumb":{"@id":"https:\/\/www.sonoraenequipo.com.mx\/presentaran-queja-contra-bmw-ante-el-t-mec-por-retener-nominas-y-violar-derechos-laborales\/#breadcrumb"},"inLanguage":"es","potentialAction":[{"@type":"ReadAction","target":["https:\/\/www.sonoraenequipo.com.mx\/presentaran-queja-contra-bmw-ante-el-t-mec-por-retener-nominas-y-violar-derechos-laborales\/"]}]},{"@type":"ImageObject","inLanguage":"es","@id":"https:\/\/www.sonoraenequipo.com.mx\/presentaran-queja-contra-bmw-ante-el-t-mec-por-retener-nominas-y-violar-derechos-laborales\/#primaryimage","url":"https:\/\/www.sonoraenequipo.com.mx\/storage\/2026\/04\/Presentaran-queja-contra-BMW-ante-el-T-MEC-1.jpg","contentUrl":"https:\/\/www.sonoraenequipo.com.mx\/storage\/2026\/04\/Presentaran-queja-contra-BMW-ante-el-T-MEC-1.jpg","width":1000,"height":562},{"@type":"BreadcrumbList","@id":"https:\/\/www.sonoraenequipo.com.mx\/presentaran-queja-contra-bmw-ante-el-t-mec-por-retener-nominas-y-violar-derechos-laborales\/#breadcrumb","itemListElement":[{"@type":"ListItem","position":1,"name":"Portada","item":"https:\/\/www.sonoraenequipo.com.mx\/"},{"@type":"ListItem","position":2,"name":"Presentar\u00e1n queja contra BMW ante el T-MEC por retener n\u00f3minas y violar derechos laborales"}]},{"@type":"WebSite","@id":"https:\/\/www.sonoraenequipo.com.mx\/#website","url":"https:\/\/www.sonoraenequipo.com.mx\/","name":"Sonora en Equipo.","description":"Diario en l\u00ednea con Noticias desde Hermosillo, Sonora","publisher":{"@id":"https:\/\/www.sonoraenequipo.com.mx\/#organization"},"potentialAction":[{"@type":"SearchAction","target":{"@type":"EntryPoint","urlTemplate":"https:\/\/www.sonoraenequipo.com.mx\/?s={search_term_string}"},"query-input":{"@type":"PropertyValueSpecification","valueRequired":true,"valueName":"search_term_string"}}],"inLanguage":"es"},{"@type":"Organization","@id":"https:\/\/www.sonoraenequipo.com.mx\/#organization","name":"Sonoraenequipo.com.mx","url":"https:\/\/www.sonoraenequipo.com.mx\/","logo":{"@type":"ImageObject","inLanguage":"es","@id":"https:\/\/www.sonoraenequipo.com.mx\/#\/schema\/logo\/image\/","url":"https:\/\/www.sonoraenequipo.com.mx\/storage\/2019\/01\/sonoraenequipo_opt.png","contentUrl":"https:\/\/www.sonoraenequipo.com.mx\/storage\/2019\/01\/sonoraenequipo_opt.png","width":375,"height":125,"caption":"Sonoraenequipo.com.mx"},"image":{"@id":"https:\/\/www.sonoraenequipo.com.mx\/#\/schema\/logo\/image\/"},"sameAs":["https:\/\/www.facebook.com\/SonoraEE\/","https:\/\/x.com\/sonoraenequipo","https:\/\/www.youtube.com\/channel\/UC338nW-lPEYmJQs4ZABQ1SQ"]},{"@type":"Person","@id":"https:\/\/www.sonoraenequipo.com.mx\/#\/schema\/person\/50102df0fb23a8fa9e8effad8fa81386","name":"enequipo","image":{"@type":"ImageObject","inLanguage":"es","@id":"https:\/\/www.sonoraenequipo.com.mx\/#\/schema\/person\/image\/","url":"https:\/\/secure.gravatar.com\/avatar\/049821681b589dabc0bc20695993ccebb09f5b5d4d790cd9251b97faac7c652b?s=96&d=blank&r=g","contentUrl":"https:\/\/secure.gravatar.com\/avatar\/049821681b589dabc0bc20695993ccebb09f5b5d4d790cd9251b97faac7c652b?s=96&d=blank&r=g","caption":"enequipo"},"sameAs":["https:\/\/www.facebook.com\/SonoraEE"]}]}},"jetpack_featured_media_url":"https:\/\/www.sonoraenequipo.com.mx\/storage\/2026\/04\/Presentaran-queja-contra-BMW-ante-el-T-MEC-1.jpg","_links":{"self":[{"href":"https:\/\/www.sonoraenequipo.com.mx\/api\/wp\/v2\/posts\/240908","targetHints":{"allow":["GET"]}}],"collection":[{"href":"https:\/\/www.sonoraenequipo.com.mx\/api\/wp\/v2\/posts"}],"about":[{"href":"https:\/\/www.sonoraenequipo.com.mx\/api\/wp\/v2\/types\/post"}],"author":[{"embeddable":true,"href":"https:\/\/www.sonoraenequipo.com.mx\/api\/wp\/v2\/users\/1"}],"replies":[{"embeddable":true,"href":"https:\/\/www.sonoraenequipo.com.mx\/api\/wp\/v2\/comments?post=240908"}],"version-history":[{"count":1,"href":"https:\/\/www.sonoraenequipo.com.mx\/api\/wp\/v2\/posts\/240908\/revisions"}],"predecessor-version":[{"id":240910,"href":"https:\/\/www.sonoraenequipo.com.mx\/api\/wp\/v2\/posts\/240908\/revisions\/240910"}],"wp:featuredmedia":[{"embeddable":true,"href":"https:\/\/www.sonoraenequipo.com.mx\/api\/wp\/v2\/media\/240909"}],"wp:attachment":[{"href":"https:\/\/www.sonoraenequipo.com.mx\/api\/wp\/v2\/media?parent=240908"}],"wp:term":[{"taxonomy":"category","embeddable":true,"href":"https:\/\/www.sonoraenequipo.com.mx\/api\/wp\/v2\/categories?post=240908"},{"taxonomy":"post_tag","embeddable":true,"href":"https:\/\/www.sonoraenequipo.com.mx\/api\/wp\/v2\/tags?post=240908"}],"curies":[{"name":"wp","href":"https:\/\/api.w.org\/{rel}","templated":true}]}}