{"id":240913,"date":"2026-04-29T23:00:16","date_gmt":"2026-04-30T06:00:16","guid":{"rendered":"https:\/\/www.sonoraenequipo.com.mx\/?p=240913"},"modified":"2026-04-30T10:33:26","modified_gmt":"2026-04-30T17:33:26","slug":"ricardo-monreal-respalda-a-ariadna-montiel-en-su-camino-a-la-dirigencia-de-morena","status":"publish","type":"post","link":"https:\/\/www.sonoraenequipo.com.mx\/ricardo-monreal-respalda-a-ariadna-montiel-en-su-camino-a-la-dirigencia-de-morena\/","title":{"rendered":"Ricardo Monreal respalda a Ariadna Montiel en su camino a la dirigencia de Morena"},"content":{"rendered":"<p><strong>CIUDAD DE M\u00c9XICO. MX. \u2014<\/strong> En un encuentro importante en Morena, el senador y l\u00edder parlamentario Ricardo Monreal manifest\u00f3 hoy su apoyo p\u00fablico a Ariadna Montiel Reyes, exsecretaria de Bienestar, en su nueva etapa camino a la presidencia nacional del partido.<\/p>\n<p>&nbsp;<\/p>\n<p>&nbsp;<\/p>\n<p>&nbsp;<\/p>\n<p> <\/p>\n<p>A trav\u00e9s de una publicaci\u00f3n oficial este 29 de abril, Monreal hizo p\u00fablicas sus intenciones de apoyar el proyecto de la actual secretaria de Bienestar, destacando no solo su perfil profesional, sino su peso ideol\u00f3gico dentro del movimiento.<\/p>\n<p>&nbsp;<\/p>\n<h3>El \u201cvisto bueno\u201d del legislador<\/h3>\n<p>La reuni\u00f3n, celebrada en un ambiente de cordialidad, sirvi\u00f3 como plataforma para que Monreal enviara un mensaje de \u00e9xito a Montiel en lo que ser\u00e1 la contienda por el relevo en la c\u00fapula morenista.<\/p>\n<blockquote class=\"twitter-tweet\" data-width=\"550\" data-dnt=\"true\">\n<p lang=\"es\" dir=\"ltr\">Me reun\u00ed con Ariadna Montiel (<a href=\"https:\/\/twitter.com\/A_MontielR?ref_src=twsrc%5Etfw\">@A_MontielR<\/a>), una mujer inteligente y de ideales firmes; fue un gusto recibirla. Le deseamos \u00e9xito en su postulaci\u00f3n a la Presidencia Nacional de MORENA. <a href=\"https:\/\/t.co\/jGPNSEZMjh\">pic.twitter.com\/jGPNSEZMjh<\/a><\/p>\n<p>&mdash; Ricardo Monreal A. (@RicardoMonrealA) <a href=\"https:\/\/twitter.com\/RicardoMonrealA\/status\/2049622058909257906?ref_src=twsrc%5Etfw\">April 29, 2026<\/a><\/p><\/blockquote>\n<p><script async src=\"https:\/\/platform.twitter.com\/widgets.js\" charset=\"utf-8\"><\/script><\/p>\n<p>&nbsp;<\/p>\n<p>&nbsp;<\/p>\n<p><em><strong>\u201cMe reun\u00ed con Ariadna Montiel, una mujer inteligente y de ideales firmes; fue un gusto recibirla. Le deseamos \u00e9xito en su postulaci\u00f3n a la Presidencia Nacional de Morena\u201d,<\/strong> <\/em>expres\u00f3 el legislador.<\/p>\n<p>&nbsp;<\/p>\n<p>&nbsp;<\/p>\n<p>PUBLICADO EL 29 DE ABRIL 2026 Con informaci\u00f3n de REDES)<\/p>\n","protected":false},"excerpt":{"rendered":"<p>CIUDAD DE M\u00c9XICO. MX. \u2014 En un encuentro importante en Morena, el senador y l\u00edder&#8230;<\/p>\n","protected":false},"author":1,"featured_media":240914,"comment_status":"open","ping_status":"open","sticky":false,"template":"","format":"standard","meta":{"_monsterinsights_skip_tracking":false,"_monsterinsights_sitenote_active":false,"_monsterinsights_sitenote_note":"","_monsterinsights_sitenote_category":0,"footnotes":""},"categories":[5],"tags":[],"class_list":["post"],"yoast_head":" \n<title>Sonora en Equipo. Ricardo Monreal respalda a Ariadna Montiel en su camino a la dirigencia de Morena Rep\u00fablica<\/title>\n<meta name=\"description\" content=\"CIUDAD DE M\u00c9XICO. MX. \u2014 En un encuentro importante en Morena, el senador y l\u00edder parlamentario Ricardo Monreal manifest\u00f3 hoy su apoyo p\u00fablico a Ariadna En Sonora en Equipo publicamos toda la informaci\u00f3n de Sonora, M\u00e9xico y el Mundo de manera oportuna y busca que la libertad de expresi\u00f3n sea real. Visita nuestro medio informativo publicado desde Hermosillo, Sonora. %\" \/>\n<meta name=\"robots\" content=\"index, follow, max-snippet:-1, max-image-preview:large, max-video-preview:-1\" \/>\n<link rel=\"canonical\" href=\"https:\/\/www.sonoraenequipo.com.mx\/ricardo-monreal-respalda-a-ariadna-montiel-en-su-camino-a-la-dirigencia-de-morena\/\" \/>\n<meta property=\"og:locale\" content=\"es_ES\" \/>\n<meta property=\"og:type\" content=\"article\" \/>\n<meta property=\"og:title\" content=\"Sonora en Equipo. Ricardo Monreal respalda a Ariadna Montiel en su camino a la dirigencia de Morena Rep\u00fablica\" \/>\n<meta property=\"og:description\" content=\"CIUDAD DE M\u00c9XICO. MX. \u2014 En un encuentro importante en Morena, el senador y l\u00edder parlamentario Ricardo Monreal manifest\u00f3 hoy su apoyo p\u00fablico a Ariadna En Sonora en Equipo publicamos toda la informaci\u00f3n de Sonora, M\u00e9xico y el Mundo de manera oportuna y busca que la libertad de expresi\u00f3n sea real. Visita nuestro medio informativo publicado desde Hermosillo, Sonora. %\" \/>\n<meta property=\"og:url\" content=\"https:\/\/www.sonoraenequipo.com.mx\/ricardo-monreal-respalda-a-ariadna-montiel-en-su-camino-a-la-dirigencia-de-morena\/\" \/>\n<meta property=\"og:site_name\" content=\"Sonora en Equipo.\" \/>\n<meta property=\"article:publisher\" content=\"https:\/\/www.facebook.com\/SonoraEE\/\" \/>\n<meta property=\"article:author\" content=\"https:\/\/www.facebook.com\/SonoraEE\" \/>\n<meta property=\"article:published_time\" content=\"2026-04-30T06:00:16+00:00\" \/>\n<meta property=\"article:modified_time\" content=\"2026-04-30T17:33:26+00:00\" \/>\n<meta property=\"og:image\" content=\"https:\/\/www.sonoraenequipo.com.mx\/storage\/2026\/04\/Ricardo-Monreal-respalda-a-Ariadna-Montiel-1.jpg\" \/>\n\t<meta property=\"og:image:width\" content=\"992\" \/>\n\t<meta property=\"og:image:height\" content=\"676\" \/>\n\t<meta property=\"og:image:type\" content=\"image\/jpeg\" \/>\n<meta name=\"author\" content=\"enequipo\" \/>\n<meta name=\"twitter:card\" content=\"summary_large_image\" \/>\n<meta name=\"twitter:creator\" content=\"@sonoraenequipo\" \/>\n<meta name=\"twitter:site\" content=\"@sonoraenequipo\" \/>\n<meta name=\"twitter:label1\" content=\"Escrito por\" \/>\n\t<meta name=\"twitter:data1\" content=\"enequipo\" \/>\n\t<meta name=\"twitter:label2\" content=\"Tiempo de lectura\" \/>\n\t<meta name=\"twitter:data2\" content=\"1 minuto\" \/>\n<script type=\"application\/ld+json\" class=\"yoast-schema-graph\">{\"@context\":\"https:\/\/schema.org\",\"@graph\":[{\"@type\":\"Article\",\"@id\":\"https:\/\/www.sonoraenequipo.com.mx\/ricardo-monreal-respalda-a-ariadna-montiel-en-su-camino-a-la-dirigencia-de-morena\/#article\",\"isPartOf\":{\"@id\":\"https:\/\/www.sonoraenequipo.com.mx\/ricardo-monreal-respalda-a-ariadna-montiel-en-su-camino-a-la-dirigencia-de-morena\/\"},\"author\":{\"name\":\"enequipo\",\"@id\":\"https:\/\/www.sonoraenequipo.com.mx\/#\/schema\/person\/50102df0fb23a8fa9e8effad8fa81386\"},\"headline\":\"Ricardo Monreal respalda a Ariadna Montiel en su camino a la dirigencia de Morena\",\"datePublished\":\"2026-04-30T06:00:16+00:00\",\"dateModified\":\"2026-04-30T17:33:26+00:00\",\"mainEntityOfPage\":{\"@id\":\"https:\/\/www.sonoraenequipo.com.mx\/ricardo-monreal-respalda-a-ariadna-montiel-en-su-camino-a-la-dirigencia-de-morena\/\"},\"wordCount\":193,\"commentCount\":0,\"publisher\":{\"@id\":\"https:\/\/www.sonoraenequipo.com.mx\/#organization\"},\"image\":{\"@id\":\"https:\/\/www.sonoraenequipo.com.mx\/ricardo-monreal-respalda-a-ariadna-montiel-en-su-camino-a-la-dirigencia-de-morena\/#primaryimage\"},\"thumbnailUrl\":\"https:\/\/www.sonoraenequipo.com.mx\/storage\/2026\/04\/Ricardo-Monreal-respalda-a-Ariadna-Montiel-1.jpg\",\"articleSection\":[\"Rep\u00fablica\"],\"inLanguage\":\"es\",\"potentialAction\":[{\"@type\":\"CommentAction\",\"name\":\"Comment\",\"target\":[\"https:\/\/www.sonoraenequipo.com.mx\/ricardo-monreal-respalda-a-ariadna-montiel-en-su-camino-a-la-dirigencia-de-morena\/#respond\"]}]},{\"@type\":\"WebPage\",\"@id\":\"https:\/\/www.sonoraenequipo.com.mx\/ricardo-monreal-respalda-a-ariadna-montiel-en-su-camino-a-la-dirigencia-de-morena\/\",\"url\":\"https:\/\/www.sonoraenequipo.com.mx\/ricardo-monreal-respalda-a-ariadna-montiel-en-su-camino-a-la-dirigencia-de-morena\/\",\"name\":\"Sonora en Equipo. Ricardo Monreal respalda a Ariadna Montiel en su camino a la dirigencia de Morena Rep\u00fablica\",\"isPartOf\":{\"@id\":\"https:\/\/www.sonoraenequipo.com.mx\/#website\"},\"primaryImageOfPage\":{\"@id\":\"https:\/\/www.sonoraenequipo.com.mx\/ricardo-monreal-respalda-a-ariadna-montiel-en-su-camino-a-la-dirigencia-de-morena\/#primaryimage\"},\"image\":{\"@id\":\"https:\/\/www.sonoraenequipo.com.mx\/ricardo-monreal-respalda-a-ariadna-montiel-en-su-camino-a-la-dirigencia-de-morena\/#primaryimage\"},\"thumbnailUrl\":\"https:\/\/www.sonoraenequipo.com.mx\/storage\/2026\/04\/Ricardo-Monreal-respalda-a-Ariadna-Montiel-1.jpg\",\"datePublished\":\"2026-04-30T06:00:16+00:00\",\"dateModified\":\"2026-04-30T17:33:26+00:00\",\"description\":\"CIUDAD DE M\u00c9XICO. MX. \u2014 En un encuentro importante en Morena, el senador y l\u00edder parlamentario Ricardo Monreal manifest\u00f3 hoy su apoyo p\u00fablico a Ariadna En Sonora en Equipo publicamos toda la informaci\u00f3n de Sonora, M\u00e9xico y el Mundo de manera oportuna y busca que la libertad de expresi\u00f3n sea real. Visita nuestro medio informativo publicado desde Hermosillo, Sonora. %\",\"breadcrumb\":{\"@id\":\"https:\/\/www.sonoraenequipo.com.mx\/ricardo-monreal-respalda-a-ariadna-montiel-en-su-camino-a-la-dirigencia-de-morena\/#breadcrumb\"},\"inLanguage\":\"es\",\"potentialAction\":[{\"@type\":\"ReadAction\",\"target\":[\"https:\/\/www.sonoraenequipo.com.mx\/ricardo-monreal-respalda-a-ariadna-montiel-en-su-camino-a-la-dirigencia-de-morena\/\"]}]},{\"@type\":\"ImageObject\",\"inLanguage\":\"es\",\"@id\":\"https:\/\/www.sonoraenequipo.com.mx\/ricardo-monreal-respalda-a-ariadna-montiel-en-su-camino-a-la-dirigencia-de-morena\/#primaryimage\",\"url\":\"https:\/\/www.sonoraenequipo.com.mx\/storage\/2026\/04\/Ricardo-Monreal-respalda-a-Ariadna-Montiel-1.jpg\",\"contentUrl\":\"https:\/\/www.sonoraenequipo.com.mx\/storage\/2026\/04\/Ricardo-Monreal-respalda-a-Ariadna-Montiel-1.jpg\",\"width\":992,\"height\":676},{\"@type\":\"BreadcrumbList\",\"@id\":\"https:\/\/www.sonoraenequipo.com.mx\/ricardo-monreal-respalda-a-ariadna-montiel-en-su-camino-a-la-dirigencia-de-morena\/#breadcrumb\",\"itemListElement\":[{\"@type\":\"ListItem\",\"position\":1,\"name\":\"Portada\",\"item\":\"https:\/\/www.sonoraenequipo.com.mx\/\"},{\"@type\":\"ListItem\",\"position\":2,\"name\":\"Ricardo Monreal respalda a Ariadna Montiel en su camino a la dirigencia de Morena\"}]},{\"@type\":\"WebSite\",\"@id\":\"https:\/\/www.sonoraenequipo.com.mx\/#website\",\"url\":\"https:\/\/www.sonoraenequipo.com.mx\/\",\"name\":\"Sonora en Equipo.\",\"description\":\"Diario en l\u00ednea con Noticias desde Hermosillo, Sonora\",\"publisher\":{\"@id\":\"https:\/\/www.sonoraenequipo.com.mx\/#organization\"},\"potentialAction\":[{\"@type\":\"SearchAction\",\"target\":{\"@type\":\"EntryPoint\",\"urlTemplate\":\"https:\/\/www.sonoraenequipo.com.mx\/?s={search_term_string}\"},\"query-input\":{\"@type\":\"PropertyValueSpecification\",\"valueRequired\":true,\"valueName\":\"search_term_string\"}}],\"inLanguage\":\"es\"},{\"@type\":\"Organization\",\"@id\":\"https:\/\/www.sonoraenequipo.com.mx\/#organization\",\"name\":\"Sonoraenequipo.com.mx\",\"url\":\"https:\/\/www.sonoraenequipo.com.mx\/\",\"logo\":{\"@type\":\"ImageObject\",\"inLanguage\":\"es\",\"@id\":\"https:\/\/www.sonoraenequipo.com.mx\/#\/schema\/logo\/image\/\",\"url\":\"https:\/\/www.sonoraenequipo.com.mx\/storage\/2019\/01\/sonoraenequipo_opt.png\",\"contentUrl\":\"https:\/\/www.sonoraenequipo.com.mx\/storage\/2019\/01\/sonoraenequipo_opt.png\",\"width\":375,\"height\":125,\"caption\":\"Sonoraenequipo.com.mx\"},\"image\":{\"@id\":\"https:\/\/www.sonoraenequipo.com.mx\/#\/schema\/logo\/image\/\"},\"sameAs\":[\"https:\/\/www.facebook.com\/SonoraEE\/\",\"https:\/\/x.com\/sonoraenequipo\",\"https:\/\/www.youtube.com\/channel\/UC338nW-lPEYmJQs4ZABQ1SQ\"]},{\"@type\":\"Person\",\"@id\":\"https:\/\/www.sonoraenequipo.com.mx\/#\/schema\/person\/50102df0fb23a8fa9e8effad8fa81386\",\"name\":\"enequipo\",\"image\":{\"@type\":\"ImageObject\",\"inLanguage\":\"es\",\"@id\":\"https:\/\/www.sonoraenequipo.com.mx\/#\/schema\/person\/image\/\",\"url\":\"https:\/\/secure.gravatar.com\/avatar\/049821681b589dabc0bc20695993ccebb09f5b5d4d790cd9251b97faac7c652b?s=96&d=blank&r=g\",\"contentUrl\":\"https:\/\/secure.gravatar.com\/avatar\/049821681b589dabc0bc20695993ccebb09f5b5d4d790cd9251b97faac7c652b?s=96&d=blank&r=g\",\"caption\":\"enequipo\"},\"sameAs\":[\"https:\/\/www.facebook.com\/SonoraEE\"]}]}<\/script>\n ","yoast_head_json":{"title":"Sonora en Equipo. Ricardo Monreal respalda a Ariadna Montiel en su camino a la dirigencia de Morena Rep\u00fablica","description":"CIUDAD DE M\u00c9XICO. MX. \u2014 En un encuentro importante en Morena, el senador y l\u00edder parlamentario Ricardo Monreal manifest\u00f3 hoy su apoyo p\u00fablico a Ariadna En Sonora en Equipo publicamos toda la informaci\u00f3n de Sonora, M\u00e9xico y el Mundo de manera oportuna y busca que la libertad de expresi\u00f3n sea real. Visita nuestro medio informativo publicado desde Hermosillo, Sonora. %","robots":{"index":"index","follow":"follow","max-snippet":"max-snippet:-1","max-image-preview":"max-image-preview:large","max-video-preview":"max-video-preview:-1"},"canonical":"https:\/\/www.sonoraenequipo.com.mx\/ricardo-monreal-respalda-a-ariadna-montiel-en-su-camino-a-la-dirigencia-de-morena\/","og_locale":"es_ES","og_type":"article","og_title":"Sonora en Equipo. Ricardo Monreal respalda a Ariadna Montiel en su camino a la dirigencia de Morena Rep\u00fablica","og_description":"CIUDAD DE M\u00c9XICO. MX. \u2014 En un encuentro importante en Morena, el senador y l\u00edder parlamentario Ricardo Monreal manifest\u00f3 hoy su apoyo p\u00fablico a Ariadna En Sonora en Equipo publicamos toda la informaci\u00f3n de Sonora, M\u00e9xico y el Mundo de manera oportuna y busca que la libertad de expresi\u00f3n sea real. Visita nuestro medio informativo publicado desde Hermosillo, Sonora. %","og_url":"https:\/\/www.sonoraenequipo.com.mx\/ricardo-monreal-respalda-a-ariadna-montiel-en-su-camino-a-la-dirigencia-de-morena\/","og_site_name":"Sonora en Equipo.","article_publisher":"https:\/\/www.facebook.com\/SonoraEE\/","article_author":"https:\/\/www.facebook.com\/SonoraEE","article_published_time":"2026-04-30T06:00:16+00:00","article_modified_time":"2026-04-30T17:33:26+00:00","og_image":[{"width":992,"height":676,"url":"https:\/\/www.sonoraenequipo.com.mx\/storage\/2026\/04\/Ricardo-Monreal-respalda-a-Ariadna-Montiel-1.jpg","type":"image\/jpeg"}],"author":"enequipo","twitter_card":"summary_large_image","twitter_creator":"@sonoraenequipo","twitter_site":"@sonoraenequipo","twitter_misc":{"Escrito por":"enequipo","Tiempo de lectura":"1 minuto"},"schema":{"@context":"https:\/\/schema.org","@graph":[{"@type":"Article","@id":"https:\/\/www.sonoraenequipo.com.mx\/ricardo-monreal-respalda-a-ariadna-montiel-en-su-camino-a-la-dirigencia-de-morena\/#article","isPartOf":{"@id":"https:\/\/www.sonoraenequipo.com.mx\/ricardo-monreal-respalda-a-ariadna-montiel-en-su-camino-a-la-dirigencia-de-morena\/"},"author":{"name":"enequipo","@id":"https:\/\/www.sonoraenequipo.com.mx\/#\/schema\/person\/50102df0fb23a8fa9e8effad8fa81386"},"headline":"Ricardo Monreal respalda a Ariadna Montiel en su camino a la dirigencia de Morena","datePublished":"2026-04-30T06:00:16+00:00","dateModified":"2026-04-30T17:33:26+00:00","mainEntityOfPage":{"@id":"https:\/\/www.sonoraenequipo.com.mx\/ricardo-monreal-respalda-a-ariadna-montiel-en-su-camino-a-la-dirigencia-de-morena\/"},"wordCount":193,"commentCount":0,"publisher":{"@id":"https:\/\/www.sonoraenequipo.com.mx\/#organization"},"image":{"@id":"https:\/\/www.sonoraenequipo.com.mx\/ricardo-monreal-respalda-a-ariadna-montiel-en-su-camino-a-la-dirigencia-de-morena\/#primaryimage"},"thumbnailUrl":"https:\/\/www.sonoraenequipo.com.mx\/storage\/2026\/04\/Ricardo-Monreal-respalda-a-Ariadna-Montiel-1.jpg","articleSection":["Rep\u00fablica"],"inLanguage":"es","potentialAction":[{"@type":"CommentAction","name":"Comment","target":["https:\/\/www.sonoraenequipo.com.mx\/ricardo-monreal-respalda-a-ariadna-montiel-en-su-camino-a-la-dirigencia-de-morena\/#respond"]}]},{"@type":"WebPage","@id":"https:\/\/www.sonoraenequipo.com.mx\/ricardo-monreal-respalda-a-ariadna-montiel-en-su-camino-a-la-dirigencia-de-morena\/","url":"https:\/\/www.sonoraenequipo.com.mx\/ricardo-monreal-respalda-a-ariadna-montiel-en-su-camino-a-la-dirigencia-de-morena\/","name":"Sonora en Equipo. Ricardo Monreal respalda a Ariadna Montiel en su camino a la dirigencia de Morena Rep\u00fablica","isPartOf":{"@id":"https:\/\/www.sonoraenequipo.com.mx\/#website"},"primaryImageOfPage":{"@id":"https:\/\/www.sonoraenequipo.com.mx\/ricardo-monreal-respalda-a-ariadna-montiel-en-su-camino-a-la-dirigencia-de-morena\/#primaryimage"},"image":{"@id":"https:\/\/www.sonoraenequipo.com.mx\/ricardo-monreal-respalda-a-ariadna-montiel-en-su-camino-a-la-dirigencia-de-morena\/#primaryimage"},"thumbnailUrl":"https:\/\/www.sonoraenequipo.com.mx\/storage\/2026\/04\/Ricardo-Monreal-respalda-a-Ariadna-Montiel-1.jpg","datePublished":"2026-04-30T06:00:16+00:00","dateModified":"2026-04-30T17:33:26+00:00","description":"CIUDAD DE M\u00c9XICO. MX. \u2014 En un encuentro importante en Morena, el senador y l\u00edder parlamentario Ricardo Monreal manifest\u00f3 hoy su apoyo p\u00fablico a Ariadna En Sonora en Equipo publicamos toda la informaci\u00f3n de Sonora, M\u00e9xico y el Mundo de manera oportuna y busca que la libertad de expresi\u00f3n sea real. Visita nuestro medio informativo publicado desde Hermosillo, Sonora. %","breadcrumb":{"@id":"https:\/\/www.sonoraenequipo.com.mx\/ricardo-monreal-respalda-a-ariadna-montiel-en-su-camino-a-la-dirigencia-de-morena\/#breadcrumb"},"inLanguage":"es","potentialAction":[{"@type":"ReadAction","target":["https:\/\/www.sonoraenequipo.com.mx\/ricardo-monreal-respalda-a-ariadna-montiel-en-su-camino-a-la-dirigencia-de-morena\/"]}]},{"@type":"ImageObject","inLanguage":"es","@id":"https:\/\/www.sonoraenequipo.com.mx\/ricardo-monreal-respalda-a-ariadna-montiel-en-su-camino-a-la-dirigencia-de-morena\/#primaryimage","url":"https:\/\/www.sonoraenequipo.com.mx\/storage\/2026\/04\/Ricardo-Monreal-respalda-a-Ariadna-Montiel-1.jpg","contentUrl":"https:\/\/www.sonoraenequipo.com.mx\/storage\/2026\/04\/Ricardo-Monreal-respalda-a-Ariadna-Montiel-1.jpg","width":992,"height":676},{"@type":"BreadcrumbList","@id":"https:\/\/www.sonoraenequipo.com.mx\/ricardo-monreal-respalda-a-ariadna-montiel-en-su-camino-a-la-dirigencia-de-morena\/#breadcrumb","itemListElement":[{"@type":"ListItem","position":1,"name":"Portada","item":"https:\/\/www.sonoraenequipo.com.mx\/"},{"@type":"ListItem","position":2,"name":"Ricardo Monreal respalda a Ariadna Montiel en su camino a la dirigencia de Morena"}]},{"@type":"WebSite","@id":"https:\/\/www.sonoraenequipo.com.mx\/#website","url":"https:\/\/www.sonoraenequipo.com.mx\/","name":"Sonora en Equipo.","description":"Diario en l\u00ednea con Noticias desde Hermosillo, Sonora","publisher":{"@id":"https:\/\/www.sonoraenequipo.com.mx\/#organization"},"potentialAction":[{"@type":"SearchAction","target":{"@type":"EntryPoint","urlTemplate":"https:\/\/www.sonoraenequipo.com.mx\/?s={search_term_string}"},"query-input":{"@type":"PropertyValueSpecification","valueRequired":true,"valueName":"search_term_string"}}],"inLanguage":"es"},{"@type":"Organization","@id":"https:\/\/www.sonoraenequipo.com.mx\/#organization","name":"Sonoraenequipo.com.mx","url":"https:\/\/www.sonoraenequipo.com.mx\/","logo":{"@type":"ImageObject","inLanguage":"es","@id":"https:\/\/www.sonoraenequipo.com.mx\/#\/schema\/logo\/image\/","url":"https:\/\/www.sonoraenequipo.com.mx\/storage\/2019\/01\/sonoraenequipo_opt.png","contentUrl":"https:\/\/www.sonoraenequipo.com.mx\/storage\/2019\/01\/sonoraenequipo_opt.png","width":375,"height":125,"caption":"Sonoraenequipo.com.mx"},"image":{"@id":"https:\/\/www.sonoraenequipo.com.mx\/#\/schema\/logo\/image\/"},"sameAs":["https:\/\/www.facebook.com\/SonoraEE\/","https:\/\/x.com\/sonoraenequipo","https:\/\/www.youtube.com\/channel\/UC338nW-lPEYmJQs4ZABQ1SQ"]},{"@type":"Person","@id":"https:\/\/www.sonoraenequipo.com.mx\/#\/schema\/person\/50102df0fb23a8fa9e8effad8fa81386","name":"enequipo","image":{"@type":"ImageObject","inLanguage":"es","@id":"https:\/\/www.sonoraenequipo.com.mx\/#\/schema\/person\/image\/","url":"https:\/\/secure.gravatar.com\/avatar\/049821681b589dabc0bc20695993ccebb09f5b5d4d790cd9251b97faac7c652b?s=96&d=blank&r=g","contentUrl":"https:\/\/secure.gravatar.com\/avatar\/049821681b589dabc0bc20695993ccebb09f5b5d4d790cd9251b97faac7c652b?s=96&d=blank&r=g","caption":"enequipo"},"sameAs":["https:\/\/www.facebook.com\/SonoraEE"]}]}},"jetpack_featured_media_url":"https:\/\/www.sonoraenequipo.com.mx\/storage\/2026\/04\/Ricardo-Monreal-respalda-a-Ariadna-Montiel-1.jpg","_links":{"self":[{"href":"https:\/\/www.sonoraenequipo.com.mx\/api\/wp\/v2\/posts\/240913","targetHints":{"allow":["GET"]}}],"collection":[{"href":"https:\/\/www.sonoraenequipo.com.mx\/api\/wp\/v2\/posts"}],"about":[{"href":"https:\/\/www.sonoraenequipo.com.mx\/api\/wp\/v2\/types\/post"}],"author":[{"embeddable":true,"href":"https:\/\/www.sonoraenequipo.com.mx\/api\/wp\/v2\/users\/1"}],"replies":[{"embeddable":true,"href":"https:\/\/www.sonoraenequipo.com.mx\/api\/wp\/v2\/comments?post=240913"}],"version-history":[{"count":1,"href":"https:\/\/www.sonoraenequipo.com.mx\/api\/wp\/v2\/posts\/240913\/revisions"}],"predecessor-version":[{"id":240915,"href":"https:\/\/www.sonoraenequipo.com.mx\/api\/wp\/v2\/posts\/240913\/revisions\/240915"}],"wp:featuredmedia":[{"embeddable":true,"href":"https:\/\/www.sonoraenequipo.com.mx\/api\/wp\/v2\/media\/240914"}],"wp:attachment":[{"href":"https:\/\/www.sonoraenequipo.com.mx\/api\/wp\/v2\/media?parent=240913"}],"wp:term":[{"taxonomy":"category","embeddable":true,"href":"https:\/\/www.sonoraenequipo.com.mx\/api\/wp\/v2\/categories?post=240913"},{"taxonomy":"post_tag","embeddable":true,"href":"https:\/\/www.sonoraenequipo.com.mx\/api\/wp\/v2\/tags?post=240913"}],"curies":[{"name":"wp","href":"https:\/\/api.w.org\/{rel}","templated":true}]}}