{"id":240932,"date":"2026-04-30T16:04:47","date_gmt":"2026-04-30T23:04:47","guid":{"rendered":"https:\/\/www.sonoraenequipo.com.mx\/?p=240932"},"modified":"2026-04-30T16:04:47","modified_gmt":"2026-04-30T23:04:47","slug":"el-proximo-6-de-mayo-de-2026-se-realizara-un-simulacro-nacional","status":"publish","type":"post","link":"https:\/\/www.sonoraenequipo.com.mx\/el-proximo-6-de-mayo-de-2026-se-realizara-un-simulacro-nacional\/","title":{"rendered":"El pr\u00f3ximo 6 de mayo de 2026 se realizar\u00e1 un Simulacro Nacional.\u00a0"},"content":{"rendered":"<p><strong>CIUDAD DE M\u00c9XICO.MX. \u2014<\/strong> En M\u00e9xico, donde la memoria s\u00edsmica sigue presente, las autoridades han reforzado las acciones de prevenci\u00f3n ante un posible terremoto.<\/p>\n<p>&nbsp;<\/p>\n<p>&nbsp;<\/p>\n<p>&nbsp;<\/p>\n<p> <\/p>\n<p>En ese contexto, la Coordinaci\u00f3n Nacional de Protecci\u00f3n Civil (CNPC) lanz\u00f3 una convocatoria nacional para participar en el Primer Simulacro Nacional 2026, que se realizar\u00e1 el pr\u00f3ximo 6 de mayo de 2026. En N+ te contamos los detalles en Recibir\u00e1s Alerta de Terremoto: \u00bfA Qu\u00e9 Hora Llegar\u00e1 a tu Celular el Pr\u00f3ximo Mensaje por Sismo?.<\/p>\n<p>&nbsp;<\/p>\n<p>&nbsp;<\/p>\n<p>En los \u00faltimos d\u00edas se han registrado movimientos tel\u00faricos en el pa\u00eds, en N+ te detallamos en d\u00f3nde: Tiembla Hoy en M\u00e9xico: \u00daltimas Noticias de Epicentro y Magnitud del Sismo del 28 de Abril 2026.<\/p>\n<p>&nbsp;<\/p>\n<p>&nbsp;<\/p>\n<h3>\u00bfEn d\u00f3nde habr\u00e1 vigilancia?<\/h3>\n<p>&nbsp;<\/p>\n<p>El ejercicio estar\u00e1 basado en un escenario de alto impacto, que ser\u00e1 un sismo hipot\u00e9tico de magnitud 8.2 con epicentro en la costa de Guerrero, espec\u00edficamente a unos 55 kil\u00f3metros al noroeste de Acapulco, entre las zonas de Petatl\u00e1n y Coyuca de Ben\u00edtez, por lo que estar\u00e1n en vigilancia.<\/p>\n<p>&nbsp;<\/p>\n<p>&nbsp;<\/p>\n<p>De acuerdo con las autoridades, este supuesto se construy\u00f3 a partir de la llamada \u00abBrecha S\u00edsmica de Guerrero\u00bb, una regi\u00f3n donde se ha acumulado energ\u00eda tect\u00f3nica durante d\u00e9cadas sin registrar un evento mayor desde 1911.<\/p>\n<p>&nbsp;<\/p>\n<p>&nbsp;<\/p>\n<p>Lo que significa que las placas tect\u00f3nicas en esa zona han estado acumulando energ\u00eda durante d\u00e9cadas sin liberarla completamente, lo que incrementa la probabilidad de que en alg\u00fan momento ocurra un terremoto. Considera que un movimiento tel\u00farico no se puede predecir.<\/p>\n<p>&nbsp;<\/p>\n<p>En este escenario, se prev\u00e9 una intensidad extrema en Acapulco y efectos severos en la Ciudad de M\u00e9xico, lo que permitir\u00e1 poner a prueba los protocolos de respuesta ante emergencias de gran escala.<\/p>\n<p>&nbsp;<\/p>\n<p>En Acapulco, como parte de esta jornada, tambi\u00e9n se inaugurar\u00e1 una exposici\u00f3n fotogr\u00e1fica en Expo Mundo Imperial, donde se mostrar\u00e1 la evoluci\u00f3n del sistema de protecci\u00f3n civil en M\u00e9xico a lo largo de cuatro d\u00e9cadas.<\/p>\n<p>&nbsp;<\/p>\n<p>&nbsp;<\/p>\n<p>PUBLICADO EL 30 DE ABRIL 2026 Con informaci\u00f3n de<\/p>\n","protected":false},"excerpt":{"rendered":"<p>CIUDAD DE M\u00c9XICO.MX. \u2014 En M\u00e9xico, donde la memoria s\u00edsmica sigue presente, las autoridades han&#8230;<\/p>\n","protected":false},"author":1,"featured_media":240945,"comment_status":"open","ping_status":"open","sticky":false,"template":"","format":"standard","meta":{"_monsterinsights_skip_tracking":false,"_monsterinsights_sitenote_active":false,"_monsterinsights_sitenote_note":"","_monsterinsights_sitenote_category":0,"footnotes":""},"categories":[5],"tags":[],"class_list":["post"],"yoast_head":" \n<title>Sonora en Equipo. El pr\u00f3ximo 6 de mayo de 2026 se realizar\u00e1 un Simulacro Nacional.\u00a0 Rep\u00fablica<\/title>\n<meta name=\"description\" content=\"CIUDAD DE M\u00c9XICO.MX. \u2014 En M\u00e9xico, donde la memoria s\u00edsmica sigue presente, las autoridades han reforzado las acciones de prevenci\u00f3n ante un posible En Sonora en Equipo publicamos toda la informaci\u00f3n de Sonora, M\u00e9xico y el Mundo de manera oportuna y busca que la libertad de expresi\u00f3n sea real. Visita nuestro medio informativo publicado desde Hermosillo, Sonora. %\" \/>\n<meta name=\"robots\" content=\"index, follow, max-snippet:-1, max-image-preview:large, max-video-preview:-1\" \/>\n<link rel=\"canonical\" href=\"https:\/\/www.sonoraenequipo.com.mx\/el-proximo-6-de-mayo-de-2026-se-realizara-un-simulacro-nacional\/\" \/>\n<meta property=\"og:locale\" content=\"es_ES\" \/>\n<meta property=\"og:type\" content=\"article\" \/>\n<meta property=\"og:title\" content=\"Sonora en Equipo. El pr\u00f3ximo 6 de mayo de 2026 se realizar\u00e1 un Simulacro Nacional.\u00a0 Rep\u00fablica\" \/>\n<meta property=\"og:description\" content=\"CIUDAD DE M\u00c9XICO.MX. \u2014 En M\u00e9xico, donde la memoria s\u00edsmica sigue presente, las autoridades han reforzado las acciones de prevenci\u00f3n ante un posible En Sonora en Equipo publicamos toda la informaci\u00f3n de Sonora, M\u00e9xico y el Mundo de manera oportuna y busca que la libertad de expresi\u00f3n sea real. Visita nuestro medio informativo publicado desde Hermosillo, Sonora. %\" \/>\n<meta property=\"og:url\" content=\"https:\/\/www.sonoraenequipo.com.mx\/el-proximo-6-de-mayo-de-2026-se-realizara-un-simulacro-nacional\/\" \/>\n<meta property=\"og:site_name\" content=\"Sonora en Equipo.\" \/>\n<meta property=\"article:publisher\" content=\"https:\/\/www.facebook.com\/SonoraEE\/\" \/>\n<meta property=\"article:author\" content=\"https:\/\/www.facebook.com\/SonoraEE\" \/>\n<meta property=\"article:published_time\" content=\"2026-04-30T23:04:47+00:00\" \/>\n<meta property=\"og:image\" content=\"https:\/\/www.sonoraenequipo.com.mx\/storage\/2026\/04\/simulacro-nacional-1.jpg\" \/>\n\t<meta property=\"og:image:width\" content=\"1000\" \/>\n\t<meta property=\"og:image:height\" content=\"574\" \/>\n\t<meta property=\"og:image:type\" content=\"image\/jpeg\" \/>\n<meta name=\"author\" content=\"enequipo\" \/>\n<meta name=\"twitter:card\" content=\"summary_large_image\" \/>\n<meta name=\"twitter:creator\" content=\"@sonoraenequipo\" \/>\n<meta name=\"twitter:site\" content=\"@sonoraenequipo\" \/>\n<meta name=\"twitter:label1\" content=\"Escrito por\" \/>\n\t<meta name=\"twitter:data1\" content=\"enequipo\" \/>\n\t<meta name=\"twitter:label2\" content=\"Tiempo de lectura\" \/>\n\t<meta name=\"twitter:data2\" content=\"2 minutos\" \/>\n<script type=\"application\/ld+json\" class=\"yoast-schema-graph\">{\"@context\":\"https:\/\/schema.org\",\"@graph\":[{\"@type\":\"Article\",\"@id\":\"https:\/\/www.sonoraenequipo.com.mx\/el-proximo-6-de-mayo-de-2026-se-realizara-un-simulacro-nacional\/#article\",\"isPartOf\":{\"@id\":\"https:\/\/www.sonoraenequipo.com.mx\/el-proximo-6-de-mayo-de-2026-se-realizara-un-simulacro-nacional\/\"},\"author\":{\"name\":\"enequipo\",\"@id\":\"https:\/\/www.sonoraenequipo.com.mx\/#\/schema\/person\/50102df0fb23a8fa9e8effad8fa81386\"},\"headline\":\"El pr\u00f3ximo 6 de mayo de 2026 se realizar\u00e1 un Simulacro Nacional.\u00a0\",\"datePublished\":\"2026-04-30T23:04:47+00:00\",\"mainEntityOfPage\":{\"@id\":\"https:\/\/www.sonoraenequipo.com.mx\/el-proximo-6-de-mayo-de-2026-se-realizara-un-simulacro-nacional\/\"},\"wordCount\":377,\"commentCount\":0,\"publisher\":{\"@id\":\"https:\/\/www.sonoraenequipo.com.mx\/#organization\"},\"image\":{\"@id\":\"https:\/\/www.sonoraenequipo.com.mx\/el-proximo-6-de-mayo-de-2026-se-realizara-un-simulacro-nacional\/#primaryimage\"},\"thumbnailUrl\":\"https:\/\/www.sonoraenequipo.com.mx\/storage\/2026\/04\/simulacro-nacional-1.jpg\",\"articleSection\":[\"Rep\u00fablica\"],\"inLanguage\":\"es\",\"potentialAction\":[{\"@type\":\"CommentAction\",\"name\":\"Comment\",\"target\":[\"https:\/\/www.sonoraenequipo.com.mx\/el-proximo-6-de-mayo-de-2026-se-realizara-un-simulacro-nacional\/#respond\"]}]},{\"@type\":\"WebPage\",\"@id\":\"https:\/\/www.sonoraenequipo.com.mx\/el-proximo-6-de-mayo-de-2026-se-realizara-un-simulacro-nacional\/\",\"url\":\"https:\/\/www.sonoraenequipo.com.mx\/el-proximo-6-de-mayo-de-2026-se-realizara-un-simulacro-nacional\/\",\"name\":\"Sonora en Equipo. El pr\u00f3ximo 6 de mayo de 2026 se realizar\u00e1 un Simulacro Nacional.\u00a0 Rep\u00fablica\",\"isPartOf\":{\"@id\":\"https:\/\/www.sonoraenequipo.com.mx\/#website\"},\"primaryImageOfPage\":{\"@id\":\"https:\/\/www.sonoraenequipo.com.mx\/el-proximo-6-de-mayo-de-2026-se-realizara-un-simulacro-nacional\/#primaryimage\"},\"image\":{\"@id\":\"https:\/\/www.sonoraenequipo.com.mx\/el-proximo-6-de-mayo-de-2026-se-realizara-un-simulacro-nacional\/#primaryimage\"},\"thumbnailUrl\":\"https:\/\/www.sonoraenequipo.com.mx\/storage\/2026\/04\/simulacro-nacional-1.jpg\",\"datePublished\":\"2026-04-30T23:04:47+00:00\",\"description\":\"CIUDAD DE M\u00c9XICO.MX. \u2014 En M\u00e9xico, donde la memoria s\u00edsmica sigue presente, las autoridades han reforzado las acciones de prevenci\u00f3n ante un posible En Sonora en Equipo publicamos toda la informaci\u00f3n de Sonora, M\u00e9xico y el Mundo de manera oportuna y busca que la libertad de expresi\u00f3n sea real. Visita nuestro medio informativo publicado desde Hermosillo, Sonora. %\",\"breadcrumb\":{\"@id\":\"https:\/\/www.sonoraenequipo.com.mx\/el-proximo-6-de-mayo-de-2026-se-realizara-un-simulacro-nacional\/#breadcrumb\"},\"inLanguage\":\"es\",\"potentialAction\":[{\"@type\":\"ReadAction\",\"target\":[\"https:\/\/www.sonoraenequipo.com.mx\/el-proximo-6-de-mayo-de-2026-se-realizara-un-simulacro-nacional\/\"]}]},{\"@type\":\"ImageObject\",\"inLanguage\":\"es\",\"@id\":\"https:\/\/www.sonoraenequipo.com.mx\/el-proximo-6-de-mayo-de-2026-se-realizara-un-simulacro-nacional\/#primaryimage\",\"url\":\"https:\/\/www.sonoraenequipo.com.mx\/storage\/2026\/04\/simulacro-nacional-1.jpg\",\"contentUrl\":\"https:\/\/www.sonoraenequipo.com.mx\/storage\/2026\/04\/simulacro-nacional-1.jpg\",\"width\":1000,\"height\":574},{\"@type\":\"BreadcrumbList\",\"@id\":\"https:\/\/www.sonoraenequipo.com.mx\/el-proximo-6-de-mayo-de-2026-se-realizara-un-simulacro-nacional\/#breadcrumb\",\"itemListElement\":[{\"@type\":\"ListItem\",\"position\":1,\"name\":\"Portada\",\"item\":\"https:\/\/www.sonoraenequipo.com.mx\/\"},{\"@type\":\"ListItem\",\"position\":2,\"name\":\"El pr\u00f3ximo 6 de mayo de 2026 se realizar\u00e1 un Simulacro Nacional.\u00a0\"}]},{\"@type\":\"WebSite\",\"@id\":\"https:\/\/www.sonoraenequipo.com.mx\/#website\",\"url\":\"https:\/\/www.sonoraenequipo.com.mx\/\",\"name\":\"Sonora en Equipo.\",\"description\":\"Diario en l\u00ednea con Noticias desde Hermosillo, Sonora\",\"publisher\":{\"@id\":\"https:\/\/www.sonoraenequipo.com.mx\/#organization\"},\"potentialAction\":[{\"@type\":\"SearchAction\",\"target\":{\"@type\":\"EntryPoint\",\"urlTemplate\":\"https:\/\/www.sonoraenequipo.com.mx\/?s={search_term_string}\"},\"query-input\":{\"@type\":\"PropertyValueSpecification\",\"valueRequired\":true,\"valueName\":\"search_term_string\"}}],\"inLanguage\":\"es\"},{\"@type\":\"Organization\",\"@id\":\"https:\/\/www.sonoraenequipo.com.mx\/#organization\",\"name\":\"Sonoraenequipo.com.mx\",\"url\":\"https:\/\/www.sonoraenequipo.com.mx\/\",\"logo\":{\"@type\":\"ImageObject\",\"inLanguage\":\"es\",\"@id\":\"https:\/\/www.sonoraenequipo.com.mx\/#\/schema\/logo\/image\/\",\"url\":\"https:\/\/www.sonoraenequipo.com.mx\/storage\/2019\/01\/sonoraenequipo_opt.png\",\"contentUrl\":\"https:\/\/www.sonoraenequipo.com.mx\/storage\/2019\/01\/sonoraenequipo_opt.png\",\"width\":375,\"height\":125,\"caption\":\"Sonoraenequipo.com.mx\"},\"image\":{\"@id\":\"https:\/\/www.sonoraenequipo.com.mx\/#\/schema\/logo\/image\/\"},\"sameAs\":[\"https:\/\/www.facebook.com\/SonoraEE\/\",\"https:\/\/x.com\/sonoraenequipo\",\"https:\/\/www.youtube.com\/channel\/UC338nW-lPEYmJQs4ZABQ1SQ\"]},{\"@type\":\"Person\",\"@id\":\"https:\/\/www.sonoraenequipo.com.mx\/#\/schema\/person\/50102df0fb23a8fa9e8effad8fa81386\",\"name\":\"enequipo\",\"image\":{\"@type\":\"ImageObject\",\"inLanguage\":\"es\",\"@id\":\"https:\/\/www.sonoraenequipo.com.mx\/#\/schema\/person\/image\/\",\"url\":\"https:\/\/secure.gravatar.com\/avatar\/049821681b589dabc0bc20695993ccebb09f5b5d4d790cd9251b97faac7c652b?s=96&d=blank&r=g\",\"contentUrl\":\"https:\/\/secure.gravatar.com\/avatar\/049821681b589dabc0bc20695993ccebb09f5b5d4d790cd9251b97faac7c652b?s=96&d=blank&r=g\",\"caption\":\"enequipo\"},\"sameAs\":[\"https:\/\/www.facebook.com\/SonoraEE\"]}]}<\/script>\n ","yoast_head_json":{"title":"Sonora en Equipo. El pr\u00f3ximo 6 de mayo de 2026 se realizar\u00e1 un Simulacro Nacional.\u00a0 Rep\u00fablica","description":"CIUDAD DE M\u00c9XICO.MX. \u2014 En M\u00e9xico, donde la memoria s\u00edsmica sigue presente, las autoridades han reforzado las acciones de prevenci\u00f3n ante un posible En Sonora en Equipo publicamos toda la informaci\u00f3n de Sonora, M\u00e9xico y el Mundo de manera oportuna y busca que la libertad de expresi\u00f3n sea real. Visita nuestro medio informativo publicado desde Hermosillo, Sonora. %","robots":{"index":"index","follow":"follow","max-snippet":"max-snippet:-1","max-image-preview":"max-image-preview:large","max-video-preview":"max-video-preview:-1"},"canonical":"https:\/\/www.sonoraenequipo.com.mx\/el-proximo-6-de-mayo-de-2026-se-realizara-un-simulacro-nacional\/","og_locale":"es_ES","og_type":"article","og_title":"Sonora en Equipo. El pr\u00f3ximo 6 de mayo de 2026 se realizar\u00e1 un Simulacro Nacional.\u00a0 Rep\u00fablica","og_description":"CIUDAD DE M\u00c9XICO.MX. \u2014 En M\u00e9xico, donde la memoria s\u00edsmica sigue presente, las autoridades han reforzado las acciones de prevenci\u00f3n ante un posible En Sonora en Equipo publicamos toda la informaci\u00f3n de Sonora, M\u00e9xico y el Mundo de manera oportuna y busca que la libertad de expresi\u00f3n sea real. Visita nuestro medio informativo publicado desde Hermosillo, Sonora. %","og_url":"https:\/\/www.sonoraenequipo.com.mx\/el-proximo-6-de-mayo-de-2026-se-realizara-un-simulacro-nacional\/","og_site_name":"Sonora en Equipo.","article_publisher":"https:\/\/www.facebook.com\/SonoraEE\/","article_author":"https:\/\/www.facebook.com\/SonoraEE","article_published_time":"2026-04-30T23:04:47+00:00","og_image":[{"width":1000,"height":574,"url":"https:\/\/www.sonoraenequipo.com.mx\/storage\/2026\/04\/simulacro-nacional-1.jpg","type":"image\/jpeg"}],"author":"enequipo","twitter_card":"summary_large_image","twitter_creator":"@sonoraenequipo","twitter_site":"@sonoraenequipo","twitter_misc":{"Escrito por":"enequipo","Tiempo de lectura":"2 minutos"},"schema":{"@context":"https:\/\/schema.org","@graph":[{"@type":"Article","@id":"https:\/\/www.sonoraenequipo.com.mx\/el-proximo-6-de-mayo-de-2026-se-realizara-un-simulacro-nacional\/#article","isPartOf":{"@id":"https:\/\/www.sonoraenequipo.com.mx\/el-proximo-6-de-mayo-de-2026-se-realizara-un-simulacro-nacional\/"},"author":{"name":"enequipo","@id":"https:\/\/www.sonoraenequipo.com.mx\/#\/schema\/person\/50102df0fb23a8fa9e8effad8fa81386"},"headline":"El pr\u00f3ximo 6 de mayo de 2026 se realizar\u00e1 un Simulacro Nacional.\u00a0","datePublished":"2026-04-30T23:04:47+00:00","mainEntityOfPage":{"@id":"https:\/\/www.sonoraenequipo.com.mx\/el-proximo-6-de-mayo-de-2026-se-realizara-un-simulacro-nacional\/"},"wordCount":377,"commentCount":0,"publisher":{"@id":"https:\/\/www.sonoraenequipo.com.mx\/#organization"},"image":{"@id":"https:\/\/www.sonoraenequipo.com.mx\/el-proximo-6-de-mayo-de-2026-se-realizara-un-simulacro-nacional\/#primaryimage"},"thumbnailUrl":"https:\/\/www.sonoraenequipo.com.mx\/storage\/2026\/04\/simulacro-nacional-1.jpg","articleSection":["Rep\u00fablica"],"inLanguage":"es","potentialAction":[{"@type":"CommentAction","name":"Comment","target":["https:\/\/www.sonoraenequipo.com.mx\/el-proximo-6-de-mayo-de-2026-se-realizara-un-simulacro-nacional\/#respond"]}]},{"@type":"WebPage","@id":"https:\/\/www.sonoraenequipo.com.mx\/el-proximo-6-de-mayo-de-2026-se-realizara-un-simulacro-nacional\/","url":"https:\/\/www.sonoraenequipo.com.mx\/el-proximo-6-de-mayo-de-2026-se-realizara-un-simulacro-nacional\/","name":"Sonora en Equipo. El pr\u00f3ximo 6 de mayo de 2026 se realizar\u00e1 un Simulacro Nacional.\u00a0 Rep\u00fablica","isPartOf":{"@id":"https:\/\/www.sonoraenequipo.com.mx\/#website"},"primaryImageOfPage":{"@id":"https:\/\/www.sonoraenequipo.com.mx\/el-proximo-6-de-mayo-de-2026-se-realizara-un-simulacro-nacional\/#primaryimage"},"image":{"@id":"https:\/\/www.sonoraenequipo.com.mx\/el-proximo-6-de-mayo-de-2026-se-realizara-un-simulacro-nacional\/#primaryimage"},"thumbnailUrl":"https:\/\/www.sonoraenequipo.com.mx\/storage\/2026\/04\/simulacro-nacional-1.jpg","datePublished":"2026-04-30T23:04:47+00:00","description":"CIUDAD DE M\u00c9XICO.MX. \u2014 En M\u00e9xico, donde la memoria s\u00edsmica sigue presente, las autoridades han reforzado las acciones de prevenci\u00f3n ante un posible En Sonora en Equipo publicamos toda la informaci\u00f3n de Sonora, M\u00e9xico y el Mundo de manera oportuna y busca que la libertad de expresi\u00f3n sea real. Visita nuestro medio informativo publicado desde Hermosillo, Sonora. %","breadcrumb":{"@id":"https:\/\/www.sonoraenequipo.com.mx\/el-proximo-6-de-mayo-de-2026-se-realizara-un-simulacro-nacional\/#breadcrumb"},"inLanguage":"es","potentialAction":[{"@type":"ReadAction","target":["https:\/\/www.sonoraenequipo.com.mx\/el-proximo-6-de-mayo-de-2026-se-realizara-un-simulacro-nacional\/"]}]},{"@type":"ImageObject","inLanguage":"es","@id":"https:\/\/www.sonoraenequipo.com.mx\/el-proximo-6-de-mayo-de-2026-se-realizara-un-simulacro-nacional\/#primaryimage","url":"https:\/\/www.sonoraenequipo.com.mx\/storage\/2026\/04\/simulacro-nacional-1.jpg","contentUrl":"https:\/\/www.sonoraenequipo.com.mx\/storage\/2026\/04\/simulacro-nacional-1.jpg","width":1000,"height":574},{"@type":"BreadcrumbList","@id":"https:\/\/www.sonoraenequipo.com.mx\/el-proximo-6-de-mayo-de-2026-se-realizara-un-simulacro-nacional\/#breadcrumb","itemListElement":[{"@type":"ListItem","position":1,"name":"Portada","item":"https:\/\/www.sonoraenequipo.com.mx\/"},{"@type":"ListItem","position":2,"name":"El pr\u00f3ximo 6 de mayo de 2026 se realizar\u00e1 un Simulacro Nacional.\u00a0"}]},{"@type":"WebSite","@id":"https:\/\/www.sonoraenequipo.com.mx\/#website","url":"https:\/\/www.sonoraenequipo.com.mx\/","name":"Sonora en Equipo.","description":"Diario en l\u00ednea con Noticias desde Hermosillo, Sonora","publisher":{"@id":"https:\/\/www.sonoraenequipo.com.mx\/#organization"},"potentialAction":[{"@type":"SearchAction","target":{"@type":"EntryPoint","urlTemplate":"https:\/\/www.sonoraenequipo.com.mx\/?s={search_term_string}"},"query-input":{"@type":"PropertyValueSpecification","valueRequired":true,"valueName":"search_term_string"}}],"inLanguage":"es"},{"@type":"Organization","@id":"https:\/\/www.sonoraenequipo.com.mx\/#organization","name":"Sonoraenequipo.com.mx","url":"https:\/\/www.sonoraenequipo.com.mx\/","logo":{"@type":"ImageObject","inLanguage":"es","@id":"https:\/\/www.sonoraenequipo.com.mx\/#\/schema\/logo\/image\/","url":"https:\/\/www.sonoraenequipo.com.mx\/storage\/2019\/01\/sonoraenequipo_opt.png","contentUrl":"https:\/\/www.sonoraenequipo.com.mx\/storage\/2019\/01\/sonoraenequipo_opt.png","width":375,"height":125,"caption":"Sonoraenequipo.com.mx"},"image":{"@id":"https:\/\/www.sonoraenequipo.com.mx\/#\/schema\/logo\/image\/"},"sameAs":["https:\/\/www.facebook.com\/SonoraEE\/","https:\/\/x.com\/sonoraenequipo","https:\/\/www.youtube.com\/channel\/UC338nW-lPEYmJQs4ZABQ1SQ"]},{"@type":"Person","@id":"https:\/\/www.sonoraenequipo.com.mx\/#\/schema\/person\/50102df0fb23a8fa9e8effad8fa81386","name":"enequipo","image":{"@type":"ImageObject","inLanguage":"es","@id":"https:\/\/www.sonoraenequipo.com.mx\/#\/schema\/person\/image\/","url":"https:\/\/secure.gravatar.com\/avatar\/049821681b589dabc0bc20695993ccebb09f5b5d4d790cd9251b97faac7c652b?s=96&d=blank&r=g","contentUrl":"https:\/\/secure.gravatar.com\/avatar\/049821681b589dabc0bc20695993ccebb09f5b5d4d790cd9251b97faac7c652b?s=96&d=blank&r=g","caption":"enequipo"},"sameAs":["https:\/\/www.facebook.com\/SonoraEE"]}]}},"jetpack_featured_media_url":"https:\/\/www.sonoraenequipo.com.mx\/storage\/2026\/04\/simulacro-nacional-1.jpg","_links":{"self":[{"href":"https:\/\/www.sonoraenequipo.com.mx\/api\/wp\/v2\/posts\/240932","targetHints":{"allow":["GET"]}}],"collection":[{"href":"https:\/\/www.sonoraenequipo.com.mx\/api\/wp\/v2\/posts"}],"about":[{"href":"https:\/\/www.sonoraenequipo.com.mx\/api\/wp\/v2\/types\/post"}],"author":[{"embeddable":true,"href":"https:\/\/www.sonoraenequipo.com.mx\/api\/wp\/v2\/users\/1"}],"replies":[{"embeddable":true,"href":"https:\/\/www.sonoraenequipo.com.mx\/api\/wp\/v2\/comments?post=240932"}],"version-history":[{"count":1,"href":"https:\/\/www.sonoraenequipo.com.mx\/api\/wp\/v2\/posts\/240932\/revisions"}],"predecessor-version":[{"id":240946,"href":"https:\/\/www.sonoraenequipo.com.mx\/api\/wp\/v2\/posts\/240932\/revisions\/240946"}],"wp:featuredmedia":[{"embeddable":true,"href":"https:\/\/www.sonoraenequipo.com.mx\/api\/wp\/v2\/media\/240945"}],"wp:attachment":[{"href":"https:\/\/www.sonoraenequipo.com.mx\/api\/wp\/v2\/media?parent=240932"}],"wp:term":[{"taxonomy":"category","embeddable":true,"href":"https:\/\/www.sonoraenequipo.com.mx\/api\/wp\/v2\/categories?post=240932"},{"taxonomy":"post_tag","embeddable":true,"href":"https:\/\/www.sonoraenequipo.com.mx\/api\/wp\/v2\/tags?post=240932"}],"curies":[{"name":"wp","href":"https:\/\/api.w.org\/{rel}","templated":true}]}}