{"id":240933,"date":"2026-04-30T14:15:11","date_gmt":"2026-04-30T21:15:11","guid":{"rendered":"https:\/\/www.sonoraenequipo.com.mx\/?p=240933"},"modified":"2026-04-30T14:17:38","modified_gmt":"2026-04-30T21:17:38","slug":"nuevas-generaciones-retrasan-salida-del-hogar-migran-menos-y-tienen-descendencia-mas-tarde","status":"publish","type":"post","link":"https:\/\/www.sonoraenequipo.com.mx\/nuevas-generaciones-retrasan-salida-del-hogar-migran-menos-y-tienen-descendencia-mas-tarde\/","title":{"rendered":"Nuevas generaciones retrasan salida del hogar, migran menos y tienen descendencia m\u00e1s tarde"},"content":{"rendered":"<p>Nuevas generaciones retrasan salida del hogar, migran menos y tienen descendencia m\u00e1s tarde<\/p>\n<p>&nbsp;<\/p>\n<ul>\n<li>De quienes nacieron entre 1998 y 2007, 16.9 % se independiz\u00f3 de su hogar de origen en sus primeros 18 a\u00f1os, en contraste con 31.1 % de la generaci\u00f3n<\/li>\n<\/ul>\n<p>1961-1967.<\/p>\n<ul>\n<li>En la generaci\u00f3n m\u00e1s joven, 15.0\u2009% inici\u00f3 su primera uni\u00f3n con otra persona en sus primeros 18 a\u00f1os, frente a 22.4\u2009% de la generaci\u00f3n mayor.<\/li>\n<li>La migraci\u00f3n en edades tempranas disminuy\u00f3 entre generaciones: pas\u00f3 de 21.3 % en la de 1961-1967 a 14.4 % en la de 1998-2007.<\/li>\n<li>Tener a la primera hija o hijo en sus primeros 18 a\u00f1os tambi\u00e9n disminuy\u00f3 en la generaci\u00f3n m\u00e1s joven: el porcentaje pas\u00f3 de 15.9 a 10.8.<\/li>\n<\/ul>\n<p>El Instituto Nacional de Estad\u00edstica y Geograf\u00eda (INEGI) presenta los resultados de la Encuesta Demogr\u00e1fica Retrospectiva (EDER) 2025. Esta aporta informaci\u00f3n estad\u00edstica sobre las trayectorias de vida de la poblaci\u00f3n de 18 a 64 a\u00f1os que reside en M\u00e9xico. La EDER registr\u00f3 los procesos biogr\u00e1ficos y eventos clave desde la infancia y la juventud hasta la etapa actual de las personas. De este modo, la encuesta permite reconstruir eventos vinculados con cambios de residencia, vivienda, escolaridad, trabajo, sost\u00e9n econ\u00f3mico, cuidados, familia, reproducci\u00f3n y anticoncepci\u00f3n. Lo anterior ofrece una visi\u00f3n integral de los procesos demogr\u00e1ficos y sociales, as\u00ed como informaci\u00f3n sobre la salud y las condiciones de vida.<\/p>\n<p>La EDER 2025 ampl\u00eda la informaci\u00f3n para el an\u00e1lisis intergeneracional y alcance temporal, al aumentar su poblaci\u00f3n objetivo respecto a las ediciones anteriores: pas\u00f3 de 20 a 54 a\u00f1os en 2017 a 18 a 64 a\u00f1os en la presente. As\u00ed, se consolida como encuesta independiente y de alcance nacional.<\/p>\n<ol>\n<li><strong> POBLACI\u00d3N POR COHORTE <\/strong><\/li>\n<\/ol>\n<p>La poblaci\u00f3n objetivo en la EDER 2025 se conform\u00f3 por 81.1 millones de personas de entre<\/p>\n<p>18 y 64 a\u00f1os. Estas personas se categorizaron en cinco grupos de nacimiento (cohortes) para comparar las trayectorias de distintas generaciones. La cohorte con mayor edad, nacida entre 1961 y 1967 (personas de 58 a 64 a\u00f1os en 2025, concentr\u00f3 a 8.9 millones de personas (11.8 %), mientras que la siguiente, de 1968 a 1977 (48 a 57 a\u00f1os), reuni\u00f3 a 16.5 millones (21.3 %).<\/p>\n<p>La cohorte de 1978 a 1987 (38 a 47 a\u00f1os) sum\u00f3 17.0 millones (21.4 %), la de 1988 a 1997<\/p>\n<p>(28 a 37 a\u00f1os) alcanz\u00f3 18.4 millones (22.3 %) y la m\u00e1s joven, nacida entre 1998 y 2007<\/p>\n<p>(18 a 27 a\u00f1os), se integr\u00f3 por 19.4 millones de personas (23.1 %).<\/p>\n<p>Cohorte:<mark class=\"HxTRcb\" data-sfc-root=\"c\" data-sfc-cb=\"\" data-processed=\"true\" data-copy-service-computed-style=\"font-family: &quot;Google Sans&quot;, Arial, sans-serif; font-size: 16px; font-weight: 500; margin: 0px; text-decoration: none; border-bottom: 0px rgb(0, 29, 53);\">grupo de personas que comparten una caracter\u00edstica, experiencia o exposici\u00f3n com\u00fan durante un per\u00edodo determinado y que son estudiadas en conjunto a lo largo del tiempo <\/mark>.<\/p>\n<p>&nbsp;<\/p>\n<ol>\n<li><strong> PRINCIPALES RESULTADOS<\/strong><\/li>\n<\/ol>\n<p>&nbsp;<\/p>\n<p><strong>Migraci\u00f3n<\/strong><\/p>\n<p>La migraci\u00f3n en los primeros 18 a\u00f1os mostr\u00f3 una tendencia descendente en las diferentes generaciones: el porcentaje acumulado en las cohortes 1961-1967 y 1998-2007 pas\u00f3 de<\/p>\n<p>21.3 a 14.4, respectivamente. Seg\u00fan sexo, la disminuci\u00f3n fue de 20.9 a 14.8\u2009% en mujeres, y de 21.8 a 14.1\u2009% en hombres.<\/p>\n<p>Asimismo, en todas las generaciones, quienes se encontraban en localidades urbanas (de 2 500 habitantes y m\u00e1s) migraron m\u00e1s en los primeros 18 a\u00f1os de vida que quienes se encontraban en localidades rurales (de menos de 2 500 habitantes). Para personas en localidades urbanas en la cohorte 1961-1967, las cifras fueron de 23.0 % en mujeres y 23.4 % en hombres. Ahora bien, para personas en localidades rurales, las cifras fueron 12.2 y 15.9 %, respectivamente. Para la cohorte 1998-2007, los porcentajes se redujeron a 15.6 y 14.9 en localidades urbanas, y a 11.5 y 10.7 en localidades rurales, respectivamente.<\/p>\n<p><strong>Fecha de publicaci\u00f3n jueves 30 de abril de 2026<\/strong><\/p>\n","protected":false},"excerpt":{"rendered":"<p>Nuevas generaciones retrasan salida del hogar, migran menos y tienen descendencia m\u00e1s tarde &nbsp; De&#8230;<\/p>\n","protected":false},"author":1,"featured_media":240934,"comment_status":"open","ping_status":"open","sticky":false,"template":"","format":"standard","meta":{"_monsterinsights_skip_tracking":false,"_monsterinsights_sitenote_active":false,"_monsterinsights_sitenote_note":"","_monsterinsights_sitenote_category":0,"footnotes":""},"categories":[6493],"tags":[12650,2378],"class_list":["post"],"yoast_head":" \n<title>Sonora en Equipo. Nuevas generaciones retrasan salida del hogar, migran menos y tienen descendencia m\u00e1s tarde PALABRAS Y N\u00daMEROS<\/title>\n<meta name=\"description\" content=\"Nuevas generaciones retrasan salida del hogar, migran menos y tienen descendencia m\u00e1s tarde &nbsp; De quienes nacieron entre 1998 y 2007, 16.9 % se En Sonora en Equipo publicamos toda la informaci\u00f3n de Sonora, M\u00e9xico y el Mundo de manera oportuna y busca que la libertad de expresi\u00f3n sea real. Visita nuestro medio informativo publicado desde Hermosillo, Sonora. %\" \/>\n<meta name=\"robots\" content=\"index, follow, max-snippet:-1, max-image-preview:large, max-video-preview:-1\" \/>\n<link rel=\"canonical\" href=\"https:\/\/www.sonoraenequipo.com.mx\/nuevas-generaciones-retrasan-salida-del-hogar-migran-menos-y-tienen-descendencia-mas-tarde\/\" \/>\n<meta property=\"og:locale\" content=\"es_ES\" \/>\n<meta property=\"og:type\" content=\"article\" \/>\n<meta property=\"og:title\" content=\"Sonora en Equipo. Nuevas generaciones retrasan salida del hogar, migran menos y tienen descendencia m\u00e1s tarde PALABRAS Y N\u00daMEROS\" \/>\n<meta property=\"og:description\" content=\"Nuevas generaciones retrasan salida del hogar, migran menos y tienen descendencia m\u00e1s tarde &nbsp; De quienes nacieron entre 1998 y 2007, 16.9 % se En Sonora en Equipo publicamos toda la informaci\u00f3n de Sonora, M\u00e9xico y el Mundo de manera oportuna y busca que la libertad de expresi\u00f3n sea real. Visita nuestro medio informativo publicado desde Hermosillo, Sonora. %\" \/>\n<meta property=\"og:url\" content=\"https:\/\/www.sonoraenequipo.com.mx\/nuevas-generaciones-retrasan-salida-del-hogar-migran-menos-y-tienen-descendencia-mas-tarde\/\" \/>\n<meta property=\"og:site_name\" content=\"Sonora en Equipo.\" \/>\n<meta property=\"article:publisher\" content=\"https:\/\/www.facebook.com\/SonoraEE\/\" \/>\n<meta property=\"article:author\" content=\"https:\/\/www.facebook.com\/SonoraEE\" \/>\n<meta property=\"article:published_time\" content=\"2026-04-30T21:15:11+00:00\" \/>\n<meta property=\"article:modified_time\" content=\"2026-04-30T21:17:38+00:00\" \/>\n<meta property=\"og:image\" content=\"https:\/\/www.sonoraenequipo.com.mx\/storage\/2026\/04\/cohorte.jpg\" \/>\n\t<meta property=\"og:image:width\" content=\"600\" \/>\n\t<meta property=\"og:image:height\" content=\"400\" \/>\n\t<meta property=\"og:image:type\" content=\"image\/jpeg\" \/>\n<meta name=\"author\" content=\"enequipo\" \/>\n<meta name=\"twitter:card\" content=\"summary_large_image\" \/>\n<meta name=\"twitter:creator\" content=\"@sonoraenequipo\" \/>\n<meta name=\"twitter:site\" content=\"@sonoraenequipo\" \/>\n<meta name=\"twitter:label1\" content=\"Escrito por\" \/>\n\t<meta name=\"twitter:data1\" content=\"enequipo\" \/>\n\t<meta name=\"twitter:label2\" content=\"Tiempo de lectura\" \/>\n\t<meta name=\"twitter:data2\" content=\"3 minutos\" \/>\n<script type=\"application\/ld+json\" class=\"yoast-schema-graph\">{\"@context\":\"https:\/\/schema.org\",\"@graph\":[{\"@type\":\"Article\",\"@id\":\"https:\/\/www.sonoraenequipo.com.mx\/nuevas-generaciones-retrasan-salida-del-hogar-migran-menos-y-tienen-descendencia-mas-tarde\/#article\",\"isPartOf\":{\"@id\":\"https:\/\/www.sonoraenequipo.com.mx\/nuevas-generaciones-retrasan-salida-del-hogar-migran-menos-y-tienen-descendencia-mas-tarde\/\"},\"author\":{\"name\":\"enequipo\",\"@id\":\"https:\/\/www.sonoraenequipo.com.mx\/#\/schema\/person\/50102df0fb23a8fa9e8effad8fa81386\"},\"headline\":\"Nuevas generaciones retrasan salida del hogar, migran menos y tienen descendencia m\u00e1s tarde\",\"datePublished\":\"2026-04-30T21:15:11+00:00\",\"dateModified\":\"2026-04-30T21:17:38+00:00\",\"mainEntityOfPage\":{\"@id\":\"https:\/\/www.sonoraenequipo.com.mx\/nuevas-generaciones-retrasan-salida-del-hogar-migran-menos-y-tienen-descendencia-mas-tarde\/\"},\"wordCount\":578,\"commentCount\":0,\"publisher\":{\"@id\":\"https:\/\/www.sonoraenequipo.com.mx\/#organization\"},\"image\":{\"@id\":\"https:\/\/www.sonoraenequipo.com.mx\/nuevas-generaciones-retrasan-salida-del-hogar-migran-menos-y-tienen-descendencia-mas-tarde\/#primaryimage\"},\"thumbnailUrl\":\"https:\/\/www.sonoraenequipo.com.mx\/storage\/2026\/04\/cohorte.jpg\",\"keywords\":[\"cohorte\",\"INEGI\"],\"articleSection\":[\"PALABRAS Y N\u00daMEROS\"],\"inLanguage\":\"es\",\"potentialAction\":[{\"@type\":\"CommentAction\",\"name\":\"Comment\",\"target\":[\"https:\/\/www.sonoraenequipo.com.mx\/nuevas-generaciones-retrasan-salida-del-hogar-migran-menos-y-tienen-descendencia-mas-tarde\/#respond\"]}]},{\"@type\":\"WebPage\",\"@id\":\"https:\/\/www.sonoraenequipo.com.mx\/nuevas-generaciones-retrasan-salida-del-hogar-migran-menos-y-tienen-descendencia-mas-tarde\/\",\"url\":\"https:\/\/www.sonoraenequipo.com.mx\/nuevas-generaciones-retrasan-salida-del-hogar-migran-menos-y-tienen-descendencia-mas-tarde\/\",\"name\":\"Sonora en Equipo. Nuevas generaciones retrasan salida del hogar, migran menos y tienen descendencia m\u00e1s tarde PALABRAS Y N\u00daMEROS\",\"isPartOf\":{\"@id\":\"https:\/\/www.sonoraenequipo.com.mx\/#website\"},\"primaryImageOfPage\":{\"@id\":\"https:\/\/www.sonoraenequipo.com.mx\/nuevas-generaciones-retrasan-salida-del-hogar-migran-menos-y-tienen-descendencia-mas-tarde\/#primaryimage\"},\"image\":{\"@id\":\"https:\/\/www.sonoraenequipo.com.mx\/nuevas-generaciones-retrasan-salida-del-hogar-migran-menos-y-tienen-descendencia-mas-tarde\/#primaryimage\"},\"thumbnailUrl\":\"https:\/\/www.sonoraenequipo.com.mx\/storage\/2026\/04\/cohorte.jpg\",\"datePublished\":\"2026-04-30T21:15:11+00:00\",\"dateModified\":\"2026-04-30T21:17:38+00:00\",\"description\":\"Nuevas generaciones retrasan salida del hogar, migran menos y tienen descendencia m\u00e1s tarde &nbsp; De quienes nacieron entre 1998 y 2007, 16.9 % se En Sonora en Equipo publicamos toda la informaci\u00f3n de Sonora, M\u00e9xico y el Mundo de manera oportuna y busca que la libertad de expresi\u00f3n sea real. Visita nuestro medio informativo publicado desde Hermosillo, Sonora. %\",\"breadcrumb\":{\"@id\":\"https:\/\/www.sonoraenequipo.com.mx\/nuevas-generaciones-retrasan-salida-del-hogar-migran-menos-y-tienen-descendencia-mas-tarde\/#breadcrumb\"},\"inLanguage\":\"es\",\"potentialAction\":[{\"@type\":\"ReadAction\",\"target\":[\"https:\/\/www.sonoraenequipo.com.mx\/nuevas-generaciones-retrasan-salida-del-hogar-migran-menos-y-tienen-descendencia-mas-tarde\/\"]}]},{\"@type\":\"ImageObject\",\"inLanguage\":\"es\",\"@id\":\"https:\/\/www.sonoraenequipo.com.mx\/nuevas-generaciones-retrasan-salida-del-hogar-migran-menos-y-tienen-descendencia-mas-tarde\/#primaryimage\",\"url\":\"https:\/\/www.sonoraenequipo.com.mx\/storage\/2026\/04\/cohorte.jpg\",\"contentUrl\":\"https:\/\/www.sonoraenequipo.com.mx\/storage\/2026\/04\/cohorte.jpg\",\"width\":600,\"height\":400,\"caption\":\"Image:Istock\"},{\"@type\":\"BreadcrumbList\",\"@id\":\"https:\/\/www.sonoraenequipo.com.mx\/nuevas-generaciones-retrasan-salida-del-hogar-migran-menos-y-tienen-descendencia-mas-tarde\/#breadcrumb\",\"itemListElement\":[{\"@type\":\"ListItem\",\"position\":1,\"name\":\"Portada\",\"item\":\"https:\/\/www.sonoraenequipo.com.mx\/\"},{\"@type\":\"ListItem\",\"position\":2,\"name\":\"Nuevas generaciones retrasan salida del hogar, migran menos y tienen descendencia m\u00e1s tarde\"}]},{\"@type\":\"WebSite\",\"@id\":\"https:\/\/www.sonoraenequipo.com.mx\/#website\",\"url\":\"https:\/\/www.sonoraenequipo.com.mx\/\",\"name\":\"Sonora en Equipo.\",\"description\":\"Diario en l\u00ednea con Noticias desde Hermosillo, Sonora\",\"publisher\":{\"@id\":\"https:\/\/www.sonoraenequipo.com.mx\/#organization\"},\"potentialAction\":[{\"@type\":\"SearchAction\",\"target\":{\"@type\":\"EntryPoint\",\"urlTemplate\":\"https:\/\/www.sonoraenequipo.com.mx\/?s={search_term_string}\"},\"query-input\":{\"@type\":\"PropertyValueSpecification\",\"valueRequired\":true,\"valueName\":\"search_term_string\"}}],\"inLanguage\":\"es\"},{\"@type\":\"Organization\",\"@id\":\"https:\/\/www.sonoraenequipo.com.mx\/#organization\",\"name\":\"Sonoraenequipo.com.mx\",\"url\":\"https:\/\/www.sonoraenequipo.com.mx\/\",\"logo\":{\"@type\":\"ImageObject\",\"inLanguage\":\"es\",\"@id\":\"https:\/\/www.sonoraenequipo.com.mx\/#\/schema\/logo\/image\/\",\"url\":\"https:\/\/www.sonoraenequipo.com.mx\/storage\/2019\/01\/sonoraenequipo_opt.png\",\"contentUrl\":\"https:\/\/www.sonoraenequipo.com.mx\/storage\/2019\/01\/sonoraenequipo_opt.png\",\"width\":375,\"height\":125,\"caption\":\"Sonoraenequipo.com.mx\"},\"image\":{\"@id\":\"https:\/\/www.sonoraenequipo.com.mx\/#\/schema\/logo\/image\/\"},\"sameAs\":[\"https:\/\/www.facebook.com\/SonoraEE\/\",\"https:\/\/x.com\/sonoraenequipo\",\"https:\/\/www.youtube.com\/channel\/UC338nW-lPEYmJQs4ZABQ1SQ\"]},{\"@type\":\"Person\",\"@id\":\"https:\/\/www.sonoraenequipo.com.mx\/#\/schema\/person\/50102df0fb23a8fa9e8effad8fa81386\",\"name\":\"enequipo\",\"image\":{\"@type\":\"ImageObject\",\"inLanguage\":\"es\",\"@id\":\"https:\/\/www.sonoraenequipo.com.mx\/#\/schema\/person\/image\/\",\"url\":\"https:\/\/secure.gravatar.com\/avatar\/049821681b589dabc0bc20695993ccebb09f5b5d4d790cd9251b97faac7c652b?s=96&d=blank&r=g\",\"contentUrl\":\"https:\/\/secure.gravatar.com\/avatar\/049821681b589dabc0bc20695993ccebb09f5b5d4d790cd9251b97faac7c652b?s=96&d=blank&r=g\",\"caption\":\"enequipo\"},\"sameAs\":[\"https:\/\/www.facebook.com\/SonoraEE\"]}]}<\/script>\n ","yoast_head_json":{"title":"Sonora en Equipo. Nuevas generaciones retrasan salida del hogar, migran menos y tienen descendencia m\u00e1s tarde PALABRAS Y N\u00daMEROS","description":"Nuevas generaciones retrasan salida del hogar, migran menos y tienen descendencia m\u00e1s tarde &nbsp; De quienes nacieron entre 1998 y 2007, 16.9 % se En Sonora en Equipo publicamos toda la informaci\u00f3n de Sonora, M\u00e9xico y el Mundo de manera oportuna y busca que la libertad de expresi\u00f3n sea real. Visita nuestro medio informativo publicado desde Hermosillo, Sonora. %","robots":{"index":"index","follow":"follow","max-snippet":"max-snippet:-1","max-image-preview":"max-image-preview:large","max-video-preview":"max-video-preview:-1"},"canonical":"https:\/\/www.sonoraenequipo.com.mx\/nuevas-generaciones-retrasan-salida-del-hogar-migran-menos-y-tienen-descendencia-mas-tarde\/","og_locale":"es_ES","og_type":"article","og_title":"Sonora en Equipo. Nuevas generaciones retrasan salida del hogar, migran menos y tienen descendencia m\u00e1s tarde PALABRAS Y N\u00daMEROS","og_description":"Nuevas generaciones retrasan salida del hogar, migran menos y tienen descendencia m\u00e1s tarde &nbsp; De quienes nacieron entre 1998 y 2007, 16.9 % se En Sonora en Equipo publicamos toda la informaci\u00f3n de Sonora, M\u00e9xico y el Mundo de manera oportuna y busca que la libertad de expresi\u00f3n sea real. Visita nuestro medio informativo publicado desde Hermosillo, Sonora. %","og_url":"https:\/\/www.sonoraenequipo.com.mx\/nuevas-generaciones-retrasan-salida-del-hogar-migran-menos-y-tienen-descendencia-mas-tarde\/","og_site_name":"Sonora en Equipo.","article_publisher":"https:\/\/www.facebook.com\/SonoraEE\/","article_author":"https:\/\/www.facebook.com\/SonoraEE","article_published_time":"2026-04-30T21:15:11+00:00","article_modified_time":"2026-04-30T21:17:38+00:00","og_image":[{"width":600,"height":400,"url":"https:\/\/www.sonoraenequipo.com.mx\/storage\/2026\/04\/cohorte.jpg","type":"image\/jpeg"}],"author":"enequipo","twitter_card":"summary_large_image","twitter_creator":"@sonoraenequipo","twitter_site":"@sonoraenequipo","twitter_misc":{"Escrito por":"enequipo","Tiempo de lectura":"3 minutos"},"schema":{"@context":"https:\/\/schema.org","@graph":[{"@type":"Article","@id":"https:\/\/www.sonoraenequipo.com.mx\/nuevas-generaciones-retrasan-salida-del-hogar-migran-menos-y-tienen-descendencia-mas-tarde\/#article","isPartOf":{"@id":"https:\/\/www.sonoraenequipo.com.mx\/nuevas-generaciones-retrasan-salida-del-hogar-migran-menos-y-tienen-descendencia-mas-tarde\/"},"author":{"name":"enequipo","@id":"https:\/\/www.sonoraenequipo.com.mx\/#\/schema\/person\/50102df0fb23a8fa9e8effad8fa81386"},"headline":"Nuevas generaciones retrasan salida del hogar, migran menos y tienen descendencia m\u00e1s tarde","datePublished":"2026-04-30T21:15:11+00:00","dateModified":"2026-04-30T21:17:38+00:00","mainEntityOfPage":{"@id":"https:\/\/www.sonoraenequipo.com.mx\/nuevas-generaciones-retrasan-salida-del-hogar-migran-menos-y-tienen-descendencia-mas-tarde\/"},"wordCount":578,"commentCount":0,"publisher":{"@id":"https:\/\/www.sonoraenequipo.com.mx\/#organization"},"image":{"@id":"https:\/\/www.sonoraenequipo.com.mx\/nuevas-generaciones-retrasan-salida-del-hogar-migran-menos-y-tienen-descendencia-mas-tarde\/#primaryimage"},"thumbnailUrl":"https:\/\/www.sonoraenequipo.com.mx\/storage\/2026\/04\/cohorte.jpg","keywords":["cohorte","INEGI"],"articleSection":["PALABRAS Y N\u00daMEROS"],"inLanguage":"es","potentialAction":[{"@type":"CommentAction","name":"Comment","target":["https:\/\/www.sonoraenequipo.com.mx\/nuevas-generaciones-retrasan-salida-del-hogar-migran-menos-y-tienen-descendencia-mas-tarde\/#respond"]}]},{"@type":"WebPage","@id":"https:\/\/www.sonoraenequipo.com.mx\/nuevas-generaciones-retrasan-salida-del-hogar-migran-menos-y-tienen-descendencia-mas-tarde\/","url":"https:\/\/www.sonoraenequipo.com.mx\/nuevas-generaciones-retrasan-salida-del-hogar-migran-menos-y-tienen-descendencia-mas-tarde\/","name":"Sonora en Equipo. Nuevas generaciones retrasan salida del hogar, migran menos y tienen descendencia m\u00e1s tarde PALABRAS Y N\u00daMEROS","isPartOf":{"@id":"https:\/\/www.sonoraenequipo.com.mx\/#website"},"primaryImageOfPage":{"@id":"https:\/\/www.sonoraenequipo.com.mx\/nuevas-generaciones-retrasan-salida-del-hogar-migran-menos-y-tienen-descendencia-mas-tarde\/#primaryimage"},"image":{"@id":"https:\/\/www.sonoraenequipo.com.mx\/nuevas-generaciones-retrasan-salida-del-hogar-migran-menos-y-tienen-descendencia-mas-tarde\/#primaryimage"},"thumbnailUrl":"https:\/\/www.sonoraenequipo.com.mx\/storage\/2026\/04\/cohorte.jpg","datePublished":"2026-04-30T21:15:11+00:00","dateModified":"2026-04-30T21:17:38+00:00","description":"Nuevas generaciones retrasan salida del hogar, migran menos y tienen descendencia m\u00e1s tarde &nbsp; De quienes nacieron entre 1998 y 2007, 16.9 % se En Sonora en Equipo publicamos toda la informaci\u00f3n de Sonora, M\u00e9xico y el Mundo de manera oportuna y busca que la libertad de expresi\u00f3n sea real. Visita nuestro medio informativo publicado desde Hermosillo, Sonora. %","breadcrumb":{"@id":"https:\/\/www.sonoraenequipo.com.mx\/nuevas-generaciones-retrasan-salida-del-hogar-migran-menos-y-tienen-descendencia-mas-tarde\/#breadcrumb"},"inLanguage":"es","potentialAction":[{"@type":"ReadAction","target":["https:\/\/www.sonoraenequipo.com.mx\/nuevas-generaciones-retrasan-salida-del-hogar-migran-menos-y-tienen-descendencia-mas-tarde\/"]}]},{"@type":"ImageObject","inLanguage":"es","@id":"https:\/\/www.sonoraenequipo.com.mx\/nuevas-generaciones-retrasan-salida-del-hogar-migran-menos-y-tienen-descendencia-mas-tarde\/#primaryimage","url":"https:\/\/www.sonoraenequipo.com.mx\/storage\/2026\/04\/cohorte.jpg","contentUrl":"https:\/\/www.sonoraenequipo.com.mx\/storage\/2026\/04\/cohorte.jpg","width":600,"height":400,"caption":"Image:Istock"},{"@type":"BreadcrumbList","@id":"https:\/\/www.sonoraenequipo.com.mx\/nuevas-generaciones-retrasan-salida-del-hogar-migran-menos-y-tienen-descendencia-mas-tarde\/#breadcrumb","itemListElement":[{"@type":"ListItem","position":1,"name":"Portada","item":"https:\/\/www.sonoraenequipo.com.mx\/"},{"@type":"ListItem","position":2,"name":"Nuevas generaciones retrasan salida del hogar, migran menos y tienen descendencia m\u00e1s tarde"}]},{"@type":"WebSite","@id":"https:\/\/www.sonoraenequipo.com.mx\/#website","url":"https:\/\/www.sonoraenequipo.com.mx\/","name":"Sonora en Equipo.","description":"Diario en l\u00ednea con Noticias desde Hermosillo, Sonora","publisher":{"@id":"https:\/\/www.sonoraenequipo.com.mx\/#organization"},"potentialAction":[{"@type":"SearchAction","target":{"@type":"EntryPoint","urlTemplate":"https:\/\/www.sonoraenequipo.com.mx\/?s={search_term_string}"},"query-input":{"@type":"PropertyValueSpecification","valueRequired":true,"valueName":"search_term_string"}}],"inLanguage":"es"},{"@type":"Organization","@id":"https:\/\/www.sonoraenequipo.com.mx\/#organization","name":"Sonoraenequipo.com.mx","url":"https:\/\/www.sonoraenequipo.com.mx\/","logo":{"@type":"ImageObject","inLanguage":"es","@id":"https:\/\/www.sonoraenequipo.com.mx\/#\/schema\/logo\/image\/","url":"https:\/\/www.sonoraenequipo.com.mx\/storage\/2019\/01\/sonoraenequipo_opt.png","contentUrl":"https:\/\/www.sonoraenequipo.com.mx\/storage\/2019\/01\/sonoraenequipo_opt.png","width":375,"height":125,"caption":"Sonoraenequipo.com.mx"},"image":{"@id":"https:\/\/www.sonoraenequipo.com.mx\/#\/schema\/logo\/image\/"},"sameAs":["https:\/\/www.facebook.com\/SonoraEE\/","https:\/\/x.com\/sonoraenequipo","https:\/\/www.youtube.com\/channel\/UC338nW-lPEYmJQs4ZABQ1SQ"]},{"@type":"Person","@id":"https:\/\/www.sonoraenequipo.com.mx\/#\/schema\/person\/50102df0fb23a8fa9e8effad8fa81386","name":"enequipo","image":{"@type":"ImageObject","inLanguage":"es","@id":"https:\/\/www.sonoraenequipo.com.mx\/#\/schema\/person\/image\/","url":"https:\/\/secure.gravatar.com\/avatar\/049821681b589dabc0bc20695993ccebb09f5b5d4d790cd9251b97faac7c652b?s=96&d=blank&r=g","contentUrl":"https:\/\/secure.gravatar.com\/avatar\/049821681b589dabc0bc20695993ccebb09f5b5d4d790cd9251b97faac7c652b?s=96&d=blank&r=g","caption":"enequipo"},"sameAs":["https:\/\/www.facebook.com\/SonoraEE"]}]}},"jetpack_featured_media_url":"https:\/\/www.sonoraenequipo.com.mx\/storage\/2026\/04\/cohorte.jpg","_links":{"self":[{"href":"https:\/\/www.sonoraenequipo.com.mx\/api\/wp\/v2\/posts\/240933","targetHints":{"allow":["GET"]}}],"collection":[{"href":"https:\/\/www.sonoraenequipo.com.mx\/api\/wp\/v2\/posts"}],"about":[{"href":"https:\/\/www.sonoraenequipo.com.mx\/api\/wp\/v2\/types\/post"}],"author":[{"embeddable":true,"href":"https:\/\/www.sonoraenequipo.com.mx\/api\/wp\/v2\/users\/1"}],"replies":[{"embeddable":true,"href":"https:\/\/www.sonoraenequipo.com.mx\/api\/wp\/v2\/comments?post=240933"}],"version-history":[{"count":3,"href":"https:\/\/www.sonoraenequipo.com.mx\/api\/wp\/v2\/posts\/240933\/revisions"}],"predecessor-version":[{"id":240937,"href":"https:\/\/www.sonoraenequipo.com.mx\/api\/wp\/v2\/posts\/240933\/revisions\/240937"}],"wp:featuredmedia":[{"embeddable":true,"href":"https:\/\/www.sonoraenequipo.com.mx\/api\/wp\/v2\/media\/240934"}],"wp:attachment":[{"href":"https:\/\/www.sonoraenequipo.com.mx\/api\/wp\/v2\/media?parent=240933"}],"wp:term":[{"taxonomy":"category","embeddable":true,"href":"https:\/\/www.sonoraenequipo.com.mx\/api\/wp\/v2\/categories?post=240933"},{"taxonomy":"post_tag","embeddable":true,"href":"https:\/\/www.sonoraenequipo.com.mx\/api\/wp\/v2\/tags?post=240933"}],"curies":[{"name":"wp","href":"https:\/\/api.w.org\/{rel}","templated":true}]}}