{"id":240951,"date":"2026-04-30T13:45:50","date_gmt":"2026-04-30T20:45:50","guid":{"rendered":"https:\/\/www.sonoraenequipo.com.mx\/?p=240951"},"modified":"2026-04-30T16:23:51","modified_gmt":"2026-04-30T23:23:51","slug":"camara-de-representantes-de-eu-amenaza-a-mexico-es-solo-el-principio-dicen","status":"publish","type":"post","link":"https:\/\/www.sonoraenequipo.com.mx\/camara-de-representantes-de-eu-amenaza-a-mexico-es-solo-el-principio-dicen\/","title":{"rendered":"C\u00e1mara de Representantes de EU amenaza a M\u00e9xico \u00abes s\u00f3lo el principio\u00bb, dicen"},"content":{"rendered":"<p><strong>WASHINGTON, ESTADOS UNIDOS DEL NORTE DE AM\u00c9RICA. \u2014 <\/strong>El Comit\u00e9 de Asuntos Exteriores de la C\u00e1mara de Representantes de Estados Unidos advirti\u00f3 que la acusaci\u00f3n formal del Departamento de Justicia contra funcionarios mexicanos, incluido el gobernador de Sinaloa, Rub\u00e9n Rocha Moya, \u00abes s\u00f3lo el principio\u00bb, en una publicaci\u00f3n en X este jueves.<\/p>\n<p>&nbsp;<\/p>\n<p>&nbsp;<\/p>\n<p>&nbsp;<\/p>\n<p> <\/p>\n<p>\u201cSe acab\u00f3 la impunidad para los narcoterroristas. Desde (el presidente venezolano) Nicol\u00e1s Maduro hasta Rub\u00e9n Rocha Moya, si eres c\u00f3mplice del narcotr\u00e1fico hacia Estados Unidos, te haremos responsable. Esto es solo el principio\u201d, se\u00f1ala la publicaci\u00f3n.<\/p>\n<p>&nbsp;<\/p>\n<p>&nbsp;<\/p>\n<p>&nbsp;<\/p>\n<p>El gobernador de Sinaloa y otros nueve funcionarios mexicanos activos y retirados fueron se\u00f1alados por la justicia de Estados Unidos por tr\u00e1fico de drogas y tenencia il\u00edcita de armas, en una imputaci\u00f3n formal que se hizo p\u00fablica ayer.<\/p>\n<p>&nbsp;<\/p>\n<p>&nbsp;<\/p>\n<p>El documento sostiene que los acusados \u201cabusaron de sus cargos\u201d para apoyar al c\u00e1rtel de Sinaloa en sus actividades a cambio de sobornos y, en el caso del mandatario estatal, de garantizar su elecci\u00f3n mediante la intervenci\u00f3n directa en el proceso con secuestros y presiones a la poblaci\u00f3n.<\/p>\n<p>&nbsp;<\/p>\n<p>&nbsp;<\/p>\n<p>PUBLICADO EL 30 DE ABRIL 2026 Con informaci\u00f3n de AP)<\/p>\n","protected":false},"excerpt":{"rendered":"<p>WASHINGTON, ESTADOS UNIDOS DEL NORTE DE AM\u00c9RICA. \u2014 El Comit\u00e9 de Asuntos Exteriores de la&#8230;<\/p>\n","protected":false},"author":1,"featured_media":240952,"comment_status":"open","ping_status":"open","sticky":false,"template":"","format":"standard","meta":{"_monsterinsights_skip_tracking":false,"_monsterinsights_sitenote_active":false,"_monsterinsights_sitenote_note":"","_monsterinsights_sitenote_category":0,"footnotes":""},"categories":[3],"tags":[],"class_list":["post"],"yoast_head":" \n<title>Sonora en Equipo. C\u00e1mara de Representantes de EU amenaza a M\u00e9xico &quot;es s\u00f3lo el principio&quot;, dicen MUNDO<\/title>\n<meta name=\"description\" content=\"WASHINGTON, ESTADOS UNIDOS DEL NORTE DE AM\u00c9RICA. \u2014 El Comit\u00e9 de Asuntos Exteriores de la C\u00e1mara de Representantes de Estados Unidos advirti\u00f3 que la En Sonora en Equipo publicamos toda la informaci\u00f3n de Sonora, M\u00e9xico y el Mundo de manera oportuna y busca que la libertad de expresi\u00f3n sea real. Visita nuestro medio informativo publicado desde Hermosillo, Sonora. %\" \/>\n<meta name=\"robots\" content=\"index, follow, max-snippet:-1, max-image-preview:large, max-video-preview:-1\" \/>\n<link rel=\"canonical\" href=\"https:\/\/www.sonoraenequipo.com.mx\/camara-de-representantes-de-eu-amenaza-a-mexico-es-solo-el-principio-dicen\/\" \/>\n<meta property=\"og:locale\" content=\"es_ES\" \/>\n<meta property=\"og:type\" content=\"article\" \/>\n<meta property=\"og:title\" content=\"Sonora en Equipo. C\u00e1mara de Representantes de EU amenaza a M\u00e9xico &quot;es s\u00f3lo el principio&quot;, dicen MUNDO\" \/>\n<meta property=\"og:description\" content=\"WASHINGTON, ESTADOS UNIDOS DEL NORTE DE AM\u00c9RICA. \u2014 El Comit\u00e9 de Asuntos Exteriores de la C\u00e1mara de Representantes de Estados Unidos advirti\u00f3 que la En Sonora en Equipo publicamos toda la informaci\u00f3n de Sonora, M\u00e9xico y el Mundo de manera oportuna y busca que la libertad de expresi\u00f3n sea real. Visita nuestro medio informativo publicado desde Hermosillo, Sonora. %\" \/>\n<meta property=\"og:url\" content=\"https:\/\/www.sonoraenequipo.com.mx\/camara-de-representantes-de-eu-amenaza-a-mexico-es-solo-el-principio-dicen\/\" \/>\n<meta property=\"og:site_name\" content=\"Sonora en Equipo.\" \/>\n<meta property=\"article:publisher\" content=\"https:\/\/www.facebook.com\/SonoraEE\/\" \/>\n<meta property=\"article:author\" content=\"https:\/\/www.facebook.com\/SonoraEE\" \/>\n<meta property=\"article:published_time\" content=\"2026-04-30T20:45:50+00:00\" \/>\n<meta property=\"article:modified_time\" content=\"2026-04-30T23:23:51+00:00\" \/>\n<meta property=\"og:image\" content=\"https:\/\/www.sonoraenequipo.com.mx\/storage\/2026\/04\/los-gringos-amenazan-a-Mexico-1.jpg\" \/>\n\t<meta property=\"og:image:width\" content=\"1000\" \/>\n\t<meta property=\"og:image:height\" content=\"655\" \/>\n\t<meta property=\"og:image:type\" content=\"image\/jpeg\" \/>\n<meta name=\"author\" content=\"enequipo\" \/>\n<meta name=\"twitter:card\" content=\"summary_large_image\" \/>\n<meta name=\"twitter:creator\" content=\"@sonoraenequipo\" \/>\n<meta name=\"twitter:site\" content=\"@sonoraenequipo\" \/>\n<meta name=\"twitter:label1\" content=\"Escrito por\" \/>\n\t<meta name=\"twitter:data1\" content=\"enequipo\" \/>\n\t<meta name=\"twitter:label2\" content=\"Tiempo de lectura\" \/>\n\t<meta name=\"twitter:data2\" content=\"1 minuto\" \/>\n<script type=\"application\/ld+json\" class=\"yoast-schema-graph\">{\"@context\":\"https:\/\/schema.org\",\"@graph\":[{\"@type\":\"Article\",\"@id\":\"https:\/\/www.sonoraenequipo.com.mx\/camara-de-representantes-de-eu-amenaza-a-mexico-es-solo-el-principio-dicen\/#article\",\"isPartOf\":{\"@id\":\"https:\/\/www.sonoraenequipo.com.mx\/camara-de-representantes-de-eu-amenaza-a-mexico-es-solo-el-principio-dicen\/\"},\"author\":{\"name\":\"enequipo\",\"@id\":\"https:\/\/www.sonoraenequipo.com.mx\/#\/schema\/person\/50102df0fb23a8fa9e8effad8fa81386\"},\"headline\":\"C\u00e1mara de Representantes de EU amenaza a M\u00e9xico \u00abes s\u00f3lo el principio\u00bb, dicen\",\"datePublished\":\"2026-04-30T20:45:50+00:00\",\"dateModified\":\"2026-04-30T23:23:51+00:00\",\"mainEntityOfPage\":{\"@id\":\"https:\/\/www.sonoraenequipo.com.mx\/camara-de-representantes-de-eu-amenaza-a-mexico-es-solo-el-principio-dicen\/\"},\"wordCount\":229,\"commentCount\":0,\"publisher\":{\"@id\":\"https:\/\/www.sonoraenequipo.com.mx\/#organization\"},\"image\":{\"@id\":\"https:\/\/www.sonoraenequipo.com.mx\/camara-de-representantes-de-eu-amenaza-a-mexico-es-solo-el-principio-dicen\/#primaryimage\"},\"thumbnailUrl\":\"https:\/\/www.sonoraenequipo.com.mx\/storage\/2026\/04\/los-gringos-amenazan-a-Mexico-1.jpg\",\"articleSection\":[\"MUNDO\"],\"inLanguage\":\"es\",\"potentialAction\":[{\"@type\":\"CommentAction\",\"name\":\"Comment\",\"target\":[\"https:\/\/www.sonoraenequipo.com.mx\/camara-de-representantes-de-eu-amenaza-a-mexico-es-solo-el-principio-dicen\/#respond\"]}]},{\"@type\":\"WebPage\",\"@id\":\"https:\/\/www.sonoraenequipo.com.mx\/camara-de-representantes-de-eu-amenaza-a-mexico-es-solo-el-principio-dicen\/\",\"url\":\"https:\/\/www.sonoraenequipo.com.mx\/camara-de-representantes-de-eu-amenaza-a-mexico-es-solo-el-principio-dicen\/\",\"name\":\"Sonora en Equipo. C\u00e1mara de Representantes de EU amenaza a M\u00e9xico \\\"es s\u00f3lo el principio\\\", dicen MUNDO\",\"isPartOf\":{\"@id\":\"https:\/\/www.sonoraenequipo.com.mx\/#website\"},\"primaryImageOfPage\":{\"@id\":\"https:\/\/www.sonoraenequipo.com.mx\/camara-de-representantes-de-eu-amenaza-a-mexico-es-solo-el-principio-dicen\/#primaryimage\"},\"image\":{\"@id\":\"https:\/\/www.sonoraenequipo.com.mx\/camara-de-representantes-de-eu-amenaza-a-mexico-es-solo-el-principio-dicen\/#primaryimage\"},\"thumbnailUrl\":\"https:\/\/www.sonoraenequipo.com.mx\/storage\/2026\/04\/los-gringos-amenazan-a-Mexico-1.jpg\",\"datePublished\":\"2026-04-30T20:45:50+00:00\",\"dateModified\":\"2026-04-30T23:23:51+00:00\",\"description\":\"WASHINGTON, ESTADOS UNIDOS DEL NORTE DE AM\u00c9RICA. \u2014 El Comit\u00e9 de Asuntos Exteriores de la C\u00e1mara de Representantes de Estados Unidos advirti\u00f3 que la En Sonora en Equipo publicamos toda la informaci\u00f3n de Sonora, M\u00e9xico y el Mundo de manera oportuna y busca que la libertad de expresi\u00f3n sea real. Visita nuestro medio informativo publicado desde Hermosillo, Sonora. %\",\"breadcrumb\":{\"@id\":\"https:\/\/www.sonoraenequipo.com.mx\/camara-de-representantes-de-eu-amenaza-a-mexico-es-solo-el-principio-dicen\/#breadcrumb\"},\"inLanguage\":\"es\",\"potentialAction\":[{\"@type\":\"ReadAction\",\"target\":[\"https:\/\/www.sonoraenequipo.com.mx\/camara-de-representantes-de-eu-amenaza-a-mexico-es-solo-el-principio-dicen\/\"]}]},{\"@type\":\"ImageObject\",\"inLanguage\":\"es\",\"@id\":\"https:\/\/www.sonoraenequipo.com.mx\/camara-de-representantes-de-eu-amenaza-a-mexico-es-solo-el-principio-dicen\/#primaryimage\",\"url\":\"https:\/\/www.sonoraenequipo.com.mx\/storage\/2026\/04\/los-gringos-amenazan-a-Mexico-1.jpg\",\"contentUrl\":\"https:\/\/www.sonoraenequipo.com.mx\/storage\/2026\/04\/los-gringos-amenazan-a-Mexico-1.jpg\",\"width\":1000,\"height\":655},{\"@type\":\"BreadcrumbList\",\"@id\":\"https:\/\/www.sonoraenequipo.com.mx\/camara-de-representantes-de-eu-amenaza-a-mexico-es-solo-el-principio-dicen\/#breadcrumb\",\"itemListElement\":[{\"@type\":\"ListItem\",\"position\":1,\"name\":\"Portada\",\"item\":\"https:\/\/www.sonoraenequipo.com.mx\/\"},{\"@type\":\"ListItem\",\"position\":2,\"name\":\"C\u00e1mara de Representantes de EU amenaza a M\u00e9xico \u00abes s\u00f3lo el principio\u00bb, dicen\"}]},{\"@type\":\"WebSite\",\"@id\":\"https:\/\/www.sonoraenequipo.com.mx\/#website\",\"url\":\"https:\/\/www.sonoraenequipo.com.mx\/\",\"name\":\"Sonora en Equipo.\",\"description\":\"Diario en l\u00ednea con Noticias desde Hermosillo, Sonora\",\"publisher\":{\"@id\":\"https:\/\/www.sonoraenequipo.com.mx\/#organization\"},\"potentialAction\":[{\"@type\":\"SearchAction\",\"target\":{\"@type\":\"EntryPoint\",\"urlTemplate\":\"https:\/\/www.sonoraenequipo.com.mx\/?s={search_term_string}\"},\"query-input\":{\"@type\":\"PropertyValueSpecification\",\"valueRequired\":true,\"valueName\":\"search_term_string\"}}],\"inLanguage\":\"es\"},{\"@type\":\"Organization\",\"@id\":\"https:\/\/www.sonoraenequipo.com.mx\/#organization\",\"name\":\"Sonoraenequipo.com.mx\",\"url\":\"https:\/\/www.sonoraenequipo.com.mx\/\",\"logo\":{\"@type\":\"ImageObject\",\"inLanguage\":\"es\",\"@id\":\"https:\/\/www.sonoraenequipo.com.mx\/#\/schema\/logo\/image\/\",\"url\":\"https:\/\/www.sonoraenequipo.com.mx\/storage\/2019\/01\/sonoraenequipo_opt.png\",\"contentUrl\":\"https:\/\/www.sonoraenequipo.com.mx\/storage\/2019\/01\/sonoraenequipo_opt.png\",\"width\":375,\"height\":125,\"caption\":\"Sonoraenequipo.com.mx\"},\"image\":{\"@id\":\"https:\/\/www.sonoraenequipo.com.mx\/#\/schema\/logo\/image\/\"},\"sameAs\":[\"https:\/\/www.facebook.com\/SonoraEE\/\",\"https:\/\/x.com\/sonoraenequipo\",\"https:\/\/www.youtube.com\/channel\/UC338nW-lPEYmJQs4ZABQ1SQ\"]},{\"@type\":\"Person\",\"@id\":\"https:\/\/www.sonoraenequipo.com.mx\/#\/schema\/person\/50102df0fb23a8fa9e8effad8fa81386\",\"name\":\"enequipo\",\"image\":{\"@type\":\"ImageObject\",\"inLanguage\":\"es\",\"@id\":\"https:\/\/www.sonoraenequipo.com.mx\/#\/schema\/person\/image\/\",\"url\":\"https:\/\/secure.gravatar.com\/avatar\/049821681b589dabc0bc20695993ccebb09f5b5d4d790cd9251b97faac7c652b?s=96&d=blank&r=g\",\"contentUrl\":\"https:\/\/secure.gravatar.com\/avatar\/049821681b589dabc0bc20695993ccebb09f5b5d4d790cd9251b97faac7c652b?s=96&d=blank&r=g\",\"caption\":\"enequipo\"},\"sameAs\":[\"https:\/\/www.facebook.com\/SonoraEE\"]}]}<\/script>\n ","yoast_head_json":{"title":"Sonora en Equipo. C\u00e1mara de Representantes de EU amenaza a M\u00e9xico \"es s\u00f3lo el principio\", dicen MUNDO","description":"WASHINGTON, ESTADOS UNIDOS DEL NORTE DE AM\u00c9RICA. \u2014 El Comit\u00e9 de Asuntos Exteriores de la C\u00e1mara de Representantes de Estados Unidos advirti\u00f3 que la En Sonora en Equipo publicamos toda la informaci\u00f3n de Sonora, M\u00e9xico y el Mundo de manera oportuna y busca que la libertad de expresi\u00f3n sea real. Visita nuestro medio informativo publicado desde Hermosillo, Sonora. %","robots":{"index":"index","follow":"follow","max-snippet":"max-snippet:-1","max-image-preview":"max-image-preview:large","max-video-preview":"max-video-preview:-1"},"canonical":"https:\/\/www.sonoraenequipo.com.mx\/camara-de-representantes-de-eu-amenaza-a-mexico-es-solo-el-principio-dicen\/","og_locale":"es_ES","og_type":"article","og_title":"Sonora en Equipo. C\u00e1mara de Representantes de EU amenaza a M\u00e9xico \"es s\u00f3lo el principio\", dicen MUNDO","og_description":"WASHINGTON, ESTADOS UNIDOS DEL NORTE DE AM\u00c9RICA. \u2014 El Comit\u00e9 de Asuntos Exteriores de la C\u00e1mara de Representantes de Estados Unidos advirti\u00f3 que la En Sonora en Equipo publicamos toda la informaci\u00f3n de Sonora, M\u00e9xico y el Mundo de manera oportuna y busca que la libertad de expresi\u00f3n sea real. Visita nuestro medio informativo publicado desde Hermosillo, Sonora. %","og_url":"https:\/\/www.sonoraenequipo.com.mx\/camara-de-representantes-de-eu-amenaza-a-mexico-es-solo-el-principio-dicen\/","og_site_name":"Sonora en Equipo.","article_publisher":"https:\/\/www.facebook.com\/SonoraEE\/","article_author":"https:\/\/www.facebook.com\/SonoraEE","article_published_time":"2026-04-30T20:45:50+00:00","article_modified_time":"2026-04-30T23:23:51+00:00","og_image":[{"width":1000,"height":655,"url":"https:\/\/www.sonoraenequipo.com.mx\/storage\/2026\/04\/los-gringos-amenazan-a-Mexico-1.jpg","type":"image\/jpeg"}],"author":"enequipo","twitter_card":"summary_large_image","twitter_creator":"@sonoraenequipo","twitter_site":"@sonoraenequipo","twitter_misc":{"Escrito por":"enequipo","Tiempo de lectura":"1 minuto"},"schema":{"@context":"https:\/\/schema.org","@graph":[{"@type":"Article","@id":"https:\/\/www.sonoraenequipo.com.mx\/camara-de-representantes-de-eu-amenaza-a-mexico-es-solo-el-principio-dicen\/#article","isPartOf":{"@id":"https:\/\/www.sonoraenequipo.com.mx\/camara-de-representantes-de-eu-amenaza-a-mexico-es-solo-el-principio-dicen\/"},"author":{"name":"enequipo","@id":"https:\/\/www.sonoraenequipo.com.mx\/#\/schema\/person\/50102df0fb23a8fa9e8effad8fa81386"},"headline":"C\u00e1mara de Representantes de EU amenaza a M\u00e9xico \u00abes s\u00f3lo el principio\u00bb, dicen","datePublished":"2026-04-30T20:45:50+00:00","dateModified":"2026-04-30T23:23:51+00:00","mainEntityOfPage":{"@id":"https:\/\/www.sonoraenequipo.com.mx\/camara-de-representantes-de-eu-amenaza-a-mexico-es-solo-el-principio-dicen\/"},"wordCount":229,"commentCount":0,"publisher":{"@id":"https:\/\/www.sonoraenequipo.com.mx\/#organization"},"image":{"@id":"https:\/\/www.sonoraenequipo.com.mx\/camara-de-representantes-de-eu-amenaza-a-mexico-es-solo-el-principio-dicen\/#primaryimage"},"thumbnailUrl":"https:\/\/www.sonoraenequipo.com.mx\/storage\/2026\/04\/los-gringos-amenazan-a-Mexico-1.jpg","articleSection":["MUNDO"],"inLanguage":"es","potentialAction":[{"@type":"CommentAction","name":"Comment","target":["https:\/\/www.sonoraenequipo.com.mx\/camara-de-representantes-de-eu-amenaza-a-mexico-es-solo-el-principio-dicen\/#respond"]}]},{"@type":"WebPage","@id":"https:\/\/www.sonoraenequipo.com.mx\/camara-de-representantes-de-eu-amenaza-a-mexico-es-solo-el-principio-dicen\/","url":"https:\/\/www.sonoraenequipo.com.mx\/camara-de-representantes-de-eu-amenaza-a-mexico-es-solo-el-principio-dicen\/","name":"Sonora en Equipo. C\u00e1mara de Representantes de EU amenaza a M\u00e9xico \"es s\u00f3lo el principio\", dicen MUNDO","isPartOf":{"@id":"https:\/\/www.sonoraenequipo.com.mx\/#website"},"primaryImageOfPage":{"@id":"https:\/\/www.sonoraenequipo.com.mx\/camara-de-representantes-de-eu-amenaza-a-mexico-es-solo-el-principio-dicen\/#primaryimage"},"image":{"@id":"https:\/\/www.sonoraenequipo.com.mx\/camara-de-representantes-de-eu-amenaza-a-mexico-es-solo-el-principio-dicen\/#primaryimage"},"thumbnailUrl":"https:\/\/www.sonoraenequipo.com.mx\/storage\/2026\/04\/los-gringos-amenazan-a-Mexico-1.jpg","datePublished":"2026-04-30T20:45:50+00:00","dateModified":"2026-04-30T23:23:51+00:00","description":"WASHINGTON, ESTADOS UNIDOS DEL NORTE DE AM\u00c9RICA. \u2014 El Comit\u00e9 de Asuntos Exteriores de la C\u00e1mara de Representantes de Estados Unidos advirti\u00f3 que la En Sonora en Equipo publicamos toda la informaci\u00f3n de Sonora, M\u00e9xico y el Mundo de manera oportuna y busca que la libertad de expresi\u00f3n sea real. Visita nuestro medio informativo publicado desde Hermosillo, Sonora. %","breadcrumb":{"@id":"https:\/\/www.sonoraenequipo.com.mx\/camara-de-representantes-de-eu-amenaza-a-mexico-es-solo-el-principio-dicen\/#breadcrumb"},"inLanguage":"es","potentialAction":[{"@type":"ReadAction","target":["https:\/\/www.sonoraenequipo.com.mx\/camara-de-representantes-de-eu-amenaza-a-mexico-es-solo-el-principio-dicen\/"]}]},{"@type":"ImageObject","inLanguage":"es","@id":"https:\/\/www.sonoraenequipo.com.mx\/camara-de-representantes-de-eu-amenaza-a-mexico-es-solo-el-principio-dicen\/#primaryimage","url":"https:\/\/www.sonoraenequipo.com.mx\/storage\/2026\/04\/los-gringos-amenazan-a-Mexico-1.jpg","contentUrl":"https:\/\/www.sonoraenequipo.com.mx\/storage\/2026\/04\/los-gringos-amenazan-a-Mexico-1.jpg","width":1000,"height":655},{"@type":"BreadcrumbList","@id":"https:\/\/www.sonoraenequipo.com.mx\/camara-de-representantes-de-eu-amenaza-a-mexico-es-solo-el-principio-dicen\/#breadcrumb","itemListElement":[{"@type":"ListItem","position":1,"name":"Portada","item":"https:\/\/www.sonoraenequipo.com.mx\/"},{"@type":"ListItem","position":2,"name":"C\u00e1mara de Representantes de EU amenaza a M\u00e9xico \u00abes s\u00f3lo el principio\u00bb, dicen"}]},{"@type":"WebSite","@id":"https:\/\/www.sonoraenequipo.com.mx\/#website","url":"https:\/\/www.sonoraenequipo.com.mx\/","name":"Sonora en Equipo.","description":"Diario en l\u00ednea con Noticias desde Hermosillo, Sonora","publisher":{"@id":"https:\/\/www.sonoraenequipo.com.mx\/#organization"},"potentialAction":[{"@type":"SearchAction","target":{"@type":"EntryPoint","urlTemplate":"https:\/\/www.sonoraenequipo.com.mx\/?s={search_term_string}"},"query-input":{"@type":"PropertyValueSpecification","valueRequired":true,"valueName":"search_term_string"}}],"inLanguage":"es"},{"@type":"Organization","@id":"https:\/\/www.sonoraenequipo.com.mx\/#organization","name":"Sonoraenequipo.com.mx","url":"https:\/\/www.sonoraenequipo.com.mx\/","logo":{"@type":"ImageObject","inLanguage":"es","@id":"https:\/\/www.sonoraenequipo.com.mx\/#\/schema\/logo\/image\/","url":"https:\/\/www.sonoraenequipo.com.mx\/storage\/2019\/01\/sonoraenequipo_opt.png","contentUrl":"https:\/\/www.sonoraenequipo.com.mx\/storage\/2019\/01\/sonoraenequipo_opt.png","width":375,"height":125,"caption":"Sonoraenequipo.com.mx"},"image":{"@id":"https:\/\/www.sonoraenequipo.com.mx\/#\/schema\/logo\/image\/"},"sameAs":["https:\/\/www.facebook.com\/SonoraEE\/","https:\/\/x.com\/sonoraenequipo","https:\/\/www.youtube.com\/channel\/UC338nW-lPEYmJQs4ZABQ1SQ"]},{"@type":"Person","@id":"https:\/\/www.sonoraenequipo.com.mx\/#\/schema\/person\/50102df0fb23a8fa9e8effad8fa81386","name":"enequipo","image":{"@type":"ImageObject","inLanguage":"es","@id":"https:\/\/www.sonoraenequipo.com.mx\/#\/schema\/person\/image\/","url":"https:\/\/secure.gravatar.com\/avatar\/049821681b589dabc0bc20695993ccebb09f5b5d4d790cd9251b97faac7c652b?s=96&d=blank&r=g","contentUrl":"https:\/\/secure.gravatar.com\/avatar\/049821681b589dabc0bc20695993ccebb09f5b5d4d790cd9251b97faac7c652b?s=96&d=blank&r=g","caption":"enequipo"},"sameAs":["https:\/\/www.facebook.com\/SonoraEE"]}]}},"jetpack_featured_media_url":"https:\/\/www.sonoraenequipo.com.mx\/storage\/2026\/04\/los-gringos-amenazan-a-Mexico-1.jpg","_links":{"self":[{"href":"https:\/\/www.sonoraenequipo.com.mx\/api\/wp\/v2\/posts\/240951","targetHints":{"allow":["GET"]}}],"collection":[{"href":"https:\/\/www.sonoraenequipo.com.mx\/api\/wp\/v2\/posts"}],"about":[{"href":"https:\/\/www.sonoraenequipo.com.mx\/api\/wp\/v2\/types\/post"}],"author":[{"embeddable":true,"href":"https:\/\/www.sonoraenequipo.com.mx\/api\/wp\/v2\/users\/1"}],"replies":[{"embeddable":true,"href":"https:\/\/www.sonoraenequipo.com.mx\/api\/wp\/v2\/comments?post=240951"}],"version-history":[{"count":1,"href":"https:\/\/www.sonoraenequipo.com.mx\/api\/wp\/v2\/posts\/240951\/revisions"}],"predecessor-version":[{"id":240954,"href":"https:\/\/www.sonoraenequipo.com.mx\/api\/wp\/v2\/posts\/240951\/revisions\/240954"}],"wp:featuredmedia":[{"embeddable":true,"href":"https:\/\/www.sonoraenequipo.com.mx\/api\/wp\/v2\/media\/240952"}],"wp:attachment":[{"href":"https:\/\/www.sonoraenequipo.com.mx\/api\/wp\/v2\/media?parent=240951"}],"wp:term":[{"taxonomy":"category","embeddable":true,"href":"https:\/\/www.sonoraenequipo.com.mx\/api\/wp\/v2\/categories?post=240951"},{"taxonomy":"post_tag","embeddable":true,"href":"https:\/\/www.sonoraenequipo.com.mx\/api\/wp\/v2\/tags?post=240951"}],"curies":[{"name":"wp","href":"https:\/\/api.w.org\/{rel}","templated":true}]}}