{"id":240959,"date":"2026-04-30T21:49:02","date_gmt":"2026-05-01T04:49:02","guid":{"rendered":"https:\/\/www.sonoraenequipo.com.mx\/?p=240959"},"modified":"2026-04-30T21:49:02","modified_gmt":"2026-05-01T04:49:02","slug":"toma-protesta-tono-astiazaran-a-cabildo-infantil-que-impulsara-el-uso-responsable-de-pantallas-electronicas-para-el-sano-desarrollo-de-las-infancias","status":"publish","type":"post","link":"https:\/\/www.sonoraenequipo.com.mx\/toma-protesta-tono-astiazaran-a-cabildo-infantil-que-impulsara-el-uso-responsable-de-pantallas-electronicas-para-el-sano-desarrollo-de-las-infancias\/","title":{"rendered":"Toma protesta To\u00f1o Astiazar\u00e1n a Cabildo Infantil que impulsar\u00e1 el uso responsable de pantallas electr\u00f3nicas para el sano desarrollo de las infancias"},"content":{"rendered":"<ul>\n<li>Con el compromiso de trabajar en equipo por Hermosillo, 24 ni\u00f1as y ni\u00f1os rindieron protesta como integrantes de Cabildo Infantil 2026 \u2013 2027<\/li>\n<\/ul>\n<p>&nbsp;<\/p>\n<ul>\n<li>Abordaron la importancia del uso de las pantallas como un derecho y una responsabilidad<\/li>\n<\/ul>\n<p>&nbsp;<\/p>\n<p>&nbsp;<\/p>\n<p>&nbsp;<\/p>\n<p>No. 2248\/2026<\/p>\n<p>&nbsp;<\/p>\n<p>Hermosillo, Sonora; 30 de abril de 2026.- Las voces, ideas y propuestas de la ni\u00f1ez hermosillense tendr\u00e1n un espacio dentro del Gobierno Municipal a trav\u00e9s de 24 integrantes del XXXIX Cabildo Infantil quienes rindieron protesta ante el presidente municipal Antonio Astiazar\u00e1n Guti\u00e9rrez con el compromiso de trabajar en equipo por un mejor entorno para las infancias.<\/p>\n<p>&nbsp;<\/p>\n<p>&nbsp;<\/p>\n<p>&nbsp;<\/p>\n<p>En el marco del D\u00eda de la Ni\u00f1a y del Ni\u00f1o, el presidente municipal, junto a su esposa Patricia Ruibal Zaragoza, presidenta de DIF Hermosillo; y Madeleine Bonnafoux Alcaraz, directora general de DIF Hermosillo, dio la bienvenida al quinto Consejo Infantil que no solo participar\u00e1 durante esta fecha especial, adem\u00e1s llevar\u00e1 a cabo 9 sesiones ordinarias para impulsar ideas y propuestas en beneficio de la comunidad.<\/p>\n<p>&nbsp;<\/p>\n<p>&nbsp;<\/p>\n<p>&nbsp;<\/p>\n<p>El Cabildo Infantil estar\u00e1 integrado por Jacob David Enr\u00edquez L\u00f3pez como presidente municipal; Karlo Jacob Diarte Calder\u00f3n, s\u00edndico de Hermosillo; y Mar\u00eda Isabel Ortiz S\u00e1nchez, secretaria del Ayuntamiento de Hermosillo, quienes junto a 21 regidoras y regidores infantiles eligieron desarrollar el tema \u201cEl uso de pantallas como un derecho y una responsabilidad\u201d.<\/p>\n<p>&nbsp;<\/p>\n<p>&nbsp;<\/p>\n<p>&nbsp;<\/p>\n<p>\u201cLa causa que ustedes decidieron abrazar este d\u00eda es muy importante y a veces la damos por hecho, el uso excesivo de la informaci\u00f3n en las pantallas de los tel\u00e9fonos celulares que en ocasiones precisamente por estar desconectados nos desconecta con nuestras familias y amigas\u201d, agreg\u00f3 To\u00f1o Astiazar\u00e1n.<\/p>\n<p>&nbsp;<\/p>\n<p>&nbsp;<\/p>\n<p>&nbsp;<\/p>\n<p>El Cabildo Infantil 2026-2027 est\u00e1 conformado por estudiantes de distintos contextos y realidades, entre ellos regidores con discapacidad, representantes de la zona rural y urbana, as\u00ed como integrantes de etnias de Hermosillo, formando un grupo diverso que aportar\u00e1 distintas ideas y perspectivas para construir una mejor ciudad para todas y todos.<\/p>\n<p>&nbsp;<\/p>\n<p>&nbsp;<\/p>\n<p>&nbsp;<\/p>\n<p>\u201cPara finalizar, estoy muy emocionado por trabajar al lado del Presidente Antonio Astiazar\u00e1n y de su esposa Patricia Ruibal, as\u00ed como de la mano de las personas que trabajaron en el DIF Hermosillo y acompa\u00f1ados de mis compa\u00f1eros de Cabildo\u201d, expres\u00f3 el presidente del Cabildo Infantil, Jacob.<\/p>\n<p>&nbsp;<\/p>\n<p>&nbsp;<\/p>\n<p>&nbsp;<\/p>\n<p>Luego de rendir protesta, ni\u00f1as y ni\u00f1os acudieron a la Sala de Cabildo para celebrar su primera sesi\u00f3n y posteriormente recorrieron las instalaciones de Palacio Municipal, donde conocieron la oficina de Presidencia y los espacios de trabajo de regidoras y regidores.<\/p>\n<p>&nbsp;<\/p>\n<p>&nbsp;<\/p>\n<p>&nbsp;<\/p>\n<p>Asistieron tambi\u00e9n Eduardo Acu\u00f1a, secretario del Ayuntamiento de Hermosillo; Blanca Lorena Colosio, s\u00edndica Municipal; Zarina Alcantar, ex presidenta de Cabildo Infantil 2025 \u2013 2026 as\u00ed como todos los regidores del periodo 2025 \u2013 2026; y Nery Ruiz Arvizu, consejero presidente del Instituto Estatal Electoral y de Participaci\u00f3n Ciudadana (IEE) quien habl\u00f3 sobre este proceso de votaci\u00f3n donde las y los represantes de la ni\u00f1ez fueron elegidos.<\/p>\n<p>&nbsp;<\/p>\n<p>&nbsp;<\/p>\n<p>&nbsp;<\/p>\n<p>El XXXIX Cabildo Infantil est\u00e1 integrado por:<\/p>\n<p>&nbsp;<\/p>\n<p>&#8211;\u00a0\u00a0\u00a0\u00a0\u00a0\u00a0\u00a0\u00a0\u00a0\u00a0\u00a0\u00a0\u00a0 Jacobo David Enr\u00edquez L\u00f3pez, Presidente Hermosillo<\/p>\n<p>&nbsp;<\/p>\n<p>&#8211;\u00a0\u00a0\u00a0\u00a0\u00a0\u00a0\u00a0\u00a0\u00a0\u00a0\u00a0\u00a0\u00a0 Karlo Jacob Diarte Calder\u00f3n S\u00edndico Hermosillo<\/p>\n<p>&nbsp;<\/p>\n<p>&#8211;\u00a0\u00a0\u00a0\u00a0\u00a0\u00a0\u00a0\u00a0\u00a0\u00a0\u00a0\u00a0\u00a0 Mar\u00eda Isabel Ort\u00edz S\u00e1nchez Secretaria del Ayuntamiento<\/p>\n<p>&nbsp;<\/p>\n<p>&#8211;\u00a0\u00a0\u00a0\u00a0\u00a0\u00a0\u00a0\u00a0\u00a0\u00a0\u00a0\u00a0\u00a0 Adri\u00e1n Asaf Morales C\u00e1rdenas, Regidor<\/p>\n<p>&nbsp;<\/p>\n<p>&#8211;\u00a0\u00a0\u00a0\u00a0\u00a0\u00a0\u00a0\u00a0\u00a0\u00a0\u00a0\u00a0\u00a0 Adri\u00e1n Francisco Padilla Ar\u00e1mburo, Regidor<\/p>\n<p>&nbsp;<\/p>\n<p>&#8211;\u00a0\u00a0\u00a0\u00a0\u00a0\u00a0\u00a0\u00a0\u00a0\u00a0\u00a0\u00a0\u00a0 Anyleth Zambrano B\u00f3rquez, Regidora<\/p>\n<p>&nbsp;<\/p>\n<p>&#8211;\u00a0\u00a0\u00a0\u00a0\u00a0\u00a0\u00a0\u00a0\u00a0\u00a0\u00a0\u00a0\u00a0 Ariadne Guadalupe Buitimea Verdugo, Regidora<\/p>\n<p>&nbsp;<\/p>\n<p>&#8211;\u00a0\u00a0\u00a0\u00a0\u00a0\u00a0\u00a0\u00a0\u00a0\u00a0\u00a0\u00a0\u00a0 Carla Teresita Romero Borb\u00f3n, Regidora<\/p>\n<p>&nbsp;<\/p>\n<p>&#8211;\u00a0\u00a0\u00a0\u00a0\u00a0\u00a0\u00a0\u00a0\u00a0\u00a0\u00a0\u00a0\u00a0 Dania Elim Reyes Cuadras, Regidora<\/p>\n<p>&nbsp;<\/p>\n<p>&#8211;\u00a0\u00a0\u00a0\u00a0\u00a0\u00a0\u00a0\u00a0\u00a0\u00a0\u00a0\u00a0\u00a0 Dania Michel Guzm\u00e1n Gonz\u00e1lez, Regidora<\/p>\n<p>&nbsp;<\/p>\n<p>&#8211;\u00a0\u00a0\u00a0\u00a0\u00a0\u00a0\u00a0\u00a0\u00a0\u00a0\u00a0\u00a0\u00a0 Erick Efr\u00e9n Ibarra Monta\u00f1o, Regidor<\/p>\n<p>&nbsp;<\/p>\n<p>&#8211;\u00a0\u00a0\u00a0\u00a0\u00a0\u00a0\u00a0\u00a0\u00a0\u00a0\u00a0\u00a0\u00a0 Esteban Alberto Antonio Miranda, Regidor<\/p>\n<p>&nbsp;<\/p>\n<p>&#8211;\u00a0\u00a0\u00a0\u00a0\u00a0\u00a0\u00a0\u00a0\u00a0\u00a0\u00a0\u00a0\u00a0 Gema Yuliet Acosta Guti\u00e9rrez, Regidora<\/p>\n<p>&nbsp;<\/p>\n<p>&#8211;\u00a0\u00a0\u00a0\u00a0\u00a0\u00a0\u00a0\u00a0\u00a0\u00a0\u00a0\u00a0\u00a0 Irlanda Nohem\u00ed Mesinas Olivas, Regidora<\/p>\n<p>&nbsp;<\/p>\n<p>&#8211;\u00a0\u00a0\u00a0\u00a0\u00a0\u00a0\u00a0\u00a0\u00a0\u00a0\u00a0\u00a0\u00a0 Jes\u00fas Alejandro Tlasmaltenco Solano, Regidor<\/p>\n<p>&nbsp;<\/p>\n<p>&#8211;\u00a0\u00a0\u00a0\u00a0\u00a0\u00a0\u00a0 \u00a0\u00a0\u00a0\u00a0\u00a0\u00a0Jos\u00e9 Manuel Leyva Duarte, Regidor<\/p>\n<p>&nbsp;<\/p>\n<p>&#8211;\u00a0\u00a0\u00a0\u00a0\u00a0\u00a0\u00a0\u00a0\u00a0\u00a0\u00a0\u00a0\u00a0 Karem Victoria Murrieta C\u00e1zarez, Regidora<\/p>\n<p>&nbsp;<\/p>\n<p>&#8211;\u00a0\u00a0\u00a0\u00a0\u00a0\u00a0\u00a0\u00a0\u00a0\u00a0\u00a0\u00a0\u00a0 Katherine Sophia Duarte Arnold, Regidora<\/p>\n<p>&nbsp;<\/p>\n<p>&#8211;\u00a0\u00a0\u00a0\u00a0\u00a0\u00a0\u00a0\u00a0\u00a0\u00a0\u00a0\u00a0\u00a0 Luis Alejandro Le\u00f3n Delgado, Regidor<\/p>\n<p>&nbsp;<\/p>\n<p>&#8211;\u00a0\u00a0\u00a0\u00a0\u00a0\u00a0\u00a0\u00a0\u00a0\u00a0\u00a0\u00a0\u00a0 Silvanna Liz\u00e1rraga Cornejo, Regidora<\/p>\n<p>&nbsp;<\/p>\n<p>&#8211;\u00a0\u00a0\u00a0\u00a0\u00a0\u00a0\u00a0\u00a0\u00a0\u00a0\u00a0\u00a0\u00a0 Silver Gael Quevedo Ram\u00edrez, Regidor<\/p>\n<p>&nbsp;<\/p>\n<p>&#8211;\u00a0\u00a0\u00a0\u00a0\u00a0\u00a0\u00a0\u00a0\u00a0\u00a0\u00a0\u00a0\u00a0 Ximena Maiel Granillo Mart\u00ednez, Regidora<\/p>\n<p><strong>Fecha de publicaci\u00f3n jueves 30 de abril de 2026<\/strong><\/p>\n<p>&nbsp;<\/p>\n","protected":false},"excerpt":{"rendered":"<p>Con el compromiso de trabajar en equipo por Hermosillo, 24 ni\u00f1as y ni\u00f1os rindieron protesta&#8230;<\/p>\n","protected":false},"author":1,"featured_media":240960,"comment_status":"open","ping_status":"open","sticky":false,"template":"","format":"standard","meta":{"_monsterinsights_skip_tracking":false,"_monsterinsights_sitenote_active":false,"_monsterinsights_sitenote_note":"","_monsterinsights_sitenote_category":0,"footnotes":""},"categories":[4],"tags":[10966,2719,35],"class_list":["post"],"yoast_head":" \n<title>Sonora en Equipo. Toma protesta To\u00f1o Astiazar\u00e1n a Cabildo Infantil que impulsar\u00e1 el uso responsable de pantallas electr\u00f3nicas para el sano desarrollo de las infancias Municipios<\/title>\n<meta name=\"description\" content=\"Con el compromiso de trabajar en equipo por Hermosillo, 24 ni\u00f1as y ni\u00f1os rindieron protesta como integrantes de Cabildo Infantil 2026 \u2013 2027 &nbsp; En Sonora en Equipo publicamos toda la informaci\u00f3n de Sonora, M\u00e9xico y el Mundo de manera oportuna y busca que la libertad de expresi\u00f3n sea real. Visita nuestro medio informativo publicado desde Hermosillo, Sonora. %\" \/>\n<meta name=\"robots\" content=\"index, follow, max-snippet:-1, max-image-preview:large, max-video-preview:-1\" \/>\n<link rel=\"canonical\" href=\"https:\/\/www.sonoraenequipo.com.mx\/toma-protesta-tono-astiazaran-a-cabildo-infantil-que-impulsara-el-uso-responsable-de-pantallas-electronicas-para-el-sano-desarrollo-de-las-infancias\/\" \/>\n<meta property=\"og:locale\" content=\"es_ES\" \/>\n<meta property=\"og:type\" content=\"article\" \/>\n<meta property=\"og:title\" content=\"Sonora en Equipo. Toma protesta To\u00f1o Astiazar\u00e1n a Cabildo Infantil que impulsar\u00e1 el uso responsable de pantallas electr\u00f3nicas para el sano desarrollo de las infancias Municipios\" \/>\n<meta property=\"og:description\" content=\"Con el compromiso de trabajar en equipo por Hermosillo, 24 ni\u00f1as y ni\u00f1os rindieron protesta como integrantes de Cabildo Infantil 2026 \u2013 2027 &nbsp; En Sonora en Equipo publicamos toda la informaci\u00f3n de Sonora, M\u00e9xico y el Mundo de manera oportuna y busca que la libertad de expresi\u00f3n sea real. Visita nuestro medio informativo publicado desde Hermosillo, Sonora. %\" \/>\n<meta property=\"og:url\" content=\"https:\/\/www.sonoraenequipo.com.mx\/toma-protesta-tono-astiazaran-a-cabildo-infantil-que-impulsara-el-uso-responsable-de-pantallas-electronicas-para-el-sano-desarrollo-de-las-infancias\/\" \/>\n<meta property=\"og:site_name\" content=\"Sonora en Equipo.\" \/>\n<meta property=\"article:publisher\" content=\"https:\/\/www.facebook.com\/SonoraEE\/\" \/>\n<meta property=\"article:author\" content=\"https:\/\/www.facebook.com\/SonoraEE\" \/>\n<meta property=\"article:published_time\" content=\"2026-05-01T04:49:02+00:00\" \/>\n<meta property=\"og:image\" content=\"https:\/\/www.sonoraenequipo.com.mx\/storage\/2026\/04\/CABILDO-INFANTIL-HMO.jpg\" \/>\n\t<meta property=\"og:image:width\" content=\"600\" \/>\n\t<meta property=\"og:image:height\" content=\"399\" \/>\n\t<meta property=\"og:image:type\" content=\"image\/jpeg\" \/>\n<meta name=\"author\" content=\"enequipo\" \/>\n<meta name=\"twitter:card\" content=\"summary_large_image\" \/>\n<meta name=\"twitter:creator\" content=\"@sonoraenequipo\" \/>\n<meta name=\"twitter:site\" content=\"@sonoraenequipo\" \/>\n<meta name=\"twitter:label1\" content=\"Escrito por\" \/>\n\t<meta name=\"twitter:data1\" content=\"enequipo\" \/>\n\t<meta name=\"twitter:label2\" content=\"Tiempo de lectura\" \/>\n\t<meta name=\"twitter:data2\" content=\"4 minutos\" \/>\n<script type=\"application\/ld+json\" class=\"yoast-schema-graph\">{\"@context\":\"https:\/\/schema.org\",\"@graph\":[{\"@type\":\"Article\",\"@id\":\"https:\/\/www.sonoraenequipo.com.mx\/toma-protesta-tono-astiazaran-a-cabildo-infantil-que-impulsara-el-uso-responsable-de-pantallas-electronicas-para-el-sano-desarrollo-de-las-infancias\/#article\",\"isPartOf\":{\"@id\":\"https:\/\/www.sonoraenequipo.com.mx\/toma-protesta-tono-astiazaran-a-cabildo-infantil-que-impulsara-el-uso-responsable-de-pantallas-electronicas-para-el-sano-desarrollo-de-las-infancias\/\"},\"author\":{\"name\":\"enequipo\",\"@id\":\"https:\/\/www.sonoraenequipo.com.mx\/#\/schema\/person\/50102df0fb23a8fa9e8effad8fa81386\"},\"headline\":\"Toma protesta To\u00f1o Astiazar\u00e1n a Cabildo Infantil que impulsar\u00e1 el uso responsable de pantallas electr\u00f3nicas para el sano desarrollo de las infancias\",\"datePublished\":\"2026-05-01T04:49:02+00:00\",\"mainEntityOfPage\":{\"@id\":\"https:\/\/www.sonoraenequipo.com.mx\/toma-protesta-tono-astiazaran-a-cabildo-infantil-que-impulsara-el-uso-responsable-de-pantallas-electronicas-para-el-sano-desarrollo-de-las-infancias\/\"},\"wordCount\":735,\"commentCount\":0,\"publisher\":{\"@id\":\"https:\/\/www.sonoraenequipo.com.mx\/#organization\"},\"image\":{\"@id\":\"https:\/\/www.sonoraenequipo.com.mx\/toma-protesta-tono-astiazaran-a-cabildo-infantil-que-impulsara-el-uso-responsable-de-pantallas-electronicas-para-el-sano-desarrollo-de-las-infancias\/#primaryimage\"},\"thumbnailUrl\":\"https:\/\/www.sonoraenequipo.com.mx\/storage\/2026\/04\/CABILDO-INFANTIL-HMO.jpg\",\"keywords\":[\"2026\",\"Cabildo Infantil\",\"hermosillo\"],\"articleSection\":[\"Municipios\"],\"inLanguage\":\"es\",\"potentialAction\":[{\"@type\":\"CommentAction\",\"name\":\"Comment\",\"target\":[\"https:\/\/www.sonoraenequipo.com.mx\/toma-protesta-tono-astiazaran-a-cabildo-infantil-que-impulsara-el-uso-responsable-de-pantallas-electronicas-para-el-sano-desarrollo-de-las-infancias\/#respond\"]}]},{\"@type\":\"WebPage\",\"@id\":\"https:\/\/www.sonoraenequipo.com.mx\/toma-protesta-tono-astiazaran-a-cabildo-infantil-que-impulsara-el-uso-responsable-de-pantallas-electronicas-para-el-sano-desarrollo-de-las-infancias\/\",\"url\":\"https:\/\/www.sonoraenequipo.com.mx\/toma-protesta-tono-astiazaran-a-cabildo-infantil-que-impulsara-el-uso-responsable-de-pantallas-electronicas-para-el-sano-desarrollo-de-las-infancias\/\",\"name\":\"Sonora en Equipo. Toma protesta To\u00f1o Astiazar\u00e1n a Cabildo Infantil que impulsar\u00e1 el uso responsable de pantallas electr\u00f3nicas para el sano desarrollo de las infancias Municipios\",\"isPartOf\":{\"@id\":\"https:\/\/www.sonoraenequipo.com.mx\/#website\"},\"primaryImageOfPage\":{\"@id\":\"https:\/\/www.sonoraenequipo.com.mx\/toma-protesta-tono-astiazaran-a-cabildo-infantil-que-impulsara-el-uso-responsable-de-pantallas-electronicas-para-el-sano-desarrollo-de-las-infancias\/#primaryimage\"},\"image\":{\"@id\":\"https:\/\/www.sonoraenequipo.com.mx\/toma-protesta-tono-astiazaran-a-cabildo-infantil-que-impulsara-el-uso-responsable-de-pantallas-electronicas-para-el-sano-desarrollo-de-las-infancias\/#primaryimage\"},\"thumbnailUrl\":\"https:\/\/www.sonoraenequipo.com.mx\/storage\/2026\/04\/CABILDO-INFANTIL-HMO.jpg\",\"datePublished\":\"2026-05-01T04:49:02+00:00\",\"description\":\"Con el compromiso de trabajar en equipo por Hermosillo, 24 ni\u00f1as y ni\u00f1os rindieron protesta como integrantes de Cabildo Infantil 2026 \u2013 2027 &nbsp; En Sonora en Equipo publicamos toda la informaci\u00f3n de Sonora, M\u00e9xico y el Mundo de manera oportuna y busca que la libertad de expresi\u00f3n sea real. Visita nuestro medio informativo publicado desde Hermosillo, Sonora. %\",\"breadcrumb\":{\"@id\":\"https:\/\/www.sonoraenequipo.com.mx\/toma-protesta-tono-astiazaran-a-cabildo-infantil-que-impulsara-el-uso-responsable-de-pantallas-electronicas-para-el-sano-desarrollo-de-las-infancias\/#breadcrumb\"},\"inLanguage\":\"es\",\"potentialAction\":[{\"@type\":\"ReadAction\",\"target\":[\"https:\/\/www.sonoraenequipo.com.mx\/toma-protesta-tono-astiazaran-a-cabildo-infantil-que-impulsara-el-uso-responsable-de-pantallas-electronicas-para-el-sano-desarrollo-de-las-infancias\/\"]}]},{\"@type\":\"ImageObject\",\"inLanguage\":\"es\",\"@id\":\"https:\/\/www.sonoraenequipo.com.mx\/toma-protesta-tono-astiazaran-a-cabildo-infantil-que-impulsara-el-uso-responsable-de-pantallas-electronicas-para-el-sano-desarrollo-de-las-infancias\/#primaryimage\",\"url\":\"https:\/\/www.sonoraenequipo.com.mx\/storage\/2026\/04\/CABILDO-INFANTIL-HMO.jpg\",\"contentUrl\":\"https:\/\/www.sonoraenequipo.com.mx\/storage\/2026\/04\/CABILDO-INFANTIL-HMO.jpg\",\"width\":600,\"height\":399},{\"@type\":\"BreadcrumbList\",\"@id\":\"https:\/\/www.sonoraenequipo.com.mx\/toma-protesta-tono-astiazaran-a-cabildo-infantil-que-impulsara-el-uso-responsable-de-pantallas-electronicas-para-el-sano-desarrollo-de-las-infancias\/#breadcrumb\",\"itemListElement\":[{\"@type\":\"ListItem\",\"position\":1,\"name\":\"Portada\",\"item\":\"https:\/\/www.sonoraenequipo.com.mx\/\"},{\"@type\":\"ListItem\",\"position\":2,\"name\":\"Toma protesta To\u00f1o Astiazar\u00e1n a Cabildo Infantil que impulsar\u00e1 el uso responsable de pantallas electr\u00f3nicas para el sano desarrollo de las infancias\"}]},{\"@type\":\"WebSite\",\"@id\":\"https:\/\/www.sonoraenequipo.com.mx\/#website\",\"url\":\"https:\/\/www.sonoraenequipo.com.mx\/\",\"name\":\"Sonora en Equipo.\",\"description\":\"Diario en l\u00ednea con Noticias desde Hermosillo, Sonora\",\"publisher\":{\"@id\":\"https:\/\/www.sonoraenequipo.com.mx\/#organization\"},\"potentialAction\":[{\"@type\":\"SearchAction\",\"target\":{\"@type\":\"EntryPoint\",\"urlTemplate\":\"https:\/\/www.sonoraenequipo.com.mx\/?s={search_term_string}\"},\"query-input\":{\"@type\":\"PropertyValueSpecification\",\"valueRequired\":true,\"valueName\":\"search_term_string\"}}],\"inLanguage\":\"es\"},{\"@type\":\"Organization\",\"@id\":\"https:\/\/www.sonoraenequipo.com.mx\/#organization\",\"name\":\"Sonoraenequipo.com.mx\",\"url\":\"https:\/\/www.sonoraenequipo.com.mx\/\",\"logo\":{\"@type\":\"ImageObject\",\"inLanguage\":\"es\",\"@id\":\"https:\/\/www.sonoraenequipo.com.mx\/#\/schema\/logo\/image\/\",\"url\":\"https:\/\/www.sonoraenequipo.com.mx\/storage\/2019\/01\/sonoraenequipo_opt.png\",\"contentUrl\":\"https:\/\/www.sonoraenequipo.com.mx\/storage\/2019\/01\/sonoraenequipo_opt.png\",\"width\":375,\"height\":125,\"caption\":\"Sonoraenequipo.com.mx\"},\"image\":{\"@id\":\"https:\/\/www.sonoraenequipo.com.mx\/#\/schema\/logo\/image\/\"},\"sameAs\":[\"https:\/\/www.facebook.com\/SonoraEE\/\",\"https:\/\/x.com\/sonoraenequipo\",\"https:\/\/www.youtube.com\/channel\/UC338nW-lPEYmJQs4ZABQ1SQ\"]},{\"@type\":\"Person\",\"@id\":\"https:\/\/www.sonoraenequipo.com.mx\/#\/schema\/person\/50102df0fb23a8fa9e8effad8fa81386\",\"name\":\"enequipo\",\"image\":{\"@type\":\"ImageObject\",\"inLanguage\":\"es\",\"@id\":\"https:\/\/www.sonoraenequipo.com.mx\/#\/schema\/person\/image\/\",\"url\":\"https:\/\/secure.gravatar.com\/avatar\/049821681b589dabc0bc20695993ccebb09f5b5d4d790cd9251b97faac7c652b?s=96&d=blank&r=g\",\"contentUrl\":\"https:\/\/secure.gravatar.com\/avatar\/049821681b589dabc0bc20695993ccebb09f5b5d4d790cd9251b97faac7c652b?s=96&d=blank&r=g\",\"caption\":\"enequipo\"},\"sameAs\":[\"https:\/\/www.facebook.com\/SonoraEE\"]}]}<\/script>\n ","yoast_head_json":{"title":"Sonora en Equipo. Toma protesta To\u00f1o Astiazar\u00e1n a Cabildo Infantil que impulsar\u00e1 el uso responsable de pantallas electr\u00f3nicas para el sano desarrollo de las infancias Municipios","description":"Con el compromiso de trabajar en equipo por Hermosillo, 24 ni\u00f1as y ni\u00f1os rindieron protesta como integrantes de Cabildo Infantil 2026 \u2013 2027 &nbsp; En Sonora en Equipo publicamos toda la informaci\u00f3n de Sonora, M\u00e9xico y el Mundo de manera oportuna y busca que la libertad de expresi\u00f3n sea real. Visita nuestro medio informativo publicado desde Hermosillo, Sonora. %","robots":{"index":"index","follow":"follow","max-snippet":"max-snippet:-1","max-image-preview":"max-image-preview:large","max-video-preview":"max-video-preview:-1"},"canonical":"https:\/\/www.sonoraenequipo.com.mx\/toma-protesta-tono-astiazaran-a-cabildo-infantil-que-impulsara-el-uso-responsable-de-pantallas-electronicas-para-el-sano-desarrollo-de-las-infancias\/","og_locale":"es_ES","og_type":"article","og_title":"Sonora en Equipo. Toma protesta To\u00f1o Astiazar\u00e1n a Cabildo Infantil que impulsar\u00e1 el uso responsable de pantallas electr\u00f3nicas para el sano desarrollo de las infancias Municipios","og_description":"Con el compromiso de trabajar en equipo por Hermosillo, 24 ni\u00f1as y ni\u00f1os rindieron protesta como integrantes de Cabildo Infantil 2026 \u2013 2027 &nbsp; En Sonora en Equipo publicamos toda la informaci\u00f3n de Sonora, M\u00e9xico y el Mundo de manera oportuna y busca que la libertad de expresi\u00f3n sea real. Visita nuestro medio informativo publicado desde Hermosillo, Sonora. %","og_url":"https:\/\/www.sonoraenequipo.com.mx\/toma-protesta-tono-astiazaran-a-cabildo-infantil-que-impulsara-el-uso-responsable-de-pantallas-electronicas-para-el-sano-desarrollo-de-las-infancias\/","og_site_name":"Sonora en Equipo.","article_publisher":"https:\/\/www.facebook.com\/SonoraEE\/","article_author":"https:\/\/www.facebook.com\/SonoraEE","article_published_time":"2026-05-01T04:49:02+00:00","og_image":[{"width":600,"height":399,"url":"https:\/\/www.sonoraenequipo.com.mx\/storage\/2026\/04\/CABILDO-INFANTIL-HMO.jpg","type":"image\/jpeg"}],"author":"enequipo","twitter_card":"summary_large_image","twitter_creator":"@sonoraenequipo","twitter_site":"@sonoraenequipo","twitter_misc":{"Escrito por":"enequipo","Tiempo de lectura":"4 minutos"},"schema":{"@context":"https:\/\/schema.org","@graph":[{"@type":"Article","@id":"https:\/\/www.sonoraenequipo.com.mx\/toma-protesta-tono-astiazaran-a-cabildo-infantil-que-impulsara-el-uso-responsable-de-pantallas-electronicas-para-el-sano-desarrollo-de-las-infancias\/#article","isPartOf":{"@id":"https:\/\/www.sonoraenequipo.com.mx\/toma-protesta-tono-astiazaran-a-cabildo-infantil-que-impulsara-el-uso-responsable-de-pantallas-electronicas-para-el-sano-desarrollo-de-las-infancias\/"},"author":{"name":"enequipo","@id":"https:\/\/www.sonoraenequipo.com.mx\/#\/schema\/person\/50102df0fb23a8fa9e8effad8fa81386"},"headline":"Toma protesta To\u00f1o Astiazar\u00e1n a Cabildo Infantil que impulsar\u00e1 el uso responsable de pantallas electr\u00f3nicas para el sano desarrollo de las infancias","datePublished":"2026-05-01T04:49:02+00:00","mainEntityOfPage":{"@id":"https:\/\/www.sonoraenequipo.com.mx\/toma-protesta-tono-astiazaran-a-cabildo-infantil-que-impulsara-el-uso-responsable-de-pantallas-electronicas-para-el-sano-desarrollo-de-las-infancias\/"},"wordCount":735,"commentCount":0,"publisher":{"@id":"https:\/\/www.sonoraenequipo.com.mx\/#organization"},"image":{"@id":"https:\/\/www.sonoraenequipo.com.mx\/toma-protesta-tono-astiazaran-a-cabildo-infantil-que-impulsara-el-uso-responsable-de-pantallas-electronicas-para-el-sano-desarrollo-de-las-infancias\/#primaryimage"},"thumbnailUrl":"https:\/\/www.sonoraenequipo.com.mx\/storage\/2026\/04\/CABILDO-INFANTIL-HMO.jpg","keywords":["2026","Cabildo Infantil","hermosillo"],"articleSection":["Municipios"],"inLanguage":"es","potentialAction":[{"@type":"CommentAction","name":"Comment","target":["https:\/\/www.sonoraenequipo.com.mx\/toma-protesta-tono-astiazaran-a-cabildo-infantil-que-impulsara-el-uso-responsable-de-pantallas-electronicas-para-el-sano-desarrollo-de-las-infancias\/#respond"]}]},{"@type":"WebPage","@id":"https:\/\/www.sonoraenequipo.com.mx\/toma-protesta-tono-astiazaran-a-cabildo-infantil-que-impulsara-el-uso-responsable-de-pantallas-electronicas-para-el-sano-desarrollo-de-las-infancias\/","url":"https:\/\/www.sonoraenequipo.com.mx\/toma-protesta-tono-astiazaran-a-cabildo-infantil-que-impulsara-el-uso-responsable-de-pantallas-electronicas-para-el-sano-desarrollo-de-las-infancias\/","name":"Sonora en Equipo. Toma protesta To\u00f1o Astiazar\u00e1n a Cabildo Infantil que impulsar\u00e1 el uso responsable de pantallas electr\u00f3nicas para el sano desarrollo de las infancias Municipios","isPartOf":{"@id":"https:\/\/www.sonoraenequipo.com.mx\/#website"},"primaryImageOfPage":{"@id":"https:\/\/www.sonoraenequipo.com.mx\/toma-protesta-tono-astiazaran-a-cabildo-infantil-que-impulsara-el-uso-responsable-de-pantallas-electronicas-para-el-sano-desarrollo-de-las-infancias\/#primaryimage"},"image":{"@id":"https:\/\/www.sonoraenequipo.com.mx\/toma-protesta-tono-astiazaran-a-cabildo-infantil-que-impulsara-el-uso-responsable-de-pantallas-electronicas-para-el-sano-desarrollo-de-las-infancias\/#primaryimage"},"thumbnailUrl":"https:\/\/www.sonoraenequipo.com.mx\/storage\/2026\/04\/CABILDO-INFANTIL-HMO.jpg","datePublished":"2026-05-01T04:49:02+00:00","description":"Con el compromiso de trabajar en equipo por Hermosillo, 24 ni\u00f1as y ni\u00f1os rindieron protesta como integrantes de Cabildo Infantil 2026 \u2013 2027 &nbsp; En Sonora en Equipo publicamos toda la informaci\u00f3n de Sonora, M\u00e9xico y el Mundo de manera oportuna y busca que la libertad de expresi\u00f3n sea real. Visita nuestro medio informativo publicado desde Hermosillo, Sonora. %","breadcrumb":{"@id":"https:\/\/www.sonoraenequipo.com.mx\/toma-protesta-tono-astiazaran-a-cabildo-infantil-que-impulsara-el-uso-responsable-de-pantallas-electronicas-para-el-sano-desarrollo-de-las-infancias\/#breadcrumb"},"inLanguage":"es","potentialAction":[{"@type":"ReadAction","target":["https:\/\/www.sonoraenequipo.com.mx\/toma-protesta-tono-astiazaran-a-cabildo-infantil-que-impulsara-el-uso-responsable-de-pantallas-electronicas-para-el-sano-desarrollo-de-las-infancias\/"]}]},{"@type":"ImageObject","inLanguage":"es","@id":"https:\/\/www.sonoraenequipo.com.mx\/toma-protesta-tono-astiazaran-a-cabildo-infantil-que-impulsara-el-uso-responsable-de-pantallas-electronicas-para-el-sano-desarrollo-de-las-infancias\/#primaryimage","url":"https:\/\/www.sonoraenequipo.com.mx\/storage\/2026\/04\/CABILDO-INFANTIL-HMO.jpg","contentUrl":"https:\/\/www.sonoraenequipo.com.mx\/storage\/2026\/04\/CABILDO-INFANTIL-HMO.jpg","width":600,"height":399},{"@type":"BreadcrumbList","@id":"https:\/\/www.sonoraenequipo.com.mx\/toma-protesta-tono-astiazaran-a-cabildo-infantil-que-impulsara-el-uso-responsable-de-pantallas-electronicas-para-el-sano-desarrollo-de-las-infancias\/#breadcrumb","itemListElement":[{"@type":"ListItem","position":1,"name":"Portada","item":"https:\/\/www.sonoraenequipo.com.mx\/"},{"@type":"ListItem","position":2,"name":"Toma protesta To\u00f1o Astiazar\u00e1n a Cabildo Infantil que impulsar\u00e1 el uso responsable de pantallas electr\u00f3nicas para el sano desarrollo de las infancias"}]},{"@type":"WebSite","@id":"https:\/\/www.sonoraenequipo.com.mx\/#website","url":"https:\/\/www.sonoraenequipo.com.mx\/","name":"Sonora en Equipo.","description":"Diario en l\u00ednea con Noticias desde Hermosillo, Sonora","publisher":{"@id":"https:\/\/www.sonoraenequipo.com.mx\/#organization"},"potentialAction":[{"@type":"SearchAction","target":{"@type":"EntryPoint","urlTemplate":"https:\/\/www.sonoraenequipo.com.mx\/?s={search_term_string}"},"query-input":{"@type":"PropertyValueSpecification","valueRequired":true,"valueName":"search_term_string"}}],"inLanguage":"es"},{"@type":"Organization","@id":"https:\/\/www.sonoraenequipo.com.mx\/#organization","name":"Sonoraenequipo.com.mx","url":"https:\/\/www.sonoraenequipo.com.mx\/","logo":{"@type":"ImageObject","inLanguage":"es","@id":"https:\/\/www.sonoraenequipo.com.mx\/#\/schema\/logo\/image\/","url":"https:\/\/www.sonoraenequipo.com.mx\/storage\/2019\/01\/sonoraenequipo_opt.png","contentUrl":"https:\/\/www.sonoraenequipo.com.mx\/storage\/2019\/01\/sonoraenequipo_opt.png","width":375,"height":125,"caption":"Sonoraenequipo.com.mx"},"image":{"@id":"https:\/\/www.sonoraenequipo.com.mx\/#\/schema\/logo\/image\/"},"sameAs":["https:\/\/www.facebook.com\/SonoraEE\/","https:\/\/x.com\/sonoraenequipo","https:\/\/www.youtube.com\/channel\/UC338nW-lPEYmJQs4ZABQ1SQ"]},{"@type":"Person","@id":"https:\/\/www.sonoraenequipo.com.mx\/#\/schema\/person\/50102df0fb23a8fa9e8effad8fa81386","name":"enequipo","image":{"@type":"ImageObject","inLanguage":"es","@id":"https:\/\/www.sonoraenequipo.com.mx\/#\/schema\/person\/image\/","url":"https:\/\/secure.gravatar.com\/avatar\/049821681b589dabc0bc20695993ccebb09f5b5d4d790cd9251b97faac7c652b?s=96&d=blank&r=g","contentUrl":"https:\/\/secure.gravatar.com\/avatar\/049821681b589dabc0bc20695993ccebb09f5b5d4d790cd9251b97faac7c652b?s=96&d=blank&r=g","caption":"enequipo"},"sameAs":["https:\/\/www.facebook.com\/SonoraEE"]}]}},"jetpack_featured_media_url":"https:\/\/www.sonoraenequipo.com.mx\/storage\/2026\/04\/CABILDO-INFANTIL-HMO.jpg","_links":{"self":[{"href":"https:\/\/www.sonoraenequipo.com.mx\/api\/wp\/v2\/posts\/240959","targetHints":{"allow":["GET"]}}],"collection":[{"href":"https:\/\/www.sonoraenequipo.com.mx\/api\/wp\/v2\/posts"}],"about":[{"href":"https:\/\/www.sonoraenequipo.com.mx\/api\/wp\/v2\/types\/post"}],"author":[{"embeddable":true,"href":"https:\/\/www.sonoraenequipo.com.mx\/api\/wp\/v2\/users\/1"}],"replies":[{"embeddable":true,"href":"https:\/\/www.sonoraenequipo.com.mx\/api\/wp\/v2\/comments?post=240959"}],"version-history":[{"count":1,"href":"https:\/\/www.sonoraenequipo.com.mx\/api\/wp\/v2\/posts\/240959\/revisions"}],"predecessor-version":[{"id":240961,"href":"https:\/\/www.sonoraenequipo.com.mx\/api\/wp\/v2\/posts\/240959\/revisions\/240961"}],"wp:featuredmedia":[{"embeddable":true,"href":"https:\/\/www.sonoraenequipo.com.mx\/api\/wp\/v2\/media\/240960"}],"wp:attachment":[{"href":"https:\/\/www.sonoraenequipo.com.mx\/api\/wp\/v2\/media?parent=240959"}],"wp:term":[{"taxonomy":"category","embeddable":true,"href":"https:\/\/www.sonoraenequipo.com.mx\/api\/wp\/v2\/categories?post=240959"},{"taxonomy":"post_tag","embeddable":true,"href":"https:\/\/www.sonoraenequipo.com.mx\/api\/wp\/v2\/tags?post=240959"}],"curies":[{"name":"wp","href":"https:\/\/api.w.org\/{rel}","templated":true}]}}