{"id":240966,"date":"2026-05-01T12:30:18","date_gmt":"2026-05-01T19:30:18","guid":{"rendered":"https:\/\/www.sonoraenequipo.com.mx\/?p=240966"},"modified":"2026-05-01T12:30:18","modified_gmt":"2026-05-01T19:30:18","slug":"congreso-de-sonora-aprueba-leyes-y-cierra-periodo-ordinario-de-sesiones","status":"publish","type":"post","link":"https:\/\/www.sonoraenequipo.com.mx\/congreso-de-sonora-aprueba-leyes-y-cierra-periodo-ordinario-de-sesiones\/","title":{"rendered":"Congreso de Sonora aprueba leyes y cierra \u00a0periodo ordinario de sesiones"},"content":{"rendered":"<p><strong>HERMOSILLO, SONORA, MX. \u2014<\/strong> El Congreso del Estado de Sonora concluy\u00f3 ayer (30\/04\/2026) su periodo ordinario de sesiones aprobando una ley integral para la protecci\u00f3n de personas migrantes, cumpliendo un amparo con asignaci\u00f3n presupuestal, y aprobando reformas en materia penal, administraci\u00f3n p\u00fablica y protecci\u00f3n urbana. Adem\u00e1s, se exhort\u00f3 a auditar un programa municipal y se presentaron iniciativas para promover la paridad de g\u00e9nero, crear una Secretar\u00eda de Miner\u00eda y fortalecer apoyos al sector pesquero, las cuales ser\u00e1n analizadas en pr\u00f3ximas comisiones.<\/p>\n<p><strong>Ley para la Protecci\u00f3n de Personas Migrantes\u00a0 <\/strong><\/p>\n<p>&#8211; Se aprob\u00f3 un marco jur\u00eddico integral que garantiza la protecci\u00f3n y respeto de los derechos humanos de las personas migrantes con un enfoque humanista y coordinaci\u00f3n institucional.<\/p>\n<p>&#8211; Dictamen presentado por diputados del PVEM desde la Comisi\u00f3n de Asuntos Internacionales, Fronterizos y Atenci\u00f3n al Migrante.<\/p>\n<p>&nbsp;<\/p>\n<p><strong>Cumplimiento de Amparo y Asignaci\u00f3n Presupuestal\u00a0 <\/strong><\/p>\n<p>&#8211; Se asignaron al menos dos millones de pesos para el colectivo \u201cConservando los Valores de Familia A.C.\u201d en el Presupuesto 2027.<\/p>\n<p>&#8211; El acuerdo fue presentado por la Comisi\u00f3n de R\u00e9gimen Interno y Concertaci\u00f3n Pol\u00edtica y la Mesa Directiva.<\/p>\n<p>Exhorto para Auditor\u00eda del Programa Municipal<\/p>\n<p>&#8211; Se exhort\u00f3 al ISAF y al Ayuntamiento de Hermosillo a auditar el programa de declaratoria de abandono de viviendas, considerado inconstitucional por la Suprema Corte.<\/p>\n<p><strong>Reformas en Materia Penal\u00a0 <\/strong><\/p>\n<p>&#8211; Se reform\u00f3 el C\u00f3digo Penal para fortalecer y ampliar la tipificaci\u00f3n y sanciones en delitos de abuso sexual, armoniz\u00e1ndolos con est\u00e1ndares nacionales e internacionales.<\/p>\n<p>&nbsp;<\/p>\n<p>Certificaci\u00f3n de Servidores P\u00fablicos Municipales<\/p>\n<p>&#8211; Reforma para impulsar la certificaci\u00f3n de competencias laborales en servidores p\u00fablicos municipales, mejorando eficiencia y transparencia.<\/p>\n<p>&nbsp;<\/p>\n<p>-Protecci\u00f3n del Equipamiento Urbano<\/p>\n<p>&#8211; Reforma para ampliar la figura del delito de robo y aumentar sanciones en protecci\u00f3n de equipamiento urbano.<\/p>\n<p>&nbsp;<\/p>\n<p>Regulaci\u00f3n del Hospedaje Temporal<\/p>\n<p>&#8211; Se estableci\u00f3 un marco normativo con registro obligatorio, licencias y est\u00e1ndares para el hospedaje temporal, garantizando seguridad y certidumbre jur\u00eddica.<\/p>\n<p>&nbsp;<\/p>\n<p>Sanciones por Acoso y Hostigamiento Sexual<\/p>\n<p>&#8211; Se reformaron disposiciones para incorporar el acoso y hostigamiento sexual como faltas administrativas graves, aplicando perspectiva de g\u00e9nero y atenci\u00f3n a la ni\u00f1ez.<\/p>\n<p>Iniciativas Presentadas para Pr\u00f3xima Discusi\u00f3n<\/p>\n<p>&#8211; Reforma constitucional para garantizar paridad de g\u00e9nero, igualdad sustantiva y disciplina presupuestaria.<\/p>\n<p>&#8211; Creaci\u00f3n de la Secretar\u00eda de Miner\u00eda para fomentar un desarrollo sustentable del sector sin aumentar gasto p\u00fablico.<\/p>\n<p>&#8211; Modificaci\u00f3n para transformar el D\u00eda Estatal del Pescador en programa p\u00fablico de apoyo y rendici\u00f3n de cuentas al sector pesquero.<\/p>\n<p><strong>Clausura del Periodo y Continuidad de la Mesa Directiva\u00a0 <\/strong><\/p>\n<p>&#8211; Se inform\u00f3 que la Mesa Directiva actual seguir\u00e1 en funciones durante el siguiente periodo extraordinario.<\/p>\n<p><strong>Fecha de publicaci\u00f3n viernes 1 de mayo \u00a0de 2026<\/strong><\/p>\n<p>&nbsp;<\/p>\n<p>&nbsp;<\/p>\n","protected":false},"excerpt":{"rendered":"<p>HERMOSILLO, SONORA, MX. \u2014 El Congreso del Estado de Sonora concluy\u00f3 ayer (30\/04\/2026) su periodo&#8230;<\/p>\n","protected":false},"author":1,"featured_media":240967,"comment_status":"open","ping_status":"open","sticky":false,"template":"","format":"standard","meta":{"_monsterinsights_skip_tracking":false,"_monsterinsights_sitenote_active":false,"_monsterinsights_sitenote_note":"","_monsterinsights_sitenote_category":0,"footnotes":""},"categories":[3281],"tags":[692,1248,6516,7234],"class_list":["post"],"yoast_head":" \n<title>Sonora en Equipo. Congreso de Sonora aprueba leyes y cierra \u00a0periodo ordinario de sesiones Congreso<\/title>\n<meta name=\"description\" content=\"HERMOSILLO, SONORA, MX. \u2014 El Congreso del Estado de Sonora concluy\u00f3 ayer (30\/04\/2026) su periodo ordinario de sesiones aprobando una ley integral para la En Sonora en Equipo publicamos toda la informaci\u00f3n de Sonora, M\u00e9xico y el Mundo de manera oportuna y busca que la libertad de expresi\u00f3n sea real. Visita nuestro medio informativo publicado desde Hermosillo, Sonora. %\" \/>\n<meta name=\"robots\" content=\"index, follow, max-snippet:-1, max-image-preview:large, max-video-preview:-1\" \/>\n<link rel=\"canonical\" href=\"https:\/\/www.sonoraenequipo.com.mx\/congreso-de-sonora-aprueba-leyes-y-cierra-periodo-ordinario-de-sesiones\/\" \/>\n<meta property=\"og:locale\" content=\"es_ES\" \/>\n<meta property=\"og:type\" content=\"article\" \/>\n<meta property=\"og:title\" content=\"Sonora en Equipo. Congreso de Sonora aprueba leyes y cierra \u00a0periodo ordinario de sesiones Congreso\" \/>\n<meta property=\"og:description\" content=\"HERMOSILLO, SONORA, MX. \u2014 El Congreso del Estado de Sonora concluy\u00f3 ayer (30\/04\/2026) su periodo ordinario de sesiones aprobando una ley integral para la En Sonora en Equipo publicamos toda la informaci\u00f3n de Sonora, M\u00e9xico y el Mundo de manera oportuna y busca que la libertad de expresi\u00f3n sea real. Visita nuestro medio informativo publicado desde Hermosillo, Sonora. %\" \/>\n<meta property=\"og:url\" content=\"https:\/\/www.sonoraenequipo.com.mx\/congreso-de-sonora-aprueba-leyes-y-cierra-periodo-ordinario-de-sesiones\/\" \/>\n<meta property=\"og:site_name\" content=\"Sonora en Equipo.\" \/>\n<meta property=\"article:publisher\" content=\"https:\/\/www.facebook.com\/SonoraEE\/\" \/>\n<meta property=\"article:author\" content=\"https:\/\/www.facebook.com\/SonoraEE\" \/>\n<meta property=\"article:published_time\" content=\"2026-05-01T19:30:18+00:00\" \/>\n<meta property=\"og:image\" content=\"https:\/\/www.sonoraenequipo.com.mx\/storage\/2026\/05\/congreso300426.jpg\" \/>\n\t<meta property=\"og:image:width\" content=\"600\" \/>\n\t<meta property=\"og:image:height\" content=\"400\" \/>\n\t<meta property=\"og:image:type\" content=\"image\/jpeg\" \/>\n<meta name=\"author\" content=\"enequipo\" \/>\n<meta name=\"twitter:card\" content=\"summary_large_image\" \/>\n<meta name=\"twitter:creator\" content=\"@sonoraenequipo\" \/>\n<meta name=\"twitter:site\" content=\"@sonoraenequipo\" \/>\n<meta name=\"twitter:label1\" content=\"Escrito por\" \/>\n\t<meta name=\"twitter:data1\" content=\"enequipo\" \/>\n\t<meta name=\"twitter:label2\" content=\"Tiempo de lectura\" \/>\n\t<meta name=\"twitter:data2\" content=\"2 minutos\" \/>\n<script type=\"application\/ld+json\" class=\"yoast-schema-graph\">{\"@context\":\"https:\/\/schema.org\",\"@graph\":[{\"@type\":\"Article\",\"@id\":\"https:\/\/www.sonoraenequipo.com.mx\/congreso-de-sonora-aprueba-leyes-y-cierra-periodo-ordinario-de-sesiones\/#article\",\"isPartOf\":{\"@id\":\"https:\/\/www.sonoraenequipo.com.mx\/congreso-de-sonora-aprueba-leyes-y-cierra-periodo-ordinario-de-sesiones\/\"},\"author\":{\"name\":\"enequipo\",\"@id\":\"https:\/\/www.sonoraenequipo.com.mx\/#\/schema\/person\/50102df0fb23a8fa9e8effad8fa81386\"},\"headline\":\"Congreso de Sonora aprueba leyes y cierra \u00a0periodo ordinario de sesiones\",\"datePublished\":\"2026-05-01T19:30:18+00:00\",\"mainEntityOfPage\":{\"@id\":\"https:\/\/www.sonoraenequipo.com.mx\/congreso-de-sonora-aprueba-leyes-y-cierra-periodo-ordinario-de-sesiones\/\"},\"wordCount\":496,\"commentCount\":0,\"publisher\":{\"@id\":\"https:\/\/www.sonoraenequipo.com.mx\/#organization\"},\"image\":{\"@id\":\"https:\/\/www.sonoraenequipo.com.mx\/congreso-de-sonora-aprueba-leyes-y-cierra-periodo-ordinario-de-sesiones\/#primaryimage\"},\"thumbnailUrl\":\"https:\/\/www.sonoraenequipo.com.mx\/storage\/2026\/05\/congreso300426.jpg\",\"keywords\":[\"Cierre\",\"CONGRESO\",\"ordinario\",\"SESIONES\"],\"articleSection\":[\"Congreso\"],\"inLanguage\":\"es\",\"potentialAction\":[{\"@type\":\"CommentAction\",\"name\":\"Comment\",\"target\":[\"https:\/\/www.sonoraenequipo.com.mx\/congreso-de-sonora-aprueba-leyes-y-cierra-periodo-ordinario-de-sesiones\/#respond\"]}]},{\"@type\":\"WebPage\",\"@id\":\"https:\/\/www.sonoraenequipo.com.mx\/congreso-de-sonora-aprueba-leyes-y-cierra-periodo-ordinario-de-sesiones\/\",\"url\":\"https:\/\/www.sonoraenequipo.com.mx\/congreso-de-sonora-aprueba-leyes-y-cierra-periodo-ordinario-de-sesiones\/\",\"name\":\"Sonora en Equipo. Congreso de Sonora aprueba leyes y cierra \u00a0periodo ordinario de sesiones Congreso\",\"isPartOf\":{\"@id\":\"https:\/\/www.sonoraenequipo.com.mx\/#website\"},\"primaryImageOfPage\":{\"@id\":\"https:\/\/www.sonoraenequipo.com.mx\/congreso-de-sonora-aprueba-leyes-y-cierra-periodo-ordinario-de-sesiones\/#primaryimage\"},\"image\":{\"@id\":\"https:\/\/www.sonoraenequipo.com.mx\/congreso-de-sonora-aprueba-leyes-y-cierra-periodo-ordinario-de-sesiones\/#primaryimage\"},\"thumbnailUrl\":\"https:\/\/www.sonoraenequipo.com.mx\/storage\/2026\/05\/congreso300426.jpg\",\"datePublished\":\"2026-05-01T19:30:18+00:00\",\"description\":\"HERMOSILLO, SONORA, MX. \u2014 El Congreso del Estado de Sonora concluy\u00f3 ayer (30\/04\/2026) su periodo ordinario de sesiones aprobando una ley integral para la En Sonora en Equipo publicamos toda la informaci\u00f3n de Sonora, M\u00e9xico y el Mundo de manera oportuna y busca que la libertad de expresi\u00f3n sea real. Visita nuestro medio informativo publicado desde Hermosillo, Sonora. %\",\"breadcrumb\":{\"@id\":\"https:\/\/www.sonoraenequipo.com.mx\/congreso-de-sonora-aprueba-leyes-y-cierra-periodo-ordinario-de-sesiones\/#breadcrumb\"},\"inLanguage\":\"es\",\"potentialAction\":[{\"@type\":\"ReadAction\",\"target\":[\"https:\/\/www.sonoraenequipo.com.mx\/congreso-de-sonora-aprueba-leyes-y-cierra-periodo-ordinario-de-sesiones\/\"]}]},{\"@type\":\"ImageObject\",\"inLanguage\":\"es\",\"@id\":\"https:\/\/www.sonoraenequipo.com.mx\/congreso-de-sonora-aprueba-leyes-y-cierra-periodo-ordinario-de-sesiones\/#primaryimage\",\"url\":\"https:\/\/www.sonoraenequipo.com.mx\/storage\/2026\/05\/congreso300426.jpg\",\"contentUrl\":\"https:\/\/www.sonoraenequipo.com.mx\/storage\/2026\/05\/congreso300426.jpg\",\"width\":600,\"height\":400},{\"@type\":\"BreadcrumbList\",\"@id\":\"https:\/\/www.sonoraenequipo.com.mx\/congreso-de-sonora-aprueba-leyes-y-cierra-periodo-ordinario-de-sesiones\/#breadcrumb\",\"itemListElement\":[{\"@type\":\"ListItem\",\"position\":1,\"name\":\"Portada\",\"item\":\"https:\/\/www.sonoraenequipo.com.mx\/\"},{\"@type\":\"ListItem\",\"position\":2,\"name\":\"Congreso de Sonora aprueba leyes y cierra \u00a0periodo ordinario de sesiones\"}]},{\"@type\":\"WebSite\",\"@id\":\"https:\/\/www.sonoraenequipo.com.mx\/#website\",\"url\":\"https:\/\/www.sonoraenequipo.com.mx\/\",\"name\":\"Sonora en Equipo.\",\"description\":\"Diario en l\u00ednea con Noticias desde Hermosillo, Sonora\",\"publisher\":{\"@id\":\"https:\/\/www.sonoraenequipo.com.mx\/#organization\"},\"potentialAction\":[{\"@type\":\"SearchAction\",\"target\":{\"@type\":\"EntryPoint\",\"urlTemplate\":\"https:\/\/www.sonoraenequipo.com.mx\/?s={search_term_string}\"},\"query-input\":{\"@type\":\"PropertyValueSpecification\",\"valueRequired\":true,\"valueName\":\"search_term_string\"}}],\"inLanguage\":\"es\"},{\"@type\":\"Organization\",\"@id\":\"https:\/\/www.sonoraenequipo.com.mx\/#organization\",\"name\":\"Sonoraenequipo.com.mx\",\"url\":\"https:\/\/www.sonoraenequipo.com.mx\/\",\"logo\":{\"@type\":\"ImageObject\",\"inLanguage\":\"es\",\"@id\":\"https:\/\/www.sonoraenequipo.com.mx\/#\/schema\/logo\/image\/\",\"url\":\"https:\/\/www.sonoraenequipo.com.mx\/storage\/2019\/01\/sonoraenequipo_opt.png\",\"contentUrl\":\"https:\/\/www.sonoraenequipo.com.mx\/storage\/2019\/01\/sonoraenequipo_opt.png\",\"width\":375,\"height\":125,\"caption\":\"Sonoraenequipo.com.mx\"},\"image\":{\"@id\":\"https:\/\/www.sonoraenequipo.com.mx\/#\/schema\/logo\/image\/\"},\"sameAs\":[\"https:\/\/www.facebook.com\/SonoraEE\/\",\"https:\/\/x.com\/sonoraenequipo\",\"https:\/\/www.youtube.com\/channel\/UC338nW-lPEYmJQs4ZABQ1SQ\"]},{\"@type\":\"Person\",\"@id\":\"https:\/\/www.sonoraenequipo.com.mx\/#\/schema\/person\/50102df0fb23a8fa9e8effad8fa81386\",\"name\":\"enequipo\",\"image\":{\"@type\":\"ImageObject\",\"inLanguage\":\"es\",\"@id\":\"https:\/\/www.sonoraenequipo.com.mx\/#\/schema\/person\/image\/\",\"url\":\"https:\/\/secure.gravatar.com\/avatar\/049821681b589dabc0bc20695993ccebb09f5b5d4d790cd9251b97faac7c652b?s=96&d=blank&r=g\",\"contentUrl\":\"https:\/\/secure.gravatar.com\/avatar\/049821681b589dabc0bc20695993ccebb09f5b5d4d790cd9251b97faac7c652b?s=96&d=blank&r=g\",\"caption\":\"enequipo\"},\"sameAs\":[\"https:\/\/www.facebook.com\/SonoraEE\"]}]}<\/script>\n ","yoast_head_json":{"title":"Sonora en Equipo. Congreso de Sonora aprueba leyes y cierra \u00a0periodo ordinario de sesiones Congreso","description":"HERMOSILLO, SONORA, MX. \u2014 El Congreso del Estado de Sonora concluy\u00f3 ayer (30\/04\/2026) su periodo ordinario de sesiones aprobando una ley integral para la En Sonora en Equipo publicamos toda la informaci\u00f3n de Sonora, M\u00e9xico y el Mundo de manera oportuna y busca que la libertad de expresi\u00f3n sea real. Visita nuestro medio informativo publicado desde Hermosillo, Sonora. %","robots":{"index":"index","follow":"follow","max-snippet":"max-snippet:-1","max-image-preview":"max-image-preview:large","max-video-preview":"max-video-preview:-1"},"canonical":"https:\/\/www.sonoraenequipo.com.mx\/congreso-de-sonora-aprueba-leyes-y-cierra-periodo-ordinario-de-sesiones\/","og_locale":"es_ES","og_type":"article","og_title":"Sonora en Equipo. Congreso de Sonora aprueba leyes y cierra \u00a0periodo ordinario de sesiones Congreso","og_description":"HERMOSILLO, SONORA, MX. \u2014 El Congreso del Estado de Sonora concluy\u00f3 ayer (30\/04\/2026) su periodo ordinario de sesiones aprobando una ley integral para la En Sonora en Equipo publicamos toda la informaci\u00f3n de Sonora, M\u00e9xico y el Mundo de manera oportuna y busca que la libertad de expresi\u00f3n sea real. Visita nuestro medio informativo publicado desde Hermosillo, Sonora. %","og_url":"https:\/\/www.sonoraenequipo.com.mx\/congreso-de-sonora-aprueba-leyes-y-cierra-periodo-ordinario-de-sesiones\/","og_site_name":"Sonora en Equipo.","article_publisher":"https:\/\/www.facebook.com\/SonoraEE\/","article_author":"https:\/\/www.facebook.com\/SonoraEE","article_published_time":"2026-05-01T19:30:18+00:00","og_image":[{"width":600,"height":400,"url":"https:\/\/www.sonoraenequipo.com.mx\/storage\/2026\/05\/congreso300426.jpg","type":"image\/jpeg"}],"author":"enequipo","twitter_card":"summary_large_image","twitter_creator":"@sonoraenequipo","twitter_site":"@sonoraenequipo","twitter_misc":{"Escrito por":"enequipo","Tiempo de lectura":"2 minutos"},"schema":{"@context":"https:\/\/schema.org","@graph":[{"@type":"Article","@id":"https:\/\/www.sonoraenequipo.com.mx\/congreso-de-sonora-aprueba-leyes-y-cierra-periodo-ordinario-de-sesiones\/#article","isPartOf":{"@id":"https:\/\/www.sonoraenequipo.com.mx\/congreso-de-sonora-aprueba-leyes-y-cierra-periodo-ordinario-de-sesiones\/"},"author":{"name":"enequipo","@id":"https:\/\/www.sonoraenequipo.com.mx\/#\/schema\/person\/50102df0fb23a8fa9e8effad8fa81386"},"headline":"Congreso de Sonora aprueba leyes y cierra \u00a0periodo ordinario de sesiones","datePublished":"2026-05-01T19:30:18+00:00","mainEntityOfPage":{"@id":"https:\/\/www.sonoraenequipo.com.mx\/congreso-de-sonora-aprueba-leyes-y-cierra-periodo-ordinario-de-sesiones\/"},"wordCount":496,"commentCount":0,"publisher":{"@id":"https:\/\/www.sonoraenequipo.com.mx\/#organization"},"image":{"@id":"https:\/\/www.sonoraenequipo.com.mx\/congreso-de-sonora-aprueba-leyes-y-cierra-periodo-ordinario-de-sesiones\/#primaryimage"},"thumbnailUrl":"https:\/\/www.sonoraenequipo.com.mx\/storage\/2026\/05\/congreso300426.jpg","keywords":["Cierre","CONGRESO","ordinario","SESIONES"],"articleSection":["Congreso"],"inLanguage":"es","potentialAction":[{"@type":"CommentAction","name":"Comment","target":["https:\/\/www.sonoraenequipo.com.mx\/congreso-de-sonora-aprueba-leyes-y-cierra-periodo-ordinario-de-sesiones\/#respond"]}]},{"@type":"WebPage","@id":"https:\/\/www.sonoraenequipo.com.mx\/congreso-de-sonora-aprueba-leyes-y-cierra-periodo-ordinario-de-sesiones\/","url":"https:\/\/www.sonoraenequipo.com.mx\/congreso-de-sonora-aprueba-leyes-y-cierra-periodo-ordinario-de-sesiones\/","name":"Sonora en Equipo. Congreso de Sonora aprueba leyes y cierra \u00a0periodo ordinario de sesiones Congreso","isPartOf":{"@id":"https:\/\/www.sonoraenequipo.com.mx\/#website"},"primaryImageOfPage":{"@id":"https:\/\/www.sonoraenequipo.com.mx\/congreso-de-sonora-aprueba-leyes-y-cierra-periodo-ordinario-de-sesiones\/#primaryimage"},"image":{"@id":"https:\/\/www.sonoraenequipo.com.mx\/congreso-de-sonora-aprueba-leyes-y-cierra-periodo-ordinario-de-sesiones\/#primaryimage"},"thumbnailUrl":"https:\/\/www.sonoraenequipo.com.mx\/storage\/2026\/05\/congreso300426.jpg","datePublished":"2026-05-01T19:30:18+00:00","description":"HERMOSILLO, SONORA, MX. \u2014 El Congreso del Estado de Sonora concluy\u00f3 ayer (30\/04\/2026) su periodo ordinario de sesiones aprobando una ley integral para la En Sonora en Equipo publicamos toda la informaci\u00f3n de Sonora, M\u00e9xico y el Mundo de manera oportuna y busca que la libertad de expresi\u00f3n sea real. Visita nuestro medio informativo publicado desde Hermosillo, Sonora. %","breadcrumb":{"@id":"https:\/\/www.sonoraenequipo.com.mx\/congreso-de-sonora-aprueba-leyes-y-cierra-periodo-ordinario-de-sesiones\/#breadcrumb"},"inLanguage":"es","potentialAction":[{"@type":"ReadAction","target":["https:\/\/www.sonoraenequipo.com.mx\/congreso-de-sonora-aprueba-leyes-y-cierra-periodo-ordinario-de-sesiones\/"]}]},{"@type":"ImageObject","inLanguage":"es","@id":"https:\/\/www.sonoraenequipo.com.mx\/congreso-de-sonora-aprueba-leyes-y-cierra-periodo-ordinario-de-sesiones\/#primaryimage","url":"https:\/\/www.sonoraenequipo.com.mx\/storage\/2026\/05\/congreso300426.jpg","contentUrl":"https:\/\/www.sonoraenequipo.com.mx\/storage\/2026\/05\/congreso300426.jpg","width":600,"height":400},{"@type":"BreadcrumbList","@id":"https:\/\/www.sonoraenequipo.com.mx\/congreso-de-sonora-aprueba-leyes-y-cierra-periodo-ordinario-de-sesiones\/#breadcrumb","itemListElement":[{"@type":"ListItem","position":1,"name":"Portada","item":"https:\/\/www.sonoraenequipo.com.mx\/"},{"@type":"ListItem","position":2,"name":"Congreso de Sonora aprueba leyes y cierra \u00a0periodo ordinario de sesiones"}]},{"@type":"WebSite","@id":"https:\/\/www.sonoraenequipo.com.mx\/#website","url":"https:\/\/www.sonoraenequipo.com.mx\/","name":"Sonora en Equipo.","description":"Diario en l\u00ednea con Noticias desde Hermosillo, Sonora","publisher":{"@id":"https:\/\/www.sonoraenequipo.com.mx\/#organization"},"potentialAction":[{"@type":"SearchAction","target":{"@type":"EntryPoint","urlTemplate":"https:\/\/www.sonoraenequipo.com.mx\/?s={search_term_string}"},"query-input":{"@type":"PropertyValueSpecification","valueRequired":true,"valueName":"search_term_string"}}],"inLanguage":"es"},{"@type":"Organization","@id":"https:\/\/www.sonoraenequipo.com.mx\/#organization","name":"Sonoraenequipo.com.mx","url":"https:\/\/www.sonoraenequipo.com.mx\/","logo":{"@type":"ImageObject","inLanguage":"es","@id":"https:\/\/www.sonoraenequipo.com.mx\/#\/schema\/logo\/image\/","url":"https:\/\/www.sonoraenequipo.com.mx\/storage\/2019\/01\/sonoraenequipo_opt.png","contentUrl":"https:\/\/www.sonoraenequipo.com.mx\/storage\/2019\/01\/sonoraenequipo_opt.png","width":375,"height":125,"caption":"Sonoraenequipo.com.mx"},"image":{"@id":"https:\/\/www.sonoraenequipo.com.mx\/#\/schema\/logo\/image\/"},"sameAs":["https:\/\/www.facebook.com\/SonoraEE\/","https:\/\/x.com\/sonoraenequipo","https:\/\/www.youtube.com\/channel\/UC338nW-lPEYmJQs4ZABQ1SQ"]},{"@type":"Person","@id":"https:\/\/www.sonoraenequipo.com.mx\/#\/schema\/person\/50102df0fb23a8fa9e8effad8fa81386","name":"enequipo","image":{"@type":"ImageObject","inLanguage":"es","@id":"https:\/\/www.sonoraenequipo.com.mx\/#\/schema\/person\/image\/","url":"https:\/\/secure.gravatar.com\/avatar\/049821681b589dabc0bc20695993ccebb09f5b5d4d790cd9251b97faac7c652b?s=96&d=blank&r=g","contentUrl":"https:\/\/secure.gravatar.com\/avatar\/049821681b589dabc0bc20695993ccebb09f5b5d4d790cd9251b97faac7c652b?s=96&d=blank&r=g","caption":"enequipo"},"sameAs":["https:\/\/www.facebook.com\/SonoraEE"]}]}},"jetpack_featured_media_url":"https:\/\/www.sonoraenequipo.com.mx\/storage\/2026\/05\/congreso300426.jpg","_links":{"self":[{"href":"https:\/\/www.sonoraenequipo.com.mx\/api\/wp\/v2\/posts\/240966","targetHints":{"allow":["GET"]}}],"collection":[{"href":"https:\/\/www.sonoraenequipo.com.mx\/api\/wp\/v2\/posts"}],"about":[{"href":"https:\/\/www.sonoraenequipo.com.mx\/api\/wp\/v2\/types\/post"}],"author":[{"embeddable":true,"href":"https:\/\/www.sonoraenequipo.com.mx\/api\/wp\/v2\/users\/1"}],"replies":[{"embeddable":true,"href":"https:\/\/www.sonoraenequipo.com.mx\/api\/wp\/v2\/comments?post=240966"}],"version-history":[{"count":1,"href":"https:\/\/www.sonoraenequipo.com.mx\/api\/wp\/v2\/posts\/240966\/revisions"}],"predecessor-version":[{"id":240968,"href":"https:\/\/www.sonoraenequipo.com.mx\/api\/wp\/v2\/posts\/240966\/revisions\/240968"}],"wp:featuredmedia":[{"embeddable":true,"href":"https:\/\/www.sonoraenequipo.com.mx\/api\/wp\/v2\/media\/240967"}],"wp:attachment":[{"href":"https:\/\/www.sonoraenequipo.com.mx\/api\/wp\/v2\/media?parent=240966"}],"wp:term":[{"taxonomy":"category","embeddable":true,"href":"https:\/\/www.sonoraenequipo.com.mx\/api\/wp\/v2\/categories?post=240966"},{"taxonomy":"post_tag","embeddable":true,"href":"https:\/\/www.sonoraenequipo.com.mx\/api\/wp\/v2\/tags?post=240966"}],"curies":[{"name":"wp","href":"https:\/\/api.w.org\/{rel}","templated":true}]}}