{"id":240969,"date":"2026-05-01T12:51:42","date_gmt":"2026-05-01T19:51:42","guid":{"rendered":"https:\/\/www.sonoraenequipo.com.mx\/?p=240969"},"modified":"2026-05-01T12:51:42","modified_gmt":"2026-05-01T19:51:42","slug":"leon-xiv-nombra-dos-obispos-inmigrantes-en-ee-uu","status":"publish","type":"post","link":"https:\/\/www.sonoraenequipo.com.mx\/leon-xiv-nombra-dos-obispos-inmigrantes-en-ee-uu\/","title":{"rendered":"Le\u00f3n XIV nombra dos obispos inmigrantes en EE.UU."},"content":{"rendered":"<p>El papa Le\u00f3n XIV nombr\u00f3 este\u00a0 viernes (01.05.2026) obispo a un antiguo inmigrante indocumentado en Estados Unidos de origen salvadore\u00f1o y a un colombiano, despu\u00e9s de haber criticado la guerra en Ir\u00e1n y la pol\u00edtica de inmigraci\u00f3n del presidente Donald Trump, quien le contest\u00f3 airadamente.<\/p>\n<p>&nbsp;<\/p>\n<p>El Vaticano anunci\u00f3 en un comunicado el nombramiento de Evelio Menjivar Ayala, de 56 a\u00f1os, actualmente obispo auxiliar en Washington, como obispo de la di\u00f3cesis de Wheeling-Charleston, en Virginia Occidental. Nacido en El Salvador, Menjivar Ayala emigr\u00f3 a Estados Unidos en 1990, seg\u00fan la p\u00e1gina web de la di\u00f3cesis de Washington. Relat\u00f3 haber nacido en la pobreza y haber huido del conflicto armado en su pa\u00eds emigrando a Estados Unidos.<\/p>\n<p>&nbsp;<\/p>\n<p>Detenido inicialmente en M\u00e9xico cuando intentaba entrar en Estados Unidos, cont\u00f3 en una entrevista el a\u00f1o pasado que pag\u00f3 un soborno para ser liberado y que cruz\u00f3 la frontera por Tijuana. Fue ordenado sacerdote en 2004.<\/p>\n<p>&nbsp;<\/p>\n<p>Otros nombramientos en la Iglesia estadounidense<\/p>\n<p>El Vaticano anunci\u00f3 tambi\u00e9n el nombramiento del colombiano Juan G\u00f3mez, de 50 a\u00f1os, como obispo de Laredo, en el estado de Texas. Hasta su nombramiento episcopal, fue vicario general de la di\u00f3cesis de Tyler, en Texas. La Santa Sede tambi\u00e9n anunci\u00f3 el nombramiento de dos nuevos obispos auxiliares para la di\u00f3cesis de Washington D.C.: Gary Studniewski, de Toledo, Ohio, y Robert Boxie, de Lake Charles, Luisiana.<\/p>\n<p>&nbsp;<\/p>\n<p>El papa Le\u00f3n XIV, nacido en Estados Unidos, recibi\u00f3 el mes pasado cr\u00edticas de Trump -quien lo calific\u00f3 de \u00abd\u00e9bil\u00bb- despu\u00e9s de considerar \u00abinaceptable\u00bb la amenaza de destruir a Ir\u00e1n. Tambi\u00e9n calific\u00f3 la pol\u00edtica del presidente estadounidense hacia los migrantes de \u00absumamente irrespetuosa\u00bb y pidi\u00f3 \u00abtratar a las personas con humanidad\u00bb.<\/p>\n<p><strong>Fecha de publicaci\u00f3n viernes 1 de mayo \u00a0de 2026\/DW<\/strong><\/p>\n","protected":false},"excerpt":{"rendered":"<p>El papa Le\u00f3n XIV nombr\u00f3 este\u00a0 viernes (01.05.2026) obispo a un antiguo inmigrante indocumentado en&#8230;<\/p>\n","protected":false},"author":1,"featured_media":240970,"comment_status":"open","ping_status":"open","sticky":false,"template":"","format":"standard","meta":{"_monsterinsights_skip_tracking":false,"_monsterinsights_sitenote_active":false,"_monsterinsights_sitenote_note":"","_monsterinsights_sitenote_category":0,"footnotes":""},"categories":[3],"tags":[11197],"class_list":["post"],"yoast_head":" \n<title>Sonora en Equipo. Le\u00f3n XIV nombra dos obispos inmigrantes en EE.UU. MUNDO<\/title>\n<meta name=\"description\" content=\"El papa Le\u00f3n XIV nombr\u00f3 este\u00a0 viernes (01.05.2026) obispo a un antiguo inmigrante indocumentado en Estados Unidos de origen salvadore\u00f1o y a un colombiano, En Sonora en Equipo publicamos toda la informaci\u00f3n de Sonora, M\u00e9xico y el Mundo de manera oportuna y busca que la libertad de expresi\u00f3n sea real. Visita nuestro medio informativo publicado desde Hermosillo, Sonora. %\" \/>\n<meta name=\"robots\" content=\"index, follow, max-snippet:-1, max-image-preview:large, max-video-preview:-1\" \/>\n<link rel=\"canonical\" href=\"https:\/\/www.sonoraenequipo.com.mx\/leon-xiv-nombra-dos-obispos-inmigrantes-en-ee-uu\/\" \/>\n<meta property=\"og:locale\" content=\"es_ES\" \/>\n<meta property=\"og:type\" content=\"article\" \/>\n<meta property=\"og:title\" content=\"Sonora en Equipo. Le\u00f3n XIV nombra dos obispos inmigrantes en EE.UU. MUNDO\" \/>\n<meta property=\"og:description\" content=\"El papa Le\u00f3n XIV nombr\u00f3 este\u00a0 viernes (01.05.2026) obispo a un antiguo inmigrante indocumentado en Estados Unidos de origen salvadore\u00f1o y a un colombiano, En Sonora en Equipo publicamos toda la informaci\u00f3n de Sonora, M\u00e9xico y el Mundo de manera oportuna y busca que la libertad de expresi\u00f3n sea real. Visita nuestro medio informativo publicado desde Hermosillo, Sonora. %\" \/>\n<meta property=\"og:url\" content=\"https:\/\/www.sonoraenequipo.com.mx\/leon-xiv-nombra-dos-obispos-inmigrantes-en-ee-uu\/\" \/>\n<meta property=\"og:site_name\" content=\"Sonora en Equipo.\" \/>\n<meta property=\"article:publisher\" content=\"https:\/\/www.facebook.com\/SonoraEE\/\" \/>\n<meta property=\"article:author\" content=\"https:\/\/www.facebook.com\/SonoraEE\" \/>\n<meta property=\"article:published_time\" content=\"2026-05-01T19:51:42+00:00\" \/>\n<meta property=\"og:image\" content=\"https:\/\/www.sonoraenequipo.com.mx\/storage\/2026\/05\/obispos.jpg\" \/>\n\t<meta property=\"og:image:width\" content=\"600\" \/>\n\t<meta property=\"og:image:height\" content=\"400\" \/>\n\t<meta property=\"og:image:type\" content=\"image\/jpeg\" \/>\n<meta name=\"author\" content=\"enequipo\" \/>\n<meta name=\"twitter:card\" content=\"summary_large_image\" \/>\n<meta name=\"twitter:creator\" content=\"@sonoraenequipo\" \/>\n<meta name=\"twitter:site\" content=\"@sonoraenequipo\" \/>\n<meta name=\"twitter:label1\" content=\"Escrito por\" \/>\n\t<meta name=\"twitter:data1\" content=\"enequipo\" \/>\n\t<meta name=\"twitter:label2\" content=\"Tiempo de lectura\" \/>\n\t<meta name=\"twitter:data2\" content=\"2 minutos\" \/>\n<script type=\"application\/ld+json\" class=\"yoast-schema-graph\">{\"@context\":\"https:\/\/schema.org\",\"@graph\":[{\"@type\":\"Article\",\"@id\":\"https:\/\/www.sonoraenequipo.com.mx\/leon-xiv-nombra-dos-obispos-inmigrantes-en-ee-uu\/#article\",\"isPartOf\":{\"@id\":\"https:\/\/www.sonoraenequipo.com.mx\/leon-xiv-nombra-dos-obispos-inmigrantes-en-ee-uu\/\"},\"author\":{\"name\":\"enequipo\",\"@id\":\"https:\/\/www.sonoraenequipo.com.mx\/#\/schema\/person\/50102df0fb23a8fa9e8effad8fa81386\"},\"headline\":\"Le\u00f3n XIV nombra dos obispos inmigrantes en EE.UU.\",\"datePublished\":\"2026-05-01T19:51:42+00:00\",\"mainEntityOfPage\":{\"@id\":\"https:\/\/www.sonoraenequipo.com.mx\/leon-xiv-nombra-dos-obispos-inmigrantes-en-ee-uu\/\"},\"wordCount\":321,\"commentCount\":0,\"publisher\":{\"@id\":\"https:\/\/www.sonoraenequipo.com.mx\/#organization\"},\"image\":{\"@id\":\"https:\/\/www.sonoraenequipo.com.mx\/leon-xiv-nombra-dos-obispos-inmigrantes-en-ee-uu\/#primaryimage\"},\"thumbnailUrl\":\"https:\/\/www.sonoraenequipo.com.mx\/storage\/2026\/05\/obispos.jpg\",\"keywords\":[\"leon xiv\"],\"articleSection\":[\"MUNDO\"],\"inLanguage\":\"es\",\"potentialAction\":[{\"@type\":\"CommentAction\",\"name\":\"Comment\",\"target\":[\"https:\/\/www.sonoraenequipo.com.mx\/leon-xiv-nombra-dos-obispos-inmigrantes-en-ee-uu\/#respond\"]}]},{\"@type\":\"WebPage\",\"@id\":\"https:\/\/www.sonoraenequipo.com.mx\/leon-xiv-nombra-dos-obispos-inmigrantes-en-ee-uu\/\",\"url\":\"https:\/\/www.sonoraenequipo.com.mx\/leon-xiv-nombra-dos-obispos-inmigrantes-en-ee-uu\/\",\"name\":\"Sonora en Equipo. Le\u00f3n XIV nombra dos obispos inmigrantes en EE.UU. MUNDO\",\"isPartOf\":{\"@id\":\"https:\/\/www.sonoraenequipo.com.mx\/#website\"},\"primaryImageOfPage\":{\"@id\":\"https:\/\/www.sonoraenequipo.com.mx\/leon-xiv-nombra-dos-obispos-inmigrantes-en-ee-uu\/#primaryimage\"},\"image\":{\"@id\":\"https:\/\/www.sonoraenequipo.com.mx\/leon-xiv-nombra-dos-obispos-inmigrantes-en-ee-uu\/#primaryimage\"},\"thumbnailUrl\":\"https:\/\/www.sonoraenequipo.com.mx\/storage\/2026\/05\/obispos.jpg\",\"datePublished\":\"2026-05-01T19:51:42+00:00\",\"description\":\"El papa Le\u00f3n XIV nombr\u00f3 este\u00a0 viernes (01.05.2026) obispo a un antiguo inmigrante indocumentado en Estados Unidos de origen salvadore\u00f1o y a un colombiano, En Sonora en Equipo publicamos toda la informaci\u00f3n de Sonora, M\u00e9xico y el Mundo de manera oportuna y busca que la libertad de expresi\u00f3n sea real. Visita nuestro medio informativo publicado desde Hermosillo, Sonora. %\",\"breadcrumb\":{\"@id\":\"https:\/\/www.sonoraenequipo.com.mx\/leon-xiv-nombra-dos-obispos-inmigrantes-en-ee-uu\/#breadcrumb\"},\"inLanguage\":\"es\",\"potentialAction\":[{\"@type\":\"ReadAction\",\"target\":[\"https:\/\/www.sonoraenequipo.com.mx\/leon-xiv-nombra-dos-obispos-inmigrantes-en-ee-uu\/\"]}]},{\"@type\":\"ImageObject\",\"inLanguage\":\"es\",\"@id\":\"https:\/\/www.sonoraenequipo.com.mx\/leon-xiv-nombra-dos-obispos-inmigrantes-en-ee-uu\/#primaryimage\",\"url\":\"https:\/\/www.sonoraenequipo.com.mx\/storage\/2026\/05\/obispos.jpg\",\"contentUrl\":\"https:\/\/www.sonoraenequipo.com.mx\/storage\/2026\/05\/obispos.jpg\",\"width\":600,\"height\":400,\"caption\":\"El obispo electo de Laredo, Texas, John Gomez (izquierda), y el obispo electo de Wheeling-Charleston, Virginia Occidental, Evelio Menjivar-Ayala. | Cr\u00e9dito: Fotograf\u00edas cortes\u00eda de la Di\u00f3cesis de Laredo y la Arquidi\u00f3cesis de Washington, D.C.\"},{\"@type\":\"BreadcrumbList\",\"@id\":\"https:\/\/www.sonoraenequipo.com.mx\/leon-xiv-nombra-dos-obispos-inmigrantes-en-ee-uu\/#breadcrumb\",\"itemListElement\":[{\"@type\":\"ListItem\",\"position\":1,\"name\":\"Portada\",\"item\":\"https:\/\/www.sonoraenequipo.com.mx\/\"},{\"@type\":\"ListItem\",\"position\":2,\"name\":\"Le\u00f3n XIV nombra dos obispos inmigrantes en EE.UU.\"}]},{\"@type\":\"WebSite\",\"@id\":\"https:\/\/www.sonoraenequipo.com.mx\/#website\",\"url\":\"https:\/\/www.sonoraenequipo.com.mx\/\",\"name\":\"Sonora en Equipo.\",\"description\":\"Diario en l\u00ednea con Noticias desde Hermosillo, Sonora\",\"publisher\":{\"@id\":\"https:\/\/www.sonoraenequipo.com.mx\/#organization\"},\"potentialAction\":[{\"@type\":\"SearchAction\",\"target\":{\"@type\":\"EntryPoint\",\"urlTemplate\":\"https:\/\/www.sonoraenequipo.com.mx\/?s={search_term_string}\"},\"query-input\":{\"@type\":\"PropertyValueSpecification\",\"valueRequired\":true,\"valueName\":\"search_term_string\"}}],\"inLanguage\":\"es\"},{\"@type\":\"Organization\",\"@id\":\"https:\/\/www.sonoraenequipo.com.mx\/#organization\",\"name\":\"Sonoraenequipo.com.mx\",\"url\":\"https:\/\/www.sonoraenequipo.com.mx\/\",\"logo\":{\"@type\":\"ImageObject\",\"inLanguage\":\"es\",\"@id\":\"https:\/\/www.sonoraenequipo.com.mx\/#\/schema\/logo\/image\/\",\"url\":\"https:\/\/www.sonoraenequipo.com.mx\/storage\/2019\/01\/sonoraenequipo_opt.png\",\"contentUrl\":\"https:\/\/www.sonoraenequipo.com.mx\/storage\/2019\/01\/sonoraenequipo_opt.png\",\"width\":375,\"height\":125,\"caption\":\"Sonoraenequipo.com.mx\"},\"image\":{\"@id\":\"https:\/\/www.sonoraenequipo.com.mx\/#\/schema\/logo\/image\/\"},\"sameAs\":[\"https:\/\/www.facebook.com\/SonoraEE\/\",\"https:\/\/x.com\/sonoraenequipo\",\"https:\/\/www.youtube.com\/channel\/UC338nW-lPEYmJQs4ZABQ1SQ\"]},{\"@type\":\"Person\",\"@id\":\"https:\/\/www.sonoraenequipo.com.mx\/#\/schema\/person\/50102df0fb23a8fa9e8effad8fa81386\",\"name\":\"enequipo\",\"image\":{\"@type\":\"ImageObject\",\"inLanguage\":\"es\",\"@id\":\"https:\/\/www.sonoraenequipo.com.mx\/#\/schema\/person\/image\/\",\"url\":\"https:\/\/secure.gravatar.com\/avatar\/049821681b589dabc0bc20695993ccebb09f5b5d4d790cd9251b97faac7c652b?s=96&d=blank&r=g\",\"contentUrl\":\"https:\/\/secure.gravatar.com\/avatar\/049821681b589dabc0bc20695993ccebb09f5b5d4d790cd9251b97faac7c652b?s=96&d=blank&r=g\",\"caption\":\"enequipo\"},\"sameAs\":[\"https:\/\/www.facebook.com\/SonoraEE\"]}]}<\/script>\n ","yoast_head_json":{"title":"Sonora en Equipo. Le\u00f3n XIV nombra dos obispos inmigrantes en EE.UU. MUNDO","description":"El papa Le\u00f3n XIV nombr\u00f3 este\u00a0 viernes (01.05.2026) obispo a un antiguo inmigrante indocumentado en Estados Unidos de origen salvadore\u00f1o y a un colombiano, En Sonora en Equipo publicamos toda la informaci\u00f3n de Sonora, M\u00e9xico y el Mundo de manera oportuna y busca que la libertad de expresi\u00f3n sea real. Visita nuestro medio informativo publicado desde Hermosillo, Sonora. %","robots":{"index":"index","follow":"follow","max-snippet":"max-snippet:-1","max-image-preview":"max-image-preview:large","max-video-preview":"max-video-preview:-1"},"canonical":"https:\/\/www.sonoraenequipo.com.mx\/leon-xiv-nombra-dos-obispos-inmigrantes-en-ee-uu\/","og_locale":"es_ES","og_type":"article","og_title":"Sonora en Equipo. Le\u00f3n XIV nombra dos obispos inmigrantes en EE.UU. MUNDO","og_description":"El papa Le\u00f3n XIV nombr\u00f3 este\u00a0 viernes (01.05.2026) obispo a un antiguo inmigrante indocumentado en Estados Unidos de origen salvadore\u00f1o y a un colombiano, En Sonora en Equipo publicamos toda la informaci\u00f3n de Sonora, M\u00e9xico y el Mundo de manera oportuna y busca que la libertad de expresi\u00f3n sea real. Visita nuestro medio informativo publicado desde Hermosillo, Sonora. %","og_url":"https:\/\/www.sonoraenequipo.com.mx\/leon-xiv-nombra-dos-obispos-inmigrantes-en-ee-uu\/","og_site_name":"Sonora en Equipo.","article_publisher":"https:\/\/www.facebook.com\/SonoraEE\/","article_author":"https:\/\/www.facebook.com\/SonoraEE","article_published_time":"2026-05-01T19:51:42+00:00","og_image":[{"width":600,"height":400,"url":"https:\/\/www.sonoraenequipo.com.mx\/storage\/2026\/05\/obispos.jpg","type":"image\/jpeg"}],"author":"enequipo","twitter_card":"summary_large_image","twitter_creator":"@sonoraenequipo","twitter_site":"@sonoraenequipo","twitter_misc":{"Escrito por":"enequipo","Tiempo de lectura":"2 minutos"},"schema":{"@context":"https:\/\/schema.org","@graph":[{"@type":"Article","@id":"https:\/\/www.sonoraenequipo.com.mx\/leon-xiv-nombra-dos-obispos-inmigrantes-en-ee-uu\/#article","isPartOf":{"@id":"https:\/\/www.sonoraenequipo.com.mx\/leon-xiv-nombra-dos-obispos-inmigrantes-en-ee-uu\/"},"author":{"name":"enequipo","@id":"https:\/\/www.sonoraenequipo.com.mx\/#\/schema\/person\/50102df0fb23a8fa9e8effad8fa81386"},"headline":"Le\u00f3n XIV nombra dos obispos inmigrantes en EE.UU.","datePublished":"2026-05-01T19:51:42+00:00","mainEntityOfPage":{"@id":"https:\/\/www.sonoraenequipo.com.mx\/leon-xiv-nombra-dos-obispos-inmigrantes-en-ee-uu\/"},"wordCount":321,"commentCount":0,"publisher":{"@id":"https:\/\/www.sonoraenequipo.com.mx\/#organization"},"image":{"@id":"https:\/\/www.sonoraenequipo.com.mx\/leon-xiv-nombra-dos-obispos-inmigrantes-en-ee-uu\/#primaryimage"},"thumbnailUrl":"https:\/\/www.sonoraenequipo.com.mx\/storage\/2026\/05\/obispos.jpg","keywords":["leon xiv"],"articleSection":["MUNDO"],"inLanguage":"es","potentialAction":[{"@type":"CommentAction","name":"Comment","target":["https:\/\/www.sonoraenequipo.com.mx\/leon-xiv-nombra-dos-obispos-inmigrantes-en-ee-uu\/#respond"]}]},{"@type":"WebPage","@id":"https:\/\/www.sonoraenequipo.com.mx\/leon-xiv-nombra-dos-obispos-inmigrantes-en-ee-uu\/","url":"https:\/\/www.sonoraenequipo.com.mx\/leon-xiv-nombra-dos-obispos-inmigrantes-en-ee-uu\/","name":"Sonora en Equipo. Le\u00f3n XIV nombra dos obispos inmigrantes en EE.UU. MUNDO","isPartOf":{"@id":"https:\/\/www.sonoraenequipo.com.mx\/#website"},"primaryImageOfPage":{"@id":"https:\/\/www.sonoraenequipo.com.mx\/leon-xiv-nombra-dos-obispos-inmigrantes-en-ee-uu\/#primaryimage"},"image":{"@id":"https:\/\/www.sonoraenequipo.com.mx\/leon-xiv-nombra-dos-obispos-inmigrantes-en-ee-uu\/#primaryimage"},"thumbnailUrl":"https:\/\/www.sonoraenequipo.com.mx\/storage\/2026\/05\/obispos.jpg","datePublished":"2026-05-01T19:51:42+00:00","description":"El papa Le\u00f3n XIV nombr\u00f3 este\u00a0 viernes (01.05.2026) obispo a un antiguo inmigrante indocumentado en Estados Unidos de origen salvadore\u00f1o y a un colombiano, En Sonora en Equipo publicamos toda la informaci\u00f3n de Sonora, M\u00e9xico y el Mundo de manera oportuna y busca que la libertad de expresi\u00f3n sea real. Visita nuestro medio informativo publicado desde Hermosillo, Sonora. %","breadcrumb":{"@id":"https:\/\/www.sonoraenequipo.com.mx\/leon-xiv-nombra-dos-obispos-inmigrantes-en-ee-uu\/#breadcrumb"},"inLanguage":"es","potentialAction":[{"@type":"ReadAction","target":["https:\/\/www.sonoraenequipo.com.mx\/leon-xiv-nombra-dos-obispos-inmigrantes-en-ee-uu\/"]}]},{"@type":"ImageObject","inLanguage":"es","@id":"https:\/\/www.sonoraenequipo.com.mx\/leon-xiv-nombra-dos-obispos-inmigrantes-en-ee-uu\/#primaryimage","url":"https:\/\/www.sonoraenequipo.com.mx\/storage\/2026\/05\/obispos.jpg","contentUrl":"https:\/\/www.sonoraenequipo.com.mx\/storage\/2026\/05\/obispos.jpg","width":600,"height":400,"caption":"El obispo electo de Laredo, Texas, John Gomez (izquierda), y el obispo electo de Wheeling-Charleston, Virginia Occidental, Evelio Menjivar-Ayala. | Cr\u00e9dito: Fotograf\u00edas cortes\u00eda de la Di\u00f3cesis de Laredo y la Arquidi\u00f3cesis de Washington, D.C."},{"@type":"BreadcrumbList","@id":"https:\/\/www.sonoraenequipo.com.mx\/leon-xiv-nombra-dos-obispos-inmigrantes-en-ee-uu\/#breadcrumb","itemListElement":[{"@type":"ListItem","position":1,"name":"Portada","item":"https:\/\/www.sonoraenequipo.com.mx\/"},{"@type":"ListItem","position":2,"name":"Le\u00f3n XIV nombra dos obispos inmigrantes en EE.UU."}]},{"@type":"WebSite","@id":"https:\/\/www.sonoraenequipo.com.mx\/#website","url":"https:\/\/www.sonoraenequipo.com.mx\/","name":"Sonora en Equipo.","description":"Diario en l\u00ednea con Noticias desde Hermosillo, Sonora","publisher":{"@id":"https:\/\/www.sonoraenequipo.com.mx\/#organization"},"potentialAction":[{"@type":"SearchAction","target":{"@type":"EntryPoint","urlTemplate":"https:\/\/www.sonoraenequipo.com.mx\/?s={search_term_string}"},"query-input":{"@type":"PropertyValueSpecification","valueRequired":true,"valueName":"search_term_string"}}],"inLanguage":"es"},{"@type":"Organization","@id":"https:\/\/www.sonoraenequipo.com.mx\/#organization","name":"Sonoraenequipo.com.mx","url":"https:\/\/www.sonoraenequipo.com.mx\/","logo":{"@type":"ImageObject","inLanguage":"es","@id":"https:\/\/www.sonoraenequipo.com.mx\/#\/schema\/logo\/image\/","url":"https:\/\/www.sonoraenequipo.com.mx\/storage\/2019\/01\/sonoraenequipo_opt.png","contentUrl":"https:\/\/www.sonoraenequipo.com.mx\/storage\/2019\/01\/sonoraenequipo_opt.png","width":375,"height":125,"caption":"Sonoraenequipo.com.mx"},"image":{"@id":"https:\/\/www.sonoraenequipo.com.mx\/#\/schema\/logo\/image\/"},"sameAs":["https:\/\/www.facebook.com\/SonoraEE\/","https:\/\/x.com\/sonoraenequipo","https:\/\/www.youtube.com\/channel\/UC338nW-lPEYmJQs4ZABQ1SQ"]},{"@type":"Person","@id":"https:\/\/www.sonoraenequipo.com.mx\/#\/schema\/person\/50102df0fb23a8fa9e8effad8fa81386","name":"enequipo","image":{"@type":"ImageObject","inLanguage":"es","@id":"https:\/\/www.sonoraenequipo.com.mx\/#\/schema\/person\/image\/","url":"https:\/\/secure.gravatar.com\/avatar\/049821681b589dabc0bc20695993ccebb09f5b5d4d790cd9251b97faac7c652b?s=96&d=blank&r=g","contentUrl":"https:\/\/secure.gravatar.com\/avatar\/049821681b589dabc0bc20695993ccebb09f5b5d4d790cd9251b97faac7c652b?s=96&d=blank&r=g","caption":"enequipo"},"sameAs":["https:\/\/www.facebook.com\/SonoraEE"]}]}},"jetpack_featured_media_url":"https:\/\/www.sonoraenequipo.com.mx\/storage\/2026\/05\/obispos.jpg","_links":{"self":[{"href":"https:\/\/www.sonoraenequipo.com.mx\/api\/wp\/v2\/posts\/240969","targetHints":{"allow":["GET"]}}],"collection":[{"href":"https:\/\/www.sonoraenequipo.com.mx\/api\/wp\/v2\/posts"}],"about":[{"href":"https:\/\/www.sonoraenequipo.com.mx\/api\/wp\/v2\/types\/post"}],"author":[{"embeddable":true,"href":"https:\/\/www.sonoraenequipo.com.mx\/api\/wp\/v2\/users\/1"}],"replies":[{"embeddable":true,"href":"https:\/\/www.sonoraenequipo.com.mx\/api\/wp\/v2\/comments?post=240969"}],"version-history":[{"count":1,"href":"https:\/\/www.sonoraenequipo.com.mx\/api\/wp\/v2\/posts\/240969\/revisions"}],"predecessor-version":[{"id":240971,"href":"https:\/\/www.sonoraenequipo.com.mx\/api\/wp\/v2\/posts\/240969\/revisions\/240971"}],"wp:featuredmedia":[{"embeddable":true,"href":"https:\/\/www.sonoraenequipo.com.mx\/api\/wp\/v2\/media\/240970"}],"wp:attachment":[{"href":"https:\/\/www.sonoraenequipo.com.mx\/api\/wp\/v2\/media?parent=240969"}],"wp:term":[{"taxonomy":"category","embeddable":true,"href":"https:\/\/www.sonoraenequipo.com.mx\/api\/wp\/v2\/categories?post=240969"},{"taxonomy":"post_tag","embeddable":true,"href":"https:\/\/www.sonoraenequipo.com.mx\/api\/wp\/v2\/tags?post=240969"}],"curies":[{"name":"wp","href":"https:\/\/api.w.org\/{rel}","templated":true}]}}