{"id":240975,"date":"2026-05-01T13:40:14","date_gmt":"2026-05-01T20:40:14","guid":{"rendered":"https:\/\/www.sonoraenequipo.com.mx\/?p=240975"},"modified":"2026-05-01T13:40:14","modified_gmt":"2026-05-01T20:40:14","slug":"hermosillo-gobierno-de-sonora-rehabilita-parque-palo-verde-norte-y-fortalece-espacios-de-convivencia","status":"publish","type":"post","link":"https:\/\/www.sonoraenequipo.com.mx\/hermosillo-gobierno-de-sonora-rehabilita-parque-palo-verde-norte-y-fortalece-espacios-de-convivencia\/","title":{"rendered":"HERMOSILLO. Gobierno de Sonora rehabilita parque Palo Verde Norte y fortalece espacios de convivencia"},"content":{"rendered":"<p>HERMOSILLO. Gobierno de Sonora rehabilita parque Palo Verde Norte y fortalece espacios de convivencia<\/p>\n<p>&nbsp;<\/p>\n<p><strong>HERMOSILLO, SONORA, MX. \u2014<\/strong> El Gobierno de Sonora, a trav\u00e9s de la Secretar\u00eda de Bienestar, realiz\u00f3 una actividad comunitaria en el parque Palo Verde Norte, en la colonia Palo Verde, como parte de las acciones de rehabilitaci\u00f3n y mejora de espacios p\u00fablicos en la capital del estado.<\/p>\n<p>&nbsp;<\/p>\n<p>&nbsp;<\/p>\n<p>&nbsp;<\/p>\n<p>Durante la jornada se llev\u00f3 a cabo una convivencia con ni\u00f1as y ni\u00f1os que utilizan este espacio para actividades deportivas, en el marco de la pr\u00f3xima conmemoraci\u00f3n del D\u00eda del Ni\u00f1o y la Ni\u00f1a.<\/p>\n<p>&nbsp;<\/p>\n<p>&nbsp;<\/p>\n<p>&nbsp;<\/p>\n<p>El secretario de Bienestar en Sonora, Fernando Rojo de la Vega, destac\u00f3 la importancia de recuperar espacios p\u00fablicos que fomenten la convivencia y el desarrollo de la ni\u00f1ez.<\/p>\n<p>&nbsp;<\/p>\n<p>&nbsp;<\/p>\n<p>&nbsp;<\/p>\n<p>\u201cLos espacios p\u00fablicos cobran sentido cuando las ni\u00f1as y los ni\u00f1os los usan, los disfrutan y los hacen suyos. Este parque hoy no solo es una obra rehabilitada, es un punto de encuentro para la comunidad\u201d, expres\u00f3.<\/p>\n<p>&nbsp;<\/p>\n<p>&nbsp;<\/p>\n<p>&nbsp;<\/p>\n<p>Como parte de la actividad, se entregaron uniformes deportivos, balones, conos y redes para porter\u00edas a un equipo de futbol que entrena en este parque, con el objetivo de fortalecer sus actividades y promover el deporte entre la ni\u00f1ez.<\/p>\n<p>&nbsp;<\/p>\n<p>&nbsp;<\/p>\n<p>&nbsp;<\/p>\n<p>Asimismo, se realiz\u00f3 una convivencia recreativa con la entrega de dulces y una pi\u00f1ata, lo que gener\u00f3 un ambiente de celebraci\u00f3n y sana convivencia entre las familias asistentes.<\/p>\n<p>&nbsp;<\/p>\n<p>&nbsp;<\/p>\n<p>&nbsp;<\/p>\n<p>El parque Palo Verde Norte fue rehabilitado mediante trabajos que incluyeron la mejora de \u00e1reas recreativas y deportivas, instalaci\u00f3n de equipamiento urbano, iluminaci\u00f3n y acondicionamiento de espacios para el uso seguro de la comunidad.<\/p>\n<p>&nbsp;<\/p>\n<p>&nbsp;<\/p>\n<p>&nbsp;<\/p>\n<p>Con este tipo de acciones, la Secretar\u00eda de Bienestar impulsa la recuperaci\u00f3n de espacios p\u00fablicos como puntos de encuentro comunitario, fortaleciendo la convivencia, el deporte y el bienestar de las familias hermosillenses.<\/p>\n<p><strong>Fecha de publicaci\u00f3n viernes 1 de mayo \u00a0de 2026<\/strong><\/p>\n","protected":false},"excerpt":{"rendered":"<p>HERMOSILLO. Gobierno de Sonora rehabilita parque Palo Verde Norte y fortalece espacios de convivencia &nbsp;&#8230;<\/p>\n","protected":false},"author":1,"featured_media":240976,"comment_status":"open","ping_status":"open","sticky":false,"template":"","format":"standard","meta":{"_monsterinsights_skip_tracking":false,"_monsterinsights_sitenote_active":false,"_monsterinsights_sitenote_note":"","_monsterinsights_sitenote_category":0,"footnotes":""},"categories":[4],"tags":[7898,9255],"class_list":["post"],"yoast_head":" \n<title>Sonora en Equipo. HERMOSILLO. Gobierno de Sonora rehabilita parque Palo Verde Norte y fortalece espacios de convivencia Municipios<\/title>\n<meta name=\"description\" content=\"HERMOSILLO. Gobierno de Sonora rehabilita parque Palo Verde Norte y fortalece espacios de convivencia &nbsp; HERMOSILLO, SONORA, MX. \u2014 El Gobierno de En Sonora en Equipo publicamos toda la informaci\u00f3n de Sonora, M\u00e9xico y el Mundo de manera oportuna y busca que la libertad de expresi\u00f3n sea real. Visita nuestro medio informativo publicado desde Hermosillo, Sonora. %\" \/>\n<meta name=\"robots\" content=\"index, follow, max-snippet:-1, max-image-preview:large, max-video-preview:-1\" \/>\n<link rel=\"canonical\" href=\"https:\/\/www.sonoraenequipo.com.mx\/hermosillo-gobierno-de-sonora-rehabilita-parque-palo-verde-norte-y-fortalece-espacios-de-convivencia\/\" \/>\n<meta property=\"og:locale\" content=\"es_ES\" \/>\n<meta property=\"og:type\" content=\"article\" \/>\n<meta property=\"og:title\" content=\"Sonora en Equipo. HERMOSILLO. Gobierno de Sonora rehabilita parque Palo Verde Norte y fortalece espacios de convivencia Municipios\" \/>\n<meta property=\"og:description\" content=\"HERMOSILLO. Gobierno de Sonora rehabilita parque Palo Verde Norte y fortalece espacios de convivencia &nbsp; HERMOSILLO, SONORA, MX. \u2014 El Gobierno de En Sonora en Equipo publicamos toda la informaci\u00f3n de Sonora, M\u00e9xico y el Mundo de manera oportuna y busca que la libertad de expresi\u00f3n sea real. Visita nuestro medio informativo publicado desde Hermosillo, Sonora. %\" \/>\n<meta property=\"og:url\" content=\"https:\/\/www.sonoraenequipo.com.mx\/hermosillo-gobierno-de-sonora-rehabilita-parque-palo-verde-norte-y-fortalece-espacios-de-convivencia\/\" \/>\n<meta property=\"og:site_name\" content=\"Sonora en Equipo.\" \/>\n<meta property=\"article:publisher\" content=\"https:\/\/www.facebook.com\/SonoraEE\/\" \/>\n<meta property=\"article:author\" content=\"https:\/\/www.facebook.com\/SonoraEE\" \/>\n<meta property=\"article:published_time\" content=\"2026-05-01T20:40:14+00:00\" \/>\n<meta property=\"og:image\" content=\"https:\/\/www.sonoraenequipo.com.mx\/storage\/2026\/05\/parque-palo-verde-norte.jpg\" \/>\n\t<meta property=\"og:image:width\" content=\"600\" \/>\n\t<meta property=\"og:image:height\" content=\"400\" \/>\n\t<meta property=\"og:image:type\" content=\"image\/jpeg\" \/>\n<meta name=\"author\" content=\"enequipo\" \/>\n<meta name=\"twitter:card\" content=\"summary_large_image\" \/>\n<meta name=\"twitter:creator\" content=\"@sonoraenequipo\" \/>\n<meta name=\"twitter:site\" content=\"@sonoraenequipo\" \/>\n<meta name=\"twitter:label1\" content=\"Escrito por\" \/>\n\t<meta name=\"twitter:data1\" content=\"enequipo\" \/>\n\t<meta name=\"twitter:label2\" content=\"Tiempo de lectura\" \/>\n\t<meta name=\"twitter:data2\" content=\"2 minutos\" \/>\n<script type=\"application\/ld+json\" class=\"yoast-schema-graph\">{\"@context\":\"https:\/\/schema.org\",\"@graph\":[{\"@type\":\"Article\",\"@id\":\"https:\/\/www.sonoraenequipo.com.mx\/hermosillo-gobierno-de-sonora-rehabilita-parque-palo-verde-norte-y-fortalece-espacios-de-convivencia\/#article\",\"isPartOf\":{\"@id\":\"https:\/\/www.sonoraenequipo.com.mx\/hermosillo-gobierno-de-sonora-rehabilita-parque-palo-verde-norte-y-fortalece-espacios-de-convivencia\/\"},\"author\":{\"name\":\"enequipo\",\"@id\":\"https:\/\/www.sonoraenequipo.com.mx\/#\/schema\/person\/50102df0fb23a8fa9e8effad8fa81386\"},\"headline\":\"HERMOSILLO. Gobierno de Sonora rehabilita parque Palo Verde Norte y fortalece espacios de convivencia\",\"datePublished\":\"2026-05-01T20:40:14+00:00\",\"mainEntityOfPage\":{\"@id\":\"https:\/\/www.sonoraenequipo.com.mx\/hermosillo-gobierno-de-sonora-rehabilita-parque-palo-verde-norte-y-fortalece-espacios-de-convivencia\/\"},\"wordCount\":361,\"commentCount\":0,\"publisher\":{\"@id\":\"https:\/\/www.sonoraenequipo.com.mx\/#organization\"},\"image\":{\"@id\":\"https:\/\/www.sonoraenequipo.com.mx\/hermosillo-gobierno-de-sonora-rehabilita-parque-palo-verde-norte-y-fortalece-espacios-de-convivencia\/#primaryimage\"},\"thumbnailUrl\":\"https:\/\/www.sonoraenequipo.com.mx\/storage\/2026\/05\/parque-palo-verde-norte.jpg\",\"keywords\":[\"deportivos\",\"espacios\"],\"articleSection\":[\"Municipios\"],\"inLanguage\":\"es\",\"potentialAction\":[{\"@type\":\"CommentAction\",\"name\":\"Comment\",\"target\":[\"https:\/\/www.sonoraenequipo.com.mx\/hermosillo-gobierno-de-sonora-rehabilita-parque-palo-verde-norte-y-fortalece-espacios-de-convivencia\/#respond\"]}]},{\"@type\":\"WebPage\",\"@id\":\"https:\/\/www.sonoraenequipo.com.mx\/hermosillo-gobierno-de-sonora-rehabilita-parque-palo-verde-norte-y-fortalece-espacios-de-convivencia\/\",\"url\":\"https:\/\/www.sonoraenequipo.com.mx\/hermosillo-gobierno-de-sonora-rehabilita-parque-palo-verde-norte-y-fortalece-espacios-de-convivencia\/\",\"name\":\"Sonora en Equipo. HERMOSILLO. Gobierno de Sonora rehabilita parque Palo Verde Norte y fortalece espacios de convivencia Municipios\",\"isPartOf\":{\"@id\":\"https:\/\/www.sonoraenequipo.com.mx\/#website\"},\"primaryImageOfPage\":{\"@id\":\"https:\/\/www.sonoraenequipo.com.mx\/hermosillo-gobierno-de-sonora-rehabilita-parque-palo-verde-norte-y-fortalece-espacios-de-convivencia\/#primaryimage\"},\"image\":{\"@id\":\"https:\/\/www.sonoraenequipo.com.mx\/hermosillo-gobierno-de-sonora-rehabilita-parque-palo-verde-norte-y-fortalece-espacios-de-convivencia\/#primaryimage\"},\"thumbnailUrl\":\"https:\/\/www.sonoraenequipo.com.mx\/storage\/2026\/05\/parque-palo-verde-norte.jpg\",\"datePublished\":\"2026-05-01T20:40:14+00:00\",\"description\":\"HERMOSILLO. Gobierno de Sonora rehabilita parque Palo Verde Norte y fortalece espacios de convivencia &nbsp; HERMOSILLO, SONORA, MX. \u2014 El Gobierno de En Sonora en Equipo publicamos toda la informaci\u00f3n de Sonora, M\u00e9xico y el Mundo de manera oportuna y busca que la libertad de expresi\u00f3n sea real. Visita nuestro medio informativo publicado desde Hermosillo, Sonora. %\",\"breadcrumb\":{\"@id\":\"https:\/\/www.sonoraenequipo.com.mx\/hermosillo-gobierno-de-sonora-rehabilita-parque-palo-verde-norte-y-fortalece-espacios-de-convivencia\/#breadcrumb\"},\"inLanguage\":\"es\",\"potentialAction\":[{\"@type\":\"ReadAction\",\"target\":[\"https:\/\/www.sonoraenequipo.com.mx\/hermosillo-gobierno-de-sonora-rehabilita-parque-palo-verde-norte-y-fortalece-espacios-de-convivencia\/\"]}]},{\"@type\":\"ImageObject\",\"inLanguage\":\"es\",\"@id\":\"https:\/\/www.sonoraenequipo.com.mx\/hermosillo-gobierno-de-sonora-rehabilita-parque-palo-verde-norte-y-fortalece-espacios-de-convivencia\/#primaryimage\",\"url\":\"https:\/\/www.sonoraenequipo.com.mx\/storage\/2026\/05\/parque-palo-verde-norte.jpg\",\"contentUrl\":\"https:\/\/www.sonoraenequipo.com.mx\/storage\/2026\/05\/parque-palo-verde-norte.jpg\",\"width\":600,\"height\":400},{\"@type\":\"BreadcrumbList\",\"@id\":\"https:\/\/www.sonoraenequipo.com.mx\/hermosillo-gobierno-de-sonora-rehabilita-parque-palo-verde-norte-y-fortalece-espacios-de-convivencia\/#breadcrumb\",\"itemListElement\":[{\"@type\":\"ListItem\",\"position\":1,\"name\":\"Portada\",\"item\":\"https:\/\/www.sonoraenequipo.com.mx\/\"},{\"@type\":\"ListItem\",\"position\":2,\"name\":\"HERMOSILLO. Gobierno de Sonora rehabilita parque Palo Verde Norte y fortalece espacios de convivencia\"}]},{\"@type\":\"WebSite\",\"@id\":\"https:\/\/www.sonoraenequipo.com.mx\/#website\",\"url\":\"https:\/\/www.sonoraenequipo.com.mx\/\",\"name\":\"Sonora en Equipo.\",\"description\":\"Diario en l\u00ednea con Noticias desde Hermosillo, Sonora\",\"publisher\":{\"@id\":\"https:\/\/www.sonoraenequipo.com.mx\/#organization\"},\"potentialAction\":[{\"@type\":\"SearchAction\",\"target\":{\"@type\":\"EntryPoint\",\"urlTemplate\":\"https:\/\/www.sonoraenequipo.com.mx\/?s={search_term_string}\"},\"query-input\":{\"@type\":\"PropertyValueSpecification\",\"valueRequired\":true,\"valueName\":\"search_term_string\"}}],\"inLanguage\":\"es\"},{\"@type\":\"Organization\",\"@id\":\"https:\/\/www.sonoraenequipo.com.mx\/#organization\",\"name\":\"Sonoraenequipo.com.mx\",\"url\":\"https:\/\/www.sonoraenequipo.com.mx\/\",\"logo\":{\"@type\":\"ImageObject\",\"inLanguage\":\"es\",\"@id\":\"https:\/\/www.sonoraenequipo.com.mx\/#\/schema\/logo\/image\/\",\"url\":\"https:\/\/www.sonoraenequipo.com.mx\/storage\/2019\/01\/sonoraenequipo_opt.png\",\"contentUrl\":\"https:\/\/www.sonoraenequipo.com.mx\/storage\/2019\/01\/sonoraenequipo_opt.png\",\"width\":375,\"height\":125,\"caption\":\"Sonoraenequipo.com.mx\"},\"image\":{\"@id\":\"https:\/\/www.sonoraenequipo.com.mx\/#\/schema\/logo\/image\/\"},\"sameAs\":[\"https:\/\/www.facebook.com\/SonoraEE\/\",\"https:\/\/x.com\/sonoraenequipo\",\"https:\/\/www.youtube.com\/channel\/UC338nW-lPEYmJQs4ZABQ1SQ\"]},{\"@type\":\"Person\",\"@id\":\"https:\/\/www.sonoraenequipo.com.mx\/#\/schema\/person\/50102df0fb23a8fa9e8effad8fa81386\",\"name\":\"enequipo\",\"image\":{\"@type\":\"ImageObject\",\"inLanguage\":\"es\",\"@id\":\"https:\/\/www.sonoraenequipo.com.mx\/#\/schema\/person\/image\/\",\"url\":\"https:\/\/secure.gravatar.com\/avatar\/049821681b589dabc0bc20695993ccebb09f5b5d4d790cd9251b97faac7c652b?s=96&d=blank&r=g\",\"contentUrl\":\"https:\/\/secure.gravatar.com\/avatar\/049821681b589dabc0bc20695993ccebb09f5b5d4d790cd9251b97faac7c652b?s=96&d=blank&r=g\",\"caption\":\"enequipo\"},\"sameAs\":[\"https:\/\/www.facebook.com\/SonoraEE\"]}]}<\/script>\n ","yoast_head_json":{"title":"Sonora en Equipo. HERMOSILLO. Gobierno de Sonora rehabilita parque Palo Verde Norte y fortalece espacios de convivencia Municipios","description":"HERMOSILLO. Gobierno de Sonora rehabilita parque Palo Verde Norte y fortalece espacios de convivencia &nbsp; HERMOSILLO, SONORA, MX. \u2014 El Gobierno de En Sonora en Equipo publicamos toda la informaci\u00f3n de Sonora, M\u00e9xico y el Mundo de manera oportuna y busca que la libertad de expresi\u00f3n sea real. Visita nuestro medio informativo publicado desde Hermosillo, Sonora. %","robots":{"index":"index","follow":"follow","max-snippet":"max-snippet:-1","max-image-preview":"max-image-preview:large","max-video-preview":"max-video-preview:-1"},"canonical":"https:\/\/www.sonoraenequipo.com.mx\/hermosillo-gobierno-de-sonora-rehabilita-parque-palo-verde-norte-y-fortalece-espacios-de-convivencia\/","og_locale":"es_ES","og_type":"article","og_title":"Sonora en Equipo. HERMOSILLO. Gobierno de Sonora rehabilita parque Palo Verde Norte y fortalece espacios de convivencia Municipios","og_description":"HERMOSILLO. Gobierno de Sonora rehabilita parque Palo Verde Norte y fortalece espacios de convivencia &nbsp; HERMOSILLO, SONORA, MX. \u2014 El Gobierno de En Sonora en Equipo publicamos toda la informaci\u00f3n de Sonora, M\u00e9xico y el Mundo de manera oportuna y busca que la libertad de expresi\u00f3n sea real. Visita nuestro medio informativo publicado desde Hermosillo, Sonora. %","og_url":"https:\/\/www.sonoraenequipo.com.mx\/hermosillo-gobierno-de-sonora-rehabilita-parque-palo-verde-norte-y-fortalece-espacios-de-convivencia\/","og_site_name":"Sonora en Equipo.","article_publisher":"https:\/\/www.facebook.com\/SonoraEE\/","article_author":"https:\/\/www.facebook.com\/SonoraEE","article_published_time":"2026-05-01T20:40:14+00:00","og_image":[{"width":600,"height":400,"url":"https:\/\/www.sonoraenequipo.com.mx\/storage\/2026\/05\/parque-palo-verde-norte.jpg","type":"image\/jpeg"}],"author":"enequipo","twitter_card":"summary_large_image","twitter_creator":"@sonoraenequipo","twitter_site":"@sonoraenequipo","twitter_misc":{"Escrito por":"enequipo","Tiempo de lectura":"2 minutos"},"schema":{"@context":"https:\/\/schema.org","@graph":[{"@type":"Article","@id":"https:\/\/www.sonoraenequipo.com.mx\/hermosillo-gobierno-de-sonora-rehabilita-parque-palo-verde-norte-y-fortalece-espacios-de-convivencia\/#article","isPartOf":{"@id":"https:\/\/www.sonoraenequipo.com.mx\/hermosillo-gobierno-de-sonora-rehabilita-parque-palo-verde-norte-y-fortalece-espacios-de-convivencia\/"},"author":{"name":"enequipo","@id":"https:\/\/www.sonoraenequipo.com.mx\/#\/schema\/person\/50102df0fb23a8fa9e8effad8fa81386"},"headline":"HERMOSILLO. Gobierno de Sonora rehabilita parque Palo Verde Norte y fortalece espacios de convivencia","datePublished":"2026-05-01T20:40:14+00:00","mainEntityOfPage":{"@id":"https:\/\/www.sonoraenequipo.com.mx\/hermosillo-gobierno-de-sonora-rehabilita-parque-palo-verde-norte-y-fortalece-espacios-de-convivencia\/"},"wordCount":361,"commentCount":0,"publisher":{"@id":"https:\/\/www.sonoraenequipo.com.mx\/#organization"},"image":{"@id":"https:\/\/www.sonoraenequipo.com.mx\/hermosillo-gobierno-de-sonora-rehabilita-parque-palo-verde-norte-y-fortalece-espacios-de-convivencia\/#primaryimage"},"thumbnailUrl":"https:\/\/www.sonoraenequipo.com.mx\/storage\/2026\/05\/parque-palo-verde-norte.jpg","keywords":["deportivos","espacios"],"articleSection":["Municipios"],"inLanguage":"es","potentialAction":[{"@type":"CommentAction","name":"Comment","target":["https:\/\/www.sonoraenequipo.com.mx\/hermosillo-gobierno-de-sonora-rehabilita-parque-palo-verde-norte-y-fortalece-espacios-de-convivencia\/#respond"]}]},{"@type":"WebPage","@id":"https:\/\/www.sonoraenequipo.com.mx\/hermosillo-gobierno-de-sonora-rehabilita-parque-palo-verde-norte-y-fortalece-espacios-de-convivencia\/","url":"https:\/\/www.sonoraenequipo.com.mx\/hermosillo-gobierno-de-sonora-rehabilita-parque-palo-verde-norte-y-fortalece-espacios-de-convivencia\/","name":"Sonora en Equipo. HERMOSILLO. Gobierno de Sonora rehabilita parque Palo Verde Norte y fortalece espacios de convivencia Municipios","isPartOf":{"@id":"https:\/\/www.sonoraenequipo.com.mx\/#website"},"primaryImageOfPage":{"@id":"https:\/\/www.sonoraenequipo.com.mx\/hermosillo-gobierno-de-sonora-rehabilita-parque-palo-verde-norte-y-fortalece-espacios-de-convivencia\/#primaryimage"},"image":{"@id":"https:\/\/www.sonoraenequipo.com.mx\/hermosillo-gobierno-de-sonora-rehabilita-parque-palo-verde-norte-y-fortalece-espacios-de-convivencia\/#primaryimage"},"thumbnailUrl":"https:\/\/www.sonoraenequipo.com.mx\/storage\/2026\/05\/parque-palo-verde-norte.jpg","datePublished":"2026-05-01T20:40:14+00:00","description":"HERMOSILLO. Gobierno de Sonora rehabilita parque Palo Verde Norte y fortalece espacios de convivencia &nbsp; HERMOSILLO, SONORA, MX. \u2014 El Gobierno de En Sonora en Equipo publicamos toda la informaci\u00f3n de Sonora, M\u00e9xico y el Mundo de manera oportuna y busca que la libertad de expresi\u00f3n sea real. Visita nuestro medio informativo publicado desde Hermosillo, Sonora. %","breadcrumb":{"@id":"https:\/\/www.sonoraenequipo.com.mx\/hermosillo-gobierno-de-sonora-rehabilita-parque-palo-verde-norte-y-fortalece-espacios-de-convivencia\/#breadcrumb"},"inLanguage":"es","potentialAction":[{"@type":"ReadAction","target":["https:\/\/www.sonoraenequipo.com.mx\/hermosillo-gobierno-de-sonora-rehabilita-parque-palo-verde-norte-y-fortalece-espacios-de-convivencia\/"]}]},{"@type":"ImageObject","inLanguage":"es","@id":"https:\/\/www.sonoraenequipo.com.mx\/hermosillo-gobierno-de-sonora-rehabilita-parque-palo-verde-norte-y-fortalece-espacios-de-convivencia\/#primaryimage","url":"https:\/\/www.sonoraenequipo.com.mx\/storage\/2026\/05\/parque-palo-verde-norte.jpg","contentUrl":"https:\/\/www.sonoraenequipo.com.mx\/storage\/2026\/05\/parque-palo-verde-norte.jpg","width":600,"height":400},{"@type":"BreadcrumbList","@id":"https:\/\/www.sonoraenequipo.com.mx\/hermosillo-gobierno-de-sonora-rehabilita-parque-palo-verde-norte-y-fortalece-espacios-de-convivencia\/#breadcrumb","itemListElement":[{"@type":"ListItem","position":1,"name":"Portada","item":"https:\/\/www.sonoraenequipo.com.mx\/"},{"@type":"ListItem","position":2,"name":"HERMOSILLO. Gobierno de Sonora rehabilita parque Palo Verde Norte y fortalece espacios de convivencia"}]},{"@type":"WebSite","@id":"https:\/\/www.sonoraenequipo.com.mx\/#website","url":"https:\/\/www.sonoraenequipo.com.mx\/","name":"Sonora en Equipo.","description":"Diario en l\u00ednea con Noticias desde Hermosillo, Sonora","publisher":{"@id":"https:\/\/www.sonoraenequipo.com.mx\/#organization"},"potentialAction":[{"@type":"SearchAction","target":{"@type":"EntryPoint","urlTemplate":"https:\/\/www.sonoraenequipo.com.mx\/?s={search_term_string}"},"query-input":{"@type":"PropertyValueSpecification","valueRequired":true,"valueName":"search_term_string"}}],"inLanguage":"es"},{"@type":"Organization","@id":"https:\/\/www.sonoraenequipo.com.mx\/#organization","name":"Sonoraenequipo.com.mx","url":"https:\/\/www.sonoraenequipo.com.mx\/","logo":{"@type":"ImageObject","inLanguage":"es","@id":"https:\/\/www.sonoraenequipo.com.mx\/#\/schema\/logo\/image\/","url":"https:\/\/www.sonoraenequipo.com.mx\/storage\/2019\/01\/sonoraenequipo_opt.png","contentUrl":"https:\/\/www.sonoraenequipo.com.mx\/storage\/2019\/01\/sonoraenequipo_opt.png","width":375,"height":125,"caption":"Sonoraenequipo.com.mx"},"image":{"@id":"https:\/\/www.sonoraenequipo.com.mx\/#\/schema\/logo\/image\/"},"sameAs":["https:\/\/www.facebook.com\/SonoraEE\/","https:\/\/x.com\/sonoraenequipo","https:\/\/www.youtube.com\/channel\/UC338nW-lPEYmJQs4ZABQ1SQ"]},{"@type":"Person","@id":"https:\/\/www.sonoraenequipo.com.mx\/#\/schema\/person\/50102df0fb23a8fa9e8effad8fa81386","name":"enequipo","image":{"@type":"ImageObject","inLanguage":"es","@id":"https:\/\/www.sonoraenequipo.com.mx\/#\/schema\/person\/image\/","url":"https:\/\/secure.gravatar.com\/avatar\/049821681b589dabc0bc20695993ccebb09f5b5d4d790cd9251b97faac7c652b?s=96&d=blank&r=g","contentUrl":"https:\/\/secure.gravatar.com\/avatar\/049821681b589dabc0bc20695993ccebb09f5b5d4d790cd9251b97faac7c652b?s=96&d=blank&r=g","caption":"enequipo"},"sameAs":["https:\/\/www.facebook.com\/SonoraEE"]}]}},"jetpack_featured_media_url":"https:\/\/www.sonoraenequipo.com.mx\/storage\/2026\/05\/parque-palo-verde-norte.jpg","_links":{"self":[{"href":"https:\/\/www.sonoraenequipo.com.mx\/api\/wp\/v2\/posts\/240975","targetHints":{"allow":["GET"]}}],"collection":[{"href":"https:\/\/www.sonoraenequipo.com.mx\/api\/wp\/v2\/posts"}],"about":[{"href":"https:\/\/www.sonoraenequipo.com.mx\/api\/wp\/v2\/types\/post"}],"author":[{"embeddable":true,"href":"https:\/\/www.sonoraenequipo.com.mx\/api\/wp\/v2\/users\/1"}],"replies":[{"embeddable":true,"href":"https:\/\/www.sonoraenequipo.com.mx\/api\/wp\/v2\/comments?post=240975"}],"version-history":[{"count":1,"href":"https:\/\/www.sonoraenequipo.com.mx\/api\/wp\/v2\/posts\/240975\/revisions"}],"predecessor-version":[{"id":240977,"href":"https:\/\/www.sonoraenequipo.com.mx\/api\/wp\/v2\/posts\/240975\/revisions\/240977"}],"wp:featuredmedia":[{"embeddable":true,"href":"https:\/\/www.sonoraenequipo.com.mx\/api\/wp\/v2\/media\/240976"}],"wp:attachment":[{"href":"https:\/\/www.sonoraenequipo.com.mx\/api\/wp\/v2\/media?parent=240975"}],"wp:term":[{"taxonomy":"category","embeddable":true,"href":"https:\/\/www.sonoraenequipo.com.mx\/api\/wp\/v2\/categories?post=240975"},{"taxonomy":"post_tag","embeddable":true,"href":"https:\/\/www.sonoraenequipo.com.mx\/api\/wp\/v2\/tags?post=240975"}],"curies":[{"name":"wp","href":"https:\/\/api.w.org\/{rel}","templated":true}]}}