{"id":240993,"date":"2026-05-01T15:18:13","date_gmt":"2026-05-01T22:18:13","guid":{"rendered":"https:\/\/www.sonoraenequipo.com.mx\/?p=240993"},"modified":"2026-05-01T15:18:13","modified_gmt":"2026-05-01T22:18:13","slug":"presidenta-anuncia-acuerdo-para-que-burocracia-gane-salario-medio-del-imss","status":"publish","type":"post","link":"https:\/\/www.sonoraenequipo.com.mx\/presidenta-anuncia-acuerdo-para-que-burocracia-gane-salario-medio-del-imss\/","title":{"rendered":"Presidenta anuncia acuerdo para que burocracia gane salario medio del IMSS"},"content":{"rendered":"<p><strong>CIUDAD DE M\u00c9XICO, MX. \u2014<\/strong> En el marco del D\u00eda del Trabajo, la Presidenta de M\u00e9xico, Claudia Sheinbaum Pardo, afirm\u00f3 que la primavera laboral lleg\u00f3 para quedarse, por ello, anunci\u00f3 un acuerdo para que todos los trabajadores del Estado ganen al menos el salario medio del IMSS del 2024 y sus incrementos sean por encima de la inflaci\u00f3n; adem\u00e1s, firm\u00f3 el acuerdo constitucional para la implementaci\u00f3n gradual de la jornada laboral de 40 horas semanales y para la expedici\u00f3n del Certificado Laboral de Agroexportaci\u00f3n, como parte de las acciones para seguir avanzando en los derechos laborales de las y los mexicanos.<\/p>\n<p>&nbsp;<\/p>\n<p>\u201cLa Cuarta Transformaci\u00f3n representa gobiernos del pueblo, por el pueblo y para el pueblo. Nosotros fuimos elegidos por la gente y representamos tambi\u00e9n gobiernos para las y los trabajadores de M\u00e9xico. Es una visi\u00f3n completamente distinta, nosotros pensamos que si se apoya abajo a M\u00e9xico le va a ir mejor, tiene una frase: Por el bien de todas y todos, primero los pobres. Por el bien de todas y de todos, primero las y los trabajadores\u201d, puntualiz\u00f3 en la conferencia matutina: \u201cLas ma\u00f1aneras del pueblo\u201d, que se realiz\u00f3 en el Centro Cultural del M\u00e9xico Contempor\u00e1neo y la cual dedic\u00f3 a las y los trabajadores de M\u00e9xico y a sus conquistas laborales.<\/p>\n<p>&nbsp;<\/p>\n<p>La Jefa del Ejecutivo Federal destac\u00f3 las acciones de la Cuarta Transformaci\u00f3n en materia de empleo: el incremento salarial, la desaparici\u00f3n del outsourcing, la mejora en las pensiones, la justicia laboral, la democracia sindical, la implementaci\u00f3n de la seguridad social para todos los trabajadores de plataformas, la reestructuraci\u00f3n de m\u00e1s de 5 millones de cr\u00e9ditos impagables del Infonavit y Fovissste, y elevar a rango constitucional la prohibici\u00f3n de la brecha salarial por razones de g\u00e9nero: \u201ca trabajo igual, salario igual\u201d.<\/p>\n<p>&nbsp;<\/p>\n<p>El secretario del Trabajo y Previsi\u00f3n Social, Marath Bola\u00f1os L\u00f3pez, destac\u00f3 que el 1 de mayo es memoria viva de aquellos que lucharon para conquistar derechos laborales que hoy son fundamentales. Detall\u00f3 que el neoliberalismo fue un modelo que dio la espalda a las personas trabajadoras de M\u00e9xico, mientras que con los Gobiernos de la Transformaci\u00f3n los derechos laborales se han convertido en el centro de la pol\u00edtica p\u00fablica, lo que se refleja con datos concretos, como:<\/p>\n<p>&nbsp;<\/p>\n<p>El salario m\u00ednimo aument\u00f3 256 por ciento en t\u00e9rminos reales, al pasar de 88.36 pesos diarios en el fin del periodo neoliberal a 315.04 pesos diarios con los Gobiernos de la Transformaci\u00f3n, con ello, el poder adquisitivo aument\u00f3 154 por ciento.<\/p>\n<p>En el neoliberalismo alcanzaba para 0.78 canastas b\u00e1sicas, mientras que, con la Transformaci\u00f3n, a marzo de 2026, alcanza para 1.91 canastas b\u00e1sicas.<\/p>\n<p>Como parte de las acciones para brindar justicia a v\u00edctimas y familiares de Pasta de Conchos, hoy se asume como una responsabilidad hist\u00f3rica, se han localizado 31 mineros y se han entregado 25 de ellos, contrario al periodo neoliberal en el que no hubo respaldo del Estado.<\/p>\n<p>En los \u00faltimos siete a\u00f1os se elimin\u00f3 la subcontrataci\u00f3n con lo que 3 millones de personas trabajadoras fueron reconocidas por sus verdaderos empleadores, asimismo el Reparto de Utilidades (PTU) en 2025 tuvo un incremento acumulado de 150 por ciento, se repartieron 259 mil millones de pesos (mdp).<\/p>\n<p>La tasa de desocupaci\u00f3n tuvo una reducci\u00f3n de 3.7 a 2.4 por ciento en el periodo de 2018 a 2026, mientras que en el neoliberalismo este indicador increment\u00f3 de 3.8 a 5 por ciento del 2006 al 2012.<\/p>\n<p>13.5 millones de personas salieron de la pobreza, de ellos, 6.6 millones gracias a la pol\u00edtica salarial.<\/p>\n<p>Se reform\u00f3 el Sistema de Pensiones con lo que a partir del 2020 se han beneficiado 101 mil 345 personas con pensiones justas; durante el periodo neoliberal el 76% de los trabajadores no ten\u00edan pensi\u00f3n y solo el siete por ciento lograr\u00eda una pensi\u00f3n vitalicia.<\/p>\n<p>Agreg\u00f3 que, con la ratificaci\u00f3n del Humanismo M\u00e9xico con la elecci\u00f3n de la primera mujer Presidenta, en materia laboral se ha vivido un proceso de expansi\u00f3n y modernizaci\u00f3n de los derechos laborales. Ante esto, destac\u00f3 que con Segundo Piso de la Cuarta Transformaci\u00f3n:<\/p>\n<p>&nbsp;<\/p>\n<p>Al corte de marzo 1.3 millones de personas conductoras o repartidoras cuentan con protecci\u00f3n contra accidentes durante su jornada laboral, adem\u00e1s cerca de 200 mil trabajadores han superado el umbral de ingreso neto lo que ha permitido considerarse como trabajadores formales y est\u00e1n totalmente protegidos con seguridad social completa.<\/p>\n<p>Despu\u00e9s de 100 a\u00f1os, a partir de este 1 de mayo, la jornada laboral se reduce de 48 a 40 horas semanales con lo que beneficiar\u00e1 a m\u00e1s de 14 millones personas que ahora tendr\u00e1n m\u00e1s tiempo para la familia y el desarrollo personal.<\/p>\n<p>Se expide el Certificado Laboral de Agroexportaci\u00f3n con lo que garantiza seguridad social, condiciones dignas y salarios justos en el campo mexicano.<\/p>\n<p>Se cre\u00f3 el Centro de Atenci\u00f3n Integral para Trabajadores Agr\u00edcolas de San Quint\u00edn, un espacio con todos los servicios del Gobierno de M\u00e9xico, para mejorar las condiciones de las personas trabajadoras agr\u00edcolas y sus familias.<\/p>\n<p>Se implementa un proyecto integral de bienestar que contempla: la construcci\u00f3n de 1.8 millones de viviendas para quienes ganan entre uno y dos salarios m\u00ednimos; el Sistema Universal de Salud para que cualquier persona pueda recibir atenci\u00f3n m\u00e9dica sin importar su derechohabiencia y se fortalece la igualdad sustantiva para m\u00e1s y mejores oportunidades de desarrollo para las mujeres.<\/p>\n<p>El secretario general de la Confederaci\u00f3n de Trabajadores de M\u00e9xico (CTM), Tereso Medina Ram\u00edrez, reconoci\u00f3 a nombre de los trabajadores, a la Presidenta de M\u00e9xico y a la Cuarta Transformaci\u00f3n por las acciones implementadas para la protecci\u00f3n de los derechos laborales y humanos de los trabajadores.<\/p>\n<p>&nbsp;<\/p>\n<p>La secretaria general de la Confederaci\u00f3n Aut\u00e9ntica de Trabajadores de la Rep\u00fablica Mexicana (CAT Nacional), Mar\u00eda de Jes\u00fas Rodr\u00edguez V\u00e1zquez, se\u00f1al\u00f3 que hoy las mujeres tienen mayor representaci\u00f3n en el \u00e1mbito laboral, agradeci\u00f3 a la Jefa del Ejecutivo Federal por su disposici\u00f3n para escuchar las necesidades de las personas trabajadoras de M\u00e9xico; adem\u00e1s la respald\u00f3 en la defensa de la soberan\u00eda.<\/p>\n<p>&nbsp;<\/p>\n<p>El secretario general del Sindicato Nacional de Trabajadores Mineros, Metal\u00fargicos, Sider\u00fargicos y Similares de la Rep\u00fablica Mexicana (SNTMMSSRM), Napole\u00f3n G\u00f3mez Urrutia, destac\u00f3 que este 1 de mayo recuerda que las y los trabajadores de M\u00e9xico son quienes levantan el pa\u00eds, por ello, hizo un llamado a la unidad y al respaldo a las pol\u00edticas de la mandataria y al proceso de transformaci\u00f3n laboral que hoy se vive.<\/p>\n<p>&nbsp;<\/p>\n<p>El secretario general del Sindicato Nacional de Trabajadores de la Educaci\u00f3n (SNTE), Alfonso Cepeda Salas se\u00f1al\u00f3 que la Presidenta siempre contar\u00e1 con el respaldo de las maestras y maestros de M\u00e9xico gracias a que hoy el Estado act\u00faa como garante de derechos.<\/p>\n<p>&nbsp;<\/p>\n<p>Acompa\u00f1aron a la titular del Ejecutivo, la secretaria de Gobernaci\u00f3n, Rosa Icela Rodr\u00edguez Vel\u00e1zquez, el director general del IMSS, Zo\u00e9 Robledo Aburto, el director general del ISSSTE, Mart\u00ed Batres Guadarrama, el presidente del Congreso del Trabajo, Reyes Soberanis Moreno y el secretario general del Sindicato Nacional de Trabajadores del Seguro Social, Rafael Olivos Hern\u00e1ndez.<\/p>\n<p><strong>Fecha de publicaci\u00f3n viernes 1 de mayo \u00a0de 2026<\/strong><\/p>\n","protected":false},"excerpt":{"rendered":"<p>CIUDAD DE M\u00c9XICO, MX. \u2014 En el marco del D\u00eda del Trabajo, la Presidenta de&#8230;<\/p>\n","protected":false},"author":1,"featured_media":240994,"comment_status":"open","ping_status":"open","sticky":false,"template":"","format":"standard","meta":{"_monsterinsights_skip_tracking":false,"_monsterinsights_sitenote_active":false,"_monsterinsights_sitenote_note":"","_monsterinsights_sitenote_category":0,"footnotes":""},"categories":[5],"tags":[747,2432,3636,6789],"class_list":["post"],"yoast_head":" \n<title>Sonora en Equipo. Presidenta anuncia acuerdo para que burocracia gane salario medio del IMSS Rep\u00fablica<\/title>\n<meta name=\"description\" content=\"CIUDAD DE M\u00c9XICO, MX. \u2014 En el marco del D\u00eda del Trabajo, la Presidenta de M\u00e9xico, Claudia Sheinbaum Pardo, afirm\u00f3 que la primavera laboral lleg\u00f3 para En Sonora en Equipo publicamos toda la informaci\u00f3n de Sonora, M\u00e9xico y el Mundo de manera oportuna y busca que la libertad de expresi\u00f3n sea real. Visita nuestro medio informativo publicado desde Hermosillo, Sonora. %\" \/>\n<meta name=\"robots\" content=\"index, follow, max-snippet:-1, max-image-preview:large, max-video-preview:-1\" \/>\n<link rel=\"canonical\" href=\"https:\/\/www.sonoraenequipo.com.mx\/presidenta-anuncia-acuerdo-para-que-burocracia-gane-salario-medio-del-imss\/\" \/>\n<meta property=\"og:locale\" content=\"es_ES\" \/>\n<meta property=\"og:type\" content=\"article\" \/>\n<meta property=\"og:title\" content=\"Sonora en Equipo. Presidenta anuncia acuerdo para que burocracia gane salario medio del IMSS Rep\u00fablica\" \/>\n<meta property=\"og:description\" content=\"CIUDAD DE M\u00c9XICO, MX. \u2014 En el marco del D\u00eda del Trabajo, la Presidenta de M\u00e9xico, Claudia Sheinbaum Pardo, afirm\u00f3 que la primavera laboral lleg\u00f3 para En Sonora en Equipo publicamos toda la informaci\u00f3n de Sonora, M\u00e9xico y el Mundo de manera oportuna y busca que la libertad de expresi\u00f3n sea real. Visita nuestro medio informativo publicado desde Hermosillo, Sonora. %\" \/>\n<meta property=\"og:url\" content=\"https:\/\/www.sonoraenequipo.com.mx\/presidenta-anuncia-acuerdo-para-que-burocracia-gane-salario-medio-del-imss\/\" \/>\n<meta property=\"og:site_name\" content=\"Sonora en Equipo.\" \/>\n<meta property=\"article:publisher\" content=\"https:\/\/www.facebook.com\/SonoraEE\/\" \/>\n<meta property=\"article:author\" content=\"https:\/\/www.facebook.com\/SonoraEE\" \/>\n<meta property=\"article:published_time\" content=\"2026-05-01T22:18:13+00:00\" \/>\n<meta property=\"og:image\" content=\"https:\/\/www.sonoraenequipo.com.mx\/storage\/2026\/05\/CSP-burocracia.jpg\" \/>\n\t<meta property=\"og:image:width\" content=\"600\" \/>\n\t<meta property=\"og:image:height\" content=\"400\" \/>\n\t<meta property=\"og:image:type\" content=\"image\/jpeg\" \/>\n<meta name=\"author\" content=\"enequipo\" \/>\n<meta name=\"twitter:card\" content=\"summary_large_image\" \/>\n<meta name=\"twitter:creator\" content=\"@sonoraenequipo\" \/>\n<meta name=\"twitter:site\" content=\"@sonoraenequipo\" \/>\n<meta name=\"twitter:label1\" content=\"Escrito por\" \/>\n\t<meta name=\"twitter:data1\" content=\"enequipo\" \/>\n\t<meta name=\"twitter:label2\" content=\"Tiempo de lectura\" \/>\n\t<meta name=\"twitter:data2\" content=\"6 minutos\" \/>\n<script type=\"application\/ld+json\" class=\"yoast-schema-graph\">{\"@context\":\"https:\/\/schema.org\",\"@graph\":[{\"@type\":\"Article\",\"@id\":\"https:\/\/www.sonoraenequipo.com.mx\/presidenta-anuncia-acuerdo-para-que-burocracia-gane-salario-medio-del-imss\/#article\",\"isPartOf\":{\"@id\":\"https:\/\/www.sonoraenequipo.com.mx\/presidenta-anuncia-acuerdo-para-que-burocracia-gane-salario-medio-del-imss\/\"},\"author\":{\"name\":\"enequipo\",\"@id\":\"https:\/\/www.sonoraenequipo.com.mx\/#\/schema\/person\/50102df0fb23a8fa9e8effad8fa81386\"},\"headline\":\"Presidenta anuncia acuerdo para que burocracia gane salario medio del IMSS\",\"datePublished\":\"2026-05-01T22:18:13+00:00\",\"mainEntityOfPage\":{\"@id\":\"https:\/\/www.sonoraenequipo.com.mx\/presidenta-anuncia-acuerdo-para-que-burocracia-gane-salario-medio-del-imss\/\"},\"wordCount\":1245,\"commentCount\":0,\"publisher\":{\"@id\":\"https:\/\/www.sonoraenequipo.com.mx\/#organization\"},\"image\":{\"@id\":\"https:\/\/www.sonoraenequipo.com.mx\/presidenta-anuncia-acuerdo-para-que-burocracia-gane-salario-medio-del-imss\/#primaryimage\"},\"thumbnailUrl\":\"https:\/\/www.sonoraenequipo.com.mx\/storage\/2026\/05\/CSP-burocracia.jpg\",\"keywords\":[\"burocracia\",\"Claudia Sheinbaum\",\"federal\",\"salario\"],\"articleSection\":[\"Rep\u00fablica\"],\"inLanguage\":\"es\",\"potentialAction\":[{\"@type\":\"CommentAction\",\"name\":\"Comment\",\"target\":[\"https:\/\/www.sonoraenequipo.com.mx\/presidenta-anuncia-acuerdo-para-que-burocracia-gane-salario-medio-del-imss\/#respond\"]}]},{\"@type\":\"WebPage\",\"@id\":\"https:\/\/www.sonoraenequipo.com.mx\/presidenta-anuncia-acuerdo-para-que-burocracia-gane-salario-medio-del-imss\/\",\"url\":\"https:\/\/www.sonoraenequipo.com.mx\/presidenta-anuncia-acuerdo-para-que-burocracia-gane-salario-medio-del-imss\/\",\"name\":\"Sonora en Equipo. Presidenta anuncia acuerdo para que burocracia gane salario medio del IMSS Rep\u00fablica\",\"isPartOf\":{\"@id\":\"https:\/\/www.sonoraenequipo.com.mx\/#website\"},\"primaryImageOfPage\":{\"@id\":\"https:\/\/www.sonoraenequipo.com.mx\/presidenta-anuncia-acuerdo-para-que-burocracia-gane-salario-medio-del-imss\/#primaryimage\"},\"image\":{\"@id\":\"https:\/\/www.sonoraenequipo.com.mx\/presidenta-anuncia-acuerdo-para-que-burocracia-gane-salario-medio-del-imss\/#primaryimage\"},\"thumbnailUrl\":\"https:\/\/www.sonoraenequipo.com.mx\/storage\/2026\/05\/CSP-burocracia.jpg\",\"datePublished\":\"2026-05-01T22:18:13+00:00\",\"description\":\"CIUDAD DE M\u00c9XICO, MX. \u2014 En el marco del D\u00eda del Trabajo, la Presidenta de M\u00e9xico, Claudia Sheinbaum Pardo, afirm\u00f3 que la primavera laboral lleg\u00f3 para En Sonora en Equipo publicamos toda la informaci\u00f3n de Sonora, M\u00e9xico y el Mundo de manera oportuna y busca que la libertad de expresi\u00f3n sea real. Visita nuestro medio informativo publicado desde Hermosillo, Sonora. %\",\"breadcrumb\":{\"@id\":\"https:\/\/www.sonoraenequipo.com.mx\/presidenta-anuncia-acuerdo-para-que-burocracia-gane-salario-medio-del-imss\/#breadcrumb\"},\"inLanguage\":\"es\",\"potentialAction\":[{\"@type\":\"ReadAction\",\"target\":[\"https:\/\/www.sonoraenequipo.com.mx\/presidenta-anuncia-acuerdo-para-que-burocracia-gane-salario-medio-del-imss\/\"]}]},{\"@type\":\"ImageObject\",\"inLanguage\":\"es\",\"@id\":\"https:\/\/www.sonoraenequipo.com.mx\/presidenta-anuncia-acuerdo-para-que-burocracia-gane-salario-medio-del-imss\/#primaryimage\",\"url\":\"https:\/\/www.sonoraenequipo.com.mx\/storage\/2026\/05\/CSP-burocracia.jpg\",\"contentUrl\":\"https:\/\/www.sonoraenequipo.com.mx\/storage\/2026\/05\/CSP-burocracia.jpg\",\"width\":600,\"height\":400},{\"@type\":\"BreadcrumbList\",\"@id\":\"https:\/\/www.sonoraenequipo.com.mx\/presidenta-anuncia-acuerdo-para-que-burocracia-gane-salario-medio-del-imss\/#breadcrumb\",\"itemListElement\":[{\"@type\":\"ListItem\",\"position\":1,\"name\":\"Portada\",\"item\":\"https:\/\/www.sonoraenequipo.com.mx\/\"},{\"@type\":\"ListItem\",\"position\":2,\"name\":\"Presidenta anuncia acuerdo para que burocracia gane salario medio del IMSS\"}]},{\"@type\":\"WebSite\",\"@id\":\"https:\/\/www.sonoraenequipo.com.mx\/#website\",\"url\":\"https:\/\/www.sonoraenequipo.com.mx\/\",\"name\":\"Sonora en Equipo.\",\"description\":\"Diario en l\u00ednea con Noticias desde Hermosillo, Sonora\",\"publisher\":{\"@id\":\"https:\/\/www.sonoraenequipo.com.mx\/#organization\"},\"potentialAction\":[{\"@type\":\"SearchAction\",\"target\":{\"@type\":\"EntryPoint\",\"urlTemplate\":\"https:\/\/www.sonoraenequipo.com.mx\/?s={search_term_string}\"},\"query-input\":{\"@type\":\"PropertyValueSpecification\",\"valueRequired\":true,\"valueName\":\"search_term_string\"}}],\"inLanguage\":\"es\"},{\"@type\":\"Organization\",\"@id\":\"https:\/\/www.sonoraenequipo.com.mx\/#organization\",\"name\":\"Sonoraenequipo.com.mx\",\"url\":\"https:\/\/www.sonoraenequipo.com.mx\/\",\"logo\":{\"@type\":\"ImageObject\",\"inLanguage\":\"es\",\"@id\":\"https:\/\/www.sonoraenequipo.com.mx\/#\/schema\/logo\/image\/\",\"url\":\"https:\/\/www.sonoraenequipo.com.mx\/storage\/2019\/01\/sonoraenequipo_opt.png\",\"contentUrl\":\"https:\/\/www.sonoraenequipo.com.mx\/storage\/2019\/01\/sonoraenequipo_opt.png\",\"width\":375,\"height\":125,\"caption\":\"Sonoraenequipo.com.mx\"},\"image\":{\"@id\":\"https:\/\/www.sonoraenequipo.com.mx\/#\/schema\/logo\/image\/\"},\"sameAs\":[\"https:\/\/www.facebook.com\/SonoraEE\/\",\"https:\/\/x.com\/sonoraenequipo\",\"https:\/\/www.youtube.com\/channel\/UC338nW-lPEYmJQs4ZABQ1SQ\"]},{\"@type\":\"Person\",\"@id\":\"https:\/\/www.sonoraenequipo.com.mx\/#\/schema\/person\/50102df0fb23a8fa9e8effad8fa81386\",\"name\":\"enequipo\",\"image\":{\"@type\":\"ImageObject\",\"inLanguage\":\"es\",\"@id\":\"https:\/\/www.sonoraenequipo.com.mx\/#\/schema\/person\/image\/\",\"url\":\"https:\/\/secure.gravatar.com\/avatar\/049821681b589dabc0bc20695993ccebb09f5b5d4d790cd9251b97faac7c652b?s=96&d=blank&r=g\",\"contentUrl\":\"https:\/\/secure.gravatar.com\/avatar\/049821681b589dabc0bc20695993ccebb09f5b5d4d790cd9251b97faac7c652b?s=96&d=blank&r=g\",\"caption\":\"enequipo\"},\"sameAs\":[\"https:\/\/www.facebook.com\/SonoraEE\"]}]}<\/script>\n ","yoast_head_json":{"title":"Sonora en Equipo. Presidenta anuncia acuerdo para que burocracia gane salario medio del IMSS Rep\u00fablica","description":"CIUDAD DE M\u00c9XICO, MX. \u2014 En el marco del D\u00eda del Trabajo, la Presidenta de M\u00e9xico, Claudia Sheinbaum Pardo, afirm\u00f3 que la primavera laboral lleg\u00f3 para En Sonora en Equipo publicamos toda la informaci\u00f3n de Sonora, M\u00e9xico y el Mundo de manera oportuna y busca que la libertad de expresi\u00f3n sea real. Visita nuestro medio informativo publicado desde Hermosillo, Sonora. %","robots":{"index":"index","follow":"follow","max-snippet":"max-snippet:-1","max-image-preview":"max-image-preview:large","max-video-preview":"max-video-preview:-1"},"canonical":"https:\/\/www.sonoraenequipo.com.mx\/presidenta-anuncia-acuerdo-para-que-burocracia-gane-salario-medio-del-imss\/","og_locale":"es_ES","og_type":"article","og_title":"Sonora en Equipo. Presidenta anuncia acuerdo para que burocracia gane salario medio del IMSS Rep\u00fablica","og_description":"CIUDAD DE M\u00c9XICO, MX. \u2014 En el marco del D\u00eda del Trabajo, la Presidenta de M\u00e9xico, Claudia Sheinbaum Pardo, afirm\u00f3 que la primavera laboral lleg\u00f3 para En Sonora en Equipo publicamos toda la informaci\u00f3n de Sonora, M\u00e9xico y el Mundo de manera oportuna y busca que la libertad de expresi\u00f3n sea real. Visita nuestro medio informativo publicado desde Hermosillo, Sonora. %","og_url":"https:\/\/www.sonoraenequipo.com.mx\/presidenta-anuncia-acuerdo-para-que-burocracia-gane-salario-medio-del-imss\/","og_site_name":"Sonora en Equipo.","article_publisher":"https:\/\/www.facebook.com\/SonoraEE\/","article_author":"https:\/\/www.facebook.com\/SonoraEE","article_published_time":"2026-05-01T22:18:13+00:00","og_image":[{"width":600,"height":400,"url":"https:\/\/www.sonoraenequipo.com.mx\/storage\/2026\/05\/CSP-burocracia.jpg","type":"image\/jpeg"}],"author":"enequipo","twitter_card":"summary_large_image","twitter_creator":"@sonoraenequipo","twitter_site":"@sonoraenequipo","twitter_misc":{"Escrito por":"enequipo","Tiempo de lectura":"6 minutos"},"schema":{"@context":"https:\/\/schema.org","@graph":[{"@type":"Article","@id":"https:\/\/www.sonoraenequipo.com.mx\/presidenta-anuncia-acuerdo-para-que-burocracia-gane-salario-medio-del-imss\/#article","isPartOf":{"@id":"https:\/\/www.sonoraenequipo.com.mx\/presidenta-anuncia-acuerdo-para-que-burocracia-gane-salario-medio-del-imss\/"},"author":{"name":"enequipo","@id":"https:\/\/www.sonoraenequipo.com.mx\/#\/schema\/person\/50102df0fb23a8fa9e8effad8fa81386"},"headline":"Presidenta anuncia acuerdo para que burocracia gane salario medio del IMSS","datePublished":"2026-05-01T22:18:13+00:00","mainEntityOfPage":{"@id":"https:\/\/www.sonoraenequipo.com.mx\/presidenta-anuncia-acuerdo-para-que-burocracia-gane-salario-medio-del-imss\/"},"wordCount":1245,"commentCount":0,"publisher":{"@id":"https:\/\/www.sonoraenequipo.com.mx\/#organization"},"image":{"@id":"https:\/\/www.sonoraenequipo.com.mx\/presidenta-anuncia-acuerdo-para-que-burocracia-gane-salario-medio-del-imss\/#primaryimage"},"thumbnailUrl":"https:\/\/www.sonoraenequipo.com.mx\/storage\/2026\/05\/CSP-burocracia.jpg","keywords":["burocracia","Claudia Sheinbaum","federal","salario"],"articleSection":["Rep\u00fablica"],"inLanguage":"es","potentialAction":[{"@type":"CommentAction","name":"Comment","target":["https:\/\/www.sonoraenequipo.com.mx\/presidenta-anuncia-acuerdo-para-que-burocracia-gane-salario-medio-del-imss\/#respond"]}]},{"@type":"WebPage","@id":"https:\/\/www.sonoraenequipo.com.mx\/presidenta-anuncia-acuerdo-para-que-burocracia-gane-salario-medio-del-imss\/","url":"https:\/\/www.sonoraenequipo.com.mx\/presidenta-anuncia-acuerdo-para-que-burocracia-gane-salario-medio-del-imss\/","name":"Sonora en Equipo. Presidenta anuncia acuerdo para que burocracia gane salario medio del IMSS Rep\u00fablica","isPartOf":{"@id":"https:\/\/www.sonoraenequipo.com.mx\/#website"},"primaryImageOfPage":{"@id":"https:\/\/www.sonoraenequipo.com.mx\/presidenta-anuncia-acuerdo-para-que-burocracia-gane-salario-medio-del-imss\/#primaryimage"},"image":{"@id":"https:\/\/www.sonoraenequipo.com.mx\/presidenta-anuncia-acuerdo-para-que-burocracia-gane-salario-medio-del-imss\/#primaryimage"},"thumbnailUrl":"https:\/\/www.sonoraenequipo.com.mx\/storage\/2026\/05\/CSP-burocracia.jpg","datePublished":"2026-05-01T22:18:13+00:00","description":"CIUDAD DE M\u00c9XICO, MX. \u2014 En el marco del D\u00eda del Trabajo, la Presidenta de M\u00e9xico, Claudia Sheinbaum Pardo, afirm\u00f3 que la primavera laboral lleg\u00f3 para En Sonora en Equipo publicamos toda la informaci\u00f3n de Sonora, M\u00e9xico y el Mundo de manera oportuna y busca que la libertad de expresi\u00f3n sea real. Visita nuestro medio informativo publicado desde Hermosillo, Sonora. %","breadcrumb":{"@id":"https:\/\/www.sonoraenequipo.com.mx\/presidenta-anuncia-acuerdo-para-que-burocracia-gane-salario-medio-del-imss\/#breadcrumb"},"inLanguage":"es","potentialAction":[{"@type":"ReadAction","target":["https:\/\/www.sonoraenequipo.com.mx\/presidenta-anuncia-acuerdo-para-que-burocracia-gane-salario-medio-del-imss\/"]}]},{"@type":"ImageObject","inLanguage":"es","@id":"https:\/\/www.sonoraenequipo.com.mx\/presidenta-anuncia-acuerdo-para-que-burocracia-gane-salario-medio-del-imss\/#primaryimage","url":"https:\/\/www.sonoraenequipo.com.mx\/storage\/2026\/05\/CSP-burocracia.jpg","contentUrl":"https:\/\/www.sonoraenequipo.com.mx\/storage\/2026\/05\/CSP-burocracia.jpg","width":600,"height":400},{"@type":"BreadcrumbList","@id":"https:\/\/www.sonoraenequipo.com.mx\/presidenta-anuncia-acuerdo-para-que-burocracia-gane-salario-medio-del-imss\/#breadcrumb","itemListElement":[{"@type":"ListItem","position":1,"name":"Portada","item":"https:\/\/www.sonoraenequipo.com.mx\/"},{"@type":"ListItem","position":2,"name":"Presidenta anuncia acuerdo para que burocracia gane salario medio del IMSS"}]},{"@type":"WebSite","@id":"https:\/\/www.sonoraenequipo.com.mx\/#website","url":"https:\/\/www.sonoraenequipo.com.mx\/","name":"Sonora en Equipo.","description":"Diario en l\u00ednea con Noticias desde Hermosillo, Sonora","publisher":{"@id":"https:\/\/www.sonoraenequipo.com.mx\/#organization"},"potentialAction":[{"@type":"SearchAction","target":{"@type":"EntryPoint","urlTemplate":"https:\/\/www.sonoraenequipo.com.mx\/?s={search_term_string}"},"query-input":{"@type":"PropertyValueSpecification","valueRequired":true,"valueName":"search_term_string"}}],"inLanguage":"es"},{"@type":"Organization","@id":"https:\/\/www.sonoraenequipo.com.mx\/#organization","name":"Sonoraenequipo.com.mx","url":"https:\/\/www.sonoraenequipo.com.mx\/","logo":{"@type":"ImageObject","inLanguage":"es","@id":"https:\/\/www.sonoraenequipo.com.mx\/#\/schema\/logo\/image\/","url":"https:\/\/www.sonoraenequipo.com.mx\/storage\/2019\/01\/sonoraenequipo_opt.png","contentUrl":"https:\/\/www.sonoraenequipo.com.mx\/storage\/2019\/01\/sonoraenequipo_opt.png","width":375,"height":125,"caption":"Sonoraenequipo.com.mx"},"image":{"@id":"https:\/\/www.sonoraenequipo.com.mx\/#\/schema\/logo\/image\/"},"sameAs":["https:\/\/www.facebook.com\/SonoraEE\/","https:\/\/x.com\/sonoraenequipo","https:\/\/www.youtube.com\/channel\/UC338nW-lPEYmJQs4ZABQ1SQ"]},{"@type":"Person","@id":"https:\/\/www.sonoraenequipo.com.mx\/#\/schema\/person\/50102df0fb23a8fa9e8effad8fa81386","name":"enequipo","image":{"@type":"ImageObject","inLanguage":"es","@id":"https:\/\/www.sonoraenequipo.com.mx\/#\/schema\/person\/image\/","url":"https:\/\/secure.gravatar.com\/avatar\/049821681b589dabc0bc20695993ccebb09f5b5d4d790cd9251b97faac7c652b?s=96&d=blank&r=g","contentUrl":"https:\/\/secure.gravatar.com\/avatar\/049821681b589dabc0bc20695993ccebb09f5b5d4d790cd9251b97faac7c652b?s=96&d=blank&r=g","caption":"enequipo"},"sameAs":["https:\/\/www.facebook.com\/SonoraEE"]}]}},"jetpack_featured_media_url":"https:\/\/www.sonoraenequipo.com.mx\/storage\/2026\/05\/CSP-burocracia.jpg","_links":{"self":[{"href":"https:\/\/www.sonoraenequipo.com.mx\/api\/wp\/v2\/posts\/240993","targetHints":{"allow":["GET"]}}],"collection":[{"href":"https:\/\/www.sonoraenequipo.com.mx\/api\/wp\/v2\/posts"}],"about":[{"href":"https:\/\/www.sonoraenequipo.com.mx\/api\/wp\/v2\/types\/post"}],"author":[{"embeddable":true,"href":"https:\/\/www.sonoraenequipo.com.mx\/api\/wp\/v2\/users\/1"}],"replies":[{"embeddable":true,"href":"https:\/\/www.sonoraenequipo.com.mx\/api\/wp\/v2\/comments?post=240993"}],"version-history":[{"count":1,"href":"https:\/\/www.sonoraenequipo.com.mx\/api\/wp\/v2\/posts\/240993\/revisions"}],"predecessor-version":[{"id":240995,"href":"https:\/\/www.sonoraenequipo.com.mx\/api\/wp\/v2\/posts\/240993\/revisions\/240995"}],"wp:featuredmedia":[{"embeddable":true,"href":"https:\/\/www.sonoraenequipo.com.mx\/api\/wp\/v2\/media\/240994"}],"wp:attachment":[{"href":"https:\/\/www.sonoraenequipo.com.mx\/api\/wp\/v2\/media?parent=240993"}],"wp:term":[{"taxonomy":"category","embeddable":true,"href":"https:\/\/www.sonoraenequipo.com.mx\/api\/wp\/v2\/categories?post=240993"},{"taxonomy":"post_tag","embeddable":true,"href":"https:\/\/www.sonoraenequipo.com.mx\/api\/wp\/v2\/tags?post=240993"}],"curies":[{"name":"wp","href":"https:\/\/api.w.org\/{rel}","templated":true}]}}