{"id":241003,"date":"2026-05-01T18:53:47","date_gmt":"2026-05-02T01:53:47","guid":{"rendered":"https:\/\/www.sonoraenequipo.com.mx\/?p=241003"},"modified":"2026-05-01T20:05:07","modified_gmt":"2026-05-02T03:05:07","slug":"241003-2","status":"publish","type":"post","link":"https:\/\/www.sonoraenequipo.com.mx\/241003-2\/","title":{"rendered":"BAZAR POL\u00cdTICO. Rocha vs Campos \u00bfcu\u00e1l caso es m\u00e1s delicado?"},"content":{"rendered":"<p>Ambos casos son de extrema gravedad por involucrar a la seguridad nacional y la integridad institucional, no obstante sus causas son distintas. Actualmente, la situaci\u00f3n del gobernador de Sinaloa Rub\u00e9n Rocha Moya (Morena) tiende a considerarse m\u00e1s cr\u00edtica en t\u00e9rminos jur\u00eddicos internacionales, mientras que el caso de la gobernadora de Chihuahua, Maru Campos (PAN) se centra en una crisis de soberan\u00eda nacional, es decir un conflicto interno.<\/p>\n<p><strong>\u00a0Rocha Moya, su caso ha escalado recientemente a un nivel de gravedad penal internacional.<\/strong><\/p>\n<p>Acusaci\u00f3n Formal de EE. UU.: El Departamento de Justicia de Estados Unidos present\u00f3 una acusaci\u00f3n formal en una corte federal de Nueva York contra Rocha Moya por presuntos v\u00ednculos con el C\u00e1rtel de Sinaloa, espec\u00edficamente con la facci\u00f3n de \u00abLos Chapitos\u00bb.<\/p>\n<p>Posibles Penas: De ser hallado culpable, se estima una pena m\u00ednima de 50 a\u00f1os de prisi\u00f3n por cargos relacionados con el narcotr\u00e1fico y colaboraci\u00f3n con grupos criminales.<\/p>\n<p>A\u00fan m\u00e1s delicado junto con Rocha Moya est\u00e1n se\u00f1alados; el senador y exsecretario general de gobierno Enrique Inzunza C\u00e1zarez; el exsecretario de Finanzas Enrique D\u00edaz Vega; el vicefiscal estatal D\u00e1maso Castro Zaavedra; los exjefes de la Polic\u00eda de Investigaci\u00f3n Marco Antonio Almanza Avil\u00e9s y Alberto Jorge Contreras N\u00fa\u00f1ez; el exsecretario de Seguridad, Gerardo M\u00e9rida S\u00e1nchez; el exsubdirector policial Jos\u00e9 Antonio Dionisio Hip\u00f3lito; al alcalde de Culiac\u00e1n Juan de Dios G\u00e1mez Mend\u00edvil; y el excomandante municipal Juan Valenzuela Mill\u00e1n.<\/p>\n<p><strong>Caso Campos<\/strong><\/p>\n<p>A partir de abril de 2026, el caso de la gobernadora de Chihuahua, Maru Campos, es objeto de una intensa disputa jur\u00eddica y pol\u00edtica centrada en el cargo de traici\u00f3n a la patria, controversia que \u00a0surge por la operaci\u00f3n de agentes de la CIA y otras agencias de EE. UU. \u00a0(como el FBI y el CBP) en territorio chihuahuense sin el aval del Gobierno Federal.<\/p>\n<p>Los Legisladores de Morena y el PT sostienen que permitir la intervenci\u00f3n extranjera en seguridad p\u00fablica viola la soberan\u00eda nacional y la Constituci\u00f3n.<\/p>\n<p>Se basan en el Art\u00edculo 123 del C\u00f3digo Penal Federal, que sanciona a quien act\u00fae contra la independencia o integridad de la naci\u00f3n para someterla a un gobierno extranjero. Postura de la que el PAN y otros sectores argumentan que el caso es una \u00abpersecuci\u00f3n pol\u00edtica\u00bb y que los operativos resultaron en el desmantelamiento de laboratorios de droga. Expertos jur\u00eddicos han se\u00f1alado que para acreditar este delito se requiere probar la intenci\u00f3n deliberada de da\u00f1ar la soberan\u00eda, lo cual consideran dif\u00edcil de sustentar<\/p>\n<p>La Fiscal\u00eda General de la Rep\u00fablica ha abierto l\u00edneas de investigaci\u00f3n por traici\u00f3n a la patria contra la gobernadora y el exfiscal estatal C\u00e9sar J\u00e1uregui. Juicio Pol\u00edtico: Se han presentado solicitudes ante el Congreso de la Uni\u00f3n para iniciar un juicio pol\u00edtico que derive en su destituci\u00f3n.<\/p>\n<p>Independientemente de todo lo anterior los dos casos van deteriorar m\u00e1s la ya complicada relaci\u00f3n bilateral con la administraci\u00f3n Trump<\/p>\n<p>&nbsp;<\/p>\n<p><strong>Aviso a la UMPC de Hermosillo.<\/strong><\/p>\n<p>Bien har\u00eda la Unidad Municipal de Protecci\u00f3n civil de Hermosillo en visitar el Casino Central ubicado en Galer\u00edas Mall toda vez que me comentan asiduos que algo pasa con el aire acondicionado y que es un calor\u00f3n adentro y adem\u00e1s de la incomodidad para clientes y los mismos trabajadores,para el sinf\u00edn de m\u00e1quinas representa un riesgo pues requieren de enfriamiento constante para su buen funcionamiento y Dios guarde se provoque un corto en una de ellas y\u00a0 se intensifique en un incendio.<\/p>\n<p>Ojo.<\/p>\n<p>Ojal\u00e1 que para cuando lean esto el casino ya haya resuelto el problema.<\/p>\n<p><strong>Muy calladita delegaci\u00f3n de karatecas de Hermosillo brilla en nacional<\/strong><\/p>\n<figure style=\"width: 600px\" class=\"wp-caption x-center\"><img loading=\"lazy\" decoding=\"async\" src=\"https:\/\/www.sonoraenequipo.com.mx\/storage\/2026\/04\/shotokansonora-dojo.jpg\" alt=\"\" width=\"600\" height=\"400\" \/><figcaption class=\"wp-caption-text\">los integrantes del Dojo Shotokan Sonora que dirige el sensei Ignacio Campos<\/figcaption><\/figure>\n<p>A la chita callando\u00a0 es decir sin hacer alharaca, pero los que fueron vieron y vencieron son 17 muchachos del Dojo Shotokan Sonora que acudieron el pasado (26\/04\/2026) al selectivo nacional para \u00a0la quinta shotoworldcup e a celebrarse en M\u00e9rida en octubre pr\u00f3ximo.\u00a0 Ganaron \u00a0la friolera de 29 medallas, 15 de oro,7 de plata y 7 de bronce, varios de ellos dobletearon oro pues se compite en las modalidades de kata y combate t\u00e9cnico.<\/p>\n<p>Debo corregir pero s\u00ed hubo alharaca al final del torneo ya en el hotel celebraron con la arenga \u00a1nos vamos al mundial! ya que en esta disciplina les ense\u00f1an el respeto a sus contrincantes.<\/p>\n<p>Y es que la s\u00f3lida actuaci\u00f3n de la delegaci\u00f3n sonorense le vali\u00f3 su lugar en la quinta copa mundial.<\/p>\n<p>Y s\u00f3lo con el esfuerzo de los orgullosos padres.<\/p>\n<p>A la Shoto cup World participar\u00e1n karatecas de 50 pa\u00edses.<\/p>\n<p>Veremos c\u00f3mo les va.<\/p>\n<figure id=\"attachment_241005\" aria-describedby=\"caption-attachment-241005\" style=\"width: 247px\" class=\"wp-caption x-center\"><img loading=\"lazy\" decoding=\"async\" class=\" size-medium\" src=\"https:\/\/www.sonoraenequipo.com.mx\/storage\/2026\/05\/santi-247x365.jpg\" alt=\"\" width=\"247\" height=\"365\" \/><figcaption id=\"caption-attachment-241005\" class=\"wp-caption-text\">Abraham Santiago contento con sus dos oros. \u00a1Enhorabuena!<\/figcaption><\/figure>\n<p>Cabe se\u00f1alar que muchos j\u00f3venes incluso ni\u00f1os de entre 10 y 12 a\u00f1os ya tienen experiencia en torneos estatales, nacionales e internacionales, tal es el caso de Abraham Santiago Guzm\u00e1n quien a sus 10 a\u00f1os tiene en su haber varias medallas, y este torneo no fue la excepci\u00f3n pues el estudiante del quinto a\u00f1o de la primaria Club de Leones n\u00famero 5 fue de los que dobletearon oro, en kata y combate t\u00e9cnico. Es decir, el angelito es campe\u00f3n nacional en ambas modalidades en su categor\u00eda, se dice f\u00e1cil<\/p>\n<p>Mucha suerte\u00a0 en la 5ta. Shotoworld Cup<\/p>\n<p><strong>Fecha de publicaci\u00f3n jueves 30 de abril \u00a0de 2026<\/strong><\/p>\n","protected":false},"excerpt":{"rendered":"<p>Ambos casos son de extrema gravedad por involucrar a la seguridad nacional y la integridad&#8230;<\/p>\n","protected":false},"author":6,"featured_media":241011,"comment_status":"open","ping_status":"open","sticky":false,"template":"","format":"standard","meta":{"_monsterinsights_skip_tracking":false,"_monsterinsights_sitenote_active":false,"_monsterinsights_sitenote_note":"","_monsterinsights_sitenote_category":0,"footnotes":""},"categories":[14],"tags":[5595,12654],"class_list":["post"],"yoast_head":" \n<title>Sonora en Equipo. BAZAR POL\u00cdTICO. Rocha vs Campos \u00bfcu\u00e1l caso es m\u00e1s delicado? Voces<\/title>\n<meta name=\"description\" content=\"Ambos casos son de extrema gravedad por involucrar a la seguridad nacional y la integridad institucional, no obstante sus causas son distintas. En Sonora en Equipo publicamos toda la informaci\u00f3n de Sonora, M\u00e9xico y el Mundo de manera oportuna y busca que la libertad de expresi\u00f3n sea real. Visita nuestro medio informativo publicado desde Hermosillo, Sonora. %\" \/>\n<meta name=\"robots\" content=\"index, follow, max-snippet:-1, max-image-preview:large, max-video-preview:-1\" \/>\n<link rel=\"canonical\" href=\"https:\/\/www.sonoraenequipo.com.mx\/241003-2\/\" \/>\n<meta property=\"og:locale\" content=\"es_ES\" \/>\n<meta property=\"og:type\" content=\"article\" \/>\n<meta property=\"og:title\" content=\"Sonora en Equipo. BAZAR POL\u00cdTICO. Rocha vs Campos \u00bfcu\u00e1l caso es m\u00e1s delicado? Voces\" \/>\n<meta property=\"og:description\" content=\"Ambos casos son de extrema gravedad por involucrar a la seguridad nacional y la integridad institucional, no obstante sus causas son distintas. En Sonora en Equipo publicamos toda la informaci\u00f3n de Sonora, M\u00e9xico y el Mundo de manera oportuna y busca que la libertad de expresi\u00f3n sea real. Visita nuestro medio informativo publicado desde Hermosillo, Sonora. %\" \/>\n<meta property=\"og:url\" content=\"https:\/\/www.sonoraenequipo.com.mx\/241003-2\/\" \/>\n<meta property=\"og:site_name\" content=\"Sonora en Equipo.\" \/>\n<meta property=\"article:publisher\" content=\"https:\/\/www.facebook.com\/SonoraEE\/\" \/>\n<meta property=\"article:published_time\" content=\"2026-05-02T01:53:47+00:00\" \/>\n<meta property=\"article:modified_time\" content=\"2026-05-02T03:05:07+00:00\" \/>\n<meta property=\"og:image\" content=\"https:\/\/www.sonoraenequipo.com.mx\/storage\/2026\/05\/campos-y-rocha-1.jpg\" \/>\n\t<meta property=\"og:image:width\" content=\"600\" \/>\n\t<meta property=\"og:image:height\" content=\"400\" \/>\n\t<meta property=\"og:image:type\" content=\"image\/jpeg\" \/>\n<meta name=\"author\" content=\"Nacho Bandin\" \/>\n<meta name=\"twitter:card\" content=\"summary_large_image\" \/>\n<meta name=\"twitter:creator\" content=\"@sonoraenequipo\" \/>\n<meta name=\"twitter:site\" content=\"@sonoraenequipo\" \/>\n<meta name=\"twitter:label1\" content=\"Escrito por\" \/>\n\t<meta name=\"twitter:data1\" content=\"Nacho Bandin\" \/>\n\t<meta name=\"twitter:label2\" content=\"Tiempo de lectura\" \/>\n\t<meta name=\"twitter:data2\" content=\"5 minutos\" \/>\n<script type=\"application\/ld+json\" class=\"yoast-schema-graph\">{\"@context\":\"https:\/\/schema.org\",\"@graph\":[{\"@type\":\"Article\",\"@id\":\"https:\/\/www.sonoraenequipo.com.mx\/241003-2\/#article\",\"isPartOf\":{\"@id\":\"https:\/\/www.sonoraenequipo.com.mx\/241003-2\/\"},\"author\":{\"name\":\"Nacho Bandin\",\"@id\":\"https:\/\/www.sonoraenequipo.com.mx\/#\/schema\/person\/fbd9952aca28efec00f1fb7fa9428cad\"},\"headline\":\"BAZAR POL\u00cdTICO. Rocha vs Campos \u00bfcu\u00e1l caso es m\u00e1s delicado?\",\"datePublished\":\"2026-05-02T01:53:47+00:00\",\"dateModified\":\"2026-05-02T03:05:07+00:00\",\"mainEntityOfPage\":{\"@id\":\"https:\/\/www.sonoraenequipo.com.mx\/241003-2\/\"},\"wordCount\":970,\"commentCount\":0,\"publisher\":{\"@id\":\"https:\/\/www.sonoraenequipo.com.mx\/#organization\"},\"image\":{\"@id\":\"https:\/\/www.sonoraenequipo.com.mx\/241003-2\/#primaryimage\"},\"thumbnailUrl\":\"https:\/\/www.sonoraenequipo.com.mx\/storage\/2026\/05\/campos-y-rocha-1.jpg\",\"keywords\":[\"MARU CAMPOS\",\"Rocha Moya\"],\"articleSection\":[\"Voces\"],\"inLanguage\":\"es\",\"potentialAction\":[{\"@type\":\"CommentAction\",\"name\":\"Comment\",\"target\":[\"https:\/\/www.sonoraenequipo.com.mx\/241003-2\/#respond\"]}]},{\"@type\":\"WebPage\",\"@id\":\"https:\/\/www.sonoraenequipo.com.mx\/241003-2\/\",\"url\":\"https:\/\/www.sonoraenequipo.com.mx\/241003-2\/\",\"name\":\"Sonora en Equipo. BAZAR POL\u00cdTICO. Rocha vs Campos \u00bfcu\u00e1l caso es m\u00e1s delicado? Voces\",\"isPartOf\":{\"@id\":\"https:\/\/www.sonoraenequipo.com.mx\/#website\"},\"primaryImageOfPage\":{\"@id\":\"https:\/\/www.sonoraenequipo.com.mx\/241003-2\/#primaryimage\"},\"image\":{\"@id\":\"https:\/\/www.sonoraenequipo.com.mx\/241003-2\/#primaryimage\"},\"thumbnailUrl\":\"https:\/\/www.sonoraenequipo.com.mx\/storage\/2026\/05\/campos-y-rocha-1.jpg\",\"datePublished\":\"2026-05-02T01:53:47+00:00\",\"dateModified\":\"2026-05-02T03:05:07+00:00\",\"description\":\"Ambos casos son de extrema gravedad por involucrar a la seguridad nacional y la integridad institucional, no obstante sus causas son distintas. En Sonora en Equipo publicamos toda la informaci\u00f3n de Sonora, M\u00e9xico y el Mundo de manera oportuna y busca que la libertad de expresi\u00f3n sea real. Visita nuestro medio informativo publicado desde Hermosillo, Sonora. %\",\"breadcrumb\":{\"@id\":\"https:\/\/www.sonoraenequipo.com.mx\/241003-2\/#breadcrumb\"},\"inLanguage\":\"es\",\"potentialAction\":[{\"@type\":\"ReadAction\",\"target\":[\"https:\/\/www.sonoraenequipo.com.mx\/241003-2\/\"]}]},{\"@type\":\"ImageObject\",\"inLanguage\":\"es\",\"@id\":\"https:\/\/www.sonoraenequipo.com.mx\/241003-2\/#primaryimage\",\"url\":\"https:\/\/www.sonoraenequipo.com.mx\/storage\/2026\/05\/campos-y-rocha-1.jpg\",\"contentUrl\":\"https:\/\/www.sonoraenequipo.com.mx\/storage\/2026\/05\/campos-y-rocha-1.jpg\",\"width\":600,\"height\":400,\"caption\":\"Maru Campos y Rocha Moya\"},{\"@type\":\"BreadcrumbList\",\"@id\":\"https:\/\/www.sonoraenequipo.com.mx\/241003-2\/#breadcrumb\",\"itemListElement\":[{\"@type\":\"ListItem\",\"position\":1,\"name\":\"Portada\",\"item\":\"https:\/\/www.sonoraenequipo.com.mx\/\"},{\"@type\":\"ListItem\",\"position\":2,\"name\":\"BAZAR POL\u00cdTICO. Rocha vs Campos \u00bfcu\u00e1l caso es m\u00e1s delicado?\"}]},{\"@type\":\"WebSite\",\"@id\":\"https:\/\/www.sonoraenequipo.com.mx\/#website\",\"url\":\"https:\/\/www.sonoraenequipo.com.mx\/\",\"name\":\"Sonora en Equipo.\",\"description\":\"Diario en l\u00ednea con Noticias desde Hermosillo, Sonora\",\"publisher\":{\"@id\":\"https:\/\/www.sonoraenequipo.com.mx\/#organization\"},\"potentialAction\":[{\"@type\":\"SearchAction\",\"target\":{\"@type\":\"EntryPoint\",\"urlTemplate\":\"https:\/\/www.sonoraenequipo.com.mx\/?s={search_term_string}\"},\"query-input\":{\"@type\":\"PropertyValueSpecification\",\"valueRequired\":true,\"valueName\":\"search_term_string\"}}],\"inLanguage\":\"es\"},{\"@type\":\"Organization\",\"@id\":\"https:\/\/www.sonoraenequipo.com.mx\/#organization\",\"name\":\"Sonoraenequipo.com.mx\",\"url\":\"https:\/\/www.sonoraenequipo.com.mx\/\",\"logo\":{\"@type\":\"ImageObject\",\"inLanguage\":\"es\",\"@id\":\"https:\/\/www.sonoraenequipo.com.mx\/#\/schema\/logo\/image\/\",\"url\":\"https:\/\/www.sonoraenequipo.com.mx\/storage\/2019\/01\/sonoraenequipo_opt.png\",\"contentUrl\":\"https:\/\/www.sonoraenequipo.com.mx\/storage\/2019\/01\/sonoraenequipo_opt.png\",\"width\":375,\"height\":125,\"caption\":\"Sonoraenequipo.com.mx\"},\"image\":{\"@id\":\"https:\/\/www.sonoraenequipo.com.mx\/#\/schema\/logo\/image\/\"},\"sameAs\":[\"https:\/\/www.facebook.com\/SonoraEE\/\",\"https:\/\/x.com\/sonoraenequipo\",\"https:\/\/www.youtube.com\/channel\/UC338nW-lPEYmJQs4ZABQ1SQ\"]},{\"@type\":\"Person\",\"@id\":\"https:\/\/www.sonoraenequipo.com.mx\/#\/schema\/person\/fbd9952aca28efec00f1fb7fa9428cad\",\"name\":\"Nacho Bandin\",\"image\":{\"@type\":\"ImageObject\",\"inLanguage\":\"es\",\"@id\":\"https:\/\/www.sonoraenequipo.com.mx\/#\/schema\/person\/image\/\",\"url\":\"https:\/\/secure.gravatar.com\/avatar\/aa8b9910cb9aca6bb907bea274a87d80d1290d00069310f251740e3ee0bf15f1?s=96&d=blank&r=g\",\"contentUrl\":\"https:\/\/secure.gravatar.com\/avatar\/aa8b9910cb9aca6bb907bea274a87d80d1290d00069310f251740e3ee0bf15f1?s=96&d=blank&r=g\",\"caption\":\"Nacho Bandin\"},\"sameAs\":[\"http:\/\/sonoraenequipo.com.mx\"]}]}<\/script>\n ","yoast_head_json":{"title":"Sonora en Equipo. BAZAR POL\u00cdTICO. Rocha vs Campos \u00bfcu\u00e1l caso es m\u00e1s delicado? Voces","description":"Ambos casos son de extrema gravedad por involucrar a la seguridad nacional y la integridad institucional, no obstante sus causas son distintas. En Sonora en Equipo publicamos toda la informaci\u00f3n de Sonora, M\u00e9xico y el Mundo de manera oportuna y busca que la libertad de expresi\u00f3n sea real. Visita nuestro medio informativo publicado desde Hermosillo, Sonora. %","robots":{"index":"index","follow":"follow","max-snippet":"max-snippet:-1","max-image-preview":"max-image-preview:large","max-video-preview":"max-video-preview:-1"},"canonical":"https:\/\/www.sonoraenequipo.com.mx\/241003-2\/","og_locale":"es_ES","og_type":"article","og_title":"Sonora en Equipo. BAZAR POL\u00cdTICO. Rocha vs Campos \u00bfcu\u00e1l caso es m\u00e1s delicado? Voces","og_description":"Ambos casos son de extrema gravedad por involucrar a la seguridad nacional y la integridad institucional, no obstante sus causas son distintas. En Sonora en Equipo publicamos toda la informaci\u00f3n de Sonora, M\u00e9xico y el Mundo de manera oportuna y busca que la libertad de expresi\u00f3n sea real. Visita nuestro medio informativo publicado desde Hermosillo, Sonora. %","og_url":"https:\/\/www.sonoraenequipo.com.mx\/241003-2\/","og_site_name":"Sonora en Equipo.","article_publisher":"https:\/\/www.facebook.com\/SonoraEE\/","article_published_time":"2026-05-02T01:53:47+00:00","article_modified_time":"2026-05-02T03:05:07+00:00","og_image":[{"width":600,"height":400,"url":"https:\/\/www.sonoraenequipo.com.mx\/storage\/2026\/05\/campos-y-rocha-1.jpg","type":"image\/jpeg"}],"author":"Nacho Bandin","twitter_card":"summary_large_image","twitter_creator":"@sonoraenequipo","twitter_site":"@sonoraenequipo","twitter_misc":{"Escrito por":"Nacho Bandin","Tiempo de lectura":"5 minutos"},"schema":{"@context":"https:\/\/schema.org","@graph":[{"@type":"Article","@id":"https:\/\/www.sonoraenequipo.com.mx\/241003-2\/#article","isPartOf":{"@id":"https:\/\/www.sonoraenequipo.com.mx\/241003-2\/"},"author":{"name":"Nacho Bandin","@id":"https:\/\/www.sonoraenequipo.com.mx\/#\/schema\/person\/fbd9952aca28efec00f1fb7fa9428cad"},"headline":"BAZAR POL\u00cdTICO. Rocha vs Campos \u00bfcu\u00e1l caso es m\u00e1s delicado?","datePublished":"2026-05-02T01:53:47+00:00","dateModified":"2026-05-02T03:05:07+00:00","mainEntityOfPage":{"@id":"https:\/\/www.sonoraenequipo.com.mx\/241003-2\/"},"wordCount":970,"commentCount":0,"publisher":{"@id":"https:\/\/www.sonoraenequipo.com.mx\/#organization"},"image":{"@id":"https:\/\/www.sonoraenequipo.com.mx\/241003-2\/#primaryimage"},"thumbnailUrl":"https:\/\/www.sonoraenequipo.com.mx\/storage\/2026\/05\/campos-y-rocha-1.jpg","keywords":["MARU CAMPOS","Rocha Moya"],"articleSection":["Voces"],"inLanguage":"es","potentialAction":[{"@type":"CommentAction","name":"Comment","target":["https:\/\/www.sonoraenequipo.com.mx\/241003-2\/#respond"]}]},{"@type":"WebPage","@id":"https:\/\/www.sonoraenequipo.com.mx\/241003-2\/","url":"https:\/\/www.sonoraenequipo.com.mx\/241003-2\/","name":"Sonora en Equipo. BAZAR POL\u00cdTICO. Rocha vs Campos \u00bfcu\u00e1l caso es m\u00e1s delicado? Voces","isPartOf":{"@id":"https:\/\/www.sonoraenequipo.com.mx\/#website"},"primaryImageOfPage":{"@id":"https:\/\/www.sonoraenequipo.com.mx\/241003-2\/#primaryimage"},"image":{"@id":"https:\/\/www.sonoraenequipo.com.mx\/241003-2\/#primaryimage"},"thumbnailUrl":"https:\/\/www.sonoraenequipo.com.mx\/storage\/2026\/05\/campos-y-rocha-1.jpg","datePublished":"2026-05-02T01:53:47+00:00","dateModified":"2026-05-02T03:05:07+00:00","description":"Ambos casos son de extrema gravedad por involucrar a la seguridad nacional y la integridad institucional, no obstante sus causas son distintas. En Sonora en Equipo publicamos toda la informaci\u00f3n de Sonora, M\u00e9xico y el Mundo de manera oportuna y busca que la libertad de expresi\u00f3n sea real. Visita nuestro medio informativo publicado desde Hermosillo, Sonora. %","breadcrumb":{"@id":"https:\/\/www.sonoraenequipo.com.mx\/241003-2\/#breadcrumb"},"inLanguage":"es","potentialAction":[{"@type":"ReadAction","target":["https:\/\/www.sonoraenequipo.com.mx\/241003-2\/"]}]},{"@type":"ImageObject","inLanguage":"es","@id":"https:\/\/www.sonoraenequipo.com.mx\/241003-2\/#primaryimage","url":"https:\/\/www.sonoraenequipo.com.mx\/storage\/2026\/05\/campos-y-rocha-1.jpg","contentUrl":"https:\/\/www.sonoraenequipo.com.mx\/storage\/2026\/05\/campos-y-rocha-1.jpg","width":600,"height":400,"caption":"Maru Campos y Rocha Moya"},{"@type":"BreadcrumbList","@id":"https:\/\/www.sonoraenequipo.com.mx\/241003-2\/#breadcrumb","itemListElement":[{"@type":"ListItem","position":1,"name":"Portada","item":"https:\/\/www.sonoraenequipo.com.mx\/"},{"@type":"ListItem","position":2,"name":"BAZAR POL\u00cdTICO. Rocha vs Campos \u00bfcu\u00e1l caso es m\u00e1s delicado?"}]},{"@type":"WebSite","@id":"https:\/\/www.sonoraenequipo.com.mx\/#website","url":"https:\/\/www.sonoraenequipo.com.mx\/","name":"Sonora en Equipo.","description":"Diario en l\u00ednea con Noticias desde Hermosillo, Sonora","publisher":{"@id":"https:\/\/www.sonoraenequipo.com.mx\/#organization"},"potentialAction":[{"@type":"SearchAction","target":{"@type":"EntryPoint","urlTemplate":"https:\/\/www.sonoraenequipo.com.mx\/?s={search_term_string}"},"query-input":{"@type":"PropertyValueSpecification","valueRequired":true,"valueName":"search_term_string"}}],"inLanguage":"es"},{"@type":"Organization","@id":"https:\/\/www.sonoraenequipo.com.mx\/#organization","name":"Sonoraenequipo.com.mx","url":"https:\/\/www.sonoraenequipo.com.mx\/","logo":{"@type":"ImageObject","inLanguage":"es","@id":"https:\/\/www.sonoraenequipo.com.mx\/#\/schema\/logo\/image\/","url":"https:\/\/www.sonoraenequipo.com.mx\/storage\/2019\/01\/sonoraenequipo_opt.png","contentUrl":"https:\/\/www.sonoraenequipo.com.mx\/storage\/2019\/01\/sonoraenequipo_opt.png","width":375,"height":125,"caption":"Sonoraenequipo.com.mx"},"image":{"@id":"https:\/\/www.sonoraenequipo.com.mx\/#\/schema\/logo\/image\/"},"sameAs":["https:\/\/www.facebook.com\/SonoraEE\/","https:\/\/x.com\/sonoraenequipo","https:\/\/www.youtube.com\/channel\/UC338nW-lPEYmJQs4ZABQ1SQ"]},{"@type":"Person","@id":"https:\/\/www.sonoraenequipo.com.mx\/#\/schema\/person\/fbd9952aca28efec00f1fb7fa9428cad","name":"Nacho Bandin","image":{"@type":"ImageObject","inLanguage":"es","@id":"https:\/\/www.sonoraenequipo.com.mx\/#\/schema\/person\/image\/","url":"https:\/\/secure.gravatar.com\/avatar\/aa8b9910cb9aca6bb907bea274a87d80d1290d00069310f251740e3ee0bf15f1?s=96&d=blank&r=g","contentUrl":"https:\/\/secure.gravatar.com\/avatar\/aa8b9910cb9aca6bb907bea274a87d80d1290d00069310f251740e3ee0bf15f1?s=96&d=blank&r=g","caption":"Nacho Bandin"},"sameAs":["http:\/\/sonoraenequipo.com.mx"]}]}},"jetpack_featured_media_url":"https:\/\/www.sonoraenequipo.com.mx\/storage\/2026\/05\/campos-y-rocha-1.jpg","_links":{"self":[{"href":"https:\/\/www.sonoraenequipo.com.mx\/api\/wp\/v2\/posts\/241003","targetHints":{"allow":["GET"]}}],"collection":[{"href":"https:\/\/www.sonoraenequipo.com.mx\/api\/wp\/v2\/posts"}],"about":[{"href":"https:\/\/www.sonoraenequipo.com.mx\/api\/wp\/v2\/types\/post"}],"author":[{"embeddable":true,"href":"https:\/\/www.sonoraenequipo.com.mx\/api\/wp\/v2\/users\/6"}],"replies":[{"embeddable":true,"href":"https:\/\/www.sonoraenequipo.com.mx\/api\/wp\/v2\/comments?post=241003"}],"version-history":[{"count":5,"href":"https:\/\/www.sonoraenequipo.com.mx\/api\/wp\/v2\/posts\/241003\/revisions"}],"predecessor-version":[{"id":241037,"href":"https:\/\/www.sonoraenequipo.com.mx\/api\/wp\/v2\/posts\/241003\/revisions\/241037"}],"wp:featuredmedia":[{"embeddable":true,"href":"https:\/\/www.sonoraenequipo.com.mx\/api\/wp\/v2\/media\/241011"}],"wp:attachment":[{"href":"https:\/\/www.sonoraenequipo.com.mx\/api\/wp\/v2\/media?parent=241003"}],"wp:term":[{"taxonomy":"category","embeddable":true,"href":"https:\/\/www.sonoraenequipo.com.mx\/api\/wp\/v2\/categories?post=241003"},{"taxonomy":"post_tag","embeddable":true,"href":"https:\/\/www.sonoraenequipo.com.mx\/api\/wp\/v2\/tags?post=241003"}],"curies":[{"name":"wp","href":"https:\/\/api.w.org\/{rel}","templated":true}]}}