{"id":241041,"date":"2026-05-01T19:38:08","date_gmt":"2026-05-02T02:38:08","guid":{"rendered":"https:\/\/www.sonoraenequipo.com.mx\/?p=241041"},"modified":"2026-05-01T21:26:28","modified_gmt":"2026-05-02T04:26:28","slug":"finaliza-ola-de-calor-dara-tregua-unos-dias-en-varias-zonas-de-mexico","status":"publish","type":"post","link":"https:\/\/www.sonoraenequipo.com.mx\/finaliza-ola-de-calor-dara-tregua-unos-dias-en-varias-zonas-de-mexico\/","title":{"rendered":"\u00a1Finaliza Ola de Calor! Dar\u00e1 tregua unos d\u00edas en varias zonas de M\u00e9xico"},"content":{"rendered":"<p>Tras varios d\u00edas de intenso calor, las temperaturas disminuir\u00e1n el fin de semana en varias regiones de M\u00e9xico, llegando a su fin la Ola de Calor y dominando ambiente m\u00e1s fresco unos d\u00edas.<\/p>\n<p>&nbsp;<\/p>\n<p>Un nuevo cambio experimentaremos en M\u00e9xico durante este fin de semana y es que pasaremos de los efectos del anticicl\u00f3n con la Ola de Calor a una vaguada polar trayendo frente fr\u00edo con su masa polar sobre estados del norte, noreste, centro, oriente y parte del sureste asociado a lluvias, viento y notable descenso t\u00e9rmico.<\/p>\n<p>&nbsp;<\/p>\n<p><strong>Comportamiento del frente y masa fr\u00eda<\/strong><\/p>\n<p>El frente ha estado estacionado al norte de Chihuahua, Coahuila y Nuevo Le\u00f3n, pero comenzar\u00e1 a desplazarse hacia el sur y sureste recorriendo estas entidades por la tarde-noche de hoy, sum\u00e1ndose Tamaulipas. A medianoche, se encontrar\u00e1 al sur de Nuevo Le\u00f3n l\u00edmite con Tamaulipas, llegando al amanecer a la zona de Tampico.<\/p>\n<p>&nbsp;<\/p>\n<p>En el pasar del s\u00e1bado, el frente se extender\u00e1 hacia el Altiplano desde San Luis Potos\u00ed hacia el Valle de M\u00e9xico, llegando por la tarde-noche, mientras en el Golfo de M\u00e9xico cruzar\u00e1 al mediod\u00eda la regi\u00f3n de Laguna Verde y al atardecer el sur de Veracruz, donde comenzar\u00e1 a desacelerarse. En este periodo y regiones, el aire polar invadir\u00e1, refrescando el ambiente, siendo fr\u00edo en el noreste.<\/p>\n<p>&nbsp;<\/p>\n<p>El domingo, el frente comenzar\u00e1 a disiparse en el Altiplano, pero avanzar\u00e1 en la Sonda de Campeche y perdiendo configuraci\u00f3n sobre la pen\u00ednsula de Yucat\u00e1n y disip\u00e1ndose por completo entre esa noche y el lunes. Al paso del frente, las tormentas se activar\u00e1n sobre la Vertiente del Golfo, pen\u00ednsula de Yucat\u00e1n y Valle de M\u00e9xico con granizadas.<\/p>\n<p>&nbsp;<\/p>\n<p>Evento \u00abNorte\u00bb fuerte se prev\u00e9 de s\u00e1bado a domingo por aire polar, gener\u00e1ndose r\u00e1fagas de 60-80 km\/h y algunas mayores especialmente en Veracruz, refrescando.<\/p>\n<p>Evento \u00abNorte\u00bb fuerte se prev\u00e9 de s\u00e1bado a domingo por aire polar, gener\u00e1ndose r\u00e1fagas de 60-80 km\/h y algunas mayores especialmente en Veracruz, refrescando.<\/p>\n<p>Evento \u201cNorte\u201d fuerte se desarrollar\u00eda de s\u00e1bado a domingo con r\u00e1fagas de 60-80 km\/h y hasta de 100 km\/h al centro de Veracruz e Istmo de Tehuantepec por el aire polar, mientras se mantiene agradable el domingo. Sin embargo, desde el lunes ir\u00e1n aumentando temperaturas, incluso en el Pac\u00edfico y sureste no habr\u00eda habido grandes cambios.<\/p>\n<p>&nbsp;<\/p>\n<p><strong>Pron\u00f3stico general de precipitaciones<\/strong><\/p>\n<p>El paso del frente ocasionar\u00e1 lluvias dispersas hoy viernes en Coahuila, Nuevo Le\u00f3n, Tamaulipas, Huasteca de Hidalgo, Puebla, Veracruz de 10-30 mm y locales de 50-80 mm. Al norte de Chihuahua y entre Ciudad de M\u00e9xico, Estado de M\u00e9xico y Tlaxcala ser\u00e1n aisladas menores a 20 mm.<\/p>\n<p>&nbsp;<\/p>\n<p>&nbsp;<\/p>\n<p>El s\u00e1bado aumentar\u00e1n entre Veracruz, Hidalgo, Puebla, Ciudad de M\u00e9xico, Estado de M\u00e9xico, Tlaxcala, Oaxaca, Tabasco, Chiapas, Campeche y l\u00edmites de Yucat\u00e1n-Quintana Roo y Nuevo Le\u00f3n-San Luis Potos\u00ed de 20-50 mm.<\/p>\n<p>&nbsp;<\/p>\n<p>Existe probabilidad de que se originen lluvias localmente intensas por el choque de aire fresco con el c\u00e1lido y las monta\u00f1as, estim\u00e1ndose de 70-100 mm, incluso superiores sobre Chiapas, norte de Oaxaca l\u00edmite con Veracruz y con Puebla. Aisladas en Morelos, Michoac\u00e1n, Guanajuato.<\/p>\n<p>&nbsp;<\/p>\n<p>Nuevo frente fr\u00edo favorecer\u00e1 chubascos y tormentas en el norte, noreste, centro, oriente y sureste con 20-50 mm y algunas mayores a 75 mm con granizadas.<\/p>\n<p>Nuevo frente fr\u00edo favorecer\u00e1 chubascos y tormentas en el norte, noreste, centro, oriente y sureste con 20-50 mm y algunas mayores a 75 mm con granizadas.<\/p>\n<p>Estar\u00e1n concentradas el domingo entre Estado de M\u00e9xico, Ciudad de M\u00e9xico, Morelos, Puebla, Tlaxcala, Tabasco, Oaxaca, Chiapas, Campeche, Yucat\u00e1n, Quintana Roo, sur de Veracruz con 10-25 mm con m\u00e1ximos de 50-75 mm. Las granizadas estar\u00e1n presentes, as\u00ed como r\u00e1fagas de viento en las zonas de tormenta.<\/p>\n<p>&nbsp;<\/p>\n<p>Previsi\u00f3n de temperaturas: \u00a1Adi\u00f3s Ola de Calor!<\/p>\n<p>Sobre los estados y regiones mencionadas con efectos, el descenso t\u00e9rmico se har\u00e1 perceptible, comenzando hoy viernes sobre la frontera de Chihuahua, Coahuila y Nuevo Le\u00f3n con Texas rondando los 15-25 \u00b0C, pero que r\u00e1pido se extender\u00e1 por la noche sobre el centro-norte de estas entidades, cayendo a los 10 \u00b0C en monta\u00f1as.<\/p>\n<p>&nbsp;<\/p>\n<p>Para la tarde del s\u00e1bado, se registrar\u00edan nuevamente los 15-25 \u00b0C en promedio en dichos estados, extendi\u00e9ndose sobre la Vertiente del Golfo en la Huasteca de San Luis Potos\u00ed, Quer\u00e9taro, Hidalgo, Puebla y norte de Veracruz con 10\u00b0C en monta\u00f1as y de 15-20 \u00b0C en zonas bajas con densas nieblas en monta\u00f1as.<\/p>\n<p>Es hasta la noche que el ambiente se refrescar\u00e1 entre Quer\u00e9taro, Hidalgo, Estado de M\u00e9xico, Ciudad de M\u00e9xico, Puebla y Tlaxcala con la llegada del aire polar y lluvias bajando a los 10-15 \u00b0C en promedio. Para el domingo, el norte, noreste y oriente comenzar\u00e1 a incrementar la temperatura con valores de 25-30 \u00b0C.<\/p>\n<p>&nbsp;<\/p>\n<p>Ambiente fresco-fr\u00edo se sentir\u00e1 en la Vertiente del Golfo desde Coahuila a Huasteca con 10-25 \u00b0C, alcanzando templado la regi\u00f3n centro; continuar\u00e1 caluroso el resto del pa\u00eds.<\/p>\n<p>Ambiente fresco-fr\u00edo se sentir\u00e1 en la Vertiente del Golfo desde Coahuila a Huasteca con 10-25 \u00b0C, alcanzando templado la regi\u00f3n centro; continuar\u00e1 caluroso el resto del pa\u00eds.<\/p>\n<p>Por su parte, estados del centro se refrescar\u00e1n un poco m\u00e1s con m\u00e1ximas de 20-25 \u00b0C en promedio o ligeramente mayores entre Hidalgo, Puebla, Tlaxcala, Estado de M\u00e9xico, Ciudad de M\u00e9xico, siendo menores en partes altas de Veracruz, Morelos y Oaxaca; entre regiones del Baj\u00edo y sureste, las m\u00e1ximas del fin de semana seguir\u00e1n entre 30-35 \u00b0C y mayores en el Pac\u00edfico.<\/p>\n<p><strong>Fecha de publicaci\u00f3n viernes 1 de mayo \u00a0de 2026\/Meteored<\/strong><\/p>\n","protected":false},"excerpt":{"rendered":"<p>Tras varios d\u00edas de intenso calor, las temperaturas disminuir\u00e1n el fin de semana en varias&#8230;<\/p>\n","protected":false},"author":1,"featured_media":241042,"comment_status":"open","ping_status":"open","sticky":false,"template":"","format":"standard","meta":{"_monsterinsights_skip_tracking":false,"_monsterinsights_sitenote_active":false,"_monsterinsights_sitenote_note":"","_monsterinsights_sitenote_category":0,"footnotes":""},"categories":[5],"tags":[2978,53],"class_list":["post"],"yoast_head":" \n<title>Sonora en Equipo. \u00a1Finaliza Ola de Calor! Dar\u00e1 tregua unos d\u00edas en varias zonas de M\u00e9xico Rep\u00fablica<\/title>\n<meta name=\"description\" content=\"Tras varios d\u00edas de intenso calor, las temperaturas disminuir\u00e1n el fin de semana en varias regiones de M\u00e9xico, llegando a su fin la Ola de Calor y En Sonora en Equipo publicamos toda la informaci\u00f3n de Sonora, M\u00e9xico y el Mundo de manera oportuna y busca que la libertad de expresi\u00f3n sea real. Visita nuestro medio informativo publicado desde Hermosillo, Sonora. %\" \/>\n<meta name=\"robots\" content=\"index, follow, max-snippet:-1, max-image-preview:large, max-video-preview:-1\" \/>\n<link rel=\"canonical\" href=\"https:\/\/www.sonoraenequipo.com.mx\/finaliza-ola-de-calor-dara-tregua-unos-dias-en-varias-zonas-de-mexico\/\" \/>\n<meta property=\"og:locale\" content=\"es_ES\" \/>\n<meta property=\"og:type\" content=\"article\" \/>\n<meta property=\"og:title\" content=\"Sonora en Equipo. \u00a1Finaliza Ola de Calor! Dar\u00e1 tregua unos d\u00edas en varias zonas de M\u00e9xico Rep\u00fablica\" \/>\n<meta property=\"og:description\" content=\"Tras varios d\u00edas de intenso calor, las temperaturas disminuir\u00e1n el fin de semana en varias regiones de M\u00e9xico, llegando a su fin la Ola de Calor y En Sonora en Equipo publicamos toda la informaci\u00f3n de Sonora, M\u00e9xico y el Mundo de manera oportuna y busca que la libertad de expresi\u00f3n sea real. Visita nuestro medio informativo publicado desde Hermosillo, Sonora. %\" \/>\n<meta property=\"og:url\" content=\"https:\/\/www.sonoraenequipo.com.mx\/finaliza-ola-de-calor-dara-tregua-unos-dias-en-varias-zonas-de-mexico\/\" \/>\n<meta property=\"og:site_name\" content=\"Sonora en Equipo.\" \/>\n<meta property=\"article:publisher\" content=\"https:\/\/www.facebook.com\/SonoraEE\/\" \/>\n<meta property=\"article:author\" content=\"https:\/\/www.facebook.com\/SonoraEE\" \/>\n<meta property=\"article:published_time\" content=\"2026-05-02T02:38:08+00:00\" \/>\n<meta property=\"article:modified_time\" content=\"2026-05-02T04:26:28+00:00\" \/>\n<meta property=\"og:image\" content=\"https:\/\/www.sonoraenequipo.com.mx\/storage\/2026\/05\/imagensatelite.jpg\" \/>\n\t<meta property=\"og:image:width\" content=\"600\" \/>\n\t<meta property=\"og:image:height\" content=\"422\" \/>\n\t<meta property=\"og:image:type\" content=\"image\/jpeg\" \/>\n<meta name=\"author\" content=\"enequipo\" \/>\n<meta name=\"twitter:card\" content=\"summary_large_image\" \/>\n<meta name=\"twitter:creator\" content=\"@sonoraenequipo\" \/>\n<meta name=\"twitter:site\" content=\"@sonoraenequipo\" \/>\n<meta name=\"twitter:label1\" content=\"Escrito por\" \/>\n\t<meta name=\"twitter:data1\" content=\"enequipo\" \/>\n\t<meta name=\"twitter:label2\" content=\"Tiempo de lectura\" \/>\n\t<meta name=\"twitter:data2\" content=\"5 minutos\" \/>\n<script type=\"application\/ld+json\" class=\"yoast-schema-graph\">{\"@context\":\"https:\/\/schema.org\",\"@graph\":[{\"@type\":\"Article\",\"@id\":\"https:\/\/www.sonoraenequipo.com.mx\/finaliza-ola-de-calor-dara-tregua-unos-dias-en-varias-zonas-de-mexico\/#article\",\"isPartOf\":{\"@id\":\"https:\/\/www.sonoraenequipo.com.mx\/finaliza-ola-de-calor-dara-tregua-unos-dias-en-varias-zonas-de-mexico\/\"},\"author\":{\"name\":\"enequipo\",\"@id\":\"https:\/\/www.sonoraenequipo.com.mx\/#\/schema\/person\/50102df0fb23a8fa9e8effad8fa81386\"},\"headline\":\"\u00a1Finaliza Ola de Calor! Dar\u00e1 tregua unos d\u00edas en varias zonas de M\u00e9xico\",\"datePublished\":\"2026-05-02T02:38:08+00:00\",\"dateModified\":\"2026-05-02T04:26:28+00:00\",\"mainEntityOfPage\":{\"@id\":\"https:\/\/www.sonoraenequipo.com.mx\/finaliza-ola-de-calor-dara-tregua-unos-dias-en-varias-zonas-de-mexico\/\"},\"wordCount\":1011,\"commentCount\":0,\"publisher\":{\"@id\":\"https:\/\/www.sonoraenequipo.com.mx\/#organization\"},\"image\":{\"@id\":\"https:\/\/www.sonoraenequipo.com.mx\/finaliza-ola-de-calor-dara-tregua-unos-dias-en-varias-zonas-de-mexico\/#primaryimage\"},\"thumbnailUrl\":\"https:\/\/www.sonoraenequipo.com.mx\/storage\/2026\/05\/imagensatelite.jpg\",\"keywords\":[\"clima\",\"mexico\"],\"articleSection\":[\"Rep\u00fablica\"],\"inLanguage\":\"es\",\"potentialAction\":[{\"@type\":\"CommentAction\",\"name\":\"Comment\",\"target\":[\"https:\/\/www.sonoraenequipo.com.mx\/finaliza-ola-de-calor-dara-tregua-unos-dias-en-varias-zonas-de-mexico\/#respond\"]}]},{\"@type\":\"WebPage\",\"@id\":\"https:\/\/www.sonoraenequipo.com.mx\/finaliza-ola-de-calor-dara-tregua-unos-dias-en-varias-zonas-de-mexico\/\",\"url\":\"https:\/\/www.sonoraenequipo.com.mx\/finaliza-ola-de-calor-dara-tregua-unos-dias-en-varias-zonas-de-mexico\/\",\"name\":\"Sonora en Equipo. \u00a1Finaliza Ola de Calor! Dar\u00e1 tregua unos d\u00edas en varias zonas de M\u00e9xico Rep\u00fablica\",\"isPartOf\":{\"@id\":\"https:\/\/www.sonoraenequipo.com.mx\/#website\"},\"primaryImageOfPage\":{\"@id\":\"https:\/\/www.sonoraenequipo.com.mx\/finaliza-ola-de-calor-dara-tregua-unos-dias-en-varias-zonas-de-mexico\/#primaryimage\"},\"image\":{\"@id\":\"https:\/\/www.sonoraenequipo.com.mx\/finaliza-ola-de-calor-dara-tregua-unos-dias-en-varias-zonas-de-mexico\/#primaryimage\"},\"thumbnailUrl\":\"https:\/\/www.sonoraenequipo.com.mx\/storage\/2026\/05\/imagensatelite.jpg\",\"datePublished\":\"2026-05-02T02:38:08+00:00\",\"dateModified\":\"2026-05-02T04:26:28+00:00\",\"description\":\"Tras varios d\u00edas de intenso calor, las temperaturas disminuir\u00e1n el fin de semana en varias regiones de M\u00e9xico, llegando a su fin la Ola de Calor y En Sonora en Equipo publicamos toda la informaci\u00f3n de Sonora, M\u00e9xico y el Mundo de manera oportuna y busca que la libertad de expresi\u00f3n sea real. Visita nuestro medio informativo publicado desde Hermosillo, Sonora. %\",\"breadcrumb\":{\"@id\":\"https:\/\/www.sonoraenequipo.com.mx\/finaliza-ola-de-calor-dara-tregua-unos-dias-en-varias-zonas-de-mexico\/#breadcrumb\"},\"inLanguage\":\"es\",\"potentialAction\":[{\"@type\":\"ReadAction\",\"target\":[\"https:\/\/www.sonoraenequipo.com.mx\/finaliza-ola-de-calor-dara-tregua-unos-dias-en-varias-zonas-de-mexico\/\"]}]},{\"@type\":\"ImageObject\",\"inLanguage\":\"es\",\"@id\":\"https:\/\/www.sonoraenequipo.com.mx\/finaliza-ola-de-calor-dara-tregua-unos-dias-en-varias-zonas-de-mexico\/#primaryimage\",\"url\":\"https:\/\/www.sonoraenequipo.com.mx\/storage\/2026\/05\/imagensatelite.jpg\",\"contentUrl\":\"https:\/\/www.sonoraenequipo.com.mx\/storage\/2026\/05\/imagensatelite.jpg\",\"width\":600,\"height\":422},{\"@type\":\"BreadcrumbList\",\"@id\":\"https:\/\/www.sonoraenequipo.com.mx\/finaliza-ola-de-calor-dara-tregua-unos-dias-en-varias-zonas-de-mexico\/#breadcrumb\",\"itemListElement\":[{\"@type\":\"ListItem\",\"position\":1,\"name\":\"Portada\",\"item\":\"https:\/\/www.sonoraenequipo.com.mx\/\"},{\"@type\":\"ListItem\",\"position\":2,\"name\":\"\u00a1Finaliza Ola de Calor! Dar\u00e1 tregua unos d\u00edas en varias zonas de M\u00e9xico\"}]},{\"@type\":\"WebSite\",\"@id\":\"https:\/\/www.sonoraenequipo.com.mx\/#website\",\"url\":\"https:\/\/www.sonoraenequipo.com.mx\/\",\"name\":\"Sonora en Equipo.\",\"description\":\"Diario en l\u00ednea con Noticias desde Hermosillo, Sonora\",\"publisher\":{\"@id\":\"https:\/\/www.sonoraenequipo.com.mx\/#organization\"},\"potentialAction\":[{\"@type\":\"SearchAction\",\"target\":{\"@type\":\"EntryPoint\",\"urlTemplate\":\"https:\/\/www.sonoraenequipo.com.mx\/?s={search_term_string}\"},\"query-input\":{\"@type\":\"PropertyValueSpecification\",\"valueRequired\":true,\"valueName\":\"search_term_string\"}}],\"inLanguage\":\"es\"},{\"@type\":\"Organization\",\"@id\":\"https:\/\/www.sonoraenequipo.com.mx\/#organization\",\"name\":\"Sonoraenequipo.com.mx\",\"url\":\"https:\/\/www.sonoraenequipo.com.mx\/\",\"logo\":{\"@type\":\"ImageObject\",\"inLanguage\":\"es\",\"@id\":\"https:\/\/www.sonoraenequipo.com.mx\/#\/schema\/logo\/image\/\",\"url\":\"https:\/\/www.sonoraenequipo.com.mx\/storage\/2019\/01\/sonoraenequipo_opt.png\",\"contentUrl\":\"https:\/\/www.sonoraenequipo.com.mx\/storage\/2019\/01\/sonoraenequipo_opt.png\",\"width\":375,\"height\":125,\"caption\":\"Sonoraenequipo.com.mx\"},\"image\":{\"@id\":\"https:\/\/www.sonoraenequipo.com.mx\/#\/schema\/logo\/image\/\"},\"sameAs\":[\"https:\/\/www.facebook.com\/SonoraEE\/\",\"https:\/\/x.com\/sonoraenequipo\",\"https:\/\/www.youtube.com\/channel\/UC338nW-lPEYmJQs4ZABQ1SQ\"]},{\"@type\":\"Person\",\"@id\":\"https:\/\/www.sonoraenequipo.com.mx\/#\/schema\/person\/50102df0fb23a8fa9e8effad8fa81386\",\"name\":\"enequipo\",\"image\":{\"@type\":\"ImageObject\",\"inLanguage\":\"es\",\"@id\":\"https:\/\/www.sonoraenequipo.com.mx\/#\/schema\/person\/image\/\",\"url\":\"https:\/\/secure.gravatar.com\/avatar\/049821681b589dabc0bc20695993ccebb09f5b5d4d790cd9251b97faac7c652b?s=96&d=blank&r=g\",\"contentUrl\":\"https:\/\/secure.gravatar.com\/avatar\/049821681b589dabc0bc20695993ccebb09f5b5d4d790cd9251b97faac7c652b?s=96&d=blank&r=g\",\"caption\":\"enequipo\"},\"sameAs\":[\"https:\/\/www.facebook.com\/SonoraEE\"]}]}<\/script>\n ","yoast_head_json":{"title":"Sonora en Equipo. \u00a1Finaliza Ola de Calor! Dar\u00e1 tregua unos d\u00edas en varias zonas de M\u00e9xico Rep\u00fablica","description":"Tras varios d\u00edas de intenso calor, las temperaturas disminuir\u00e1n el fin de semana en varias regiones de M\u00e9xico, llegando a su fin la Ola de Calor y En Sonora en Equipo publicamos toda la informaci\u00f3n de Sonora, M\u00e9xico y el Mundo de manera oportuna y busca que la libertad de expresi\u00f3n sea real. Visita nuestro medio informativo publicado desde Hermosillo, Sonora. %","robots":{"index":"index","follow":"follow","max-snippet":"max-snippet:-1","max-image-preview":"max-image-preview:large","max-video-preview":"max-video-preview:-1"},"canonical":"https:\/\/www.sonoraenequipo.com.mx\/finaliza-ola-de-calor-dara-tregua-unos-dias-en-varias-zonas-de-mexico\/","og_locale":"es_ES","og_type":"article","og_title":"Sonora en Equipo. \u00a1Finaliza Ola de Calor! Dar\u00e1 tregua unos d\u00edas en varias zonas de M\u00e9xico Rep\u00fablica","og_description":"Tras varios d\u00edas de intenso calor, las temperaturas disminuir\u00e1n el fin de semana en varias regiones de M\u00e9xico, llegando a su fin la Ola de Calor y En Sonora en Equipo publicamos toda la informaci\u00f3n de Sonora, M\u00e9xico y el Mundo de manera oportuna y busca que la libertad de expresi\u00f3n sea real. Visita nuestro medio informativo publicado desde Hermosillo, Sonora. %","og_url":"https:\/\/www.sonoraenequipo.com.mx\/finaliza-ola-de-calor-dara-tregua-unos-dias-en-varias-zonas-de-mexico\/","og_site_name":"Sonora en Equipo.","article_publisher":"https:\/\/www.facebook.com\/SonoraEE\/","article_author":"https:\/\/www.facebook.com\/SonoraEE","article_published_time":"2026-05-02T02:38:08+00:00","article_modified_time":"2026-05-02T04:26:28+00:00","og_image":[{"width":600,"height":422,"url":"https:\/\/www.sonoraenequipo.com.mx\/storage\/2026\/05\/imagensatelite.jpg","type":"image\/jpeg"}],"author":"enequipo","twitter_card":"summary_large_image","twitter_creator":"@sonoraenequipo","twitter_site":"@sonoraenequipo","twitter_misc":{"Escrito por":"enequipo","Tiempo de lectura":"5 minutos"},"schema":{"@context":"https:\/\/schema.org","@graph":[{"@type":"Article","@id":"https:\/\/www.sonoraenequipo.com.mx\/finaliza-ola-de-calor-dara-tregua-unos-dias-en-varias-zonas-de-mexico\/#article","isPartOf":{"@id":"https:\/\/www.sonoraenequipo.com.mx\/finaliza-ola-de-calor-dara-tregua-unos-dias-en-varias-zonas-de-mexico\/"},"author":{"name":"enequipo","@id":"https:\/\/www.sonoraenequipo.com.mx\/#\/schema\/person\/50102df0fb23a8fa9e8effad8fa81386"},"headline":"\u00a1Finaliza Ola de Calor! Dar\u00e1 tregua unos d\u00edas en varias zonas de M\u00e9xico","datePublished":"2026-05-02T02:38:08+00:00","dateModified":"2026-05-02T04:26:28+00:00","mainEntityOfPage":{"@id":"https:\/\/www.sonoraenequipo.com.mx\/finaliza-ola-de-calor-dara-tregua-unos-dias-en-varias-zonas-de-mexico\/"},"wordCount":1011,"commentCount":0,"publisher":{"@id":"https:\/\/www.sonoraenequipo.com.mx\/#organization"},"image":{"@id":"https:\/\/www.sonoraenequipo.com.mx\/finaliza-ola-de-calor-dara-tregua-unos-dias-en-varias-zonas-de-mexico\/#primaryimage"},"thumbnailUrl":"https:\/\/www.sonoraenequipo.com.mx\/storage\/2026\/05\/imagensatelite.jpg","keywords":["clima","mexico"],"articleSection":["Rep\u00fablica"],"inLanguage":"es","potentialAction":[{"@type":"CommentAction","name":"Comment","target":["https:\/\/www.sonoraenequipo.com.mx\/finaliza-ola-de-calor-dara-tregua-unos-dias-en-varias-zonas-de-mexico\/#respond"]}]},{"@type":"WebPage","@id":"https:\/\/www.sonoraenequipo.com.mx\/finaliza-ola-de-calor-dara-tregua-unos-dias-en-varias-zonas-de-mexico\/","url":"https:\/\/www.sonoraenequipo.com.mx\/finaliza-ola-de-calor-dara-tregua-unos-dias-en-varias-zonas-de-mexico\/","name":"Sonora en Equipo. \u00a1Finaliza Ola de Calor! Dar\u00e1 tregua unos d\u00edas en varias zonas de M\u00e9xico Rep\u00fablica","isPartOf":{"@id":"https:\/\/www.sonoraenequipo.com.mx\/#website"},"primaryImageOfPage":{"@id":"https:\/\/www.sonoraenequipo.com.mx\/finaliza-ola-de-calor-dara-tregua-unos-dias-en-varias-zonas-de-mexico\/#primaryimage"},"image":{"@id":"https:\/\/www.sonoraenequipo.com.mx\/finaliza-ola-de-calor-dara-tregua-unos-dias-en-varias-zonas-de-mexico\/#primaryimage"},"thumbnailUrl":"https:\/\/www.sonoraenequipo.com.mx\/storage\/2026\/05\/imagensatelite.jpg","datePublished":"2026-05-02T02:38:08+00:00","dateModified":"2026-05-02T04:26:28+00:00","description":"Tras varios d\u00edas de intenso calor, las temperaturas disminuir\u00e1n el fin de semana en varias regiones de M\u00e9xico, llegando a su fin la Ola de Calor y En Sonora en Equipo publicamos toda la informaci\u00f3n de Sonora, M\u00e9xico y el Mundo de manera oportuna y busca que la libertad de expresi\u00f3n sea real. Visita nuestro medio informativo publicado desde Hermosillo, Sonora. %","breadcrumb":{"@id":"https:\/\/www.sonoraenequipo.com.mx\/finaliza-ola-de-calor-dara-tregua-unos-dias-en-varias-zonas-de-mexico\/#breadcrumb"},"inLanguage":"es","potentialAction":[{"@type":"ReadAction","target":["https:\/\/www.sonoraenequipo.com.mx\/finaliza-ola-de-calor-dara-tregua-unos-dias-en-varias-zonas-de-mexico\/"]}]},{"@type":"ImageObject","inLanguage":"es","@id":"https:\/\/www.sonoraenequipo.com.mx\/finaliza-ola-de-calor-dara-tregua-unos-dias-en-varias-zonas-de-mexico\/#primaryimage","url":"https:\/\/www.sonoraenequipo.com.mx\/storage\/2026\/05\/imagensatelite.jpg","contentUrl":"https:\/\/www.sonoraenequipo.com.mx\/storage\/2026\/05\/imagensatelite.jpg","width":600,"height":422},{"@type":"BreadcrumbList","@id":"https:\/\/www.sonoraenequipo.com.mx\/finaliza-ola-de-calor-dara-tregua-unos-dias-en-varias-zonas-de-mexico\/#breadcrumb","itemListElement":[{"@type":"ListItem","position":1,"name":"Portada","item":"https:\/\/www.sonoraenequipo.com.mx\/"},{"@type":"ListItem","position":2,"name":"\u00a1Finaliza Ola de Calor! Dar\u00e1 tregua unos d\u00edas en varias zonas de M\u00e9xico"}]},{"@type":"WebSite","@id":"https:\/\/www.sonoraenequipo.com.mx\/#website","url":"https:\/\/www.sonoraenequipo.com.mx\/","name":"Sonora en Equipo.","description":"Diario en l\u00ednea con Noticias desde Hermosillo, Sonora","publisher":{"@id":"https:\/\/www.sonoraenequipo.com.mx\/#organization"},"potentialAction":[{"@type":"SearchAction","target":{"@type":"EntryPoint","urlTemplate":"https:\/\/www.sonoraenequipo.com.mx\/?s={search_term_string}"},"query-input":{"@type":"PropertyValueSpecification","valueRequired":true,"valueName":"search_term_string"}}],"inLanguage":"es"},{"@type":"Organization","@id":"https:\/\/www.sonoraenequipo.com.mx\/#organization","name":"Sonoraenequipo.com.mx","url":"https:\/\/www.sonoraenequipo.com.mx\/","logo":{"@type":"ImageObject","inLanguage":"es","@id":"https:\/\/www.sonoraenequipo.com.mx\/#\/schema\/logo\/image\/","url":"https:\/\/www.sonoraenequipo.com.mx\/storage\/2019\/01\/sonoraenequipo_opt.png","contentUrl":"https:\/\/www.sonoraenequipo.com.mx\/storage\/2019\/01\/sonoraenequipo_opt.png","width":375,"height":125,"caption":"Sonoraenequipo.com.mx"},"image":{"@id":"https:\/\/www.sonoraenequipo.com.mx\/#\/schema\/logo\/image\/"},"sameAs":["https:\/\/www.facebook.com\/SonoraEE\/","https:\/\/x.com\/sonoraenequipo","https:\/\/www.youtube.com\/channel\/UC338nW-lPEYmJQs4ZABQ1SQ"]},{"@type":"Person","@id":"https:\/\/www.sonoraenequipo.com.mx\/#\/schema\/person\/50102df0fb23a8fa9e8effad8fa81386","name":"enequipo","image":{"@type":"ImageObject","inLanguage":"es","@id":"https:\/\/www.sonoraenequipo.com.mx\/#\/schema\/person\/image\/","url":"https:\/\/secure.gravatar.com\/avatar\/049821681b589dabc0bc20695993ccebb09f5b5d4d790cd9251b97faac7c652b?s=96&d=blank&r=g","contentUrl":"https:\/\/secure.gravatar.com\/avatar\/049821681b589dabc0bc20695993ccebb09f5b5d4d790cd9251b97faac7c652b?s=96&d=blank&r=g","caption":"enequipo"},"sameAs":["https:\/\/www.facebook.com\/SonoraEE"]}]}},"jetpack_featured_media_url":"https:\/\/www.sonoraenequipo.com.mx\/storage\/2026\/05\/imagensatelite.jpg","_links":{"self":[{"href":"https:\/\/www.sonoraenequipo.com.mx\/api\/wp\/v2\/posts\/241041","targetHints":{"allow":["GET"]}}],"collection":[{"href":"https:\/\/www.sonoraenequipo.com.mx\/api\/wp\/v2\/posts"}],"about":[{"href":"https:\/\/www.sonoraenequipo.com.mx\/api\/wp\/v2\/types\/post"}],"author":[{"embeddable":true,"href":"https:\/\/www.sonoraenequipo.com.mx\/api\/wp\/v2\/users\/1"}],"replies":[{"embeddable":true,"href":"https:\/\/www.sonoraenequipo.com.mx\/api\/wp\/v2\/comments?post=241041"}],"version-history":[{"count":1,"href":"https:\/\/www.sonoraenequipo.com.mx\/api\/wp\/v2\/posts\/241041\/revisions"}],"predecessor-version":[{"id":241043,"href":"https:\/\/www.sonoraenequipo.com.mx\/api\/wp\/v2\/posts\/241041\/revisions\/241043"}],"wp:featuredmedia":[{"embeddable":true,"href":"https:\/\/www.sonoraenequipo.com.mx\/api\/wp\/v2\/media\/241042"}],"wp:attachment":[{"href":"https:\/\/www.sonoraenequipo.com.mx\/api\/wp\/v2\/media?parent=241041"}],"wp:term":[{"taxonomy":"category","embeddable":true,"href":"https:\/\/www.sonoraenequipo.com.mx\/api\/wp\/v2\/categories?post=241041"},{"taxonomy":"post_tag","embeddable":true,"href":"https:\/\/www.sonoraenequipo.com.mx\/api\/wp\/v2\/tags?post=241041"}],"curies":[{"name":"wp","href":"https:\/\/api.w.org\/{rel}","templated":true}]}}