{"id":241051,"date":"2026-04-30T17:29:32","date_gmt":"2026-05-01T00:29:32","guid":{"rendered":"https:\/\/www.sonoraenequipo.com.mx\/?p=241051"},"modified":"2026-05-01T21:44:57","modified_gmt":"2026-05-02T04:44:57","slug":"gobierno-de-sonora-inaugura-exposicion-para-infancias-en-el-musas-en-el-marco-del-dia-de-las-ninas-y-los-ninos","status":"publish","type":"post","link":"https:\/\/www.sonoraenequipo.com.mx\/gobierno-de-sonora-inaugura-exposicion-para-infancias-en-el-musas-en-el-marco-del-dia-de-las-ninas-y-los-ninos\/","title":{"rendered":"Gobierno de Sonora inaugura exposici\u00f3n para infancias en el Musas en el marco del D\u00eda de las Ni\u00f1as y los Ni\u00f1os"},"content":{"rendered":"<p>HERMOSILLO, SONORA. MX. \u2014\u00a0 El Gobierno de Sonora, a trav\u00e9s de la Secretar\u00eda de Educaci\u00f3n y Cultura (SEC) y el Instituto Sonorense de Cultura (ISC), en colaboraci\u00f3n con la Fundaci\u00f3n Helga Krebs, inaugur\u00f3 la exposici\u00f3n Descubrimientos, una experiencia inmersiva dirigida a la ni\u00f1ez, en el marco del D\u00eda de las Ni\u00f1as y los Ni\u00f1os.<\/p>\n<p>&nbsp;<\/p>\n<p>&nbsp;<\/p>\n<p>&nbsp;<\/p>\n<p> <\/p>\n<p>La muestra estar\u00e1 disponible hasta el 6 de septiembre de 2026 en la Sala dos del Museo de Arte de Sonora (Musas) e invita a explorar la creatividad y la imaginaci\u00f3n a trav\u00e9s de un recorrido interactivo.<\/p>\n<p>&nbsp;<\/p>\n<p>&nbsp;<\/p>\n<p>El evento cont\u00f3 con la presencia de Beatriz Aldaco, directora general del ISC; Carmen Luc\u00eda Mungu\u00eda, secretaria del Sistema Estatal de Protecci\u00f3n Integral de Ni\u00f1as, Ni\u00f1os y Adolescentes del Estado de Sonora; y \u00c9rica Salinas Castillo, presidenta de la Fundaci\u00f3n Helga Krebs.<\/p>\n<p>&nbsp;<\/p>\n<p>&nbsp;<\/p>\n<p>Descubrimientos, de la artista Helga Krebs y con curadur\u00eda de Abraham Palafox, presenta una propuesta que combina pintura, dibujo, lectura y destreza, a trav\u00e9s de un relato que conecta im\u00e1genes con un universo de personajes y situaciones fant\u00e1sticas.<\/p>\n<p>&nbsp;<\/p>\n<p>&nbsp;<\/p>\n<p>Dividida en distintos m\u00f3dulos, la exposici\u00f3n propone actividades que invitan a las infancias a interactuar, crear y acercarse al arte desde un enfoque l\u00fadico y educativo, promoviendo la imaginaci\u00f3n, el pensamiento cr\u00edtico y el disfrute cultural.<\/p>\n<p>&nbsp;<\/p>\n<p>&nbsp;<\/p>\n<p><img loading=\"lazy\" decoding=\"async\" class=\"size-medium  x-left\" src=\"https:\/\/sonmx.mx\/storage\/2026\/05\/inaugura-exposicion-para-infancias-en-el-Musas11.-1-548x365.jpg\" alt=\"\" width=\"548\" height=\"365\" \/>El p\u00fablico puede visitar esta exposici\u00f3n de mi\u00e9rcoles a domingo, en un horario de 10:00 a 17:00 horas. La entrada general es de 30 pesos, con tarifa preferencial de 15 pesos para estudiantes y personas mayores, mientras que los domingos el acceso es gratuito.<\/p>\n<p>&nbsp;<\/p>\n<p>&nbsp;<\/p>\n<p>Consulta la agenda de actividades culturales de la entidad en isc.sonora.edu.mx y en redes sociales a trav\u00e9s de @iscsonora.<\/p>\n<p>&nbsp;<\/p>\n<p>PUBLICADO EL 30 DE ABRIL 2026 Con informaci\u00f3n de GOBSON 0426\/321)<\/p>\n","protected":false},"excerpt":{"rendered":"<p>HERMOSILLO, SONORA. MX. \u2014\u00a0 El Gobierno de Sonora, a trav\u00e9s de la Secretar\u00eda de Educaci\u00f3n&#8230;<\/p>\n","protected":false},"author":1,"featured_media":241023,"comment_status":"open","ping_status":"open","sticky":false,"template":"","format":"standard","meta":{"_monsterinsights_skip_tracking":false,"_monsterinsights_sitenote_active":false,"_monsterinsights_sitenote_note":"","_monsterinsights_sitenote_category":0,"footnotes":""},"categories":[9],"tags":[],"class_list":["post"],"yoast_head":" \n<title>Sonora en Equipo. Gobierno de Sonora inaugura exposici\u00f3n para infancias en el Musas en el marco del D\u00eda de las Ni\u00f1as y los Ni\u00f1os Etc\u00e9tera<\/title>\n<meta name=\"description\" content=\"HERMOSILLO, SONORA. MX. \u2014\u00a0 El Gobierno de Sonora, a trav\u00e9s de la Secretar\u00eda de Educaci\u00f3n y Cultura (SEC) y el Instituto Sonorense de Cultura (ISC), en En Sonora en Equipo publicamos toda la informaci\u00f3n de Sonora, M\u00e9xico y el Mundo de manera oportuna y busca que la libertad de expresi\u00f3n sea real. Visita nuestro medio informativo publicado desde Hermosillo, Sonora. %\" \/>\n<meta name=\"robots\" content=\"index, follow, max-snippet:-1, max-image-preview:large, max-video-preview:-1\" \/>\n<link rel=\"canonical\" href=\"https:\/\/www.sonoraenequipo.com.mx\/gobierno-de-sonora-inaugura-exposicion-para-infancias-en-el-musas-en-el-marco-del-dia-de-las-ninas-y-los-ninos\/\" \/>\n<meta property=\"og:locale\" content=\"es_ES\" \/>\n<meta property=\"og:type\" content=\"article\" \/>\n<meta property=\"og:title\" content=\"Sonora en Equipo. Gobierno de Sonora inaugura exposici\u00f3n para infancias en el Musas en el marco del D\u00eda de las Ni\u00f1as y los Ni\u00f1os Etc\u00e9tera\" \/>\n<meta property=\"og:description\" content=\"HERMOSILLO, SONORA. MX. \u2014\u00a0 El Gobierno de Sonora, a trav\u00e9s de la Secretar\u00eda de Educaci\u00f3n y Cultura (SEC) y el Instituto Sonorense de Cultura (ISC), en En Sonora en Equipo publicamos toda la informaci\u00f3n de Sonora, M\u00e9xico y el Mundo de manera oportuna y busca que la libertad de expresi\u00f3n sea real. Visita nuestro medio informativo publicado desde Hermosillo, Sonora. %\" \/>\n<meta property=\"og:url\" content=\"https:\/\/www.sonoraenequipo.com.mx\/gobierno-de-sonora-inaugura-exposicion-para-infancias-en-el-musas-en-el-marco-del-dia-de-las-ninas-y-los-ninos\/\" \/>\n<meta property=\"og:site_name\" content=\"Sonora en Equipo.\" \/>\n<meta property=\"article:publisher\" content=\"https:\/\/www.facebook.com\/SonoraEE\/\" \/>\n<meta property=\"article:author\" content=\"https:\/\/www.facebook.com\/SonoraEE\" \/>\n<meta property=\"article:published_time\" content=\"2026-05-01T00:29:32+00:00\" \/>\n<meta property=\"article:modified_time\" content=\"2026-05-02T04:44:57+00:00\" \/>\n<meta property=\"og:image\" content=\"https:\/\/www.sonoraenequipo.com.mx\/storage\/2026\/05\/inaugura-exposicion-para-infancias-en-el-Musas.-1.jpg\" \/>\n\t<meta property=\"og:image:width\" content=\"1200\" \/>\n\t<meta property=\"og:image:height\" content=\"800\" \/>\n\t<meta property=\"og:image:type\" content=\"image\/jpeg\" \/>\n<meta name=\"author\" content=\"enequipo\" \/>\n<meta name=\"twitter:card\" content=\"summary_large_image\" \/>\n<meta name=\"twitter:creator\" content=\"@sonoraenequipo\" \/>\n<meta name=\"twitter:site\" content=\"@sonoraenequipo\" \/>\n<meta name=\"twitter:label1\" content=\"Escrito por\" \/>\n\t<meta name=\"twitter:data1\" content=\"enequipo\" \/>\n\t<meta name=\"twitter:label2\" content=\"Tiempo de lectura\" \/>\n\t<meta name=\"twitter:data2\" content=\"2 minutos\" \/>\n<script type=\"application\/ld+json\" class=\"yoast-schema-graph\">{\"@context\":\"https:\/\/schema.org\",\"@graph\":[{\"@type\":\"Article\",\"@id\":\"https:\/\/www.sonoraenequipo.com.mx\/gobierno-de-sonora-inaugura-exposicion-para-infancias-en-el-musas-en-el-marco-del-dia-de-las-ninas-y-los-ninos\/#article\",\"isPartOf\":{\"@id\":\"https:\/\/www.sonoraenequipo.com.mx\/gobierno-de-sonora-inaugura-exposicion-para-infancias-en-el-musas-en-el-marco-del-dia-de-las-ninas-y-los-ninos\/\"},\"author\":{\"name\":\"enequipo\",\"@id\":\"https:\/\/www.sonoraenequipo.com.mx\/#\/schema\/person\/50102df0fb23a8fa9e8effad8fa81386\"},\"headline\":\"Gobierno de Sonora inaugura exposici\u00f3n para infancias en el Musas en el marco del D\u00eda de las Ni\u00f1as y los Ni\u00f1os\",\"datePublished\":\"2026-05-01T00:29:32+00:00\",\"dateModified\":\"2026-05-02T04:44:57+00:00\",\"mainEntityOfPage\":{\"@id\":\"https:\/\/www.sonoraenequipo.com.mx\/gobierno-de-sonora-inaugura-exposicion-para-infancias-en-el-musas-en-el-marco-del-dia-de-las-ninas-y-los-ninos\/\"},\"wordCount\":345,\"commentCount\":0,\"publisher\":{\"@id\":\"https:\/\/www.sonoraenequipo.com.mx\/#organization\"},\"image\":{\"@id\":\"https:\/\/www.sonoraenequipo.com.mx\/gobierno-de-sonora-inaugura-exposicion-para-infancias-en-el-musas-en-el-marco-del-dia-de-las-ninas-y-los-ninos\/#primaryimage\"},\"thumbnailUrl\":\"https:\/\/www.sonoraenequipo.com.mx\/storage\/2026\/05\/inaugura-exposicion-para-infancias-en-el-Musas.-1.jpg\",\"articleSection\":[\"Etc\u00e9tera\"],\"inLanguage\":\"es\",\"potentialAction\":[{\"@type\":\"CommentAction\",\"name\":\"Comment\",\"target\":[\"https:\/\/www.sonoraenequipo.com.mx\/gobierno-de-sonora-inaugura-exposicion-para-infancias-en-el-musas-en-el-marco-del-dia-de-las-ninas-y-los-ninos\/#respond\"]}]},{\"@type\":\"WebPage\",\"@id\":\"https:\/\/www.sonoraenequipo.com.mx\/gobierno-de-sonora-inaugura-exposicion-para-infancias-en-el-musas-en-el-marco-del-dia-de-las-ninas-y-los-ninos\/\",\"url\":\"https:\/\/www.sonoraenequipo.com.mx\/gobierno-de-sonora-inaugura-exposicion-para-infancias-en-el-musas-en-el-marco-del-dia-de-las-ninas-y-los-ninos\/\",\"name\":\"Sonora en Equipo. Gobierno de Sonora inaugura exposici\u00f3n para infancias en el Musas en el marco del D\u00eda de las Ni\u00f1as y los Ni\u00f1os Etc\u00e9tera\",\"isPartOf\":{\"@id\":\"https:\/\/www.sonoraenequipo.com.mx\/#website\"},\"primaryImageOfPage\":{\"@id\":\"https:\/\/www.sonoraenequipo.com.mx\/gobierno-de-sonora-inaugura-exposicion-para-infancias-en-el-musas-en-el-marco-del-dia-de-las-ninas-y-los-ninos\/#primaryimage\"},\"image\":{\"@id\":\"https:\/\/www.sonoraenequipo.com.mx\/gobierno-de-sonora-inaugura-exposicion-para-infancias-en-el-musas-en-el-marco-del-dia-de-las-ninas-y-los-ninos\/#primaryimage\"},\"thumbnailUrl\":\"https:\/\/www.sonoraenequipo.com.mx\/storage\/2026\/05\/inaugura-exposicion-para-infancias-en-el-Musas.-1.jpg\",\"datePublished\":\"2026-05-01T00:29:32+00:00\",\"dateModified\":\"2026-05-02T04:44:57+00:00\",\"description\":\"HERMOSILLO, SONORA. MX. \u2014\u00a0 El Gobierno de Sonora, a trav\u00e9s de la Secretar\u00eda de Educaci\u00f3n y Cultura (SEC) y el Instituto Sonorense de Cultura (ISC), en En Sonora en Equipo publicamos toda la informaci\u00f3n de Sonora, M\u00e9xico y el Mundo de manera oportuna y busca que la libertad de expresi\u00f3n sea real. Visita nuestro medio informativo publicado desde Hermosillo, Sonora. %\",\"breadcrumb\":{\"@id\":\"https:\/\/www.sonoraenequipo.com.mx\/gobierno-de-sonora-inaugura-exposicion-para-infancias-en-el-musas-en-el-marco-del-dia-de-las-ninas-y-los-ninos\/#breadcrumb\"},\"inLanguage\":\"es\",\"potentialAction\":[{\"@type\":\"ReadAction\",\"target\":[\"https:\/\/www.sonoraenequipo.com.mx\/gobierno-de-sonora-inaugura-exposicion-para-infancias-en-el-musas-en-el-marco-del-dia-de-las-ninas-y-los-ninos\/\"]}]},{\"@type\":\"ImageObject\",\"inLanguage\":\"es\",\"@id\":\"https:\/\/www.sonoraenequipo.com.mx\/gobierno-de-sonora-inaugura-exposicion-para-infancias-en-el-musas-en-el-marco-del-dia-de-las-ninas-y-los-ninos\/#primaryimage\",\"url\":\"https:\/\/www.sonoraenequipo.com.mx\/storage\/2026\/05\/inaugura-exposicion-para-infancias-en-el-Musas.-1.jpg\",\"contentUrl\":\"https:\/\/www.sonoraenequipo.com.mx\/storage\/2026\/05\/inaugura-exposicion-para-infancias-en-el-Musas.-1.jpg\",\"width\":1200,\"height\":800},{\"@type\":\"BreadcrumbList\",\"@id\":\"https:\/\/www.sonoraenequipo.com.mx\/gobierno-de-sonora-inaugura-exposicion-para-infancias-en-el-musas-en-el-marco-del-dia-de-las-ninas-y-los-ninos\/#breadcrumb\",\"itemListElement\":[{\"@type\":\"ListItem\",\"position\":1,\"name\":\"Portada\",\"item\":\"https:\/\/www.sonoraenequipo.com.mx\/\"},{\"@type\":\"ListItem\",\"position\":2,\"name\":\"Gobierno de Sonora inaugura exposici\u00f3n para infancias en el Musas en el marco del D\u00eda de las Ni\u00f1as y los Ni\u00f1os\"}]},{\"@type\":\"WebSite\",\"@id\":\"https:\/\/www.sonoraenequipo.com.mx\/#website\",\"url\":\"https:\/\/www.sonoraenequipo.com.mx\/\",\"name\":\"Sonora en Equipo.\",\"description\":\"Diario en l\u00ednea con Noticias desde Hermosillo, Sonora\",\"publisher\":{\"@id\":\"https:\/\/www.sonoraenequipo.com.mx\/#organization\"},\"potentialAction\":[{\"@type\":\"SearchAction\",\"target\":{\"@type\":\"EntryPoint\",\"urlTemplate\":\"https:\/\/www.sonoraenequipo.com.mx\/?s={search_term_string}\"},\"query-input\":{\"@type\":\"PropertyValueSpecification\",\"valueRequired\":true,\"valueName\":\"search_term_string\"}}],\"inLanguage\":\"es\"},{\"@type\":\"Organization\",\"@id\":\"https:\/\/www.sonoraenequipo.com.mx\/#organization\",\"name\":\"Sonoraenequipo.com.mx\",\"url\":\"https:\/\/www.sonoraenequipo.com.mx\/\",\"logo\":{\"@type\":\"ImageObject\",\"inLanguage\":\"es\",\"@id\":\"https:\/\/www.sonoraenequipo.com.mx\/#\/schema\/logo\/image\/\",\"url\":\"https:\/\/www.sonoraenequipo.com.mx\/storage\/2019\/01\/sonoraenequipo_opt.png\",\"contentUrl\":\"https:\/\/www.sonoraenequipo.com.mx\/storage\/2019\/01\/sonoraenequipo_opt.png\",\"width\":375,\"height\":125,\"caption\":\"Sonoraenequipo.com.mx\"},\"image\":{\"@id\":\"https:\/\/www.sonoraenequipo.com.mx\/#\/schema\/logo\/image\/\"},\"sameAs\":[\"https:\/\/www.facebook.com\/SonoraEE\/\",\"https:\/\/x.com\/sonoraenequipo\",\"https:\/\/www.youtube.com\/channel\/UC338nW-lPEYmJQs4ZABQ1SQ\"]},{\"@type\":\"Person\",\"@id\":\"https:\/\/www.sonoraenequipo.com.mx\/#\/schema\/person\/50102df0fb23a8fa9e8effad8fa81386\",\"name\":\"enequipo\",\"image\":{\"@type\":\"ImageObject\",\"inLanguage\":\"es\",\"@id\":\"https:\/\/www.sonoraenequipo.com.mx\/#\/schema\/person\/image\/\",\"url\":\"https:\/\/secure.gravatar.com\/avatar\/049821681b589dabc0bc20695993ccebb09f5b5d4d790cd9251b97faac7c652b?s=96&d=blank&r=g\",\"contentUrl\":\"https:\/\/secure.gravatar.com\/avatar\/049821681b589dabc0bc20695993ccebb09f5b5d4d790cd9251b97faac7c652b?s=96&d=blank&r=g\",\"caption\":\"enequipo\"},\"sameAs\":[\"https:\/\/www.facebook.com\/SonoraEE\"]}]}<\/script>\n ","yoast_head_json":{"title":"Sonora en Equipo. Gobierno de Sonora inaugura exposici\u00f3n para infancias en el Musas en el marco del D\u00eda de las Ni\u00f1as y los Ni\u00f1os Etc\u00e9tera","description":"HERMOSILLO, SONORA. MX. \u2014\u00a0 El Gobierno de Sonora, a trav\u00e9s de la Secretar\u00eda de Educaci\u00f3n y Cultura (SEC) y el Instituto Sonorense de Cultura (ISC), en En Sonora en Equipo publicamos toda la informaci\u00f3n de Sonora, M\u00e9xico y el Mundo de manera oportuna y busca que la libertad de expresi\u00f3n sea real. Visita nuestro medio informativo publicado desde Hermosillo, Sonora. %","robots":{"index":"index","follow":"follow","max-snippet":"max-snippet:-1","max-image-preview":"max-image-preview:large","max-video-preview":"max-video-preview:-1"},"canonical":"https:\/\/www.sonoraenequipo.com.mx\/gobierno-de-sonora-inaugura-exposicion-para-infancias-en-el-musas-en-el-marco-del-dia-de-las-ninas-y-los-ninos\/","og_locale":"es_ES","og_type":"article","og_title":"Sonora en Equipo. Gobierno de Sonora inaugura exposici\u00f3n para infancias en el Musas en el marco del D\u00eda de las Ni\u00f1as y los Ni\u00f1os Etc\u00e9tera","og_description":"HERMOSILLO, SONORA. MX. \u2014\u00a0 El Gobierno de Sonora, a trav\u00e9s de la Secretar\u00eda de Educaci\u00f3n y Cultura (SEC) y el Instituto Sonorense de Cultura (ISC), en En Sonora en Equipo publicamos toda la informaci\u00f3n de Sonora, M\u00e9xico y el Mundo de manera oportuna y busca que la libertad de expresi\u00f3n sea real. Visita nuestro medio informativo publicado desde Hermosillo, Sonora. %","og_url":"https:\/\/www.sonoraenequipo.com.mx\/gobierno-de-sonora-inaugura-exposicion-para-infancias-en-el-musas-en-el-marco-del-dia-de-las-ninas-y-los-ninos\/","og_site_name":"Sonora en Equipo.","article_publisher":"https:\/\/www.facebook.com\/SonoraEE\/","article_author":"https:\/\/www.facebook.com\/SonoraEE","article_published_time":"2026-05-01T00:29:32+00:00","article_modified_time":"2026-05-02T04:44:57+00:00","og_image":[{"width":1200,"height":800,"url":"https:\/\/www.sonoraenequipo.com.mx\/storage\/2026\/05\/inaugura-exposicion-para-infancias-en-el-Musas.-1.jpg","type":"image\/jpeg"}],"author":"enequipo","twitter_card":"summary_large_image","twitter_creator":"@sonoraenequipo","twitter_site":"@sonoraenequipo","twitter_misc":{"Escrito por":"enequipo","Tiempo de lectura":"2 minutos"},"schema":{"@context":"https:\/\/schema.org","@graph":[{"@type":"Article","@id":"https:\/\/www.sonoraenequipo.com.mx\/gobierno-de-sonora-inaugura-exposicion-para-infancias-en-el-musas-en-el-marco-del-dia-de-las-ninas-y-los-ninos\/#article","isPartOf":{"@id":"https:\/\/www.sonoraenequipo.com.mx\/gobierno-de-sonora-inaugura-exposicion-para-infancias-en-el-musas-en-el-marco-del-dia-de-las-ninas-y-los-ninos\/"},"author":{"name":"enequipo","@id":"https:\/\/www.sonoraenequipo.com.mx\/#\/schema\/person\/50102df0fb23a8fa9e8effad8fa81386"},"headline":"Gobierno de Sonora inaugura exposici\u00f3n para infancias en el Musas en el marco del D\u00eda de las Ni\u00f1as y los Ni\u00f1os","datePublished":"2026-05-01T00:29:32+00:00","dateModified":"2026-05-02T04:44:57+00:00","mainEntityOfPage":{"@id":"https:\/\/www.sonoraenequipo.com.mx\/gobierno-de-sonora-inaugura-exposicion-para-infancias-en-el-musas-en-el-marco-del-dia-de-las-ninas-y-los-ninos\/"},"wordCount":345,"commentCount":0,"publisher":{"@id":"https:\/\/www.sonoraenequipo.com.mx\/#organization"},"image":{"@id":"https:\/\/www.sonoraenequipo.com.mx\/gobierno-de-sonora-inaugura-exposicion-para-infancias-en-el-musas-en-el-marco-del-dia-de-las-ninas-y-los-ninos\/#primaryimage"},"thumbnailUrl":"https:\/\/www.sonoraenequipo.com.mx\/storage\/2026\/05\/inaugura-exposicion-para-infancias-en-el-Musas.-1.jpg","articleSection":["Etc\u00e9tera"],"inLanguage":"es","potentialAction":[{"@type":"CommentAction","name":"Comment","target":["https:\/\/www.sonoraenequipo.com.mx\/gobierno-de-sonora-inaugura-exposicion-para-infancias-en-el-musas-en-el-marco-del-dia-de-las-ninas-y-los-ninos\/#respond"]}]},{"@type":"WebPage","@id":"https:\/\/www.sonoraenequipo.com.mx\/gobierno-de-sonora-inaugura-exposicion-para-infancias-en-el-musas-en-el-marco-del-dia-de-las-ninas-y-los-ninos\/","url":"https:\/\/www.sonoraenequipo.com.mx\/gobierno-de-sonora-inaugura-exposicion-para-infancias-en-el-musas-en-el-marco-del-dia-de-las-ninas-y-los-ninos\/","name":"Sonora en Equipo. Gobierno de Sonora inaugura exposici\u00f3n para infancias en el Musas en el marco del D\u00eda de las Ni\u00f1as y los Ni\u00f1os Etc\u00e9tera","isPartOf":{"@id":"https:\/\/www.sonoraenequipo.com.mx\/#website"},"primaryImageOfPage":{"@id":"https:\/\/www.sonoraenequipo.com.mx\/gobierno-de-sonora-inaugura-exposicion-para-infancias-en-el-musas-en-el-marco-del-dia-de-las-ninas-y-los-ninos\/#primaryimage"},"image":{"@id":"https:\/\/www.sonoraenequipo.com.mx\/gobierno-de-sonora-inaugura-exposicion-para-infancias-en-el-musas-en-el-marco-del-dia-de-las-ninas-y-los-ninos\/#primaryimage"},"thumbnailUrl":"https:\/\/www.sonoraenequipo.com.mx\/storage\/2026\/05\/inaugura-exposicion-para-infancias-en-el-Musas.-1.jpg","datePublished":"2026-05-01T00:29:32+00:00","dateModified":"2026-05-02T04:44:57+00:00","description":"HERMOSILLO, SONORA. MX. \u2014\u00a0 El Gobierno de Sonora, a trav\u00e9s de la Secretar\u00eda de Educaci\u00f3n y Cultura (SEC) y el Instituto Sonorense de Cultura (ISC), en En Sonora en Equipo publicamos toda la informaci\u00f3n de Sonora, M\u00e9xico y el Mundo de manera oportuna y busca que la libertad de expresi\u00f3n sea real. Visita nuestro medio informativo publicado desde Hermosillo, Sonora. %","breadcrumb":{"@id":"https:\/\/www.sonoraenequipo.com.mx\/gobierno-de-sonora-inaugura-exposicion-para-infancias-en-el-musas-en-el-marco-del-dia-de-las-ninas-y-los-ninos\/#breadcrumb"},"inLanguage":"es","potentialAction":[{"@type":"ReadAction","target":["https:\/\/www.sonoraenequipo.com.mx\/gobierno-de-sonora-inaugura-exposicion-para-infancias-en-el-musas-en-el-marco-del-dia-de-las-ninas-y-los-ninos\/"]}]},{"@type":"ImageObject","inLanguage":"es","@id":"https:\/\/www.sonoraenequipo.com.mx\/gobierno-de-sonora-inaugura-exposicion-para-infancias-en-el-musas-en-el-marco-del-dia-de-las-ninas-y-los-ninos\/#primaryimage","url":"https:\/\/www.sonoraenequipo.com.mx\/storage\/2026\/05\/inaugura-exposicion-para-infancias-en-el-Musas.-1.jpg","contentUrl":"https:\/\/www.sonoraenequipo.com.mx\/storage\/2026\/05\/inaugura-exposicion-para-infancias-en-el-Musas.-1.jpg","width":1200,"height":800},{"@type":"BreadcrumbList","@id":"https:\/\/www.sonoraenequipo.com.mx\/gobierno-de-sonora-inaugura-exposicion-para-infancias-en-el-musas-en-el-marco-del-dia-de-las-ninas-y-los-ninos\/#breadcrumb","itemListElement":[{"@type":"ListItem","position":1,"name":"Portada","item":"https:\/\/www.sonoraenequipo.com.mx\/"},{"@type":"ListItem","position":2,"name":"Gobierno de Sonora inaugura exposici\u00f3n para infancias en el Musas en el marco del D\u00eda de las Ni\u00f1as y los Ni\u00f1os"}]},{"@type":"WebSite","@id":"https:\/\/www.sonoraenequipo.com.mx\/#website","url":"https:\/\/www.sonoraenequipo.com.mx\/","name":"Sonora en Equipo.","description":"Diario en l\u00ednea con Noticias desde Hermosillo, Sonora","publisher":{"@id":"https:\/\/www.sonoraenequipo.com.mx\/#organization"},"potentialAction":[{"@type":"SearchAction","target":{"@type":"EntryPoint","urlTemplate":"https:\/\/www.sonoraenequipo.com.mx\/?s={search_term_string}"},"query-input":{"@type":"PropertyValueSpecification","valueRequired":true,"valueName":"search_term_string"}}],"inLanguage":"es"},{"@type":"Organization","@id":"https:\/\/www.sonoraenequipo.com.mx\/#organization","name":"Sonoraenequipo.com.mx","url":"https:\/\/www.sonoraenequipo.com.mx\/","logo":{"@type":"ImageObject","inLanguage":"es","@id":"https:\/\/www.sonoraenequipo.com.mx\/#\/schema\/logo\/image\/","url":"https:\/\/www.sonoraenequipo.com.mx\/storage\/2019\/01\/sonoraenequipo_opt.png","contentUrl":"https:\/\/www.sonoraenequipo.com.mx\/storage\/2019\/01\/sonoraenequipo_opt.png","width":375,"height":125,"caption":"Sonoraenequipo.com.mx"},"image":{"@id":"https:\/\/www.sonoraenequipo.com.mx\/#\/schema\/logo\/image\/"},"sameAs":["https:\/\/www.facebook.com\/SonoraEE\/","https:\/\/x.com\/sonoraenequipo","https:\/\/www.youtube.com\/channel\/UC338nW-lPEYmJQs4ZABQ1SQ"]},{"@type":"Person","@id":"https:\/\/www.sonoraenequipo.com.mx\/#\/schema\/person\/50102df0fb23a8fa9e8effad8fa81386","name":"enequipo","image":{"@type":"ImageObject","inLanguage":"es","@id":"https:\/\/www.sonoraenequipo.com.mx\/#\/schema\/person\/image\/","url":"https:\/\/secure.gravatar.com\/avatar\/049821681b589dabc0bc20695993ccebb09f5b5d4d790cd9251b97faac7c652b?s=96&d=blank&r=g","contentUrl":"https:\/\/secure.gravatar.com\/avatar\/049821681b589dabc0bc20695993ccebb09f5b5d4d790cd9251b97faac7c652b?s=96&d=blank&r=g","caption":"enequipo"},"sameAs":["https:\/\/www.facebook.com\/SonoraEE"]}]}},"jetpack_featured_media_url":"https:\/\/www.sonoraenequipo.com.mx\/storage\/2026\/05\/inaugura-exposicion-para-infancias-en-el-Musas.-1.jpg","_links":{"self":[{"href":"https:\/\/www.sonoraenequipo.com.mx\/api\/wp\/v2\/posts\/241051","targetHints":{"allow":["GET"]}}],"collection":[{"href":"https:\/\/www.sonoraenequipo.com.mx\/api\/wp\/v2\/posts"}],"about":[{"href":"https:\/\/www.sonoraenequipo.com.mx\/api\/wp\/v2\/types\/post"}],"author":[{"embeddable":true,"href":"https:\/\/www.sonoraenequipo.com.mx\/api\/wp\/v2\/users\/1"}],"replies":[{"embeddable":true,"href":"https:\/\/www.sonoraenequipo.com.mx\/api\/wp\/v2\/comments?post=241051"}],"version-history":[{"count":2,"href":"https:\/\/www.sonoraenequipo.com.mx\/api\/wp\/v2\/posts\/241051\/revisions"}],"predecessor-version":[{"id":241053,"href":"https:\/\/www.sonoraenequipo.com.mx\/api\/wp\/v2\/posts\/241051\/revisions\/241053"}],"wp:featuredmedia":[{"embeddable":true,"href":"https:\/\/www.sonoraenequipo.com.mx\/api\/wp\/v2\/media\/241023"}],"wp:attachment":[{"href":"https:\/\/www.sonoraenequipo.com.mx\/api\/wp\/v2\/media?parent=241051"}],"wp:term":[{"taxonomy":"category","embeddable":true,"href":"https:\/\/www.sonoraenequipo.com.mx\/api\/wp\/v2\/categories?post=241051"},{"taxonomy":"post_tag","embeddable":true,"href":"https:\/\/www.sonoraenequipo.com.mx\/api\/wp\/v2\/tags?post=241051"}],"curies":[{"name":"wp","href":"https:\/\/api.w.org\/{rel}","templated":true}]}}