{"id":241134,"date":"2026-05-02T12:10:53","date_gmt":"2026-05-02T19:10:53","guid":{"rendered":"https:\/\/www.sonoraenequipo.com.mx\/?p=241134"},"modified":"2026-05-02T18:38:41","modified_gmt":"2026-05-03T01:38:41","slug":"salen-a-la-luz-las-primeras-declaraciones-de-la-suegra-de-carolina-flores-nego-haberla-matado","status":"publish","type":"post","link":"https:\/\/www.sonoraenequipo.com.mx\/salen-a-la-luz-las-primeras-declaraciones-de-la-suegra-de-carolina-flores-nego-haberla-matado\/","title":{"rendered":"Salen a la luz las primeras declaraciones de la suegra de Carolina Flores: neg\u00f3 haberla matado"},"content":{"rendered":"<p><strong>VENEZUELA. \u2014<\/strong> Las primeras declaraciones de \u00c9rika Mar\u00eda Guadalupe Herrera tras su detenci\u00f3n en Venezuela han salido a la luz y han generado un fuerte impacto en el caso del asesinato de Carolina Flores. De acuerdo con los reportes iniciales, la mujer neg\u00f3 haber cometido el crimen y se resisti\u00f3 al arresto, argumentando que las autoridades no ten\u00edan jurisdicci\u00f3n para detenerla fuera de M\u00e9xico.<\/p>\n<p>&nbsp;<\/p>\n<p> <\/p>\n<p>El caso ha vuelto a tomar relevancia debido a estos nuevos detalles, que revelan c\u00f3mo fueron los momentos de su captura y la postura que mantiene hasta ahora. La reacci\u00f3n de la suegra de la v\u00edctima ha sido clave, ya que desde el inicio del proceso ha rechazado cualquier responsabilidad, lo que a\u00f1ade tensi\u00f3n a una investigaci\u00f3n que ya hab\u00eda conmocionado al pa\u00eds.<\/p>\n<p>&nbsp;<\/p>\n<p>&nbsp;<\/p>\n<h3>\u00bfQu\u00e9 dijo la suegra de Carolina Flores tras ser detenida?<\/h3>\n<p>&nbsp;<\/p>\n<p>Durante su arresto en Caracas, \u00c9rika Mar\u00eda Guadalupe Herrera habr\u00eda mostrado sorpresa y molestia ante la presencia de las autoridades. Seg\u00fan los primeros informes, cuestion\u00f3 el motivo de su detenci\u00f3n y asegur\u00f3 que se encontraba en otro pa\u00eds, por lo que, desde su perspectiva, no pod\u00edan detenerla por un delito que afirm\u00f3 no haber cometido.<\/p>\n<p>&nbsp;<\/p>\n<p>&nbsp;<\/p>\n<p>Adem\u00e1s de negar el crimen, tambi\u00e9n se habr\u00eda resistido f\u00edsicamente a ser detenida, lo que oblig\u00f3 a los agentes a intervenir para asegurarla. Estas declaraciones se han convertido en uno de los primeros indicios sobre su postura legal frente a las acusaciones.<\/p>\n<p>&nbsp;<\/p>\n<p>&nbsp;<\/p>\n<h3>\u00bfC\u00f3mo ocurri\u00f3 la detenci\u00f3n en Venezuela?<\/h3>\n<p>&nbsp;<\/p>\n<p>La captura de \u00c9rika Mar\u00eda Guadalupe Herrera no se dio de forma directa por el delito de feminicidio. Inicialmente, las autoridades venezolanas la detuvieron por desacato, una figura legal que permiti\u00f3 retenerla mientras se formalizaban los documentos internacionales.<\/p>\n<p>&nbsp;<\/p>\n<p>&nbsp;<\/p>\n<p>Esta estrategia fue clave, ya que permiti\u00f3 ganar tiempo mientras se emit\u00eda la ficha roja de Interpol solicitada por M\u00e9xico. Una vez confirmada la alerta, la detenci\u00f3n se formaliz\u00f3 por su presunta responsabilidad en el asesinato de su nuera.<\/p>\n<p>&nbsp;<\/p>\n<p>&nbsp;<\/p>\n<p>Actualmente, la mujer permanece bajo custodia en Caracas, en espera de que se definan los procesos legales para su traslado a M\u00e9xico.<\/p>\n<p>&nbsp;<\/p>\n<h3>\u00bfQu\u00e9 pas\u00f3 con Carolina Flores?<\/h3>\n<p>&nbsp;<\/p>\n<p>&nbsp;<\/p>\n<p>El asesinato de Carolina Flores ocurri\u00f3 el pasado 15 de abril en un departamento ubicado en Polanco, una de las zonas m\u00e1s exclusivas de la Ciudad de M\u00e9xico. La joven, de 27 a\u00f1os, fue encontrada sin vida tras recibir m\u00faltiples disparos.<\/p>\n<p>&nbsp;<\/p>\n<p>&nbsp;<\/p>\n<p>Las investigaciones iniciales se\u00f1alaron que la v\u00edctima habr\u00eda sido atacada con al menos 12 impactos de bala, distribuidos entre la cabeza y el torso. La violencia del ataque y el contexto familiar hicieron que el caso fuera clasificado como feminicidio, lo que increment\u00f3 la gravedad del proceso judicial.<\/p>\n<p>&nbsp;<\/p>\n<p>&nbsp;<\/p>\n<h3>\u00bfPor qu\u00e9 se\u00f1alan a su suegra como principal sospechosa?<\/h3>\n<p>&nbsp;<\/p>\n<p>Desde el inicio de las investigaciones, \u00c9rika Mar\u00eda Guadalupe Herrera fue identificada como la principal sospechosa. De acuerdo con los reportes, tras el ataque habr\u00eda salido del lugar y escapado en un taxi, lo que dificult\u00f3 su localizaci\u00f3n inmediata.<\/p>\n<p>&nbsp;<\/p>\n<p>&nbsp;<\/p>\n<p>Se presume que abandon\u00f3 M\u00e9xico casi de forma inmediata, logrando salir del pa\u00eds antes de que se emitiera una orden de b\u00fasqueda internacional. Este factor complic\u00f3 el caso y oblig\u00f3 a las autoridades a activar mecanismos de cooperaci\u00f3n internacional.<\/p>\n<h3>\n\u00bfC\u00f3mo logr\u00f3 huir a Venezuela la suegra de Carolina Flores?<\/h3>\n<p>&nbsp;<\/p>\n<p>Las investigaciones apuntan a que la sospechosa viaj\u00f3 primero a Panam\u00e1 y posteriormente ingres\u00f3 a Venezuela el 16 de abril, apenas un d\u00eda despu\u00e9s del crimen. Una vez ah\u00ed, habr\u00eda rentado un departamento para mantenerse oculta durante varios d\u00edas.<\/p>\n<p>&nbsp;<\/p>\n<p>&nbsp;<\/p>\n<p>Este lapso fue determinante, ya que permiti\u00f3 que permaneciera fuera del radar de las autoridades mientras se reun\u00edan pruebas y se iniciaban los tr\u00e1mites para su localizaci\u00f3n. La coordinaci\u00f3n entre agencias internacionales fue clave para ubicarla y proceder con su detenci\u00f3n.<\/p>\n<p>&nbsp;<\/p>\n<p>&nbsp;<\/p>\n<p>PUBLICADO EL 02 DE MAYO 2026 Con informaci\u00f3n de Revista Fama)<\/p>\n","protected":false},"excerpt":{"rendered":"<p>VENEZUELA. \u2014 Las primeras declaraciones de \u00c9rika Mar\u00eda Guadalupe Herrera tras su detenci\u00f3n en Venezuela&#8230;<\/p>\n","protected":false},"author":1,"featured_media":241125,"comment_status":"open","ping_status":"open","sticky":false,"template":"","format":"standard","meta":{"_monsterinsights_skip_tracking":false,"_monsterinsights_sitenote_active":false,"_monsterinsights_sitenote_note":"","_monsterinsights_sitenote_category":0,"footnotes":""},"categories":[3144],"tags":[],"class_list":["post"],"yoast_head":" \n<title>Sonora en Equipo. Salen a la luz las primeras declaraciones de la suegra de Carolina Flores: neg\u00f3 haberla matado Polic\u00edaca<\/title>\n<meta name=\"description\" content=\"VENEZUELA. \u2014 Las primeras declaraciones de \u00c9rika Mar\u00eda Guadalupe Herrera tras su detenci\u00f3n en Venezuela han salido a la luz y han generado un fuerte En Sonora en Equipo publicamos toda la informaci\u00f3n de Sonora, M\u00e9xico y el Mundo de manera oportuna y busca que la libertad de expresi\u00f3n sea real. Visita nuestro medio informativo publicado desde Hermosillo, Sonora. %\" \/>\n<meta name=\"robots\" content=\"index, follow, max-snippet:-1, max-image-preview:large, max-video-preview:-1\" \/>\n<link rel=\"canonical\" href=\"https:\/\/www.sonoraenequipo.com.mx\/salen-a-la-luz-las-primeras-declaraciones-de-la-suegra-de-carolina-flores-nego-haberla-matado\/\" \/>\n<meta property=\"og:locale\" content=\"es_ES\" \/>\n<meta property=\"og:type\" content=\"article\" \/>\n<meta property=\"og:title\" content=\"Sonora en Equipo. Salen a la luz las primeras declaraciones de la suegra de Carolina Flores: neg\u00f3 haberla matado Polic\u00edaca\" \/>\n<meta property=\"og:description\" content=\"VENEZUELA. \u2014 Las primeras declaraciones de \u00c9rika Mar\u00eda Guadalupe Herrera tras su detenci\u00f3n en Venezuela han salido a la luz y han generado un fuerte En Sonora en Equipo publicamos toda la informaci\u00f3n de Sonora, M\u00e9xico y el Mundo de manera oportuna y busca que la libertad de expresi\u00f3n sea real. Visita nuestro medio informativo publicado desde Hermosillo, Sonora. %\" \/>\n<meta property=\"og:url\" content=\"https:\/\/www.sonoraenequipo.com.mx\/salen-a-la-luz-las-primeras-declaraciones-de-la-suegra-de-carolina-flores-nego-haberla-matado\/\" \/>\n<meta property=\"og:site_name\" content=\"Sonora en Equipo.\" \/>\n<meta property=\"article:publisher\" content=\"https:\/\/www.facebook.com\/SonoraEE\/\" \/>\n<meta property=\"article:author\" content=\"https:\/\/www.facebook.com\/SonoraEE\" \/>\n<meta property=\"article:published_time\" content=\"2026-05-02T19:10:53+00:00\" \/>\n<meta property=\"article:modified_time\" content=\"2026-05-03T01:38:41+00:00\" \/>\n<meta property=\"og:image\" content=\"https:\/\/www.sonoraenequipo.com.mx\/storage\/2026\/05\/la-suegra-asesina-1.jpg\" \/>\n\t<meta property=\"og:image:width\" content=\"1000\" \/>\n\t<meta property=\"og:image:height\" content=\"622\" \/>\n\t<meta property=\"og:image:type\" content=\"image\/jpeg\" \/>\n<meta name=\"author\" content=\"enequipo\" \/>\n<meta name=\"twitter:card\" content=\"summary_large_image\" \/>\n<meta name=\"twitter:creator\" content=\"@sonoraenequipo\" \/>\n<meta name=\"twitter:site\" content=\"@sonoraenequipo\" \/>\n<meta name=\"twitter:label1\" content=\"Escrito por\" \/>\n\t<meta name=\"twitter:data1\" content=\"enequipo\" \/>\n\t<meta name=\"twitter:label2\" content=\"Tiempo de lectura\" \/>\n\t<meta name=\"twitter:data2\" content=\"3 minutos\" \/>\n<script type=\"application\/ld+json\" class=\"yoast-schema-graph\">{\"@context\":\"https:\/\/schema.org\",\"@graph\":[{\"@type\":\"Article\",\"@id\":\"https:\/\/www.sonoraenequipo.com.mx\/salen-a-la-luz-las-primeras-declaraciones-de-la-suegra-de-carolina-flores-nego-haberla-matado\/#article\",\"isPartOf\":{\"@id\":\"https:\/\/www.sonoraenequipo.com.mx\/salen-a-la-luz-las-primeras-declaraciones-de-la-suegra-de-carolina-flores-nego-haberla-matado\/\"},\"author\":{\"name\":\"enequipo\",\"@id\":\"https:\/\/www.sonoraenequipo.com.mx\/#\/schema\/person\/50102df0fb23a8fa9e8effad8fa81386\"},\"headline\":\"Salen a la luz las primeras declaraciones de la suegra de Carolina Flores: neg\u00f3 haberla matado\",\"datePublished\":\"2026-05-02T19:10:53+00:00\",\"dateModified\":\"2026-05-03T01:38:41+00:00\",\"mainEntityOfPage\":{\"@id\":\"https:\/\/www.sonoraenequipo.com.mx\/salen-a-la-luz-las-primeras-declaraciones-de-la-suegra-de-carolina-flores-nego-haberla-matado\/\"},\"wordCount\":714,\"commentCount\":0,\"publisher\":{\"@id\":\"https:\/\/www.sonoraenequipo.com.mx\/#organization\"},\"image\":{\"@id\":\"https:\/\/www.sonoraenequipo.com.mx\/salen-a-la-luz-las-primeras-declaraciones-de-la-suegra-de-carolina-flores-nego-haberla-matado\/#primaryimage\"},\"thumbnailUrl\":\"https:\/\/www.sonoraenequipo.com.mx\/storage\/2026\/05\/la-suegra-asesina-1.jpg\",\"articleSection\":[\"Polic\u00edaca\"],\"inLanguage\":\"es\",\"potentialAction\":[{\"@type\":\"CommentAction\",\"name\":\"Comment\",\"target\":[\"https:\/\/www.sonoraenequipo.com.mx\/salen-a-la-luz-las-primeras-declaraciones-de-la-suegra-de-carolina-flores-nego-haberla-matado\/#respond\"]}]},{\"@type\":\"WebPage\",\"@id\":\"https:\/\/www.sonoraenequipo.com.mx\/salen-a-la-luz-las-primeras-declaraciones-de-la-suegra-de-carolina-flores-nego-haberla-matado\/\",\"url\":\"https:\/\/www.sonoraenequipo.com.mx\/salen-a-la-luz-las-primeras-declaraciones-de-la-suegra-de-carolina-flores-nego-haberla-matado\/\",\"name\":\"Sonora en Equipo. Salen a la luz las primeras declaraciones de la suegra de Carolina Flores: neg\u00f3 haberla matado Polic\u00edaca\",\"isPartOf\":{\"@id\":\"https:\/\/www.sonoraenequipo.com.mx\/#website\"},\"primaryImageOfPage\":{\"@id\":\"https:\/\/www.sonoraenequipo.com.mx\/salen-a-la-luz-las-primeras-declaraciones-de-la-suegra-de-carolina-flores-nego-haberla-matado\/#primaryimage\"},\"image\":{\"@id\":\"https:\/\/www.sonoraenequipo.com.mx\/salen-a-la-luz-las-primeras-declaraciones-de-la-suegra-de-carolina-flores-nego-haberla-matado\/#primaryimage\"},\"thumbnailUrl\":\"https:\/\/www.sonoraenequipo.com.mx\/storage\/2026\/05\/la-suegra-asesina-1.jpg\",\"datePublished\":\"2026-05-02T19:10:53+00:00\",\"dateModified\":\"2026-05-03T01:38:41+00:00\",\"description\":\"VENEZUELA. \u2014 Las primeras declaraciones de \u00c9rika Mar\u00eda Guadalupe Herrera tras su detenci\u00f3n en Venezuela han salido a la luz y han generado un fuerte En Sonora en Equipo publicamos toda la informaci\u00f3n de Sonora, M\u00e9xico y el Mundo de manera oportuna y busca que la libertad de expresi\u00f3n sea real. Visita nuestro medio informativo publicado desde Hermosillo, Sonora. %\",\"breadcrumb\":{\"@id\":\"https:\/\/www.sonoraenequipo.com.mx\/salen-a-la-luz-las-primeras-declaraciones-de-la-suegra-de-carolina-flores-nego-haberla-matado\/#breadcrumb\"},\"inLanguage\":\"es\",\"potentialAction\":[{\"@type\":\"ReadAction\",\"target\":[\"https:\/\/www.sonoraenequipo.com.mx\/salen-a-la-luz-las-primeras-declaraciones-de-la-suegra-de-carolina-flores-nego-haberla-matado\/\"]}]},{\"@type\":\"ImageObject\",\"inLanguage\":\"es\",\"@id\":\"https:\/\/www.sonoraenequipo.com.mx\/salen-a-la-luz-las-primeras-declaraciones-de-la-suegra-de-carolina-flores-nego-haberla-matado\/#primaryimage\",\"url\":\"https:\/\/www.sonoraenequipo.com.mx\/storage\/2026\/05\/la-suegra-asesina-1.jpg\",\"contentUrl\":\"https:\/\/www.sonoraenequipo.com.mx\/storage\/2026\/05\/la-suegra-asesina-1.jpg\",\"width\":1000,\"height\":622},{\"@type\":\"BreadcrumbList\",\"@id\":\"https:\/\/www.sonoraenequipo.com.mx\/salen-a-la-luz-las-primeras-declaraciones-de-la-suegra-de-carolina-flores-nego-haberla-matado\/#breadcrumb\",\"itemListElement\":[{\"@type\":\"ListItem\",\"position\":1,\"name\":\"Portada\",\"item\":\"https:\/\/www.sonoraenequipo.com.mx\/\"},{\"@type\":\"ListItem\",\"position\":2,\"name\":\"Salen a la luz las primeras declaraciones de la suegra de Carolina Flores: neg\u00f3 haberla matado\"}]},{\"@type\":\"WebSite\",\"@id\":\"https:\/\/www.sonoraenequipo.com.mx\/#website\",\"url\":\"https:\/\/www.sonoraenequipo.com.mx\/\",\"name\":\"Sonora en Equipo.\",\"description\":\"Diario en l\u00ednea con Noticias desde Hermosillo, Sonora\",\"publisher\":{\"@id\":\"https:\/\/www.sonoraenequipo.com.mx\/#organization\"},\"potentialAction\":[{\"@type\":\"SearchAction\",\"target\":{\"@type\":\"EntryPoint\",\"urlTemplate\":\"https:\/\/www.sonoraenequipo.com.mx\/?s={search_term_string}\"},\"query-input\":{\"@type\":\"PropertyValueSpecification\",\"valueRequired\":true,\"valueName\":\"search_term_string\"}}],\"inLanguage\":\"es\"},{\"@type\":\"Organization\",\"@id\":\"https:\/\/www.sonoraenequipo.com.mx\/#organization\",\"name\":\"Sonoraenequipo.com.mx\",\"url\":\"https:\/\/www.sonoraenequipo.com.mx\/\",\"logo\":{\"@type\":\"ImageObject\",\"inLanguage\":\"es\",\"@id\":\"https:\/\/www.sonoraenequipo.com.mx\/#\/schema\/logo\/image\/\",\"url\":\"https:\/\/www.sonoraenequipo.com.mx\/storage\/2019\/01\/sonoraenequipo_opt.png\",\"contentUrl\":\"https:\/\/www.sonoraenequipo.com.mx\/storage\/2019\/01\/sonoraenequipo_opt.png\",\"width\":375,\"height\":125,\"caption\":\"Sonoraenequipo.com.mx\"},\"image\":{\"@id\":\"https:\/\/www.sonoraenequipo.com.mx\/#\/schema\/logo\/image\/\"},\"sameAs\":[\"https:\/\/www.facebook.com\/SonoraEE\/\",\"https:\/\/x.com\/sonoraenequipo\",\"https:\/\/www.youtube.com\/channel\/UC338nW-lPEYmJQs4ZABQ1SQ\"]},{\"@type\":\"Person\",\"@id\":\"https:\/\/www.sonoraenequipo.com.mx\/#\/schema\/person\/50102df0fb23a8fa9e8effad8fa81386\",\"name\":\"enequipo\",\"image\":{\"@type\":\"ImageObject\",\"inLanguage\":\"es\",\"@id\":\"https:\/\/www.sonoraenequipo.com.mx\/#\/schema\/person\/image\/\",\"url\":\"https:\/\/secure.gravatar.com\/avatar\/049821681b589dabc0bc20695993ccebb09f5b5d4d790cd9251b97faac7c652b?s=96&d=blank&r=g\",\"contentUrl\":\"https:\/\/secure.gravatar.com\/avatar\/049821681b589dabc0bc20695993ccebb09f5b5d4d790cd9251b97faac7c652b?s=96&d=blank&r=g\",\"caption\":\"enequipo\"},\"sameAs\":[\"https:\/\/www.facebook.com\/SonoraEE\"]}]}<\/script>\n ","yoast_head_json":{"title":"Sonora en Equipo. Salen a la luz las primeras declaraciones de la suegra de Carolina Flores: neg\u00f3 haberla matado Polic\u00edaca","description":"VENEZUELA. \u2014 Las primeras declaraciones de \u00c9rika Mar\u00eda Guadalupe Herrera tras su detenci\u00f3n en Venezuela han salido a la luz y han generado un fuerte En Sonora en Equipo publicamos toda la informaci\u00f3n de Sonora, M\u00e9xico y el Mundo de manera oportuna y busca que la libertad de expresi\u00f3n sea real. Visita nuestro medio informativo publicado desde Hermosillo, Sonora. %","robots":{"index":"index","follow":"follow","max-snippet":"max-snippet:-1","max-image-preview":"max-image-preview:large","max-video-preview":"max-video-preview:-1"},"canonical":"https:\/\/www.sonoraenequipo.com.mx\/salen-a-la-luz-las-primeras-declaraciones-de-la-suegra-de-carolina-flores-nego-haberla-matado\/","og_locale":"es_ES","og_type":"article","og_title":"Sonora en Equipo. Salen a la luz las primeras declaraciones de la suegra de Carolina Flores: neg\u00f3 haberla matado Polic\u00edaca","og_description":"VENEZUELA. \u2014 Las primeras declaraciones de \u00c9rika Mar\u00eda Guadalupe Herrera tras su detenci\u00f3n en Venezuela han salido a la luz y han generado un fuerte En Sonora en Equipo publicamos toda la informaci\u00f3n de Sonora, M\u00e9xico y el Mundo de manera oportuna y busca que la libertad de expresi\u00f3n sea real. Visita nuestro medio informativo publicado desde Hermosillo, Sonora. %","og_url":"https:\/\/www.sonoraenequipo.com.mx\/salen-a-la-luz-las-primeras-declaraciones-de-la-suegra-de-carolina-flores-nego-haberla-matado\/","og_site_name":"Sonora en Equipo.","article_publisher":"https:\/\/www.facebook.com\/SonoraEE\/","article_author":"https:\/\/www.facebook.com\/SonoraEE","article_published_time":"2026-05-02T19:10:53+00:00","article_modified_time":"2026-05-03T01:38:41+00:00","og_image":[{"width":1000,"height":622,"url":"https:\/\/www.sonoraenequipo.com.mx\/storage\/2026\/05\/la-suegra-asesina-1.jpg","type":"image\/jpeg"}],"author":"enequipo","twitter_card":"summary_large_image","twitter_creator":"@sonoraenequipo","twitter_site":"@sonoraenequipo","twitter_misc":{"Escrito por":"enequipo","Tiempo de lectura":"3 minutos"},"schema":{"@context":"https:\/\/schema.org","@graph":[{"@type":"Article","@id":"https:\/\/www.sonoraenequipo.com.mx\/salen-a-la-luz-las-primeras-declaraciones-de-la-suegra-de-carolina-flores-nego-haberla-matado\/#article","isPartOf":{"@id":"https:\/\/www.sonoraenequipo.com.mx\/salen-a-la-luz-las-primeras-declaraciones-de-la-suegra-de-carolina-flores-nego-haberla-matado\/"},"author":{"name":"enequipo","@id":"https:\/\/www.sonoraenequipo.com.mx\/#\/schema\/person\/50102df0fb23a8fa9e8effad8fa81386"},"headline":"Salen a la luz las primeras declaraciones de la suegra de Carolina Flores: neg\u00f3 haberla matado","datePublished":"2026-05-02T19:10:53+00:00","dateModified":"2026-05-03T01:38:41+00:00","mainEntityOfPage":{"@id":"https:\/\/www.sonoraenequipo.com.mx\/salen-a-la-luz-las-primeras-declaraciones-de-la-suegra-de-carolina-flores-nego-haberla-matado\/"},"wordCount":714,"commentCount":0,"publisher":{"@id":"https:\/\/www.sonoraenequipo.com.mx\/#organization"},"image":{"@id":"https:\/\/www.sonoraenequipo.com.mx\/salen-a-la-luz-las-primeras-declaraciones-de-la-suegra-de-carolina-flores-nego-haberla-matado\/#primaryimage"},"thumbnailUrl":"https:\/\/www.sonoraenequipo.com.mx\/storage\/2026\/05\/la-suegra-asesina-1.jpg","articleSection":["Polic\u00edaca"],"inLanguage":"es","potentialAction":[{"@type":"CommentAction","name":"Comment","target":["https:\/\/www.sonoraenequipo.com.mx\/salen-a-la-luz-las-primeras-declaraciones-de-la-suegra-de-carolina-flores-nego-haberla-matado\/#respond"]}]},{"@type":"WebPage","@id":"https:\/\/www.sonoraenequipo.com.mx\/salen-a-la-luz-las-primeras-declaraciones-de-la-suegra-de-carolina-flores-nego-haberla-matado\/","url":"https:\/\/www.sonoraenequipo.com.mx\/salen-a-la-luz-las-primeras-declaraciones-de-la-suegra-de-carolina-flores-nego-haberla-matado\/","name":"Sonora en Equipo. Salen a la luz las primeras declaraciones de la suegra de Carolina Flores: neg\u00f3 haberla matado Polic\u00edaca","isPartOf":{"@id":"https:\/\/www.sonoraenequipo.com.mx\/#website"},"primaryImageOfPage":{"@id":"https:\/\/www.sonoraenequipo.com.mx\/salen-a-la-luz-las-primeras-declaraciones-de-la-suegra-de-carolina-flores-nego-haberla-matado\/#primaryimage"},"image":{"@id":"https:\/\/www.sonoraenequipo.com.mx\/salen-a-la-luz-las-primeras-declaraciones-de-la-suegra-de-carolina-flores-nego-haberla-matado\/#primaryimage"},"thumbnailUrl":"https:\/\/www.sonoraenequipo.com.mx\/storage\/2026\/05\/la-suegra-asesina-1.jpg","datePublished":"2026-05-02T19:10:53+00:00","dateModified":"2026-05-03T01:38:41+00:00","description":"VENEZUELA. \u2014 Las primeras declaraciones de \u00c9rika Mar\u00eda Guadalupe Herrera tras su detenci\u00f3n en Venezuela han salido a la luz y han generado un fuerte En Sonora en Equipo publicamos toda la informaci\u00f3n de Sonora, M\u00e9xico y el Mundo de manera oportuna y busca que la libertad de expresi\u00f3n sea real. Visita nuestro medio informativo publicado desde Hermosillo, Sonora. %","breadcrumb":{"@id":"https:\/\/www.sonoraenequipo.com.mx\/salen-a-la-luz-las-primeras-declaraciones-de-la-suegra-de-carolina-flores-nego-haberla-matado\/#breadcrumb"},"inLanguage":"es","potentialAction":[{"@type":"ReadAction","target":["https:\/\/www.sonoraenequipo.com.mx\/salen-a-la-luz-las-primeras-declaraciones-de-la-suegra-de-carolina-flores-nego-haberla-matado\/"]}]},{"@type":"ImageObject","inLanguage":"es","@id":"https:\/\/www.sonoraenequipo.com.mx\/salen-a-la-luz-las-primeras-declaraciones-de-la-suegra-de-carolina-flores-nego-haberla-matado\/#primaryimage","url":"https:\/\/www.sonoraenequipo.com.mx\/storage\/2026\/05\/la-suegra-asesina-1.jpg","contentUrl":"https:\/\/www.sonoraenequipo.com.mx\/storage\/2026\/05\/la-suegra-asesina-1.jpg","width":1000,"height":622},{"@type":"BreadcrumbList","@id":"https:\/\/www.sonoraenequipo.com.mx\/salen-a-la-luz-las-primeras-declaraciones-de-la-suegra-de-carolina-flores-nego-haberla-matado\/#breadcrumb","itemListElement":[{"@type":"ListItem","position":1,"name":"Portada","item":"https:\/\/www.sonoraenequipo.com.mx\/"},{"@type":"ListItem","position":2,"name":"Salen a la luz las primeras declaraciones de la suegra de Carolina Flores: neg\u00f3 haberla matado"}]},{"@type":"WebSite","@id":"https:\/\/www.sonoraenequipo.com.mx\/#website","url":"https:\/\/www.sonoraenequipo.com.mx\/","name":"Sonora en Equipo.","description":"Diario en l\u00ednea con Noticias desde Hermosillo, Sonora","publisher":{"@id":"https:\/\/www.sonoraenequipo.com.mx\/#organization"},"potentialAction":[{"@type":"SearchAction","target":{"@type":"EntryPoint","urlTemplate":"https:\/\/www.sonoraenequipo.com.mx\/?s={search_term_string}"},"query-input":{"@type":"PropertyValueSpecification","valueRequired":true,"valueName":"search_term_string"}}],"inLanguage":"es"},{"@type":"Organization","@id":"https:\/\/www.sonoraenequipo.com.mx\/#organization","name":"Sonoraenequipo.com.mx","url":"https:\/\/www.sonoraenequipo.com.mx\/","logo":{"@type":"ImageObject","inLanguage":"es","@id":"https:\/\/www.sonoraenequipo.com.mx\/#\/schema\/logo\/image\/","url":"https:\/\/www.sonoraenequipo.com.mx\/storage\/2019\/01\/sonoraenequipo_opt.png","contentUrl":"https:\/\/www.sonoraenequipo.com.mx\/storage\/2019\/01\/sonoraenequipo_opt.png","width":375,"height":125,"caption":"Sonoraenequipo.com.mx"},"image":{"@id":"https:\/\/www.sonoraenequipo.com.mx\/#\/schema\/logo\/image\/"},"sameAs":["https:\/\/www.facebook.com\/SonoraEE\/","https:\/\/x.com\/sonoraenequipo","https:\/\/www.youtube.com\/channel\/UC338nW-lPEYmJQs4ZABQ1SQ"]},{"@type":"Person","@id":"https:\/\/www.sonoraenequipo.com.mx\/#\/schema\/person\/50102df0fb23a8fa9e8effad8fa81386","name":"enequipo","image":{"@type":"ImageObject","inLanguage":"es","@id":"https:\/\/www.sonoraenequipo.com.mx\/#\/schema\/person\/image\/","url":"https:\/\/secure.gravatar.com\/avatar\/049821681b589dabc0bc20695993ccebb09f5b5d4d790cd9251b97faac7c652b?s=96&d=blank&r=g","contentUrl":"https:\/\/secure.gravatar.com\/avatar\/049821681b589dabc0bc20695993ccebb09f5b5d4d790cd9251b97faac7c652b?s=96&d=blank&r=g","caption":"enequipo"},"sameAs":["https:\/\/www.facebook.com\/SonoraEE"]}]}},"jetpack_featured_media_url":"https:\/\/www.sonoraenequipo.com.mx\/storage\/2026\/05\/la-suegra-asesina-1.jpg","_links":{"self":[{"href":"https:\/\/www.sonoraenequipo.com.mx\/api\/wp\/v2\/posts\/241134","targetHints":{"allow":["GET"]}}],"collection":[{"href":"https:\/\/www.sonoraenequipo.com.mx\/api\/wp\/v2\/posts"}],"about":[{"href":"https:\/\/www.sonoraenequipo.com.mx\/api\/wp\/v2\/types\/post"}],"author":[{"embeddable":true,"href":"https:\/\/www.sonoraenequipo.com.mx\/api\/wp\/v2\/users\/1"}],"replies":[{"embeddable":true,"href":"https:\/\/www.sonoraenequipo.com.mx\/api\/wp\/v2\/comments?post=241134"}],"version-history":[{"count":1,"href":"https:\/\/www.sonoraenequipo.com.mx\/api\/wp\/v2\/posts\/241134\/revisions"}],"predecessor-version":[{"id":241135,"href":"https:\/\/www.sonoraenequipo.com.mx\/api\/wp\/v2\/posts\/241134\/revisions\/241135"}],"wp:featuredmedia":[{"embeddable":true,"href":"https:\/\/www.sonoraenequipo.com.mx\/api\/wp\/v2\/media\/241125"}],"wp:attachment":[{"href":"https:\/\/www.sonoraenequipo.com.mx\/api\/wp\/v2\/media?parent=241134"}],"wp:term":[{"taxonomy":"category","embeddable":true,"href":"https:\/\/www.sonoraenequipo.com.mx\/api\/wp\/v2\/categories?post=241134"},{"taxonomy":"post_tag","embeddable":true,"href":"https:\/\/www.sonoraenequipo.com.mx\/api\/wp\/v2\/tags?post=241134"}],"curies":[{"name":"wp","href":"https:\/\/api.w.org\/{rel}","templated":true}]}}