{"id":251133,"date":"2026-08-30T15:45:56","date_gmt":"2026-08-30T22:45:56","guid":{"rendered":"https:\/\/www.sonoraenequipo.com.mx\/?p=251133"},"modified":"2026-08-30T15:47:29","modified_gmt":"2026-08-30T22:47:29","slug":"la-evolucion-del-mini-cooper","status":"publish","type":"post","link":"https:\/\/www.sonoraenequipo.com.mx\/la-evolucion-del-mini-cooper\/","title":{"rendered":"La evoluci\u00f3n del Mini cooper"},"content":{"rendered":"<p>El Mini Cooper es un autom\u00f3vil compacto del segmento B que naci\u00f3 originalmente como un veh\u00edculo econ\u00f3mico y ultraeficiente, pero que evolucion\u00f3 hasta convertirse en un \u00edcono de la cultura pop, el automovilismo deportivo y el dise\u00f1o automotriz de lujo.<\/p>\n<p>&nbsp;<\/p>\n<p>&nbsp;<\/p>\n<p>&nbsp;<\/p>\n<p> <\/p>\n<p>A finales de la d\u00e9cada de 1950, el Reino Unido enfrentaba una severa escasez de combustible debido a la Crisis del Canal de Suez de 1956.<\/p>\n<p>&nbsp;<\/p>\n<p>&nbsp;<\/p>\n<p>Ante la proliferaci\u00f3n de peque\u00f1os y fr\u00e1giles \u00abautos burbuja\u00bb extranjeros, Leonard Lord, el jefe de la British Motor Corporation (BMC), orden\u00f3 el dise\u00f1o de un autom\u00f3vil brit\u00e1nico peque\u00f1o, eficiente y real.<\/p>\n<p>&nbsp;<\/p>\n<p>&nbsp;<\/p>\n<p>El encargo recay\u00f3 sobre el ingeniero de origen griego Sir Alec Issigonis. En agosto de 1959, BMC lanz\u00f3 el revolucionario auto bajo dos nombres comerciales: el Morris Mini-Minor y el Austin Se7en.<\/p>\n<blockquote class=\"twitter-tweet\" data-width=\"550\" data-dnt=\"true\">\n<p lang=\"es\" dir=\"ltr\">El Mini Cooper es un autom\u00f3vil compacto del segmento B que naci\u00f3 originalmente como un veh\u00edculo econ\u00f3mico y ultraeficiente, pero que evolucion\u00f3 hasta convertirse en un \u00edcono de la cultura pop, el automovilismo deportivo y el dise\u00f1o automotriz de lujo. <\/p>\n<p>A finales de la d\u00e9cada de\u2026 <a href=\"https:\/\/t.co\/LzAH8yQm8E\">pic.twitter.com\/LzAH8yQm8E<\/a><\/p>\n<p>&mdash; El Club del Arte \ud83c\udfa8\ud83d\udcf7\ud83d\udcda\ud83d\uddbc\ud83d\udd4d\ud83c\udfbc (@Arteymas_) <a href=\"https:\/\/x.com\/Arteymas_\/status\/2093400792988254220?ref_src=twsrc%5Etfw\">August 28, 2026<\/a><\/p><\/blockquote>\n<p><script async src=\"https:\/\/platform.x.com\/widgets.js\" charset=\"utf-8\"><\/script><\/p>\n<p>&nbsp;<\/p>\n<p>Durante la d\u00e9cada de los 60, el Mini trascendi\u00f3 las clases sociales. Dej\u00f3 de ser solo un transporte econ\u00f3mico para convertirse en el accesorio de moda definitivo en el Londres de la \u00e9poca.<\/p>\n<p>&nbsp;<\/p>\n<p>&nbsp;<\/p>\n<p>Fue el auto elegido por estrellas globales como Los Beatles, el actor Peter Sellers, la realeza brit\u00e1nica y figuras del modelaje.<\/p>\n<p>&nbsp;<\/p>\n<p>&nbsp;<\/p>\n<p>Su lanzamiento coincidi\u00f3 de manera ic\u00f3nica en el tiempo con la invenci\u00f3n de la minifalda por parte de la dise\u00f1adora Mary Quant.<\/p>\n<p>&nbsp;<\/p>\n<p>&nbsp;<\/p>\n<p>En la actualidad, la firma se ha transformado en una familia diversa de veh\u00edculos compactos que incluye carrocer\u00edas de 3 y 5 puertas, convertibles, y camionetas SUV compactas como el Mini Countryman.<\/p>\n<p>&nbsp;<\/p>\n<p>&nbsp;<\/p>\n<p>PUBLICADO EL 29 DE AGOSTO 2026 Con informaci\u00f3n de red social <strong>El Club del Arte<\/strong> <a href=\"http:\/\/@Arteymas\">@Arteymas_<\/a>\u00a0)<\/p>\n","protected":false},"excerpt":{"rendered":"<p>El Mini Cooper es un autom\u00f3vil compacto del segmento B que naci\u00f3 originalmente como un&#8230;<\/p>\n","protected":false},"author":1,"featured_media":251134,"comment_status":"open","ping_status":"open","sticky":false,"template":"","format":"standard","meta":{"_monsterinsights_skip_tracking":false,"_monsterinsights_sitenote_active":false,"_monsterinsights_sitenote_note":"","_monsterinsights_sitenote_category":0,"footnotes":""},"categories":[12],"tags":[],"class_list":["post"],"yoast_head":" \n<title>Sonora en Equipo. La evoluci\u00f3n del Mini cooper Especiales<\/title>\n<meta name=\"description\" content=\"El Mini Cooper es un autom\u00f3vil compacto del segmento B que naci\u00f3 originalmente como un veh\u00edculo econ\u00f3mico y ultraeficiente, pero que evolucion\u00f3 hasta En Sonora en Equipo publicamos toda la informaci\u00f3n de Sonora, M\u00e9xico y el Mundo de manera oportuna y busca que la libertad de expresi\u00f3n sea real. Visita nuestro medio informativo publicado desde Hermosillo, Sonora. %\" \/>\n<meta name=\"robots\" content=\"index, follow, max-snippet:-1, max-image-preview:large, max-video-preview:-1\" \/>\n<link rel=\"canonical\" href=\"https:\/\/www.sonoraenequipo.com.mx\/la-evolucion-del-mini-cooper\/\" \/>\n<meta property=\"og:locale\" content=\"es_ES\" \/>\n<meta property=\"og:type\" content=\"article\" \/>\n<meta property=\"og:title\" content=\"Sonora en Equipo. La evoluci\u00f3n del Mini cooper Especiales\" \/>\n<meta property=\"og:description\" content=\"El Mini Cooper es un autom\u00f3vil compacto del segmento B que naci\u00f3 originalmente como un veh\u00edculo econ\u00f3mico y ultraeficiente, pero que evolucion\u00f3 hasta En Sonora en Equipo publicamos toda la informaci\u00f3n de Sonora, M\u00e9xico y el Mundo de manera oportuna y busca que la libertad de expresi\u00f3n sea real. Visita nuestro medio informativo publicado desde Hermosillo, Sonora. %\" \/>\n<meta property=\"og:url\" content=\"https:\/\/www.sonoraenequipo.com.mx\/la-evolucion-del-mini-cooper\/\" \/>\n<meta property=\"og:site_name\" content=\"Sonora en Equipo.\" \/>\n<meta property=\"article:publisher\" content=\"https:\/\/www.facebook.com\/SonoraEE\/\" \/>\n<meta property=\"article:author\" content=\"https:\/\/www.facebook.com\/SonoraEE\" \/>\n<meta property=\"article:published_time\" content=\"2026-08-30T22:45:56+00:00\" \/>\n<meta property=\"article:modified_time\" content=\"2026-08-30T22:47:29+00:00\" \/>\n<meta property=\"og:image\" content=\"https:\/\/www.sonoraenequipo.com.mx\/storage\/2026\/08\/Mini-Cooper-1.jpg\" \/>\n\t<meta property=\"og:image:width\" content=\"978\" \/>\n\t<meta property=\"og:image:height\" content=\"617\" \/>\n\t<meta property=\"og:image:type\" content=\"image\/jpeg\" \/>\n<meta name=\"author\" content=\"enequipo\" \/>\n<meta name=\"twitter:card\" content=\"summary_large_image\" \/>\n<meta name=\"twitter:creator\" content=\"@sonoraenequipo\" \/>\n<meta name=\"twitter:site\" content=\"@sonoraenequipo\" \/>\n<meta name=\"twitter:label1\" content=\"Escrito por\" \/>\n\t<meta name=\"twitter:data1\" content=\"enequipo\" \/>\n\t<meta name=\"twitter:label2\" content=\"Tiempo de lectura\" \/>\n\t<meta name=\"twitter:data2\" content=\"1 minuto\" \/>\n<script type=\"application\/ld+json\" class=\"yoast-schema-graph\">{\"@context\":\"https:\/\/schema.org\",\"@graph\":[{\"@type\":\"Article\",\"@id\":\"https:\/\/www.sonoraenequipo.com.mx\/la-evolucion-del-mini-cooper\/#article\",\"isPartOf\":{\"@id\":\"https:\/\/www.sonoraenequipo.com.mx\/la-evolucion-del-mini-cooper\/\"},\"author\":{\"name\":\"enequipo\",\"@id\":\"https:\/\/www.sonoraenequipo.com.mx\/#\/schema\/person\/50102df0fb23a8fa9e8effad8fa81386\"},\"headline\":\"La evoluci\u00f3n del Mini cooper\",\"datePublished\":\"2026-08-30T22:45:56+00:00\",\"dateModified\":\"2026-08-30T22:47:29+00:00\",\"mainEntityOfPage\":{\"@id\":\"https:\/\/www.sonoraenequipo.com.mx\/la-evolucion-del-mini-cooper\/\"},\"wordCount\":294,\"commentCount\":0,\"publisher\":{\"@id\":\"https:\/\/www.sonoraenequipo.com.mx\/#organization\"},\"image\":{\"@id\":\"https:\/\/www.sonoraenequipo.com.mx\/la-evolucion-del-mini-cooper\/#primaryimage\"},\"thumbnailUrl\":\"https:\/\/www.sonoraenequipo.com.mx\/storage\/2026\/08\/Mini-Cooper-1.jpg\",\"articleSection\":[\"Especiales\"],\"inLanguage\":\"es\",\"potentialAction\":[{\"@type\":\"CommentAction\",\"name\":\"Comment\",\"target\":[\"https:\/\/www.sonoraenequipo.com.mx\/la-evolucion-del-mini-cooper\/#respond\"]}]},{\"@type\":\"WebPage\",\"@id\":\"https:\/\/www.sonoraenequipo.com.mx\/la-evolucion-del-mini-cooper\/\",\"url\":\"https:\/\/www.sonoraenequipo.com.mx\/la-evolucion-del-mini-cooper\/\",\"name\":\"Sonora en Equipo. La evoluci\u00f3n del Mini cooper Especiales\",\"isPartOf\":{\"@id\":\"https:\/\/www.sonoraenequipo.com.mx\/#website\"},\"primaryImageOfPage\":{\"@id\":\"https:\/\/www.sonoraenequipo.com.mx\/la-evolucion-del-mini-cooper\/#primaryimage\"},\"image\":{\"@id\":\"https:\/\/www.sonoraenequipo.com.mx\/la-evolucion-del-mini-cooper\/#primaryimage\"},\"thumbnailUrl\":\"https:\/\/www.sonoraenequipo.com.mx\/storage\/2026\/08\/Mini-Cooper-1.jpg\",\"datePublished\":\"2026-08-30T22:45:56+00:00\",\"dateModified\":\"2026-08-30T22:47:29+00:00\",\"description\":\"El Mini Cooper es un autom\u00f3vil compacto del segmento B que naci\u00f3 originalmente como un veh\u00edculo econ\u00f3mico y ultraeficiente, pero que evolucion\u00f3 hasta En Sonora en Equipo publicamos toda la informaci\u00f3n de Sonora, M\u00e9xico y el Mundo de manera oportuna y busca que la libertad de expresi\u00f3n sea real. Visita nuestro medio informativo publicado desde Hermosillo, Sonora. %\",\"breadcrumb\":{\"@id\":\"https:\/\/www.sonoraenequipo.com.mx\/la-evolucion-del-mini-cooper\/#breadcrumb\"},\"inLanguage\":\"es\",\"potentialAction\":[{\"@type\":\"ReadAction\",\"target\":[\"https:\/\/www.sonoraenequipo.com.mx\/la-evolucion-del-mini-cooper\/\"]}]},{\"@type\":\"ImageObject\",\"inLanguage\":\"es\",\"@id\":\"https:\/\/www.sonoraenequipo.com.mx\/la-evolucion-del-mini-cooper\/#primaryimage\",\"url\":\"https:\/\/www.sonoraenequipo.com.mx\/storage\/2026\/08\/Mini-Cooper-1.jpg\",\"contentUrl\":\"https:\/\/www.sonoraenequipo.com.mx\/storage\/2026\/08\/Mini-Cooper-1.jpg\",\"width\":978,\"height\":617},{\"@type\":\"BreadcrumbList\",\"@id\":\"https:\/\/www.sonoraenequipo.com.mx\/la-evolucion-del-mini-cooper\/#breadcrumb\",\"itemListElement\":[{\"@type\":\"ListItem\",\"position\":1,\"name\":\"Portada\",\"item\":\"https:\/\/www.sonoraenequipo.com.mx\/\"},{\"@type\":\"ListItem\",\"position\":2,\"name\":\"La evoluci\u00f3n del Mini cooper\"}]},{\"@type\":\"WebSite\",\"@id\":\"https:\/\/www.sonoraenequipo.com.mx\/#website\",\"url\":\"https:\/\/www.sonoraenequipo.com.mx\/\",\"name\":\"Sonora en Equipo.\",\"description\":\"Diario en l\u00ednea con Noticias desde Hermosillo, Sonora\",\"publisher\":{\"@id\":\"https:\/\/www.sonoraenequipo.com.mx\/#organization\"},\"potentialAction\":[{\"@type\":\"SearchAction\",\"target\":{\"@type\":\"EntryPoint\",\"urlTemplate\":\"https:\/\/www.sonoraenequipo.com.mx\/?s={search_term_string}\"},\"query-input\":{\"@type\":\"PropertyValueSpecification\",\"valueRequired\":true,\"valueName\":\"search_term_string\"}}],\"inLanguage\":\"es\"},{\"@type\":\"Organization\",\"@id\":\"https:\/\/www.sonoraenequipo.com.mx\/#organization\",\"name\":\"Sonoraenequipo.com.mx\",\"url\":\"https:\/\/www.sonoraenequipo.com.mx\/\",\"logo\":{\"@type\":\"ImageObject\",\"inLanguage\":\"es\",\"@id\":\"https:\/\/www.sonoraenequipo.com.mx\/#\/schema\/logo\/image\/\",\"url\":\"https:\/\/www.sonoraenequipo.com.mx\/storage\/2019\/01\/sonoraenequipo_opt.png\",\"contentUrl\":\"https:\/\/www.sonoraenequipo.com.mx\/storage\/2019\/01\/sonoraenequipo_opt.png\",\"width\":375,\"height\":125,\"caption\":\"Sonoraenequipo.com.mx\"},\"image\":{\"@id\":\"https:\/\/www.sonoraenequipo.com.mx\/#\/schema\/logo\/image\/\"},\"sameAs\":[\"https:\/\/www.facebook.com\/SonoraEE\/\",\"https:\/\/x.com\/sonoraenequipo\",\"https:\/\/www.youtube.com\/channel\/UC338nW-lPEYmJQs4ZABQ1SQ\"]},{\"@type\":\"Person\",\"@id\":\"https:\/\/www.sonoraenequipo.com.mx\/#\/schema\/person\/50102df0fb23a8fa9e8effad8fa81386\",\"name\":\"enequipo\",\"image\":{\"@type\":\"ImageObject\",\"inLanguage\":\"es\",\"@id\":\"https:\/\/www.sonoraenequipo.com.mx\/#\/schema\/person\/image\/\",\"url\":\"https:\/\/secure.gravatar.com\/avatar\/049821681b589dabc0bc20695993ccebb09f5b5d4d790cd9251b97faac7c652b?s=96&d=blank&r=g\",\"contentUrl\":\"https:\/\/secure.gravatar.com\/avatar\/049821681b589dabc0bc20695993ccebb09f5b5d4d790cd9251b97faac7c652b?s=96&d=blank&r=g\",\"caption\":\"enequipo\"},\"sameAs\":[\"https:\/\/www.facebook.com\/SonoraEE\"]}]}<\/script>\n ","yoast_head_json":{"title":"Sonora en Equipo. La evoluci\u00f3n del Mini cooper Especiales","description":"El Mini Cooper es un autom\u00f3vil compacto del segmento B que naci\u00f3 originalmente como un veh\u00edculo econ\u00f3mico y ultraeficiente, pero que evolucion\u00f3 hasta En Sonora en Equipo publicamos toda la informaci\u00f3n de Sonora, M\u00e9xico y el Mundo de manera oportuna y busca que la libertad de expresi\u00f3n sea real. Visita nuestro medio informativo publicado desde Hermosillo, Sonora. %","robots":{"index":"index","follow":"follow","max-snippet":"max-snippet:-1","max-image-preview":"max-image-preview:large","max-video-preview":"max-video-preview:-1"},"canonical":"https:\/\/www.sonoraenequipo.com.mx\/la-evolucion-del-mini-cooper\/","og_locale":"es_ES","og_type":"article","og_title":"Sonora en Equipo. La evoluci\u00f3n del Mini cooper Especiales","og_description":"El Mini Cooper es un autom\u00f3vil compacto del segmento B que naci\u00f3 originalmente como un veh\u00edculo econ\u00f3mico y ultraeficiente, pero que evolucion\u00f3 hasta En Sonora en Equipo publicamos toda la informaci\u00f3n de Sonora, M\u00e9xico y el Mundo de manera oportuna y busca que la libertad de expresi\u00f3n sea real. Visita nuestro medio informativo publicado desde Hermosillo, Sonora. %","og_url":"https:\/\/www.sonoraenequipo.com.mx\/la-evolucion-del-mini-cooper\/","og_site_name":"Sonora en Equipo.","article_publisher":"https:\/\/www.facebook.com\/SonoraEE\/","article_author":"https:\/\/www.facebook.com\/SonoraEE","article_published_time":"2026-08-30T22:45:56+00:00","article_modified_time":"2026-08-30T22:47:29+00:00","og_image":[{"width":978,"height":617,"url":"https:\/\/www.sonoraenequipo.com.mx\/storage\/2026\/08\/Mini-Cooper-1.jpg","type":"image\/jpeg"}],"author":"enequipo","twitter_card":"summary_large_image","twitter_creator":"@sonoraenequipo","twitter_site":"@sonoraenequipo","twitter_misc":{"Escrito por":"enequipo","Tiempo de lectura":"1 minuto"},"schema":{"@context":"https:\/\/schema.org","@graph":[{"@type":"Article","@id":"https:\/\/www.sonoraenequipo.com.mx\/la-evolucion-del-mini-cooper\/#article","isPartOf":{"@id":"https:\/\/www.sonoraenequipo.com.mx\/la-evolucion-del-mini-cooper\/"},"author":{"name":"enequipo","@id":"https:\/\/www.sonoraenequipo.com.mx\/#\/schema\/person\/50102df0fb23a8fa9e8effad8fa81386"},"headline":"La evoluci\u00f3n del Mini cooper","datePublished":"2026-08-30T22:45:56+00:00","dateModified":"2026-08-30T22:47:29+00:00","mainEntityOfPage":{"@id":"https:\/\/www.sonoraenequipo.com.mx\/la-evolucion-del-mini-cooper\/"},"wordCount":294,"commentCount":0,"publisher":{"@id":"https:\/\/www.sonoraenequipo.com.mx\/#organization"},"image":{"@id":"https:\/\/www.sonoraenequipo.com.mx\/la-evolucion-del-mini-cooper\/#primaryimage"},"thumbnailUrl":"https:\/\/www.sonoraenequipo.com.mx\/storage\/2026\/08\/Mini-Cooper-1.jpg","articleSection":["Especiales"],"inLanguage":"es","potentialAction":[{"@type":"CommentAction","name":"Comment","target":["https:\/\/www.sonoraenequipo.com.mx\/la-evolucion-del-mini-cooper\/#respond"]}]},{"@type":"WebPage","@id":"https:\/\/www.sonoraenequipo.com.mx\/la-evolucion-del-mini-cooper\/","url":"https:\/\/www.sonoraenequipo.com.mx\/la-evolucion-del-mini-cooper\/","name":"Sonora en Equipo. La evoluci\u00f3n del Mini cooper Especiales","isPartOf":{"@id":"https:\/\/www.sonoraenequipo.com.mx\/#website"},"primaryImageOfPage":{"@id":"https:\/\/www.sonoraenequipo.com.mx\/la-evolucion-del-mini-cooper\/#primaryimage"},"image":{"@id":"https:\/\/www.sonoraenequipo.com.mx\/la-evolucion-del-mini-cooper\/#primaryimage"},"thumbnailUrl":"https:\/\/www.sonoraenequipo.com.mx\/storage\/2026\/08\/Mini-Cooper-1.jpg","datePublished":"2026-08-30T22:45:56+00:00","dateModified":"2026-08-30T22:47:29+00:00","description":"El Mini Cooper es un autom\u00f3vil compacto del segmento B que naci\u00f3 originalmente como un veh\u00edculo econ\u00f3mico y ultraeficiente, pero que evolucion\u00f3 hasta En Sonora en Equipo publicamos toda la informaci\u00f3n de Sonora, M\u00e9xico y el Mundo de manera oportuna y busca que la libertad de expresi\u00f3n sea real. Visita nuestro medio informativo publicado desde Hermosillo, Sonora. %","breadcrumb":{"@id":"https:\/\/www.sonoraenequipo.com.mx\/la-evolucion-del-mini-cooper\/#breadcrumb"},"inLanguage":"es","potentialAction":[{"@type":"ReadAction","target":["https:\/\/www.sonoraenequipo.com.mx\/la-evolucion-del-mini-cooper\/"]}]},{"@type":"ImageObject","inLanguage":"es","@id":"https:\/\/www.sonoraenequipo.com.mx\/la-evolucion-del-mini-cooper\/#primaryimage","url":"https:\/\/www.sonoraenequipo.com.mx\/storage\/2026\/08\/Mini-Cooper-1.jpg","contentUrl":"https:\/\/www.sonoraenequipo.com.mx\/storage\/2026\/08\/Mini-Cooper-1.jpg","width":978,"height":617},{"@type":"BreadcrumbList","@id":"https:\/\/www.sonoraenequipo.com.mx\/la-evolucion-del-mini-cooper\/#breadcrumb","itemListElement":[{"@type":"ListItem","position":1,"name":"Portada","item":"https:\/\/www.sonoraenequipo.com.mx\/"},{"@type":"ListItem","position":2,"name":"La evoluci\u00f3n del Mini cooper"}]},{"@type":"WebSite","@id":"https:\/\/www.sonoraenequipo.com.mx\/#website","url":"https:\/\/www.sonoraenequipo.com.mx\/","name":"Sonora en Equipo.","description":"Diario en l\u00ednea con Noticias desde Hermosillo, Sonora","publisher":{"@id":"https:\/\/www.sonoraenequipo.com.mx\/#organization"},"potentialAction":[{"@type":"SearchAction","target":{"@type":"EntryPoint","urlTemplate":"https:\/\/www.sonoraenequipo.com.mx\/?s={search_term_string}"},"query-input":{"@type":"PropertyValueSpecification","valueRequired":true,"valueName":"search_term_string"}}],"inLanguage":"es"},{"@type":"Organization","@id":"https:\/\/www.sonoraenequipo.com.mx\/#organization","name":"Sonoraenequipo.com.mx","url":"https:\/\/www.sonoraenequipo.com.mx\/","logo":{"@type":"ImageObject","inLanguage":"es","@id":"https:\/\/www.sonoraenequipo.com.mx\/#\/schema\/logo\/image\/","url":"https:\/\/www.sonoraenequipo.com.mx\/storage\/2019\/01\/sonoraenequipo_opt.png","contentUrl":"https:\/\/www.sonoraenequipo.com.mx\/storage\/2019\/01\/sonoraenequipo_opt.png","width":375,"height":125,"caption":"Sonoraenequipo.com.mx"},"image":{"@id":"https:\/\/www.sonoraenequipo.com.mx\/#\/schema\/logo\/image\/"},"sameAs":["https:\/\/www.facebook.com\/SonoraEE\/","https:\/\/x.com\/sonoraenequipo","https:\/\/www.youtube.com\/channel\/UC338nW-lPEYmJQs4ZABQ1SQ"]},{"@type":"Person","@id":"https:\/\/www.sonoraenequipo.com.mx\/#\/schema\/person\/50102df0fb23a8fa9e8effad8fa81386","name":"enequipo","image":{"@type":"ImageObject","inLanguage":"es","@id":"https:\/\/www.sonoraenequipo.com.mx\/#\/schema\/person\/image\/","url":"https:\/\/secure.gravatar.com\/avatar\/049821681b589dabc0bc20695993ccebb09f5b5d4d790cd9251b97faac7c652b?s=96&d=blank&r=g","contentUrl":"https:\/\/secure.gravatar.com\/avatar\/049821681b589dabc0bc20695993ccebb09f5b5d4d790cd9251b97faac7c652b?s=96&d=blank&r=g","caption":"enequipo"},"sameAs":["https:\/\/www.facebook.com\/SonoraEE"]}]}},"jetpack_featured_media_url":"https:\/\/www.sonoraenequipo.com.mx\/storage\/2026\/08\/Mini-Cooper-1.jpg","_links":{"self":[{"href":"https:\/\/www.sonoraenequipo.com.mx\/api\/wp\/v2\/posts\/251133","targetHints":{"allow":["GET"]}}],"collection":[{"href":"https:\/\/www.sonoraenequipo.com.mx\/api\/wp\/v2\/posts"}],"about":[{"href":"https:\/\/www.sonoraenequipo.com.mx\/api\/wp\/v2\/types\/post"}],"author":[{"embeddable":true,"href":"https:\/\/www.sonoraenequipo.com.mx\/api\/wp\/v2\/users\/1"}],"replies":[{"embeddable":true,"href":"https:\/\/www.sonoraenequipo.com.mx\/api\/wp\/v2\/comments?post=251133"}],"version-history":[{"count":1,"href":"https:\/\/www.sonoraenequipo.com.mx\/api\/wp\/v2\/posts\/251133\/revisions"}],"predecessor-version":[{"id":251135,"href":"https:\/\/www.sonoraenequipo.com.mx\/api\/wp\/v2\/posts\/251133\/revisions\/251135"}],"wp:featuredmedia":[{"embeddable":true,"href":"https:\/\/www.sonoraenequipo.com.mx\/api\/wp\/v2\/media\/251134"}],"wp:attachment":[{"href":"https:\/\/www.sonoraenequipo.com.mx\/api\/wp\/v2\/media?parent=251133"}],"wp:term":[{"taxonomy":"category","embeddable":true,"href":"https:\/\/www.sonoraenequipo.com.mx\/api\/wp\/v2\/categories?post=251133"},{"taxonomy":"post_tag","embeddable":true,"href":"https:\/\/www.sonoraenequipo.com.mx\/api\/wp\/v2\/tags?post=251133"}],"curies":[{"name":"wp","href":"https:\/\/api.w.org\/{rel}","templated":true}]}}