{"id":251142,"date":"2026-08-30T14:10:10","date_gmt":"2026-08-30T21:10:10","guid":{"rendered":"https:\/\/www.sonoraenequipo.com.mx\/?p=251142"},"modified":"2026-08-30T17:55:23","modified_gmt":"2026-08-31T00:55:23","slug":"eu-bombardea-dos-lanzadores-de-cohetes-de-iran-en-isla-de-larak-y-deja-dos-muertos","status":"publish","type":"post","link":"https:\/\/www.sonoraenequipo.com.mx\/eu-bombardea-dos-lanzadores-de-cohetes-de-iran-en-isla-de-larak-y-deja-dos-muertos\/","title":{"rendered":"EU bombardea dos lanzadores de cohetes de Ir\u00e1n en isla de Larak y deja dos muertos"},"content":{"rendered":"<p><strong>MEDIO ORIENTE.<\/strong> \u2014 Las Fuerzas de Estados Unidos bombardearon este domingo dos lanzadores de cohetes del Cuerpo de Guardianes de la Revoluci\u00f3n Isl\u00e1mica de Ir\u00e1n (IRGC) en la isla de Larak, en el golfo P\u00e9rsico, afirm\u00f3 un funcionario estadunidense citado por Al Jazeera en \u00e1rabe. El ataque dej\u00f3 dos muertos.<\/p>\n<p>&nbsp;<\/p>\n<p> <\/p>\n<p>De acuerdo con esa versi\u00f3n, los equipos se preparaban para lanzar misiles con minas navales hacia el estrecho de Ormuz. El funcionario, quien no fue identificado, se\u00f1al\u00f3 que las fuerzas estadunidenses mantienen vigilancia sobre la zona y permanecen preparadas para proteger el tr\u00e1nsito de embarcaciones por la estrat\u00e9gica v\u00eda mar\u00edtima.<\/p>\n<p>&nbsp;<\/p>\n<p>&nbsp;<\/p>\n<p>Poco despu\u00e9s del se\u00f1alamiento, la agencia iran\u00ed Fars inform\u00f3 que habitantes de la isla de Larak escucharon una explosi\u00f3n, aunque indic\u00f3 que se desconoc\u00eda su origen.<\/p>\n<p>&nbsp;<\/p>\n<p>&nbsp;<\/p>\n<p>Hasta el momento, no se hab\u00eda informado de manera oficial en Ir\u00e1n sobre un ataque estadunidense contra la isla ni se hab\u00edan dado a conocer posibles da\u00f1os o v\u00edctimas.<\/p>\n<p>&nbsp;<\/p>\n<p>&nbsp;<\/p>\n<p>&nbsp;<\/p>\n<h3>Mandos militares advierten a Hegseth sobre riesgos de prolongar guerra<\/h3>\n<p>&nbsp;<\/p>\n<p>Altos mandos militares estadunidenses advirtieron al secretario de Defensa, Pete Hegseth, que prolongar las operaciones a gran escala contra Ir\u00e1n amenaza con debilitar las capacidades de Estados Unidos para responder a otros conflictos y atender amenazas contra su propio territorio, de acuerdo con una evaluaci\u00f3n clasificada citada por The Washington Post este domingo.<\/p>\n<p>&nbsp;<\/p>\n<p>&nbsp;<\/p>\n<p>Las advertencias quedaron asentadas en el Libro de \u00d3rdenes del Secretario de Defensa, fechado el 14 de agosto, documento que registra la disponibilidad mundial de buques, aeronaves, personal y sistemas de armas. Los jefes del Ej\u00e9rcito, la Armada y la Fuerza A\u00e9rea, as\u00ed como los comandantes de los comandos Europeo, del Pac\u00edfico y Sur, se\u00f1alaron los riesgos de mantener durante m\u00e1s tiempo los recursos destinados al conflicto con Ir\u00e1n, indic\u00f3 The Washington Post en su portal.<\/p>\n<p>&nbsp;<\/p>\n<p>De acuerdo con personas familiarizadas con la evaluaci\u00f3n, algunos militares desplegados en Medio Oriente recibieron \u00f3rdenes para permanecer en la regi\u00f3n hasta septiembre, mientras otros permanecer\u00edan hasta 2027. Los comandantes del Comando Europeo, el Comando del Pac\u00edfico y el Comando Sur expresaron su desacuerdo con la prolongaci\u00f3n de los despliegues, aunque indicaron que cumplir\u00edan las \u00f3rdenes.<\/p>\n<p>&nbsp;<\/p>\n<p>&nbsp;<\/p>\n<p>El conflicto, que se extendi\u00f3 durante seis meses, oblig\u00f3 a desviar buques, aeronaves y otros equipos de las fuerzas estadunidenses desplegadas en Europa, Asia y Am\u00e9rica Latina. Esta situaci\u00f3n redujo la capacidad de esos comandos para cumplir otras misiones y mantener el entrenamiento de sus unidades, de acuerdo con la evaluaci\u00f3n.<\/p>\n<p>&nbsp;<\/p>\n<p>&nbsp;<\/p>\n<p>La armada estadunidense expres\u00f3 la preocupaci\u00f3n m\u00e1s severa, el jefe de Operaciones Navales, almirante Daryl Caudle, advirti\u00f3 que el nivel actual de apoyo a la guerra contra Ir\u00e1n no puede mantenerse debido a que no existe una fecha prevista para concluir las operaciones. Apenas una cuarta parte de la flota de destructores estar\u00eda disponible para nuevos despliegues, una reducci\u00f3n considerable respecto de los niveles previos al conflicto.<\/p>\n<p>&nbsp;<\/p>\n<p>&nbsp;<\/p>\n<p>La presi\u00f3n sobre la Armada se acumul\u00f3 despu\u00e9s de que decenas de buques fueran utilizados en la ofensiva contra Ir\u00e1n, la defensa frente a ataques iran\u00edes y, posteriormente, en el bloqueo impuesto por el presidente Donald Trump a los puertos iran\u00edes para intentar reabrir por la fuerza el estrecho de Ormuz. La prolongaci\u00f3n de los despliegues tambi\u00e9n afect\u00f3 el mantenimiento de los barcos y puso en riesgo la disponibilidad de la flota ante posibles nuevos conflictos.<\/p>\n<p>&nbsp;<\/p>\n<p>&nbsp;<\/p>\n<p>El ej\u00e9rcito y la Fuerza A\u00e9rea de Estados Unidos coincidieron con la decisi\u00f3n de Hegseth de mantener los despliegues, aunque reconocieron que implicaba riesgos significativos. Elementos de la 82 Divisi\u00f3n Aerotransportada, que moviliz\u00f3 unos 2 mil soldados en marzo debido a la guerra, ver\u00e1n extendida su permanencia hasta un a\u00f1o. Tambi\u00e9n se prev\u00e9 prolongar el despliegue de unidades que operan sistemas Patriot para defender bases estadunidenses de misiles y drones.<\/p>\n<p>&nbsp;<\/p>\n<p>&nbsp;<\/p>\n<p>La guerra tambi\u00e9n redujo las reservas de interceptores Patriot y THAAD, as\u00ed como de misiles Tomahawk de largo alcance. Adem\u00e1s, alrededor de una cuarta parte de la flota de drones Reaper del Pent\u00e1gono fue perdida y las bases estadunidenses en Medio Oriente sufrieron da\u00f1os por miles de millones de d\u00f3lares, de acuerdo con la informaci\u00f3n citada por el diario.<\/p>\n<p>&nbsp;<\/p>\n<p>&nbsp;<\/p>\n<p>En tanto, numerosas unidades de la Fuerza A\u00e9rea enviadas a la regi\u00f3n para realizar bombardeos y otras operaciones permanecer\u00e1n ah\u00ed hasta 2027. La situaci\u00f3n gener\u00f3 preocupaci\u00f3n tambi\u00e9n entre aliados estadunidenses en el Pac\u00edfico, debido a que el traslado de recursos hacia Medio Oriente redujo las capacidades disponibles para enfrentar a China.<\/p>\n<p>&nbsp;<\/p>\n<p>&nbsp;<\/p>\n<p>El presidente Donald Trump mantuvo la presi\u00f3n sobre Teher\u00e1n para que reabra el estrecho de Ormuz y acepte las propuestas estadunidenses para terminar el conflicto, mientras sostuvo que Washington conserva todas las opciones, incluida la militar. El Comando Central mantiene a m\u00e1s de 50 mil soldados en alerta durante meses ante la posibilidad de nuevas \u00f3rdenes de ataque.<\/p>\n<p>&nbsp;<\/p>\n<p>&nbsp;<\/p>\n<p>El Pent\u00e1gono se neg\u00f3 a comentar el contenido del documento clasificado y se\u00f1al\u00f3 que las decisiones sobre el alcance y duraci\u00f3n de los despliegues se toman con base en la evaluaci\u00f3n de las amenazas, las prioridades estrat\u00e9gicas del presidente y el asesoramiento de los mandos militares.<\/p>\n<p>&nbsp;<\/p>\n<p>&nbsp;<\/p>\n<p>&nbsp;<\/p>\n<p>PUBLICADO EL 30 DE AGOSTO 2026 Con informaci\u00f3n de La Jornada)<\/p>\n","protected":false},"excerpt":{"rendered":"<p>MEDIO ORIENTE. \u2014 Las Fuerzas de Estados Unidos bombardearon este domingo dos lanzadores de cohetes&#8230;<\/p>\n","protected":false},"author":1,"featured_media":251148,"comment_status":"open","ping_status":"open","sticky":false,"template":"","format":"standard","meta":{"_monsterinsights_skip_tracking":false,"_monsterinsights_sitenote_active":false,"_monsterinsights_sitenote_note":"","_monsterinsights_sitenote_category":0,"footnotes":""},"categories":[3],"tags":[],"class_list":["post"],"yoast_head":" \n<title>Sonora en Equipo. EU bombardea dos lanzadores de cohetes de Ir\u00e1n en isla de Larak y deja dos muertos MUNDO<\/title>\n<meta name=\"description\" content=\"MEDIO ORIENTE. \u2014 Las Fuerzas de Estados Unidos bombardearon este domingo dos lanzadores de cohetes del Cuerpo de Guardianes de la Revoluci\u00f3n Isl\u00e1mica de En Sonora en Equipo publicamos toda la informaci\u00f3n de Sonora, M\u00e9xico y el Mundo de manera oportuna y busca que la libertad de expresi\u00f3n sea real. Visita nuestro medio informativo publicado desde Hermosillo, Sonora. %\" \/>\n<meta name=\"robots\" content=\"index, follow, max-snippet:-1, max-image-preview:large, max-video-preview:-1\" \/>\n<link rel=\"canonical\" href=\"https:\/\/www.sonoraenequipo.com.mx\/eu-bombardea-dos-lanzadores-de-cohetes-de-iran-en-isla-de-larak-y-deja-dos-muertos\/\" \/>\n<meta property=\"og:locale\" content=\"es_ES\" \/>\n<meta property=\"og:type\" content=\"article\" \/>\n<meta property=\"og:title\" content=\"Sonora en Equipo. EU bombardea dos lanzadores de cohetes de Ir\u00e1n en isla de Larak y deja dos muertos MUNDO\" \/>\n<meta property=\"og:description\" content=\"MEDIO ORIENTE. \u2014 Las Fuerzas de Estados Unidos bombardearon este domingo dos lanzadores de cohetes del Cuerpo de Guardianes de la Revoluci\u00f3n Isl\u00e1mica de En Sonora en Equipo publicamos toda la informaci\u00f3n de Sonora, M\u00e9xico y el Mundo de manera oportuna y busca que la libertad de expresi\u00f3n sea real. Visita nuestro medio informativo publicado desde Hermosillo, Sonora. %\" \/>\n<meta property=\"og:url\" content=\"https:\/\/www.sonoraenequipo.com.mx\/eu-bombardea-dos-lanzadores-de-cohetes-de-iran-en-isla-de-larak-y-deja-dos-muertos\/\" \/>\n<meta property=\"og:site_name\" content=\"Sonora en Equipo.\" \/>\n<meta property=\"article:publisher\" content=\"https:\/\/www.facebook.com\/SonoraEE\/\" \/>\n<meta property=\"article:author\" content=\"https:\/\/www.facebook.com\/SonoraEE\" \/>\n<meta property=\"article:published_time\" content=\"2026-08-30T21:10:10+00:00\" \/>\n<meta property=\"article:modified_time\" content=\"2026-08-31T00:55:23+00:00\" \/>\n<meta property=\"og:image\" content=\"https:\/\/www.sonoraenequipo.com.mx\/storage\/2026\/08\/dos-lanzacohetes-del-CGRI-ubicados-en-Larak.jpg\" \/>\n\t<meta property=\"og:image:width\" content=\"1000\" \/>\n\t<meta property=\"og:image:height\" content=\"666\" \/>\n\t<meta property=\"og:image:type\" content=\"image\/jpeg\" \/>\n<meta name=\"author\" content=\"enequipo\" \/>\n<meta name=\"twitter:card\" content=\"summary_large_image\" \/>\n<meta name=\"twitter:creator\" content=\"@sonoraenequipo\" \/>\n<meta name=\"twitter:site\" content=\"@sonoraenequipo\" \/>\n<meta name=\"twitter:label1\" content=\"Escrito por\" \/>\n\t<meta name=\"twitter:data1\" content=\"enequipo\" \/>\n\t<meta name=\"twitter:label2\" content=\"Tiempo de lectura\" \/>\n\t<meta name=\"twitter:data2\" content=\"5 minutos\" \/>\n<script type=\"application\/ld+json\" class=\"yoast-schema-graph\">{\"@context\":\"https:\/\/schema.org\",\"@graph\":[{\"@type\":\"Article\",\"@id\":\"https:\/\/www.sonoraenequipo.com.mx\/eu-bombardea-dos-lanzadores-de-cohetes-de-iran-en-isla-de-larak-y-deja-dos-muertos\/#article\",\"isPartOf\":{\"@id\":\"https:\/\/www.sonoraenequipo.com.mx\/eu-bombardea-dos-lanzadores-de-cohetes-de-iran-en-isla-de-larak-y-deja-dos-muertos\/\"},\"author\":{\"name\":\"enequipo\",\"@id\":\"https:\/\/www.sonoraenequipo.com.mx\/#\/schema\/person\/50102df0fb23a8fa9e8effad8fa81386\"},\"headline\":\"EU bombardea dos lanzadores de cohetes de Ir\u00e1n en isla de Larak y deja dos muertos\",\"datePublished\":\"2026-08-30T21:10:10+00:00\",\"dateModified\":\"2026-08-31T00:55:23+00:00\",\"mainEntityOfPage\":{\"@id\":\"https:\/\/www.sonoraenequipo.com.mx\/eu-bombardea-dos-lanzadores-de-cohetes-de-iran-en-isla-de-larak-y-deja-dos-muertos\/\"},\"wordCount\":955,\"commentCount\":0,\"publisher\":{\"@id\":\"https:\/\/www.sonoraenequipo.com.mx\/#organization\"},\"image\":{\"@id\":\"https:\/\/www.sonoraenequipo.com.mx\/eu-bombardea-dos-lanzadores-de-cohetes-de-iran-en-isla-de-larak-y-deja-dos-muertos\/#primaryimage\"},\"thumbnailUrl\":\"https:\/\/www.sonoraenequipo.com.mx\/storage\/2026\/08\/dos-lanzacohetes-del-CGRI-ubicados-en-Larak.jpg\",\"articleSection\":[\"MUNDO\"],\"inLanguage\":\"es\",\"potentialAction\":[{\"@type\":\"CommentAction\",\"name\":\"Comment\",\"target\":[\"https:\/\/www.sonoraenequipo.com.mx\/eu-bombardea-dos-lanzadores-de-cohetes-de-iran-en-isla-de-larak-y-deja-dos-muertos\/#respond\"]}]},{\"@type\":\"WebPage\",\"@id\":\"https:\/\/www.sonoraenequipo.com.mx\/eu-bombardea-dos-lanzadores-de-cohetes-de-iran-en-isla-de-larak-y-deja-dos-muertos\/\",\"url\":\"https:\/\/www.sonoraenequipo.com.mx\/eu-bombardea-dos-lanzadores-de-cohetes-de-iran-en-isla-de-larak-y-deja-dos-muertos\/\",\"name\":\"Sonora en Equipo. EU bombardea dos lanzadores de cohetes de Ir\u00e1n en isla de Larak y deja dos muertos MUNDO\",\"isPartOf\":{\"@id\":\"https:\/\/www.sonoraenequipo.com.mx\/#website\"},\"primaryImageOfPage\":{\"@id\":\"https:\/\/www.sonoraenequipo.com.mx\/eu-bombardea-dos-lanzadores-de-cohetes-de-iran-en-isla-de-larak-y-deja-dos-muertos\/#primaryimage\"},\"image\":{\"@id\":\"https:\/\/www.sonoraenequipo.com.mx\/eu-bombardea-dos-lanzadores-de-cohetes-de-iran-en-isla-de-larak-y-deja-dos-muertos\/#primaryimage\"},\"thumbnailUrl\":\"https:\/\/www.sonoraenequipo.com.mx\/storage\/2026\/08\/dos-lanzacohetes-del-CGRI-ubicados-en-Larak.jpg\",\"datePublished\":\"2026-08-30T21:10:10+00:00\",\"dateModified\":\"2026-08-31T00:55:23+00:00\",\"description\":\"MEDIO ORIENTE. \u2014 Las Fuerzas de Estados Unidos bombardearon este domingo dos lanzadores de cohetes del Cuerpo de Guardianes de la Revoluci\u00f3n Isl\u00e1mica de En Sonora en Equipo publicamos toda la informaci\u00f3n de Sonora, M\u00e9xico y el Mundo de manera oportuna y busca que la libertad de expresi\u00f3n sea real. Visita nuestro medio informativo publicado desde Hermosillo, Sonora. %\",\"breadcrumb\":{\"@id\":\"https:\/\/www.sonoraenequipo.com.mx\/eu-bombardea-dos-lanzadores-de-cohetes-de-iran-en-isla-de-larak-y-deja-dos-muertos\/#breadcrumb\"},\"inLanguage\":\"es\",\"potentialAction\":[{\"@type\":\"ReadAction\",\"target\":[\"https:\/\/www.sonoraenequipo.com.mx\/eu-bombardea-dos-lanzadores-de-cohetes-de-iran-en-isla-de-larak-y-deja-dos-muertos\/\"]}]},{\"@type\":\"ImageObject\",\"inLanguage\":\"es\",\"@id\":\"https:\/\/www.sonoraenequipo.com.mx\/eu-bombardea-dos-lanzadores-de-cohetes-de-iran-en-isla-de-larak-y-deja-dos-muertos\/#primaryimage\",\"url\":\"https:\/\/www.sonoraenequipo.com.mx\/storage\/2026\/08\/dos-lanzacohetes-del-CGRI-ubicados-en-Larak.jpg\",\"contentUrl\":\"https:\/\/www.sonoraenequipo.com.mx\/storage\/2026\/08\/dos-lanzacohetes-del-CGRI-ubicados-en-Larak.jpg\",\"width\":1000,\"height\":666},{\"@type\":\"BreadcrumbList\",\"@id\":\"https:\/\/www.sonoraenequipo.com.mx\/eu-bombardea-dos-lanzadores-de-cohetes-de-iran-en-isla-de-larak-y-deja-dos-muertos\/#breadcrumb\",\"itemListElement\":[{\"@type\":\"ListItem\",\"position\":1,\"name\":\"Portada\",\"item\":\"https:\/\/www.sonoraenequipo.com.mx\/\"},{\"@type\":\"ListItem\",\"position\":2,\"name\":\"EU bombardea dos lanzadores de cohetes de Ir\u00e1n en isla de Larak y deja dos muertos\"}]},{\"@type\":\"WebSite\",\"@id\":\"https:\/\/www.sonoraenequipo.com.mx\/#website\",\"url\":\"https:\/\/www.sonoraenequipo.com.mx\/\",\"name\":\"Sonora en Equipo.\",\"description\":\"Diario en l\u00ednea con Noticias desde Hermosillo, Sonora\",\"publisher\":{\"@id\":\"https:\/\/www.sonoraenequipo.com.mx\/#organization\"},\"potentialAction\":[{\"@type\":\"SearchAction\",\"target\":{\"@type\":\"EntryPoint\",\"urlTemplate\":\"https:\/\/www.sonoraenequipo.com.mx\/?s={search_term_string}\"},\"query-input\":{\"@type\":\"PropertyValueSpecification\",\"valueRequired\":true,\"valueName\":\"search_term_string\"}}],\"inLanguage\":\"es\"},{\"@type\":\"Organization\",\"@id\":\"https:\/\/www.sonoraenequipo.com.mx\/#organization\",\"name\":\"Sonoraenequipo.com.mx\",\"url\":\"https:\/\/www.sonoraenequipo.com.mx\/\",\"logo\":{\"@type\":\"ImageObject\",\"inLanguage\":\"es\",\"@id\":\"https:\/\/www.sonoraenequipo.com.mx\/#\/schema\/logo\/image\/\",\"url\":\"https:\/\/www.sonoraenequipo.com.mx\/storage\/2019\/01\/sonoraenequipo_opt.png\",\"contentUrl\":\"https:\/\/www.sonoraenequipo.com.mx\/storage\/2019\/01\/sonoraenequipo_opt.png\",\"width\":375,\"height\":125,\"caption\":\"Sonoraenequipo.com.mx\"},\"image\":{\"@id\":\"https:\/\/www.sonoraenequipo.com.mx\/#\/schema\/logo\/image\/\"},\"sameAs\":[\"https:\/\/www.facebook.com\/SonoraEE\/\",\"https:\/\/x.com\/sonoraenequipo\",\"https:\/\/www.youtube.com\/channel\/UC338nW-lPEYmJQs4ZABQ1SQ\"]},{\"@type\":\"Person\",\"@id\":\"https:\/\/www.sonoraenequipo.com.mx\/#\/schema\/person\/50102df0fb23a8fa9e8effad8fa81386\",\"name\":\"enequipo\",\"image\":{\"@type\":\"ImageObject\",\"inLanguage\":\"es\",\"@id\":\"https:\/\/www.sonoraenequipo.com.mx\/#\/schema\/person\/image\/\",\"url\":\"https:\/\/secure.gravatar.com\/avatar\/049821681b589dabc0bc20695993ccebb09f5b5d4d790cd9251b97faac7c652b?s=96&d=blank&r=g\",\"contentUrl\":\"https:\/\/secure.gravatar.com\/avatar\/049821681b589dabc0bc20695993ccebb09f5b5d4d790cd9251b97faac7c652b?s=96&d=blank&r=g\",\"caption\":\"enequipo\"},\"sameAs\":[\"https:\/\/www.facebook.com\/SonoraEE\"]}]}<\/script>\n ","yoast_head_json":{"title":"Sonora en Equipo. EU bombardea dos lanzadores de cohetes de Ir\u00e1n en isla de Larak y deja dos muertos MUNDO","description":"MEDIO ORIENTE. \u2014 Las Fuerzas de Estados Unidos bombardearon este domingo dos lanzadores de cohetes del Cuerpo de Guardianes de la Revoluci\u00f3n Isl\u00e1mica de En Sonora en Equipo publicamos toda la informaci\u00f3n de Sonora, M\u00e9xico y el Mundo de manera oportuna y busca que la libertad de expresi\u00f3n sea real. Visita nuestro medio informativo publicado desde Hermosillo, Sonora. %","robots":{"index":"index","follow":"follow","max-snippet":"max-snippet:-1","max-image-preview":"max-image-preview:large","max-video-preview":"max-video-preview:-1"},"canonical":"https:\/\/www.sonoraenequipo.com.mx\/eu-bombardea-dos-lanzadores-de-cohetes-de-iran-en-isla-de-larak-y-deja-dos-muertos\/","og_locale":"es_ES","og_type":"article","og_title":"Sonora en Equipo. EU bombardea dos lanzadores de cohetes de Ir\u00e1n en isla de Larak y deja dos muertos MUNDO","og_description":"MEDIO ORIENTE. \u2014 Las Fuerzas de Estados Unidos bombardearon este domingo dos lanzadores de cohetes del Cuerpo de Guardianes de la Revoluci\u00f3n Isl\u00e1mica de En Sonora en Equipo publicamos toda la informaci\u00f3n de Sonora, M\u00e9xico y el Mundo de manera oportuna y busca que la libertad de expresi\u00f3n sea real. Visita nuestro medio informativo publicado desde Hermosillo, Sonora. %","og_url":"https:\/\/www.sonoraenequipo.com.mx\/eu-bombardea-dos-lanzadores-de-cohetes-de-iran-en-isla-de-larak-y-deja-dos-muertos\/","og_site_name":"Sonora en Equipo.","article_publisher":"https:\/\/www.facebook.com\/SonoraEE\/","article_author":"https:\/\/www.facebook.com\/SonoraEE","article_published_time":"2026-08-30T21:10:10+00:00","article_modified_time":"2026-08-31T00:55:23+00:00","og_image":[{"width":1000,"height":666,"url":"https:\/\/www.sonoraenequipo.com.mx\/storage\/2026\/08\/dos-lanzacohetes-del-CGRI-ubicados-en-Larak.jpg","type":"image\/jpeg"}],"author":"enequipo","twitter_card":"summary_large_image","twitter_creator":"@sonoraenequipo","twitter_site":"@sonoraenequipo","twitter_misc":{"Escrito por":"enequipo","Tiempo de lectura":"5 minutos"},"schema":{"@context":"https:\/\/schema.org","@graph":[{"@type":"Article","@id":"https:\/\/www.sonoraenequipo.com.mx\/eu-bombardea-dos-lanzadores-de-cohetes-de-iran-en-isla-de-larak-y-deja-dos-muertos\/#article","isPartOf":{"@id":"https:\/\/www.sonoraenequipo.com.mx\/eu-bombardea-dos-lanzadores-de-cohetes-de-iran-en-isla-de-larak-y-deja-dos-muertos\/"},"author":{"name":"enequipo","@id":"https:\/\/www.sonoraenequipo.com.mx\/#\/schema\/person\/50102df0fb23a8fa9e8effad8fa81386"},"headline":"EU bombardea dos lanzadores de cohetes de Ir\u00e1n en isla de Larak y deja dos muertos","datePublished":"2026-08-30T21:10:10+00:00","dateModified":"2026-08-31T00:55:23+00:00","mainEntityOfPage":{"@id":"https:\/\/www.sonoraenequipo.com.mx\/eu-bombardea-dos-lanzadores-de-cohetes-de-iran-en-isla-de-larak-y-deja-dos-muertos\/"},"wordCount":955,"commentCount":0,"publisher":{"@id":"https:\/\/www.sonoraenequipo.com.mx\/#organization"},"image":{"@id":"https:\/\/www.sonoraenequipo.com.mx\/eu-bombardea-dos-lanzadores-de-cohetes-de-iran-en-isla-de-larak-y-deja-dos-muertos\/#primaryimage"},"thumbnailUrl":"https:\/\/www.sonoraenequipo.com.mx\/storage\/2026\/08\/dos-lanzacohetes-del-CGRI-ubicados-en-Larak.jpg","articleSection":["MUNDO"],"inLanguage":"es","potentialAction":[{"@type":"CommentAction","name":"Comment","target":["https:\/\/www.sonoraenequipo.com.mx\/eu-bombardea-dos-lanzadores-de-cohetes-de-iran-en-isla-de-larak-y-deja-dos-muertos\/#respond"]}]},{"@type":"WebPage","@id":"https:\/\/www.sonoraenequipo.com.mx\/eu-bombardea-dos-lanzadores-de-cohetes-de-iran-en-isla-de-larak-y-deja-dos-muertos\/","url":"https:\/\/www.sonoraenequipo.com.mx\/eu-bombardea-dos-lanzadores-de-cohetes-de-iran-en-isla-de-larak-y-deja-dos-muertos\/","name":"Sonora en Equipo. EU bombardea dos lanzadores de cohetes de Ir\u00e1n en isla de Larak y deja dos muertos MUNDO","isPartOf":{"@id":"https:\/\/www.sonoraenequipo.com.mx\/#website"},"primaryImageOfPage":{"@id":"https:\/\/www.sonoraenequipo.com.mx\/eu-bombardea-dos-lanzadores-de-cohetes-de-iran-en-isla-de-larak-y-deja-dos-muertos\/#primaryimage"},"image":{"@id":"https:\/\/www.sonoraenequipo.com.mx\/eu-bombardea-dos-lanzadores-de-cohetes-de-iran-en-isla-de-larak-y-deja-dos-muertos\/#primaryimage"},"thumbnailUrl":"https:\/\/www.sonoraenequipo.com.mx\/storage\/2026\/08\/dos-lanzacohetes-del-CGRI-ubicados-en-Larak.jpg","datePublished":"2026-08-30T21:10:10+00:00","dateModified":"2026-08-31T00:55:23+00:00","description":"MEDIO ORIENTE. \u2014 Las Fuerzas de Estados Unidos bombardearon este domingo dos lanzadores de cohetes del Cuerpo de Guardianes de la Revoluci\u00f3n Isl\u00e1mica de En Sonora en Equipo publicamos toda la informaci\u00f3n de Sonora, M\u00e9xico y el Mundo de manera oportuna y busca que la libertad de expresi\u00f3n sea real. Visita nuestro medio informativo publicado desde Hermosillo, Sonora. %","breadcrumb":{"@id":"https:\/\/www.sonoraenequipo.com.mx\/eu-bombardea-dos-lanzadores-de-cohetes-de-iran-en-isla-de-larak-y-deja-dos-muertos\/#breadcrumb"},"inLanguage":"es","potentialAction":[{"@type":"ReadAction","target":["https:\/\/www.sonoraenequipo.com.mx\/eu-bombardea-dos-lanzadores-de-cohetes-de-iran-en-isla-de-larak-y-deja-dos-muertos\/"]}]},{"@type":"ImageObject","inLanguage":"es","@id":"https:\/\/www.sonoraenequipo.com.mx\/eu-bombardea-dos-lanzadores-de-cohetes-de-iran-en-isla-de-larak-y-deja-dos-muertos\/#primaryimage","url":"https:\/\/www.sonoraenequipo.com.mx\/storage\/2026\/08\/dos-lanzacohetes-del-CGRI-ubicados-en-Larak.jpg","contentUrl":"https:\/\/www.sonoraenequipo.com.mx\/storage\/2026\/08\/dos-lanzacohetes-del-CGRI-ubicados-en-Larak.jpg","width":1000,"height":666},{"@type":"BreadcrumbList","@id":"https:\/\/www.sonoraenequipo.com.mx\/eu-bombardea-dos-lanzadores-de-cohetes-de-iran-en-isla-de-larak-y-deja-dos-muertos\/#breadcrumb","itemListElement":[{"@type":"ListItem","position":1,"name":"Portada","item":"https:\/\/www.sonoraenequipo.com.mx\/"},{"@type":"ListItem","position":2,"name":"EU bombardea dos lanzadores de cohetes de Ir\u00e1n en isla de Larak y deja dos muertos"}]},{"@type":"WebSite","@id":"https:\/\/www.sonoraenequipo.com.mx\/#website","url":"https:\/\/www.sonoraenequipo.com.mx\/","name":"Sonora en Equipo.","description":"Diario en l\u00ednea con Noticias desde Hermosillo, Sonora","publisher":{"@id":"https:\/\/www.sonoraenequipo.com.mx\/#organization"},"potentialAction":[{"@type":"SearchAction","target":{"@type":"EntryPoint","urlTemplate":"https:\/\/www.sonoraenequipo.com.mx\/?s={search_term_string}"},"query-input":{"@type":"PropertyValueSpecification","valueRequired":true,"valueName":"search_term_string"}}],"inLanguage":"es"},{"@type":"Organization","@id":"https:\/\/www.sonoraenequipo.com.mx\/#organization","name":"Sonoraenequipo.com.mx","url":"https:\/\/www.sonoraenequipo.com.mx\/","logo":{"@type":"ImageObject","inLanguage":"es","@id":"https:\/\/www.sonoraenequipo.com.mx\/#\/schema\/logo\/image\/","url":"https:\/\/www.sonoraenequipo.com.mx\/storage\/2019\/01\/sonoraenequipo_opt.png","contentUrl":"https:\/\/www.sonoraenequipo.com.mx\/storage\/2019\/01\/sonoraenequipo_opt.png","width":375,"height":125,"caption":"Sonoraenequipo.com.mx"},"image":{"@id":"https:\/\/www.sonoraenequipo.com.mx\/#\/schema\/logo\/image\/"},"sameAs":["https:\/\/www.facebook.com\/SonoraEE\/","https:\/\/x.com\/sonoraenequipo","https:\/\/www.youtube.com\/channel\/UC338nW-lPEYmJQs4ZABQ1SQ"]},{"@type":"Person","@id":"https:\/\/www.sonoraenequipo.com.mx\/#\/schema\/person\/50102df0fb23a8fa9e8effad8fa81386","name":"enequipo","image":{"@type":"ImageObject","inLanguage":"es","@id":"https:\/\/www.sonoraenequipo.com.mx\/#\/schema\/person\/image\/","url":"https:\/\/secure.gravatar.com\/avatar\/049821681b589dabc0bc20695993ccebb09f5b5d4d790cd9251b97faac7c652b?s=96&d=blank&r=g","contentUrl":"https:\/\/secure.gravatar.com\/avatar\/049821681b589dabc0bc20695993ccebb09f5b5d4d790cd9251b97faac7c652b?s=96&d=blank&r=g","caption":"enequipo"},"sameAs":["https:\/\/www.facebook.com\/SonoraEE"]}]}},"jetpack_featured_media_url":"https:\/\/www.sonoraenequipo.com.mx\/storage\/2026\/08\/dos-lanzacohetes-del-CGRI-ubicados-en-Larak.jpg","_links":{"self":[{"href":"https:\/\/www.sonoraenequipo.com.mx\/api\/wp\/v2\/posts\/251142","targetHints":{"allow":["GET"]}}],"collection":[{"href":"https:\/\/www.sonoraenequipo.com.mx\/api\/wp\/v2\/posts"}],"about":[{"href":"https:\/\/www.sonoraenequipo.com.mx\/api\/wp\/v2\/types\/post"}],"author":[{"embeddable":true,"href":"https:\/\/www.sonoraenequipo.com.mx\/api\/wp\/v2\/users\/1"}],"replies":[{"embeddable":true,"href":"https:\/\/www.sonoraenequipo.com.mx\/api\/wp\/v2\/comments?post=251142"}],"version-history":[{"count":1,"href":"https:\/\/www.sonoraenequipo.com.mx\/api\/wp\/v2\/posts\/251142\/revisions"}],"predecessor-version":[{"id":251150,"href":"https:\/\/www.sonoraenequipo.com.mx\/api\/wp\/v2\/posts\/251142\/revisions\/251150"}],"wp:featuredmedia":[{"embeddable":true,"href":"https:\/\/www.sonoraenequipo.com.mx\/api\/wp\/v2\/media\/251148"}],"wp:attachment":[{"href":"https:\/\/www.sonoraenequipo.com.mx\/api\/wp\/v2\/media?parent=251142"}],"wp:term":[{"taxonomy":"category","embeddable":true,"href":"https:\/\/www.sonoraenequipo.com.mx\/api\/wp\/v2\/categories?post=251142"},{"taxonomy":"post_tag","embeddable":true,"href":"https:\/\/www.sonoraenequipo.com.mx\/api\/wp\/v2\/tags?post=251142"}],"curies":[{"name":"wp","href":"https:\/\/api.w.org\/{rel}","templated":true}]}}