{"id":251151,"date":"2026-08-30T16:10:39","date_gmt":"2026-08-30T23:10:39","guid":{"rendered":"https:\/\/www.sonoraenequipo.com.mx\/?p=251151"},"modified":"2026-08-30T18:06:55","modified_gmt":"2026-08-31T01:06:55","slug":"iran-ataca-a-las-fuerzas-estadunidenses-en-jordania","status":"publish","type":"post","link":"https:\/\/www.sonoraenequipo.com.mx\/iran-ataca-a-las-fuerzas-estadunidenses-en-jordania\/","title":{"rendered":"Ir\u00e1n ataca a las fuerzas estadunidenses en Jordania"},"content":{"rendered":"<p><strong>IR\u00c1N.<\/strong> \u2014 El Cuerpo de la Guardia Revolucionaria Isl\u00e1mica de Ir\u00e1n (CGRI), advirti\u00f3 este domingo que responder\u00e1 al ataque estadunidense contra la isla de Larak, en el golfo P\u00e9rsico, que dej\u00f3 varios combatientes y civiles muertos y heridos, de acuerdo con un comunicado difundido por medios iran\u00edes por Al Jazeera.<\/p>\n<p>&nbsp;<\/p>\n<p>&nbsp;<\/p>\n<p> <\/p>\n<p>El CGRI conden\u00f3 la incursi\u00f3n y afirm\u00f3 que la acci\u00f3n ser\u00e1 respondida y que quienes participaron recibir\u00e1n un castigo. El portavoz de la organizaci\u00f3n, Sardar Mohebi, se\u00f1al\u00f3 que Estados Unidos enfrentar\u00e1 consecuencias tanto en el terreno militar como econ\u00f3mico.<\/p>\n<p>&nbsp;<\/p>\n<p>&nbsp;<\/p>\n<p>Previamente, un funcionario estadunidense citado por Al Jazeera inform\u00f3 que fuerzas de ese pa\u00eds atacaron dos lanzacohetes del CGRI ubicados en Larak cuando, de acuerdo con su versi\u00f3n, se preparaban para disparar proyectiles con minas navales hacia el estrecho de Ormuz.<\/p>\n<p>&nbsp;<\/p>\n<p>&nbsp;<\/p>\n<p>El CGRI atribuy\u00f3 la operaci\u00f3n a la \u201cdesesperaci\u00f3n\u201d de Estados Unidos y sostuvo que el ataque ocurri\u00f3 en medio de problemas internos de ese pa\u00eds. Las autoridades iran\u00edes no ofrecieron hasta el momento una cifra oficial de muertos y heridos.<\/p>\n<p>&nbsp;<\/p>\n<p>&nbsp;<\/p>\n<p>La isla de Larak se encuentra en el estrecho de Ormuz, una v\u00eda mar\u00edtima estrat\u00e9gica para el transporte internacional de petr\u00f3leo.<\/p>\n<p>&nbsp;<\/p>\n<p>Ir\u00e1n reivindica ataques<\/p>\n<p>&nbsp;<\/p>\n<p>En un comunicado difundido por agencias de noticias iran\u00edes, la Guardia Revolucionaria Isl\u00e1mica (IRGC) afirm\u00f3 que la operaci\u00f3n combinada de misiles y drones, a la que denomin\u00f3 \u00abCastigo al Agresor\u00bb, alcanz\u00f3 las bases del Rey Hussein y Al Azraq.<\/p>\n<p>&nbsp;<\/p>\n<p>Seg\u00fan el comunicado, los ataques \u00ab<strong><em>destruyeron la infraestructura t\u00e9cnica y de reparaci\u00f3n, as\u00ed como las bases de despliegue de los cazas enemigos\u00bb,<\/em><\/strong> y caus\u00f3 da\u00f1os significativos.<\/p>\n<p>&nbsp;<\/p>\n<p><em><strong>\u201cLa agresi\u00f3n y los cr\u00edmenes no resolver\u00e1n la desesperaci\u00f3n del enemigo por intentar debilitar el control de la Rep\u00fablica Isl\u00e1mica sobre el estrecho de Ormuz, y cada ataque recibir\u00e1 respuestas a\u00fan m\u00e1s devastadoras\u201d,<\/strong><\/em> indic\u00f3 el comunicado.<\/p>\n<p>&nbsp;<\/p>\n<p>&nbsp;<\/p>\n<p>PUBLICADO EL 30 DE AGOSTO 2026 Con informaci\u00f3n de Routers)<\/p>\n","protected":false},"excerpt":{"rendered":"<p>IR\u00c1N. \u2014 El Cuerpo de la Guardia Revolucionaria Isl\u00e1mica de Ir\u00e1n (CGRI), advirti\u00f3 este domingo&#8230;<\/p>\n","protected":false},"author":1,"featured_media":251152,"comment_status":"open","ping_status":"open","sticky":false,"template":"","format":"standard","meta":{"_monsterinsights_skip_tracking":false,"_monsterinsights_sitenote_active":false,"_monsterinsights_sitenote_note":"","_monsterinsights_sitenote_category":0,"footnotes":""},"categories":[3],"tags":[],"class_list":["post"],"yoast_head":" \n<title>Sonora en Equipo. Ir\u00e1n ataca a las fuerzas estadunidenses en Jordania MUNDO<\/title>\n<meta name=\"description\" content=\"IR\u00c1N. \u2014 El Cuerpo de la Guardia Revolucionaria Isl\u00e1mica de Ir\u00e1n (CGRI), advirti\u00f3 este domingo que responder\u00e1 al ataque estadunidense contra la isla de En Sonora en Equipo publicamos toda la informaci\u00f3n de Sonora, M\u00e9xico y el Mundo de manera oportuna y busca que la libertad de expresi\u00f3n sea real. Visita nuestro medio informativo publicado desde Hermosillo, Sonora. %\" \/>\n<meta name=\"robots\" content=\"index, follow, max-snippet:-1, max-image-preview:large, max-video-preview:-1\" \/>\n<link rel=\"canonical\" href=\"https:\/\/www.sonoraenequipo.com.mx\/iran-ataca-a-las-fuerzas-estadunidenses-en-jordania\/\" \/>\n<meta property=\"og:locale\" content=\"es_ES\" \/>\n<meta property=\"og:type\" content=\"article\" \/>\n<meta property=\"og:title\" content=\"Sonora en Equipo. Ir\u00e1n ataca a las fuerzas estadunidenses en Jordania MUNDO\" \/>\n<meta property=\"og:description\" content=\"IR\u00c1N. \u2014 El Cuerpo de la Guardia Revolucionaria Isl\u00e1mica de Ir\u00e1n (CGRI), advirti\u00f3 este domingo que responder\u00e1 al ataque estadunidense contra la isla de En Sonora en Equipo publicamos toda la informaci\u00f3n de Sonora, M\u00e9xico y el Mundo de manera oportuna y busca que la libertad de expresi\u00f3n sea real. Visita nuestro medio informativo publicado desde Hermosillo, Sonora. %\" \/>\n<meta property=\"og:url\" content=\"https:\/\/www.sonoraenequipo.com.mx\/iran-ataca-a-las-fuerzas-estadunidenses-en-jordania\/\" \/>\n<meta property=\"og:site_name\" content=\"Sonora en Equipo.\" \/>\n<meta property=\"article:publisher\" content=\"https:\/\/www.facebook.com\/SonoraEE\/\" \/>\n<meta property=\"article:author\" content=\"https:\/\/www.facebook.com\/SonoraEE\" \/>\n<meta property=\"article:published_time\" content=\"2026-08-30T23:10:39+00:00\" \/>\n<meta property=\"article:modified_time\" content=\"2026-08-31T01:06:55+00:00\" \/>\n<meta property=\"og:image\" content=\"https:\/\/www.sonoraenequipo.com.mx\/storage\/2026\/08\/jordania.jpg\" \/>\n\t<meta property=\"og:image:width\" content=\"1000\" \/>\n\t<meta property=\"og:image:height\" content=\"562\" \/>\n\t<meta property=\"og:image:type\" content=\"image\/jpeg\" \/>\n<meta name=\"author\" content=\"enequipo\" \/>\n<meta name=\"twitter:card\" content=\"summary_large_image\" \/>\n<meta name=\"twitter:creator\" content=\"@sonoraenequipo\" \/>\n<meta name=\"twitter:site\" content=\"@sonoraenequipo\" \/>\n<meta name=\"twitter:label1\" content=\"Escrito por\" \/>\n\t<meta name=\"twitter:data1\" content=\"enequipo\" \/>\n\t<meta name=\"twitter:label2\" content=\"Tiempo de lectura\" \/>\n\t<meta name=\"twitter:data2\" content=\"2 minutos\" \/>\n<script type=\"application\/ld+json\" class=\"yoast-schema-graph\">{\"@context\":\"https:\/\/schema.org\",\"@graph\":[{\"@type\":\"Article\",\"@id\":\"https:\/\/www.sonoraenequipo.com.mx\/iran-ataca-a-las-fuerzas-estadunidenses-en-jordania\/#article\",\"isPartOf\":{\"@id\":\"https:\/\/www.sonoraenequipo.com.mx\/iran-ataca-a-las-fuerzas-estadunidenses-en-jordania\/\"},\"author\":{\"name\":\"enequipo\",\"@id\":\"https:\/\/www.sonoraenequipo.com.mx\/#\/schema\/person\/50102df0fb23a8fa9e8effad8fa81386\"},\"headline\":\"Ir\u00e1n ataca a las fuerzas estadunidenses en Jordania\",\"datePublished\":\"2026-08-30T23:10:39+00:00\",\"dateModified\":\"2026-08-31T01:06:55+00:00\",\"mainEntityOfPage\":{\"@id\":\"https:\/\/www.sonoraenequipo.com.mx\/iran-ataca-a-las-fuerzas-estadunidenses-en-jordania\/\"},\"wordCount\":363,\"commentCount\":0,\"publisher\":{\"@id\":\"https:\/\/www.sonoraenequipo.com.mx\/#organization\"},\"image\":{\"@id\":\"https:\/\/www.sonoraenequipo.com.mx\/iran-ataca-a-las-fuerzas-estadunidenses-en-jordania\/#primaryimage\"},\"thumbnailUrl\":\"https:\/\/www.sonoraenequipo.com.mx\/storage\/2026\/08\/jordania.jpg\",\"articleSection\":[\"MUNDO\"],\"inLanguage\":\"es\",\"potentialAction\":[{\"@type\":\"CommentAction\",\"name\":\"Comment\",\"target\":[\"https:\/\/www.sonoraenequipo.com.mx\/iran-ataca-a-las-fuerzas-estadunidenses-en-jordania\/#respond\"]}]},{\"@type\":\"WebPage\",\"@id\":\"https:\/\/www.sonoraenequipo.com.mx\/iran-ataca-a-las-fuerzas-estadunidenses-en-jordania\/\",\"url\":\"https:\/\/www.sonoraenequipo.com.mx\/iran-ataca-a-las-fuerzas-estadunidenses-en-jordania\/\",\"name\":\"Sonora en Equipo. Ir\u00e1n ataca a las fuerzas estadunidenses en Jordania MUNDO\",\"isPartOf\":{\"@id\":\"https:\/\/www.sonoraenequipo.com.mx\/#website\"},\"primaryImageOfPage\":{\"@id\":\"https:\/\/www.sonoraenequipo.com.mx\/iran-ataca-a-las-fuerzas-estadunidenses-en-jordania\/#primaryimage\"},\"image\":{\"@id\":\"https:\/\/www.sonoraenequipo.com.mx\/iran-ataca-a-las-fuerzas-estadunidenses-en-jordania\/#primaryimage\"},\"thumbnailUrl\":\"https:\/\/www.sonoraenequipo.com.mx\/storage\/2026\/08\/jordania.jpg\",\"datePublished\":\"2026-08-30T23:10:39+00:00\",\"dateModified\":\"2026-08-31T01:06:55+00:00\",\"description\":\"IR\u00c1N. \u2014 El Cuerpo de la Guardia Revolucionaria Isl\u00e1mica de Ir\u00e1n (CGRI), advirti\u00f3 este domingo que responder\u00e1 al ataque estadunidense contra la isla de En Sonora en Equipo publicamos toda la informaci\u00f3n de Sonora, M\u00e9xico y el Mundo de manera oportuna y busca que la libertad de expresi\u00f3n sea real. Visita nuestro medio informativo publicado desde Hermosillo, Sonora. %\",\"breadcrumb\":{\"@id\":\"https:\/\/www.sonoraenequipo.com.mx\/iran-ataca-a-las-fuerzas-estadunidenses-en-jordania\/#breadcrumb\"},\"inLanguage\":\"es\",\"potentialAction\":[{\"@type\":\"ReadAction\",\"target\":[\"https:\/\/www.sonoraenequipo.com.mx\/iran-ataca-a-las-fuerzas-estadunidenses-en-jordania\/\"]}]},{\"@type\":\"ImageObject\",\"inLanguage\":\"es\",\"@id\":\"https:\/\/www.sonoraenequipo.com.mx\/iran-ataca-a-las-fuerzas-estadunidenses-en-jordania\/#primaryimage\",\"url\":\"https:\/\/www.sonoraenequipo.com.mx\/storage\/2026\/08\/jordania.jpg\",\"contentUrl\":\"https:\/\/www.sonoraenequipo.com.mx\/storage\/2026\/08\/jordania.jpg\",\"width\":1000,\"height\":562},{\"@type\":\"BreadcrumbList\",\"@id\":\"https:\/\/www.sonoraenequipo.com.mx\/iran-ataca-a-las-fuerzas-estadunidenses-en-jordania\/#breadcrumb\",\"itemListElement\":[{\"@type\":\"ListItem\",\"position\":1,\"name\":\"Portada\",\"item\":\"https:\/\/www.sonoraenequipo.com.mx\/\"},{\"@type\":\"ListItem\",\"position\":2,\"name\":\"Ir\u00e1n ataca a las fuerzas estadunidenses en Jordania\"}]},{\"@type\":\"WebSite\",\"@id\":\"https:\/\/www.sonoraenequipo.com.mx\/#website\",\"url\":\"https:\/\/www.sonoraenequipo.com.mx\/\",\"name\":\"Sonora en Equipo.\",\"description\":\"Diario en l\u00ednea con Noticias desde Hermosillo, Sonora\",\"publisher\":{\"@id\":\"https:\/\/www.sonoraenequipo.com.mx\/#organization\"},\"potentialAction\":[{\"@type\":\"SearchAction\",\"target\":{\"@type\":\"EntryPoint\",\"urlTemplate\":\"https:\/\/www.sonoraenequipo.com.mx\/?s={search_term_string}\"},\"query-input\":{\"@type\":\"PropertyValueSpecification\",\"valueRequired\":true,\"valueName\":\"search_term_string\"}}],\"inLanguage\":\"es\"},{\"@type\":\"Organization\",\"@id\":\"https:\/\/www.sonoraenequipo.com.mx\/#organization\",\"name\":\"Sonoraenequipo.com.mx\",\"url\":\"https:\/\/www.sonoraenequipo.com.mx\/\",\"logo\":{\"@type\":\"ImageObject\",\"inLanguage\":\"es\",\"@id\":\"https:\/\/www.sonoraenequipo.com.mx\/#\/schema\/logo\/image\/\",\"url\":\"https:\/\/www.sonoraenequipo.com.mx\/storage\/2019\/01\/sonoraenequipo_opt.png\",\"contentUrl\":\"https:\/\/www.sonoraenequipo.com.mx\/storage\/2019\/01\/sonoraenequipo_opt.png\",\"width\":375,\"height\":125,\"caption\":\"Sonoraenequipo.com.mx\"},\"image\":{\"@id\":\"https:\/\/www.sonoraenequipo.com.mx\/#\/schema\/logo\/image\/\"},\"sameAs\":[\"https:\/\/www.facebook.com\/SonoraEE\/\",\"https:\/\/x.com\/sonoraenequipo\",\"https:\/\/www.youtube.com\/channel\/UC338nW-lPEYmJQs4ZABQ1SQ\"]},{\"@type\":\"Person\",\"@id\":\"https:\/\/www.sonoraenequipo.com.mx\/#\/schema\/person\/50102df0fb23a8fa9e8effad8fa81386\",\"name\":\"enequipo\",\"image\":{\"@type\":\"ImageObject\",\"inLanguage\":\"es\",\"@id\":\"https:\/\/www.sonoraenequipo.com.mx\/#\/schema\/person\/image\/\",\"url\":\"https:\/\/secure.gravatar.com\/avatar\/049821681b589dabc0bc20695993ccebb09f5b5d4d790cd9251b97faac7c652b?s=96&d=blank&r=g\",\"contentUrl\":\"https:\/\/secure.gravatar.com\/avatar\/049821681b589dabc0bc20695993ccebb09f5b5d4d790cd9251b97faac7c652b?s=96&d=blank&r=g\",\"caption\":\"enequipo\"},\"sameAs\":[\"https:\/\/www.facebook.com\/SonoraEE\"]}]}<\/script>\n ","yoast_head_json":{"title":"Sonora en Equipo. Ir\u00e1n ataca a las fuerzas estadunidenses en Jordania MUNDO","description":"IR\u00c1N. \u2014 El Cuerpo de la Guardia Revolucionaria Isl\u00e1mica de Ir\u00e1n (CGRI), advirti\u00f3 este domingo que responder\u00e1 al ataque estadunidense contra la isla de En Sonora en Equipo publicamos toda la informaci\u00f3n de Sonora, M\u00e9xico y el Mundo de manera oportuna y busca que la libertad de expresi\u00f3n sea real. Visita nuestro medio informativo publicado desde Hermosillo, Sonora. %","robots":{"index":"index","follow":"follow","max-snippet":"max-snippet:-1","max-image-preview":"max-image-preview:large","max-video-preview":"max-video-preview:-1"},"canonical":"https:\/\/www.sonoraenequipo.com.mx\/iran-ataca-a-las-fuerzas-estadunidenses-en-jordania\/","og_locale":"es_ES","og_type":"article","og_title":"Sonora en Equipo. Ir\u00e1n ataca a las fuerzas estadunidenses en Jordania MUNDO","og_description":"IR\u00c1N. \u2014 El Cuerpo de la Guardia Revolucionaria Isl\u00e1mica de Ir\u00e1n (CGRI), advirti\u00f3 este domingo que responder\u00e1 al ataque estadunidense contra la isla de En Sonora en Equipo publicamos toda la informaci\u00f3n de Sonora, M\u00e9xico y el Mundo de manera oportuna y busca que la libertad de expresi\u00f3n sea real. Visita nuestro medio informativo publicado desde Hermosillo, Sonora. %","og_url":"https:\/\/www.sonoraenequipo.com.mx\/iran-ataca-a-las-fuerzas-estadunidenses-en-jordania\/","og_site_name":"Sonora en Equipo.","article_publisher":"https:\/\/www.facebook.com\/SonoraEE\/","article_author":"https:\/\/www.facebook.com\/SonoraEE","article_published_time":"2026-08-30T23:10:39+00:00","article_modified_time":"2026-08-31T01:06:55+00:00","og_image":[{"width":1000,"height":562,"url":"https:\/\/www.sonoraenequipo.com.mx\/storage\/2026\/08\/jordania.jpg","type":"image\/jpeg"}],"author":"enequipo","twitter_card":"summary_large_image","twitter_creator":"@sonoraenequipo","twitter_site":"@sonoraenequipo","twitter_misc":{"Escrito por":"enequipo","Tiempo de lectura":"2 minutos"},"schema":{"@context":"https:\/\/schema.org","@graph":[{"@type":"Article","@id":"https:\/\/www.sonoraenequipo.com.mx\/iran-ataca-a-las-fuerzas-estadunidenses-en-jordania\/#article","isPartOf":{"@id":"https:\/\/www.sonoraenequipo.com.mx\/iran-ataca-a-las-fuerzas-estadunidenses-en-jordania\/"},"author":{"name":"enequipo","@id":"https:\/\/www.sonoraenequipo.com.mx\/#\/schema\/person\/50102df0fb23a8fa9e8effad8fa81386"},"headline":"Ir\u00e1n ataca a las fuerzas estadunidenses en Jordania","datePublished":"2026-08-30T23:10:39+00:00","dateModified":"2026-08-31T01:06:55+00:00","mainEntityOfPage":{"@id":"https:\/\/www.sonoraenequipo.com.mx\/iran-ataca-a-las-fuerzas-estadunidenses-en-jordania\/"},"wordCount":363,"commentCount":0,"publisher":{"@id":"https:\/\/www.sonoraenequipo.com.mx\/#organization"},"image":{"@id":"https:\/\/www.sonoraenequipo.com.mx\/iran-ataca-a-las-fuerzas-estadunidenses-en-jordania\/#primaryimage"},"thumbnailUrl":"https:\/\/www.sonoraenequipo.com.mx\/storage\/2026\/08\/jordania.jpg","articleSection":["MUNDO"],"inLanguage":"es","potentialAction":[{"@type":"CommentAction","name":"Comment","target":["https:\/\/www.sonoraenequipo.com.mx\/iran-ataca-a-las-fuerzas-estadunidenses-en-jordania\/#respond"]}]},{"@type":"WebPage","@id":"https:\/\/www.sonoraenequipo.com.mx\/iran-ataca-a-las-fuerzas-estadunidenses-en-jordania\/","url":"https:\/\/www.sonoraenequipo.com.mx\/iran-ataca-a-las-fuerzas-estadunidenses-en-jordania\/","name":"Sonora en Equipo. Ir\u00e1n ataca a las fuerzas estadunidenses en Jordania MUNDO","isPartOf":{"@id":"https:\/\/www.sonoraenequipo.com.mx\/#website"},"primaryImageOfPage":{"@id":"https:\/\/www.sonoraenequipo.com.mx\/iran-ataca-a-las-fuerzas-estadunidenses-en-jordania\/#primaryimage"},"image":{"@id":"https:\/\/www.sonoraenequipo.com.mx\/iran-ataca-a-las-fuerzas-estadunidenses-en-jordania\/#primaryimage"},"thumbnailUrl":"https:\/\/www.sonoraenequipo.com.mx\/storage\/2026\/08\/jordania.jpg","datePublished":"2026-08-30T23:10:39+00:00","dateModified":"2026-08-31T01:06:55+00:00","description":"IR\u00c1N. \u2014 El Cuerpo de la Guardia Revolucionaria Isl\u00e1mica de Ir\u00e1n (CGRI), advirti\u00f3 este domingo que responder\u00e1 al ataque estadunidense contra la isla de En Sonora en Equipo publicamos toda la informaci\u00f3n de Sonora, M\u00e9xico y el Mundo de manera oportuna y busca que la libertad de expresi\u00f3n sea real. Visita nuestro medio informativo publicado desde Hermosillo, Sonora. %","breadcrumb":{"@id":"https:\/\/www.sonoraenequipo.com.mx\/iran-ataca-a-las-fuerzas-estadunidenses-en-jordania\/#breadcrumb"},"inLanguage":"es","potentialAction":[{"@type":"ReadAction","target":["https:\/\/www.sonoraenequipo.com.mx\/iran-ataca-a-las-fuerzas-estadunidenses-en-jordania\/"]}]},{"@type":"ImageObject","inLanguage":"es","@id":"https:\/\/www.sonoraenequipo.com.mx\/iran-ataca-a-las-fuerzas-estadunidenses-en-jordania\/#primaryimage","url":"https:\/\/www.sonoraenequipo.com.mx\/storage\/2026\/08\/jordania.jpg","contentUrl":"https:\/\/www.sonoraenequipo.com.mx\/storage\/2026\/08\/jordania.jpg","width":1000,"height":562},{"@type":"BreadcrumbList","@id":"https:\/\/www.sonoraenequipo.com.mx\/iran-ataca-a-las-fuerzas-estadunidenses-en-jordania\/#breadcrumb","itemListElement":[{"@type":"ListItem","position":1,"name":"Portada","item":"https:\/\/www.sonoraenequipo.com.mx\/"},{"@type":"ListItem","position":2,"name":"Ir\u00e1n ataca a las fuerzas estadunidenses en Jordania"}]},{"@type":"WebSite","@id":"https:\/\/www.sonoraenequipo.com.mx\/#website","url":"https:\/\/www.sonoraenequipo.com.mx\/","name":"Sonora en Equipo.","description":"Diario en l\u00ednea con Noticias desde Hermosillo, Sonora","publisher":{"@id":"https:\/\/www.sonoraenequipo.com.mx\/#organization"},"potentialAction":[{"@type":"SearchAction","target":{"@type":"EntryPoint","urlTemplate":"https:\/\/www.sonoraenequipo.com.mx\/?s={search_term_string}"},"query-input":{"@type":"PropertyValueSpecification","valueRequired":true,"valueName":"search_term_string"}}],"inLanguage":"es"},{"@type":"Organization","@id":"https:\/\/www.sonoraenequipo.com.mx\/#organization","name":"Sonoraenequipo.com.mx","url":"https:\/\/www.sonoraenequipo.com.mx\/","logo":{"@type":"ImageObject","inLanguage":"es","@id":"https:\/\/www.sonoraenequipo.com.mx\/#\/schema\/logo\/image\/","url":"https:\/\/www.sonoraenequipo.com.mx\/storage\/2019\/01\/sonoraenequipo_opt.png","contentUrl":"https:\/\/www.sonoraenequipo.com.mx\/storage\/2019\/01\/sonoraenequipo_opt.png","width":375,"height":125,"caption":"Sonoraenequipo.com.mx"},"image":{"@id":"https:\/\/www.sonoraenequipo.com.mx\/#\/schema\/logo\/image\/"},"sameAs":["https:\/\/www.facebook.com\/SonoraEE\/","https:\/\/x.com\/sonoraenequipo","https:\/\/www.youtube.com\/channel\/UC338nW-lPEYmJQs4ZABQ1SQ"]},{"@type":"Person","@id":"https:\/\/www.sonoraenequipo.com.mx\/#\/schema\/person\/50102df0fb23a8fa9e8effad8fa81386","name":"enequipo","image":{"@type":"ImageObject","inLanguage":"es","@id":"https:\/\/www.sonoraenequipo.com.mx\/#\/schema\/person\/image\/","url":"https:\/\/secure.gravatar.com\/avatar\/049821681b589dabc0bc20695993ccebb09f5b5d4d790cd9251b97faac7c652b?s=96&d=blank&r=g","contentUrl":"https:\/\/secure.gravatar.com\/avatar\/049821681b589dabc0bc20695993ccebb09f5b5d4d790cd9251b97faac7c652b?s=96&d=blank&r=g","caption":"enequipo"},"sameAs":["https:\/\/www.facebook.com\/SonoraEE"]}]}},"jetpack_featured_media_url":"https:\/\/www.sonoraenequipo.com.mx\/storage\/2026\/08\/jordania.jpg","_links":{"self":[{"href":"https:\/\/www.sonoraenequipo.com.mx\/api\/wp\/v2\/posts\/251151","targetHints":{"allow":["GET"]}}],"collection":[{"href":"https:\/\/www.sonoraenequipo.com.mx\/api\/wp\/v2\/posts"}],"about":[{"href":"https:\/\/www.sonoraenequipo.com.mx\/api\/wp\/v2\/types\/post"}],"author":[{"embeddable":true,"href":"https:\/\/www.sonoraenequipo.com.mx\/api\/wp\/v2\/users\/1"}],"replies":[{"embeddable":true,"href":"https:\/\/www.sonoraenequipo.com.mx\/api\/wp\/v2\/comments?post=251151"}],"version-history":[{"count":1,"href":"https:\/\/www.sonoraenequipo.com.mx\/api\/wp\/v2\/posts\/251151\/revisions"}],"predecessor-version":[{"id":251153,"href":"https:\/\/www.sonoraenequipo.com.mx\/api\/wp\/v2\/posts\/251151\/revisions\/251153"}],"wp:featuredmedia":[{"embeddable":true,"href":"https:\/\/www.sonoraenequipo.com.mx\/api\/wp\/v2\/media\/251152"}],"wp:attachment":[{"href":"https:\/\/www.sonoraenequipo.com.mx\/api\/wp\/v2\/media?parent=251151"}],"wp:term":[{"taxonomy":"category","embeddable":true,"href":"https:\/\/www.sonoraenequipo.com.mx\/api\/wp\/v2\/categories?post=251151"},{"taxonomy":"post_tag","embeddable":true,"href":"https:\/\/www.sonoraenequipo.com.mx\/api\/wp\/v2\/tags?post=251151"}],"curies":[{"name":"wp","href":"https:\/\/api.w.org\/{rel}","templated":true}]}}