{"id":251163,"date":"2026-08-30T20:04:13","date_gmt":"2026-08-31T03:04:13","guid":{"rendered":"https:\/\/www.sonoraenequipo.com.mx\/?p=251163"},"modified":"2026-08-30T20:07:19","modified_gmt":"2026-08-31T03:07:19","slug":"mas-empleo-para-sonora-estrategia-de-durazo-incrementa-ocupacion-laboral-durante-segundo-trimestre-de-2026","status":"publish","type":"post","link":"https:\/\/www.sonoraenequipo.com.mx\/mas-empleo-para-sonora-estrategia-de-durazo-incrementa-ocupacion-laboral-durante-segundo-trimestre-de-2026\/","title":{"rendered":"M\u00e1s empleo para Sonora: estrategia de Durazo incrementa ocupaci\u00f3n laboral durante segundo trimestre de 2026"},"content":{"rendered":"<p><strong>HERMOSILLO, SONORA. MX. \u2014 <\/strong>Sonora avanza con paso firme en la estabilidad laboral y la generaci\u00f3n de empleos mejor remunerados que garanticen condiciones de mayor crecimiento econ\u00f3mico y bienestar para las familias sonorenses, al registrar una disminuci\u00f3n en la tasa de desocupaci\u00f3n durante el segundo trimestre de 2026, destac\u00f3 el gobernador Alfonso Durazo Monta\u00f1o.<\/p>\n<p>&nbsp;<\/p>\n<p>&nbsp;<\/p>\n<p> <\/p>\n<p>De acuerdo con cifras de la Encuesta Nacional de Ocupaci\u00f3n y Empleo (ENOE) del Instituto Nacional de Estad\u00edstica y Geograf\u00eda (Inegi), la tasa de desocupaci\u00f3n en Sonora se ubic\u00f3 en 2.76 por ciento durante el segundo trimestre del a\u00f1o, por debajo del 3.0 por ciento registrado durante los primeros tres meses de 2026.<\/p>\n<p>&nbsp;<\/p>\n<p>&nbsp;<\/p>\n<p>El gobernador Durazo Monta\u00f1o se\u00f1al\u00f3 que este comportamiento refleja el esfuerzo que se realiza para fortalecer la actividad econ\u00f3mica y generar mayores oportunidades para las y los sonorenses, a trav\u00e9s de una pol\u00edtica orientada a atraer inversiones, impulsar a los sectores productivos y promover empleos.<\/p>\n<p>&nbsp;<\/p>\n<p>&nbsp;<\/p>\n<p><em><strong>\u201cEn Sonora estamos trabajando para que el crecimiento econ\u00f3mico se traduzca en oportunidades y bienestar para las familias. La disminuci\u00f3n de la desocupaci\u00f3n nos indica que avanzamos en la direcci\u00f3n correcta y nos compromete a seguir generando condiciones para la inversi\u00f3n y el desarrollo de nuestro estado\u201d,<\/strong> <\/em>expres\u00f3.<\/p>\n<p>&nbsp;<\/p>\n<p>&nbsp;<\/p>\n<p>En materia de informalidad laboral, Sonora registr\u00f3 una tasa de 43.9 por ciento, cifra que coloca a la entidad en el octavo lugar nacional entre los estados con menor informalidad laboral, de acuerdo con los resultados correspondientes al segundo trimestre de 2026.<\/p>\n<p>&nbsp;<\/p>\n<p>&nbsp;<\/p>\n<p>El mandatario estatal destac\u00f3 que este indicador coloca a Sonora por debajo del promedio nacional en informalidad laboral y representa una fortaleza para continuar promoviendo empleos con mejores condiciones y mayor certidumbre para las familias.<\/p>\n<p>&nbsp;<\/p>\n<p><img loading=\"lazy\" decoding=\"async\" class=\"x-center  size-full\" src=\"https:\/\/www.sonoraenequipo.com.mx\/storage\/2026\/08\/estrategia-de-Durazo-incrementa-ocupacion-laboral-durante-segundo-trimestre-de-2026-1.jpg\" alt=\"\" width=\"1000\" height=\"665\" \/><\/p>\n<p>&nbsp;<\/p>\n<p>Durazo Monta\u00f1o reiter\u00f3 que su administraci\u00f3n mantendr\u00e1 como prioridad el fortalecimiento de la econom\u00eda estatal, aprovechando las ventajas competitivas de Sonora, su talento humano y su posici\u00f3n estrat\u00e9gica para atraer nuevas inversiones y generar oportunidades de desarrollo en todas las regiones de la entidad.<\/p>\n<p>&nbsp;<\/p>\n<p>&nbsp;<\/p>\n<p>&nbsp;<\/p>\n<p>PUBLICADO EL 30 DE AGOSTO 2026 Con informaci\u00f3n de GOBSON 0826\/300)<\/p>\n","protected":false},"excerpt":{"rendered":"<p>HERMOSILLO, SONORA. MX. \u2014 Sonora avanza con paso firme en la estabilidad laboral y la&#8230;<\/p>\n","protected":false},"author":1,"featured_media":251160,"comment_status":"open","ping_status":"open","sticky":false,"template":"","format":"standard","meta":{"_monsterinsights_skip_tracking":false,"_monsterinsights_sitenote_active":false,"_monsterinsights_sitenote_note":"","_monsterinsights_sitenote_category":0,"footnotes":""},"categories":[22],"tags":[],"class_list":["post"],"yoast_head":" \n<title>Sonora en Equipo. M\u00e1s empleo para Sonora: estrategia de Durazo incrementa ocupaci\u00f3n laboral durante segundo trimestre de 2026 Sonora<\/title>\n<meta name=\"description\" content=\"HERMOSILLO, SONORA. MX. \u2014 Sonora avanza con paso firme en la estabilidad laboral y la generaci\u00f3n de empleos mejor remunerados que garanticen condiciones En Sonora en Equipo publicamos toda la informaci\u00f3n de Sonora, M\u00e9xico y el Mundo de manera oportuna y busca que la libertad de expresi\u00f3n sea real. Visita nuestro medio informativo publicado desde Hermosillo, Sonora. %\" \/>\n<meta name=\"robots\" content=\"index, follow, max-snippet:-1, max-image-preview:large, max-video-preview:-1\" \/>\n<link rel=\"canonical\" href=\"https:\/\/www.sonoraenequipo.com.mx\/mas-empleo-para-sonora-estrategia-de-durazo-incrementa-ocupacion-laboral-durante-segundo-trimestre-de-2026\/\" \/>\n<meta property=\"og:locale\" content=\"es_ES\" \/>\n<meta property=\"og:type\" content=\"article\" \/>\n<meta property=\"og:title\" content=\"Sonora en Equipo. M\u00e1s empleo para Sonora: estrategia de Durazo incrementa ocupaci\u00f3n laboral durante segundo trimestre de 2026 Sonora\" \/>\n<meta property=\"og:description\" content=\"HERMOSILLO, SONORA. MX. \u2014 Sonora avanza con paso firme en la estabilidad laboral y la generaci\u00f3n de empleos mejor remunerados que garanticen condiciones En Sonora en Equipo publicamos toda la informaci\u00f3n de Sonora, M\u00e9xico y el Mundo de manera oportuna y busca que la libertad de expresi\u00f3n sea real. Visita nuestro medio informativo publicado desde Hermosillo, Sonora. %\" \/>\n<meta property=\"og:url\" content=\"https:\/\/www.sonoraenequipo.com.mx\/mas-empleo-para-sonora-estrategia-de-durazo-incrementa-ocupacion-laboral-durante-segundo-trimestre-de-2026\/\" \/>\n<meta property=\"og:site_name\" content=\"Sonora en Equipo.\" \/>\n<meta property=\"article:publisher\" content=\"https:\/\/www.facebook.com\/SonoraEE\/\" \/>\n<meta property=\"article:author\" content=\"https:\/\/www.facebook.com\/SonoraEE\" \/>\n<meta property=\"article:published_time\" content=\"2026-08-31T03:04:13+00:00\" \/>\n<meta property=\"article:modified_time\" content=\"2026-08-31T03:07:19+00:00\" \/>\n<meta property=\"og:image\" content=\"https:\/\/www.sonoraenequipo.com.mx\/storage\/2026\/08\/estrategia-de-Durazo-incrementa-ocupacion-laboral-durante-segundo-trimestre-de-2026.-1.jpg\" \/>\n\t<meta property=\"og:image:width\" content=\"1000\" \/>\n\t<meta property=\"og:image:height\" content=\"597\" \/>\n\t<meta property=\"og:image:type\" content=\"image\/jpeg\" \/>\n<meta name=\"author\" content=\"enequipo\" \/>\n<meta name=\"twitter:card\" content=\"summary_large_image\" \/>\n<meta name=\"twitter:creator\" content=\"@sonoraenequipo\" \/>\n<meta name=\"twitter:site\" content=\"@sonoraenequipo\" \/>\n<meta name=\"twitter:label1\" content=\"Escrito por\" \/>\n\t<meta name=\"twitter:data1\" content=\"enequipo\" \/>\n\t<meta name=\"twitter:label2\" content=\"Tiempo de lectura\" \/>\n\t<meta name=\"twitter:data2\" content=\"2 minutos\" \/>\n<script type=\"application\/ld+json\" class=\"yoast-schema-graph\">{\"@context\":\"https:\/\/schema.org\",\"@graph\":[{\"@type\":\"Article\",\"@id\":\"https:\/\/www.sonoraenequipo.com.mx\/mas-empleo-para-sonora-estrategia-de-durazo-incrementa-ocupacion-laboral-durante-segundo-trimestre-de-2026\/#article\",\"isPartOf\":{\"@id\":\"https:\/\/www.sonoraenequipo.com.mx\/mas-empleo-para-sonora-estrategia-de-durazo-incrementa-ocupacion-laboral-durante-segundo-trimestre-de-2026\/\"},\"author\":{\"name\":\"enequipo\",\"@id\":\"https:\/\/www.sonoraenequipo.com.mx\/#\/schema\/person\/50102df0fb23a8fa9e8effad8fa81386\"},\"headline\":\"M\u00e1s empleo para Sonora: estrategia de Durazo incrementa ocupaci\u00f3n laboral durante segundo trimestre de 2026\",\"datePublished\":\"2026-08-31T03:04:13+00:00\",\"dateModified\":\"2026-08-31T03:07:19+00:00\",\"mainEntityOfPage\":{\"@id\":\"https:\/\/www.sonoraenequipo.com.mx\/mas-empleo-para-sonora-estrategia-de-durazo-incrementa-ocupacion-laboral-durante-segundo-trimestre-de-2026\/\"},\"wordCount\":379,\"commentCount\":0,\"publisher\":{\"@id\":\"https:\/\/www.sonoraenequipo.com.mx\/#organization\"},\"image\":{\"@id\":\"https:\/\/www.sonoraenequipo.com.mx\/mas-empleo-para-sonora-estrategia-de-durazo-incrementa-ocupacion-laboral-durante-segundo-trimestre-de-2026\/#primaryimage\"},\"thumbnailUrl\":\"https:\/\/www.sonoraenequipo.com.mx\/storage\/2026\/08\/estrategia-de-Durazo-incrementa-ocupacion-laboral-durante-segundo-trimestre-de-2026.-1.jpg\",\"articleSection\":[\"Sonora\"],\"inLanguage\":\"es\",\"potentialAction\":[{\"@type\":\"CommentAction\",\"name\":\"Comment\",\"target\":[\"https:\/\/www.sonoraenequipo.com.mx\/mas-empleo-para-sonora-estrategia-de-durazo-incrementa-ocupacion-laboral-durante-segundo-trimestre-de-2026\/#respond\"]}]},{\"@type\":\"WebPage\",\"@id\":\"https:\/\/www.sonoraenequipo.com.mx\/mas-empleo-para-sonora-estrategia-de-durazo-incrementa-ocupacion-laboral-durante-segundo-trimestre-de-2026\/\",\"url\":\"https:\/\/www.sonoraenequipo.com.mx\/mas-empleo-para-sonora-estrategia-de-durazo-incrementa-ocupacion-laboral-durante-segundo-trimestre-de-2026\/\",\"name\":\"Sonora en Equipo. M\u00e1s empleo para Sonora: estrategia de Durazo incrementa ocupaci\u00f3n laboral durante segundo trimestre de 2026 Sonora\",\"isPartOf\":{\"@id\":\"https:\/\/www.sonoraenequipo.com.mx\/#website\"},\"primaryImageOfPage\":{\"@id\":\"https:\/\/www.sonoraenequipo.com.mx\/mas-empleo-para-sonora-estrategia-de-durazo-incrementa-ocupacion-laboral-durante-segundo-trimestre-de-2026\/#primaryimage\"},\"image\":{\"@id\":\"https:\/\/www.sonoraenequipo.com.mx\/mas-empleo-para-sonora-estrategia-de-durazo-incrementa-ocupacion-laboral-durante-segundo-trimestre-de-2026\/#primaryimage\"},\"thumbnailUrl\":\"https:\/\/www.sonoraenequipo.com.mx\/storage\/2026\/08\/estrategia-de-Durazo-incrementa-ocupacion-laboral-durante-segundo-trimestre-de-2026.-1.jpg\",\"datePublished\":\"2026-08-31T03:04:13+00:00\",\"dateModified\":\"2026-08-31T03:07:19+00:00\",\"description\":\"HERMOSILLO, SONORA. MX. \u2014 Sonora avanza con paso firme en la estabilidad laboral y la generaci\u00f3n de empleos mejor remunerados que garanticen condiciones En Sonora en Equipo publicamos toda la informaci\u00f3n de Sonora, M\u00e9xico y el Mundo de manera oportuna y busca que la libertad de expresi\u00f3n sea real. Visita nuestro medio informativo publicado desde Hermosillo, Sonora. %\",\"breadcrumb\":{\"@id\":\"https:\/\/www.sonoraenequipo.com.mx\/mas-empleo-para-sonora-estrategia-de-durazo-incrementa-ocupacion-laboral-durante-segundo-trimestre-de-2026\/#breadcrumb\"},\"inLanguage\":\"es\",\"potentialAction\":[{\"@type\":\"ReadAction\",\"target\":[\"https:\/\/www.sonoraenequipo.com.mx\/mas-empleo-para-sonora-estrategia-de-durazo-incrementa-ocupacion-laboral-durante-segundo-trimestre-de-2026\/\"]}]},{\"@type\":\"ImageObject\",\"inLanguage\":\"es\",\"@id\":\"https:\/\/www.sonoraenequipo.com.mx\/mas-empleo-para-sonora-estrategia-de-durazo-incrementa-ocupacion-laboral-durante-segundo-trimestre-de-2026\/#primaryimage\",\"url\":\"https:\/\/www.sonoraenequipo.com.mx\/storage\/2026\/08\/estrategia-de-Durazo-incrementa-ocupacion-laboral-durante-segundo-trimestre-de-2026.-1.jpg\",\"contentUrl\":\"https:\/\/www.sonoraenequipo.com.mx\/storage\/2026\/08\/estrategia-de-Durazo-incrementa-ocupacion-laboral-durante-segundo-trimestre-de-2026.-1.jpg\",\"width\":1000,\"height\":597},{\"@type\":\"BreadcrumbList\",\"@id\":\"https:\/\/www.sonoraenequipo.com.mx\/mas-empleo-para-sonora-estrategia-de-durazo-incrementa-ocupacion-laboral-durante-segundo-trimestre-de-2026\/#breadcrumb\",\"itemListElement\":[{\"@type\":\"ListItem\",\"position\":1,\"name\":\"Portada\",\"item\":\"https:\/\/www.sonoraenequipo.com.mx\/\"},{\"@type\":\"ListItem\",\"position\":2,\"name\":\"M\u00e1s empleo para Sonora: estrategia de Durazo incrementa ocupaci\u00f3n laboral durante segundo trimestre de 2026\"}]},{\"@type\":\"WebSite\",\"@id\":\"https:\/\/www.sonoraenequipo.com.mx\/#website\",\"url\":\"https:\/\/www.sonoraenequipo.com.mx\/\",\"name\":\"Sonora en Equipo.\",\"description\":\"Diario en l\u00ednea con Noticias desde Hermosillo, Sonora\",\"publisher\":{\"@id\":\"https:\/\/www.sonoraenequipo.com.mx\/#organization\"},\"potentialAction\":[{\"@type\":\"SearchAction\",\"target\":{\"@type\":\"EntryPoint\",\"urlTemplate\":\"https:\/\/www.sonoraenequipo.com.mx\/?s={search_term_string}\"},\"query-input\":{\"@type\":\"PropertyValueSpecification\",\"valueRequired\":true,\"valueName\":\"search_term_string\"}}],\"inLanguage\":\"es\"},{\"@type\":\"Organization\",\"@id\":\"https:\/\/www.sonoraenequipo.com.mx\/#organization\",\"name\":\"Sonoraenequipo.com.mx\",\"url\":\"https:\/\/www.sonoraenequipo.com.mx\/\",\"logo\":{\"@type\":\"ImageObject\",\"inLanguage\":\"es\",\"@id\":\"https:\/\/www.sonoraenequipo.com.mx\/#\/schema\/logo\/image\/\",\"url\":\"https:\/\/www.sonoraenequipo.com.mx\/storage\/2019\/01\/sonoraenequipo_opt.png\",\"contentUrl\":\"https:\/\/www.sonoraenequipo.com.mx\/storage\/2019\/01\/sonoraenequipo_opt.png\",\"width\":375,\"height\":125,\"caption\":\"Sonoraenequipo.com.mx\"},\"image\":{\"@id\":\"https:\/\/www.sonoraenequipo.com.mx\/#\/schema\/logo\/image\/\"},\"sameAs\":[\"https:\/\/www.facebook.com\/SonoraEE\/\",\"https:\/\/x.com\/sonoraenequipo\",\"https:\/\/www.youtube.com\/channel\/UC338nW-lPEYmJQs4ZABQ1SQ\"]},{\"@type\":\"Person\",\"@id\":\"https:\/\/www.sonoraenequipo.com.mx\/#\/schema\/person\/50102df0fb23a8fa9e8effad8fa81386\",\"name\":\"enequipo\",\"image\":{\"@type\":\"ImageObject\",\"inLanguage\":\"es\",\"@id\":\"https:\/\/www.sonoraenequipo.com.mx\/#\/schema\/person\/image\/\",\"url\":\"https:\/\/secure.gravatar.com\/avatar\/049821681b589dabc0bc20695993ccebb09f5b5d4d790cd9251b97faac7c652b?s=96&d=blank&r=g\",\"contentUrl\":\"https:\/\/secure.gravatar.com\/avatar\/049821681b589dabc0bc20695993ccebb09f5b5d4d790cd9251b97faac7c652b?s=96&d=blank&r=g\",\"caption\":\"enequipo\"},\"sameAs\":[\"https:\/\/www.facebook.com\/SonoraEE\"]}]}<\/script>\n ","yoast_head_json":{"title":"Sonora en Equipo. M\u00e1s empleo para Sonora: estrategia de Durazo incrementa ocupaci\u00f3n laboral durante segundo trimestre de 2026 Sonora","description":"HERMOSILLO, SONORA. MX. \u2014 Sonora avanza con paso firme en la estabilidad laboral y la generaci\u00f3n de empleos mejor remunerados que garanticen condiciones En Sonora en Equipo publicamos toda la informaci\u00f3n de Sonora, M\u00e9xico y el Mundo de manera oportuna y busca que la libertad de expresi\u00f3n sea real. Visita nuestro medio informativo publicado desde Hermosillo, Sonora. %","robots":{"index":"index","follow":"follow","max-snippet":"max-snippet:-1","max-image-preview":"max-image-preview:large","max-video-preview":"max-video-preview:-1"},"canonical":"https:\/\/www.sonoraenequipo.com.mx\/mas-empleo-para-sonora-estrategia-de-durazo-incrementa-ocupacion-laboral-durante-segundo-trimestre-de-2026\/","og_locale":"es_ES","og_type":"article","og_title":"Sonora en Equipo. M\u00e1s empleo para Sonora: estrategia de Durazo incrementa ocupaci\u00f3n laboral durante segundo trimestre de 2026 Sonora","og_description":"HERMOSILLO, SONORA. MX. \u2014 Sonora avanza con paso firme en la estabilidad laboral y la generaci\u00f3n de empleos mejor remunerados que garanticen condiciones En Sonora en Equipo publicamos toda la informaci\u00f3n de Sonora, M\u00e9xico y el Mundo de manera oportuna y busca que la libertad de expresi\u00f3n sea real. Visita nuestro medio informativo publicado desde Hermosillo, Sonora. %","og_url":"https:\/\/www.sonoraenequipo.com.mx\/mas-empleo-para-sonora-estrategia-de-durazo-incrementa-ocupacion-laboral-durante-segundo-trimestre-de-2026\/","og_site_name":"Sonora en Equipo.","article_publisher":"https:\/\/www.facebook.com\/SonoraEE\/","article_author":"https:\/\/www.facebook.com\/SonoraEE","article_published_time":"2026-08-31T03:04:13+00:00","article_modified_time":"2026-08-31T03:07:19+00:00","og_image":[{"width":1000,"height":597,"url":"https:\/\/www.sonoraenequipo.com.mx\/storage\/2026\/08\/estrategia-de-Durazo-incrementa-ocupacion-laboral-durante-segundo-trimestre-de-2026.-1.jpg","type":"image\/jpeg"}],"author":"enequipo","twitter_card":"summary_large_image","twitter_creator":"@sonoraenequipo","twitter_site":"@sonoraenequipo","twitter_misc":{"Escrito por":"enequipo","Tiempo de lectura":"2 minutos"},"schema":{"@context":"https:\/\/schema.org","@graph":[{"@type":"Article","@id":"https:\/\/www.sonoraenequipo.com.mx\/mas-empleo-para-sonora-estrategia-de-durazo-incrementa-ocupacion-laboral-durante-segundo-trimestre-de-2026\/#article","isPartOf":{"@id":"https:\/\/www.sonoraenequipo.com.mx\/mas-empleo-para-sonora-estrategia-de-durazo-incrementa-ocupacion-laboral-durante-segundo-trimestre-de-2026\/"},"author":{"name":"enequipo","@id":"https:\/\/www.sonoraenequipo.com.mx\/#\/schema\/person\/50102df0fb23a8fa9e8effad8fa81386"},"headline":"M\u00e1s empleo para Sonora: estrategia de Durazo incrementa ocupaci\u00f3n laboral durante segundo trimestre de 2026","datePublished":"2026-08-31T03:04:13+00:00","dateModified":"2026-08-31T03:07:19+00:00","mainEntityOfPage":{"@id":"https:\/\/www.sonoraenequipo.com.mx\/mas-empleo-para-sonora-estrategia-de-durazo-incrementa-ocupacion-laboral-durante-segundo-trimestre-de-2026\/"},"wordCount":379,"commentCount":0,"publisher":{"@id":"https:\/\/www.sonoraenequipo.com.mx\/#organization"},"image":{"@id":"https:\/\/www.sonoraenequipo.com.mx\/mas-empleo-para-sonora-estrategia-de-durazo-incrementa-ocupacion-laboral-durante-segundo-trimestre-de-2026\/#primaryimage"},"thumbnailUrl":"https:\/\/www.sonoraenequipo.com.mx\/storage\/2026\/08\/estrategia-de-Durazo-incrementa-ocupacion-laboral-durante-segundo-trimestre-de-2026.-1.jpg","articleSection":["Sonora"],"inLanguage":"es","potentialAction":[{"@type":"CommentAction","name":"Comment","target":["https:\/\/www.sonoraenequipo.com.mx\/mas-empleo-para-sonora-estrategia-de-durazo-incrementa-ocupacion-laboral-durante-segundo-trimestre-de-2026\/#respond"]}]},{"@type":"WebPage","@id":"https:\/\/www.sonoraenequipo.com.mx\/mas-empleo-para-sonora-estrategia-de-durazo-incrementa-ocupacion-laboral-durante-segundo-trimestre-de-2026\/","url":"https:\/\/www.sonoraenequipo.com.mx\/mas-empleo-para-sonora-estrategia-de-durazo-incrementa-ocupacion-laboral-durante-segundo-trimestre-de-2026\/","name":"Sonora en Equipo. M\u00e1s empleo para Sonora: estrategia de Durazo incrementa ocupaci\u00f3n laboral durante segundo trimestre de 2026 Sonora","isPartOf":{"@id":"https:\/\/www.sonoraenequipo.com.mx\/#website"},"primaryImageOfPage":{"@id":"https:\/\/www.sonoraenequipo.com.mx\/mas-empleo-para-sonora-estrategia-de-durazo-incrementa-ocupacion-laboral-durante-segundo-trimestre-de-2026\/#primaryimage"},"image":{"@id":"https:\/\/www.sonoraenequipo.com.mx\/mas-empleo-para-sonora-estrategia-de-durazo-incrementa-ocupacion-laboral-durante-segundo-trimestre-de-2026\/#primaryimage"},"thumbnailUrl":"https:\/\/www.sonoraenequipo.com.mx\/storage\/2026\/08\/estrategia-de-Durazo-incrementa-ocupacion-laboral-durante-segundo-trimestre-de-2026.-1.jpg","datePublished":"2026-08-31T03:04:13+00:00","dateModified":"2026-08-31T03:07:19+00:00","description":"HERMOSILLO, SONORA. MX. \u2014 Sonora avanza con paso firme en la estabilidad laboral y la generaci\u00f3n de empleos mejor remunerados que garanticen condiciones En Sonora en Equipo publicamos toda la informaci\u00f3n de Sonora, M\u00e9xico y el Mundo de manera oportuna y busca que la libertad de expresi\u00f3n sea real. Visita nuestro medio informativo publicado desde Hermosillo, Sonora. %","breadcrumb":{"@id":"https:\/\/www.sonoraenequipo.com.mx\/mas-empleo-para-sonora-estrategia-de-durazo-incrementa-ocupacion-laboral-durante-segundo-trimestre-de-2026\/#breadcrumb"},"inLanguage":"es","potentialAction":[{"@type":"ReadAction","target":["https:\/\/www.sonoraenequipo.com.mx\/mas-empleo-para-sonora-estrategia-de-durazo-incrementa-ocupacion-laboral-durante-segundo-trimestre-de-2026\/"]}]},{"@type":"ImageObject","inLanguage":"es","@id":"https:\/\/www.sonoraenequipo.com.mx\/mas-empleo-para-sonora-estrategia-de-durazo-incrementa-ocupacion-laboral-durante-segundo-trimestre-de-2026\/#primaryimage","url":"https:\/\/www.sonoraenequipo.com.mx\/storage\/2026\/08\/estrategia-de-Durazo-incrementa-ocupacion-laboral-durante-segundo-trimestre-de-2026.-1.jpg","contentUrl":"https:\/\/www.sonoraenequipo.com.mx\/storage\/2026\/08\/estrategia-de-Durazo-incrementa-ocupacion-laboral-durante-segundo-trimestre-de-2026.-1.jpg","width":1000,"height":597},{"@type":"BreadcrumbList","@id":"https:\/\/www.sonoraenequipo.com.mx\/mas-empleo-para-sonora-estrategia-de-durazo-incrementa-ocupacion-laboral-durante-segundo-trimestre-de-2026\/#breadcrumb","itemListElement":[{"@type":"ListItem","position":1,"name":"Portada","item":"https:\/\/www.sonoraenequipo.com.mx\/"},{"@type":"ListItem","position":2,"name":"M\u00e1s empleo para Sonora: estrategia de Durazo incrementa ocupaci\u00f3n laboral durante segundo trimestre de 2026"}]},{"@type":"WebSite","@id":"https:\/\/www.sonoraenequipo.com.mx\/#website","url":"https:\/\/www.sonoraenequipo.com.mx\/","name":"Sonora en Equipo.","description":"Diario en l\u00ednea con Noticias desde Hermosillo, Sonora","publisher":{"@id":"https:\/\/www.sonoraenequipo.com.mx\/#organization"},"potentialAction":[{"@type":"SearchAction","target":{"@type":"EntryPoint","urlTemplate":"https:\/\/www.sonoraenequipo.com.mx\/?s={search_term_string}"},"query-input":{"@type":"PropertyValueSpecification","valueRequired":true,"valueName":"search_term_string"}}],"inLanguage":"es"},{"@type":"Organization","@id":"https:\/\/www.sonoraenequipo.com.mx\/#organization","name":"Sonoraenequipo.com.mx","url":"https:\/\/www.sonoraenequipo.com.mx\/","logo":{"@type":"ImageObject","inLanguage":"es","@id":"https:\/\/www.sonoraenequipo.com.mx\/#\/schema\/logo\/image\/","url":"https:\/\/www.sonoraenequipo.com.mx\/storage\/2019\/01\/sonoraenequipo_opt.png","contentUrl":"https:\/\/www.sonoraenequipo.com.mx\/storage\/2019\/01\/sonoraenequipo_opt.png","width":375,"height":125,"caption":"Sonoraenequipo.com.mx"},"image":{"@id":"https:\/\/www.sonoraenequipo.com.mx\/#\/schema\/logo\/image\/"},"sameAs":["https:\/\/www.facebook.com\/SonoraEE\/","https:\/\/x.com\/sonoraenequipo","https:\/\/www.youtube.com\/channel\/UC338nW-lPEYmJQs4ZABQ1SQ"]},{"@type":"Person","@id":"https:\/\/www.sonoraenequipo.com.mx\/#\/schema\/person\/50102df0fb23a8fa9e8effad8fa81386","name":"enequipo","image":{"@type":"ImageObject","inLanguage":"es","@id":"https:\/\/www.sonoraenequipo.com.mx\/#\/schema\/person\/image\/","url":"https:\/\/secure.gravatar.com\/avatar\/049821681b589dabc0bc20695993ccebb09f5b5d4d790cd9251b97faac7c652b?s=96&d=blank&r=g","contentUrl":"https:\/\/secure.gravatar.com\/avatar\/049821681b589dabc0bc20695993ccebb09f5b5d4d790cd9251b97faac7c652b?s=96&d=blank&r=g","caption":"enequipo"},"sameAs":["https:\/\/www.facebook.com\/SonoraEE"]}]}},"jetpack_featured_media_url":"https:\/\/www.sonoraenequipo.com.mx\/storage\/2026\/08\/estrategia-de-Durazo-incrementa-ocupacion-laboral-durante-segundo-trimestre-de-2026.-1.jpg","_links":{"self":[{"href":"https:\/\/www.sonoraenequipo.com.mx\/api\/wp\/v2\/posts\/251163","targetHints":{"allow":["GET"]}}],"collection":[{"href":"https:\/\/www.sonoraenequipo.com.mx\/api\/wp\/v2\/posts"}],"about":[{"href":"https:\/\/www.sonoraenequipo.com.mx\/api\/wp\/v2\/types\/post"}],"author":[{"embeddable":true,"href":"https:\/\/www.sonoraenequipo.com.mx\/api\/wp\/v2\/users\/1"}],"replies":[{"embeddable":true,"href":"https:\/\/www.sonoraenequipo.com.mx\/api\/wp\/v2\/comments?post=251163"}],"version-history":[{"count":3,"href":"https:\/\/www.sonoraenequipo.com.mx\/api\/wp\/v2\/posts\/251163\/revisions"}],"predecessor-version":[{"id":251166,"href":"https:\/\/www.sonoraenequipo.com.mx\/api\/wp\/v2\/posts\/251163\/revisions\/251166"}],"wp:featuredmedia":[{"embeddable":true,"href":"https:\/\/www.sonoraenequipo.com.mx\/api\/wp\/v2\/media\/251160"}],"wp:attachment":[{"href":"https:\/\/www.sonoraenequipo.com.mx\/api\/wp\/v2\/media?parent=251163"}],"wp:term":[{"taxonomy":"category","embeddable":true,"href":"https:\/\/www.sonoraenequipo.com.mx\/api\/wp\/v2\/categories?post=251163"},{"taxonomy":"post_tag","embeddable":true,"href":"https:\/\/www.sonoraenequipo.com.mx\/api\/wp\/v2\/tags?post=251163"}],"curies":[{"name":"wp","href":"https:\/\/api.w.org\/{rel}","templated":true}]}}