{"id":251170,"date":"2026-08-31T08:40:51","date_gmt":"2026-08-31T15:40:51","guid":{"rendered":"https:\/\/www.sonoraenequipo.com.mx\/?p=251170"},"modified":"2026-08-31T10:10:39","modified_gmt":"2026-08-31T17:10:39","slug":"dan-giro-al-caso-ayotzinapa-20-bolsas-con-restos-y-un-crematorio-clandestino","status":"publish","type":"post","link":"https:\/\/www.sonoraenequipo.com.mx\/dan-giro-al-caso-ayotzinapa-20-bolsas-con-restos-y-un-crematorio-clandestino\/","title":{"rendered":"Dan giro al caso Ayotzinapa 20 bolsas con restos y un crematorio clandestino"},"content":{"rendered":"<p><strong>CIUDAD DE M\u00c9XICO. MX. \u2014<\/strong> Los restos humanos \u2013en proceso de estudio\u2013 hallados en m\u00e1s de una veintena de bolsas, conocidas como \u201cpetrosas\u201d debido a su dureza y a que fueron sometidas a altas temperaturas, encontradas en el basurero de Cocula y en el r\u00edo San Joaqu\u00edn, son parte de un conjunto de \u201cmuch\u00edsimos\u201d fragmentos corporales rescatados dentro y fuera de la funeraria El \u00c1ngel, en Iguala, Guerrero. \u00c9stos no fueron tomados en cuenta por las investigaciones y, seg\u00fan las pesquisas m\u00e1s recientes de la Fiscal\u00eda General de la Rep\u00fablica, se consideran un factor que podr\u00eda impulsar un vuelco profundo en toda la narrativa sobre la desaparici\u00f3n de los j\u00f3venes de Ayotzinapa.<\/p>\n<p>&nbsp;<\/p>\n<p>&nbsp;<\/p>\n<p>&nbsp;<\/p>\n<p> <\/p>\n<p>La omisi\u00f3n de esos elementos, posiblemente probatorios de lo que sucedi\u00f3 en la noche de Iguala, podr\u00eda haber pervertido toda la investigaci\u00f3n y es por ello que hoy se encuentran bajo estudios rigurosos. Un grupo de investigadores forenses se ha dado a la tarea de averiguar cu\u00e1les son las pruebas que no se quisieron analizar en los estudios anteriores.<\/p>\n<p>&nbsp;<\/p>\n<p>&nbsp;<\/p>\n<p>Algunas de esas \u201cpetrosas\u201d, que fueron halladas durante todo el tiempo de la investigaci\u00f3n en varios lugares, estuvieron a la vista de los expertos del Grupo Interdisciplinario de Expertos Independientes (GIEI) y de los organismos civiles involucrados en el caso, pero a ninguno le pareci\u00f3 relevante el hecho y fueron desestimadas, porque, seg\u00fan se dice, podr\u00edan apoyar a la llamada \u201cverdad hist\u00f3rica\u201d, que se niegan a aceptar los organismos representantes de los padres de las v\u00edctimas de la \u201cnoche de Iguala\u201d.<\/p>\n<p>&nbsp;<\/p>\n<p>&nbsp;<\/p>\n<p>Muchos de los restos humanos fueron hallados en la misma funeraria y, otros tantos, en varios lugares de Iguala. Muchas de esas osamentas se encuentran en m\u00e1s de 20 \u201cpetrosas\u201d que han sido desenterradas y, puede decirse, apenas se encuentran en estudio, sin que hasta el momento se tengan resultados que confirmen si pertenecen a los 43 desaparecidos.<\/p>\n<p>&nbsp;<\/p>\n<p>&nbsp;<\/p>\n<p>Cabe recordar que la funeraria ten\u00eda el control \u2013como concesi\u00f3n del gobierno\u2013 del Servicio M\u00e9dico Forense desde 2011, primer a\u00f1o de gobierno de \u00c1ngel Aguirre Rivero, y contaba tambi\u00e9n con tres hornos crematorios; uno de ellos operaba de forma clandestina y no ten\u00eda registro oficial. Hoy, la funeraria es, quiz\u00e1, el punto m\u00e1s importante de las nuevas l\u00edneas de investigaci\u00f3n.<\/p>\n<p>&nbsp;<\/p>\n<p>&nbsp;<\/p>\n<p>La primera bolsa hallada en el basurero de Cocula estuvo en manos de los investigadores y tambi\u00e9n del aparato de gobierno que supuestamente buscaba esclarecer la desaparici\u00f3n de los 43. No hay, en el trabajo de los expertos de aquel entonces ni en el de los gobiernos, tanto del Partido Revolucionario Institucional (PRI) como de Morena, a quienes correspond\u00eda realizar las indagatorias, mayor profundidad en cuanto a los restos hallados en las bolsas.<\/p>\n<p>&nbsp;<\/p>\n<p>&nbsp;<\/p>\n<p>Los relatos de algunos de los padres aseguran que los representantes, en general, decidieron no pedir mayores datos sobre lo que conten\u00edan las \u201cpetrosas\u201d, determinaci\u00f3n que fue apoyada por ellos. La primera bolsa con restos apareci\u00f3 en el mismo 2014 y, aunque se exigi\u00f3 que fueran analizados por peritos extranjeros, hasta ahora no se tiene ning\u00fan resultado de las pesquisas.<\/p>\n<p>&nbsp;<\/p>\n<p>&nbsp;<\/p>\n<p>Al escuchar los relatos de gente involucrada en las investigaciones, llama la atenci\u00f3n c\u00f3mo advierten que la primera bolsa, etiquetada con restos al parecer humanos, pas\u00f3 a\u00f1os \u201cguardada\u201d en el crematorio clandestino anexo a la funeraria, sin que se le diera la importancia que hoy tiene para las autoridades encargadas de seguir el caso.<\/p>\n<p>&nbsp;<\/p>\n<p>&nbsp;<\/p>\n<p>Las m\u00e1s de 20 bolsas con restos, hasta donde logramos saber, han sido sometidas ahora a un conjunto de an\u00e1lisis de laboratorio para tratar de probar cient\u00edficamente a qui\u00e9n pertenec\u00edan.<\/p>\n<p>&nbsp;<\/p>\n<p>&nbsp;<\/p>\n<p>Lo que cada vez es m\u00e1s dif\u00edcil de aclarar en la investigaci\u00f3n es por qu\u00e9 se pas\u00f3 por alto, o por qu\u00e9 no se quiso indagar m\u00e1s sobre las bolsas y su contenido. La versi\u00f3n de que no se quiere dar ninguna credibilidad a la llamada \u201cverdad hist\u00f3rica\u201d es la que m\u00e1s suena, pero para los investigadores actuales es necesario intensificar la b\u00fasqueda en cada metro de la funeraria, porque existe la sospecha de que a\u00fan hay \u201cpetrosas\u201d enterradas.<\/p>\n<p>&nbsp;<\/p>\n<p>&nbsp;<\/p>\n<p>As\u00ed las cosas, el gobierno de la presidenta Claudia Sheinbaum, comprometido con las investigaciones, ha tenido que enfrentar la estructura de una red de complicidades, a\u00fan no denunciadas, que invisibiliz\u00f3 una serie de pruebas y datos que podr\u00edan haber dado luz al caso y que quedaron al descubierto con el repaso que la Fiscal\u00eda General de la Rep\u00fablica hizo sobre declaraciones y elementos que fueron ignorados o desechados y que hoy parecen gritar nombres, como el de Aguirre Rivero, que han permanecido en la impunidad.<\/p>\n<p>&nbsp;<\/p>\n<h3>Relaciones pol\u00edticas ignoradas<\/h3>\n<p>&nbsp;<\/p>\n<p>Las revelaciones dadas a conocer en los d\u00edas recientes advierten del caso omiso, o de un posible acuerdo entre personajes con influencia pol\u00edtica, que hicieron inmune a gente involucrada, como el caso del entonces gobernador \u00c1ngel Aguirre, y en el que el Partido de la Revoluci\u00f3n Democr\u00e1tica (PRD) se convierte en el v\u00e9rtice de todas las complicidades, advierten los datos obtenidos por este diario y que, seg\u00fan las fuentes, se hallan en las declaraciones, principalmente de los padres de los desaparecidos, recabadas por las autoridades involucradas en el caso.<\/p>\n<p>&nbsp;<\/p>\n<p>&nbsp;<\/p>\n<p>Pero en la cadena no est\u00e1 solo el PRD; ah\u00ed se unen la Comisi\u00f3n Interamericana de Derechos Humanos, el grupo de expertos conocido como GIEI y algunos entes de la estructura de los poderosos organismos civiles, que no hallaron, ni en las pruebas ni en las declaraciones, nada que pudiera conducir las pesquisas hacia algunos personajes del poder civil.<\/p>\n<p>&nbsp;<\/p>\n<p>&nbsp;<\/p>\n<p>Para establecer estos v\u00ednculos es necesario recordar que la corriente perredista Nueva Izquierda \u2013cuyos principales dirigentes, Jes\u00fas Ortega y Jes\u00fas Zambrano\u2013 particip\u00f3 directamente, dicen las cr\u00f3nicas del momento, en la construcci\u00f3n de la candidatura de \u00c1ngel Aguirre, un pri\u00edsta cuyo mandato se dio en sustituci\u00f3n de Rub\u00e9n Figueroa, quien sali\u00f3 del gobierno en 1996 en medio de una crisis social provocada por la matanza de Aguas Blancas, un poblado de la Costa Grande, en el municipio de Coyuca de Ben\u00edtez, en la que murieron 17 campesinos a manos de la polic\u00eda estatal.<\/p>\n<p>&nbsp;<\/p>\n<p>&nbsp;<\/p>\n<p>A\u00f1os despu\u00e9s, desechado por el PRI, que prefiri\u00f3 dar la candidatura del estado a Manuel A\u00f1orve, Aguirre busca un segundo mandato y, arropado por el grupo perredista de Nueva Izquierda, se convierte en el candidato ganador de las elecciones para gobernador, triunfo que llegaba acompa\u00f1ado del de Jos\u00e9 Luis Abarca para la alcald\u00eda de Iguala. \u00c1ngel Aguirre dej\u00f3 el puesto despu\u00e9s de los hechos en los que desaparecen los 43 estudiantes de Ayotzinapa.<\/p>\n<p>&nbsp;<\/p>\n<p>&nbsp;<\/p>\n<p>No es posible omitir el hecho de que, tanto en Aguas Blancas como en Ayotzinapa, la polic\u00eda local fue se\u00f1alada como la pieza principal, o la \u00fanica, en la represi\u00f3n sucedida.<\/p>\n<p>&nbsp;<\/p>\n<p>&nbsp;<\/p>\n<p>Lo anterior es uno de los tres ejes en los que se desarroll\u00f3 la investigaci\u00f3n, en la que, seg\u00fan se establece, Aguirre Rivero y Jos\u00e9 Luis Abarca est\u00e1n vinculados en la estructura pol\u00edtica que mov\u00eda los hilos del poder en Guerrero desde antes de los hechos de la noche de Iguala.<\/p>\n<p>&nbsp;<\/p>\n<p>&nbsp;<\/p>\n<p>Las investigaciones no paran. Seg\u00fan quienes intentan saber qu\u00e9 sucedi\u00f3 aquella noche del 26 al 27 de septiembre de hace casi 12 a\u00f1os, a\u00fan hay elementos que no han sido analizados y que podr\u00edan establecer nuevas hip\u00f3tesis.<\/p>\n<p>&nbsp;<\/p>\n<p>&nbsp;<\/p>\n<p>Lo que s\u00ed est\u00e1 claro entre todos es que es muy dif\u00edcil, despu\u00e9s de tanto tiempo y tantas intervenciones \u201cperversas\u201d, que pueda saberse con exactitud el paradero de los 43 estudiantes, pero est\u00e1n seguros de que los culpables pagar\u00e1n.<\/p>\n<p>&nbsp;<\/p>\n<p>PUBLICADO EL 31 AGOSTO 2026 Con informaci\u00f3n de Miguel \u00c1ngel Vel\u00e1zquez)<\/p>\n","protected":false},"excerpt":{"rendered":"<p>CIUDAD DE M\u00c9XICO. MX. \u2014 Los restos humanos \u2013en proceso de estudio\u2013 hallados en m\u00e1s&#8230;<\/p>\n","protected":false},"author":1,"featured_media":251171,"comment_status":"open","ping_status":"open","sticky":false,"template":"","format":"standard","meta":{"_monsterinsights_skip_tracking":false,"_monsterinsights_sitenote_active":false,"_monsterinsights_sitenote_note":"","_monsterinsights_sitenote_category":0,"footnotes":""},"categories":[5],"tags":[],"class_list":["post"],"yoast_head":" \n<title>Sonora en Equipo. Dan giro al caso Ayotzinapa 20 bolsas con restos y un crematorio clandestino Rep\u00fablica<\/title>\n<meta name=\"description\" content=\"CIUDAD DE M\u00c9XICO. MX. \u2014 Los restos humanos \u2013en proceso de estudio\u2013 hallados en m\u00e1s de una veintena de bolsas, conocidas como \u201cpetrosas\u201d debido a su dureza En Sonora en Equipo publicamos toda la informaci\u00f3n de Sonora, M\u00e9xico y el Mundo de manera oportuna y busca que la libertad de expresi\u00f3n sea real. Visita nuestro medio informativo publicado desde Hermosillo, Sonora. %\" \/>\n<meta name=\"robots\" content=\"index, follow, max-snippet:-1, max-image-preview:large, max-video-preview:-1\" \/>\n<link rel=\"canonical\" href=\"https:\/\/www.sonoraenequipo.com.mx\/dan-giro-al-caso-ayotzinapa-20-bolsas-con-restos-y-un-crematorio-clandestino\/\" \/>\n<meta property=\"og:locale\" content=\"es_ES\" \/>\n<meta property=\"og:type\" content=\"article\" \/>\n<meta property=\"og:title\" content=\"Sonora en Equipo. Dan giro al caso Ayotzinapa 20 bolsas con restos y un crematorio clandestino Rep\u00fablica\" \/>\n<meta property=\"og:description\" content=\"CIUDAD DE M\u00c9XICO. MX. \u2014 Los restos humanos \u2013en proceso de estudio\u2013 hallados en m\u00e1s de una veintena de bolsas, conocidas como \u201cpetrosas\u201d debido a su dureza En Sonora en Equipo publicamos toda la informaci\u00f3n de Sonora, M\u00e9xico y el Mundo de manera oportuna y busca que la libertad de expresi\u00f3n sea real. Visita nuestro medio informativo publicado desde Hermosillo, Sonora. %\" \/>\n<meta property=\"og:url\" content=\"https:\/\/www.sonoraenequipo.com.mx\/dan-giro-al-caso-ayotzinapa-20-bolsas-con-restos-y-un-crematorio-clandestino\/\" \/>\n<meta property=\"og:site_name\" content=\"Sonora en Equipo.\" \/>\n<meta property=\"article:publisher\" content=\"https:\/\/www.facebook.com\/SonoraEE\/\" \/>\n<meta property=\"article:author\" content=\"https:\/\/www.facebook.com\/SonoraEE\" \/>\n<meta property=\"article:published_time\" content=\"2026-08-31T15:40:51+00:00\" \/>\n<meta property=\"article:modified_time\" content=\"2026-08-31T17:10:39+00:00\" \/>\n<meta property=\"og:image\" content=\"https:\/\/www.sonoraenequipo.com.mx\/storage\/2026\/08\/dan-giro-al-caso-ayotzinapa-20-bolsas-con-restos-y-un-crematorio-clandestino.jpg\" \/>\n\t<meta property=\"og:image:width\" content=\"1000\" \/>\n\t<meta property=\"og:image:height\" content=\"666\" \/>\n\t<meta property=\"og:image:type\" content=\"image\/jpeg\" \/>\n<meta name=\"author\" content=\"enequipo\" \/>\n<meta name=\"twitter:card\" content=\"summary_large_image\" \/>\n<meta name=\"twitter:creator\" content=\"@sonoraenequipo\" \/>\n<meta name=\"twitter:site\" content=\"@sonoraenequipo\" \/>\n<meta name=\"twitter:label1\" content=\"Escrito por\" \/>\n\t<meta name=\"twitter:data1\" content=\"enequipo\" \/>\n\t<meta name=\"twitter:label2\" content=\"Tiempo de lectura\" \/>\n\t<meta name=\"twitter:data2\" content=\"7 minutos\" \/>\n<script type=\"application\/ld+json\" class=\"yoast-schema-graph\">{\"@context\":\"https:\/\/schema.org\",\"@graph\":[{\"@type\":\"Article\",\"@id\":\"https:\/\/www.sonoraenequipo.com.mx\/dan-giro-al-caso-ayotzinapa-20-bolsas-con-restos-y-un-crematorio-clandestino\/#article\",\"isPartOf\":{\"@id\":\"https:\/\/www.sonoraenequipo.com.mx\/dan-giro-al-caso-ayotzinapa-20-bolsas-con-restos-y-un-crematorio-clandestino\/\"},\"author\":{\"name\":\"enequipo\",\"@id\":\"https:\/\/www.sonoraenequipo.com.mx\/#\/schema\/person\/50102df0fb23a8fa9e8effad8fa81386\"},\"headline\":\"Dan giro al caso Ayotzinapa 20 bolsas con restos y un crematorio clandestino\",\"datePublished\":\"2026-08-31T15:40:51+00:00\",\"dateModified\":\"2026-08-31T17:10:39+00:00\",\"mainEntityOfPage\":{\"@id\":\"https:\/\/www.sonoraenequipo.com.mx\/dan-giro-al-caso-ayotzinapa-20-bolsas-con-restos-y-un-crematorio-clandestino\/\"},\"wordCount\":1371,\"commentCount\":0,\"publisher\":{\"@id\":\"https:\/\/www.sonoraenequipo.com.mx\/#organization\"},\"image\":{\"@id\":\"https:\/\/www.sonoraenequipo.com.mx\/dan-giro-al-caso-ayotzinapa-20-bolsas-con-restos-y-un-crematorio-clandestino\/#primaryimage\"},\"thumbnailUrl\":\"https:\/\/www.sonoraenequipo.com.mx\/storage\/2026\/08\/dan-giro-al-caso-ayotzinapa-20-bolsas-con-restos-y-un-crematorio-clandestino.jpg\",\"articleSection\":[\"Rep\u00fablica\"],\"inLanguage\":\"es\",\"potentialAction\":[{\"@type\":\"CommentAction\",\"name\":\"Comment\",\"target\":[\"https:\/\/www.sonoraenequipo.com.mx\/dan-giro-al-caso-ayotzinapa-20-bolsas-con-restos-y-un-crematorio-clandestino\/#respond\"]}]},{\"@type\":\"WebPage\",\"@id\":\"https:\/\/www.sonoraenequipo.com.mx\/dan-giro-al-caso-ayotzinapa-20-bolsas-con-restos-y-un-crematorio-clandestino\/\",\"url\":\"https:\/\/www.sonoraenequipo.com.mx\/dan-giro-al-caso-ayotzinapa-20-bolsas-con-restos-y-un-crematorio-clandestino\/\",\"name\":\"Sonora en Equipo. Dan giro al caso Ayotzinapa 20 bolsas con restos y un crematorio clandestino Rep\u00fablica\",\"isPartOf\":{\"@id\":\"https:\/\/www.sonoraenequipo.com.mx\/#website\"},\"primaryImageOfPage\":{\"@id\":\"https:\/\/www.sonoraenequipo.com.mx\/dan-giro-al-caso-ayotzinapa-20-bolsas-con-restos-y-un-crematorio-clandestino\/#primaryimage\"},\"image\":{\"@id\":\"https:\/\/www.sonoraenequipo.com.mx\/dan-giro-al-caso-ayotzinapa-20-bolsas-con-restos-y-un-crematorio-clandestino\/#primaryimage\"},\"thumbnailUrl\":\"https:\/\/www.sonoraenequipo.com.mx\/storage\/2026\/08\/dan-giro-al-caso-ayotzinapa-20-bolsas-con-restos-y-un-crematorio-clandestino.jpg\",\"datePublished\":\"2026-08-31T15:40:51+00:00\",\"dateModified\":\"2026-08-31T17:10:39+00:00\",\"description\":\"CIUDAD DE M\u00c9XICO. MX. \u2014 Los restos humanos \u2013en proceso de estudio\u2013 hallados en m\u00e1s de una veintena de bolsas, conocidas como \u201cpetrosas\u201d debido a su dureza En Sonora en Equipo publicamos toda la informaci\u00f3n de Sonora, M\u00e9xico y el Mundo de manera oportuna y busca que la libertad de expresi\u00f3n sea real. Visita nuestro medio informativo publicado desde Hermosillo, Sonora. %\",\"breadcrumb\":{\"@id\":\"https:\/\/www.sonoraenequipo.com.mx\/dan-giro-al-caso-ayotzinapa-20-bolsas-con-restos-y-un-crematorio-clandestino\/#breadcrumb\"},\"inLanguage\":\"es\",\"potentialAction\":[{\"@type\":\"ReadAction\",\"target\":[\"https:\/\/www.sonoraenequipo.com.mx\/dan-giro-al-caso-ayotzinapa-20-bolsas-con-restos-y-un-crematorio-clandestino\/\"]}]},{\"@type\":\"ImageObject\",\"inLanguage\":\"es\",\"@id\":\"https:\/\/www.sonoraenequipo.com.mx\/dan-giro-al-caso-ayotzinapa-20-bolsas-con-restos-y-un-crematorio-clandestino\/#primaryimage\",\"url\":\"https:\/\/www.sonoraenequipo.com.mx\/storage\/2026\/08\/dan-giro-al-caso-ayotzinapa-20-bolsas-con-restos-y-un-crematorio-clandestino.jpg\",\"contentUrl\":\"https:\/\/www.sonoraenequipo.com.mx\/storage\/2026\/08\/dan-giro-al-caso-ayotzinapa-20-bolsas-con-restos-y-un-crematorio-clandestino.jpg\",\"width\":1000,\"height\":666},{\"@type\":\"BreadcrumbList\",\"@id\":\"https:\/\/www.sonoraenequipo.com.mx\/dan-giro-al-caso-ayotzinapa-20-bolsas-con-restos-y-un-crematorio-clandestino\/#breadcrumb\",\"itemListElement\":[{\"@type\":\"ListItem\",\"position\":1,\"name\":\"Portada\",\"item\":\"https:\/\/www.sonoraenequipo.com.mx\/\"},{\"@type\":\"ListItem\",\"position\":2,\"name\":\"Dan giro al caso Ayotzinapa 20 bolsas con restos y un crematorio clandestino\"}]},{\"@type\":\"WebSite\",\"@id\":\"https:\/\/www.sonoraenequipo.com.mx\/#website\",\"url\":\"https:\/\/www.sonoraenequipo.com.mx\/\",\"name\":\"Sonora en Equipo.\",\"description\":\"Diario en l\u00ednea con Noticias desde Hermosillo, Sonora\",\"publisher\":{\"@id\":\"https:\/\/www.sonoraenequipo.com.mx\/#organization\"},\"potentialAction\":[{\"@type\":\"SearchAction\",\"target\":{\"@type\":\"EntryPoint\",\"urlTemplate\":\"https:\/\/www.sonoraenequipo.com.mx\/?s={search_term_string}\"},\"query-input\":{\"@type\":\"PropertyValueSpecification\",\"valueRequired\":true,\"valueName\":\"search_term_string\"}}],\"inLanguage\":\"es\"},{\"@type\":\"Organization\",\"@id\":\"https:\/\/www.sonoraenequipo.com.mx\/#organization\",\"name\":\"Sonoraenequipo.com.mx\",\"url\":\"https:\/\/www.sonoraenequipo.com.mx\/\",\"logo\":{\"@type\":\"ImageObject\",\"inLanguage\":\"es\",\"@id\":\"https:\/\/www.sonoraenequipo.com.mx\/#\/schema\/logo\/image\/\",\"url\":\"https:\/\/www.sonoraenequipo.com.mx\/storage\/2019\/01\/sonoraenequipo_opt.png\",\"contentUrl\":\"https:\/\/www.sonoraenequipo.com.mx\/storage\/2019\/01\/sonoraenequipo_opt.png\",\"width\":375,\"height\":125,\"caption\":\"Sonoraenequipo.com.mx\"},\"image\":{\"@id\":\"https:\/\/www.sonoraenequipo.com.mx\/#\/schema\/logo\/image\/\"},\"sameAs\":[\"https:\/\/www.facebook.com\/SonoraEE\/\",\"https:\/\/x.com\/sonoraenequipo\",\"https:\/\/www.youtube.com\/channel\/UC338nW-lPEYmJQs4ZABQ1SQ\"]},{\"@type\":\"Person\",\"@id\":\"https:\/\/www.sonoraenequipo.com.mx\/#\/schema\/person\/50102df0fb23a8fa9e8effad8fa81386\",\"name\":\"enequipo\",\"image\":{\"@type\":\"ImageObject\",\"inLanguage\":\"es\",\"@id\":\"https:\/\/www.sonoraenequipo.com.mx\/#\/schema\/person\/image\/\",\"url\":\"https:\/\/secure.gravatar.com\/avatar\/049821681b589dabc0bc20695993ccebb09f5b5d4d790cd9251b97faac7c652b?s=96&d=blank&r=g\",\"contentUrl\":\"https:\/\/secure.gravatar.com\/avatar\/049821681b589dabc0bc20695993ccebb09f5b5d4d790cd9251b97faac7c652b?s=96&d=blank&r=g\",\"caption\":\"enequipo\"},\"sameAs\":[\"https:\/\/www.facebook.com\/SonoraEE\"]}]}<\/script>\n ","yoast_head_json":{"title":"Sonora en Equipo. Dan giro al caso Ayotzinapa 20 bolsas con restos y un crematorio clandestino Rep\u00fablica","description":"CIUDAD DE M\u00c9XICO. MX. \u2014 Los restos humanos \u2013en proceso de estudio\u2013 hallados en m\u00e1s de una veintena de bolsas, conocidas como \u201cpetrosas\u201d debido a su dureza En Sonora en Equipo publicamos toda la informaci\u00f3n de Sonora, M\u00e9xico y el Mundo de manera oportuna y busca que la libertad de expresi\u00f3n sea real. Visita nuestro medio informativo publicado desde Hermosillo, Sonora. %","robots":{"index":"index","follow":"follow","max-snippet":"max-snippet:-1","max-image-preview":"max-image-preview:large","max-video-preview":"max-video-preview:-1"},"canonical":"https:\/\/www.sonoraenequipo.com.mx\/dan-giro-al-caso-ayotzinapa-20-bolsas-con-restos-y-un-crematorio-clandestino\/","og_locale":"es_ES","og_type":"article","og_title":"Sonora en Equipo. Dan giro al caso Ayotzinapa 20 bolsas con restos y un crematorio clandestino Rep\u00fablica","og_description":"CIUDAD DE M\u00c9XICO. MX. \u2014 Los restos humanos \u2013en proceso de estudio\u2013 hallados en m\u00e1s de una veintena de bolsas, conocidas como \u201cpetrosas\u201d debido a su dureza En Sonora en Equipo publicamos toda la informaci\u00f3n de Sonora, M\u00e9xico y el Mundo de manera oportuna y busca que la libertad de expresi\u00f3n sea real. Visita nuestro medio informativo publicado desde Hermosillo, Sonora. %","og_url":"https:\/\/www.sonoraenequipo.com.mx\/dan-giro-al-caso-ayotzinapa-20-bolsas-con-restos-y-un-crematorio-clandestino\/","og_site_name":"Sonora en Equipo.","article_publisher":"https:\/\/www.facebook.com\/SonoraEE\/","article_author":"https:\/\/www.facebook.com\/SonoraEE","article_published_time":"2026-08-31T15:40:51+00:00","article_modified_time":"2026-08-31T17:10:39+00:00","og_image":[{"width":1000,"height":666,"url":"https:\/\/www.sonoraenequipo.com.mx\/storage\/2026\/08\/dan-giro-al-caso-ayotzinapa-20-bolsas-con-restos-y-un-crematorio-clandestino.jpg","type":"image\/jpeg"}],"author":"enequipo","twitter_card":"summary_large_image","twitter_creator":"@sonoraenequipo","twitter_site":"@sonoraenequipo","twitter_misc":{"Escrito por":"enequipo","Tiempo de lectura":"7 minutos"},"schema":{"@context":"https:\/\/schema.org","@graph":[{"@type":"Article","@id":"https:\/\/www.sonoraenequipo.com.mx\/dan-giro-al-caso-ayotzinapa-20-bolsas-con-restos-y-un-crematorio-clandestino\/#article","isPartOf":{"@id":"https:\/\/www.sonoraenequipo.com.mx\/dan-giro-al-caso-ayotzinapa-20-bolsas-con-restos-y-un-crematorio-clandestino\/"},"author":{"name":"enequipo","@id":"https:\/\/www.sonoraenequipo.com.mx\/#\/schema\/person\/50102df0fb23a8fa9e8effad8fa81386"},"headline":"Dan giro al caso Ayotzinapa 20 bolsas con restos y un crematorio clandestino","datePublished":"2026-08-31T15:40:51+00:00","dateModified":"2026-08-31T17:10:39+00:00","mainEntityOfPage":{"@id":"https:\/\/www.sonoraenequipo.com.mx\/dan-giro-al-caso-ayotzinapa-20-bolsas-con-restos-y-un-crematorio-clandestino\/"},"wordCount":1371,"commentCount":0,"publisher":{"@id":"https:\/\/www.sonoraenequipo.com.mx\/#organization"},"image":{"@id":"https:\/\/www.sonoraenequipo.com.mx\/dan-giro-al-caso-ayotzinapa-20-bolsas-con-restos-y-un-crematorio-clandestino\/#primaryimage"},"thumbnailUrl":"https:\/\/www.sonoraenequipo.com.mx\/storage\/2026\/08\/dan-giro-al-caso-ayotzinapa-20-bolsas-con-restos-y-un-crematorio-clandestino.jpg","articleSection":["Rep\u00fablica"],"inLanguage":"es","potentialAction":[{"@type":"CommentAction","name":"Comment","target":["https:\/\/www.sonoraenequipo.com.mx\/dan-giro-al-caso-ayotzinapa-20-bolsas-con-restos-y-un-crematorio-clandestino\/#respond"]}]},{"@type":"WebPage","@id":"https:\/\/www.sonoraenequipo.com.mx\/dan-giro-al-caso-ayotzinapa-20-bolsas-con-restos-y-un-crematorio-clandestino\/","url":"https:\/\/www.sonoraenequipo.com.mx\/dan-giro-al-caso-ayotzinapa-20-bolsas-con-restos-y-un-crematorio-clandestino\/","name":"Sonora en Equipo. Dan giro al caso Ayotzinapa 20 bolsas con restos y un crematorio clandestino Rep\u00fablica","isPartOf":{"@id":"https:\/\/www.sonoraenequipo.com.mx\/#website"},"primaryImageOfPage":{"@id":"https:\/\/www.sonoraenequipo.com.mx\/dan-giro-al-caso-ayotzinapa-20-bolsas-con-restos-y-un-crematorio-clandestino\/#primaryimage"},"image":{"@id":"https:\/\/www.sonoraenequipo.com.mx\/dan-giro-al-caso-ayotzinapa-20-bolsas-con-restos-y-un-crematorio-clandestino\/#primaryimage"},"thumbnailUrl":"https:\/\/www.sonoraenequipo.com.mx\/storage\/2026\/08\/dan-giro-al-caso-ayotzinapa-20-bolsas-con-restos-y-un-crematorio-clandestino.jpg","datePublished":"2026-08-31T15:40:51+00:00","dateModified":"2026-08-31T17:10:39+00:00","description":"CIUDAD DE M\u00c9XICO. MX. \u2014 Los restos humanos \u2013en proceso de estudio\u2013 hallados en m\u00e1s de una veintena de bolsas, conocidas como \u201cpetrosas\u201d debido a su dureza En Sonora en Equipo publicamos toda la informaci\u00f3n de Sonora, M\u00e9xico y el Mundo de manera oportuna y busca que la libertad de expresi\u00f3n sea real. Visita nuestro medio informativo publicado desde Hermosillo, Sonora. %","breadcrumb":{"@id":"https:\/\/www.sonoraenequipo.com.mx\/dan-giro-al-caso-ayotzinapa-20-bolsas-con-restos-y-un-crematorio-clandestino\/#breadcrumb"},"inLanguage":"es","potentialAction":[{"@type":"ReadAction","target":["https:\/\/www.sonoraenequipo.com.mx\/dan-giro-al-caso-ayotzinapa-20-bolsas-con-restos-y-un-crematorio-clandestino\/"]}]},{"@type":"ImageObject","inLanguage":"es","@id":"https:\/\/www.sonoraenequipo.com.mx\/dan-giro-al-caso-ayotzinapa-20-bolsas-con-restos-y-un-crematorio-clandestino\/#primaryimage","url":"https:\/\/www.sonoraenequipo.com.mx\/storage\/2026\/08\/dan-giro-al-caso-ayotzinapa-20-bolsas-con-restos-y-un-crematorio-clandestino.jpg","contentUrl":"https:\/\/www.sonoraenequipo.com.mx\/storage\/2026\/08\/dan-giro-al-caso-ayotzinapa-20-bolsas-con-restos-y-un-crematorio-clandestino.jpg","width":1000,"height":666},{"@type":"BreadcrumbList","@id":"https:\/\/www.sonoraenequipo.com.mx\/dan-giro-al-caso-ayotzinapa-20-bolsas-con-restos-y-un-crematorio-clandestino\/#breadcrumb","itemListElement":[{"@type":"ListItem","position":1,"name":"Portada","item":"https:\/\/www.sonoraenequipo.com.mx\/"},{"@type":"ListItem","position":2,"name":"Dan giro al caso Ayotzinapa 20 bolsas con restos y un crematorio clandestino"}]},{"@type":"WebSite","@id":"https:\/\/www.sonoraenequipo.com.mx\/#website","url":"https:\/\/www.sonoraenequipo.com.mx\/","name":"Sonora en Equipo.","description":"Diario en l\u00ednea con Noticias desde Hermosillo, Sonora","publisher":{"@id":"https:\/\/www.sonoraenequipo.com.mx\/#organization"},"potentialAction":[{"@type":"SearchAction","target":{"@type":"EntryPoint","urlTemplate":"https:\/\/www.sonoraenequipo.com.mx\/?s={search_term_string}"},"query-input":{"@type":"PropertyValueSpecification","valueRequired":true,"valueName":"search_term_string"}}],"inLanguage":"es"},{"@type":"Organization","@id":"https:\/\/www.sonoraenequipo.com.mx\/#organization","name":"Sonoraenequipo.com.mx","url":"https:\/\/www.sonoraenequipo.com.mx\/","logo":{"@type":"ImageObject","inLanguage":"es","@id":"https:\/\/www.sonoraenequipo.com.mx\/#\/schema\/logo\/image\/","url":"https:\/\/www.sonoraenequipo.com.mx\/storage\/2019\/01\/sonoraenequipo_opt.png","contentUrl":"https:\/\/www.sonoraenequipo.com.mx\/storage\/2019\/01\/sonoraenequipo_opt.png","width":375,"height":125,"caption":"Sonoraenequipo.com.mx"},"image":{"@id":"https:\/\/www.sonoraenequipo.com.mx\/#\/schema\/logo\/image\/"},"sameAs":["https:\/\/www.facebook.com\/SonoraEE\/","https:\/\/x.com\/sonoraenequipo","https:\/\/www.youtube.com\/channel\/UC338nW-lPEYmJQs4ZABQ1SQ"]},{"@type":"Person","@id":"https:\/\/www.sonoraenequipo.com.mx\/#\/schema\/person\/50102df0fb23a8fa9e8effad8fa81386","name":"enequipo","image":{"@type":"ImageObject","inLanguage":"es","@id":"https:\/\/www.sonoraenequipo.com.mx\/#\/schema\/person\/image\/","url":"https:\/\/secure.gravatar.com\/avatar\/049821681b589dabc0bc20695993ccebb09f5b5d4d790cd9251b97faac7c652b?s=96&d=blank&r=g","contentUrl":"https:\/\/secure.gravatar.com\/avatar\/049821681b589dabc0bc20695993ccebb09f5b5d4d790cd9251b97faac7c652b?s=96&d=blank&r=g","caption":"enequipo"},"sameAs":["https:\/\/www.facebook.com\/SonoraEE"]}]}},"jetpack_featured_media_url":"https:\/\/www.sonoraenequipo.com.mx\/storage\/2026\/08\/dan-giro-al-caso-ayotzinapa-20-bolsas-con-restos-y-un-crematorio-clandestino.jpg","_links":{"self":[{"href":"https:\/\/www.sonoraenequipo.com.mx\/api\/wp\/v2\/posts\/251170","targetHints":{"allow":["GET"]}}],"collection":[{"href":"https:\/\/www.sonoraenequipo.com.mx\/api\/wp\/v2\/posts"}],"about":[{"href":"https:\/\/www.sonoraenequipo.com.mx\/api\/wp\/v2\/types\/post"}],"author":[{"embeddable":true,"href":"https:\/\/www.sonoraenequipo.com.mx\/api\/wp\/v2\/users\/1"}],"replies":[{"embeddable":true,"href":"https:\/\/www.sonoraenequipo.com.mx\/api\/wp\/v2\/comments?post=251170"}],"version-history":[{"count":2,"href":"https:\/\/www.sonoraenequipo.com.mx\/api\/wp\/v2\/posts\/251170\/revisions"}],"predecessor-version":[{"id":251174,"href":"https:\/\/www.sonoraenequipo.com.mx\/api\/wp\/v2\/posts\/251170\/revisions\/251174"}],"wp:featuredmedia":[{"embeddable":true,"href":"https:\/\/www.sonoraenequipo.com.mx\/api\/wp\/v2\/media\/251171"}],"wp:attachment":[{"href":"https:\/\/www.sonoraenequipo.com.mx\/api\/wp\/v2\/media?parent=251170"}],"wp:term":[{"taxonomy":"category","embeddable":true,"href":"https:\/\/www.sonoraenequipo.com.mx\/api\/wp\/v2\/categories?post=251170"},{"taxonomy":"post_tag","embeddable":true,"href":"https:\/\/www.sonoraenequipo.com.mx\/api\/wp\/v2\/tags?post=251170"}],"curies":[{"name":"wp","href":"https:\/\/api.w.org\/{rel}","templated":true}]}}