{"id":251192,"date":"2026-08-31T10:15:35","date_gmt":"2026-08-31T17:15:35","guid":{"rendered":"https:\/\/www.sonoraenequipo.com.mx\/?p=251192"},"modified":"2026-08-31T14:11:15","modified_gmt":"2026-08-31T21:11:15","slug":"mexico-extiende-a-febrero-el-acuerdo-para-contener-precios-de-gasolina-y-diesel","status":"publish","type":"post","link":"https:\/\/www.sonoraenequipo.com.mx\/mexico-extiende-a-febrero-el-acuerdo-para-contener-precios-de-gasolina-y-diesel\/","title":{"rendered":"M\u00e9xico extiende a febrero el acuerdo para contener precios de gasolina y di\u00e9sel"},"content":{"rendered":"<p><strong>CIUDAD DE M\u00c9XICO. MX. \u2014<\/strong> El Gobierno de M\u00e9xico y el sector gasolinero extendieron hasta febrero de 2027 el acuerdo voluntario para contener los precios de combustibles.<\/p>\n<p>&nbsp;<\/p>\n<p>&nbsp;<\/p>\n<p> <br \/>\nEl Gobierno de M\u00e9xico y representantes del sector gasolinero renovaron este lunes el acuerdo para establecer un tope de referencia de 27 pesos por litro de di\u00e9sel, adem\u00e1s de mantener por debajo de $24 el precio de la gasolina regular.<\/p>\n<p>&nbsp;<\/p>\n<p>&nbsp;<\/p>\n<p>La presidenta de M\u00e9xico , Claudia Sheinbaum, anunci\u00f3 a trav\u00e9s de un mensaje en sus redes sociales que formaliz\u00f3 el convenio durante una reuni\u00f3n con representantes del sector en Palacio Nacional, luego de que autoridades y empresarios alcanzaron el acuerdo para extender la estrategia el pasado 20 de agosto.<\/p>\n<p>&nbsp;<\/p>\n<p>&nbsp;<\/p>\n<p><em><strong>Renovamos el acuerdo voluntario con gasolineros para combatir la inflaci\u00f3n y la carest\u00eda en apoyo a la econom\u00eda y el bienestar de las familias mexicanas\u201d<\/strong><\/em>, se\u00f1al\u00f3 la mandataria.<\/p>\n<p>&nbsp;<\/p>\n<p>&nbsp;<\/p>\n<p>La renovaci\u00f3n prolonga otros seis meses, hasta febrero de 2027, la denominada Estrategia Nacional para Estabilizar el Precio de la Gasolina Regular y el Di\u00e9sel, con la que el Ejecutivo busca evitar que el encarecimiento de los combustibles se traslade a otros productos y servicios.<\/p>\n<p>&nbsp;<\/p>\n<p>&nbsp;<\/p>\n<p>El pacto mantiene la gasolina regular por debajo de 24 pesos por litro, mientras que el l\u00edmite de referencia para el di\u00e9sel queda en menos de $27, frente a los $28 establecidos en abril pasado, cuando el Gobierno y los empresarios alcanzaron un acuerdo extraordinario ante el incremento de los precios internacionales del petr\u00f3leo.<\/p>\n<p>&nbsp;<\/p>\n<p>&nbsp;<\/p>\n<p>En las franjas fronterizas, los precios ser\u00e1n menores debido, entre otros factores, a la aplicaci\u00f3n de una tasa reducida de 8% del Impuesto al Valor Agregado (IVA).<\/p>\n<p>&nbsp;<\/p>\n<p>&nbsp;<\/p>\n<h3>El acuerdo no fija un precio m\u00e1ximo obligatorio<\/h3>\n<p>&nbsp;<\/p>\n<p>El convenio tiene car\u00e1cter voluntario, por lo que no establece un precio m\u00e1ximo obligatorio para todas las estaciones de servicio. Los precios pueden presentar diferencias dependiendo de sus condiciones operativas, ubicaci\u00f3n y costos log\u00edsticos.<\/p>\n<p>&nbsp;<\/p>\n<p>&nbsp;<\/p>\n<p>La estrategia para la gasolina regular comenz\u00f3 en febrero de 2025 y desde entonces fue renovada peri\u00f3dicamente por el Gobierno y los principales representantes del sector.<\/p>\n<p>&nbsp;<\/p>\n<p>&nbsp;<\/p>\n<p>Adem\u00e1s de contener los precios, las negociaciones entre autoridades y empresarios incluyeron la reducci\u00f3n de las comisiones cobradas por pagos con tarjetas y otros medios electr\u00f3nicos, la simplificaci\u00f3n de tr\u00e1mites, el combate al mercado il\u00edcito de hidrocarburos y medidas para mejorar las cadenas de suministro.<\/p>\n<p>&nbsp;<\/p>\n<p>&nbsp;<\/p>\n<p>El Gobierno tambi\u00e9n utiliz\u00f3 los est\u00edmulos al Impuesto Especial sobre Producci\u00f3n y Servicios (IEPS) como una herramienta para amortiguar las variaciones internacionales en los precios de los combustibles.<\/p>\n<p>&nbsp;<\/p>\n<h3>Combustibles e inflaci\u00f3n<\/h3>\n<p>&nbsp;<\/p>\n<p>La renovaci\u00f3n se produjo despu\u00e9s de varios meses de volatilidad en los mercados energ\u00e9ticos internacionales, que llev\u00f3 al Ejecutivo mexicano a reforzar los mecanismos para impedir que los aumentos del petr\u00f3leo y sus derivados repercutieran directamente en los consumidores.<\/p>\n<p>&nbsp;<\/p>\n<p>&nbsp;<\/p>\n<p>Sheinbaum defendi\u00f3 estos acuerdos como una forma de mantener bajo control uno de los componentes que pueden trasladar aumentos de precios al resto de la econom\u00eda, particularmente a trav\u00e9s de los costos del transporte de mercanc\u00edas.<\/p>\n<p>&nbsp;<\/p>\n<p>&nbsp;<\/p>\n<p>Con la extensi\u00f3n del convenio, el Gobierno busca mantener la estabilidad de los precios de los combustibles durante los pr\u00f3ximos seis meses, mientras contin\u00faa utilizando acuerdos con el sector y est\u00edmulos fiscales como mecanismos para limitar el impacto de las variaciones internacionales del petr\u00f3leo sobre la inflaci\u00f3n.<\/p>\n<p>&nbsp;<\/p>\n<p>&nbsp;<\/p>\n<p>PUBLICADO EL 31 DE AGOSTO 2026 Con informaci\u00f3n de EFE)<\/p>\n","protected":false},"excerpt":{"rendered":"<p>CIUDAD DE M\u00c9XICO. MX. \u2014 El Gobierno de M\u00e9xico y el sector gasolinero extendieron hasta&#8230;<\/p>\n","protected":false},"author":1,"featured_media":251190,"comment_status":"open","ping_status":"open","sticky":false,"template":"","format":"standard","meta":{"_monsterinsights_skip_tracking":false,"_monsterinsights_sitenote_active":false,"_monsterinsights_sitenote_note":"","_monsterinsights_sitenote_category":0,"footnotes":""},"categories":[5],"tags":[],"class_list":["post"],"yoast_head":" \n<title>Sonora en Equipo. M\u00e9xico extiende a febrero el acuerdo para contener precios de gasolina y di\u00e9sel Rep\u00fablica<\/title>\n<meta name=\"description\" content=\"CIUDAD DE M\u00c9XICO. MX. \u2014 El Gobierno de M\u00e9xico y el sector gasolinero extendieron hasta febrero de 2027 el acuerdo voluntario para contener los precios de En Sonora en Equipo publicamos toda la informaci\u00f3n de Sonora, M\u00e9xico y el Mundo de manera oportuna y busca que la libertad de expresi\u00f3n sea real. Visita nuestro medio informativo publicado desde Hermosillo, Sonora. %\" \/>\n<meta name=\"robots\" content=\"index, follow, max-snippet:-1, max-image-preview:large, max-video-preview:-1\" \/>\n<link rel=\"canonical\" href=\"https:\/\/www.sonoraenequipo.com.mx\/mexico-extiende-a-febrero-el-acuerdo-para-contener-precios-de-gasolina-y-diesel\/\" \/>\n<meta property=\"og:locale\" content=\"es_ES\" \/>\n<meta property=\"og:type\" content=\"article\" \/>\n<meta property=\"og:title\" content=\"Sonora en Equipo. M\u00e9xico extiende a febrero el acuerdo para contener precios de gasolina y di\u00e9sel Rep\u00fablica\" \/>\n<meta property=\"og:description\" content=\"CIUDAD DE M\u00c9XICO. MX. \u2014 El Gobierno de M\u00e9xico y el sector gasolinero extendieron hasta febrero de 2027 el acuerdo voluntario para contener los precios de En Sonora en Equipo publicamos toda la informaci\u00f3n de Sonora, M\u00e9xico y el Mundo de manera oportuna y busca que la libertad de expresi\u00f3n sea real. Visita nuestro medio informativo publicado desde Hermosillo, Sonora. %\" \/>\n<meta property=\"og:url\" content=\"https:\/\/www.sonoraenequipo.com.mx\/mexico-extiende-a-febrero-el-acuerdo-para-contener-precios-de-gasolina-y-diesel\/\" \/>\n<meta property=\"og:site_name\" content=\"Sonora en Equipo.\" \/>\n<meta property=\"article:publisher\" content=\"https:\/\/www.facebook.com\/SonoraEE\/\" \/>\n<meta property=\"article:author\" content=\"https:\/\/www.facebook.com\/SonoraEE\" \/>\n<meta property=\"article:published_time\" content=\"2026-08-31T17:15:35+00:00\" \/>\n<meta property=\"article:modified_time\" content=\"2026-08-31T21:11:15+00:00\" \/>\n<meta property=\"og:image\" content=\"https:\/\/www.sonoraenequipo.com.mx\/storage\/2026\/08\/acuerdo-gasolina-diesel.jpg\" \/>\n\t<meta property=\"og:image:width\" content=\"1000\" \/>\n\t<meta property=\"og:image:height\" content=\"562\" \/>\n\t<meta property=\"og:image:type\" content=\"image\/jpeg\" \/>\n<meta name=\"author\" content=\"enequipo\" \/>\n<meta name=\"twitter:card\" content=\"summary_large_image\" \/>\n<meta name=\"twitter:creator\" content=\"@sonoraenequipo\" \/>\n<meta name=\"twitter:site\" content=\"@sonoraenequipo\" \/>\n<meta name=\"twitter:label1\" content=\"Escrito por\" \/>\n\t<meta name=\"twitter:data1\" content=\"enequipo\" \/>\n\t<meta name=\"twitter:label2\" content=\"Tiempo de lectura\" \/>\n\t<meta name=\"twitter:data2\" content=\"3 minutos\" \/>\n<script type=\"application\/ld+json\" class=\"yoast-schema-graph\">{\"@context\":\"https:\/\/schema.org\",\"@graph\":[{\"@type\":\"Article\",\"@id\":\"https:\/\/www.sonoraenequipo.com.mx\/mexico-extiende-a-febrero-el-acuerdo-para-contener-precios-de-gasolina-y-diesel\/#article\",\"isPartOf\":{\"@id\":\"https:\/\/www.sonoraenequipo.com.mx\/mexico-extiende-a-febrero-el-acuerdo-para-contener-precios-de-gasolina-y-diesel\/\"},\"author\":{\"name\":\"enequipo\",\"@id\":\"https:\/\/www.sonoraenequipo.com.mx\/#\/schema\/person\/50102df0fb23a8fa9e8effad8fa81386\"},\"headline\":\"M\u00e9xico extiende a febrero el acuerdo para contener precios de gasolina y di\u00e9sel\",\"datePublished\":\"2026-08-31T17:15:35+00:00\",\"dateModified\":\"2026-08-31T21:11:15+00:00\",\"mainEntityOfPage\":{\"@id\":\"https:\/\/www.sonoraenequipo.com.mx\/mexico-extiende-a-febrero-el-acuerdo-para-contener-precios-de-gasolina-y-diesel\/\"},\"wordCount\":625,\"commentCount\":0,\"publisher\":{\"@id\":\"https:\/\/www.sonoraenequipo.com.mx\/#organization\"},\"image\":{\"@id\":\"https:\/\/www.sonoraenequipo.com.mx\/mexico-extiende-a-febrero-el-acuerdo-para-contener-precios-de-gasolina-y-diesel\/#primaryimage\"},\"thumbnailUrl\":\"https:\/\/www.sonoraenequipo.com.mx\/storage\/2026\/08\/acuerdo-gasolina-diesel.jpg\",\"articleSection\":[\"Rep\u00fablica\"],\"inLanguage\":\"es\",\"potentialAction\":[{\"@type\":\"CommentAction\",\"name\":\"Comment\",\"target\":[\"https:\/\/www.sonoraenequipo.com.mx\/mexico-extiende-a-febrero-el-acuerdo-para-contener-precios-de-gasolina-y-diesel\/#respond\"]}]},{\"@type\":\"WebPage\",\"@id\":\"https:\/\/www.sonoraenequipo.com.mx\/mexico-extiende-a-febrero-el-acuerdo-para-contener-precios-de-gasolina-y-diesel\/\",\"url\":\"https:\/\/www.sonoraenequipo.com.mx\/mexico-extiende-a-febrero-el-acuerdo-para-contener-precios-de-gasolina-y-diesel\/\",\"name\":\"Sonora en Equipo. M\u00e9xico extiende a febrero el acuerdo para contener precios de gasolina y di\u00e9sel Rep\u00fablica\",\"isPartOf\":{\"@id\":\"https:\/\/www.sonoraenequipo.com.mx\/#website\"},\"primaryImageOfPage\":{\"@id\":\"https:\/\/www.sonoraenequipo.com.mx\/mexico-extiende-a-febrero-el-acuerdo-para-contener-precios-de-gasolina-y-diesel\/#primaryimage\"},\"image\":{\"@id\":\"https:\/\/www.sonoraenequipo.com.mx\/mexico-extiende-a-febrero-el-acuerdo-para-contener-precios-de-gasolina-y-diesel\/#primaryimage\"},\"thumbnailUrl\":\"https:\/\/www.sonoraenequipo.com.mx\/storage\/2026\/08\/acuerdo-gasolina-diesel.jpg\",\"datePublished\":\"2026-08-31T17:15:35+00:00\",\"dateModified\":\"2026-08-31T21:11:15+00:00\",\"description\":\"CIUDAD DE M\u00c9XICO. MX. \u2014 El Gobierno de M\u00e9xico y el sector gasolinero extendieron hasta febrero de 2027 el acuerdo voluntario para contener los precios de En Sonora en Equipo publicamos toda la informaci\u00f3n de Sonora, M\u00e9xico y el Mundo de manera oportuna y busca que la libertad de expresi\u00f3n sea real. Visita nuestro medio informativo publicado desde Hermosillo, Sonora. %\",\"breadcrumb\":{\"@id\":\"https:\/\/www.sonoraenequipo.com.mx\/mexico-extiende-a-febrero-el-acuerdo-para-contener-precios-de-gasolina-y-diesel\/#breadcrumb\"},\"inLanguage\":\"es\",\"potentialAction\":[{\"@type\":\"ReadAction\",\"target\":[\"https:\/\/www.sonoraenequipo.com.mx\/mexico-extiende-a-febrero-el-acuerdo-para-contener-precios-de-gasolina-y-diesel\/\"]}]},{\"@type\":\"ImageObject\",\"inLanguage\":\"es\",\"@id\":\"https:\/\/www.sonoraenequipo.com.mx\/mexico-extiende-a-febrero-el-acuerdo-para-contener-precios-de-gasolina-y-diesel\/#primaryimage\",\"url\":\"https:\/\/www.sonoraenequipo.com.mx\/storage\/2026\/08\/acuerdo-gasolina-diesel.jpg\",\"contentUrl\":\"https:\/\/www.sonoraenequipo.com.mx\/storage\/2026\/08\/acuerdo-gasolina-diesel.jpg\",\"width\":1000,\"height\":562},{\"@type\":\"BreadcrumbList\",\"@id\":\"https:\/\/www.sonoraenequipo.com.mx\/mexico-extiende-a-febrero-el-acuerdo-para-contener-precios-de-gasolina-y-diesel\/#breadcrumb\",\"itemListElement\":[{\"@type\":\"ListItem\",\"position\":1,\"name\":\"Portada\",\"item\":\"https:\/\/www.sonoraenequipo.com.mx\/\"},{\"@type\":\"ListItem\",\"position\":2,\"name\":\"M\u00e9xico extiende a febrero el acuerdo para contener precios de gasolina y di\u00e9sel\"}]},{\"@type\":\"WebSite\",\"@id\":\"https:\/\/www.sonoraenequipo.com.mx\/#website\",\"url\":\"https:\/\/www.sonoraenequipo.com.mx\/\",\"name\":\"Sonora en Equipo.\",\"description\":\"Diario en l\u00ednea con Noticias desde Hermosillo, Sonora\",\"publisher\":{\"@id\":\"https:\/\/www.sonoraenequipo.com.mx\/#organization\"},\"potentialAction\":[{\"@type\":\"SearchAction\",\"target\":{\"@type\":\"EntryPoint\",\"urlTemplate\":\"https:\/\/www.sonoraenequipo.com.mx\/?s={search_term_string}\"},\"query-input\":{\"@type\":\"PropertyValueSpecification\",\"valueRequired\":true,\"valueName\":\"search_term_string\"}}],\"inLanguage\":\"es\"},{\"@type\":\"Organization\",\"@id\":\"https:\/\/www.sonoraenequipo.com.mx\/#organization\",\"name\":\"Sonoraenequipo.com.mx\",\"url\":\"https:\/\/www.sonoraenequipo.com.mx\/\",\"logo\":{\"@type\":\"ImageObject\",\"inLanguage\":\"es\",\"@id\":\"https:\/\/www.sonoraenequipo.com.mx\/#\/schema\/logo\/image\/\",\"url\":\"https:\/\/www.sonoraenequipo.com.mx\/storage\/2019\/01\/sonoraenequipo_opt.png\",\"contentUrl\":\"https:\/\/www.sonoraenequipo.com.mx\/storage\/2019\/01\/sonoraenequipo_opt.png\",\"width\":375,\"height\":125,\"caption\":\"Sonoraenequipo.com.mx\"},\"image\":{\"@id\":\"https:\/\/www.sonoraenequipo.com.mx\/#\/schema\/logo\/image\/\"},\"sameAs\":[\"https:\/\/www.facebook.com\/SonoraEE\/\",\"https:\/\/x.com\/sonoraenequipo\",\"https:\/\/www.youtube.com\/channel\/UC338nW-lPEYmJQs4ZABQ1SQ\"]},{\"@type\":\"Person\",\"@id\":\"https:\/\/www.sonoraenequipo.com.mx\/#\/schema\/person\/50102df0fb23a8fa9e8effad8fa81386\",\"name\":\"enequipo\",\"image\":{\"@type\":\"ImageObject\",\"inLanguage\":\"es\",\"@id\":\"https:\/\/www.sonoraenequipo.com.mx\/#\/schema\/person\/image\/\",\"url\":\"https:\/\/secure.gravatar.com\/avatar\/049821681b589dabc0bc20695993ccebb09f5b5d4d790cd9251b97faac7c652b?s=96&d=blank&r=g\",\"contentUrl\":\"https:\/\/secure.gravatar.com\/avatar\/049821681b589dabc0bc20695993ccebb09f5b5d4d790cd9251b97faac7c652b?s=96&d=blank&r=g\",\"caption\":\"enequipo\"},\"sameAs\":[\"https:\/\/www.facebook.com\/SonoraEE\"]}]}<\/script>\n ","yoast_head_json":{"title":"Sonora en Equipo. M\u00e9xico extiende a febrero el acuerdo para contener precios de gasolina y di\u00e9sel Rep\u00fablica","description":"CIUDAD DE M\u00c9XICO. MX. \u2014 El Gobierno de M\u00e9xico y el sector gasolinero extendieron hasta febrero de 2027 el acuerdo voluntario para contener los precios de En Sonora en Equipo publicamos toda la informaci\u00f3n de Sonora, M\u00e9xico y el Mundo de manera oportuna y busca que la libertad de expresi\u00f3n sea real. Visita nuestro medio informativo publicado desde Hermosillo, Sonora. %","robots":{"index":"index","follow":"follow","max-snippet":"max-snippet:-1","max-image-preview":"max-image-preview:large","max-video-preview":"max-video-preview:-1"},"canonical":"https:\/\/www.sonoraenequipo.com.mx\/mexico-extiende-a-febrero-el-acuerdo-para-contener-precios-de-gasolina-y-diesel\/","og_locale":"es_ES","og_type":"article","og_title":"Sonora en Equipo. M\u00e9xico extiende a febrero el acuerdo para contener precios de gasolina y di\u00e9sel Rep\u00fablica","og_description":"CIUDAD DE M\u00c9XICO. MX. \u2014 El Gobierno de M\u00e9xico y el sector gasolinero extendieron hasta febrero de 2027 el acuerdo voluntario para contener los precios de En Sonora en Equipo publicamos toda la informaci\u00f3n de Sonora, M\u00e9xico y el Mundo de manera oportuna y busca que la libertad de expresi\u00f3n sea real. Visita nuestro medio informativo publicado desde Hermosillo, Sonora. %","og_url":"https:\/\/www.sonoraenequipo.com.mx\/mexico-extiende-a-febrero-el-acuerdo-para-contener-precios-de-gasolina-y-diesel\/","og_site_name":"Sonora en Equipo.","article_publisher":"https:\/\/www.facebook.com\/SonoraEE\/","article_author":"https:\/\/www.facebook.com\/SonoraEE","article_published_time":"2026-08-31T17:15:35+00:00","article_modified_time":"2026-08-31T21:11:15+00:00","og_image":[{"width":1000,"height":562,"url":"https:\/\/www.sonoraenequipo.com.mx\/storage\/2026\/08\/acuerdo-gasolina-diesel.jpg","type":"image\/jpeg"}],"author":"enequipo","twitter_card":"summary_large_image","twitter_creator":"@sonoraenequipo","twitter_site":"@sonoraenequipo","twitter_misc":{"Escrito por":"enequipo","Tiempo de lectura":"3 minutos"},"schema":{"@context":"https:\/\/schema.org","@graph":[{"@type":"Article","@id":"https:\/\/www.sonoraenequipo.com.mx\/mexico-extiende-a-febrero-el-acuerdo-para-contener-precios-de-gasolina-y-diesel\/#article","isPartOf":{"@id":"https:\/\/www.sonoraenequipo.com.mx\/mexico-extiende-a-febrero-el-acuerdo-para-contener-precios-de-gasolina-y-diesel\/"},"author":{"name":"enequipo","@id":"https:\/\/www.sonoraenequipo.com.mx\/#\/schema\/person\/50102df0fb23a8fa9e8effad8fa81386"},"headline":"M\u00e9xico extiende a febrero el acuerdo para contener precios de gasolina y di\u00e9sel","datePublished":"2026-08-31T17:15:35+00:00","dateModified":"2026-08-31T21:11:15+00:00","mainEntityOfPage":{"@id":"https:\/\/www.sonoraenequipo.com.mx\/mexico-extiende-a-febrero-el-acuerdo-para-contener-precios-de-gasolina-y-diesel\/"},"wordCount":625,"commentCount":0,"publisher":{"@id":"https:\/\/www.sonoraenequipo.com.mx\/#organization"},"image":{"@id":"https:\/\/www.sonoraenequipo.com.mx\/mexico-extiende-a-febrero-el-acuerdo-para-contener-precios-de-gasolina-y-diesel\/#primaryimage"},"thumbnailUrl":"https:\/\/www.sonoraenequipo.com.mx\/storage\/2026\/08\/acuerdo-gasolina-diesel.jpg","articleSection":["Rep\u00fablica"],"inLanguage":"es","potentialAction":[{"@type":"CommentAction","name":"Comment","target":["https:\/\/www.sonoraenequipo.com.mx\/mexico-extiende-a-febrero-el-acuerdo-para-contener-precios-de-gasolina-y-diesel\/#respond"]}]},{"@type":"WebPage","@id":"https:\/\/www.sonoraenequipo.com.mx\/mexico-extiende-a-febrero-el-acuerdo-para-contener-precios-de-gasolina-y-diesel\/","url":"https:\/\/www.sonoraenequipo.com.mx\/mexico-extiende-a-febrero-el-acuerdo-para-contener-precios-de-gasolina-y-diesel\/","name":"Sonora en Equipo. M\u00e9xico extiende a febrero el acuerdo para contener precios de gasolina y di\u00e9sel Rep\u00fablica","isPartOf":{"@id":"https:\/\/www.sonoraenequipo.com.mx\/#website"},"primaryImageOfPage":{"@id":"https:\/\/www.sonoraenequipo.com.mx\/mexico-extiende-a-febrero-el-acuerdo-para-contener-precios-de-gasolina-y-diesel\/#primaryimage"},"image":{"@id":"https:\/\/www.sonoraenequipo.com.mx\/mexico-extiende-a-febrero-el-acuerdo-para-contener-precios-de-gasolina-y-diesel\/#primaryimage"},"thumbnailUrl":"https:\/\/www.sonoraenequipo.com.mx\/storage\/2026\/08\/acuerdo-gasolina-diesel.jpg","datePublished":"2026-08-31T17:15:35+00:00","dateModified":"2026-08-31T21:11:15+00:00","description":"CIUDAD DE M\u00c9XICO. MX. \u2014 El Gobierno de M\u00e9xico y el sector gasolinero extendieron hasta febrero de 2027 el acuerdo voluntario para contener los precios de En Sonora en Equipo publicamos toda la informaci\u00f3n de Sonora, M\u00e9xico y el Mundo de manera oportuna y busca que la libertad de expresi\u00f3n sea real. Visita nuestro medio informativo publicado desde Hermosillo, Sonora. %","breadcrumb":{"@id":"https:\/\/www.sonoraenequipo.com.mx\/mexico-extiende-a-febrero-el-acuerdo-para-contener-precios-de-gasolina-y-diesel\/#breadcrumb"},"inLanguage":"es","potentialAction":[{"@type":"ReadAction","target":["https:\/\/www.sonoraenequipo.com.mx\/mexico-extiende-a-febrero-el-acuerdo-para-contener-precios-de-gasolina-y-diesel\/"]}]},{"@type":"ImageObject","inLanguage":"es","@id":"https:\/\/www.sonoraenequipo.com.mx\/mexico-extiende-a-febrero-el-acuerdo-para-contener-precios-de-gasolina-y-diesel\/#primaryimage","url":"https:\/\/www.sonoraenequipo.com.mx\/storage\/2026\/08\/acuerdo-gasolina-diesel.jpg","contentUrl":"https:\/\/www.sonoraenequipo.com.mx\/storage\/2026\/08\/acuerdo-gasolina-diesel.jpg","width":1000,"height":562},{"@type":"BreadcrumbList","@id":"https:\/\/www.sonoraenequipo.com.mx\/mexico-extiende-a-febrero-el-acuerdo-para-contener-precios-de-gasolina-y-diesel\/#breadcrumb","itemListElement":[{"@type":"ListItem","position":1,"name":"Portada","item":"https:\/\/www.sonoraenequipo.com.mx\/"},{"@type":"ListItem","position":2,"name":"M\u00e9xico extiende a febrero el acuerdo para contener precios de gasolina y di\u00e9sel"}]},{"@type":"WebSite","@id":"https:\/\/www.sonoraenequipo.com.mx\/#website","url":"https:\/\/www.sonoraenequipo.com.mx\/","name":"Sonora en Equipo.","description":"Diario en l\u00ednea con Noticias desde Hermosillo, Sonora","publisher":{"@id":"https:\/\/www.sonoraenequipo.com.mx\/#organization"},"potentialAction":[{"@type":"SearchAction","target":{"@type":"EntryPoint","urlTemplate":"https:\/\/www.sonoraenequipo.com.mx\/?s={search_term_string}"},"query-input":{"@type":"PropertyValueSpecification","valueRequired":true,"valueName":"search_term_string"}}],"inLanguage":"es"},{"@type":"Organization","@id":"https:\/\/www.sonoraenequipo.com.mx\/#organization","name":"Sonoraenequipo.com.mx","url":"https:\/\/www.sonoraenequipo.com.mx\/","logo":{"@type":"ImageObject","inLanguage":"es","@id":"https:\/\/www.sonoraenequipo.com.mx\/#\/schema\/logo\/image\/","url":"https:\/\/www.sonoraenequipo.com.mx\/storage\/2019\/01\/sonoraenequipo_opt.png","contentUrl":"https:\/\/www.sonoraenequipo.com.mx\/storage\/2019\/01\/sonoraenequipo_opt.png","width":375,"height":125,"caption":"Sonoraenequipo.com.mx"},"image":{"@id":"https:\/\/www.sonoraenequipo.com.mx\/#\/schema\/logo\/image\/"},"sameAs":["https:\/\/www.facebook.com\/SonoraEE\/","https:\/\/x.com\/sonoraenequipo","https:\/\/www.youtube.com\/channel\/UC338nW-lPEYmJQs4ZABQ1SQ"]},{"@type":"Person","@id":"https:\/\/www.sonoraenequipo.com.mx\/#\/schema\/person\/50102df0fb23a8fa9e8effad8fa81386","name":"enequipo","image":{"@type":"ImageObject","inLanguage":"es","@id":"https:\/\/www.sonoraenequipo.com.mx\/#\/schema\/person\/image\/","url":"https:\/\/secure.gravatar.com\/avatar\/049821681b589dabc0bc20695993ccebb09f5b5d4d790cd9251b97faac7c652b?s=96&d=blank&r=g","contentUrl":"https:\/\/secure.gravatar.com\/avatar\/049821681b589dabc0bc20695993ccebb09f5b5d4d790cd9251b97faac7c652b?s=96&d=blank&r=g","caption":"enequipo"},"sameAs":["https:\/\/www.facebook.com\/SonoraEE"]}]}},"jetpack_featured_media_url":"https:\/\/www.sonoraenequipo.com.mx\/storage\/2026\/08\/acuerdo-gasolina-diesel.jpg","_links":{"self":[{"href":"https:\/\/www.sonoraenequipo.com.mx\/api\/wp\/v2\/posts\/251192","targetHints":{"allow":["GET"]}}],"collection":[{"href":"https:\/\/www.sonoraenequipo.com.mx\/api\/wp\/v2\/posts"}],"about":[{"href":"https:\/\/www.sonoraenequipo.com.mx\/api\/wp\/v2\/types\/post"}],"author":[{"embeddable":true,"href":"https:\/\/www.sonoraenequipo.com.mx\/api\/wp\/v2\/users\/1"}],"replies":[{"embeddable":true,"href":"https:\/\/www.sonoraenequipo.com.mx\/api\/wp\/v2\/comments?post=251192"}],"version-history":[{"count":2,"href":"https:\/\/www.sonoraenequipo.com.mx\/api\/wp\/v2\/posts\/251192\/revisions"}],"predecessor-version":[{"id":251198,"href":"https:\/\/www.sonoraenequipo.com.mx\/api\/wp\/v2\/posts\/251192\/revisions\/251198"}],"wp:featuredmedia":[{"embeddable":true,"href":"https:\/\/www.sonoraenequipo.com.mx\/api\/wp\/v2\/media\/251190"}],"wp:attachment":[{"href":"https:\/\/www.sonoraenequipo.com.mx\/api\/wp\/v2\/media?parent=251192"}],"wp:term":[{"taxonomy":"category","embeddable":true,"href":"https:\/\/www.sonoraenequipo.com.mx\/api\/wp\/v2\/categories?post=251192"},{"taxonomy":"post_tag","embeddable":true,"href":"https:\/\/www.sonoraenequipo.com.mx\/api\/wp\/v2\/tags?post=251192"}],"curies":[{"name":"wp","href":"https:\/\/api.w.org\/{rel}","templated":true}]}}