{"id":251203,"date":"2026-08-31T15:20:41","date_gmt":"2026-08-31T22:20:41","guid":{"rendered":"https:\/\/www.sonoraenequipo.com.mx\/?p=251203"},"modified":"2026-08-31T15:20:41","modified_gmt":"2026-08-31T22:20:41","slug":"sheinbaum-encabeza-arranque-de-la-estrategia-nacional-de-atencion-a-la-salud-mental-para-los-jovenes","status":"publish","type":"post","link":"https:\/\/www.sonoraenequipo.com.mx\/sheinbaum-encabeza-arranque-de-la-estrategia-nacional-de-atencion-a-la-salud-mental-para-los-jovenes\/","title":{"rendered":"Sheinbaum encabeza arranque de la estrategia nacional de atenci\u00f3n a la salud mental para\u00a0 los j\u00f3venes\u00a0"},"content":{"rendered":"<p><strong>CIUDAD DE M\u00c9XICO, MX. \u2014<\/strong> En el marco del inicio del ciclo escolar 2026-2027, la Presidenta de M\u00e9xico, Claudia Sheinbaum Pardo, encabez\u00f3 el arranque de la Estrategia Nacional de Atenci\u00f3n a la Salud Mental para las y los J\u00f3venes: \u201cEl ABC de las emociones\u201d, que tiene como objetivo apoyar a las y los j\u00f3venes de tercer a\u00f1o de secundaria y de bachillerato para cuidar y atender su bienestar emocional, a trav\u00e9s de tutor\u00edas de una hora a la semana y la distribuci\u00f3n de 16 millones de gu\u00edas para estudiantes, docentes, madres, padres y personas cuidadoras.<\/p>\n<p>&nbsp;<\/p>\n<p>\u201cEs un programa que anunciamos previamente que el d\u00eda de hoy inicia. Se trata de que en las secundarias y en las escuelas de Educaci\u00f3n Media Superior, entre maestras, maestros, padres y madres de familia y estudiantes, trabajemos juntos, por si tenemos alg\u00fan problema, poder salir juntos adelante\u201d, puntualiz\u00f3 en la conferencia matutina: \u201cLas ma\u00f1aneras del pueblo\u201d que se realiz\u00f3 en la Escuela Secundaria T\u00e9cnica No. 10 \u201cArtes Gr\u00e1ficas\u201d de la Ciudad de M\u00e9xico.<\/p>\n<p>&nbsp;<\/p>\n<p>Explic\u00f3 que trabajar colectivamente permitir\u00e1 acompa\u00f1ar a las y los j\u00f3venes en todos los cambios emocionales que presentan en la adolescencia.<\/p>\n<p>&nbsp;<\/p>\n<p>&nbsp;<\/p>\n<p>\u201cEntre todos vamos a apoyar a las y los adolescentes de nuestro pa\u00eds para que puedan seguir creciendo de manera sana y siempre tengan una amiga o un amigo en su maestra, en su maestro, en sus compa\u00f1eros, en el Gobierno, para que puedan compartir y siempre salir adelante\u201d agreg\u00f3.<\/p>\n<p>&nbsp;<\/p>\n<p>La Jefa del Ejecutivo Federal aprovech\u00f3 la conferencia matutina para felicitar y dar la bienvenida a los m\u00e1s de 28 millones de alumnas y alumnos de Educaci\u00f3n B\u00e1sica y Media Superior, que en todo el pa\u00eds inician clases en el ciclo escolar 2026-2027. El secretario de Educaci\u00f3n P\u00fablica, Mario Delgado Carrillo, se\u00f1al\u00f3 que esta estrategia forma parte de la Nueva Escuela Mexicana (NEM), en donde la salud mental se cuida de forma colectiva entre estudiantes, directivos, madres y padres de familia.<\/p>\n<p>&nbsp;<\/p>\n<p>La subsecretaria de Educaci\u00f3n Media Superior, Tania Rodr\u00edguez Mora, detall\u00f3 que esta estrategia busca atender el bienestar socioemocional y la salud mental de adolescentes y j\u00f3venes de 14 a 18 a\u00f1os, con un enfoque preventivo, comunitario y territorial para una atenci\u00f3n integral al promover la convivencia, fortalecer los v\u00ednculos y fomentar el uso responsable de dispositivos tecnol\u00f3gicos, inteligencia artificial y redes sociodigitales.<\/p>\n<p>&nbsp;<\/p>\n<p>Inform\u00f3 que \u201cEl ABC de las emociones\u201d, contempla 7 ejes: 1. Campa\u00f1a de difusi\u00f3n, 2. Impresi\u00f3n de 16 millones de orientaciones y 250 mil carteles; 3. Actividades socioemocionales en las aulas (1 hora a la semana y de manera transversal); 4. Asambleas informativas con madres, padres y personas cuidadoras; 5. Pl\u00e1ticas interactivas en las escuelas; 6. Centros Comunitarios M\u00e9xico Imparable; 7. L\u00ednea de la Vida.<\/p>\n<p><strong>Fecha de publicaci\u00f3n lunes 31 de agosto de 2026<\/strong><\/p>\n","protected":false},"excerpt":{"rendered":"<p>CIUDAD DE M\u00c9XICO, MX. \u2014 En el marco del inicio del ciclo escolar 2026-2027, la&#8230;<\/p>\n","protected":false},"author":1,"featured_media":251204,"comment_status":"open","ping_status":"open","sticky":false,"template":"","format":"standard","meta":{"_monsterinsights_skip_tracking":false,"_monsterinsights_sitenote_active":false,"_monsterinsights_sitenote_note":"","_monsterinsights_sitenote_category":0,"footnotes":""},"categories":[5],"tags":[2432],"class_list":["post"],"yoast_head":" \n<title>Sonora en Equipo. Sheinbaum encabeza arranque de la estrategia nacional de atenci\u00f3n a la salud mental para\u00a0 los j\u00f3venes\u00a0 Rep\u00fablica<\/title>\n<meta name=\"description\" content=\"CIUDAD DE M\u00c9XICO, MX. \u2014 En el marco del inicio del ciclo escolar 2026-2027, la Presidenta de M\u00e9xico, Claudia Sheinbaum Pardo, encabez\u00f3 el arranque de la En Sonora en Equipo publicamos toda la informaci\u00f3n de Sonora, M\u00e9xico y el Mundo de manera oportuna y busca que la libertad de expresi\u00f3n sea real. Visita nuestro medio informativo publicado desde Hermosillo, Sonora. %\" \/>\n<meta name=\"robots\" content=\"index, follow, max-snippet:-1, max-image-preview:large, max-video-preview:-1\" \/>\n<link rel=\"canonical\" href=\"https:\/\/www.sonoraenequipo.com.mx\/sheinbaum-encabeza-arranque-de-la-estrategia-nacional-de-atencion-a-la-salud-mental-para-los-jovenes\/\" \/>\n<meta property=\"og:locale\" content=\"es_ES\" \/>\n<meta property=\"og:type\" content=\"article\" \/>\n<meta property=\"og:title\" content=\"Sonora en Equipo. Sheinbaum encabeza arranque de la estrategia nacional de atenci\u00f3n a la salud mental para\u00a0 los j\u00f3venes\u00a0 Rep\u00fablica\" \/>\n<meta property=\"og:description\" content=\"CIUDAD DE M\u00c9XICO, MX. \u2014 En el marco del inicio del ciclo escolar 2026-2027, la Presidenta de M\u00e9xico, Claudia Sheinbaum Pardo, encabez\u00f3 el arranque de la En Sonora en Equipo publicamos toda la informaci\u00f3n de Sonora, M\u00e9xico y el Mundo de manera oportuna y busca que la libertad de expresi\u00f3n sea real. Visita nuestro medio informativo publicado desde Hermosillo, Sonora. %\" \/>\n<meta property=\"og:url\" content=\"https:\/\/www.sonoraenequipo.com.mx\/sheinbaum-encabeza-arranque-de-la-estrategia-nacional-de-atencion-a-la-salud-mental-para-los-jovenes\/\" \/>\n<meta property=\"og:site_name\" content=\"Sonora en Equipo.\" \/>\n<meta property=\"article:publisher\" content=\"https:\/\/www.facebook.com\/SonoraEE\/\" \/>\n<meta property=\"article:author\" content=\"https:\/\/www.facebook.com\/SonoraEE\" \/>\n<meta property=\"article:published_time\" content=\"2026-08-31T22:20:41+00:00\" \/>\n<meta property=\"og:image\" content=\"https:\/\/www.sonoraenequipo.com.mx\/storage\/2026\/08\/csp-nicio-ciclo.jpg\" \/>\n\t<meta property=\"og:image:width\" content=\"600\" \/>\n\t<meta property=\"og:image:height\" content=\"401\" \/>\n\t<meta property=\"og:image:type\" content=\"image\/jpeg\" \/>\n<meta name=\"author\" content=\"enequipo\" \/>\n<meta name=\"twitter:card\" content=\"summary_large_image\" \/>\n<meta name=\"twitter:creator\" content=\"@sonoraenequipo\" \/>\n<meta name=\"twitter:site\" content=\"@sonoraenequipo\" \/>\n<meta name=\"twitter:label1\" content=\"Escrito por\" \/>\n\t<meta name=\"twitter:data1\" content=\"enequipo\" \/>\n\t<meta name=\"twitter:label2\" content=\"Tiempo de lectura\" \/>\n\t<meta name=\"twitter:data2\" content=\"2 minutos\" \/>\n<script type=\"application\/ld+json\" class=\"yoast-schema-graph\">{\"@context\":\"https:\/\/schema.org\",\"@graph\":[{\"@type\":\"Article\",\"@id\":\"https:\/\/www.sonoraenequipo.com.mx\/sheinbaum-encabeza-arranque-de-la-estrategia-nacional-de-atencion-a-la-salud-mental-para-los-jovenes\/#article\",\"isPartOf\":{\"@id\":\"https:\/\/www.sonoraenequipo.com.mx\/sheinbaum-encabeza-arranque-de-la-estrategia-nacional-de-atencion-a-la-salud-mental-para-los-jovenes\/\"},\"author\":{\"name\":\"enequipo\",\"@id\":\"https:\/\/www.sonoraenequipo.com.mx\/#\/schema\/person\/50102df0fb23a8fa9e8effad8fa81386\"},\"headline\":\"Sheinbaum encabeza arranque de la estrategia nacional de atenci\u00f3n a la salud mental para\u00a0 los j\u00f3venes\u00a0\",\"datePublished\":\"2026-08-31T22:20:41+00:00\",\"mainEntityOfPage\":{\"@id\":\"https:\/\/www.sonoraenequipo.com.mx\/sheinbaum-encabeza-arranque-de-la-estrategia-nacional-de-atencion-a-la-salud-mental-para-los-jovenes\/\"},\"wordCount\":505,\"commentCount\":0,\"publisher\":{\"@id\":\"https:\/\/www.sonoraenequipo.com.mx\/#organization\"},\"image\":{\"@id\":\"https:\/\/www.sonoraenequipo.com.mx\/sheinbaum-encabeza-arranque-de-la-estrategia-nacional-de-atencion-a-la-salud-mental-para-los-jovenes\/#primaryimage\"},\"thumbnailUrl\":\"https:\/\/www.sonoraenequipo.com.mx\/storage\/2026\/08\/csp-nicio-ciclo.jpg\",\"keywords\":[\"Claudia Sheinbaum\"],\"articleSection\":[\"Rep\u00fablica\"],\"inLanguage\":\"es\",\"potentialAction\":[{\"@type\":\"CommentAction\",\"name\":\"Comment\",\"target\":[\"https:\/\/www.sonoraenequipo.com.mx\/sheinbaum-encabeza-arranque-de-la-estrategia-nacional-de-atencion-a-la-salud-mental-para-los-jovenes\/#respond\"]}]},{\"@type\":\"WebPage\",\"@id\":\"https:\/\/www.sonoraenequipo.com.mx\/sheinbaum-encabeza-arranque-de-la-estrategia-nacional-de-atencion-a-la-salud-mental-para-los-jovenes\/\",\"url\":\"https:\/\/www.sonoraenequipo.com.mx\/sheinbaum-encabeza-arranque-de-la-estrategia-nacional-de-atencion-a-la-salud-mental-para-los-jovenes\/\",\"name\":\"Sonora en Equipo. Sheinbaum encabeza arranque de la estrategia nacional de atenci\u00f3n a la salud mental para\u00a0 los j\u00f3venes\u00a0 Rep\u00fablica\",\"isPartOf\":{\"@id\":\"https:\/\/www.sonoraenequipo.com.mx\/#website\"},\"primaryImageOfPage\":{\"@id\":\"https:\/\/www.sonoraenequipo.com.mx\/sheinbaum-encabeza-arranque-de-la-estrategia-nacional-de-atencion-a-la-salud-mental-para-los-jovenes\/#primaryimage\"},\"image\":{\"@id\":\"https:\/\/www.sonoraenequipo.com.mx\/sheinbaum-encabeza-arranque-de-la-estrategia-nacional-de-atencion-a-la-salud-mental-para-los-jovenes\/#primaryimage\"},\"thumbnailUrl\":\"https:\/\/www.sonoraenequipo.com.mx\/storage\/2026\/08\/csp-nicio-ciclo.jpg\",\"datePublished\":\"2026-08-31T22:20:41+00:00\",\"description\":\"CIUDAD DE M\u00c9XICO, MX. \u2014 En el marco del inicio del ciclo escolar 2026-2027, la Presidenta de M\u00e9xico, Claudia Sheinbaum Pardo, encabez\u00f3 el arranque de la En Sonora en Equipo publicamos toda la informaci\u00f3n de Sonora, M\u00e9xico y el Mundo de manera oportuna y busca que la libertad de expresi\u00f3n sea real. Visita nuestro medio informativo publicado desde Hermosillo, Sonora. %\",\"breadcrumb\":{\"@id\":\"https:\/\/www.sonoraenequipo.com.mx\/sheinbaum-encabeza-arranque-de-la-estrategia-nacional-de-atencion-a-la-salud-mental-para-los-jovenes\/#breadcrumb\"},\"inLanguage\":\"es\",\"potentialAction\":[{\"@type\":\"ReadAction\",\"target\":[\"https:\/\/www.sonoraenequipo.com.mx\/sheinbaum-encabeza-arranque-de-la-estrategia-nacional-de-atencion-a-la-salud-mental-para-los-jovenes\/\"]}]},{\"@type\":\"ImageObject\",\"inLanguage\":\"es\",\"@id\":\"https:\/\/www.sonoraenequipo.com.mx\/sheinbaum-encabeza-arranque-de-la-estrategia-nacional-de-atencion-a-la-salud-mental-para-los-jovenes\/#primaryimage\",\"url\":\"https:\/\/www.sonoraenequipo.com.mx\/storage\/2026\/08\/csp-nicio-ciclo.jpg\",\"contentUrl\":\"https:\/\/www.sonoraenequipo.com.mx\/storage\/2026\/08\/csp-nicio-ciclo.jpg\",\"width\":600,\"height\":401},{\"@type\":\"BreadcrumbList\",\"@id\":\"https:\/\/www.sonoraenequipo.com.mx\/sheinbaum-encabeza-arranque-de-la-estrategia-nacional-de-atencion-a-la-salud-mental-para-los-jovenes\/#breadcrumb\",\"itemListElement\":[{\"@type\":\"ListItem\",\"position\":1,\"name\":\"Portada\",\"item\":\"https:\/\/www.sonoraenequipo.com.mx\/\"},{\"@type\":\"ListItem\",\"position\":2,\"name\":\"Sheinbaum encabeza arranque de la estrategia nacional de atenci\u00f3n a la salud mental para\u00a0 los j\u00f3venes\u00a0\"}]},{\"@type\":\"WebSite\",\"@id\":\"https:\/\/www.sonoraenequipo.com.mx\/#website\",\"url\":\"https:\/\/www.sonoraenequipo.com.mx\/\",\"name\":\"Sonora en Equipo.\",\"description\":\"Diario en l\u00ednea con Noticias desde Hermosillo, Sonora\",\"publisher\":{\"@id\":\"https:\/\/www.sonoraenequipo.com.mx\/#organization\"},\"potentialAction\":[{\"@type\":\"SearchAction\",\"target\":{\"@type\":\"EntryPoint\",\"urlTemplate\":\"https:\/\/www.sonoraenequipo.com.mx\/?s={search_term_string}\"},\"query-input\":{\"@type\":\"PropertyValueSpecification\",\"valueRequired\":true,\"valueName\":\"search_term_string\"}}],\"inLanguage\":\"es\"},{\"@type\":\"Organization\",\"@id\":\"https:\/\/www.sonoraenequipo.com.mx\/#organization\",\"name\":\"Sonoraenequipo.com.mx\",\"url\":\"https:\/\/www.sonoraenequipo.com.mx\/\",\"logo\":{\"@type\":\"ImageObject\",\"inLanguage\":\"es\",\"@id\":\"https:\/\/www.sonoraenequipo.com.mx\/#\/schema\/logo\/image\/\",\"url\":\"https:\/\/www.sonoraenequipo.com.mx\/storage\/2019\/01\/sonoraenequipo_opt.png\",\"contentUrl\":\"https:\/\/www.sonoraenequipo.com.mx\/storage\/2019\/01\/sonoraenequipo_opt.png\",\"width\":375,\"height\":125,\"caption\":\"Sonoraenequipo.com.mx\"},\"image\":{\"@id\":\"https:\/\/www.sonoraenequipo.com.mx\/#\/schema\/logo\/image\/\"},\"sameAs\":[\"https:\/\/www.facebook.com\/SonoraEE\/\",\"https:\/\/x.com\/sonoraenequipo\",\"https:\/\/www.youtube.com\/channel\/UC338nW-lPEYmJQs4ZABQ1SQ\"]},{\"@type\":\"Person\",\"@id\":\"https:\/\/www.sonoraenequipo.com.mx\/#\/schema\/person\/50102df0fb23a8fa9e8effad8fa81386\",\"name\":\"enequipo\",\"image\":{\"@type\":\"ImageObject\",\"inLanguage\":\"es\",\"@id\":\"https:\/\/www.sonoraenequipo.com.mx\/#\/schema\/person\/image\/\",\"url\":\"https:\/\/secure.gravatar.com\/avatar\/049821681b589dabc0bc20695993ccebb09f5b5d4d790cd9251b97faac7c652b?s=96&d=blank&r=g\",\"contentUrl\":\"https:\/\/secure.gravatar.com\/avatar\/049821681b589dabc0bc20695993ccebb09f5b5d4d790cd9251b97faac7c652b?s=96&d=blank&r=g\",\"caption\":\"enequipo\"},\"sameAs\":[\"https:\/\/www.facebook.com\/SonoraEE\"]}]}<\/script>\n ","yoast_head_json":{"title":"Sonora en Equipo. Sheinbaum encabeza arranque de la estrategia nacional de atenci\u00f3n a la salud mental para\u00a0 los j\u00f3venes\u00a0 Rep\u00fablica","description":"CIUDAD DE M\u00c9XICO, MX. \u2014 En el marco del inicio del ciclo escolar 2026-2027, la Presidenta de M\u00e9xico, Claudia Sheinbaum Pardo, encabez\u00f3 el arranque de la En Sonora en Equipo publicamos toda la informaci\u00f3n de Sonora, M\u00e9xico y el Mundo de manera oportuna y busca que la libertad de expresi\u00f3n sea real. Visita nuestro medio informativo publicado desde Hermosillo, Sonora. %","robots":{"index":"index","follow":"follow","max-snippet":"max-snippet:-1","max-image-preview":"max-image-preview:large","max-video-preview":"max-video-preview:-1"},"canonical":"https:\/\/www.sonoraenequipo.com.mx\/sheinbaum-encabeza-arranque-de-la-estrategia-nacional-de-atencion-a-la-salud-mental-para-los-jovenes\/","og_locale":"es_ES","og_type":"article","og_title":"Sonora en Equipo. Sheinbaum encabeza arranque de la estrategia nacional de atenci\u00f3n a la salud mental para\u00a0 los j\u00f3venes\u00a0 Rep\u00fablica","og_description":"CIUDAD DE M\u00c9XICO, MX. \u2014 En el marco del inicio del ciclo escolar 2026-2027, la Presidenta de M\u00e9xico, Claudia Sheinbaum Pardo, encabez\u00f3 el arranque de la En Sonora en Equipo publicamos toda la informaci\u00f3n de Sonora, M\u00e9xico y el Mundo de manera oportuna y busca que la libertad de expresi\u00f3n sea real. Visita nuestro medio informativo publicado desde Hermosillo, Sonora. %","og_url":"https:\/\/www.sonoraenequipo.com.mx\/sheinbaum-encabeza-arranque-de-la-estrategia-nacional-de-atencion-a-la-salud-mental-para-los-jovenes\/","og_site_name":"Sonora en Equipo.","article_publisher":"https:\/\/www.facebook.com\/SonoraEE\/","article_author":"https:\/\/www.facebook.com\/SonoraEE","article_published_time":"2026-08-31T22:20:41+00:00","og_image":[{"width":600,"height":401,"url":"https:\/\/www.sonoraenequipo.com.mx\/storage\/2026\/08\/csp-nicio-ciclo.jpg","type":"image\/jpeg"}],"author":"enequipo","twitter_card":"summary_large_image","twitter_creator":"@sonoraenequipo","twitter_site":"@sonoraenequipo","twitter_misc":{"Escrito por":"enequipo","Tiempo de lectura":"2 minutos"},"schema":{"@context":"https:\/\/schema.org","@graph":[{"@type":"Article","@id":"https:\/\/www.sonoraenequipo.com.mx\/sheinbaum-encabeza-arranque-de-la-estrategia-nacional-de-atencion-a-la-salud-mental-para-los-jovenes\/#article","isPartOf":{"@id":"https:\/\/www.sonoraenequipo.com.mx\/sheinbaum-encabeza-arranque-de-la-estrategia-nacional-de-atencion-a-la-salud-mental-para-los-jovenes\/"},"author":{"name":"enequipo","@id":"https:\/\/www.sonoraenequipo.com.mx\/#\/schema\/person\/50102df0fb23a8fa9e8effad8fa81386"},"headline":"Sheinbaum encabeza arranque de la estrategia nacional de atenci\u00f3n a la salud mental para\u00a0 los j\u00f3venes\u00a0","datePublished":"2026-08-31T22:20:41+00:00","mainEntityOfPage":{"@id":"https:\/\/www.sonoraenequipo.com.mx\/sheinbaum-encabeza-arranque-de-la-estrategia-nacional-de-atencion-a-la-salud-mental-para-los-jovenes\/"},"wordCount":505,"commentCount":0,"publisher":{"@id":"https:\/\/www.sonoraenequipo.com.mx\/#organization"},"image":{"@id":"https:\/\/www.sonoraenequipo.com.mx\/sheinbaum-encabeza-arranque-de-la-estrategia-nacional-de-atencion-a-la-salud-mental-para-los-jovenes\/#primaryimage"},"thumbnailUrl":"https:\/\/www.sonoraenequipo.com.mx\/storage\/2026\/08\/csp-nicio-ciclo.jpg","keywords":["Claudia Sheinbaum"],"articleSection":["Rep\u00fablica"],"inLanguage":"es","potentialAction":[{"@type":"CommentAction","name":"Comment","target":["https:\/\/www.sonoraenequipo.com.mx\/sheinbaum-encabeza-arranque-de-la-estrategia-nacional-de-atencion-a-la-salud-mental-para-los-jovenes\/#respond"]}]},{"@type":"WebPage","@id":"https:\/\/www.sonoraenequipo.com.mx\/sheinbaum-encabeza-arranque-de-la-estrategia-nacional-de-atencion-a-la-salud-mental-para-los-jovenes\/","url":"https:\/\/www.sonoraenequipo.com.mx\/sheinbaum-encabeza-arranque-de-la-estrategia-nacional-de-atencion-a-la-salud-mental-para-los-jovenes\/","name":"Sonora en Equipo. Sheinbaum encabeza arranque de la estrategia nacional de atenci\u00f3n a la salud mental para\u00a0 los j\u00f3venes\u00a0 Rep\u00fablica","isPartOf":{"@id":"https:\/\/www.sonoraenequipo.com.mx\/#website"},"primaryImageOfPage":{"@id":"https:\/\/www.sonoraenequipo.com.mx\/sheinbaum-encabeza-arranque-de-la-estrategia-nacional-de-atencion-a-la-salud-mental-para-los-jovenes\/#primaryimage"},"image":{"@id":"https:\/\/www.sonoraenequipo.com.mx\/sheinbaum-encabeza-arranque-de-la-estrategia-nacional-de-atencion-a-la-salud-mental-para-los-jovenes\/#primaryimage"},"thumbnailUrl":"https:\/\/www.sonoraenequipo.com.mx\/storage\/2026\/08\/csp-nicio-ciclo.jpg","datePublished":"2026-08-31T22:20:41+00:00","description":"CIUDAD DE M\u00c9XICO, MX. \u2014 En el marco del inicio del ciclo escolar 2026-2027, la Presidenta de M\u00e9xico, Claudia Sheinbaum Pardo, encabez\u00f3 el arranque de la En Sonora en Equipo publicamos toda la informaci\u00f3n de Sonora, M\u00e9xico y el Mundo de manera oportuna y busca que la libertad de expresi\u00f3n sea real. Visita nuestro medio informativo publicado desde Hermosillo, Sonora. %","breadcrumb":{"@id":"https:\/\/www.sonoraenequipo.com.mx\/sheinbaum-encabeza-arranque-de-la-estrategia-nacional-de-atencion-a-la-salud-mental-para-los-jovenes\/#breadcrumb"},"inLanguage":"es","potentialAction":[{"@type":"ReadAction","target":["https:\/\/www.sonoraenequipo.com.mx\/sheinbaum-encabeza-arranque-de-la-estrategia-nacional-de-atencion-a-la-salud-mental-para-los-jovenes\/"]}]},{"@type":"ImageObject","inLanguage":"es","@id":"https:\/\/www.sonoraenequipo.com.mx\/sheinbaum-encabeza-arranque-de-la-estrategia-nacional-de-atencion-a-la-salud-mental-para-los-jovenes\/#primaryimage","url":"https:\/\/www.sonoraenequipo.com.mx\/storage\/2026\/08\/csp-nicio-ciclo.jpg","contentUrl":"https:\/\/www.sonoraenequipo.com.mx\/storage\/2026\/08\/csp-nicio-ciclo.jpg","width":600,"height":401},{"@type":"BreadcrumbList","@id":"https:\/\/www.sonoraenequipo.com.mx\/sheinbaum-encabeza-arranque-de-la-estrategia-nacional-de-atencion-a-la-salud-mental-para-los-jovenes\/#breadcrumb","itemListElement":[{"@type":"ListItem","position":1,"name":"Portada","item":"https:\/\/www.sonoraenequipo.com.mx\/"},{"@type":"ListItem","position":2,"name":"Sheinbaum encabeza arranque de la estrategia nacional de atenci\u00f3n a la salud mental para\u00a0 los j\u00f3venes\u00a0"}]},{"@type":"WebSite","@id":"https:\/\/www.sonoraenequipo.com.mx\/#website","url":"https:\/\/www.sonoraenequipo.com.mx\/","name":"Sonora en Equipo.","description":"Diario en l\u00ednea con Noticias desde Hermosillo, Sonora","publisher":{"@id":"https:\/\/www.sonoraenequipo.com.mx\/#organization"},"potentialAction":[{"@type":"SearchAction","target":{"@type":"EntryPoint","urlTemplate":"https:\/\/www.sonoraenequipo.com.mx\/?s={search_term_string}"},"query-input":{"@type":"PropertyValueSpecification","valueRequired":true,"valueName":"search_term_string"}}],"inLanguage":"es"},{"@type":"Organization","@id":"https:\/\/www.sonoraenequipo.com.mx\/#organization","name":"Sonoraenequipo.com.mx","url":"https:\/\/www.sonoraenequipo.com.mx\/","logo":{"@type":"ImageObject","inLanguage":"es","@id":"https:\/\/www.sonoraenequipo.com.mx\/#\/schema\/logo\/image\/","url":"https:\/\/www.sonoraenequipo.com.mx\/storage\/2019\/01\/sonoraenequipo_opt.png","contentUrl":"https:\/\/www.sonoraenequipo.com.mx\/storage\/2019\/01\/sonoraenequipo_opt.png","width":375,"height":125,"caption":"Sonoraenequipo.com.mx"},"image":{"@id":"https:\/\/www.sonoraenequipo.com.mx\/#\/schema\/logo\/image\/"},"sameAs":["https:\/\/www.facebook.com\/SonoraEE\/","https:\/\/x.com\/sonoraenequipo","https:\/\/www.youtube.com\/channel\/UC338nW-lPEYmJQs4ZABQ1SQ"]},{"@type":"Person","@id":"https:\/\/www.sonoraenequipo.com.mx\/#\/schema\/person\/50102df0fb23a8fa9e8effad8fa81386","name":"enequipo","image":{"@type":"ImageObject","inLanguage":"es","@id":"https:\/\/www.sonoraenequipo.com.mx\/#\/schema\/person\/image\/","url":"https:\/\/secure.gravatar.com\/avatar\/049821681b589dabc0bc20695993ccebb09f5b5d4d790cd9251b97faac7c652b?s=96&d=blank&r=g","contentUrl":"https:\/\/secure.gravatar.com\/avatar\/049821681b589dabc0bc20695993ccebb09f5b5d4d790cd9251b97faac7c652b?s=96&d=blank&r=g","caption":"enequipo"},"sameAs":["https:\/\/www.facebook.com\/SonoraEE"]}]}},"jetpack_featured_media_url":"https:\/\/www.sonoraenequipo.com.mx\/storage\/2026\/08\/csp-nicio-ciclo.jpg","_links":{"self":[{"href":"https:\/\/www.sonoraenequipo.com.mx\/api\/wp\/v2\/posts\/251203","targetHints":{"allow":["GET"]}}],"collection":[{"href":"https:\/\/www.sonoraenequipo.com.mx\/api\/wp\/v2\/posts"}],"about":[{"href":"https:\/\/www.sonoraenequipo.com.mx\/api\/wp\/v2\/types\/post"}],"author":[{"embeddable":true,"href":"https:\/\/www.sonoraenequipo.com.mx\/api\/wp\/v2\/users\/1"}],"replies":[{"embeddable":true,"href":"https:\/\/www.sonoraenequipo.com.mx\/api\/wp\/v2\/comments?post=251203"}],"version-history":[{"count":1,"href":"https:\/\/www.sonoraenequipo.com.mx\/api\/wp\/v2\/posts\/251203\/revisions"}],"predecessor-version":[{"id":251205,"href":"https:\/\/www.sonoraenequipo.com.mx\/api\/wp\/v2\/posts\/251203\/revisions\/251205"}],"wp:featuredmedia":[{"embeddable":true,"href":"https:\/\/www.sonoraenequipo.com.mx\/api\/wp\/v2\/media\/251204"}],"wp:attachment":[{"href":"https:\/\/www.sonoraenequipo.com.mx\/api\/wp\/v2\/media?parent=251203"}],"wp:term":[{"taxonomy":"category","embeddable":true,"href":"https:\/\/www.sonoraenequipo.com.mx\/api\/wp\/v2\/categories?post=251203"},{"taxonomy":"post_tag","embeddable":true,"href":"https:\/\/www.sonoraenequipo.com.mx\/api\/wp\/v2\/tags?post=251203"}],"curies":[{"name":"wp","href":"https:\/\/api.w.org\/{rel}","templated":true}]}}