{"id":251206,"date":"2026-08-31T15:23:52","date_gmt":"2026-08-31T22:23:52","guid":{"rendered":"https:\/\/www.sonoraenequipo.com.mx\/?p=251206"},"modified":"2026-08-31T15:23:52","modified_gmt":"2026-08-31T22:23:52","slug":"gobierno-de-sonora-promueve-el-deporte-la-convivencia-y-la-cultura-en-el-bosque-urbano-la-sauceda","status":"publish","type":"post","link":"https:\/\/www.sonoraenequipo.com.mx\/gobierno-de-sonora-promueve-el-deporte-la-convivencia-y-la-cultura-en-el-bosque-urbano-la-sauceda\/","title":{"rendered":"Gobierno de Sonora promueve el deporte, la convivencia y la cultura en el Bosque Urbano La Sauceda"},"content":{"rendered":"<p><strong>HERMOSILLO, SONORA, MX. \u2014<\/strong> El Gobierno de Sonora, a trav\u00e9s del Bosque Urbano La Sauceda, llev\u00f3 a cabo este fin de semana una variedad de actividades deportivas, culturales, ambientales y educativas, que reunieron a familias y visitantes para disfrutar, convivir y participar en las distintas propuestas.<\/p>\n<p>&nbsp;<\/p>\n<p>&nbsp;<\/p>\n<p>&nbsp;<\/p>\n<p>La programaci\u00f3n inici\u00f3 el viernes 28 de agosto con una nueva edici\u00f3n de Econversando, donde la bi\u00f3loga Daisy L\u00f3pez present\u00f3 la charla \u201c\u00bfQu\u00e9 insectos visitan nuestros jardines nativos?\u201d, en la que las y los asistentes aprendieron a reconocer diferentes especies y conocieron su importancia para los ecosistemas.<\/p>\n<p>&nbsp;<\/p>\n<p>&nbsp;<\/p>\n<p>&nbsp;<\/p>\n<p>Durante el s\u00e1bado se realiz\u00f3 una jornada de limpieza y conservaci\u00f3n, adem\u00e1s de actividades educativas y creativas como Peque\u00f1os Guardabosques, donde ni\u00f1as y ni\u00f1os elaboraron portal\u00e1pices con materiales reciclados, as\u00ed como talleres de cer\u00e1mica con flora y fauna regional y pintura en cer\u00e1mica.<\/p>\n<p>&nbsp;<\/p>\n<p>&nbsp;<\/p>\n<p>&nbsp;<\/p>\n<p>El domingo, las actividades comenzaron desde temprano con una carrera organizada por Running Up, que convoc\u00f3 a una gran cantidad de participantes, quienes recorrieron los alrededores del Bosque Urbano y la trotapista, disfrutando de una ma\u00f1ana de actividad f\u00edsica y convivencia.<\/p>\n<p>&nbsp;<\/p>\n<p>&nbsp;<\/p>\n<p>&nbsp;<\/p>\n<p>La jornada del domingo continu\u00f3 con otra jornada de limpieza y conservaci\u00f3n, talleres de cer\u00e1mica, el Bazar Cultural y la charla \u201cEl sentimiento de soledad: vivir entre muchos y vivir en soledad\u201d. Para cerrar el fin de semana, Domingo en el Bosque present\u00f3 la obra de teatro \u201c\u00a1Qu\u00e9 plant\u00f3n!\u201d, una comedia musical familiar dirigida por Adriana Yimi V\u00e1zquez Hern\u00e1ndez, a cargo del grupo Novel, que invit\u00f3 al p\u00fablico a reflexionar sobre el cuidado del medio ambiente y la conservaci\u00f3n del planeta.<\/p>\n<p>&nbsp;<\/p>\n<p>&nbsp;<\/p>\n<p>&nbsp;<\/p>\n<p>Con estas actividades, el Gobierno de Sonora refrenda su compromiso de generar espacios para la convivencia, la recreaci\u00f3n, el aprendizaje, la actividad f\u00edsica y la participaci\u00f3n ciudadana, fortaleciendo al Bosque Urbano La Sauceda como un espacio de encuentro para las familias y visitantes.<\/p>\n<p><strong>Fecha de publicaci\u00f3n lunes 31 de agosto de 2026<\/strong><\/p>\n","protected":false},"excerpt":{"rendered":"<p>HERMOSILLO, SONORA, MX. \u2014 El Gobierno de Sonora, a trav\u00e9s del Bosque Urbano La Sauceda,&#8230;<\/p>\n","protected":false},"author":1,"featured_media":247318,"comment_status":"open","ping_status":"open","sticky":false,"template":"","format":"standard","meta":{"_monsterinsights_skip_tracking":false,"_monsterinsights_sitenote_active":false,"_monsterinsights_sitenote_note":"","_monsterinsights_sitenote_category":0,"footnotes":""},"categories":[22],"tags":[12783],"class_list":["post"],"yoast_head":" \n<title>Sonora en Equipo. Gobierno de Sonora promueve el deporte, la convivencia y la cultura en el Bosque Urbano La Sauceda Sonora<\/title>\n<meta name=\"description\" content=\"HERMOSILLO, SONORA, MX. \u2014 El Gobierno de Sonora, a trav\u00e9s del Bosque Urbano La Sauceda, llev\u00f3 a cabo este fin de semana una variedad de actividades En Sonora en Equipo publicamos toda la informaci\u00f3n de Sonora, M\u00e9xico y el Mundo de manera oportuna y busca que la libertad de expresi\u00f3n sea real. Visita nuestro medio informativo publicado desde Hermosillo, Sonora. %\" \/>\n<meta name=\"robots\" content=\"index, follow, max-snippet:-1, max-image-preview:large, max-video-preview:-1\" \/>\n<link rel=\"canonical\" href=\"https:\/\/www.sonoraenequipo.com.mx\/gobierno-de-sonora-promueve-el-deporte-la-convivencia-y-la-cultura-en-el-bosque-urbano-la-sauceda\/\" \/>\n<meta property=\"og:locale\" content=\"es_ES\" \/>\n<meta property=\"og:type\" content=\"article\" \/>\n<meta property=\"og:title\" content=\"Sonora en Equipo. Gobierno de Sonora promueve el deporte, la convivencia y la cultura en el Bosque Urbano La Sauceda Sonora\" \/>\n<meta property=\"og:description\" content=\"HERMOSILLO, SONORA, MX. \u2014 El Gobierno de Sonora, a trav\u00e9s del Bosque Urbano La Sauceda, llev\u00f3 a cabo este fin de semana una variedad de actividades En Sonora en Equipo publicamos toda la informaci\u00f3n de Sonora, M\u00e9xico y el Mundo de manera oportuna y busca que la libertad de expresi\u00f3n sea real. Visita nuestro medio informativo publicado desde Hermosillo, Sonora. %\" \/>\n<meta property=\"og:url\" content=\"https:\/\/www.sonoraenequipo.com.mx\/gobierno-de-sonora-promueve-el-deporte-la-convivencia-y-la-cultura-en-el-bosque-urbano-la-sauceda\/\" \/>\n<meta property=\"og:site_name\" content=\"Sonora en Equipo.\" \/>\n<meta property=\"article:publisher\" content=\"https:\/\/www.facebook.com\/SonoraEE\/\" \/>\n<meta property=\"article:author\" content=\"https:\/\/www.facebook.com\/SonoraEE\" \/>\n<meta property=\"article:published_time\" content=\"2026-08-31T22:23:52+00:00\" \/>\n<meta property=\"og:image\" content=\"https:\/\/www.sonoraenequipo.com.mx\/storage\/2026\/07\/la-sauceda-1.jpg\" \/>\n\t<meta property=\"og:image:width\" content=\"1000\" \/>\n\t<meta property=\"og:image:height\" content=\"663\" \/>\n\t<meta property=\"og:image:type\" content=\"image\/jpeg\" \/>\n<meta name=\"author\" content=\"enequipo\" \/>\n<meta name=\"twitter:card\" content=\"summary_large_image\" \/>\n<meta name=\"twitter:creator\" content=\"@sonoraenequipo\" \/>\n<meta name=\"twitter:site\" content=\"@sonoraenequipo\" \/>\n<meta name=\"twitter:label1\" content=\"Escrito por\" \/>\n\t<meta name=\"twitter:data1\" content=\"enequipo\" \/>\n\t<meta name=\"twitter:label2\" content=\"Tiempo de lectura\" \/>\n\t<meta name=\"twitter:data2\" content=\"2 minutos\" \/>\n<script type=\"application\/ld+json\" class=\"yoast-schema-graph\">{\"@context\":\"https:\/\/schema.org\",\"@graph\":[{\"@type\":\"Article\",\"@id\":\"https:\/\/www.sonoraenequipo.com.mx\/gobierno-de-sonora-promueve-el-deporte-la-convivencia-y-la-cultura-en-el-bosque-urbano-la-sauceda\/#article\",\"isPartOf\":{\"@id\":\"https:\/\/www.sonoraenequipo.com.mx\/gobierno-de-sonora-promueve-el-deporte-la-convivencia-y-la-cultura-en-el-bosque-urbano-la-sauceda\/\"},\"author\":{\"name\":\"enequipo\",\"@id\":\"https:\/\/www.sonoraenequipo.com.mx\/#\/schema\/person\/50102df0fb23a8fa9e8effad8fa81386\"},\"headline\":\"Gobierno de Sonora promueve el deporte, la convivencia y la cultura en el Bosque Urbano La Sauceda\",\"datePublished\":\"2026-08-31T22:23:52+00:00\",\"mainEntityOfPage\":{\"@id\":\"https:\/\/www.sonoraenequipo.com.mx\/gobierno-de-sonora-promueve-el-deporte-la-convivencia-y-la-cultura-en-el-bosque-urbano-la-sauceda\/\"},\"wordCount\":365,\"commentCount\":0,\"publisher\":{\"@id\":\"https:\/\/www.sonoraenequipo.com.mx\/#organization\"},\"image\":{\"@id\":\"https:\/\/www.sonoraenequipo.com.mx\/gobierno-de-sonora-promueve-el-deporte-la-convivencia-y-la-cultura-en-el-bosque-urbano-la-sauceda\/#primaryimage\"},\"thumbnailUrl\":\"https:\/\/www.sonoraenequipo.com.mx\/storage\/2026\/07\/la-sauceda-1.jpg\",\"keywords\":[\"La SaucedaHermosillo\"],\"articleSection\":[\"Sonora\"],\"inLanguage\":\"es\",\"potentialAction\":[{\"@type\":\"CommentAction\",\"name\":\"Comment\",\"target\":[\"https:\/\/www.sonoraenequipo.com.mx\/gobierno-de-sonora-promueve-el-deporte-la-convivencia-y-la-cultura-en-el-bosque-urbano-la-sauceda\/#respond\"]}]},{\"@type\":\"WebPage\",\"@id\":\"https:\/\/www.sonoraenequipo.com.mx\/gobierno-de-sonora-promueve-el-deporte-la-convivencia-y-la-cultura-en-el-bosque-urbano-la-sauceda\/\",\"url\":\"https:\/\/www.sonoraenequipo.com.mx\/gobierno-de-sonora-promueve-el-deporte-la-convivencia-y-la-cultura-en-el-bosque-urbano-la-sauceda\/\",\"name\":\"Sonora en Equipo. Gobierno de Sonora promueve el deporte, la convivencia y la cultura en el Bosque Urbano La Sauceda Sonora\",\"isPartOf\":{\"@id\":\"https:\/\/www.sonoraenequipo.com.mx\/#website\"},\"primaryImageOfPage\":{\"@id\":\"https:\/\/www.sonoraenequipo.com.mx\/gobierno-de-sonora-promueve-el-deporte-la-convivencia-y-la-cultura-en-el-bosque-urbano-la-sauceda\/#primaryimage\"},\"image\":{\"@id\":\"https:\/\/www.sonoraenequipo.com.mx\/gobierno-de-sonora-promueve-el-deporte-la-convivencia-y-la-cultura-en-el-bosque-urbano-la-sauceda\/#primaryimage\"},\"thumbnailUrl\":\"https:\/\/www.sonoraenequipo.com.mx\/storage\/2026\/07\/la-sauceda-1.jpg\",\"datePublished\":\"2026-08-31T22:23:52+00:00\",\"description\":\"HERMOSILLO, SONORA, MX. \u2014 El Gobierno de Sonora, a trav\u00e9s del Bosque Urbano La Sauceda, llev\u00f3 a cabo este fin de semana una variedad de actividades En Sonora en Equipo publicamos toda la informaci\u00f3n de Sonora, M\u00e9xico y el Mundo de manera oportuna y busca que la libertad de expresi\u00f3n sea real. Visita nuestro medio informativo publicado desde Hermosillo, Sonora. %\",\"breadcrumb\":{\"@id\":\"https:\/\/www.sonoraenequipo.com.mx\/gobierno-de-sonora-promueve-el-deporte-la-convivencia-y-la-cultura-en-el-bosque-urbano-la-sauceda\/#breadcrumb\"},\"inLanguage\":\"es\",\"potentialAction\":[{\"@type\":\"ReadAction\",\"target\":[\"https:\/\/www.sonoraenequipo.com.mx\/gobierno-de-sonora-promueve-el-deporte-la-convivencia-y-la-cultura-en-el-bosque-urbano-la-sauceda\/\"]}]},{\"@type\":\"ImageObject\",\"inLanguage\":\"es\",\"@id\":\"https:\/\/www.sonoraenequipo.com.mx\/gobierno-de-sonora-promueve-el-deporte-la-convivencia-y-la-cultura-en-el-bosque-urbano-la-sauceda\/#primaryimage\",\"url\":\"https:\/\/www.sonoraenequipo.com.mx\/storage\/2026\/07\/la-sauceda-1.jpg\",\"contentUrl\":\"https:\/\/www.sonoraenequipo.com.mx\/storage\/2026\/07\/la-sauceda-1.jpg\",\"width\":1000,\"height\":663},{\"@type\":\"BreadcrumbList\",\"@id\":\"https:\/\/www.sonoraenequipo.com.mx\/gobierno-de-sonora-promueve-el-deporte-la-convivencia-y-la-cultura-en-el-bosque-urbano-la-sauceda\/#breadcrumb\",\"itemListElement\":[{\"@type\":\"ListItem\",\"position\":1,\"name\":\"Portada\",\"item\":\"https:\/\/www.sonoraenequipo.com.mx\/\"},{\"@type\":\"ListItem\",\"position\":2,\"name\":\"Gobierno de Sonora promueve el deporte, la convivencia y la cultura en el Bosque Urbano La Sauceda\"}]},{\"@type\":\"WebSite\",\"@id\":\"https:\/\/www.sonoraenequipo.com.mx\/#website\",\"url\":\"https:\/\/www.sonoraenequipo.com.mx\/\",\"name\":\"Sonora en Equipo.\",\"description\":\"Diario en l\u00ednea con Noticias desde Hermosillo, Sonora\",\"publisher\":{\"@id\":\"https:\/\/www.sonoraenequipo.com.mx\/#organization\"},\"potentialAction\":[{\"@type\":\"SearchAction\",\"target\":{\"@type\":\"EntryPoint\",\"urlTemplate\":\"https:\/\/www.sonoraenequipo.com.mx\/?s={search_term_string}\"},\"query-input\":{\"@type\":\"PropertyValueSpecification\",\"valueRequired\":true,\"valueName\":\"search_term_string\"}}],\"inLanguage\":\"es\"},{\"@type\":\"Organization\",\"@id\":\"https:\/\/www.sonoraenequipo.com.mx\/#organization\",\"name\":\"Sonoraenequipo.com.mx\",\"url\":\"https:\/\/www.sonoraenequipo.com.mx\/\",\"logo\":{\"@type\":\"ImageObject\",\"inLanguage\":\"es\",\"@id\":\"https:\/\/www.sonoraenequipo.com.mx\/#\/schema\/logo\/image\/\",\"url\":\"https:\/\/www.sonoraenequipo.com.mx\/storage\/2019\/01\/sonoraenequipo_opt.png\",\"contentUrl\":\"https:\/\/www.sonoraenequipo.com.mx\/storage\/2019\/01\/sonoraenequipo_opt.png\",\"width\":375,\"height\":125,\"caption\":\"Sonoraenequipo.com.mx\"},\"image\":{\"@id\":\"https:\/\/www.sonoraenequipo.com.mx\/#\/schema\/logo\/image\/\"},\"sameAs\":[\"https:\/\/www.facebook.com\/SonoraEE\/\",\"https:\/\/x.com\/sonoraenequipo\",\"https:\/\/www.youtube.com\/channel\/UC338nW-lPEYmJQs4ZABQ1SQ\"]},{\"@type\":\"Person\",\"@id\":\"https:\/\/www.sonoraenequipo.com.mx\/#\/schema\/person\/50102df0fb23a8fa9e8effad8fa81386\",\"name\":\"enequipo\",\"image\":{\"@type\":\"ImageObject\",\"inLanguage\":\"es\",\"@id\":\"https:\/\/www.sonoraenequipo.com.mx\/#\/schema\/person\/image\/\",\"url\":\"https:\/\/secure.gravatar.com\/avatar\/049821681b589dabc0bc20695993ccebb09f5b5d4d790cd9251b97faac7c652b?s=96&d=blank&r=g\",\"contentUrl\":\"https:\/\/secure.gravatar.com\/avatar\/049821681b589dabc0bc20695993ccebb09f5b5d4d790cd9251b97faac7c652b?s=96&d=blank&r=g\",\"caption\":\"enequipo\"},\"sameAs\":[\"https:\/\/www.facebook.com\/SonoraEE\"]}]}<\/script>\n ","yoast_head_json":{"title":"Sonora en Equipo. Gobierno de Sonora promueve el deporte, la convivencia y la cultura en el Bosque Urbano La Sauceda Sonora","description":"HERMOSILLO, SONORA, MX. \u2014 El Gobierno de Sonora, a trav\u00e9s del Bosque Urbano La Sauceda, llev\u00f3 a cabo este fin de semana una variedad de actividades En Sonora en Equipo publicamos toda la informaci\u00f3n de Sonora, M\u00e9xico y el Mundo de manera oportuna y busca que la libertad de expresi\u00f3n sea real. Visita nuestro medio informativo publicado desde Hermosillo, Sonora. %","robots":{"index":"index","follow":"follow","max-snippet":"max-snippet:-1","max-image-preview":"max-image-preview:large","max-video-preview":"max-video-preview:-1"},"canonical":"https:\/\/www.sonoraenequipo.com.mx\/gobierno-de-sonora-promueve-el-deporte-la-convivencia-y-la-cultura-en-el-bosque-urbano-la-sauceda\/","og_locale":"es_ES","og_type":"article","og_title":"Sonora en Equipo. Gobierno de Sonora promueve el deporte, la convivencia y la cultura en el Bosque Urbano La Sauceda Sonora","og_description":"HERMOSILLO, SONORA, MX. \u2014 El Gobierno de Sonora, a trav\u00e9s del Bosque Urbano La Sauceda, llev\u00f3 a cabo este fin de semana una variedad de actividades En Sonora en Equipo publicamos toda la informaci\u00f3n de Sonora, M\u00e9xico y el Mundo de manera oportuna y busca que la libertad de expresi\u00f3n sea real. Visita nuestro medio informativo publicado desde Hermosillo, Sonora. %","og_url":"https:\/\/www.sonoraenequipo.com.mx\/gobierno-de-sonora-promueve-el-deporte-la-convivencia-y-la-cultura-en-el-bosque-urbano-la-sauceda\/","og_site_name":"Sonora en Equipo.","article_publisher":"https:\/\/www.facebook.com\/SonoraEE\/","article_author":"https:\/\/www.facebook.com\/SonoraEE","article_published_time":"2026-08-31T22:23:52+00:00","og_image":[{"width":1000,"height":663,"url":"https:\/\/www.sonoraenequipo.com.mx\/storage\/2026\/07\/la-sauceda-1.jpg","type":"image\/jpeg"}],"author":"enequipo","twitter_card":"summary_large_image","twitter_creator":"@sonoraenequipo","twitter_site":"@sonoraenequipo","twitter_misc":{"Escrito por":"enequipo","Tiempo de lectura":"2 minutos"},"schema":{"@context":"https:\/\/schema.org","@graph":[{"@type":"Article","@id":"https:\/\/www.sonoraenequipo.com.mx\/gobierno-de-sonora-promueve-el-deporte-la-convivencia-y-la-cultura-en-el-bosque-urbano-la-sauceda\/#article","isPartOf":{"@id":"https:\/\/www.sonoraenequipo.com.mx\/gobierno-de-sonora-promueve-el-deporte-la-convivencia-y-la-cultura-en-el-bosque-urbano-la-sauceda\/"},"author":{"name":"enequipo","@id":"https:\/\/www.sonoraenequipo.com.mx\/#\/schema\/person\/50102df0fb23a8fa9e8effad8fa81386"},"headline":"Gobierno de Sonora promueve el deporte, la convivencia y la cultura en el Bosque Urbano La Sauceda","datePublished":"2026-08-31T22:23:52+00:00","mainEntityOfPage":{"@id":"https:\/\/www.sonoraenequipo.com.mx\/gobierno-de-sonora-promueve-el-deporte-la-convivencia-y-la-cultura-en-el-bosque-urbano-la-sauceda\/"},"wordCount":365,"commentCount":0,"publisher":{"@id":"https:\/\/www.sonoraenequipo.com.mx\/#organization"},"image":{"@id":"https:\/\/www.sonoraenequipo.com.mx\/gobierno-de-sonora-promueve-el-deporte-la-convivencia-y-la-cultura-en-el-bosque-urbano-la-sauceda\/#primaryimage"},"thumbnailUrl":"https:\/\/www.sonoraenequipo.com.mx\/storage\/2026\/07\/la-sauceda-1.jpg","keywords":["La SaucedaHermosillo"],"articleSection":["Sonora"],"inLanguage":"es","potentialAction":[{"@type":"CommentAction","name":"Comment","target":["https:\/\/www.sonoraenequipo.com.mx\/gobierno-de-sonora-promueve-el-deporte-la-convivencia-y-la-cultura-en-el-bosque-urbano-la-sauceda\/#respond"]}]},{"@type":"WebPage","@id":"https:\/\/www.sonoraenequipo.com.mx\/gobierno-de-sonora-promueve-el-deporte-la-convivencia-y-la-cultura-en-el-bosque-urbano-la-sauceda\/","url":"https:\/\/www.sonoraenequipo.com.mx\/gobierno-de-sonora-promueve-el-deporte-la-convivencia-y-la-cultura-en-el-bosque-urbano-la-sauceda\/","name":"Sonora en Equipo. Gobierno de Sonora promueve el deporte, la convivencia y la cultura en el Bosque Urbano La Sauceda Sonora","isPartOf":{"@id":"https:\/\/www.sonoraenequipo.com.mx\/#website"},"primaryImageOfPage":{"@id":"https:\/\/www.sonoraenequipo.com.mx\/gobierno-de-sonora-promueve-el-deporte-la-convivencia-y-la-cultura-en-el-bosque-urbano-la-sauceda\/#primaryimage"},"image":{"@id":"https:\/\/www.sonoraenequipo.com.mx\/gobierno-de-sonora-promueve-el-deporte-la-convivencia-y-la-cultura-en-el-bosque-urbano-la-sauceda\/#primaryimage"},"thumbnailUrl":"https:\/\/www.sonoraenequipo.com.mx\/storage\/2026\/07\/la-sauceda-1.jpg","datePublished":"2026-08-31T22:23:52+00:00","description":"HERMOSILLO, SONORA, MX. \u2014 El Gobierno de Sonora, a trav\u00e9s del Bosque Urbano La Sauceda, llev\u00f3 a cabo este fin de semana una variedad de actividades En Sonora en Equipo publicamos toda la informaci\u00f3n de Sonora, M\u00e9xico y el Mundo de manera oportuna y busca que la libertad de expresi\u00f3n sea real. Visita nuestro medio informativo publicado desde Hermosillo, Sonora. %","breadcrumb":{"@id":"https:\/\/www.sonoraenequipo.com.mx\/gobierno-de-sonora-promueve-el-deporte-la-convivencia-y-la-cultura-en-el-bosque-urbano-la-sauceda\/#breadcrumb"},"inLanguage":"es","potentialAction":[{"@type":"ReadAction","target":["https:\/\/www.sonoraenequipo.com.mx\/gobierno-de-sonora-promueve-el-deporte-la-convivencia-y-la-cultura-en-el-bosque-urbano-la-sauceda\/"]}]},{"@type":"ImageObject","inLanguage":"es","@id":"https:\/\/www.sonoraenequipo.com.mx\/gobierno-de-sonora-promueve-el-deporte-la-convivencia-y-la-cultura-en-el-bosque-urbano-la-sauceda\/#primaryimage","url":"https:\/\/www.sonoraenequipo.com.mx\/storage\/2026\/07\/la-sauceda-1.jpg","contentUrl":"https:\/\/www.sonoraenequipo.com.mx\/storage\/2026\/07\/la-sauceda-1.jpg","width":1000,"height":663},{"@type":"BreadcrumbList","@id":"https:\/\/www.sonoraenequipo.com.mx\/gobierno-de-sonora-promueve-el-deporte-la-convivencia-y-la-cultura-en-el-bosque-urbano-la-sauceda\/#breadcrumb","itemListElement":[{"@type":"ListItem","position":1,"name":"Portada","item":"https:\/\/www.sonoraenequipo.com.mx\/"},{"@type":"ListItem","position":2,"name":"Gobierno de Sonora promueve el deporte, la convivencia y la cultura en el Bosque Urbano La Sauceda"}]},{"@type":"WebSite","@id":"https:\/\/www.sonoraenequipo.com.mx\/#website","url":"https:\/\/www.sonoraenequipo.com.mx\/","name":"Sonora en Equipo.","description":"Diario en l\u00ednea con Noticias desde Hermosillo, Sonora","publisher":{"@id":"https:\/\/www.sonoraenequipo.com.mx\/#organization"},"potentialAction":[{"@type":"SearchAction","target":{"@type":"EntryPoint","urlTemplate":"https:\/\/www.sonoraenequipo.com.mx\/?s={search_term_string}"},"query-input":{"@type":"PropertyValueSpecification","valueRequired":true,"valueName":"search_term_string"}}],"inLanguage":"es"},{"@type":"Organization","@id":"https:\/\/www.sonoraenequipo.com.mx\/#organization","name":"Sonoraenequipo.com.mx","url":"https:\/\/www.sonoraenequipo.com.mx\/","logo":{"@type":"ImageObject","inLanguage":"es","@id":"https:\/\/www.sonoraenequipo.com.mx\/#\/schema\/logo\/image\/","url":"https:\/\/www.sonoraenequipo.com.mx\/storage\/2019\/01\/sonoraenequipo_opt.png","contentUrl":"https:\/\/www.sonoraenequipo.com.mx\/storage\/2019\/01\/sonoraenequipo_opt.png","width":375,"height":125,"caption":"Sonoraenequipo.com.mx"},"image":{"@id":"https:\/\/www.sonoraenequipo.com.mx\/#\/schema\/logo\/image\/"},"sameAs":["https:\/\/www.facebook.com\/SonoraEE\/","https:\/\/x.com\/sonoraenequipo","https:\/\/www.youtube.com\/channel\/UC338nW-lPEYmJQs4ZABQ1SQ"]},{"@type":"Person","@id":"https:\/\/www.sonoraenequipo.com.mx\/#\/schema\/person\/50102df0fb23a8fa9e8effad8fa81386","name":"enequipo","image":{"@type":"ImageObject","inLanguage":"es","@id":"https:\/\/www.sonoraenequipo.com.mx\/#\/schema\/person\/image\/","url":"https:\/\/secure.gravatar.com\/avatar\/049821681b589dabc0bc20695993ccebb09f5b5d4d790cd9251b97faac7c652b?s=96&d=blank&r=g","contentUrl":"https:\/\/secure.gravatar.com\/avatar\/049821681b589dabc0bc20695993ccebb09f5b5d4d790cd9251b97faac7c652b?s=96&d=blank&r=g","caption":"enequipo"},"sameAs":["https:\/\/www.facebook.com\/SonoraEE"]}]}},"jetpack_featured_media_url":"https:\/\/www.sonoraenequipo.com.mx\/storage\/2026\/07\/la-sauceda-1.jpg","_links":{"self":[{"href":"https:\/\/www.sonoraenequipo.com.mx\/api\/wp\/v2\/posts\/251206","targetHints":{"allow":["GET"]}}],"collection":[{"href":"https:\/\/www.sonoraenequipo.com.mx\/api\/wp\/v2\/posts"}],"about":[{"href":"https:\/\/www.sonoraenequipo.com.mx\/api\/wp\/v2\/types\/post"}],"author":[{"embeddable":true,"href":"https:\/\/www.sonoraenequipo.com.mx\/api\/wp\/v2\/users\/1"}],"replies":[{"embeddable":true,"href":"https:\/\/www.sonoraenequipo.com.mx\/api\/wp\/v2\/comments?post=251206"}],"version-history":[{"count":1,"href":"https:\/\/www.sonoraenequipo.com.mx\/api\/wp\/v2\/posts\/251206\/revisions"}],"predecessor-version":[{"id":251207,"href":"https:\/\/www.sonoraenequipo.com.mx\/api\/wp\/v2\/posts\/251206\/revisions\/251207"}],"wp:featuredmedia":[{"embeddable":true,"href":"https:\/\/www.sonoraenequipo.com.mx\/api\/wp\/v2\/media\/247318"}],"wp:attachment":[{"href":"https:\/\/www.sonoraenequipo.com.mx\/api\/wp\/v2\/media?parent=251206"}],"wp:term":[{"taxonomy":"category","embeddable":true,"href":"https:\/\/www.sonoraenequipo.com.mx\/api\/wp\/v2\/categories?post=251206"},{"taxonomy":"post_tag","embeddable":true,"href":"https:\/\/www.sonoraenequipo.com.mx\/api\/wp\/v2\/tags?post=251206"}],"curies":[{"name":"wp","href":"https:\/\/api.w.org\/{rel}","templated":true}]}}