{"id":251216,"date":"2026-08-31T17:20:57","date_gmt":"2026-09-01T00:20:57","guid":{"rendered":"https:\/\/www.sonoraenequipo.com.mx\/?p=251216"},"modified":"2026-08-31T17:20:57","modified_gmt":"2026-09-01T00:20:57","slug":"cepc-informa-sobre-tormentas-y-altas-temperaturas-en-la-entidad","status":"publish","type":"post","link":"https:\/\/www.sonoraenequipo.com.mx\/cepc-informa-sobre-tormentas-y-altas-temperaturas-en-la-entidad\/","title":{"rendered":"CEPC \u00a0informa sobre tormentas y altas temperaturas en la entidad"},"content":{"rendered":"<p><strong>HERMOSILLO, SONORA, MX. \u2014<\/strong> El Gobierno de Sonora, a trav\u00e9s de la Coordinaci\u00f3n Estatal de Protecci\u00f3n Civil (CEPC), informa que durante este lunes y el resto de la semana, el monz\u00f3n mexicano se fortalecer\u00e1 y mantendr\u00e1 condiciones favorables para la generaci\u00f3n de tormentas fuertes en distintas regiones del estado.<\/p>\n<p>&nbsp;<\/p>\n<p>&nbsp;<\/p>\n<p>&nbsp;<\/p>\n<p>De acuerdo con el pron\u00f3stico, la mayor actividad de lluvias vespertinas y nocturnas podr\u00eda concentrarse en municipios del norte, la zona serrana y el sur de Sonora, particularmente en Nogales, Magdalena, Santa Ana, Caborca, Agua Prieta, Cananea y Nacozari, as\u00ed como en diversos municipios de la sierra, e incluso llegar a la regi\u00f3n central de la entidad.<\/p>\n<p>&nbsp;<\/p>\n<p>&nbsp;<\/p>\n<p>&nbsp;<\/p>\n<p>Se prev\u00e9n acumulados de lluvia de 25 a 75 mil\u00edmetros, acompa\u00f1ados de descargas el\u00e9ctricas y rachas de viento fuertes, por lo que se recomienda a la poblaci\u00f3n mantenerse atenta a los avisos de las autoridades y evitar transitar por zonas donde se presenten escurrimientos, arroyos o acumulaciones de agua.<\/p>\n<p>&nbsp;<\/p>\n<p>&nbsp;<\/p>\n<p>&nbsp;<\/p>\n<p>Asimismo, continuar\u00e1 un ambiente caluroso en la entidad, con temperaturas m\u00e1ximas de entre 38 y 41 grados Celsius durante la tarde en zonas del noroeste y centro de Sonora.<\/p>\n<p>&nbsp;<\/p>\n<p>&nbsp;<\/p>\n<p>&nbsp;<\/p>\n<p>Ante las altas temperaturas, Protecci\u00f3n Civil recomienda mantenerse bien hidratado, evitar la exposici\u00f3n prolongada y directa al sol, especialmente durante las horas de mayor radiaci\u00f3n, utilizar ropa ligera y prestar especial atenci\u00f3n a ni\u00f1as, ni\u00f1os, personas adultas mayores y mascotas.<\/p>\n<p>Recomendaciones ante lluvias y tormentas<\/p>\n<p>&nbsp;<\/p>\n<p>&nbsp;<\/p>\n<p>&nbsp;<\/p>\n<p>* Evitar cruzar arroyos, vados o calles inundadas, ya sea a pie o en veh\u00edculo<\/p>\n<p>* Resguardarse en un lugar seguro durante tormentas el\u00e9ctricas<\/p>\n<p>* Alejarse de \u00e1rboles, postes, anuncios espectaculares y estructuras que pudieran representar un riesgo ante fuertes vientos<\/p>\n<p>* Mantener libres de basura y objetos las azoteas, patios y desag\u00fces para facilitar el flujo del agua<\/p>\n<p>En caso de conducir bajo la lluvia, reducir la velocidad y aumentar la distancia entre veh\u00edculos<\/p>\n<p>La Coordinaci\u00f3n Estatal de Protecci\u00f3n Civil mantiene vigilancia sobre una zona de disturbio con 90 por ciento de probabilidad de desarrollo cicl\u00f3nico durante las pr\u00f3ximas 48 horas, por lo que se dar\u00e1 seguimiento a su evoluci\u00f3n y a sus posibles efectos en la regi\u00f3n.<\/p>\n<p>&nbsp;<\/p>\n<p>El Gobierno de Sonora exhorta a la poblaci\u00f3n a mantenerse informada mediante los canales oficiales y atender las indicaciones de las autoridades de Protecci\u00f3n Civil.<\/p>\n<p>Ante cualquier situaci\u00f3n de emergencia, la poblaci\u00f3n puede comunicarse al n\u00famero 9-1-1.<\/p>\n<p><strong>Fecha de publicaci\u00f3n lunes 31 de agosto de 2026<\/strong><\/p>\n","protected":false},"excerpt":{"rendered":"<p>HERMOSILLO, SONORA, MX. \u2014 El Gobierno de Sonora, a trav\u00e9s de la Coordinaci\u00f3n Estatal de&#8230;<\/p>\n","protected":false},"author":1,"featured_media":251217,"comment_status":"open","ping_status":"open","sticky":false,"template":"","format":"standard","meta":{"_monsterinsights_skip_tracking":false,"_monsterinsights_sitenote_active":false,"_monsterinsights_sitenote_note":"","_monsterinsights_sitenote_category":0,"footnotes":""},"categories":[22],"tags":[7390],"class_list":["post"],"yoast_head":" \n<title>Sonora en Equipo. CEPC \u00a0informa sobre tormentas y altas temperaturas en la entidad Sonora<\/title>\n<meta name=\"description\" content=\"HERMOSILLO, SONORA, MX. \u2014 El Gobierno de Sonora, a trav\u00e9s de la Coordinaci\u00f3n Estatal de Protecci\u00f3n Civil (CEPC), informa que durante este lunes y el resto En Sonora en Equipo publicamos toda la informaci\u00f3n de Sonora, M\u00e9xico y el Mundo de manera oportuna y busca que la libertad de expresi\u00f3n sea real. Visita nuestro medio informativo publicado desde Hermosillo, Sonora. %\" \/>\n<meta name=\"robots\" content=\"index, follow, max-snippet:-1, max-image-preview:large, max-video-preview:-1\" \/>\n<link rel=\"canonical\" href=\"https:\/\/www.sonoraenequipo.com.mx\/cepc-informa-sobre-tormentas-y-altas-temperaturas-en-la-entidad\/\" \/>\n<meta property=\"og:locale\" content=\"es_ES\" \/>\n<meta property=\"og:type\" content=\"article\" \/>\n<meta property=\"og:title\" content=\"Sonora en Equipo. CEPC \u00a0informa sobre tormentas y altas temperaturas en la entidad Sonora\" \/>\n<meta property=\"og:description\" content=\"HERMOSILLO, SONORA, MX. \u2014 El Gobierno de Sonora, a trav\u00e9s de la Coordinaci\u00f3n Estatal de Protecci\u00f3n Civil (CEPC), informa que durante este lunes y el resto En Sonora en Equipo publicamos toda la informaci\u00f3n de Sonora, M\u00e9xico y el Mundo de manera oportuna y busca que la libertad de expresi\u00f3n sea real. Visita nuestro medio informativo publicado desde Hermosillo, Sonora. %\" \/>\n<meta property=\"og:url\" content=\"https:\/\/www.sonoraenequipo.com.mx\/cepc-informa-sobre-tormentas-y-altas-temperaturas-en-la-entidad\/\" \/>\n<meta property=\"og:site_name\" content=\"Sonora en Equipo.\" \/>\n<meta property=\"article:publisher\" content=\"https:\/\/www.facebook.com\/SonoraEE\/\" \/>\n<meta property=\"article:author\" content=\"https:\/\/www.facebook.com\/SonoraEE\" \/>\n<meta property=\"article:published_time\" content=\"2026-09-01T00:20:57+00:00\" \/>\n<meta property=\"og:image\" content=\"https:\/\/www.sonoraenequipo.com.mx\/storage\/2026\/08\/lluvias-sonora.jpg\" \/>\n\t<meta property=\"og:image:width\" content=\"600\" \/>\n\t<meta property=\"og:image:height\" content=\"400\" \/>\n\t<meta property=\"og:image:type\" content=\"image\/jpeg\" \/>\n<meta name=\"author\" content=\"enequipo\" \/>\n<meta name=\"twitter:card\" content=\"summary_large_image\" \/>\n<meta name=\"twitter:creator\" content=\"@sonoraenequipo\" \/>\n<meta name=\"twitter:site\" content=\"@sonoraenequipo\" \/>\n<meta name=\"twitter:label1\" content=\"Escrito por\" \/>\n\t<meta name=\"twitter:data1\" content=\"enequipo\" \/>\n\t<meta name=\"twitter:label2\" content=\"Tiempo de lectura\" \/>\n\t<meta name=\"twitter:data2\" content=\"2 minutos\" \/>\n<script type=\"application\/ld+json\" class=\"yoast-schema-graph\">{\"@context\":\"https:\/\/schema.org\",\"@graph\":[{\"@type\":\"Article\",\"@id\":\"https:\/\/www.sonoraenequipo.com.mx\/cepc-informa-sobre-tormentas-y-altas-temperaturas-en-la-entidad\/#article\",\"isPartOf\":{\"@id\":\"https:\/\/www.sonoraenequipo.com.mx\/cepc-informa-sobre-tormentas-y-altas-temperaturas-en-la-entidad\/\"},\"author\":{\"name\":\"enequipo\",\"@id\":\"https:\/\/www.sonoraenequipo.com.mx\/#\/schema\/person\/50102df0fb23a8fa9e8effad8fa81386\"},\"headline\":\"CEPC \u00a0informa sobre tormentas y altas temperaturas en la entidad\",\"datePublished\":\"2026-09-01T00:20:57+00:00\",\"mainEntityOfPage\":{\"@id\":\"https:\/\/www.sonoraenequipo.com.mx\/cepc-informa-sobre-tormentas-y-altas-temperaturas-en-la-entidad\/\"},\"wordCount\":444,\"commentCount\":0,\"publisher\":{\"@id\":\"https:\/\/www.sonoraenequipo.com.mx\/#organization\"},\"image\":{\"@id\":\"https:\/\/www.sonoraenequipo.com.mx\/cepc-informa-sobre-tormentas-y-altas-temperaturas-en-la-entidad\/#primaryimage\"},\"thumbnailUrl\":\"https:\/\/www.sonoraenequipo.com.mx\/storage\/2026\/08\/lluvias-sonora.jpg\",\"keywords\":[\"lluvias sonora\"],\"articleSection\":[\"Sonora\"],\"inLanguage\":\"es\",\"potentialAction\":[{\"@type\":\"CommentAction\",\"name\":\"Comment\",\"target\":[\"https:\/\/www.sonoraenequipo.com.mx\/cepc-informa-sobre-tormentas-y-altas-temperaturas-en-la-entidad\/#respond\"]}]},{\"@type\":\"WebPage\",\"@id\":\"https:\/\/www.sonoraenequipo.com.mx\/cepc-informa-sobre-tormentas-y-altas-temperaturas-en-la-entidad\/\",\"url\":\"https:\/\/www.sonoraenequipo.com.mx\/cepc-informa-sobre-tormentas-y-altas-temperaturas-en-la-entidad\/\",\"name\":\"Sonora en Equipo. CEPC \u00a0informa sobre tormentas y altas temperaturas en la entidad Sonora\",\"isPartOf\":{\"@id\":\"https:\/\/www.sonoraenequipo.com.mx\/#website\"},\"primaryImageOfPage\":{\"@id\":\"https:\/\/www.sonoraenequipo.com.mx\/cepc-informa-sobre-tormentas-y-altas-temperaturas-en-la-entidad\/#primaryimage\"},\"image\":{\"@id\":\"https:\/\/www.sonoraenequipo.com.mx\/cepc-informa-sobre-tormentas-y-altas-temperaturas-en-la-entidad\/#primaryimage\"},\"thumbnailUrl\":\"https:\/\/www.sonoraenequipo.com.mx\/storage\/2026\/08\/lluvias-sonora.jpg\",\"datePublished\":\"2026-09-01T00:20:57+00:00\",\"description\":\"HERMOSILLO, SONORA, MX. \u2014 El Gobierno de Sonora, a trav\u00e9s de la Coordinaci\u00f3n Estatal de Protecci\u00f3n Civil (CEPC), informa que durante este lunes y el resto En Sonora en Equipo publicamos toda la informaci\u00f3n de Sonora, M\u00e9xico y el Mundo de manera oportuna y busca que la libertad de expresi\u00f3n sea real. Visita nuestro medio informativo publicado desde Hermosillo, Sonora. %\",\"breadcrumb\":{\"@id\":\"https:\/\/www.sonoraenequipo.com.mx\/cepc-informa-sobre-tormentas-y-altas-temperaturas-en-la-entidad\/#breadcrumb\"},\"inLanguage\":\"es\",\"potentialAction\":[{\"@type\":\"ReadAction\",\"target\":[\"https:\/\/www.sonoraenequipo.com.mx\/cepc-informa-sobre-tormentas-y-altas-temperaturas-en-la-entidad\/\"]}]},{\"@type\":\"ImageObject\",\"inLanguage\":\"es\",\"@id\":\"https:\/\/www.sonoraenequipo.com.mx\/cepc-informa-sobre-tormentas-y-altas-temperaturas-en-la-entidad\/#primaryimage\",\"url\":\"https:\/\/www.sonoraenequipo.com.mx\/storage\/2026\/08\/lluvias-sonora.jpg\",\"contentUrl\":\"https:\/\/www.sonoraenequipo.com.mx\/storage\/2026\/08\/lluvias-sonora.jpg\",\"width\":600,\"height\":400},{\"@type\":\"BreadcrumbList\",\"@id\":\"https:\/\/www.sonoraenequipo.com.mx\/cepc-informa-sobre-tormentas-y-altas-temperaturas-en-la-entidad\/#breadcrumb\",\"itemListElement\":[{\"@type\":\"ListItem\",\"position\":1,\"name\":\"Portada\",\"item\":\"https:\/\/www.sonoraenequipo.com.mx\/\"},{\"@type\":\"ListItem\",\"position\":2,\"name\":\"CEPC \u00a0informa sobre tormentas y altas temperaturas en la entidad\"}]},{\"@type\":\"WebSite\",\"@id\":\"https:\/\/www.sonoraenequipo.com.mx\/#website\",\"url\":\"https:\/\/www.sonoraenequipo.com.mx\/\",\"name\":\"Sonora en Equipo.\",\"description\":\"Diario en l\u00ednea con Noticias desde Hermosillo, Sonora\",\"publisher\":{\"@id\":\"https:\/\/www.sonoraenequipo.com.mx\/#organization\"},\"potentialAction\":[{\"@type\":\"SearchAction\",\"target\":{\"@type\":\"EntryPoint\",\"urlTemplate\":\"https:\/\/www.sonoraenequipo.com.mx\/?s={search_term_string}\"},\"query-input\":{\"@type\":\"PropertyValueSpecification\",\"valueRequired\":true,\"valueName\":\"search_term_string\"}}],\"inLanguage\":\"es\"},{\"@type\":\"Organization\",\"@id\":\"https:\/\/www.sonoraenequipo.com.mx\/#organization\",\"name\":\"Sonoraenequipo.com.mx\",\"url\":\"https:\/\/www.sonoraenequipo.com.mx\/\",\"logo\":{\"@type\":\"ImageObject\",\"inLanguage\":\"es\",\"@id\":\"https:\/\/www.sonoraenequipo.com.mx\/#\/schema\/logo\/image\/\",\"url\":\"https:\/\/www.sonoraenequipo.com.mx\/storage\/2019\/01\/sonoraenequipo_opt.png\",\"contentUrl\":\"https:\/\/www.sonoraenequipo.com.mx\/storage\/2019\/01\/sonoraenequipo_opt.png\",\"width\":375,\"height\":125,\"caption\":\"Sonoraenequipo.com.mx\"},\"image\":{\"@id\":\"https:\/\/www.sonoraenequipo.com.mx\/#\/schema\/logo\/image\/\"},\"sameAs\":[\"https:\/\/www.facebook.com\/SonoraEE\/\",\"https:\/\/x.com\/sonoraenequipo\",\"https:\/\/www.youtube.com\/channel\/UC338nW-lPEYmJQs4ZABQ1SQ\"]},{\"@type\":\"Person\",\"@id\":\"https:\/\/www.sonoraenequipo.com.mx\/#\/schema\/person\/50102df0fb23a8fa9e8effad8fa81386\",\"name\":\"enequipo\",\"image\":{\"@type\":\"ImageObject\",\"inLanguage\":\"es\",\"@id\":\"https:\/\/www.sonoraenequipo.com.mx\/#\/schema\/person\/image\/\",\"url\":\"https:\/\/secure.gravatar.com\/avatar\/049821681b589dabc0bc20695993ccebb09f5b5d4d790cd9251b97faac7c652b?s=96&d=blank&r=g\",\"contentUrl\":\"https:\/\/secure.gravatar.com\/avatar\/049821681b589dabc0bc20695993ccebb09f5b5d4d790cd9251b97faac7c652b?s=96&d=blank&r=g\",\"caption\":\"enequipo\"},\"sameAs\":[\"https:\/\/www.facebook.com\/SonoraEE\"]}]}<\/script>\n ","yoast_head_json":{"title":"Sonora en Equipo. CEPC \u00a0informa sobre tormentas y altas temperaturas en la entidad Sonora","description":"HERMOSILLO, SONORA, MX. \u2014 El Gobierno de Sonora, a trav\u00e9s de la Coordinaci\u00f3n Estatal de Protecci\u00f3n Civil (CEPC), informa que durante este lunes y el resto En Sonora en Equipo publicamos toda la informaci\u00f3n de Sonora, M\u00e9xico y el Mundo de manera oportuna y busca que la libertad de expresi\u00f3n sea real. Visita nuestro medio informativo publicado desde Hermosillo, Sonora. %","robots":{"index":"index","follow":"follow","max-snippet":"max-snippet:-1","max-image-preview":"max-image-preview:large","max-video-preview":"max-video-preview:-1"},"canonical":"https:\/\/www.sonoraenequipo.com.mx\/cepc-informa-sobre-tormentas-y-altas-temperaturas-en-la-entidad\/","og_locale":"es_ES","og_type":"article","og_title":"Sonora en Equipo. CEPC \u00a0informa sobre tormentas y altas temperaturas en la entidad Sonora","og_description":"HERMOSILLO, SONORA, MX. \u2014 El Gobierno de Sonora, a trav\u00e9s de la Coordinaci\u00f3n Estatal de Protecci\u00f3n Civil (CEPC), informa que durante este lunes y el resto En Sonora en Equipo publicamos toda la informaci\u00f3n de Sonora, M\u00e9xico y el Mundo de manera oportuna y busca que la libertad de expresi\u00f3n sea real. Visita nuestro medio informativo publicado desde Hermosillo, Sonora. %","og_url":"https:\/\/www.sonoraenequipo.com.mx\/cepc-informa-sobre-tormentas-y-altas-temperaturas-en-la-entidad\/","og_site_name":"Sonora en Equipo.","article_publisher":"https:\/\/www.facebook.com\/SonoraEE\/","article_author":"https:\/\/www.facebook.com\/SonoraEE","article_published_time":"2026-09-01T00:20:57+00:00","og_image":[{"width":600,"height":400,"url":"https:\/\/www.sonoraenequipo.com.mx\/storage\/2026\/08\/lluvias-sonora.jpg","type":"image\/jpeg"}],"author":"enequipo","twitter_card":"summary_large_image","twitter_creator":"@sonoraenequipo","twitter_site":"@sonoraenequipo","twitter_misc":{"Escrito por":"enequipo","Tiempo de lectura":"2 minutos"},"schema":{"@context":"https:\/\/schema.org","@graph":[{"@type":"Article","@id":"https:\/\/www.sonoraenequipo.com.mx\/cepc-informa-sobre-tormentas-y-altas-temperaturas-en-la-entidad\/#article","isPartOf":{"@id":"https:\/\/www.sonoraenequipo.com.mx\/cepc-informa-sobre-tormentas-y-altas-temperaturas-en-la-entidad\/"},"author":{"name":"enequipo","@id":"https:\/\/www.sonoraenequipo.com.mx\/#\/schema\/person\/50102df0fb23a8fa9e8effad8fa81386"},"headline":"CEPC \u00a0informa sobre tormentas y altas temperaturas en la entidad","datePublished":"2026-09-01T00:20:57+00:00","mainEntityOfPage":{"@id":"https:\/\/www.sonoraenequipo.com.mx\/cepc-informa-sobre-tormentas-y-altas-temperaturas-en-la-entidad\/"},"wordCount":444,"commentCount":0,"publisher":{"@id":"https:\/\/www.sonoraenequipo.com.mx\/#organization"},"image":{"@id":"https:\/\/www.sonoraenequipo.com.mx\/cepc-informa-sobre-tormentas-y-altas-temperaturas-en-la-entidad\/#primaryimage"},"thumbnailUrl":"https:\/\/www.sonoraenequipo.com.mx\/storage\/2026\/08\/lluvias-sonora.jpg","keywords":["lluvias sonora"],"articleSection":["Sonora"],"inLanguage":"es","potentialAction":[{"@type":"CommentAction","name":"Comment","target":["https:\/\/www.sonoraenequipo.com.mx\/cepc-informa-sobre-tormentas-y-altas-temperaturas-en-la-entidad\/#respond"]}]},{"@type":"WebPage","@id":"https:\/\/www.sonoraenequipo.com.mx\/cepc-informa-sobre-tormentas-y-altas-temperaturas-en-la-entidad\/","url":"https:\/\/www.sonoraenequipo.com.mx\/cepc-informa-sobre-tormentas-y-altas-temperaturas-en-la-entidad\/","name":"Sonora en Equipo. CEPC \u00a0informa sobre tormentas y altas temperaturas en la entidad Sonora","isPartOf":{"@id":"https:\/\/www.sonoraenequipo.com.mx\/#website"},"primaryImageOfPage":{"@id":"https:\/\/www.sonoraenequipo.com.mx\/cepc-informa-sobre-tormentas-y-altas-temperaturas-en-la-entidad\/#primaryimage"},"image":{"@id":"https:\/\/www.sonoraenequipo.com.mx\/cepc-informa-sobre-tormentas-y-altas-temperaturas-en-la-entidad\/#primaryimage"},"thumbnailUrl":"https:\/\/www.sonoraenequipo.com.mx\/storage\/2026\/08\/lluvias-sonora.jpg","datePublished":"2026-09-01T00:20:57+00:00","description":"HERMOSILLO, SONORA, MX. \u2014 El Gobierno de Sonora, a trav\u00e9s de la Coordinaci\u00f3n Estatal de Protecci\u00f3n Civil (CEPC), informa que durante este lunes y el resto En Sonora en Equipo publicamos toda la informaci\u00f3n de Sonora, M\u00e9xico y el Mundo de manera oportuna y busca que la libertad de expresi\u00f3n sea real. Visita nuestro medio informativo publicado desde Hermosillo, Sonora. %","breadcrumb":{"@id":"https:\/\/www.sonoraenequipo.com.mx\/cepc-informa-sobre-tormentas-y-altas-temperaturas-en-la-entidad\/#breadcrumb"},"inLanguage":"es","potentialAction":[{"@type":"ReadAction","target":["https:\/\/www.sonoraenequipo.com.mx\/cepc-informa-sobre-tormentas-y-altas-temperaturas-en-la-entidad\/"]}]},{"@type":"ImageObject","inLanguage":"es","@id":"https:\/\/www.sonoraenequipo.com.mx\/cepc-informa-sobre-tormentas-y-altas-temperaturas-en-la-entidad\/#primaryimage","url":"https:\/\/www.sonoraenequipo.com.mx\/storage\/2026\/08\/lluvias-sonora.jpg","contentUrl":"https:\/\/www.sonoraenequipo.com.mx\/storage\/2026\/08\/lluvias-sonora.jpg","width":600,"height":400},{"@type":"BreadcrumbList","@id":"https:\/\/www.sonoraenequipo.com.mx\/cepc-informa-sobre-tormentas-y-altas-temperaturas-en-la-entidad\/#breadcrumb","itemListElement":[{"@type":"ListItem","position":1,"name":"Portada","item":"https:\/\/www.sonoraenequipo.com.mx\/"},{"@type":"ListItem","position":2,"name":"CEPC \u00a0informa sobre tormentas y altas temperaturas en la entidad"}]},{"@type":"WebSite","@id":"https:\/\/www.sonoraenequipo.com.mx\/#website","url":"https:\/\/www.sonoraenequipo.com.mx\/","name":"Sonora en Equipo.","description":"Diario en l\u00ednea con Noticias desde Hermosillo, Sonora","publisher":{"@id":"https:\/\/www.sonoraenequipo.com.mx\/#organization"},"potentialAction":[{"@type":"SearchAction","target":{"@type":"EntryPoint","urlTemplate":"https:\/\/www.sonoraenequipo.com.mx\/?s={search_term_string}"},"query-input":{"@type":"PropertyValueSpecification","valueRequired":true,"valueName":"search_term_string"}}],"inLanguage":"es"},{"@type":"Organization","@id":"https:\/\/www.sonoraenequipo.com.mx\/#organization","name":"Sonoraenequipo.com.mx","url":"https:\/\/www.sonoraenequipo.com.mx\/","logo":{"@type":"ImageObject","inLanguage":"es","@id":"https:\/\/www.sonoraenequipo.com.mx\/#\/schema\/logo\/image\/","url":"https:\/\/www.sonoraenequipo.com.mx\/storage\/2019\/01\/sonoraenequipo_opt.png","contentUrl":"https:\/\/www.sonoraenequipo.com.mx\/storage\/2019\/01\/sonoraenequipo_opt.png","width":375,"height":125,"caption":"Sonoraenequipo.com.mx"},"image":{"@id":"https:\/\/www.sonoraenequipo.com.mx\/#\/schema\/logo\/image\/"},"sameAs":["https:\/\/www.facebook.com\/SonoraEE\/","https:\/\/x.com\/sonoraenequipo","https:\/\/www.youtube.com\/channel\/UC338nW-lPEYmJQs4ZABQ1SQ"]},{"@type":"Person","@id":"https:\/\/www.sonoraenequipo.com.mx\/#\/schema\/person\/50102df0fb23a8fa9e8effad8fa81386","name":"enequipo","image":{"@type":"ImageObject","inLanguage":"es","@id":"https:\/\/www.sonoraenequipo.com.mx\/#\/schema\/person\/image\/","url":"https:\/\/secure.gravatar.com\/avatar\/049821681b589dabc0bc20695993ccebb09f5b5d4d790cd9251b97faac7c652b?s=96&d=blank&r=g","contentUrl":"https:\/\/secure.gravatar.com\/avatar\/049821681b589dabc0bc20695993ccebb09f5b5d4d790cd9251b97faac7c652b?s=96&d=blank&r=g","caption":"enequipo"},"sameAs":["https:\/\/www.facebook.com\/SonoraEE"]}]}},"jetpack_featured_media_url":"https:\/\/www.sonoraenequipo.com.mx\/storage\/2026\/08\/lluvias-sonora.jpg","_links":{"self":[{"href":"https:\/\/www.sonoraenequipo.com.mx\/api\/wp\/v2\/posts\/251216","targetHints":{"allow":["GET"]}}],"collection":[{"href":"https:\/\/www.sonoraenequipo.com.mx\/api\/wp\/v2\/posts"}],"about":[{"href":"https:\/\/www.sonoraenequipo.com.mx\/api\/wp\/v2\/types\/post"}],"author":[{"embeddable":true,"href":"https:\/\/www.sonoraenequipo.com.mx\/api\/wp\/v2\/users\/1"}],"replies":[{"embeddable":true,"href":"https:\/\/www.sonoraenequipo.com.mx\/api\/wp\/v2\/comments?post=251216"}],"version-history":[{"count":1,"href":"https:\/\/www.sonoraenequipo.com.mx\/api\/wp\/v2\/posts\/251216\/revisions"}],"predecessor-version":[{"id":251218,"href":"https:\/\/www.sonoraenequipo.com.mx\/api\/wp\/v2\/posts\/251216\/revisions\/251218"}],"wp:featuredmedia":[{"embeddable":true,"href":"https:\/\/www.sonoraenequipo.com.mx\/api\/wp\/v2\/media\/251217"}],"wp:attachment":[{"href":"https:\/\/www.sonoraenequipo.com.mx\/api\/wp\/v2\/media?parent=251216"}],"wp:term":[{"taxonomy":"category","embeddable":true,"href":"https:\/\/www.sonoraenequipo.com.mx\/api\/wp\/v2\/categories?post=251216"},{"taxonomy":"post_tag","embeddable":true,"href":"https:\/\/www.sonoraenequipo.com.mx\/api\/wp\/v2\/tags?post=251216"}],"curies":[{"name":"wp","href":"https:\/\/api.w.org\/{rel}","templated":true}]}}