{"id":251237,"date":"2026-08-31T19:16:30","date_gmt":"2026-09-01T02:16:30","guid":{"rendered":"https:\/\/www.sonoraenequipo.com.mx\/?p=251237"},"modified":"2026-08-31T20:53:18","modified_gmt":"2026-09-01T03:53:18","slug":"inicia-gobierno-de-sonora-campana-septiembre-mes-del-testamento","status":"publish","type":"post","link":"https:\/\/www.sonoraenequipo.com.mx\/inicia-gobierno-de-sonora-campana-septiembre-mes-del-testamento\/","title":{"rendered":"Inicia Gobierno de Sonora campa\u00f1a \u201cSeptiembre, Mes del Testamento\u201d"},"content":{"rendered":"<p><strong>HERMOSILLO, SONORA. MX. \u2014 <\/strong>Mediante la firma de un convenio entre la Direcci\u00f3n General de Notar\u00edas y el Colegio de Notarios del Estado de Sonora, en coordinaci\u00f3n con la Secretar\u00eda de Hacienda, arranc\u00f3 la campa\u00f1a \u00abSeptiembre, Mes del Testamento\u00bb, impulsada por el gobernador Alfonso Durazo Monta\u00f1o con el objetivo de facilitar a la ciudadan\u00eda el acceso a este tr\u00e1mite que representa seguridad jur\u00eddica y patrimonial para las familias y sus seres queridos.<\/p>\n<p>&nbsp;<\/p>\n<p>&nbsp;<\/p>\n<p> <\/p>\n<p>Durante la presentaci\u00f3n y arranque del programa, la directora general de Notar\u00edas Liza Auy\u00f3n Dom\u00ednguez, destac\u00f3 que esta campa\u00f1a tiene como finalidad fomentar la cultura testamentaria, facilitando a la ciudadan\u00eda el acceso a este tr\u00e1mite a bajo costo, evitando con ello futuros conflictos familiares y brindando tranquilidad y certeza legal.<\/p>\n<p>&nbsp;<\/p>\n<p>&nbsp;<\/p>\n<p>Por su parte, el presidente del Colegio de Notarios de Sonora Ren\u00e9 Francisco Luna Sugich, reiter\u00f3 el compromiso del notariado sonorense para sumarse a esta noble campa\u00f1a y acercar sus servicios a toda la poblaci\u00f3n. Mencion\u00f3 que se brindar\u00e1n todas las facilidades para que esta iniciativa tenga el mayor alcance posible en beneficio de las y los sonorenses.<\/p>\n<p>&nbsp;<\/p>\n<p>&nbsp;<\/p>\n<p>El programa estar\u00e1 vigente del 01 al 30 de septiembre en todas las Notar\u00edas P\u00fablicas del Estado de Sonora, con costos preferenciales.<\/p>\n<p>&nbsp;<\/p>\n<p>&nbsp;<\/p>\n<p>En el evento estuvieron presentes Edgar Hiram Sallard, sub secretario de Servicios de Gobierno; Paul Mc Callum Meraz, procurador fiscal de la Secretar\u00eda de Hacienda; Jes\u00fas Francisco Rodr\u00edguez Hern\u00e1ndez, director general de Servicios Registrales; Juan Carlos Holgu\u00edn Balderrama, director general de Bolet\u00edn Oficial y Archivo del Estado; y Ram\u00f3n Alejandro Acosta Cortez, secretario del Consejo Jur\u00eddico del Estado, as\u00ed como notarios de Sonora.<\/p>\n<p>&nbsp;<\/p>\n<p>&nbsp;<\/p>\n<p>Para mayor informaci\u00f3n, la ciudadan\u00eda puede acudir a la Direcci\u00f3n General de Notar\u00edas o consultar el portal oficial del Gobierno del Estado.<\/p>\n<p>&nbsp;<\/p>\n<p>&nbsp;<\/p>\n<p>PUBLICADO EL 31 DE AGOSTO 2026 Con informaci\u00f3n de GOBSON 0826\/313)<\/p>\n","protected":false},"excerpt":{"rendered":"<p>HERMOSILLO, SONORA. MX. \u2014 Mediante la firma de un convenio entre la Direcci\u00f3n General de&#8230;<\/p>\n","protected":false},"author":1,"featured_media":251229,"comment_status":"open","ping_status":"open","sticky":false,"template":"","format":"standard","meta":{"_monsterinsights_skip_tracking":false,"_monsterinsights_sitenote_active":false,"_monsterinsights_sitenote_note":"","_monsterinsights_sitenote_category":0,"footnotes":""},"categories":[22],"tags":[],"class_list":["post"],"yoast_head":" \n<title>Sonora en Equipo. Inicia Gobierno de Sonora campa\u00f1a \u201cSeptiembre, Mes del Testamento\u201d Sonora<\/title>\n<meta name=\"description\" content=\"HERMOSILLO, SONORA. MX. \u2014 Mediante la firma de un convenio entre la Direcci\u00f3n General de Notar\u00edas y el Colegio de Notarios del Estado de Sonora, en En Sonora en Equipo publicamos toda la informaci\u00f3n de Sonora, M\u00e9xico y el Mundo de manera oportuna y busca que la libertad de expresi\u00f3n sea real. Visita nuestro medio informativo publicado desde Hermosillo, Sonora. %\" \/>\n<meta name=\"robots\" content=\"index, follow, max-snippet:-1, max-image-preview:large, max-video-preview:-1\" \/>\n<link rel=\"canonical\" href=\"https:\/\/www.sonoraenequipo.com.mx\/inicia-gobierno-de-sonora-campana-septiembre-mes-del-testamento\/\" \/>\n<meta property=\"og:locale\" content=\"es_ES\" \/>\n<meta property=\"og:type\" content=\"article\" \/>\n<meta property=\"og:title\" content=\"Sonora en Equipo. Inicia Gobierno de Sonora campa\u00f1a \u201cSeptiembre, Mes del Testamento\u201d Sonora\" \/>\n<meta property=\"og:description\" content=\"HERMOSILLO, SONORA. MX. \u2014 Mediante la firma de un convenio entre la Direcci\u00f3n General de Notar\u00edas y el Colegio de Notarios del Estado de Sonora, en En Sonora en Equipo publicamos toda la informaci\u00f3n de Sonora, M\u00e9xico y el Mundo de manera oportuna y busca que la libertad de expresi\u00f3n sea real. Visita nuestro medio informativo publicado desde Hermosillo, Sonora. %\" \/>\n<meta property=\"og:url\" content=\"https:\/\/www.sonoraenequipo.com.mx\/inicia-gobierno-de-sonora-campana-septiembre-mes-del-testamento\/\" \/>\n<meta property=\"og:site_name\" content=\"Sonora en Equipo.\" \/>\n<meta property=\"article:publisher\" content=\"https:\/\/www.facebook.com\/SonoraEE\/\" \/>\n<meta property=\"article:author\" content=\"https:\/\/www.facebook.com\/SonoraEE\" \/>\n<meta property=\"article:published_time\" content=\"2026-09-01T02:16:30+00:00\" \/>\n<meta property=\"article:modified_time\" content=\"2026-09-01T03:53:18+00:00\" \/>\n<meta property=\"og:image\" content=\"https:\/\/www.sonoraenequipo.com.mx\/storage\/2026\/08\/campana-Septiembre-Mes-del-Testamento.-1-1.jpg\" \/>\n\t<meta property=\"og:image:width\" content=\"1000\" \/>\n\t<meta property=\"og:image:height\" content=\"834\" \/>\n\t<meta property=\"og:image:type\" content=\"image\/jpeg\" \/>\n<meta name=\"author\" content=\"enequipo\" \/>\n<meta name=\"twitter:card\" content=\"summary_large_image\" \/>\n<meta name=\"twitter:creator\" content=\"@sonoraenequipo\" \/>\n<meta name=\"twitter:site\" content=\"@sonoraenequipo\" \/>\n<meta name=\"twitter:label1\" content=\"Escrito por\" \/>\n\t<meta name=\"twitter:data1\" content=\"enequipo\" \/>\n\t<meta name=\"twitter:label2\" content=\"Tiempo de lectura\" \/>\n\t<meta name=\"twitter:data2\" content=\"2 minutos\" \/>\n<script type=\"application\/ld+json\" class=\"yoast-schema-graph\">{\"@context\":\"https:\/\/schema.org\",\"@graph\":[{\"@type\":\"Article\",\"@id\":\"https:\/\/www.sonoraenequipo.com.mx\/inicia-gobierno-de-sonora-campana-septiembre-mes-del-testamento\/#article\",\"isPartOf\":{\"@id\":\"https:\/\/www.sonoraenequipo.com.mx\/inicia-gobierno-de-sonora-campana-septiembre-mes-del-testamento\/\"},\"author\":{\"name\":\"enequipo\",\"@id\":\"https:\/\/www.sonoraenequipo.com.mx\/#\/schema\/person\/50102df0fb23a8fa9e8effad8fa81386\"},\"headline\":\"Inicia Gobierno de Sonora campa\u00f1a \u201cSeptiembre, Mes del Testamento\u201d\",\"datePublished\":\"2026-09-01T02:16:30+00:00\",\"dateModified\":\"2026-09-01T03:53:18+00:00\",\"mainEntityOfPage\":{\"@id\":\"https:\/\/www.sonoraenequipo.com.mx\/inicia-gobierno-de-sonora-campana-septiembre-mes-del-testamento\/\"},\"wordCount\":348,\"commentCount\":0,\"publisher\":{\"@id\":\"https:\/\/www.sonoraenequipo.com.mx\/#organization\"},\"image\":{\"@id\":\"https:\/\/www.sonoraenequipo.com.mx\/inicia-gobierno-de-sonora-campana-septiembre-mes-del-testamento\/#primaryimage\"},\"thumbnailUrl\":\"https:\/\/www.sonoraenequipo.com.mx\/storage\/2026\/08\/campana-Septiembre-Mes-del-Testamento.-1-1.jpg\",\"articleSection\":[\"Sonora\"],\"inLanguage\":\"es\",\"potentialAction\":[{\"@type\":\"CommentAction\",\"name\":\"Comment\",\"target\":[\"https:\/\/www.sonoraenequipo.com.mx\/inicia-gobierno-de-sonora-campana-septiembre-mes-del-testamento\/#respond\"]}]},{\"@type\":\"WebPage\",\"@id\":\"https:\/\/www.sonoraenequipo.com.mx\/inicia-gobierno-de-sonora-campana-septiembre-mes-del-testamento\/\",\"url\":\"https:\/\/www.sonoraenequipo.com.mx\/inicia-gobierno-de-sonora-campana-septiembre-mes-del-testamento\/\",\"name\":\"Sonora en Equipo. Inicia Gobierno de Sonora campa\u00f1a \u201cSeptiembre, Mes del Testamento\u201d Sonora\",\"isPartOf\":{\"@id\":\"https:\/\/www.sonoraenequipo.com.mx\/#website\"},\"primaryImageOfPage\":{\"@id\":\"https:\/\/www.sonoraenequipo.com.mx\/inicia-gobierno-de-sonora-campana-septiembre-mes-del-testamento\/#primaryimage\"},\"image\":{\"@id\":\"https:\/\/www.sonoraenequipo.com.mx\/inicia-gobierno-de-sonora-campana-septiembre-mes-del-testamento\/#primaryimage\"},\"thumbnailUrl\":\"https:\/\/www.sonoraenequipo.com.mx\/storage\/2026\/08\/campana-Septiembre-Mes-del-Testamento.-1-1.jpg\",\"datePublished\":\"2026-09-01T02:16:30+00:00\",\"dateModified\":\"2026-09-01T03:53:18+00:00\",\"description\":\"HERMOSILLO, SONORA. MX. \u2014 Mediante la firma de un convenio entre la Direcci\u00f3n General de Notar\u00edas y el Colegio de Notarios del Estado de Sonora, en En Sonora en Equipo publicamos toda la informaci\u00f3n de Sonora, M\u00e9xico y el Mundo de manera oportuna y busca que la libertad de expresi\u00f3n sea real. Visita nuestro medio informativo publicado desde Hermosillo, Sonora. %\",\"breadcrumb\":{\"@id\":\"https:\/\/www.sonoraenequipo.com.mx\/inicia-gobierno-de-sonora-campana-septiembre-mes-del-testamento\/#breadcrumb\"},\"inLanguage\":\"es\",\"potentialAction\":[{\"@type\":\"ReadAction\",\"target\":[\"https:\/\/www.sonoraenequipo.com.mx\/inicia-gobierno-de-sonora-campana-septiembre-mes-del-testamento\/\"]}]},{\"@type\":\"ImageObject\",\"inLanguage\":\"es\",\"@id\":\"https:\/\/www.sonoraenequipo.com.mx\/inicia-gobierno-de-sonora-campana-septiembre-mes-del-testamento\/#primaryimage\",\"url\":\"https:\/\/www.sonoraenequipo.com.mx\/storage\/2026\/08\/campana-Septiembre-Mes-del-Testamento.-1-1.jpg\",\"contentUrl\":\"https:\/\/www.sonoraenequipo.com.mx\/storage\/2026\/08\/campana-Septiembre-Mes-del-Testamento.-1-1.jpg\",\"width\":1000,\"height\":834},{\"@type\":\"BreadcrumbList\",\"@id\":\"https:\/\/www.sonoraenequipo.com.mx\/inicia-gobierno-de-sonora-campana-septiembre-mes-del-testamento\/#breadcrumb\",\"itemListElement\":[{\"@type\":\"ListItem\",\"position\":1,\"name\":\"Portada\",\"item\":\"https:\/\/www.sonoraenequipo.com.mx\/\"},{\"@type\":\"ListItem\",\"position\":2,\"name\":\"Inicia Gobierno de Sonora campa\u00f1a \u201cSeptiembre, Mes del Testamento\u201d\"}]},{\"@type\":\"WebSite\",\"@id\":\"https:\/\/www.sonoraenequipo.com.mx\/#website\",\"url\":\"https:\/\/www.sonoraenequipo.com.mx\/\",\"name\":\"Sonora en Equipo.\",\"description\":\"Diario en l\u00ednea con Noticias desde Hermosillo, Sonora\",\"publisher\":{\"@id\":\"https:\/\/www.sonoraenequipo.com.mx\/#organization\"},\"potentialAction\":[{\"@type\":\"SearchAction\",\"target\":{\"@type\":\"EntryPoint\",\"urlTemplate\":\"https:\/\/www.sonoraenequipo.com.mx\/?s={search_term_string}\"},\"query-input\":{\"@type\":\"PropertyValueSpecification\",\"valueRequired\":true,\"valueName\":\"search_term_string\"}}],\"inLanguage\":\"es\"},{\"@type\":\"Organization\",\"@id\":\"https:\/\/www.sonoraenequipo.com.mx\/#organization\",\"name\":\"Sonoraenequipo.com.mx\",\"url\":\"https:\/\/www.sonoraenequipo.com.mx\/\",\"logo\":{\"@type\":\"ImageObject\",\"inLanguage\":\"es\",\"@id\":\"https:\/\/www.sonoraenequipo.com.mx\/#\/schema\/logo\/image\/\",\"url\":\"https:\/\/www.sonoraenequipo.com.mx\/storage\/2019\/01\/sonoraenequipo_opt.png\",\"contentUrl\":\"https:\/\/www.sonoraenequipo.com.mx\/storage\/2019\/01\/sonoraenequipo_opt.png\",\"width\":375,\"height\":125,\"caption\":\"Sonoraenequipo.com.mx\"},\"image\":{\"@id\":\"https:\/\/www.sonoraenequipo.com.mx\/#\/schema\/logo\/image\/\"},\"sameAs\":[\"https:\/\/www.facebook.com\/SonoraEE\/\",\"https:\/\/x.com\/sonoraenequipo\",\"https:\/\/www.youtube.com\/channel\/UC338nW-lPEYmJQs4ZABQ1SQ\"]},{\"@type\":\"Person\",\"@id\":\"https:\/\/www.sonoraenequipo.com.mx\/#\/schema\/person\/50102df0fb23a8fa9e8effad8fa81386\",\"name\":\"enequipo\",\"image\":{\"@type\":\"ImageObject\",\"inLanguage\":\"es\",\"@id\":\"https:\/\/www.sonoraenequipo.com.mx\/#\/schema\/person\/image\/\",\"url\":\"https:\/\/secure.gravatar.com\/avatar\/049821681b589dabc0bc20695993ccebb09f5b5d4d790cd9251b97faac7c652b?s=96&d=blank&r=g\",\"contentUrl\":\"https:\/\/secure.gravatar.com\/avatar\/049821681b589dabc0bc20695993ccebb09f5b5d4d790cd9251b97faac7c652b?s=96&d=blank&r=g\",\"caption\":\"enequipo\"},\"sameAs\":[\"https:\/\/www.facebook.com\/SonoraEE\"]}]}<\/script>\n ","yoast_head_json":{"title":"Sonora en Equipo. Inicia Gobierno de Sonora campa\u00f1a \u201cSeptiembre, Mes del Testamento\u201d Sonora","description":"HERMOSILLO, SONORA. MX. \u2014 Mediante la firma de un convenio entre la Direcci\u00f3n General de Notar\u00edas y el Colegio de Notarios del Estado de Sonora, en En Sonora en Equipo publicamos toda la informaci\u00f3n de Sonora, M\u00e9xico y el Mundo de manera oportuna y busca que la libertad de expresi\u00f3n sea real. Visita nuestro medio informativo publicado desde Hermosillo, Sonora. %","robots":{"index":"index","follow":"follow","max-snippet":"max-snippet:-1","max-image-preview":"max-image-preview:large","max-video-preview":"max-video-preview:-1"},"canonical":"https:\/\/www.sonoraenequipo.com.mx\/inicia-gobierno-de-sonora-campana-septiembre-mes-del-testamento\/","og_locale":"es_ES","og_type":"article","og_title":"Sonora en Equipo. Inicia Gobierno de Sonora campa\u00f1a \u201cSeptiembre, Mes del Testamento\u201d Sonora","og_description":"HERMOSILLO, SONORA. MX. \u2014 Mediante la firma de un convenio entre la Direcci\u00f3n General de Notar\u00edas y el Colegio de Notarios del Estado de Sonora, en En Sonora en Equipo publicamos toda la informaci\u00f3n de Sonora, M\u00e9xico y el Mundo de manera oportuna y busca que la libertad de expresi\u00f3n sea real. Visita nuestro medio informativo publicado desde Hermosillo, Sonora. %","og_url":"https:\/\/www.sonoraenequipo.com.mx\/inicia-gobierno-de-sonora-campana-septiembre-mes-del-testamento\/","og_site_name":"Sonora en Equipo.","article_publisher":"https:\/\/www.facebook.com\/SonoraEE\/","article_author":"https:\/\/www.facebook.com\/SonoraEE","article_published_time":"2026-09-01T02:16:30+00:00","article_modified_time":"2026-09-01T03:53:18+00:00","og_image":[{"width":1000,"height":834,"url":"https:\/\/www.sonoraenequipo.com.mx\/storage\/2026\/08\/campana-Septiembre-Mes-del-Testamento.-1-1.jpg","type":"image\/jpeg"}],"author":"enequipo","twitter_card":"summary_large_image","twitter_creator":"@sonoraenequipo","twitter_site":"@sonoraenequipo","twitter_misc":{"Escrito por":"enequipo","Tiempo de lectura":"2 minutos"},"schema":{"@context":"https:\/\/schema.org","@graph":[{"@type":"Article","@id":"https:\/\/www.sonoraenequipo.com.mx\/inicia-gobierno-de-sonora-campana-septiembre-mes-del-testamento\/#article","isPartOf":{"@id":"https:\/\/www.sonoraenequipo.com.mx\/inicia-gobierno-de-sonora-campana-septiembre-mes-del-testamento\/"},"author":{"name":"enequipo","@id":"https:\/\/www.sonoraenequipo.com.mx\/#\/schema\/person\/50102df0fb23a8fa9e8effad8fa81386"},"headline":"Inicia Gobierno de Sonora campa\u00f1a \u201cSeptiembre, Mes del Testamento\u201d","datePublished":"2026-09-01T02:16:30+00:00","dateModified":"2026-09-01T03:53:18+00:00","mainEntityOfPage":{"@id":"https:\/\/www.sonoraenequipo.com.mx\/inicia-gobierno-de-sonora-campana-septiembre-mes-del-testamento\/"},"wordCount":348,"commentCount":0,"publisher":{"@id":"https:\/\/www.sonoraenequipo.com.mx\/#organization"},"image":{"@id":"https:\/\/www.sonoraenequipo.com.mx\/inicia-gobierno-de-sonora-campana-septiembre-mes-del-testamento\/#primaryimage"},"thumbnailUrl":"https:\/\/www.sonoraenequipo.com.mx\/storage\/2026\/08\/campana-Septiembre-Mes-del-Testamento.-1-1.jpg","articleSection":["Sonora"],"inLanguage":"es","potentialAction":[{"@type":"CommentAction","name":"Comment","target":["https:\/\/www.sonoraenequipo.com.mx\/inicia-gobierno-de-sonora-campana-septiembre-mes-del-testamento\/#respond"]}]},{"@type":"WebPage","@id":"https:\/\/www.sonoraenequipo.com.mx\/inicia-gobierno-de-sonora-campana-septiembre-mes-del-testamento\/","url":"https:\/\/www.sonoraenequipo.com.mx\/inicia-gobierno-de-sonora-campana-septiembre-mes-del-testamento\/","name":"Sonora en Equipo. Inicia Gobierno de Sonora campa\u00f1a \u201cSeptiembre, Mes del Testamento\u201d Sonora","isPartOf":{"@id":"https:\/\/www.sonoraenequipo.com.mx\/#website"},"primaryImageOfPage":{"@id":"https:\/\/www.sonoraenequipo.com.mx\/inicia-gobierno-de-sonora-campana-septiembre-mes-del-testamento\/#primaryimage"},"image":{"@id":"https:\/\/www.sonoraenequipo.com.mx\/inicia-gobierno-de-sonora-campana-septiembre-mes-del-testamento\/#primaryimage"},"thumbnailUrl":"https:\/\/www.sonoraenequipo.com.mx\/storage\/2026\/08\/campana-Septiembre-Mes-del-Testamento.-1-1.jpg","datePublished":"2026-09-01T02:16:30+00:00","dateModified":"2026-09-01T03:53:18+00:00","description":"HERMOSILLO, SONORA. MX. \u2014 Mediante la firma de un convenio entre la Direcci\u00f3n General de Notar\u00edas y el Colegio de Notarios del Estado de Sonora, en En Sonora en Equipo publicamos toda la informaci\u00f3n de Sonora, M\u00e9xico y el Mundo de manera oportuna y busca que la libertad de expresi\u00f3n sea real. Visita nuestro medio informativo publicado desde Hermosillo, Sonora. %","breadcrumb":{"@id":"https:\/\/www.sonoraenequipo.com.mx\/inicia-gobierno-de-sonora-campana-septiembre-mes-del-testamento\/#breadcrumb"},"inLanguage":"es","potentialAction":[{"@type":"ReadAction","target":["https:\/\/www.sonoraenequipo.com.mx\/inicia-gobierno-de-sonora-campana-septiembre-mes-del-testamento\/"]}]},{"@type":"ImageObject","inLanguage":"es","@id":"https:\/\/www.sonoraenequipo.com.mx\/inicia-gobierno-de-sonora-campana-septiembre-mes-del-testamento\/#primaryimage","url":"https:\/\/www.sonoraenequipo.com.mx\/storage\/2026\/08\/campana-Septiembre-Mes-del-Testamento.-1-1.jpg","contentUrl":"https:\/\/www.sonoraenequipo.com.mx\/storage\/2026\/08\/campana-Septiembre-Mes-del-Testamento.-1-1.jpg","width":1000,"height":834},{"@type":"BreadcrumbList","@id":"https:\/\/www.sonoraenequipo.com.mx\/inicia-gobierno-de-sonora-campana-septiembre-mes-del-testamento\/#breadcrumb","itemListElement":[{"@type":"ListItem","position":1,"name":"Portada","item":"https:\/\/www.sonoraenequipo.com.mx\/"},{"@type":"ListItem","position":2,"name":"Inicia Gobierno de Sonora campa\u00f1a \u201cSeptiembre, Mes del Testamento\u201d"}]},{"@type":"WebSite","@id":"https:\/\/www.sonoraenequipo.com.mx\/#website","url":"https:\/\/www.sonoraenequipo.com.mx\/","name":"Sonora en Equipo.","description":"Diario en l\u00ednea con Noticias desde Hermosillo, Sonora","publisher":{"@id":"https:\/\/www.sonoraenequipo.com.mx\/#organization"},"potentialAction":[{"@type":"SearchAction","target":{"@type":"EntryPoint","urlTemplate":"https:\/\/www.sonoraenequipo.com.mx\/?s={search_term_string}"},"query-input":{"@type":"PropertyValueSpecification","valueRequired":true,"valueName":"search_term_string"}}],"inLanguage":"es"},{"@type":"Organization","@id":"https:\/\/www.sonoraenequipo.com.mx\/#organization","name":"Sonoraenequipo.com.mx","url":"https:\/\/www.sonoraenequipo.com.mx\/","logo":{"@type":"ImageObject","inLanguage":"es","@id":"https:\/\/www.sonoraenequipo.com.mx\/#\/schema\/logo\/image\/","url":"https:\/\/www.sonoraenequipo.com.mx\/storage\/2019\/01\/sonoraenequipo_opt.png","contentUrl":"https:\/\/www.sonoraenequipo.com.mx\/storage\/2019\/01\/sonoraenequipo_opt.png","width":375,"height":125,"caption":"Sonoraenequipo.com.mx"},"image":{"@id":"https:\/\/www.sonoraenequipo.com.mx\/#\/schema\/logo\/image\/"},"sameAs":["https:\/\/www.facebook.com\/SonoraEE\/","https:\/\/x.com\/sonoraenequipo","https:\/\/www.youtube.com\/channel\/UC338nW-lPEYmJQs4ZABQ1SQ"]},{"@type":"Person","@id":"https:\/\/www.sonoraenequipo.com.mx\/#\/schema\/person\/50102df0fb23a8fa9e8effad8fa81386","name":"enequipo","image":{"@type":"ImageObject","inLanguage":"es","@id":"https:\/\/www.sonoraenequipo.com.mx\/#\/schema\/person\/image\/","url":"https:\/\/secure.gravatar.com\/avatar\/049821681b589dabc0bc20695993ccebb09f5b5d4d790cd9251b97faac7c652b?s=96&d=blank&r=g","contentUrl":"https:\/\/secure.gravatar.com\/avatar\/049821681b589dabc0bc20695993ccebb09f5b5d4d790cd9251b97faac7c652b?s=96&d=blank&r=g","caption":"enequipo"},"sameAs":["https:\/\/www.facebook.com\/SonoraEE"]}]}},"jetpack_featured_media_url":"https:\/\/www.sonoraenequipo.com.mx\/storage\/2026\/08\/campana-Septiembre-Mes-del-Testamento.-1-1.jpg","_links":{"self":[{"href":"https:\/\/www.sonoraenequipo.com.mx\/api\/wp\/v2\/posts\/251237","targetHints":{"allow":["GET"]}}],"collection":[{"href":"https:\/\/www.sonoraenequipo.com.mx\/api\/wp\/v2\/posts"}],"about":[{"href":"https:\/\/www.sonoraenequipo.com.mx\/api\/wp\/v2\/types\/post"}],"author":[{"embeddable":true,"href":"https:\/\/www.sonoraenequipo.com.mx\/api\/wp\/v2\/users\/1"}],"replies":[{"embeddable":true,"href":"https:\/\/www.sonoraenequipo.com.mx\/api\/wp\/v2\/comments?post=251237"}],"version-history":[{"count":1,"href":"https:\/\/www.sonoraenequipo.com.mx\/api\/wp\/v2\/posts\/251237\/revisions"}],"predecessor-version":[{"id":251238,"href":"https:\/\/www.sonoraenequipo.com.mx\/api\/wp\/v2\/posts\/251237\/revisions\/251238"}],"wp:featuredmedia":[{"embeddable":true,"href":"https:\/\/www.sonoraenequipo.com.mx\/api\/wp\/v2\/media\/251229"}],"wp:attachment":[{"href":"https:\/\/www.sonoraenequipo.com.mx\/api\/wp\/v2\/media?parent=251237"}],"wp:term":[{"taxonomy":"category","embeddable":true,"href":"https:\/\/www.sonoraenequipo.com.mx\/api\/wp\/v2\/categories?post=251237"},{"taxonomy":"post_tag","embeddable":true,"href":"https:\/\/www.sonoraenequipo.com.mx\/api\/wp\/v2\/tags?post=251237"}],"curies":[{"name":"wp","href":"https:\/\/api.w.org\/{rel}","templated":true}]}}