{"id":251239,"date":"2026-08-31T18:26:23","date_gmt":"2026-09-01T01:26:23","guid":{"rendered":"https:\/\/www.sonoraenequipo.com.mx\/?p=251239"},"modified":"2026-08-31T21:26:44","modified_gmt":"2026-09-01T04:26:44","slug":"el-86-de-capitalinos-a-favor-de-legalizar-la-eutanasia-gobierno-prepara-ruta-legal","status":"publish","type":"post","link":"https:\/\/www.sonoraenequipo.com.mx\/el-86-de-capitalinos-a-favor-de-legalizar-la-eutanasia-gobierno-prepara-ruta-legal\/","title":{"rendered":"El 86% de capitalinos, a favor de legalizar la Eutanasia; gobierno prepara ruta legal"},"content":{"rendered":"<p><strong>CIUDAD DE M\u00c9XICO. MX. \u2014 <\/strong>\u00a0La jefa de Gobierno, Clara Brugada, dio a conocer que una encuesta encargada por su administraci\u00f3n revel\u00f3 que el 86 por ciento de la poblaci\u00f3n capitalina est\u00e1 de acuerdo en legalizar la eutanasia en casos espec\u00edficos, lo que constituye un indicador relevante para comenzar a construir una ruta que permita convertir esta demanda en un nuevo derecho en la Ciudad de M\u00e9xico.<\/p>\n<p>&nbsp;<\/p>\n<p>&nbsp;<\/p>\n<p> <\/p>\n<p>La mandataria se\u00f1al\u00f3 que ya recibi\u00f3 a representantes de asociaciones civiles que promueven la legalizaci\u00f3n de esta pr\u00e1ctica y asegur\u00f3 que pr\u00f3ximamente su gobierno dar\u00e1 a conocer m\u00e1s detalles sobre el proceso de discusi\u00f3n.<\/p>\n<p>&nbsp;<\/p>\n<p>Record\u00f3 que la capital del pa\u00eds ha sido pionera en la ampliaci\u00f3n de libertades que inicialmente parec\u00edan imposibles y que, con el tiempo, fueron reconocidas legalmente.<\/p>\n<p>&nbsp;<\/p>\n<p>&nbsp;<\/p>\n<h3>Una iniciativa con la opini\u00f3n de los involucrados<\/h3>\n<p>&nbsp;<\/p>\n<p>Indic\u00f3 que la eventual elaboraci\u00f3n de una iniciativa deber\u00e1 considerar la opini\u00f3n de la ciudadan\u00eda y los testimonios de familiares y personas cuidadoras, quienes acompa\u00f1an a pacientes con padecimientos graves y enfrentan directamente sus consecuencias.<\/p>\n<p><img loading=\"lazy\" decoding=\"async\" class=\"x-center  size-full\" src=\"https:\/\/www.sonoraenequipo.com.mx\/storage\/2026\/08\/cdmx-mayoria-a-favor-de-la-eutanais-lA-jORNADA.jpg\" alt=\"\" width=\"1000\" height=\"666\" \/><\/p>\n<p>Tambi\u00e9n deber\u00e1n participar especialistas en bio\u00e9tica y salud, as\u00ed como organizaciones civiles y otros sectores involucrados, a\u00f1adi\u00f3.<\/p>\n<p>&nbsp;<\/p>\n<p>&nbsp;<\/p>\n<p><em><strong>\u201cEste gobierno cree en la autonom\u00eda personal frente al sufrimiento intolerable\u201d<\/strong><\/em>, expres\u00f3 Brugada, quien afirm\u00f3 que las movilizaciones realizadas para impulsar esta demanda contribuyen a ampliar el debate p\u00fablico y a definir una posible legislaci\u00f3n para la capital.<\/p>\n<p>&nbsp;<\/p>\n<p>&nbsp;<\/p>\n<p>PUBLICADO EL 31 DE AGOSTO 2026 Con informaci\u00f3n de Roc\u00edo Gonz\u00e1lez Alvarado La Jornada)<\/p>\n","protected":false},"excerpt":{"rendered":"<p>CIUDAD DE M\u00c9XICO. MX. \u2014 \u00a0La jefa de Gobierno, Clara Brugada, dio a conocer que&#8230;<\/p>\n","protected":false},"author":1,"featured_media":251241,"comment_status":"open","ping_status":"open","sticky":false,"template":"","format":"standard","meta":{"_monsterinsights_skip_tracking":false,"_monsterinsights_sitenote_active":false,"_monsterinsights_sitenote_note":"","_monsterinsights_sitenote_category":0,"footnotes":""},"categories":[5],"tags":[],"class_list":["post"],"yoast_head":" \n<title>Sonora en Equipo. El 86% de capitalinos, a favor de legalizar la Eutanasia; gobierno prepara ruta legal Rep\u00fablica<\/title>\n<meta name=\"description\" content=\"CIUDAD DE M\u00c9XICO. MX. \u2014 \u00a0La jefa de Gobierno, Clara Brugada, dio a conocer que una encuesta encargada por su administraci\u00f3n revel\u00f3 que el 86 por ciento de En Sonora en Equipo publicamos toda la informaci\u00f3n de Sonora, M\u00e9xico y el Mundo de manera oportuna y busca que la libertad de expresi\u00f3n sea real. Visita nuestro medio informativo publicado desde Hermosillo, Sonora. %\" \/>\n<meta name=\"robots\" content=\"index, follow, max-snippet:-1, max-image-preview:large, max-video-preview:-1\" \/>\n<link rel=\"canonical\" href=\"https:\/\/www.sonoraenequipo.com.mx\/el-86-de-capitalinos-a-favor-de-legalizar-la-eutanasia-gobierno-prepara-ruta-legal\/\" \/>\n<meta property=\"og:locale\" content=\"es_ES\" \/>\n<meta property=\"og:type\" content=\"article\" \/>\n<meta property=\"og:title\" content=\"Sonora en Equipo. El 86% de capitalinos, a favor de legalizar la Eutanasia; gobierno prepara ruta legal Rep\u00fablica\" \/>\n<meta property=\"og:description\" content=\"CIUDAD DE M\u00c9XICO. MX. \u2014 \u00a0La jefa de Gobierno, Clara Brugada, dio a conocer que una encuesta encargada por su administraci\u00f3n revel\u00f3 que el 86 por ciento de En Sonora en Equipo publicamos toda la informaci\u00f3n de Sonora, M\u00e9xico y el Mundo de manera oportuna y busca que la libertad de expresi\u00f3n sea real. Visita nuestro medio informativo publicado desde Hermosillo, Sonora. %\" \/>\n<meta property=\"og:url\" content=\"https:\/\/www.sonoraenequipo.com.mx\/el-86-de-capitalinos-a-favor-de-legalizar-la-eutanasia-gobierno-prepara-ruta-legal\/\" \/>\n<meta property=\"og:site_name\" content=\"Sonora en Equipo.\" \/>\n<meta property=\"article:publisher\" content=\"https:\/\/www.facebook.com\/SonoraEE\/\" \/>\n<meta property=\"article:author\" content=\"https:\/\/www.facebook.com\/SonoraEE\" \/>\n<meta property=\"article:published_time\" content=\"2026-09-01T01:26:23+00:00\" \/>\n<meta property=\"article:modified_time\" content=\"2026-09-01T04:26:44+00:00\" \/>\n<meta property=\"og:image\" content=\"https:\/\/www.sonoraenequipo.com.mx\/storage\/2026\/08\/eutanasia-1.jpg\" \/>\n\t<meta property=\"og:image:width\" content=\"1000\" \/>\n\t<meta property=\"og:image:height\" content=\"635\" \/>\n\t<meta property=\"og:image:type\" content=\"image\/jpeg\" \/>\n<meta name=\"author\" content=\"enequipo\" \/>\n<meta name=\"twitter:card\" content=\"summary_large_image\" \/>\n<meta name=\"twitter:creator\" content=\"@sonoraenequipo\" \/>\n<meta name=\"twitter:site\" content=\"@sonoraenequipo\" \/>\n<meta name=\"twitter:label1\" content=\"Escrito por\" \/>\n\t<meta name=\"twitter:data1\" content=\"enequipo\" \/>\n\t<meta name=\"twitter:label2\" content=\"Tiempo de lectura\" \/>\n\t<meta name=\"twitter:data2\" content=\"1 minuto\" \/>\n<script type=\"application\/ld+json\" class=\"yoast-schema-graph\">{\"@context\":\"https:\/\/schema.org\",\"@graph\":[{\"@type\":\"Article\",\"@id\":\"https:\/\/www.sonoraenequipo.com.mx\/el-86-de-capitalinos-a-favor-de-legalizar-la-eutanasia-gobierno-prepara-ruta-legal\/#article\",\"isPartOf\":{\"@id\":\"https:\/\/www.sonoraenequipo.com.mx\/el-86-de-capitalinos-a-favor-de-legalizar-la-eutanasia-gobierno-prepara-ruta-legal\/\"},\"author\":{\"name\":\"enequipo\",\"@id\":\"https:\/\/www.sonoraenequipo.com.mx\/#\/schema\/person\/50102df0fb23a8fa9e8effad8fa81386\"},\"headline\":\"El 86% de capitalinos, a favor de legalizar la Eutanasia; gobierno prepara ruta legal\",\"datePublished\":\"2026-09-01T01:26:23+00:00\",\"dateModified\":\"2026-09-01T04:26:44+00:00\",\"mainEntityOfPage\":{\"@id\":\"https:\/\/www.sonoraenequipo.com.mx\/el-86-de-capitalinos-a-favor-de-legalizar-la-eutanasia-gobierno-prepara-ruta-legal\/\"},\"wordCount\":287,\"commentCount\":0,\"publisher\":{\"@id\":\"https:\/\/www.sonoraenequipo.com.mx\/#organization\"},\"image\":{\"@id\":\"https:\/\/www.sonoraenequipo.com.mx\/el-86-de-capitalinos-a-favor-de-legalizar-la-eutanasia-gobierno-prepara-ruta-legal\/#primaryimage\"},\"thumbnailUrl\":\"https:\/\/www.sonoraenequipo.com.mx\/storage\/2026\/08\/eutanasia-1.jpg\",\"articleSection\":[\"Rep\u00fablica\"],\"inLanguage\":\"es\",\"potentialAction\":[{\"@type\":\"CommentAction\",\"name\":\"Comment\",\"target\":[\"https:\/\/www.sonoraenequipo.com.mx\/el-86-de-capitalinos-a-favor-de-legalizar-la-eutanasia-gobierno-prepara-ruta-legal\/#respond\"]}]},{\"@type\":\"WebPage\",\"@id\":\"https:\/\/www.sonoraenequipo.com.mx\/el-86-de-capitalinos-a-favor-de-legalizar-la-eutanasia-gobierno-prepara-ruta-legal\/\",\"url\":\"https:\/\/www.sonoraenequipo.com.mx\/el-86-de-capitalinos-a-favor-de-legalizar-la-eutanasia-gobierno-prepara-ruta-legal\/\",\"name\":\"Sonora en Equipo. El 86% de capitalinos, a favor de legalizar la Eutanasia; gobierno prepara ruta legal Rep\u00fablica\",\"isPartOf\":{\"@id\":\"https:\/\/www.sonoraenequipo.com.mx\/#website\"},\"primaryImageOfPage\":{\"@id\":\"https:\/\/www.sonoraenequipo.com.mx\/el-86-de-capitalinos-a-favor-de-legalizar-la-eutanasia-gobierno-prepara-ruta-legal\/#primaryimage\"},\"image\":{\"@id\":\"https:\/\/www.sonoraenequipo.com.mx\/el-86-de-capitalinos-a-favor-de-legalizar-la-eutanasia-gobierno-prepara-ruta-legal\/#primaryimage\"},\"thumbnailUrl\":\"https:\/\/www.sonoraenequipo.com.mx\/storage\/2026\/08\/eutanasia-1.jpg\",\"datePublished\":\"2026-09-01T01:26:23+00:00\",\"dateModified\":\"2026-09-01T04:26:44+00:00\",\"description\":\"CIUDAD DE M\u00c9XICO. MX. \u2014 \u00a0La jefa de Gobierno, Clara Brugada, dio a conocer que una encuesta encargada por su administraci\u00f3n revel\u00f3 que el 86 por ciento de En Sonora en Equipo publicamos toda la informaci\u00f3n de Sonora, M\u00e9xico y el Mundo de manera oportuna y busca que la libertad de expresi\u00f3n sea real. Visita nuestro medio informativo publicado desde Hermosillo, Sonora. %\",\"breadcrumb\":{\"@id\":\"https:\/\/www.sonoraenequipo.com.mx\/el-86-de-capitalinos-a-favor-de-legalizar-la-eutanasia-gobierno-prepara-ruta-legal\/#breadcrumb\"},\"inLanguage\":\"es\",\"potentialAction\":[{\"@type\":\"ReadAction\",\"target\":[\"https:\/\/www.sonoraenequipo.com.mx\/el-86-de-capitalinos-a-favor-de-legalizar-la-eutanasia-gobierno-prepara-ruta-legal\/\"]}]},{\"@type\":\"ImageObject\",\"inLanguage\":\"es\",\"@id\":\"https:\/\/www.sonoraenequipo.com.mx\/el-86-de-capitalinos-a-favor-de-legalizar-la-eutanasia-gobierno-prepara-ruta-legal\/#primaryimage\",\"url\":\"https:\/\/www.sonoraenequipo.com.mx\/storage\/2026\/08\/eutanasia-1.jpg\",\"contentUrl\":\"https:\/\/www.sonoraenequipo.com.mx\/storage\/2026\/08\/eutanasia-1.jpg\",\"width\":1000,\"height\":635},{\"@type\":\"BreadcrumbList\",\"@id\":\"https:\/\/www.sonoraenequipo.com.mx\/el-86-de-capitalinos-a-favor-de-legalizar-la-eutanasia-gobierno-prepara-ruta-legal\/#breadcrumb\",\"itemListElement\":[{\"@type\":\"ListItem\",\"position\":1,\"name\":\"Portada\",\"item\":\"https:\/\/www.sonoraenequipo.com.mx\/\"},{\"@type\":\"ListItem\",\"position\":2,\"name\":\"El 86% de capitalinos, a favor de legalizar la Eutanasia; gobierno prepara ruta legal\"}]},{\"@type\":\"WebSite\",\"@id\":\"https:\/\/www.sonoraenequipo.com.mx\/#website\",\"url\":\"https:\/\/www.sonoraenequipo.com.mx\/\",\"name\":\"Sonora en Equipo.\",\"description\":\"Diario en l\u00ednea con Noticias desde Hermosillo, Sonora\",\"publisher\":{\"@id\":\"https:\/\/www.sonoraenequipo.com.mx\/#organization\"},\"potentialAction\":[{\"@type\":\"SearchAction\",\"target\":{\"@type\":\"EntryPoint\",\"urlTemplate\":\"https:\/\/www.sonoraenequipo.com.mx\/?s={search_term_string}\"},\"query-input\":{\"@type\":\"PropertyValueSpecification\",\"valueRequired\":true,\"valueName\":\"search_term_string\"}}],\"inLanguage\":\"es\"},{\"@type\":\"Organization\",\"@id\":\"https:\/\/www.sonoraenequipo.com.mx\/#organization\",\"name\":\"Sonoraenequipo.com.mx\",\"url\":\"https:\/\/www.sonoraenequipo.com.mx\/\",\"logo\":{\"@type\":\"ImageObject\",\"inLanguage\":\"es\",\"@id\":\"https:\/\/www.sonoraenequipo.com.mx\/#\/schema\/logo\/image\/\",\"url\":\"https:\/\/www.sonoraenequipo.com.mx\/storage\/2019\/01\/sonoraenequipo_opt.png\",\"contentUrl\":\"https:\/\/www.sonoraenequipo.com.mx\/storage\/2019\/01\/sonoraenequipo_opt.png\",\"width\":375,\"height\":125,\"caption\":\"Sonoraenequipo.com.mx\"},\"image\":{\"@id\":\"https:\/\/www.sonoraenequipo.com.mx\/#\/schema\/logo\/image\/\"},\"sameAs\":[\"https:\/\/www.facebook.com\/SonoraEE\/\",\"https:\/\/x.com\/sonoraenequipo\",\"https:\/\/www.youtube.com\/channel\/UC338nW-lPEYmJQs4ZABQ1SQ\"]},{\"@type\":\"Person\",\"@id\":\"https:\/\/www.sonoraenequipo.com.mx\/#\/schema\/person\/50102df0fb23a8fa9e8effad8fa81386\",\"name\":\"enequipo\",\"image\":{\"@type\":\"ImageObject\",\"inLanguage\":\"es\",\"@id\":\"https:\/\/www.sonoraenequipo.com.mx\/#\/schema\/person\/image\/\",\"url\":\"https:\/\/secure.gravatar.com\/avatar\/049821681b589dabc0bc20695993ccebb09f5b5d4d790cd9251b97faac7c652b?s=96&d=blank&r=g\",\"contentUrl\":\"https:\/\/secure.gravatar.com\/avatar\/049821681b589dabc0bc20695993ccebb09f5b5d4d790cd9251b97faac7c652b?s=96&d=blank&r=g\",\"caption\":\"enequipo\"},\"sameAs\":[\"https:\/\/www.facebook.com\/SonoraEE\"]}]}<\/script>\n ","yoast_head_json":{"title":"Sonora en Equipo. El 86% de capitalinos, a favor de legalizar la Eutanasia; gobierno prepara ruta legal Rep\u00fablica","description":"CIUDAD DE M\u00c9XICO. MX. \u2014 \u00a0La jefa de Gobierno, Clara Brugada, dio a conocer que una encuesta encargada por su administraci\u00f3n revel\u00f3 que el 86 por ciento de En Sonora en Equipo publicamos toda la informaci\u00f3n de Sonora, M\u00e9xico y el Mundo de manera oportuna y busca que la libertad de expresi\u00f3n sea real. Visita nuestro medio informativo publicado desde Hermosillo, Sonora. %","robots":{"index":"index","follow":"follow","max-snippet":"max-snippet:-1","max-image-preview":"max-image-preview:large","max-video-preview":"max-video-preview:-1"},"canonical":"https:\/\/www.sonoraenequipo.com.mx\/el-86-de-capitalinos-a-favor-de-legalizar-la-eutanasia-gobierno-prepara-ruta-legal\/","og_locale":"es_ES","og_type":"article","og_title":"Sonora en Equipo. El 86% de capitalinos, a favor de legalizar la Eutanasia; gobierno prepara ruta legal Rep\u00fablica","og_description":"CIUDAD DE M\u00c9XICO. MX. \u2014 \u00a0La jefa de Gobierno, Clara Brugada, dio a conocer que una encuesta encargada por su administraci\u00f3n revel\u00f3 que el 86 por ciento de En Sonora en Equipo publicamos toda la informaci\u00f3n de Sonora, M\u00e9xico y el Mundo de manera oportuna y busca que la libertad de expresi\u00f3n sea real. Visita nuestro medio informativo publicado desde Hermosillo, Sonora. %","og_url":"https:\/\/www.sonoraenequipo.com.mx\/el-86-de-capitalinos-a-favor-de-legalizar-la-eutanasia-gobierno-prepara-ruta-legal\/","og_site_name":"Sonora en Equipo.","article_publisher":"https:\/\/www.facebook.com\/SonoraEE\/","article_author":"https:\/\/www.facebook.com\/SonoraEE","article_published_time":"2026-09-01T01:26:23+00:00","article_modified_time":"2026-09-01T04:26:44+00:00","og_image":[{"width":1000,"height":635,"url":"https:\/\/www.sonoraenequipo.com.mx\/storage\/2026\/08\/eutanasia-1.jpg","type":"image\/jpeg"}],"author":"enequipo","twitter_card":"summary_large_image","twitter_creator":"@sonoraenequipo","twitter_site":"@sonoraenequipo","twitter_misc":{"Escrito por":"enequipo","Tiempo de lectura":"1 minuto"},"schema":{"@context":"https:\/\/schema.org","@graph":[{"@type":"Article","@id":"https:\/\/www.sonoraenequipo.com.mx\/el-86-de-capitalinos-a-favor-de-legalizar-la-eutanasia-gobierno-prepara-ruta-legal\/#article","isPartOf":{"@id":"https:\/\/www.sonoraenequipo.com.mx\/el-86-de-capitalinos-a-favor-de-legalizar-la-eutanasia-gobierno-prepara-ruta-legal\/"},"author":{"name":"enequipo","@id":"https:\/\/www.sonoraenequipo.com.mx\/#\/schema\/person\/50102df0fb23a8fa9e8effad8fa81386"},"headline":"El 86% de capitalinos, a favor de legalizar la Eutanasia; gobierno prepara ruta legal","datePublished":"2026-09-01T01:26:23+00:00","dateModified":"2026-09-01T04:26:44+00:00","mainEntityOfPage":{"@id":"https:\/\/www.sonoraenequipo.com.mx\/el-86-de-capitalinos-a-favor-de-legalizar-la-eutanasia-gobierno-prepara-ruta-legal\/"},"wordCount":287,"commentCount":0,"publisher":{"@id":"https:\/\/www.sonoraenequipo.com.mx\/#organization"},"image":{"@id":"https:\/\/www.sonoraenequipo.com.mx\/el-86-de-capitalinos-a-favor-de-legalizar-la-eutanasia-gobierno-prepara-ruta-legal\/#primaryimage"},"thumbnailUrl":"https:\/\/www.sonoraenequipo.com.mx\/storage\/2026\/08\/eutanasia-1.jpg","articleSection":["Rep\u00fablica"],"inLanguage":"es","potentialAction":[{"@type":"CommentAction","name":"Comment","target":["https:\/\/www.sonoraenequipo.com.mx\/el-86-de-capitalinos-a-favor-de-legalizar-la-eutanasia-gobierno-prepara-ruta-legal\/#respond"]}]},{"@type":"WebPage","@id":"https:\/\/www.sonoraenequipo.com.mx\/el-86-de-capitalinos-a-favor-de-legalizar-la-eutanasia-gobierno-prepara-ruta-legal\/","url":"https:\/\/www.sonoraenequipo.com.mx\/el-86-de-capitalinos-a-favor-de-legalizar-la-eutanasia-gobierno-prepara-ruta-legal\/","name":"Sonora en Equipo. El 86% de capitalinos, a favor de legalizar la Eutanasia; gobierno prepara ruta legal Rep\u00fablica","isPartOf":{"@id":"https:\/\/www.sonoraenequipo.com.mx\/#website"},"primaryImageOfPage":{"@id":"https:\/\/www.sonoraenequipo.com.mx\/el-86-de-capitalinos-a-favor-de-legalizar-la-eutanasia-gobierno-prepara-ruta-legal\/#primaryimage"},"image":{"@id":"https:\/\/www.sonoraenequipo.com.mx\/el-86-de-capitalinos-a-favor-de-legalizar-la-eutanasia-gobierno-prepara-ruta-legal\/#primaryimage"},"thumbnailUrl":"https:\/\/www.sonoraenequipo.com.mx\/storage\/2026\/08\/eutanasia-1.jpg","datePublished":"2026-09-01T01:26:23+00:00","dateModified":"2026-09-01T04:26:44+00:00","description":"CIUDAD DE M\u00c9XICO. MX. \u2014 \u00a0La jefa de Gobierno, Clara Brugada, dio a conocer que una encuesta encargada por su administraci\u00f3n revel\u00f3 que el 86 por ciento de En Sonora en Equipo publicamos toda la informaci\u00f3n de Sonora, M\u00e9xico y el Mundo de manera oportuna y busca que la libertad de expresi\u00f3n sea real. Visita nuestro medio informativo publicado desde Hermosillo, Sonora. %","breadcrumb":{"@id":"https:\/\/www.sonoraenequipo.com.mx\/el-86-de-capitalinos-a-favor-de-legalizar-la-eutanasia-gobierno-prepara-ruta-legal\/#breadcrumb"},"inLanguage":"es","potentialAction":[{"@type":"ReadAction","target":["https:\/\/www.sonoraenequipo.com.mx\/el-86-de-capitalinos-a-favor-de-legalizar-la-eutanasia-gobierno-prepara-ruta-legal\/"]}]},{"@type":"ImageObject","inLanguage":"es","@id":"https:\/\/www.sonoraenequipo.com.mx\/el-86-de-capitalinos-a-favor-de-legalizar-la-eutanasia-gobierno-prepara-ruta-legal\/#primaryimage","url":"https:\/\/www.sonoraenequipo.com.mx\/storage\/2026\/08\/eutanasia-1.jpg","contentUrl":"https:\/\/www.sonoraenequipo.com.mx\/storage\/2026\/08\/eutanasia-1.jpg","width":1000,"height":635},{"@type":"BreadcrumbList","@id":"https:\/\/www.sonoraenequipo.com.mx\/el-86-de-capitalinos-a-favor-de-legalizar-la-eutanasia-gobierno-prepara-ruta-legal\/#breadcrumb","itemListElement":[{"@type":"ListItem","position":1,"name":"Portada","item":"https:\/\/www.sonoraenequipo.com.mx\/"},{"@type":"ListItem","position":2,"name":"El 86% de capitalinos, a favor de legalizar la Eutanasia; gobierno prepara ruta legal"}]},{"@type":"WebSite","@id":"https:\/\/www.sonoraenequipo.com.mx\/#website","url":"https:\/\/www.sonoraenequipo.com.mx\/","name":"Sonora en Equipo.","description":"Diario en l\u00ednea con Noticias desde Hermosillo, Sonora","publisher":{"@id":"https:\/\/www.sonoraenequipo.com.mx\/#organization"},"potentialAction":[{"@type":"SearchAction","target":{"@type":"EntryPoint","urlTemplate":"https:\/\/www.sonoraenequipo.com.mx\/?s={search_term_string}"},"query-input":{"@type":"PropertyValueSpecification","valueRequired":true,"valueName":"search_term_string"}}],"inLanguage":"es"},{"@type":"Organization","@id":"https:\/\/www.sonoraenequipo.com.mx\/#organization","name":"Sonoraenequipo.com.mx","url":"https:\/\/www.sonoraenequipo.com.mx\/","logo":{"@type":"ImageObject","inLanguage":"es","@id":"https:\/\/www.sonoraenequipo.com.mx\/#\/schema\/logo\/image\/","url":"https:\/\/www.sonoraenequipo.com.mx\/storage\/2019\/01\/sonoraenequipo_opt.png","contentUrl":"https:\/\/www.sonoraenequipo.com.mx\/storage\/2019\/01\/sonoraenequipo_opt.png","width":375,"height":125,"caption":"Sonoraenequipo.com.mx"},"image":{"@id":"https:\/\/www.sonoraenequipo.com.mx\/#\/schema\/logo\/image\/"},"sameAs":["https:\/\/www.facebook.com\/SonoraEE\/","https:\/\/x.com\/sonoraenequipo","https:\/\/www.youtube.com\/channel\/UC338nW-lPEYmJQs4ZABQ1SQ"]},{"@type":"Person","@id":"https:\/\/www.sonoraenequipo.com.mx\/#\/schema\/person\/50102df0fb23a8fa9e8effad8fa81386","name":"enequipo","image":{"@type":"ImageObject","inLanguage":"es","@id":"https:\/\/www.sonoraenequipo.com.mx\/#\/schema\/person\/image\/","url":"https:\/\/secure.gravatar.com\/avatar\/049821681b589dabc0bc20695993ccebb09f5b5d4d790cd9251b97faac7c652b?s=96&d=blank&r=g","contentUrl":"https:\/\/secure.gravatar.com\/avatar\/049821681b589dabc0bc20695993ccebb09f5b5d4d790cd9251b97faac7c652b?s=96&d=blank&r=g","caption":"enequipo"},"sameAs":["https:\/\/www.facebook.com\/SonoraEE"]}]}},"jetpack_featured_media_url":"https:\/\/www.sonoraenequipo.com.mx\/storage\/2026\/08\/eutanasia-1.jpg","_links":{"self":[{"href":"https:\/\/www.sonoraenequipo.com.mx\/api\/wp\/v2\/posts\/251239","targetHints":{"allow":["GET"]}}],"collection":[{"href":"https:\/\/www.sonoraenequipo.com.mx\/api\/wp\/v2\/posts"}],"about":[{"href":"https:\/\/www.sonoraenequipo.com.mx\/api\/wp\/v2\/types\/post"}],"author":[{"embeddable":true,"href":"https:\/\/www.sonoraenequipo.com.mx\/api\/wp\/v2\/users\/1"}],"replies":[{"embeddable":true,"href":"https:\/\/www.sonoraenequipo.com.mx\/api\/wp\/v2\/comments?post=251239"}],"version-history":[{"count":1,"href":"https:\/\/www.sonoraenequipo.com.mx\/api\/wp\/v2\/posts\/251239\/revisions"}],"predecessor-version":[{"id":251242,"href":"https:\/\/www.sonoraenequipo.com.mx\/api\/wp\/v2\/posts\/251239\/revisions\/251242"}],"wp:featuredmedia":[{"embeddable":true,"href":"https:\/\/www.sonoraenequipo.com.mx\/api\/wp\/v2\/media\/251241"}],"wp:attachment":[{"href":"https:\/\/www.sonoraenequipo.com.mx\/api\/wp\/v2\/media?parent=251239"}],"wp:term":[{"taxonomy":"category","embeddable":true,"href":"https:\/\/www.sonoraenequipo.com.mx\/api\/wp\/v2\/categories?post=251239"},{"taxonomy":"post_tag","embeddable":true,"href":"https:\/\/www.sonoraenequipo.com.mx\/api\/wp\/v2\/tags?post=251239"}],"curies":[{"name":"wp","href":"https:\/\/api.w.org\/{rel}","templated":true}]}}