{"id":251257,"date":"2026-09-01T12:48:22","date_gmt":"2026-09-01T19:48:22","guid":{"rendered":"https:\/\/www.sonoraenequipo.com.mx\/?p=251257"},"modified":"2026-09-01T12:49:27","modified_gmt":"2026-09-01T19:49:27","slug":"de-la-infancia-a-la-vejez-20-mil-profesionales-de-salud-capacitados-sanofi","status":"publish","type":"post","link":"https:\/\/www.sonoraenequipo.com.mx\/de-la-infancia-a-la-vejez-20-mil-profesionales-de-salud-capacitados-sanofi\/","title":{"rendered":"De la infancia a la vejez: 20 mil profesionales de salud capacitados: Sanofi"},"content":{"rendered":"<p>&nbsp;<\/p>\n<p><strong>CIUDAD DE M\u00c9XICO, MX. \u2014<\/strong> Hace una d\u00e9cada, la inmunizaci\u00f3n se concentraba en la protecci\u00f3n infantil; no exist\u00edan una variedad de herramientas preventivas espec\u00edficas contra el Virus Sincicial Respiratorio (VSR) en los primeros meses de vida, y la poblaci\u00f3n adulta mayor representaba una proporci\u00f3n menor del pa\u00eds. Actualmente, con m\u00e1s de 17 millones de personas mayores de 60 a\u00f1os, la inmunizaci\u00f3n ha evolucionado hacia una estrategia integral que acompa\u00f1a a las personas desde el nacimiento hasta la edad adulta mayor, respondiendo a nuevas realidades demogr\u00e1ficas y epidemiol\u00f3gicas.<\/p>\n<p>&nbsp;<\/p>\n<p>Esta es una de las principales conclusiones del D\u00e9cimo Simposio Interinstitucional de Inmunizaci\u00f3n, evento acad\u00e9mico y de salud p\u00fablica convocado por Sanofi que se ha consolidado como uno de los espacios de actualizaci\u00f3n cient\u00edfica m\u00e1s relevantes del pa\u00eds. A lo largo de sus diez ediciones, ha reunido a m\u00e1s de 20 mil profesionales de la salud, expertos, vacunadores y representantes de instituciones p\u00fablicas y privadas para analizar la evoluci\u00f3n de la inmunizaci\u00f3n, las coberturas de vacunaci\u00f3n y los principales retos de salud p\u00fablica que enfrenta M\u00e9xico.<\/p>\n<p>&nbsp;<\/p>\n<p>\u00abDurante la \u00faltima d\u00e9cada hemos ampliado nuestra visi\u00f3n de la inmunizaci\u00f3n. Hoy sabemos que prevenir una enfermedad no s\u00f3lo protege la salud de las personas, tambi\u00e9n ayuda a evitar hospitalizaciones, reducir la presi\u00f3n sobre los sistemas de salud y generar beneficios econ\u00f3micos para las familias y para el pa\u00eds. La innovaci\u00f3n nos permite acompa\u00f1ar a las personas desde los primeros meses de vida hasta la edad adulta mayor con soluciones que antes simplemente no exist\u00edan\u00bb, se\u00f1al\u00f3 Patricia Cervantes, Directora M\u00e9dica de Vacunas en Sanofi M\u00e9xico.<\/p>\n<p>&nbsp;<\/p>\n<p>Durante las jornadas celebradas los d\u00edas 25 y 26 de agosto en Ciudad de M\u00e9xico, representantes de las principales instituciones de salud, m\u00e9dicos especialistas y miembros de Sanofi discutieron c\u00f3mo la inmunizaci\u00f3n ha evolucionado en un contexto marcado por profundas transformaciones demogr\u00e1ficas y epidemiol\u00f3gicas, destacando dos poblaciones particularmente relevantes para el futuro de la salud p\u00fablica: los ni\u00f1os y los adultos mayores.<\/p>\n<p><strong>Recuperar las coberturas y proteger a los m\u00e1s peque\u00f1os sigue siendo una prioridad<\/strong><\/p>\n<p>M\u00e9xico cuenta con uno de los programas de vacunaci\u00f3n m\u00e1s amplios y robustos de la regi\u00f3n; sin embargo, recuperar y mantener altas coberturas contin\u00faa siendo uno de los principales desaf\u00edos de salud p\u00fablica.<\/p>\n<p>&nbsp;<\/p>\n<p>De acuerdo con la Encuesta Nacional de Salud y Nutrici\u00f3n (ENSANUT) 2021-2023, ninguna de las vacunas infantiles evaluadas alcanz\u00f3 la meta de cobertura de 95% recomendada por la Organizaci\u00f3n Mundial de la Salud (OMS) para garantizar una adecuada protecci\u00f3n comunitaria. Las consecuencias pueden observarse en la persistencia y reaparici\u00f3n de enfermedades prevenibles como el reciente brote de sarampi\u00f3n, y, por otro lado, en 2025, el Comit\u00e9 Nacional para la Vigilancia Epidemiol\u00f3gica (CONAVE) emiti\u00f3 una alerta epidemiol\u00f3gica por el incremento de casos de tos ferina en M\u00e9xico, una enfermedad altamente contagiosa que puede resultar especialmente grave en lactantes menores de seis meses.<\/p>\n<p>&nbsp;<\/p>\n<p><strong>Innovaci\u00f3n para proteger a los m\u00e1s peque\u00f1os<\/strong><\/p>\n<p>A estos desaf\u00edos se suma el Virus Sincicial Respiratorio (VSR), una de las principales causas de infecciones respiratorias bajas, hospitalizaci\u00f3n y mortalidad infantil. La OMS estima que provoca cada a\u00f1o m\u00e1s de 3.6 millones de hospitalizaciones y alrededor de 100 mil muertes en menores de cinco a\u00f1os a nivel global.<\/p>\n<p>&nbsp;<\/p>\n<p>Hace diez a\u00f1os no exist\u00edan herramientas preventivas espec\u00edficas para proteger a los reci\u00e9n nacidos frente al VSR. Hoy, la ciencia dispone de nuevas estrategias, como la vacunaci\u00f3n materna durante el embarazo y los anticuerpos monoclonales para lactantes, que permiten actuar desde los primeros meses de vida y reducir significativamente los casos graves y las hospitalizaciones asociadas a este virus.<\/p>\n<p>&nbsp;<\/p>\n<p><strong>M\u00e1s a\u00f1os de vida demandan m\u00e1s a\u00f1os saludables<\/strong><\/p>\n<p>Los expertos tambi\u00e9n analizaron una de las transformaciones m\u00e1s importantes que enfrenta actualmente el pa\u00eds: el envejecimiento de la poblaci\u00f3n. M\u00e9xico cuenta hoy con m\u00e1s de 17 millones de personas de 60 a\u00f1os o m\u00e1s, equivalentes a cerca del 13% de la poblaci\u00f3n nacional, y se prev\u00e9 que para 2030 el pa\u00eds tenga m\u00e1s personas adultas mayores que menores de 15 a\u00f1os. ,<\/p>\n<p>&nbsp;<\/p>\n<p>Esta transici\u00f3n demogr\u00e1fica exige reconocer que la prevenci\u00f3n mediante vacunaci\u00f3n no termina en la infancia. Conforme avanzan los a\u00f1os, el organismo experimenta cambios fisiol\u00f3gicos, entre ellos la disminuci\u00f3n de la respuesta de sistema inmunol\u00f3gico, por tanto, se incrementa la vulnerabilidad frente a infecciones y complicaciones asociadas a m\u00faltiples enfermedades.<\/p>\n<p>&nbsp;<\/p>\n<p>La evidencia cient\u00edfica muestra que una infecci\u00f3n por influenza puede aumentar entre 6 y 10 veces el riesgo de infarto agudo de miocardio durante los d\u00edas posteriores al contagio y elevar hasta 8 veces el riesgo de accidente cerebrovascular, particularmente en personas con enfermedades cardiovasculares, diabetes u otras condiciones cr\u00f3nicas.<\/p>\n<p>&nbsp;<\/p>\n<p>\u00abEl 70% de las hospitalizaciones por influenza ocurre en adultos mayores de 60 a\u00f1os, por ello los especialistas proponen que la vacunaci\u00f3n se reconozca como una herramienta fundamental para preservar la salud y la autonom\u00eda en una poblaci\u00f3n que cada vez vive m\u00e1s a\u00f1os.\u00bb, explic\u00f3 Julissa Rodr\u00edguez, Gerente M\u00e9dica de Vacunas en Sanofi.<\/p>\n<p><strong>\u00a0<\/strong><\/p>\n<p><strong>Diez a\u00f1os impulsando la conversaci\u00f3n<\/strong><\/p>\n<p>A diez a\u00f1os de su creaci\u00f3n, el Simposio Interinstitucional de Inmunizaci\u00f3n refleja c\u00f3mo ha evolucionado la prevenci\u00f3n en M\u00e9xico: de una conversaci\u00f3n centrada principalmente en la infancia a una visi\u00f3n integral de protecci\u00f3n para todas las etapas de la vida.<\/p>\n<p>En un pa\u00eds que envejece, enfrenta nuevos desaf\u00edos epidemiol\u00f3gicos y cuenta con herramientas cient\u00edficas que antes no exist\u00edan, la inmunizaci\u00f3n se consolida como una de las inversiones m\u00e1s relevantes para proteger la salud, la productividad y la calidad de vida de la poblaci\u00f3n mexicana.<\/p>\n<p>Sanofi es una empresa biofarmac\u00e9utica impulsada por la I+D y potenciada por la IA, comprometida con mejorar la vida de las personas y ofrecer un crecimiento contundente. Aplicamos nuestro profundo conocimiento del sistema inmunol\u00f3gico para desarrollar medicamentos y vacunas que tratan y protegen a millones de personas en todo el mundo, con un pipeline innovador que podr\u00eda beneficiar a millones m\u00e1s. Nuestro equipo est\u00e1 guiado por un prop\u00f3sito: perseguimos los milagros de la ciencia para mejorar la vida de las personas; esto nos inspira a impulsar el progreso y generar un impacto positivo en nuestra gente y las comunidades a las que servimos, abordando los desaf\u00edos m\u00e1s urgentes en materia de salud, medio ambiente y sociedad de nuestro tiempo.<\/p>\n<p><strong>Fecha de publicaci\u00f3n martes 1 de septiembre de 2026<\/strong><\/p>\n","protected":false},"excerpt":{"rendered":"<p>&nbsp; CIUDAD DE M\u00c9XICO, MX. \u2014 Hace una d\u00e9cada, la inmunizaci\u00f3n se concentraba en la&#8230;<\/p>\n","protected":false},"author":1,"featured_media":251258,"comment_status":"open","ping_status":"open","sticky":false,"template":"","format":"standard","meta":{"_monsterinsights_skip_tracking":false,"_monsterinsights_sitenote_active":false,"_monsterinsights_sitenote_note":"","_monsterinsights_sitenote_category":0,"footnotes":""},"categories":[5],"tags":[1830,12428],"class_list":["post"],"yoast_head":" \n<title>Sonora en Equipo. De la infancia a la vejez: 20 mil profesionales de salud capacitados: Sanofi Rep\u00fablica<\/title>\n<meta name=\"description\" content=\"&nbsp; CIUDAD DE M\u00c9XICO, MX. \u2014 Hace una d\u00e9cada, la inmunizaci\u00f3n se concentraba en la protecci\u00f3n infantil; no exist\u00edan una variedad de herramientas En Sonora en Equipo publicamos toda la informaci\u00f3n de Sonora, M\u00e9xico y el Mundo de manera oportuna y busca que la libertad de expresi\u00f3n sea real. Visita nuestro medio informativo publicado desde Hermosillo, Sonora. %\" \/>\n<meta name=\"robots\" content=\"index, follow, max-snippet:-1, max-image-preview:large, max-video-preview:-1\" \/>\n<link rel=\"canonical\" href=\"https:\/\/www.sonoraenequipo.com.mx\/de-la-infancia-a-la-vejez-20-mil-profesionales-de-salud-capacitados-sanofi\/\" \/>\n<meta property=\"og:locale\" content=\"es_ES\" \/>\n<meta property=\"og:type\" content=\"article\" \/>\n<meta property=\"og:title\" content=\"Sonora en Equipo. De la infancia a la vejez: 20 mil profesionales de salud capacitados: Sanofi Rep\u00fablica\" \/>\n<meta property=\"og:description\" content=\"&nbsp; CIUDAD DE M\u00c9XICO, MX. \u2014 Hace una d\u00e9cada, la inmunizaci\u00f3n se concentraba en la protecci\u00f3n infantil; no exist\u00edan una variedad de herramientas En Sonora en Equipo publicamos toda la informaci\u00f3n de Sonora, M\u00e9xico y el Mundo de manera oportuna y busca que la libertad de expresi\u00f3n sea real. Visita nuestro medio informativo publicado desde Hermosillo, Sonora. %\" \/>\n<meta property=\"og:url\" content=\"https:\/\/www.sonoraenequipo.com.mx\/de-la-infancia-a-la-vejez-20-mil-profesionales-de-salud-capacitados-sanofi\/\" \/>\n<meta property=\"og:site_name\" content=\"Sonora en Equipo.\" \/>\n<meta property=\"article:publisher\" content=\"https:\/\/www.facebook.com\/SonoraEE\/\" \/>\n<meta property=\"article:author\" content=\"https:\/\/www.facebook.com\/SonoraEE\" \/>\n<meta property=\"article:published_time\" content=\"2026-09-01T19:48:22+00:00\" \/>\n<meta property=\"article:modified_time\" content=\"2026-09-01T19:49:27+00:00\" \/>\n<meta property=\"og:image\" content=\"https:\/\/www.sonoraenequipo.com.mx\/storage\/2026\/09\/sanofi.jpg\" \/>\n\t<meta property=\"og:image:width\" content=\"600\" \/>\n\t<meta property=\"og:image:height\" content=\"400\" \/>\n\t<meta property=\"og:image:type\" content=\"image\/jpeg\" \/>\n<meta name=\"author\" content=\"enequipo\" \/>\n<meta name=\"twitter:card\" content=\"summary_large_image\" \/>\n<meta name=\"twitter:creator\" content=\"@sonoraenequipo\" \/>\n<meta name=\"twitter:site\" content=\"@sonoraenequipo\" \/>\n<meta name=\"twitter:label1\" content=\"Escrito por\" \/>\n\t<meta name=\"twitter:data1\" content=\"enequipo\" \/>\n\t<meta name=\"twitter:label2\" content=\"Tiempo de lectura\" \/>\n\t<meta name=\"twitter:data2\" content=\"6 minutos\" \/>\n<script type=\"application\/ld+json\" class=\"yoast-schema-graph\">{\"@context\":\"https:\/\/schema.org\",\"@graph\":[{\"@type\":\"Article\",\"@id\":\"https:\/\/www.sonoraenequipo.com.mx\/de-la-infancia-a-la-vejez-20-mil-profesionales-de-salud-capacitados-sanofi\/#article\",\"isPartOf\":{\"@id\":\"https:\/\/www.sonoraenequipo.com.mx\/de-la-infancia-a-la-vejez-20-mil-profesionales-de-salud-capacitados-sanofi\/\"},\"author\":{\"name\":\"enequipo\",\"@id\":\"https:\/\/www.sonoraenequipo.com.mx\/#\/schema\/person\/50102df0fb23a8fa9e8effad8fa81386\"},\"headline\":\"De la infancia a la vejez: 20 mil profesionales de salud capacitados: Sanofi\",\"datePublished\":\"2026-09-01T19:48:22+00:00\",\"dateModified\":\"2026-09-01T19:49:27+00:00\",\"mainEntityOfPage\":{\"@id\":\"https:\/\/www.sonoraenequipo.com.mx\/de-la-infancia-a-la-vejez-20-mil-profesionales-de-salud-capacitados-sanofi\/\"},\"wordCount\":1171,\"commentCount\":0,\"publisher\":{\"@id\":\"https:\/\/www.sonoraenequipo.com.mx\/#organization\"},\"image\":{\"@id\":\"https:\/\/www.sonoraenequipo.com.mx\/de-la-infancia-a-la-vejez-20-mil-profesionales-de-salud-capacitados-sanofi\/#primaryimage\"},\"thumbnailUrl\":\"https:\/\/www.sonoraenequipo.com.mx\/storage\/2026\/09\/sanofi.jpg\",\"keywords\":[\"capacitaci\u00f3n\",\"sanofi\"],\"articleSection\":[\"Rep\u00fablica\"],\"inLanguage\":\"es\",\"potentialAction\":[{\"@type\":\"CommentAction\",\"name\":\"Comment\",\"target\":[\"https:\/\/www.sonoraenequipo.com.mx\/de-la-infancia-a-la-vejez-20-mil-profesionales-de-salud-capacitados-sanofi\/#respond\"]}]},{\"@type\":\"WebPage\",\"@id\":\"https:\/\/www.sonoraenequipo.com.mx\/de-la-infancia-a-la-vejez-20-mil-profesionales-de-salud-capacitados-sanofi\/\",\"url\":\"https:\/\/www.sonoraenequipo.com.mx\/de-la-infancia-a-la-vejez-20-mil-profesionales-de-salud-capacitados-sanofi\/\",\"name\":\"Sonora en Equipo. De la infancia a la vejez: 20 mil profesionales de salud capacitados: Sanofi Rep\u00fablica\",\"isPartOf\":{\"@id\":\"https:\/\/www.sonoraenequipo.com.mx\/#website\"},\"primaryImageOfPage\":{\"@id\":\"https:\/\/www.sonoraenequipo.com.mx\/de-la-infancia-a-la-vejez-20-mil-profesionales-de-salud-capacitados-sanofi\/#primaryimage\"},\"image\":{\"@id\":\"https:\/\/www.sonoraenequipo.com.mx\/de-la-infancia-a-la-vejez-20-mil-profesionales-de-salud-capacitados-sanofi\/#primaryimage\"},\"thumbnailUrl\":\"https:\/\/www.sonoraenequipo.com.mx\/storage\/2026\/09\/sanofi.jpg\",\"datePublished\":\"2026-09-01T19:48:22+00:00\",\"dateModified\":\"2026-09-01T19:49:27+00:00\",\"description\":\"&nbsp; CIUDAD DE M\u00c9XICO, MX. \u2014 Hace una d\u00e9cada, la inmunizaci\u00f3n se concentraba en la protecci\u00f3n infantil; no exist\u00edan una variedad de herramientas En Sonora en Equipo publicamos toda la informaci\u00f3n de Sonora, M\u00e9xico y el Mundo de manera oportuna y busca que la libertad de expresi\u00f3n sea real. Visita nuestro medio informativo publicado desde Hermosillo, Sonora. %\",\"breadcrumb\":{\"@id\":\"https:\/\/www.sonoraenequipo.com.mx\/de-la-infancia-a-la-vejez-20-mil-profesionales-de-salud-capacitados-sanofi\/#breadcrumb\"},\"inLanguage\":\"es\",\"potentialAction\":[{\"@type\":\"ReadAction\",\"target\":[\"https:\/\/www.sonoraenequipo.com.mx\/de-la-infancia-a-la-vejez-20-mil-profesionales-de-salud-capacitados-sanofi\/\"]}]},{\"@type\":\"ImageObject\",\"inLanguage\":\"es\",\"@id\":\"https:\/\/www.sonoraenequipo.com.mx\/de-la-infancia-a-la-vejez-20-mil-profesionales-de-salud-capacitados-sanofi\/#primaryimage\",\"url\":\"https:\/\/www.sonoraenequipo.com.mx\/storage\/2026\/09\/sanofi.jpg\",\"contentUrl\":\"https:\/\/www.sonoraenequipo.com.mx\/storage\/2026\/09\/sanofi.jpg\",\"width\":600,\"height\":400},{\"@type\":\"BreadcrumbList\",\"@id\":\"https:\/\/www.sonoraenequipo.com.mx\/de-la-infancia-a-la-vejez-20-mil-profesionales-de-salud-capacitados-sanofi\/#breadcrumb\",\"itemListElement\":[{\"@type\":\"ListItem\",\"position\":1,\"name\":\"Portada\",\"item\":\"https:\/\/www.sonoraenequipo.com.mx\/\"},{\"@type\":\"ListItem\",\"position\":2,\"name\":\"De la infancia a la vejez: 20 mil profesionales de salud capacitados: Sanofi\"}]},{\"@type\":\"WebSite\",\"@id\":\"https:\/\/www.sonoraenequipo.com.mx\/#website\",\"url\":\"https:\/\/www.sonoraenequipo.com.mx\/\",\"name\":\"Sonora en Equipo.\",\"description\":\"Diario en l\u00ednea con Noticias desde Hermosillo, Sonora\",\"publisher\":{\"@id\":\"https:\/\/www.sonoraenequipo.com.mx\/#organization\"},\"potentialAction\":[{\"@type\":\"SearchAction\",\"target\":{\"@type\":\"EntryPoint\",\"urlTemplate\":\"https:\/\/www.sonoraenequipo.com.mx\/?s={search_term_string}\"},\"query-input\":{\"@type\":\"PropertyValueSpecification\",\"valueRequired\":true,\"valueName\":\"search_term_string\"}}],\"inLanguage\":\"es\"},{\"@type\":\"Organization\",\"@id\":\"https:\/\/www.sonoraenequipo.com.mx\/#organization\",\"name\":\"Sonoraenequipo.com.mx\",\"url\":\"https:\/\/www.sonoraenequipo.com.mx\/\",\"logo\":{\"@type\":\"ImageObject\",\"inLanguage\":\"es\",\"@id\":\"https:\/\/www.sonoraenequipo.com.mx\/#\/schema\/logo\/image\/\",\"url\":\"https:\/\/www.sonoraenequipo.com.mx\/storage\/2019\/01\/sonoraenequipo_opt.png\",\"contentUrl\":\"https:\/\/www.sonoraenequipo.com.mx\/storage\/2019\/01\/sonoraenequipo_opt.png\",\"width\":375,\"height\":125,\"caption\":\"Sonoraenequipo.com.mx\"},\"image\":{\"@id\":\"https:\/\/www.sonoraenequipo.com.mx\/#\/schema\/logo\/image\/\"},\"sameAs\":[\"https:\/\/www.facebook.com\/SonoraEE\/\",\"https:\/\/x.com\/sonoraenequipo\",\"https:\/\/www.youtube.com\/channel\/UC338nW-lPEYmJQs4ZABQ1SQ\"]},{\"@type\":\"Person\",\"@id\":\"https:\/\/www.sonoraenequipo.com.mx\/#\/schema\/person\/50102df0fb23a8fa9e8effad8fa81386\",\"name\":\"enequipo\",\"image\":{\"@type\":\"ImageObject\",\"inLanguage\":\"es\",\"@id\":\"https:\/\/www.sonoraenequipo.com.mx\/#\/schema\/person\/image\/\",\"url\":\"https:\/\/secure.gravatar.com\/avatar\/049821681b589dabc0bc20695993ccebb09f5b5d4d790cd9251b97faac7c652b?s=96&d=blank&r=g\",\"contentUrl\":\"https:\/\/secure.gravatar.com\/avatar\/049821681b589dabc0bc20695993ccebb09f5b5d4d790cd9251b97faac7c652b?s=96&d=blank&r=g\",\"caption\":\"enequipo\"},\"sameAs\":[\"https:\/\/www.facebook.com\/SonoraEE\"]}]}<\/script>\n ","yoast_head_json":{"title":"Sonora en Equipo. De la infancia a la vejez: 20 mil profesionales de salud capacitados: Sanofi Rep\u00fablica","description":"&nbsp; CIUDAD DE M\u00c9XICO, MX. \u2014 Hace una d\u00e9cada, la inmunizaci\u00f3n se concentraba en la protecci\u00f3n infantil; no exist\u00edan una variedad de herramientas En Sonora en Equipo publicamos toda la informaci\u00f3n de Sonora, M\u00e9xico y el Mundo de manera oportuna y busca que la libertad de expresi\u00f3n sea real. Visita nuestro medio informativo publicado desde Hermosillo, Sonora. %","robots":{"index":"index","follow":"follow","max-snippet":"max-snippet:-1","max-image-preview":"max-image-preview:large","max-video-preview":"max-video-preview:-1"},"canonical":"https:\/\/www.sonoraenequipo.com.mx\/de-la-infancia-a-la-vejez-20-mil-profesionales-de-salud-capacitados-sanofi\/","og_locale":"es_ES","og_type":"article","og_title":"Sonora en Equipo. De la infancia a la vejez: 20 mil profesionales de salud capacitados: Sanofi Rep\u00fablica","og_description":"&nbsp; CIUDAD DE M\u00c9XICO, MX. \u2014 Hace una d\u00e9cada, la inmunizaci\u00f3n se concentraba en la protecci\u00f3n infantil; no exist\u00edan una variedad de herramientas En Sonora en Equipo publicamos toda la informaci\u00f3n de Sonora, M\u00e9xico y el Mundo de manera oportuna y busca que la libertad de expresi\u00f3n sea real. Visita nuestro medio informativo publicado desde Hermosillo, Sonora. %","og_url":"https:\/\/www.sonoraenequipo.com.mx\/de-la-infancia-a-la-vejez-20-mil-profesionales-de-salud-capacitados-sanofi\/","og_site_name":"Sonora en Equipo.","article_publisher":"https:\/\/www.facebook.com\/SonoraEE\/","article_author":"https:\/\/www.facebook.com\/SonoraEE","article_published_time":"2026-09-01T19:48:22+00:00","article_modified_time":"2026-09-01T19:49:27+00:00","og_image":[{"width":600,"height":400,"url":"https:\/\/www.sonoraenequipo.com.mx\/storage\/2026\/09\/sanofi.jpg","type":"image\/jpeg"}],"author":"enequipo","twitter_card":"summary_large_image","twitter_creator":"@sonoraenequipo","twitter_site":"@sonoraenequipo","twitter_misc":{"Escrito por":"enequipo","Tiempo de lectura":"6 minutos"},"schema":{"@context":"https:\/\/schema.org","@graph":[{"@type":"Article","@id":"https:\/\/www.sonoraenequipo.com.mx\/de-la-infancia-a-la-vejez-20-mil-profesionales-de-salud-capacitados-sanofi\/#article","isPartOf":{"@id":"https:\/\/www.sonoraenequipo.com.mx\/de-la-infancia-a-la-vejez-20-mil-profesionales-de-salud-capacitados-sanofi\/"},"author":{"name":"enequipo","@id":"https:\/\/www.sonoraenequipo.com.mx\/#\/schema\/person\/50102df0fb23a8fa9e8effad8fa81386"},"headline":"De la infancia a la vejez: 20 mil profesionales de salud capacitados: Sanofi","datePublished":"2026-09-01T19:48:22+00:00","dateModified":"2026-09-01T19:49:27+00:00","mainEntityOfPage":{"@id":"https:\/\/www.sonoraenequipo.com.mx\/de-la-infancia-a-la-vejez-20-mil-profesionales-de-salud-capacitados-sanofi\/"},"wordCount":1171,"commentCount":0,"publisher":{"@id":"https:\/\/www.sonoraenequipo.com.mx\/#organization"},"image":{"@id":"https:\/\/www.sonoraenequipo.com.mx\/de-la-infancia-a-la-vejez-20-mil-profesionales-de-salud-capacitados-sanofi\/#primaryimage"},"thumbnailUrl":"https:\/\/www.sonoraenequipo.com.mx\/storage\/2026\/09\/sanofi.jpg","keywords":["capacitaci\u00f3n","sanofi"],"articleSection":["Rep\u00fablica"],"inLanguage":"es","potentialAction":[{"@type":"CommentAction","name":"Comment","target":["https:\/\/www.sonoraenequipo.com.mx\/de-la-infancia-a-la-vejez-20-mil-profesionales-de-salud-capacitados-sanofi\/#respond"]}]},{"@type":"WebPage","@id":"https:\/\/www.sonoraenequipo.com.mx\/de-la-infancia-a-la-vejez-20-mil-profesionales-de-salud-capacitados-sanofi\/","url":"https:\/\/www.sonoraenequipo.com.mx\/de-la-infancia-a-la-vejez-20-mil-profesionales-de-salud-capacitados-sanofi\/","name":"Sonora en Equipo. De la infancia a la vejez: 20 mil profesionales de salud capacitados: Sanofi Rep\u00fablica","isPartOf":{"@id":"https:\/\/www.sonoraenequipo.com.mx\/#website"},"primaryImageOfPage":{"@id":"https:\/\/www.sonoraenequipo.com.mx\/de-la-infancia-a-la-vejez-20-mil-profesionales-de-salud-capacitados-sanofi\/#primaryimage"},"image":{"@id":"https:\/\/www.sonoraenequipo.com.mx\/de-la-infancia-a-la-vejez-20-mil-profesionales-de-salud-capacitados-sanofi\/#primaryimage"},"thumbnailUrl":"https:\/\/www.sonoraenequipo.com.mx\/storage\/2026\/09\/sanofi.jpg","datePublished":"2026-09-01T19:48:22+00:00","dateModified":"2026-09-01T19:49:27+00:00","description":"&nbsp; CIUDAD DE M\u00c9XICO, MX. \u2014 Hace una d\u00e9cada, la inmunizaci\u00f3n se concentraba en la protecci\u00f3n infantil; no exist\u00edan una variedad de herramientas En Sonora en Equipo publicamos toda la informaci\u00f3n de Sonora, M\u00e9xico y el Mundo de manera oportuna y busca que la libertad de expresi\u00f3n sea real. Visita nuestro medio informativo publicado desde Hermosillo, Sonora. %","breadcrumb":{"@id":"https:\/\/www.sonoraenequipo.com.mx\/de-la-infancia-a-la-vejez-20-mil-profesionales-de-salud-capacitados-sanofi\/#breadcrumb"},"inLanguage":"es","potentialAction":[{"@type":"ReadAction","target":["https:\/\/www.sonoraenequipo.com.mx\/de-la-infancia-a-la-vejez-20-mil-profesionales-de-salud-capacitados-sanofi\/"]}]},{"@type":"ImageObject","inLanguage":"es","@id":"https:\/\/www.sonoraenequipo.com.mx\/de-la-infancia-a-la-vejez-20-mil-profesionales-de-salud-capacitados-sanofi\/#primaryimage","url":"https:\/\/www.sonoraenequipo.com.mx\/storage\/2026\/09\/sanofi.jpg","contentUrl":"https:\/\/www.sonoraenequipo.com.mx\/storage\/2026\/09\/sanofi.jpg","width":600,"height":400},{"@type":"BreadcrumbList","@id":"https:\/\/www.sonoraenequipo.com.mx\/de-la-infancia-a-la-vejez-20-mil-profesionales-de-salud-capacitados-sanofi\/#breadcrumb","itemListElement":[{"@type":"ListItem","position":1,"name":"Portada","item":"https:\/\/www.sonoraenequipo.com.mx\/"},{"@type":"ListItem","position":2,"name":"De la infancia a la vejez: 20 mil profesionales de salud capacitados: Sanofi"}]},{"@type":"WebSite","@id":"https:\/\/www.sonoraenequipo.com.mx\/#website","url":"https:\/\/www.sonoraenequipo.com.mx\/","name":"Sonora en Equipo.","description":"Diario en l\u00ednea con Noticias desde Hermosillo, Sonora","publisher":{"@id":"https:\/\/www.sonoraenequipo.com.mx\/#organization"},"potentialAction":[{"@type":"SearchAction","target":{"@type":"EntryPoint","urlTemplate":"https:\/\/www.sonoraenequipo.com.mx\/?s={search_term_string}"},"query-input":{"@type":"PropertyValueSpecification","valueRequired":true,"valueName":"search_term_string"}}],"inLanguage":"es"},{"@type":"Organization","@id":"https:\/\/www.sonoraenequipo.com.mx\/#organization","name":"Sonoraenequipo.com.mx","url":"https:\/\/www.sonoraenequipo.com.mx\/","logo":{"@type":"ImageObject","inLanguage":"es","@id":"https:\/\/www.sonoraenequipo.com.mx\/#\/schema\/logo\/image\/","url":"https:\/\/www.sonoraenequipo.com.mx\/storage\/2019\/01\/sonoraenequipo_opt.png","contentUrl":"https:\/\/www.sonoraenequipo.com.mx\/storage\/2019\/01\/sonoraenequipo_opt.png","width":375,"height":125,"caption":"Sonoraenequipo.com.mx"},"image":{"@id":"https:\/\/www.sonoraenequipo.com.mx\/#\/schema\/logo\/image\/"},"sameAs":["https:\/\/www.facebook.com\/SonoraEE\/","https:\/\/x.com\/sonoraenequipo","https:\/\/www.youtube.com\/channel\/UC338nW-lPEYmJQs4ZABQ1SQ"]},{"@type":"Person","@id":"https:\/\/www.sonoraenequipo.com.mx\/#\/schema\/person\/50102df0fb23a8fa9e8effad8fa81386","name":"enequipo","image":{"@type":"ImageObject","inLanguage":"es","@id":"https:\/\/www.sonoraenequipo.com.mx\/#\/schema\/person\/image\/","url":"https:\/\/secure.gravatar.com\/avatar\/049821681b589dabc0bc20695993ccebb09f5b5d4d790cd9251b97faac7c652b?s=96&d=blank&r=g","contentUrl":"https:\/\/secure.gravatar.com\/avatar\/049821681b589dabc0bc20695993ccebb09f5b5d4d790cd9251b97faac7c652b?s=96&d=blank&r=g","caption":"enequipo"},"sameAs":["https:\/\/www.facebook.com\/SonoraEE"]}]}},"jetpack_featured_media_url":"https:\/\/www.sonoraenequipo.com.mx\/storage\/2026\/09\/sanofi.jpg","_links":{"self":[{"href":"https:\/\/www.sonoraenequipo.com.mx\/api\/wp\/v2\/posts\/251257","targetHints":{"allow":["GET"]}}],"collection":[{"href":"https:\/\/www.sonoraenequipo.com.mx\/api\/wp\/v2\/posts"}],"about":[{"href":"https:\/\/www.sonoraenequipo.com.mx\/api\/wp\/v2\/types\/post"}],"author":[{"embeddable":true,"href":"https:\/\/www.sonoraenequipo.com.mx\/api\/wp\/v2\/users\/1"}],"replies":[{"embeddable":true,"href":"https:\/\/www.sonoraenequipo.com.mx\/api\/wp\/v2\/comments?post=251257"}],"version-history":[{"count":1,"href":"https:\/\/www.sonoraenequipo.com.mx\/api\/wp\/v2\/posts\/251257\/revisions"}],"predecessor-version":[{"id":251259,"href":"https:\/\/www.sonoraenequipo.com.mx\/api\/wp\/v2\/posts\/251257\/revisions\/251259"}],"wp:featuredmedia":[{"embeddable":true,"href":"https:\/\/www.sonoraenequipo.com.mx\/api\/wp\/v2\/media\/251258"}],"wp:attachment":[{"href":"https:\/\/www.sonoraenequipo.com.mx\/api\/wp\/v2\/media?parent=251257"}],"wp:term":[{"taxonomy":"category","embeddable":true,"href":"https:\/\/www.sonoraenequipo.com.mx\/api\/wp\/v2\/categories?post=251257"},{"taxonomy":"post_tag","embeddable":true,"href":"https:\/\/www.sonoraenequipo.com.mx\/api\/wp\/v2\/tags?post=251257"}],"curies":[{"name":"wp","href":"https:\/\/api.w.org\/{rel}","templated":true}]}}