{"id":251280,"date":"2026-09-01T17:17:22","date_gmt":"2026-09-02T00:17:22","guid":{"rendered":"https:\/\/www.sonoraenequipo.com.mx\/?p=251280"},"modified":"2026-09-01T17:17:22","modified_gmt":"2026-09-02T00:17:22","slug":"lionel-richie-sigue-hospitalizado-y-en-uci","status":"publish","type":"post","link":"https:\/\/www.sonoraenequipo.com.mx\/lionel-richie-sigue-hospitalizado-y-en-uci\/","title":{"rendered":"Lionel Richie sigue hospitalizado y en UCI"},"content":{"rendered":"<p>Lionel Richie sigue ingresado en una unidad de cuidados intensivos (UCI) de San Luis mientras los m\u00e9dicos le hacen pruebas card\u00edacas&#8230; seg\u00fan ha informado TMZ.<\/p>\n<p>&nbsp;<\/p>\n<p>&nbsp;<\/p>\n<p>&nbsp;<\/p>\n<p>&nbsp;<\/p>\n<p>&nbsp;<\/p>\n<p>Fuentes cercanas al caso han dicho a TMZ de que Lionel est\u00e1<\/p>\n<p>Someti\u00e9ndose a pruebas relacionadas con problemas card\u00edacos. Seg\u00fan TMZ podr\u00eda ser dado de alta este mi\u00e9rcoles..<\/p>\n<p>&nbsp;<\/p>\n<p>&nbsp;<\/p>\n<p>&nbsp;<\/p>\n<p>&nbsp;<\/p>\n<p>Tal y como TMZ inform\u00f3 en primicia Lionel ingres\u00f3 por iniciativa propia en el hospital para someterse a pruebas tras su actuaci\u00f3n del s\u00e1bado por la noche en The Muny.<\/p>\n<p>Fuentes nos indicaron inicialmente que los m\u00e9dicos tambi\u00e9n estaban investigando una posible deshidrataci\u00f3n leve, y que Lionel esperaba recibir el alta el d\u00eda de \u00a0hoy<\/p>\n<p>&nbsp;<\/p>\n<p>Los asistentes al concierto de San Luis nos cuentan que Lionel parec\u00eda<\/p>\n<p>tener dificultades hacia el final del concierto, y que pidi\u00f3 a su equipo que le trajera una<\/p>\n<p>silla para poder sentarse mientras interpretaba su \u00faltima canci\u00f3n, \u00abAll Night<\/p>\n<p>Long\u00bb.<\/p>\n<p>&nbsp;<\/p>\n<p>Lionel tambi\u00e9n fue trasladado de urgencia a un hospital en junio tras sentirse indispuesto en el escenario en St. Paul, Minnesota&#8230; que era la noche de estreno de esta gira. Le dijo al p\u00fablico que se sent\u00eda \u00abmareado\u00bb y \u00abraro\u00bb y<\/p>\n<p>acort\u00f3 el concierto antes de que los param\u00e9dicos lo trasladaran al hospital en ambulancia.<\/p>\n<p>Esa hospitalizaci\u00f3n le oblig\u00f3 al cantante de 77a\u00f1os a posponer una parada de la giraen Chicago. Ahora se encuentra en medio de un descanso considerable, ya que su pr\u00f3ximo concierto \u00a0est\u00e1 programado hasta el 26 de septiembre en San Francisco.<\/p>\n<p><strong>Fecha de publicaci\u00f3n martes 1 de septiembre de 2026<\/strong><\/p>\n","protected":false},"excerpt":{"rendered":"<p>Lionel Richie sigue ingresado en una unidad de cuidados intensivos (UCI) de San Luis mientras&#8230;<\/p>\n","protected":false},"author":1,"featured_media":251281,"comment_status":"open","ping_status":"open","sticky":false,"template":"","format":"standard","meta":{"_monsterinsights_skip_tracking":false,"_monsterinsights_sitenote_active":false,"_monsterinsights_sitenote_note":"","_monsterinsights_sitenote_category":0,"footnotes":""},"categories":[2987],"tags":[13034],"class_list":["post"],"yoast_head":" \n<title>Sonora en Equipo. Lionel Richie sigue hospitalizado y en UCI Showbiz<\/title>\n<meta name=\"description\" content=\"Lionel Richie sigue ingresado en una unidad de cuidados intensivos (UCI) de San Luis mientras los m\u00e9dicos le hacen pruebas card\u00edacas... seg\u00fan ha informado En Sonora en Equipo publicamos toda la informaci\u00f3n de Sonora, M\u00e9xico y el Mundo de manera oportuna y busca que la libertad de expresi\u00f3n sea real. Visita nuestro medio informativo publicado desde Hermosillo, Sonora. %\" \/>\n<meta name=\"robots\" content=\"index, follow, max-snippet:-1, max-image-preview:large, max-video-preview:-1\" \/>\n<link rel=\"canonical\" href=\"https:\/\/www.sonoraenequipo.com.mx\/lionel-richie-sigue-hospitalizado-y-en-uci\/\" \/>\n<meta property=\"og:locale\" content=\"es_ES\" \/>\n<meta property=\"og:type\" content=\"article\" \/>\n<meta property=\"og:title\" content=\"Sonora en Equipo. Lionel Richie sigue hospitalizado y en UCI Showbiz\" \/>\n<meta property=\"og:description\" content=\"Lionel Richie sigue ingresado en una unidad de cuidados intensivos (UCI) de San Luis mientras los m\u00e9dicos le hacen pruebas card\u00edacas... seg\u00fan ha informado En Sonora en Equipo publicamos toda la informaci\u00f3n de Sonora, M\u00e9xico y el Mundo de manera oportuna y busca que la libertad de expresi\u00f3n sea real. Visita nuestro medio informativo publicado desde Hermosillo, Sonora. %\" \/>\n<meta property=\"og:url\" content=\"https:\/\/www.sonoraenequipo.com.mx\/lionel-richie-sigue-hospitalizado-y-en-uci\/\" \/>\n<meta property=\"og:site_name\" content=\"Sonora en Equipo.\" \/>\n<meta property=\"article:publisher\" content=\"https:\/\/www.facebook.com\/SonoraEE\/\" \/>\n<meta property=\"article:author\" content=\"https:\/\/www.facebook.com\/SonoraEE\" \/>\n<meta property=\"article:published_time\" content=\"2026-09-02T00:17:22+00:00\" \/>\n<meta property=\"og:image\" content=\"https:\/\/www.sonoraenequipo.com.mx\/storage\/2026\/09\/lionel.jpg\" \/>\n\t<meta property=\"og:image:width\" content=\"600\" \/>\n\t<meta property=\"og:image:height\" content=\"400\" \/>\n\t<meta property=\"og:image:type\" content=\"image\/jpeg\" \/>\n<meta name=\"author\" content=\"enequipo\" \/>\n<meta name=\"twitter:card\" content=\"summary_large_image\" \/>\n<meta name=\"twitter:creator\" content=\"@sonoraenequipo\" \/>\n<meta name=\"twitter:site\" content=\"@sonoraenequipo\" \/>\n<meta name=\"twitter:label1\" content=\"Escrito por\" \/>\n\t<meta name=\"twitter:data1\" content=\"enequipo\" \/>\n\t<meta name=\"twitter:label2\" content=\"Tiempo de lectura\" \/>\n\t<meta name=\"twitter:data2\" content=\"1 minuto\" \/>\n<script type=\"application\/ld+json\" class=\"yoast-schema-graph\">{\"@context\":\"https:\/\/schema.org\",\"@graph\":[{\"@type\":\"Article\",\"@id\":\"https:\/\/www.sonoraenequipo.com.mx\/lionel-richie-sigue-hospitalizado-y-en-uci\/#article\",\"isPartOf\":{\"@id\":\"https:\/\/www.sonoraenequipo.com.mx\/lionel-richie-sigue-hospitalizado-y-en-uci\/\"},\"author\":{\"name\":\"enequipo\",\"@id\":\"https:\/\/www.sonoraenequipo.com.mx\/#\/schema\/person\/50102df0fb23a8fa9e8effad8fa81386\"},\"headline\":\"Lionel Richie sigue hospitalizado y en UCI\",\"datePublished\":\"2026-09-02T00:17:22+00:00\",\"mainEntityOfPage\":{\"@id\":\"https:\/\/www.sonoraenequipo.com.mx\/lionel-richie-sigue-hospitalizado-y-en-uci\/\"},\"wordCount\":292,\"commentCount\":0,\"publisher\":{\"@id\":\"https:\/\/www.sonoraenequipo.com.mx\/#organization\"},\"image\":{\"@id\":\"https:\/\/www.sonoraenequipo.com.mx\/lionel-richie-sigue-hospitalizado-y-en-uci\/#primaryimage\"},\"thumbnailUrl\":\"https:\/\/www.sonoraenequipo.com.mx\/storage\/2026\/09\/lionel.jpg\",\"keywords\":[\"lionel richie\"],\"articleSection\":[\"Showbiz\"],\"inLanguage\":\"es\",\"potentialAction\":[{\"@type\":\"CommentAction\",\"name\":\"Comment\",\"target\":[\"https:\/\/www.sonoraenequipo.com.mx\/lionel-richie-sigue-hospitalizado-y-en-uci\/#respond\"]}]},{\"@type\":\"WebPage\",\"@id\":\"https:\/\/www.sonoraenequipo.com.mx\/lionel-richie-sigue-hospitalizado-y-en-uci\/\",\"url\":\"https:\/\/www.sonoraenequipo.com.mx\/lionel-richie-sigue-hospitalizado-y-en-uci\/\",\"name\":\"Sonora en Equipo. Lionel Richie sigue hospitalizado y en UCI Showbiz\",\"isPartOf\":{\"@id\":\"https:\/\/www.sonoraenequipo.com.mx\/#website\"},\"primaryImageOfPage\":{\"@id\":\"https:\/\/www.sonoraenequipo.com.mx\/lionel-richie-sigue-hospitalizado-y-en-uci\/#primaryimage\"},\"image\":{\"@id\":\"https:\/\/www.sonoraenequipo.com.mx\/lionel-richie-sigue-hospitalizado-y-en-uci\/#primaryimage\"},\"thumbnailUrl\":\"https:\/\/www.sonoraenequipo.com.mx\/storage\/2026\/09\/lionel.jpg\",\"datePublished\":\"2026-09-02T00:17:22+00:00\",\"description\":\"Lionel Richie sigue ingresado en una unidad de cuidados intensivos (UCI) de San Luis mientras los m\u00e9dicos le hacen pruebas card\u00edacas... seg\u00fan ha informado En Sonora en Equipo publicamos toda la informaci\u00f3n de Sonora, M\u00e9xico y el Mundo de manera oportuna y busca que la libertad de expresi\u00f3n sea real. Visita nuestro medio informativo publicado desde Hermosillo, Sonora. %\",\"breadcrumb\":{\"@id\":\"https:\/\/www.sonoraenequipo.com.mx\/lionel-richie-sigue-hospitalizado-y-en-uci\/#breadcrumb\"},\"inLanguage\":\"es\",\"potentialAction\":[{\"@type\":\"ReadAction\",\"target\":[\"https:\/\/www.sonoraenequipo.com.mx\/lionel-richie-sigue-hospitalizado-y-en-uci\/\"]}]},{\"@type\":\"ImageObject\",\"inLanguage\":\"es\",\"@id\":\"https:\/\/www.sonoraenequipo.com.mx\/lionel-richie-sigue-hospitalizado-y-en-uci\/#primaryimage\",\"url\":\"https:\/\/www.sonoraenequipo.com.mx\/storage\/2026\/09\/lionel.jpg\",\"contentUrl\":\"https:\/\/www.sonoraenequipo.com.mx\/storage\/2026\/09\/lionel.jpg\",\"width\":600,\"height\":400,\"caption\":\"Lionel Richie cantando.Imagen: Getty\"},{\"@type\":\"BreadcrumbList\",\"@id\":\"https:\/\/www.sonoraenequipo.com.mx\/lionel-richie-sigue-hospitalizado-y-en-uci\/#breadcrumb\",\"itemListElement\":[{\"@type\":\"ListItem\",\"position\":1,\"name\":\"Portada\",\"item\":\"https:\/\/www.sonoraenequipo.com.mx\/\"},{\"@type\":\"ListItem\",\"position\":2,\"name\":\"Lionel Richie sigue hospitalizado y en UCI\"}]},{\"@type\":\"WebSite\",\"@id\":\"https:\/\/www.sonoraenequipo.com.mx\/#website\",\"url\":\"https:\/\/www.sonoraenequipo.com.mx\/\",\"name\":\"Sonora en Equipo.\",\"description\":\"Diario en l\u00ednea con Noticias desde Hermosillo, Sonora\",\"publisher\":{\"@id\":\"https:\/\/www.sonoraenequipo.com.mx\/#organization\"},\"potentialAction\":[{\"@type\":\"SearchAction\",\"target\":{\"@type\":\"EntryPoint\",\"urlTemplate\":\"https:\/\/www.sonoraenequipo.com.mx\/?s={search_term_string}\"},\"query-input\":{\"@type\":\"PropertyValueSpecification\",\"valueRequired\":true,\"valueName\":\"search_term_string\"}}],\"inLanguage\":\"es\"},{\"@type\":\"Organization\",\"@id\":\"https:\/\/www.sonoraenequipo.com.mx\/#organization\",\"name\":\"Sonoraenequipo.com.mx\",\"url\":\"https:\/\/www.sonoraenequipo.com.mx\/\",\"logo\":{\"@type\":\"ImageObject\",\"inLanguage\":\"es\",\"@id\":\"https:\/\/www.sonoraenequipo.com.mx\/#\/schema\/logo\/image\/\",\"url\":\"https:\/\/www.sonoraenequipo.com.mx\/storage\/2019\/01\/sonoraenequipo_opt.png\",\"contentUrl\":\"https:\/\/www.sonoraenequipo.com.mx\/storage\/2019\/01\/sonoraenequipo_opt.png\",\"width\":375,\"height\":125,\"caption\":\"Sonoraenequipo.com.mx\"},\"image\":{\"@id\":\"https:\/\/www.sonoraenequipo.com.mx\/#\/schema\/logo\/image\/\"},\"sameAs\":[\"https:\/\/www.facebook.com\/SonoraEE\/\",\"https:\/\/x.com\/sonoraenequipo\",\"https:\/\/www.youtube.com\/channel\/UC338nW-lPEYmJQs4ZABQ1SQ\"]},{\"@type\":\"Person\",\"@id\":\"https:\/\/www.sonoraenequipo.com.mx\/#\/schema\/person\/50102df0fb23a8fa9e8effad8fa81386\",\"name\":\"enequipo\",\"image\":{\"@type\":\"ImageObject\",\"inLanguage\":\"es\",\"@id\":\"https:\/\/www.sonoraenequipo.com.mx\/#\/schema\/person\/image\/\",\"url\":\"https:\/\/secure.gravatar.com\/avatar\/049821681b589dabc0bc20695993ccebb09f5b5d4d790cd9251b97faac7c652b?s=96&d=blank&r=g\",\"contentUrl\":\"https:\/\/secure.gravatar.com\/avatar\/049821681b589dabc0bc20695993ccebb09f5b5d4d790cd9251b97faac7c652b?s=96&d=blank&r=g\",\"caption\":\"enequipo\"},\"sameAs\":[\"https:\/\/www.facebook.com\/SonoraEE\"]}]}<\/script>\n ","yoast_head_json":{"title":"Sonora en Equipo. Lionel Richie sigue hospitalizado y en UCI Showbiz","description":"Lionel Richie sigue ingresado en una unidad de cuidados intensivos (UCI) de San Luis mientras los m\u00e9dicos le hacen pruebas card\u00edacas... seg\u00fan ha informado En Sonora en Equipo publicamos toda la informaci\u00f3n de Sonora, M\u00e9xico y el Mundo de manera oportuna y busca que la libertad de expresi\u00f3n sea real. Visita nuestro medio informativo publicado desde Hermosillo, Sonora. %","robots":{"index":"index","follow":"follow","max-snippet":"max-snippet:-1","max-image-preview":"max-image-preview:large","max-video-preview":"max-video-preview:-1"},"canonical":"https:\/\/www.sonoraenequipo.com.mx\/lionel-richie-sigue-hospitalizado-y-en-uci\/","og_locale":"es_ES","og_type":"article","og_title":"Sonora en Equipo. Lionel Richie sigue hospitalizado y en UCI Showbiz","og_description":"Lionel Richie sigue ingresado en una unidad de cuidados intensivos (UCI) de San Luis mientras los m\u00e9dicos le hacen pruebas card\u00edacas... seg\u00fan ha informado En Sonora en Equipo publicamos toda la informaci\u00f3n de Sonora, M\u00e9xico y el Mundo de manera oportuna y busca que la libertad de expresi\u00f3n sea real. Visita nuestro medio informativo publicado desde Hermosillo, Sonora. %","og_url":"https:\/\/www.sonoraenequipo.com.mx\/lionel-richie-sigue-hospitalizado-y-en-uci\/","og_site_name":"Sonora en Equipo.","article_publisher":"https:\/\/www.facebook.com\/SonoraEE\/","article_author":"https:\/\/www.facebook.com\/SonoraEE","article_published_time":"2026-09-02T00:17:22+00:00","og_image":[{"width":600,"height":400,"url":"https:\/\/www.sonoraenequipo.com.mx\/storage\/2026\/09\/lionel.jpg","type":"image\/jpeg"}],"author":"enequipo","twitter_card":"summary_large_image","twitter_creator":"@sonoraenequipo","twitter_site":"@sonoraenequipo","twitter_misc":{"Escrito por":"enequipo","Tiempo de lectura":"1 minuto"},"schema":{"@context":"https:\/\/schema.org","@graph":[{"@type":"Article","@id":"https:\/\/www.sonoraenequipo.com.mx\/lionel-richie-sigue-hospitalizado-y-en-uci\/#article","isPartOf":{"@id":"https:\/\/www.sonoraenequipo.com.mx\/lionel-richie-sigue-hospitalizado-y-en-uci\/"},"author":{"name":"enequipo","@id":"https:\/\/www.sonoraenequipo.com.mx\/#\/schema\/person\/50102df0fb23a8fa9e8effad8fa81386"},"headline":"Lionel Richie sigue hospitalizado y en UCI","datePublished":"2026-09-02T00:17:22+00:00","mainEntityOfPage":{"@id":"https:\/\/www.sonoraenequipo.com.mx\/lionel-richie-sigue-hospitalizado-y-en-uci\/"},"wordCount":292,"commentCount":0,"publisher":{"@id":"https:\/\/www.sonoraenequipo.com.mx\/#organization"},"image":{"@id":"https:\/\/www.sonoraenequipo.com.mx\/lionel-richie-sigue-hospitalizado-y-en-uci\/#primaryimage"},"thumbnailUrl":"https:\/\/www.sonoraenequipo.com.mx\/storage\/2026\/09\/lionel.jpg","keywords":["lionel richie"],"articleSection":["Showbiz"],"inLanguage":"es","potentialAction":[{"@type":"CommentAction","name":"Comment","target":["https:\/\/www.sonoraenequipo.com.mx\/lionel-richie-sigue-hospitalizado-y-en-uci\/#respond"]}]},{"@type":"WebPage","@id":"https:\/\/www.sonoraenequipo.com.mx\/lionel-richie-sigue-hospitalizado-y-en-uci\/","url":"https:\/\/www.sonoraenequipo.com.mx\/lionel-richie-sigue-hospitalizado-y-en-uci\/","name":"Sonora en Equipo. Lionel Richie sigue hospitalizado y en UCI Showbiz","isPartOf":{"@id":"https:\/\/www.sonoraenequipo.com.mx\/#website"},"primaryImageOfPage":{"@id":"https:\/\/www.sonoraenequipo.com.mx\/lionel-richie-sigue-hospitalizado-y-en-uci\/#primaryimage"},"image":{"@id":"https:\/\/www.sonoraenequipo.com.mx\/lionel-richie-sigue-hospitalizado-y-en-uci\/#primaryimage"},"thumbnailUrl":"https:\/\/www.sonoraenequipo.com.mx\/storage\/2026\/09\/lionel.jpg","datePublished":"2026-09-02T00:17:22+00:00","description":"Lionel Richie sigue ingresado en una unidad de cuidados intensivos (UCI) de San Luis mientras los m\u00e9dicos le hacen pruebas card\u00edacas... seg\u00fan ha informado En Sonora en Equipo publicamos toda la informaci\u00f3n de Sonora, M\u00e9xico y el Mundo de manera oportuna y busca que la libertad de expresi\u00f3n sea real. Visita nuestro medio informativo publicado desde Hermosillo, Sonora. %","breadcrumb":{"@id":"https:\/\/www.sonoraenequipo.com.mx\/lionel-richie-sigue-hospitalizado-y-en-uci\/#breadcrumb"},"inLanguage":"es","potentialAction":[{"@type":"ReadAction","target":["https:\/\/www.sonoraenequipo.com.mx\/lionel-richie-sigue-hospitalizado-y-en-uci\/"]}]},{"@type":"ImageObject","inLanguage":"es","@id":"https:\/\/www.sonoraenequipo.com.mx\/lionel-richie-sigue-hospitalizado-y-en-uci\/#primaryimage","url":"https:\/\/www.sonoraenequipo.com.mx\/storage\/2026\/09\/lionel.jpg","contentUrl":"https:\/\/www.sonoraenequipo.com.mx\/storage\/2026\/09\/lionel.jpg","width":600,"height":400,"caption":"Lionel Richie cantando.Imagen: Getty"},{"@type":"BreadcrumbList","@id":"https:\/\/www.sonoraenequipo.com.mx\/lionel-richie-sigue-hospitalizado-y-en-uci\/#breadcrumb","itemListElement":[{"@type":"ListItem","position":1,"name":"Portada","item":"https:\/\/www.sonoraenequipo.com.mx\/"},{"@type":"ListItem","position":2,"name":"Lionel Richie sigue hospitalizado y en UCI"}]},{"@type":"WebSite","@id":"https:\/\/www.sonoraenequipo.com.mx\/#website","url":"https:\/\/www.sonoraenequipo.com.mx\/","name":"Sonora en Equipo.","description":"Diario en l\u00ednea con Noticias desde Hermosillo, Sonora","publisher":{"@id":"https:\/\/www.sonoraenequipo.com.mx\/#organization"},"potentialAction":[{"@type":"SearchAction","target":{"@type":"EntryPoint","urlTemplate":"https:\/\/www.sonoraenequipo.com.mx\/?s={search_term_string}"},"query-input":{"@type":"PropertyValueSpecification","valueRequired":true,"valueName":"search_term_string"}}],"inLanguage":"es"},{"@type":"Organization","@id":"https:\/\/www.sonoraenequipo.com.mx\/#organization","name":"Sonoraenequipo.com.mx","url":"https:\/\/www.sonoraenequipo.com.mx\/","logo":{"@type":"ImageObject","inLanguage":"es","@id":"https:\/\/www.sonoraenequipo.com.mx\/#\/schema\/logo\/image\/","url":"https:\/\/www.sonoraenequipo.com.mx\/storage\/2019\/01\/sonoraenequipo_opt.png","contentUrl":"https:\/\/www.sonoraenequipo.com.mx\/storage\/2019\/01\/sonoraenequipo_opt.png","width":375,"height":125,"caption":"Sonoraenequipo.com.mx"},"image":{"@id":"https:\/\/www.sonoraenequipo.com.mx\/#\/schema\/logo\/image\/"},"sameAs":["https:\/\/www.facebook.com\/SonoraEE\/","https:\/\/x.com\/sonoraenequipo","https:\/\/www.youtube.com\/channel\/UC338nW-lPEYmJQs4ZABQ1SQ"]},{"@type":"Person","@id":"https:\/\/www.sonoraenequipo.com.mx\/#\/schema\/person\/50102df0fb23a8fa9e8effad8fa81386","name":"enequipo","image":{"@type":"ImageObject","inLanguage":"es","@id":"https:\/\/www.sonoraenequipo.com.mx\/#\/schema\/person\/image\/","url":"https:\/\/secure.gravatar.com\/avatar\/049821681b589dabc0bc20695993ccebb09f5b5d4d790cd9251b97faac7c652b?s=96&d=blank&r=g","contentUrl":"https:\/\/secure.gravatar.com\/avatar\/049821681b589dabc0bc20695993ccebb09f5b5d4d790cd9251b97faac7c652b?s=96&d=blank&r=g","caption":"enequipo"},"sameAs":["https:\/\/www.facebook.com\/SonoraEE"]}]}},"jetpack_featured_media_url":"https:\/\/www.sonoraenequipo.com.mx\/storage\/2026\/09\/lionel.jpg","_links":{"self":[{"href":"https:\/\/www.sonoraenequipo.com.mx\/api\/wp\/v2\/posts\/251280","targetHints":{"allow":["GET"]}}],"collection":[{"href":"https:\/\/www.sonoraenequipo.com.mx\/api\/wp\/v2\/posts"}],"about":[{"href":"https:\/\/www.sonoraenequipo.com.mx\/api\/wp\/v2\/types\/post"}],"author":[{"embeddable":true,"href":"https:\/\/www.sonoraenequipo.com.mx\/api\/wp\/v2\/users\/1"}],"replies":[{"embeddable":true,"href":"https:\/\/www.sonoraenequipo.com.mx\/api\/wp\/v2\/comments?post=251280"}],"version-history":[{"count":1,"href":"https:\/\/www.sonoraenequipo.com.mx\/api\/wp\/v2\/posts\/251280\/revisions"}],"predecessor-version":[{"id":251282,"href":"https:\/\/www.sonoraenequipo.com.mx\/api\/wp\/v2\/posts\/251280\/revisions\/251282"}],"wp:featuredmedia":[{"embeddable":true,"href":"https:\/\/www.sonoraenequipo.com.mx\/api\/wp\/v2\/media\/251281"}],"wp:attachment":[{"href":"https:\/\/www.sonoraenequipo.com.mx\/api\/wp\/v2\/media?parent=251280"}],"wp:term":[{"taxonomy":"category","embeddable":true,"href":"https:\/\/www.sonoraenequipo.com.mx\/api\/wp\/v2\/categories?post=251280"},{"taxonomy":"post_tag","embeddable":true,"href":"https:\/\/www.sonoraenequipo.com.mx\/api\/wp\/v2\/tags?post=251280"}],"curies":[{"name":"wp","href":"https:\/\/api.w.org\/{rel}","templated":true}]}}