{"id":251286,"date":"2026-09-01T20:21:17","date_gmt":"2026-09-02T03:21:17","guid":{"rendered":"https:\/\/www.sonoraenequipo.com.mx\/?p=251286"},"modified":"2026-09-01T20:57:40","modified_gmt":"2026-09-02T03:57:40","slug":"ctm-reconoce-avances-del-2do-informe-de-sheinbaum","status":"publish","type":"post","link":"https:\/\/www.sonoraenequipo.com.mx\/ctm-reconoce-avances-del-2do-informe-de-sheinbaum\/","title":{"rendered":"CTM reconoce avances del 2do. Informe de Sheinbaum"},"content":{"rendered":"<p><strong>CIUDAD DE M\u00c9XICO, MX. \u2014<\/strong> La Confederaci\u00f3n de Trabajadores de M\u00e9xico (CTM), encabezada por el Mtro. Tereso Medina Ram\u00edrez, reconoci\u00f3 los avances presentados por la Presidenta de M\u00e9xico, la Dra. Claudia Sheinbaum Pardo, durante su Segundo Informe de Gobierno, y refrend\u00f3 su compromiso de seguir trabajando en unidad por el bienestar de las y los trabajadores mexicanos.<\/p>\n<p>&nbsp;<\/p>\n<p>Al salir de Palacio Nacional, el dirigente cetemista felicit\u00f3, a nombre de las y los trabajadores de M\u00e9xico, a la Presidenta de la Rep\u00fablica, al se\u00f1alar que el informe refleja avances en materia de salarios, empleo, reducci\u00f3n de la jornada laboral, salud y educaci\u00f3n. En su mensaje, subray\u00f3 que M\u00e9xico avanza \u00abpor el rumbo correcto\u00bb y que, m\u00e1s all\u00e1 de cualquier filiaci\u00f3n pol\u00edtica, el punto de encuentro debe serla unidad nacional.<\/p>\n<p>&nbsp;<\/p>\n<p>El Secretario General afirm\u00f3 que la CTM mantiene viva la historia laboral del pa\u00eds, al recordar que la Confederaci\u00f3n ha sido protagonista en la construcci\u00f3n de mejores salarios, hospitales, vivienda, educaci\u00f3n y derechos para las y los trabajadores. \u00abEl M\u00e9xico contempor\u00e1neo es impensable e inadmisible explicarlo sin la presencia viva de la gran Confederaci\u00f3n de Trabajadores de M\u00e9xico\u00bb, se\u00f1al\u00f3.<\/p>\n<p>&nbsp;<\/p>\n<p>Asimismo, reivindic\u00f3 el legado de Don Fidel Vel\u00e1zquez S\u00e1nchez, a quien reconoci\u00f3 como un l\u00edder emblem\u00e1tico que siempre puso por delante los intereses superiores de M\u00e9xico y de los trabajadores, con una visi\u00f3n de equilibrio, responsabilidad y defensa nacional.<\/p>\n<p>&nbsp;<\/p>\n<p>Frente a los retos del T-MEC, el Mtro. Tereso Medina reiter\u00f3 que la CTM respaldar\u00e1 todo aquello que beneficie a M\u00e9xico, fortalezca el empleo digno y permita que las empresas globales sigan generando mejores salarios para las y los trabajadores. Tambi\u00e9n destac\u00f3 la importancia de avanzar mediante un Consejo Plural Laboral que permita construir una agenda progresiva, moderna y \u00fatil para M\u00e9xico, Estados Unidos y Canad\u00e1.<\/p>\n<p>&nbsp;<\/p>\n<p>Con este posicionamiento, la CTM refrenda su voluntad de contribuir, desde la unidad, el di\u00e1logo y la responsabilidad sindical, a una nueva etapa de crecimiento con justicia social, mejores empleos, recuperaci\u00f3n salarial y bienestar para las familias trabajadoras de M\u00e9xico.<\/p>\n<p><strong>Fecha de publicaci\u00f3n martes 1 de septiembre de 2026<\/strong><\/p>\n<p>&nbsp;<\/p>\n<p>&nbsp;<\/p>\n","protected":false},"excerpt":{"rendered":"<p>CIUDAD DE M\u00c9XICO, MX. \u2014 La Confederaci\u00f3n de Trabajadores de M\u00e9xico (CTM), encabezada por el&#8230;<\/p>\n","protected":false},"author":1,"featured_media":251288,"comment_status":"open","ping_status":"open","sticky":false,"template":"","format":"standard","meta":{"_monsterinsights_skip_tracking":false,"_monsterinsights_sitenote_active":false,"_monsterinsights_sitenote_note":"","_monsterinsights_sitenote_category":0,"footnotes":""},"categories":[5],"tags":[2432,13038],"class_list":["post"],"yoast_head":" \n<title>Sonora en Equipo. CTM reconoce avances del 2do. Informe de Sheinbaum<\/title>\n<meta name=\"description\" content=\"CIUDAD DE M\u00c9XICO, MX. \u2014 La Confederaci\u00f3n de Trabajadores de M\u00e9xico (CTM), encabezada por el Mtro. Tereso Medina Ram\u00edrez, reconoci\u00f3 los avances presentados En Sonora en Equipo publicamos toda la informaci\u00f3n de Sonora, M\u00e9xico y el Mundo de manera oportuna y busca que la libertad de expresi\u00f3n sea real. Visita nuestro medio informativo publicado desde Hermosillo, Sonora. %\" \/>\n<meta name=\"robots\" content=\"index, follow, max-snippet:-1, max-image-preview:large, max-video-preview:-1\" \/>\n<link rel=\"canonical\" href=\"https:\/\/www.sonoraenequipo.com.mx\/ctm-reconoce-avances-del-2do-informe-de-sheinbaum\/\" \/>\n<meta property=\"og:locale\" content=\"es_ES\" \/>\n<meta property=\"og:type\" content=\"article\" \/>\n<meta property=\"og:title\" content=\"Sonora en Equipo. CTM reconoce avances del 2do. Informe de Sheinbaum\" \/>\n<meta property=\"og:description\" content=\"CIUDAD DE M\u00c9XICO, MX. \u2014 La Confederaci\u00f3n de Trabajadores de M\u00e9xico (CTM), encabezada por el Mtro. Tereso Medina Ram\u00edrez, reconoci\u00f3 los avances presentados En Sonora en Equipo publicamos toda la informaci\u00f3n de Sonora, M\u00e9xico y el Mundo de manera oportuna y busca que la libertad de expresi\u00f3n sea real. Visita nuestro medio informativo publicado desde Hermosillo, Sonora. %\" \/>\n<meta property=\"og:url\" content=\"https:\/\/www.sonoraenequipo.com.mx\/ctm-reconoce-avances-del-2do-informe-de-sheinbaum\/\" \/>\n<meta property=\"og:site_name\" content=\"Sonora en Equipo.\" \/>\n<meta property=\"article:publisher\" content=\"https:\/\/www.facebook.com\/SonoraEE\/\" \/>\n<meta property=\"article:author\" content=\"https:\/\/www.facebook.com\/SonoraEE\" \/>\n<meta property=\"article:published_time\" content=\"2026-09-02T03:21:17+00:00\" \/>\n<meta property=\"article:modified_time\" content=\"2026-09-02T03:57:40+00:00\" \/>\n<meta property=\"og:image\" content=\"https:\/\/www.sonoraenequipo.com.mx\/storage\/2026\/09\/tereso-medina-ctm.jpg\" \/>\n\t<meta property=\"og:image:width\" content=\"600\" \/>\n\t<meta property=\"og:image:height\" content=\"400\" \/>\n\t<meta property=\"og:image:type\" content=\"image\/jpeg\" \/>\n<meta name=\"author\" content=\"enequipo\" \/>\n<meta name=\"twitter:card\" content=\"summary_large_image\" \/>\n<meta name=\"twitter:creator\" content=\"@sonoraenequipo\" \/>\n<meta name=\"twitter:site\" content=\"@sonoraenequipo\" \/>\n<meta name=\"twitter:label1\" content=\"Escrito por\" \/>\n\t<meta name=\"twitter:data1\" content=\"enequipo\" \/>\n\t<meta name=\"twitter:label2\" content=\"Tiempo de lectura\" \/>\n\t<meta name=\"twitter:data2\" content=\"2 minutos\" \/>\n<script type=\"application\/ld+json\" class=\"yoast-schema-graph\">{\"@context\":\"https:\/\/schema.org\",\"@graph\":[{\"@type\":\"Article\",\"@id\":\"https:\/\/www.sonoraenequipo.com.mx\/ctm-reconoce-avances-del-2do-informe-de-sheinbaum\/#article\",\"isPartOf\":{\"@id\":\"https:\/\/www.sonoraenequipo.com.mx\/ctm-reconoce-avances-del-2do-informe-de-sheinbaum\/\"},\"author\":{\"name\":\"enequipo\",\"@id\":\"https:\/\/www.sonoraenequipo.com.mx\/#\/schema\/person\/50102df0fb23a8fa9e8effad8fa81386\"},\"headline\":\"CTM reconoce avances del 2do. Informe de Sheinbaum\",\"datePublished\":\"2026-09-02T03:21:17+00:00\",\"dateModified\":\"2026-09-02T03:57:40+00:00\",\"mainEntityOfPage\":{\"@id\":\"https:\/\/www.sonoraenequipo.com.mx\/ctm-reconoce-avances-del-2do-informe-de-sheinbaum\/\"},\"wordCount\":389,\"commentCount\":0,\"publisher\":{\"@id\":\"https:\/\/www.sonoraenequipo.com.mx\/#organization\"},\"image\":{\"@id\":\"https:\/\/www.sonoraenequipo.com.mx\/ctm-reconoce-avances-del-2do-informe-de-sheinbaum\/#primaryimage\"},\"thumbnailUrl\":\"https:\/\/www.sonoraenequipo.com.mx\/storage\/2026\/09\/tereso-medina-ctm.jpg\",\"keywords\":[\"Claudia Sheinbaum\",\"CTM 2do. informe\"],\"articleSection\":[\"Rep\u00fablica\"],\"inLanguage\":\"es\",\"potentialAction\":[{\"@type\":\"CommentAction\",\"name\":\"Comment\",\"target\":[\"https:\/\/www.sonoraenequipo.com.mx\/ctm-reconoce-avances-del-2do-informe-de-sheinbaum\/#respond\"]}]},{\"@type\":\"WebPage\",\"@id\":\"https:\/\/www.sonoraenequipo.com.mx\/ctm-reconoce-avances-del-2do-informe-de-sheinbaum\/\",\"url\":\"https:\/\/www.sonoraenequipo.com.mx\/ctm-reconoce-avances-del-2do-informe-de-sheinbaum\/\",\"name\":\"Sonora en Equipo. CTM reconoce avances del 2do. Informe de Sheinbaum\",\"isPartOf\":{\"@id\":\"https:\/\/www.sonoraenequipo.com.mx\/#website\"},\"primaryImageOfPage\":{\"@id\":\"https:\/\/www.sonoraenequipo.com.mx\/ctm-reconoce-avances-del-2do-informe-de-sheinbaum\/#primaryimage\"},\"image\":{\"@id\":\"https:\/\/www.sonoraenequipo.com.mx\/ctm-reconoce-avances-del-2do-informe-de-sheinbaum\/#primaryimage\"},\"thumbnailUrl\":\"https:\/\/www.sonoraenequipo.com.mx\/storage\/2026\/09\/tereso-medina-ctm.jpg\",\"datePublished\":\"2026-09-02T03:21:17+00:00\",\"dateModified\":\"2026-09-02T03:57:40+00:00\",\"description\":\"CIUDAD DE M\u00c9XICO, MX. \u2014 La Confederaci\u00f3n de Trabajadores de M\u00e9xico (CTM), encabezada por el Mtro. Tereso Medina Ram\u00edrez, reconoci\u00f3 los avances presentados En Sonora en Equipo publicamos toda la informaci\u00f3n de Sonora, M\u00e9xico y el Mundo de manera oportuna y busca que la libertad de expresi\u00f3n sea real. Visita nuestro medio informativo publicado desde Hermosillo, Sonora. %\",\"breadcrumb\":{\"@id\":\"https:\/\/www.sonoraenequipo.com.mx\/ctm-reconoce-avances-del-2do-informe-de-sheinbaum\/#breadcrumb\"},\"inLanguage\":\"es\",\"potentialAction\":[{\"@type\":\"ReadAction\",\"target\":[\"https:\/\/www.sonoraenequipo.com.mx\/ctm-reconoce-avances-del-2do-informe-de-sheinbaum\/\"]}]},{\"@type\":\"ImageObject\",\"inLanguage\":\"es\",\"@id\":\"https:\/\/www.sonoraenequipo.com.mx\/ctm-reconoce-avances-del-2do-informe-de-sheinbaum\/#primaryimage\",\"url\":\"https:\/\/www.sonoraenequipo.com.mx\/storage\/2026\/09\/tereso-medina-ctm.jpg\",\"contentUrl\":\"https:\/\/www.sonoraenequipo.com.mx\/storage\/2026\/09\/tereso-medina-ctm.jpg\",\"width\":600,\"height\":400,\"caption\":\"Tereso Medina. Imagen de archivo\"},{\"@type\":\"BreadcrumbList\",\"@id\":\"https:\/\/www.sonoraenequipo.com.mx\/ctm-reconoce-avances-del-2do-informe-de-sheinbaum\/#breadcrumb\",\"itemListElement\":[{\"@type\":\"ListItem\",\"position\":1,\"name\":\"Portada\",\"item\":\"https:\/\/www.sonoraenequipo.com.mx\/\"},{\"@type\":\"ListItem\",\"position\":2,\"name\":\"CTM reconoce avances del 2do. Informe de Sheinbaum\"}]},{\"@type\":\"WebSite\",\"@id\":\"https:\/\/www.sonoraenequipo.com.mx\/#website\",\"url\":\"https:\/\/www.sonoraenequipo.com.mx\/\",\"name\":\"Sonora en Equipo.\",\"description\":\"Diario en l\u00ednea con Noticias desde Hermosillo, Sonora\",\"publisher\":{\"@id\":\"https:\/\/www.sonoraenequipo.com.mx\/#organization\"},\"potentialAction\":[{\"@type\":\"SearchAction\",\"target\":{\"@type\":\"EntryPoint\",\"urlTemplate\":\"https:\/\/www.sonoraenequipo.com.mx\/?s={search_term_string}\"},\"query-input\":{\"@type\":\"PropertyValueSpecification\",\"valueRequired\":true,\"valueName\":\"search_term_string\"}}],\"inLanguage\":\"es\"},{\"@type\":\"Organization\",\"@id\":\"https:\/\/www.sonoraenequipo.com.mx\/#organization\",\"name\":\"Sonoraenequipo.com.mx\",\"url\":\"https:\/\/www.sonoraenequipo.com.mx\/\",\"logo\":{\"@type\":\"ImageObject\",\"inLanguage\":\"es\",\"@id\":\"https:\/\/www.sonoraenequipo.com.mx\/#\/schema\/logo\/image\/\",\"url\":\"https:\/\/www.sonoraenequipo.com.mx\/storage\/2019\/01\/sonoraenequipo_opt.png\",\"contentUrl\":\"https:\/\/www.sonoraenequipo.com.mx\/storage\/2019\/01\/sonoraenequipo_opt.png\",\"width\":375,\"height\":125,\"caption\":\"Sonoraenequipo.com.mx\"},\"image\":{\"@id\":\"https:\/\/www.sonoraenequipo.com.mx\/#\/schema\/logo\/image\/\"},\"sameAs\":[\"https:\/\/www.facebook.com\/SonoraEE\/\",\"https:\/\/x.com\/sonoraenequipo\",\"https:\/\/www.youtube.com\/channel\/UC338nW-lPEYmJQs4ZABQ1SQ\"]},{\"@type\":\"Person\",\"@id\":\"https:\/\/www.sonoraenequipo.com.mx\/#\/schema\/person\/50102df0fb23a8fa9e8effad8fa81386\",\"name\":\"enequipo\",\"image\":{\"@type\":\"ImageObject\",\"inLanguage\":\"es\",\"@id\":\"https:\/\/www.sonoraenequipo.com.mx\/#\/schema\/person\/image\/\",\"url\":\"https:\/\/secure.gravatar.com\/avatar\/049821681b589dabc0bc20695993ccebb09f5b5d4d790cd9251b97faac7c652b?s=96&d=blank&r=g\",\"contentUrl\":\"https:\/\/secure.gravatar.com\/avatar\/049821681b589dabc0bc20695993ccebb09f5b5d4d790cd9251b97faac7c652b?s=96&d=blank&r=g\",\"caption\":\"enequipo\"},\"sameAs\":[\"https:\/\/www.facebook.com\/SonoraEE\"]}]}<\/script>\n ","yoast_head_json":{"title":"Sonora en Equipo. CTM reconoce avances del 2do. Informe de Sheinbaum","description":"CIUDAD DE M\u00c9XICO, MX. \u2014 La Confederaci\u00f3n de Trabajadores de M\u00e9xico (CTM), encabezada por el Mtro. Tereso Medina Ram\u00edrez, reconoci\u00f3 los avances presentados En Sonora en Equipo publicamos toda la informaci\u00f3n de Sonora, M\u00e9xico y el Mundo de manera oportuna y busca que la libertad de expresi\u00f3n sea real. Visita nuestro medio informativo publicado desde Hermosillo, Sonora. %","robots":{"index":"index","follow":"follow","max-snippet":"max-snippet:-1","max-image-preview":"max-image-preview:large","max-video-preview":"max-video-preview:-1"},"canonical":"https:\/\/www.sonoraenequipo.com.mx\/ctm-reconoce-avances-del-2do-informe-de-sheinbaum\/","og_locale":"es_ES","og_type":"article","og_title":"Sonora en Equipo. CTM reconoce avances del 2do. Informe de Sheinbaum","og_description":"CIUDAD DE M\u00c9XICO, MX. \u2014 La Confederaci\u00f3n de Trabajadores de M\u00e9xico (CTM), encabezada por el Mtro. Tereso Medina Ram\u00edrez, reconoci\u00f3 los avances presentados En Sonora en Equipo publicamos toda la informaci\u00f3n de Sonora, M\u00e9xico y el Mundo de manera oportuna y busca que la libertad de expresi\u00f3n sea real. Visita nuestro medio informativo publicado desde Hermosillo, Sonora. %","og_url":"https:\/\/www.sonoraenequipo.com.mx\/ctm-reconoce-avances-del-2do-informe-de-sheinbaum\/","og_site_name":"Sonora en Equipo.","article_publisher":"https:\/\/www.facebook.com\/SonoraEE\/","article_author":"https:\/\/www.facebook.com\/SonoraEE","article_published_time":"2026-09-02T03:21:17+00:00","article_modified_time":"2026-09-02T03:57:40+00:00","og_image":[{"width":600,"height":400,"url":"https:\/\/www.sonoraenequipo.com.mx\/storage\/2026\/09\/tereso-medina-ctm.jpg","type":"image\/jpeg"}],"author":"enequipo","twitter_card":"summary_large_image","twitter_creator":"@sonoraenequipo","twitter_site":"@sonoraenequipo","twitter_misc":{"Escrito por":"enequipo","Tiempo de lectura":"2 minutos"},"schema":{"@context":"https:\/\/schema.org","@graph":[{"@type":"Article","@id":"https:\/\/www.sonoraenequipo.com.mx\/ctm-reconoce-avances-del-2do-informe-de-sheinbaum\/#article","isPartOf":{"@id":"https:\/\/www.sonoraenequipo.com.mx\/ctm-reconoce-avances-del-2do-informe-de-sheinbaum\/"},"author":{"name":"enequipo","@id":"https:\/\/www.sonoraenequipo.com.mx\/#\/schema\/person\/50102df0fb23a8fa9e8effad8fa81386"},"headline":"CTM reconoce avances del 2do. Informe de Sheinbaum","datePublished":"2026-09-02T03:21:17+00:00","dateModified":"2026-09-02T03:57:40+00:00","mainEntityOfPage":{"@id":"https:\/\/www.sonoraenequipo.com.mx\/ctm-reconoce-avances-del-2do-informe-de-sheinbaum\/"},"wordCount":389,"commentCount":0,"publisher":{"@id":"https:\/\/www.sonoraenequipo.com.mx\/#organization"},"image":{"@id":"https:\/\/www.sonoraenequipo.com.mx\/ctm-reconoce-avances-del-2do-informe-de-sheinbaum\/#primaryimage"},"thumbnailUrl":"https:\/\/www.sonoraenequipo.com.mx\/storage\/2026\/09\/tereso-medina-ctm.jpg","keywords":["Claudia Sheinbaum","CTM 2do. informe"],"articleSection":["Rep\u00fablica"],"inLanguage":"es","potentialAction":[{"@type":"CommentAction","name":"Comment","target":["https:\/\/www.sonoraenequipo.com.mx\/ctm-reconoce-avances-del-2do-informe-de-sheinbaum\/#respond"]}]},{"@type":"WebPage","@id":"https:\/\/www.sonoraenequipo.com.mx\/ctm-reconoce-avances-del-2do-informe-de-sheinbaum\/","url":"https:\/\/www.sonoraenequipo.com.mx\/ctm-reconoce-avances-del-2do-informe-de-sheinbaum\/","name":"Sonora en Equipo. CTM reconoce avances del 2do. Informe de Sheinbaum","isPartOf":{"@id":"https:\/\/www.sonoraenequipo.com.mx\/#website"},"primaryImageOfPage":{"@id":"https:\/\/www.sonoraenequipo.com.mx\/ctm-reconoce-avances-del-2do-informe-de-sheinbaum\/#primaryimage"},"image":{"@id":"https:\/\/www.sonoraenequipo.com.mx\/ctm-reconoce-avances-del-2do-informe-de-sheinbaum\/#primaryimage"},"thumbnailUrl":"https:\/\/www.sonoraenequipo.com.mx\/storage\/2026\/09\/tereso-medina-ctm.jpg","datePublished":"2026-09-02T03:21:17+00:00","dateModified":"2026-09-02T03:57:40+00:00","description":"CIUDAD DE M\u00c9XICO, MX. \u2014 La Confederaci\u00f3n de Trabajadores de M\u00e9xico (CTM), encabezada por el Mtro. Tereso Medina Ram\u00edrez, reconoci\u00f3 los avances presentados En Sonora en Equipo publicamos toda la informaci\u00f3n de Sonora, M\u00e9xico y el Mundo de manera oportuna y busca que la libertad de expresi\u00f3n sea real. Visita nuestro medio informativo publicado desde Hermosillo, Sonora. %","breadcrumb":{"@id":"https:\/\/www.sonoraenequipo.com.mx\/ctm-reconoce-avances-del-2do-informe-de-sheinbaum\/#breadcrumb"},"inLanguage":"es","potentialAction":[{"@type":"ReadAction","target":["https:\/\/www.sonoraenequipo.com.mx\/ctm-reconoce-avances-del-2do-informe-de-sheinbaum\/"]}]},{"@type":"ImageObject","inLanguage":"es","@id":"https:\/\/www.sonoraenequipo.com.mx\/ctm-reconoce-avances-del-2do-informe-de-sheinbaum\/#primaryimage","url":"https:\/\/www.sonoraenequipo.com.mx\/storage\/2026\/09\/tereso-medina-ctm.jpg","contentUrl":"https:\/\/www.sonoraenequipo.com.mx\/storage\/2026\/09\/tereso-medina-ctm.jpg","width":600,"height":400,"caption":"Tereso Medina. Imagen de archivo"},{"@type":"BreadcrumbList","@id":"https:\/\/www.sonoraenequipo.com.mx\/ctm-reconoce-avances-del-2do-informe-de-sheinbaum\/#breadcrumb","itemListElement":[{"@type":"ListItem","position":1,"name":"Portada","item":"https:\/\/www.sonoraenequipo.com.mx\/"},{"@type":"ListItem","position":2,"name":"CTM reconoce avances del 2do. Informe de Sheinbaum"}]},{"@type":"WebSite","@id":"https:\/\/www.sonoraenequipo.com.mx\/#website","url":"https:\/\/www.sonoraenequipo.com.mx\/","name":"Sonora en Equipo.","description":"Diario en l\u00ednea con Noticias desde Hermosillo, Sonora","publisher":{"@id":"https:\/\/www.sonoraenequipo.com.mx\/#organization"},"potentialAction":[{"@type":"SearchAction","target":{"@type":"EntryPoint","urlTemplate":"https:\/\/www.sonoraenequipo.com.mx\/?s={search_term_string}"},"query-input":{"@type":"PropertyValueSpecification","valueRequired":true,"valueName":"search_term_string"}}],"inLanguage":"es"},{"@type":"Organization","@id":"https:\/\/www.sonoraenequipo.com.mx\/#organization","name":"Sonoraenequipo.com.mx","url":"https:\/\/www.sonoraenequipo.com.mx\/","logo":{"@type":"ImageObject","inLanguage":"es","@id":"https:\/\/www.sonoraenequipo.com.mx\/#\/schema\/logo\/image\/","url":"https:\/\/www.sonoraenequipo.com.mx\/storage\/2019\/01\/sonoraenequipo_opt.png","contentUrl":"https:\/\/www.sonoraenequipo.com.mx\/storage\/2019\/01\/sonoraenequipo_opt.png","width":375,"height":125,"caption":"Sonoraenequipo.com.mx"},"image":{"@id":"https:\/\/www.sonoraenequipo.com.mx\/#\/schema\/logo\/image\/"},"sameAs":["https:\/\/www.facebook.com\/SonoraEE\/","https:\/\/x.com\/sonoraenequipo","https:\/\/www.youtube.com\/channel\/UC338nW-lPEYmJQs4ZABQ1SQ"]},{"@type":"Person","@id":"https:\/\/www.sonoraenequipo.com.mx\/#\/schema\/person\/50102df0fb23a8fa9e8effad8fa81386","name":"enequipo","image":{"@type":"ImageObject","inLanguage":"es","@id":"https:\/\/www.sonoraenequipo.com.mx\/#\/schema\/person\/image\/","url":"https:\/\/secure.gravatar.com\/avatar\/049821681b589dabc0bc20695993ccebb09f5b5d4d790cd9251b97faac7c652b?s=96&d=blank&r=g","contentUrl":"https:\/\/secure.gravatar.com\/avatar\/049821681b589dabc0bc20695993ccebb09f5b5d4d790cd9251b97faac7c652b?s=96&d=blank&r=g","caption":"enequipo"},"sameAs":["https:\/\/www.facebook.com\/SonoraEE"]}]}},"jetpack_featured_media_url":"https:\/\/www.sonoraenequipo.com.mx\/storage\/2026\/09\/tereso-medina-ctm.jpg","_links":{"self":[{"href":"https:\/\/www.sonoraenequipo.com.mx\/api\/wp\/v2\/posts\/251286","targetHints":{"allow":["GET"]}}],"collection":[{"href":"https:\/\/www.sonoraenequipo.com.mx\/api\/wp\/v2\/posts"}],"about":[{"href":"https:\/\/www.sonoraenequipo.com.mx\/api\/wp\/v2\/types\/post"}],"author":[{"embeddable":true,"href":"https:\/\/www.sonoraenequipo.com.mx\/api\/wp\/v2\/users\/1"}],"replies":[{"embeddable":true,"href":"https:\/\/www.sonoraenequipo.com.mx\/api\/wp\/v2\/comments?post=251286"}],"version-history":[{"count":1,"href":"https:\/\/www.sonoraenequipo.com.mx\/api\/wp\/v2\/posts\/251286\/revisions"}],"predecessor-version":[{"id":251289,"href":"https:\/\/www.sonoraenequipo.com.mx\/api\/wp\/v2\/posts\/251286\/revisions\/251289"}],"wp:featuredmedia":[{"embeddable":true,"href":"https:\/\/www.sonoraenequipo.com.mx\/api\/wp\/v2\/media\/251288"}],"wp:attachment":[{"href":"https:\/\/www.sonoraenequipo.com.mx\/api\/wp\/v2\/media?parent=251286"}],"wp:term":[{"taxonomy":"category","embeddable":true,"href":"https:\/\/www.sonoraenequipo.com.mx\/api\/wp\/v2\/categories?post=251286"},{"taxonomy":"post_tag","embeddable":true,"href":"https:\/\/www.sonoraenequipo.com.mx\/api\/wp\/v2\/tags?post=251286"}],"curies":[{"name":"wp","href":"https:\/\/api.w.org\/{rel}","templated":true}]}}