{"id":251297,"date":"2026-09-01T14:51:29","date_gmt":"2026-09-01T21:51:29","guid":{"rendered":"https:\/\/www.sonoraenequipo.com.mx\/?p=251297"},"modified":"2026-09-01T20:55:46","modified_gmt":"2026-09-02T03:55:46","slug":"confirman-abatimiento-del-r5-lider-del-cartel-de-los-reyes-durante-operativo-en-michoacan","status":"publish","type":"post","link":"https:\/\/www.sonoraenequipo.com.mx\/confirman-abatimiento-del-r5-lider-del-cartel-de-los-reyes-durante-operativo-en-michoacan\/","title":{"rendered":"Confirman abatimiento del \u201cR5\u201d, l\u00edder del C\u00e1rtel de Los Reyes, durante operativo en Michoac\u00e1n"},"content":{"rendered":"<p><strong>MICHOAC\u00c1N. MX.\u2014<\/strong> Luis Enrique \u201cN\u201d, alias \u201cR5\u201d, \u201cEl Wicho\u201d o \u201cEl G\u00fcicho\u201d, se\u00f1alado como presunto l\u00edder del C\u00e1rtel de Los Reyes, muri\u00f3 durante un operativo de fuerzas federales realizado en la comunidad de Rodeo del Pinal, municipio de Tocumbo, Michoac\u00e1n.<\/p>\n<p>&nbsp;<\/p>\n<p> <\/p>\n<p>De acuerdo con informaci\u00f3n de la Secretar\u00eda de la Defensa Nacional (Defensa), el despliegue fue planeado y ejecutado por personal del Ej\u00e9rcito Mexicano y la Guardia Nacional, en coordinaci\u00f3n con la Secretar\u00eda de Marina, la Secretar\u00eda de Seguridad y Protecci\u00f3n Ciudadana y la Guardia Civil de Michoac\u00e1n, con el objetivo de detener al presunto delincuente.<\/p>\n<p>&nbsp;<\/p>\n<p>Durante el operativo, los elementos de seguridad fueron agredidos con disparos de arma de fuego. Al repeler la agresi\u00f3n, Luis Enrique \u201cN\u201d y uno de sus acompa\u00f1antes perdieron la vida. Tras el enfrentamiento fueron asegurados dos fusiles autom\u00e1ticos, cartuchos y cargadores de diversos calibres, adem\u00e1s de una cuatrimoto. Los indicios y los cuerpos quedaron a disposici\u00f3n de la Fiscal\u00eda General del Estado para las investigaciones correspondientes.<\/p>\n<p>&nbsp;<\/p>\n<h3>\u201cR5\u201d, objetivo de Estados Unidos<\/h3>\n<p>&nbsp;<\/p>\n<p>El secretario de Seguridad y Protecci\u00f3n Ciudadana, Omar Garc\u00eda Harfuch, inform\u00f3 que Luis Enrique \u201cN\u201d era buscado por autoridades de Estados Unidos, donde enfrentaba se\u00f1alamientos relacionados con tr\u00e1fico de drogas y armas.<\/p>\n<p>&nbsp;<\/p>\n<p>Adem\u00e1s, contaba con una orden de detenci\u00f3n provisional con fines de extradici\u00f3n y el Departamento de Estado estadounidense ofrec\u00eda una recompensa de hasta tres millones de d\u00f3lares por informaci\u00f3n que condujera a su arresto.<\/p>\n<p>&nbsp;<\/p>\n<p>De acuerdo con investigaciones estadounidenses, Luis Enrique Barrag\u00e1n Ch\u00e1vez \u2014identificado como \u201cR5\u201d o \u201cWicho\u201d\u2014 era se\u00f1alado como uno de los integrantes de alto rango de C\u00e1rteles Unidos y presuntamente estaba relacionado con el tr\u00e1fico de metanfetamina, fentanilo y coca\u00edna hacia Estados Unidos.<\/p>\n<p>&nbsp;<\/p>\n<h3>Encabezaba el C\u00e1rtel de Los Reyes<\/h3>\n<p>&nbsp;<\/p>\n<p>Las autoridades identificaban a \u201cR5\u201d como dirigente del C\u00e1rtel de Los Reyes, organizaci\u00f3n con presencia principalmente en municipios del occidente de Michoac\u00e1n y vinculada con actividades como narcotr\u00e1fico y extorsi\u00f3n a productores agr\u00edcolas de la regi\u00f3n.<\/p>\n<p>&nbsp;<\/p>\n<p>Reportes period\u00edsticos se\u00f1alan que habr\u00eda asumido el liderazgo del grupo tras la detenci\u00f3n de Alfonso \u201cN\u201d, alias \u201cLa Quiringua\u201d o \u201cPoncho\u201d, ocurrida semanas atr\u00e1s.<\/p>\n<p>&nbsp;<\/p>\n<p>Asimismo, versiones period\u00edsticas refieren que \u201cR5\u201d tuvo antecedentes como integrante de grupos de autodefensa en Michoac\u00e1n y que posteriormente habr\u00eda transitado hacia actividades delictivas.<\/p>\n<p>&nbsp;<\/p>\n<p>El operativo representa un nuevo golpe a la estructura criminal que opera en la regi\u00f3n de Los Reyes, Perib\u00e1n, Tocumbo, Ting\u00fcind\u00edn y Cotija, zona donde las autoridades mantienen un despliegue para combatir principalmente la extorsi\u00f3n.<\/p>\n<p>&nbsp;<\/p>\n<p>&nbsp;<\/p>\n<p>PUBLICADO EL 01 DE SEPT DE 2026 Con informaci\u00f3n de Prensa local michoacana)<\/p>\n","protected":false},"excerpt":{"rendered":"<p>MICHOAC\u00c1N. MX.\u2014 Luis Enrique \u201cN\u201d, alias \u201cR5\u201d, \u201cEl Wicho\u201d o \u201cEl G\u00fcicho\u201d, se\u00f1alado como presunto&#8230;<\/p>\n","protected":false},"author":1,"featured_media":251302,"comment_status":"open","ping_status":"open","sticky":false,"template":"","format":"standard","meta":{"_monsterinsights_skip_tracking":false,"_monsterinsights_sitenote_active":false,"_monsterinsights_sitenote_note":"","_monsterinsights_sitenote_category":0,"footnotes":""},"categories":[5],"tags":[],"class_list":["post"],"yoast_head":" \n<title>Sonora en Equipo. Confirman abatimiento del \u201cR5\u201d, l\u00edder del C\u00e1rtel de Los Reyes, durante operativo en Michoac\u00e1n Rep\u00fablica<\/title>\n<meta name=\"description\" content=\"MICHOAC\u00c1N. MX.\u2014 Luis Enrique \u201cN\u201d, alias \u201cR5\u201d, \u201cEl Wicho\u201d o \u201cEl G\u00fcicho\u201d, se\u00f1alado como presunto l\u00edder del C\u00e1rtel de Los Reyes, muri\u00f3 durante un operativo En Sonora en Equipo publicamos toda la informaci\u00f3n de Sonora, M\u00e9xico y el Mundo de manera oportuna y busca que la libertad de expresi\u00f3n sea real. Visita nuestro medio informativo publicado desde Hermosillo, Sonora. %\" \/>\n<meta name=\"robots\" content=\"index, follow, max-snippet:-1, max-image-preview:large, max-video-preview:-1\" \/>\n<link rel=\"canonical\" href=\"https:\/\/www.sonoraenequipo.com.mx\/confirman-abatimiento-del-r5-lider-del-cartel-de-los-reyes-durante-operativo-en-michoacan\/\" \/>\n<meta property=\"og:locale\" content=\"es_ES\" \/>\n<meta property=\"og:type\" content=\"article\" \/>\n<meta property=\"og:title\" content=\"Sonora en Equipo. Confirman abatimiento del \u201cR5\u201d, l\u00edder del C\u00e1rtel de Los Reyes, durante operativo en Michoac\u00e1n Rep\u00fablica\" \/>\n<meta property=\"og:description\" content=\"MICHOAC\u00c1N. MX.\u2014 Luis Enrique \u201cN\u201d, alias \u201cR5\u201d, \u201cEl Wicho\u201d o \u201cEl G\u00fcicho\u201d, se\u00f1alado como presunto l\u00edder del C\u00e1rtel de Los Reyes, muri\u00f3 durante un operativo En Sonora en Equipo publicamos toda la informaci\u00f3n de Sonora, M\u00e9xico y el Mundo de manera oportuna y busca que la libertad de expresi\u00f3n sea real. Visita nuestro medio informativo publicado desde Hermosillo, Sonora. %\" \/>\n<meta property=\"og:url\" content=\"https:\/\/www.sonoraenequipo.com.mx\/confirman-abatimiento-del-r5-lider-del-cartel-de-los-reyes-durante-operativo-en-michoacan\/\" \/>\n<meta property=\"og:site_name\" content=\"Sonora en Equipo.\" \/>\n<meta property=\"article:publisher\" content=\"https:\/\/www.facebook.com\/SonoraEE\/\" \/>\n<meta property=\"article:author\" content=\"https:\/\/www.facebook.com\/SonoraEE\" \/>\n<meta property=\"article:published_time\" content=\"2026-09-01T21:51:29+00:00\" \/>\n<meta property=\"article:modified_time\" content=\"2026-09-02T03:55:46+00:00\" \/>\n<meta property=\"og:image\" content=\"https:\/\/www.sonoraenequipo.com.mx\/storage\/2026\/09\/R5-es-abatido-1.jpg\" \/>\n\t<meta property=\"og:image:width\" content=\"987\" \/>\n\t<meta property=\"og:image:height\" content=\"568\" \/>\n\t<meta property=\"og:image:type\" content=\"image\/jpeg\" \/>\n<meta name=\"author\" content=\"enequipo\" \/>\n<meta name=\"twitter:card\" content=\"summary_large_image\" \/>\n<meta name=\"twitter:creator\" content=\"@sonoraenequipo\" \/>\n<meta name=\"twitter:site\" content=\"@sonoraenequipo\" \/>\n<meta name=\"twitter:label1\" content=\"Escrito por\" \/>\n\t<meta name=\"twitter:data1\" content=\"enequipo\" \/>\n\t<meta name=\"twitter:label2\" content=\"Tiempo de lectura\" \/>\n\t<meta name=\"twitter:data2\" content=\"2 minutos\" \/>\n<script type=\"application\/ld+json\" class=\"yoast-schema-graph\">{\"@context\":\"https:\/\/schema.org\",\"@graph\":[{\"@type\":\"Article\",\"@id\":\"https:\/\/www.sonoraenequipo.com.mx\/confirman-abatimiento-del-r5-lider-del-cartel-de-los-reyes-durante-operativo-en-michoacan\/#article\",\"isPartOf\":{\"@id\":\"https:\/\/www.sonoraenequipo.com.mx\/confirman-abatimiento-del-r5-lider-del-cartel-de-los-reyes-durante-operativo-en-michoacan\/\"},\"author\":{\"name\":\"enequipo\",\"@id\":\"https:\/\/www.sonoraenequipo.com.mx\/#\/schema\/person\/50102df0fb23a8fa9e8effad8fa81386\"},\"headline\":\"Confirman abatimiento del \u201cR5\u201d, l\u00edder del C\u00e1rtel de Los Reyes, durante operativo en Michoac\u00e1n\",\"datePublished\":\"2026-09-01T21:51:29+00:00\",\"dateModified\":\"2026-09-02T03:55:46+00:00\",\"mainEntityOfPage\":{\"@id\":\"https:\/\/www.sonoraenequipo.com.mx\/confirman-abatimiento-del-r5-lider-del-cartel-de-los-reyes-durante-operativo-en-michoacan\/\"},\"wordCount\":498,\"commentCount\":0,\"publisher\":{\"@id\":\"https:\/\/www.sonoraenequipo.com.mx\/#organization\"},\"image\":{\"@id\":\"https:\/\/www.sonoraenequipo.com.mx\/confirman-abatimiento-del-r5-lider-del-cartel-de-los-reyes-durante-operativo-en-michoacan\/#primaryimage\"},\"thumbnailUrl\":\"https:\/\/www.sonoraenequipo.com.mx\/storage\/2026\/09\/R5-es-abatido-1.jpg\",\"articleSection\":[\"Rep\u00fablica\"],\"inLanguage\":\"es\",\"potentialAction\":[{\"@type\":\"CommentAction\",\"name\":\"Comment\",\"target\":[\"https:\/\/www.sonoraenequipo.com.mx\/confirman-abatimiento-del-r5-lider-del-cartel-de-los-reyes-durante-operativo-en-michoacan\/#respond\"]}]},{\"@type\":\"WebPage\",\"@id\":\"https:\/\/www.sonoraenequipo.com.mx\/confirman-abatimiento-del-r5-lider-del-cartel-de-los-reyes-durante-operativo-en-michoacan\/\",\"url\":\"https:\/\/www.sonoraenequipo.com.mx\/confirman-abatimiento-del-r5-lider-del-cartel-de-los-reyes-durante-operativo-en-michoacan\/\",\"name\":\"Sonora en Equipo. Confirman abatimiento del \u201cR5\u201d, l\u00edder del C\u00e1rtel de Los Reyes, durante operativo en Michoac\u00e1n Rep\u00fablica\",\"isPartOf\":{\"@id\":\"https:\/\/www.sonoraenequipo.com.mx\/#website\"},\"primaryImageOfPage\":{\"@id\":\"https:\/\/www.sonoraenequipo.com.mx\/confirman-abatimiento-del-r5-lider-del-cartel-de-los-reyes-durante-operativo-en-michoacan\/#primaryimage\"},\"image\":{\"@id\":\"https:\/\/www.sonoraenequipo.com.mx\/confirman-abatimiento-del-r5-lider-del-cartel-de-los-reyes-durante-operativo-en-michoacan\/#primaryimage\"},\"thumbnailUrl\":\"https:\/\/www.sonoraenequipo.com.mx\/storage\/2026\/09\/R5-es-abatido-1.jpg\",\"datePublished\":\"2026-09-01T21:51:29+00:00\",\"dateModified\":\"2026-09-02T03:55:46+00:00\",\"description\":\"MICHOAC\u00c1N. MX.\u2014 Luis Enrique \u201cN\u201d, alias \u201cR5\u201d, \u201cEl Wicho\u201d o \u201cEl G\u00fcicho\u201d, se\u00f1alado como presunto l\u00edder del C\u00e1rtel de Los Reyes, muri\u00f3 durante un operativo En Sonora en Equipo publicamos toda la informaci\u00f3n de Sonora, M\u00e9xico y el Mundo de manera oportuna y busca que la libertad de expresi\u00f3n sea real. Visita nuestro medio informativo publicado desde Hermosillo, Sonora. %\",\"breadcrumb\":{\"@id\":\"https:\/\/www.sonoraenequipo.com.mx\/confirman-abatimiento-del-r5-lider-del-cartel-de-los-reyes-durante-operativo-en-michoacan\/#breadcrumb\"},\"inLanguage\":\"es\",\"potentialAction\":[{\"@type\":\"ReadAction\",\"target\":[\"https:\/\/www.sonoraenequipo.com.mx\/confirman-abatimiento-del-r5-lider-del-cartel-de-los-reyes-durante-operativo-en-michoacan\/\"]}]},{\"@type\":\"ImageObject\",\"inLanguage\":\"es\",\"@id\":\"https:\/\/www.sonoraenequipo.com.mx\/confirman-abatimiento-del-r5-lider-del-cartel-de-los-reyes-durante-operativo-en-michoacan\/#primaryimage\",\"url\":\"https:\/\/www.sonoraenequipo.com.mx\/storage\/2026\/09\/R5-es-abatido-1.jpg\",\"contentUrl\":\"https:\/\/www.sonoraenequipo.com.mx\/storage\/2026\/09\/R5-es-abatido-1.jpg\",\"width\":987,\"height\":568},{\"@type\":\"BreadcrumbList\",\"@id\":\"https:\/\/www.sonoraenequipo.com.mx\/confirman-abatimiento-del-r5-lider-del-cartel-de-los-reyes-durante-operativo-en-michoacan\/#breadcrumb\",\"itemListElement\":[{\"@type\":\"ListItem\",\"position\":1,\"name\":\"Portada\",\"item\":\"https:\/\/www.sonoraenequipo.com.mx\/\"},{\"@type\":\"ListItem\",\"position\":2,\"name\":\"Confirman abatimiento del \u201cR5\u201d, l\u00edder del C\u00e1rtel de Los Reyes, durante operativo en Michoac\u00e1n\"}]},{\"@type\":\"WebSite\",\"@id\":\"https:\/\/www.sonoraenequipo.com.mx\/#website\",\"url\":\"https:\/\/www.sonoraenequipo.com.mx\/\",\"name\":\"Sonora en Equipo.\",\"description\":\"Diario en l\u00ednea con Noticias desde Hermosillo, Sonora\",\"publisher\":{\"@id\":\"https:\/\/www.sonoraenequipo.com.mx\/#organization\"},\"potentialAction\":[{\"@type\":\"SearchAction\",\"target\":{\"@type\":\"EntryPoint\",\"urlTemplate\":\"https:\/\/www.sonoraenequipo.com.mx\/?s={search_term_string}\"},\"query-input\":{\"@type\":\"PropertyValueSpecification\",\"valueRequired\":true,\"valueName\":\"search_term_string\"}}],\"inLanguage\":\"es\"},{\"@type\":\"Organization\",\"@id\":\"https:\/\/www.sonoraenequipo.com.mx\/#organization\",\"name\":\"Sonoraenequipo.com.mx\",\"url\":\"https:\/\/www.sonoraenequipo.com.mx\/\",\"logo\":{\"@type\":\"ImageObject\",\"inLanguage\":\"es\",\"@id\":\"https:\/\/www.sonoraenequipo.com.mx\/#\/schema\/logo\/image\/\",\"url\":\"https:\/\/www.sonoraenequipo.com.mx\/storage\/2019\/01\/sonoraenequipo_opt.png\",\"contentUrl\":\"https:\/\/www.sonoraenequipo.com.mx\/storage\/2019\/01\/sonoraenequipo_opt.png\",\"width\":375,\"height\":125,\"caption\":\"Sonoraenequipo.com.mx\"},\"image\":{\"@id\":\"https:\/\/www.sonoraenequipo.com.mx\/#\/schema\/logo\/image\/\"},\"sameAs\":[\"https:\/\/www.facebook.com\/SonoraEE\/\",\"https:\/\/x.com\/sonoraenequipo\",\"https:\/\/www.youtube.com\/channel\/UC338nW-lPEYmJQs4ZABQ1SQ\"]},{\"@type\":\"Person\",\"@id\":\"https:\/\/www.sonoraenequipo.com.mx\/#\/schema\/person\/50102df0fb23a8fa9e8effad8fa81386\",\"name\":\"enequipo\",\"image\":{\"@type\":\"ImageObject\",\"inLanguage\":\"es\",\"@id\":\"https:\/\/www.sonoraenequipo.com.mx\/#\/schema\/person\/image\/\",\"url\":\"https:\/\/secure.gravatar.com\/avatar\/049821681b589dabc0bc20695993ccebb09f5b5d4d790cd9251b97faac7c652b?s=96&d=blank&r=g\",\"contentUrl\":\"https:\/\/secure.gravatar.com\/avatar\/049821681b589dabc0bc20695993ccebb09f5b5d4d790cd9251b97faac7c652b?s=96&d=blank&r=g\",\"caption\":\"enequipo\"},\"sameAs\":[\"https:\/\/www.facebook.com\/SonoraEE\"]}]}<\/script>\n ","yoast_head_json":{"title":"Sonora en Equipo. Confirman abatimiento del \u201cR5\u201d, l\u00edder del C\u00e1rtel de Los Reyes, durante operativo en Michoac\u00e1n Rep\u00fablica","description":"MICHOAC\u00c1N. MX.\u2014 Luis Enrique \u201cN\u201d, alias \u201cR5\u201d, \u201cEl Wicho\u201d o \u201cEl G\u00fcicho\u201d, se\u00f1alado como presunto l\u00edder del C\u00e1rtel de Los Reyes, muri\u00f3 durante un operativo En Sonora en Equipo publicamos toda la informaci\u00f3n de Sonora, M\u00e9xico y el Mundo de manera oportuna y busca que la libertad de expresi\u00f3n sea real. Visita nuestro medio informativo publicado desde Hermosillo, Sonora. %","robots":{"index":"index","follow":"follow","max-snippet":"max-snippet:-1","max-image-preview":"max-image-preview:large","max-video-preview":"max-video-preview:-1"},"canonical":"https:\/\/www.sonoraenequipo.com.mx\/confirman-abatimiento-del-r5-lider-del-cartel-de-los-reyes-durante-operativo-en-michoacan\/","og_locale":"es_ES","og_type":"article","og_title":"Sonora en Equipo. Confirman abatimiento del \u201cR5\u201d, l\u00edder del C\u00e1rtel de Los Reyes, durante operativo en Michoac\u00e1n Rep\u00fablica","og_description":"MICHOAC\u00c1N. MX.\u2014 Luis Enrique \u201cN\u201d, alias \u201cR5\u201d, \u201cEl Wicho\u201d o \u201cEl G\u00fcicho\u201d, se\u00f1alado como presunto l\u00edder del C\u00e1rtel de Los Reyes, muri\u00f3 durante un operativo En Sonora en Equipo publicamos toda la informaci\u00f3n de Sonora, M\u00e9xico y el Mundo de manera oportuna y busca que la libertad de expresi\u00f3n sea real. Visita nuestro medio informativo publicado desde Hermosillo, Sonora. %","og_url":"https:\/\/www.sonoraenequipo.com.mx\/confirman-abatimiento-del-r5-lider-del-cartel-de-los-reyes-durante-operativo-en-michoacan\/","og_site_name":"Sonora en Equipo.","article_publisher":"https:\/\/www.facebook.com\/SonoraEE\/","article_author":"https:\/\/www.facebook.com\/SonoraEE","article_published_time":"2026-09-01T21:51:29+00:00","article_modified_time":"2026-09-02T03:55:46+00:00","og_image":[{"width":987,"height":568,"url":"https:\/\/www.sonoraenequipo.com.mx\/storage\/2026\/09\/R5-es-abatido-1.jpg","type":"image\/jpeg"}],"author":"enequipo","twitter_card":"summary_large_image","twitter_creator":"@sonoraenequipo","twitter_site":"@sonoraenequipo","twitter_misc":{"Escrito por":"enequipo","Tiempo de lectura":"2 minutos"},"schema":{"@context":"https:\/\/schema.org","@graph":[{"@type":"Article","@id":"https:\/\/www.sonoraenequipo.com.mx\/confirman-abatimiento-del-r5-lider-del-cartel-de-los-reyes-durante-operativo-en-michoacan\/#article","isPartOf":{"@id":"https:\/\/www.sonoraenequipo.com.mx\/confirman-abatimiento-del-r5-lider-del-cartel-de-los-reyes-durante-operativo-en-michoacan\/"},"author":{"name":"enequipo","@id":"https:\/\/www.sonoraenequipo.com.mx\/#\/schema\/person\/50102df0fb23a8fa9e8effad8fa81386"},"headline":"Confirman abatimiento del \u201cR5\u201d, l\u00edder del C\u00e1rtel de Los Reyes, durante operativo en Michoac\u00e1n","datePublished":"2026-09-01T21:51:29+00:00","dateModified":"2026-09-02T03:55:46+00:00","mainEntityOfPage":{"@id":"https:\/\/www.sonoraenequipo.com.mx\/confirman-abatimiento-del-r5-lider-del-cartel-de-los-reyes-durante-operativo-en-michoacan\/"},"wordCount":498,"commentCount":0,"publisher":{"@id":"https:\/\/www.sonoraenequipo.com.mx\/#organization"},"image":{"@id":"https:\/\/www.sonoraenequipo.com.mx\/confirman-abatimiento-del-r5-lider-del-cartel-de-los-reyes-durante-operativo-en-michoacan\/#primaryimage"},"thumbnailUrl":"https:\/\/www.sonoraenequipo.com.mx\/storage\/2026\/09\/R5-es-abatido-1.jpg","articleSection":["Rep\u00fablica"],"inLanguage":"es","potentialAction":[{"@type":"CommentAction","name":"Comment","target":["https:\/\/www.sonoraenequipo.com.mx\/confirman-abatimiento-del-r5-lider-del-cartel-de-los-reyes-durante-operativo-en-michoacan\/#respond"]}]},{"@type":"WebPage","@id":"https:\/\/www.sonoraenequipo.com.mx\/confirman-abatimiento-del-r5-lider-del-cartel-de-los-reyes-durante-operativo-en-michoacan\/","url":"https:\/\/www.sonoraenequipo.com.mx\/confirman-abatimiento-del-r5-lider-del-cartel-de-los-reyes-durante-operativo-en-michoacan\/","name":"Sonora en Equipo. Confirman abatimiento del \u201cR5\u201d, l\u00edder del C\u00e1rtel de Los Reyes, durante operativo en Michoac\u00e1n Rep\u00fablica","isPartOf":{"@id":"https:\/\/www.sonoraenequipo.com.mx\/#website"},"primaryImageOfPage":{"@id":"https:\/\/www.sonoraenequipo.com.mx\/confirman-abatimiento-del-r5-lider-del-cartel-de-los-reyes-durante-operativo-en-michoacan\/#primaryimage"},"image":{"@id":"https:\/\/www.sonoraenequipo.com.mx\/confirman-abatimiento-del-r5-lider-del-cartel-de-los-reyes-durante-operativo-en-michoacan\/#primaryimage"},"thumbnailUrl":"https:\/\/www.sonoraenequipo.com.mx\/storage\/2026\/09\/R5-es-abatido-1.jpg","datePublished":"2026-09-01T21:51:29+00:00","dateModified":"2026-09-02T03:55:46+00:00","description":"MICHOAC\u00c1N. MX.\u2014 Luis Enrique \u201cN\u201d, alias \u201cR5\u201d, \u201cEl Wicho\u201d o \u201cEl G\u00fcicho\u201d, se\u00f1alado como presunto l\u00edder del C\u00e1rtel de Los Reyes, muri\u00f3 durante un operativo En Sonora en Equipo publicamos toda la informaci\u00f3n de Sonora, M\u00e9xico y el Mundo de manera oportuna y busca que la libertad de expresi\u00f3n sea real. Visita nuestro medio informativo publicado desde Hermosillo, Sonora. %","breadcrumb":{"@id":"https:\/\/www.sonoraenequipo.com.mx\/confirman-abatimiento-del-r5-lider-del-cartel-de-los-reyes-durante-operativo-en-michoacan\/#breadcrumb"},"inLanguage":"es","potentialAction":[{"@type":"ReadAction","target":["https:\/\/www.sonoraenequipo.com.mx\/confirman-abatimiento-del-r5-lider-del-cartel-de-los-reyes-durante-operativo-en-michoacan\/"]}]},{"@type":"ImageObject","inLanguage":"es","@id":"https:\/\/www.sonoraenequipo.com.mx\/confirman-abatimiento-del-r5-lider-del-cartel-de-los-reyes-durante-operativo-en-michoacan\/#primaryimage","url":"https:\/\/www.sonoraenequipo.com.mx\/storage\/2026\/09\/R5-es-abatido-1.jpg","contentUrl":"https:\/\/www.sonoraenequipo.com.mx\/storage\/2026\/09\/R5-es-abatido-1.jpg","width":987,"height":568},{"@type":"BreadcrumbList","@id":"https:\/\/www.sonoraenequipo.com.mx\/confirman-abatimiento-del-r5-lider-del-cartel-de-los-reyes-durante-operativo-en-michoacan\/#breadcrumb","itemListElement":[{"@type":"ListItem","position":1,"name":"Portada","item":"https:\/\/www.sonoraenequipo.com.mx\/"},{"@type":"ListItem","position":2,"name":"Confirman abatimiento del \u201cR5\u201d, l\u00edder del C\u00e1rtel de Los Reyes, durante operativo en Michoac\u00e1n"}]},{"@type":"WebSite","@id":"https:\/\/www.sonoraenequipo.com.mx\/#website","url":"https:\/\/www.sonoraenequipo.com.mx\/","name":"Sonora en Equipo.","description":"Diario en l\u00ednea con Noticias desde Hermosillo, Sonora","publisher":{"@id":"https:\/\/www.sonoraenequipo.com.mx\/#organization"},"potentialAction":[{"@type":"SearchAction","target":{"@type":"EntryPoint","urlTemplate":"https:\/\/www.sonoraenequipo.com.mx\/?s={search_term_string}"},"query-input":{"@type":"PropertyValueSpecification","valueRequired":true,"valueName":"search_term_string"}}],"inLanguage":"es"},{"@type":"Organization","@id":"https:\/\/www.sonoraenequipo.com.mx\/#organization","name":"Sonoraenequipo.com.mx","url":"https:\/\/www.sonoraenequipo.com.mx\/","logo":{"@type":"ImageObject","inLanguage":"es","@id":"https:\/\/www.sonoraenequipo.com.mx\/#\/schema\/logo\/image\/","url":"https:\/\/www.sonoraenequipo.com.mx\/storage\/2019\/01\/sonoraenequipo_opt.png","contentUrl":"https:\/\/www.sonoraenequipo.com.mx\/storage\/2019\/01\/sonoraenequipo_opt.png","width":375,"height":125,"caption":"Sonoraenequipo.com.mx"},"image":{"@id":"https:\/\/www.sonoraenequipo.com.mx\/#\/schema\/logo\/image\/"},"sameAs":["https:\/\/www.facebook.com\/SonoraEE\/","https:\/\/x.com\/sonoraenequipo","https:\/\/www.youtube.com\/channel\/UC338nW-lPEYmJQs4ZABQ1SQ"]},{"@type":"Person","@id":"https:\/\/www.sonoraenequipo.com.mx\/#\/schema\/person\/50102df0fb23a8fa9e8effad8fa81386","name":"enequipo","image":{"@type":"ImageObject","inLanguage":"es","@id":"https:\/\/www.sonoraenequipo.com.mx\/#\/schema\/person\/image\/","url":"https:\/\/secure.gravatar.com\/avatar\/049821681b589dabc0bc20695993ccebb09f5b5d4d790cd9251b97faac7c652b?s=96&d=blank&r=g","contentUrl":"https:\/\/secure.gravatar.com\/avatar\/049821681b589dabc0bc20695993ccebb09f5b5d4d790cd9251b97faac7c652b?s=96&d=blank&r=g","caption":"enequipo"},"sameAs":["https:\/\/www.facebook.com\/SonoraEE"]}]}},"jetpack_featured_media_url":"https:\/\/www.sonoraenequipo.com.mx\/storage\/2026\/09\/R5-es-abatido-1.jpg","_links":{"self":[{"href":"https:\/\/www.sonoraenequipo.com.mx\/api\/wp\/v2\/posts\/251297","targetHints":{"allow":["GET"]}}],"collection":[{"href":"https:\/\/www.sonoraenequipo.com.mx\/api\/wp\/v2\/posts"}],"about":[{"href":"https:\/\/www.sonoraenequipo.com.mx\/api\/wp\/v2\/types\/post"}],"author":[{"embeddable":true,"href":"https:\/\/www.sonoraenequipo.com.mx\/api\/wp\/v2\/users\/1"}],"replies":[{"embeddable":true,"href":"https:\/\/www.sonoraenequipo.com.mx\/api\/wp\/v2\/comments?post=251297"}],"version-history":[{"count":1,"href":"https:\/\/www.sonoraenequipo.com.mx\/api\/wp\/v2\/posts\/251297\/revisions"}],"predecessor-version":[{"id":251303,"href":"https:\/\/www.sonoraenequipo.com.mx\/api\/wp\/v2\/posts\/251297\/revisions\/251303"}],"wp:featuredmedia":[{"embeddable":true,"href":"https:\/\/www.sonoraenequipo.com.mx\/api\/wp\/v2\/media\/251302"}],"wp:attachment":[{"href":"https:\/\/www.sonoraenequipo.com.mx\/api\/wp\/v2\/media?parent=251297"}],"wp:term":[{"taxonomy":"category","embeddable":true,"href":"https:\/\/www.sonoraenequipo.com.mx\/api\/wp\/v2\/categories?post=251297"},{"taxonomy":"post_tag","embeddable":true,"href":"https:\/\/www.sonoraenequipo.com.mx\/api\/wp\/v2\/tags?post=251297"}],"curies":[{"name":"wp","href":"https:\/\/api.w.org\/{rel}","templated":true}]}}