{"id":251299,"date":"2026-09-01T20:56:27","date_gmt":"2026-09-02T03:56:27","guid":{"rendered":"https:\/\/www.sonoraenequipo.com.mx\/?p=251299"},"modified":"2026-09-01T20:57:15","modified_gmt":"2026-09-02T03:57:15","slug":"inaugura-congreso-primer-periodo-de-sesiones-de-su-tercer-ano-de-ejercicio","status":"publish","type":"post","link":"https:\/\/www.sonoraenequipo.com.mx\/inaugura-congreso-primer-periodo-de-sesiones-de-su-tercer-ano-de-ejercicio\/","title":{"rendered":"Inaugura congreso \u00a0primer periodo de sesiones de su tercer a\u00f1o de ejercicio"},"content":{"rendered":"<p><strong>HERMOSILLO, SONORA, MX. \u2014<\/strong> La 64 Legislatura del Congreso del Estado de Sonora inaugur\u00f3 hoy el primer periodo de sesiones ordinarias de su tercer y \u00faltimo a\u00f1o de ejercicio constitucional, durante el cual los grupos y representaciones parlamentarias, as\u00ed como legisladores independientes, presentaron sus respectivas agendas de trabajo.<\/p>\n<p>En la sesi\u00f3n de apertura se eligi\u00f3 a la Mesa Directiva que ejercer\u00e1 funciones durante los periodos ordinario y extraordinario, integrada por las diputadas y los diputados Jazm\u00edn Guadalupe G\u00f3mez Liz\u00e1rraga, como presidenta; Azalia Guevara Espinoza, como vicepresidenta; Pr\u00f3spero Valenzuela M\u00fa\u00f1er, como primer secretario; Eduardo Quiroga Jim\u00e9nez, como segundo secretario; y Mar\u00eda Karina Olivares R\u00e1bago, como suplente.<\/p>\n<p>Acto seguido, la diputada Alejandra L\u00f3pez Noriega present\u00f3 su informe de gesti\u00f3n al frente del Congreso de Sonora, en el que destac\u00f3 la continuidad del trabajo legislativo, la atenci\u00f3n de asuntos jur\u00eddicos y la representaci\u00f3n institucional, incluso durante la toma de las instalaciones del Poder Legislativo. Inform\u00f3 que en el periodo se celebraron 42 sesiones, se recibieron 144 iniciativas y se aprobaron 34 dict\u00e1menes, con el compromiso de entregar un Congreso abierto, activo y sin pendientes.<\/p>\n<p>La diputada Ernestina Castro Valenzuela, coordinadora del grupo parlamentario de Morena, expuso que la agenda legislativa busca consolidar un marco jur\u00eddico acorde con las necesidades de la poblaci\u00f3n y contribuir a transformar la vida de las personas mediante acciones en materia de protecci\u00f3n de la ni\u00f1ez, salud, derechos de las mujeres, justicia, vivienda, desarrollo sustentable, seguridad y respaldo a la sociedad civil.<\/p>\n<p>El diputado David Figueroa Ortega, coordinador del Partido Verde Ecologista, destac\u00f3 que se impulsar\u00e1 una agenda legislativa orientada a atender los principales desaf\u00edos de Sonora, mediante acciones encaminadas a proteger a las personas, promover el desarrollo econ\u00f3mico y social, fortalecer las instituciones y garantizar la sustentabilidad del estado, a trav\u00e9s de seis ejes prioritarios: medio ambiente; salud y bienestar; seguridad, justicia y transparencia; desarrollo econ\u00f3mico; educaci\u00f3n e inclusi\u00f3n; y cultura e identidad.<\/p>\n<p>Por su parte, el diputado Ren\u00e9 Edmundo Garc\u00eda Rojo, coordinador del grupo parlamentario del Partido del Trabajo, expuso que la agenda promover\u00e1 la justicia social, la protecci\u00f3n de los derechos y el bienestar de las familias sonorenses, con especial atenci\u00f3n a los sectores en situaci\u00f3n de vulnerabilidad, adem\u00e1s de fortalecer los servicios p\u00fablicos, los derechos laborales, el cuidado del medio ambiente, la participaci\u00f3n ciudadana y el uso responsable de los recursos p\u00fablicos.<\/p>\n<p>Enseguida, el diputado C\u00e9sar Adalberto Salazar L\u00f3pez, coordinador de Nueva Alianza Sonora, mencion\u00f3 que impulsar\u00e1n acciones legislativas para fortalecer la educaci\u00f3n, el desarrollo regional, las finanzas municipales, la justicia h\u00eddrica y ambiental, as\u00ed como la seguridad social y los derechos laborales, en beneficio de las familias sonorenses y del desarrollo equilibrado del estado.<\/p>\n<p>Al presentar la agenda del Partido Encuentro Solidario, la diputada Mar\u00eda Karina Olivares R\u00e1bago subray\u00f3 que promover\u00e1n propuestas para atender las necesidades de la ciudadan\u00eda y contribuir al bienestar de las familias sonorenses, mediante acciones en materia de fortalecimiento municipal, igualdad sustantiva, salud infantil, bienestar de las personas adultas mayores y protecci\u00f3n de animales en situaci\u00f3n de calle, adem\u00e1s de dar seguimiento puntual a las iniciativas pendientes durante este \u00faltimo a\u00f1o de ejercicio legislativo.<\/p>\n<p>Para el \u00faltimo a\u00f1o de la 64 Legislatura, la diputada Alejandra L\u00f3pez Noriega dijo que impulsar\u00e1 un trabajo centrado en las necesidades de la ciudadan\u00eda, con especial atenci\u00f3n a las personas adultas mayores, personas con discapacidad, mujeres, ni\u00f1as, ni\u00f1os, j\u00f3venes y familias en situaci\u00f3n de vulnerabilidad.<\/p>\n<p>Al exponer la agenda del PRD, la diputada Gabriela Tapia Fonllem se\u00f1al\u00f3 que centrar\u00e1 su trabajo legislativo en atender las necesidades de los sectores m\u00e1s vulnerables, con propuestas en favor de las mujeres, ni\u00f1as, ni\u00f1os, j\u00f3venes, personas adultas mayores, migrantes, campesinos y pueblos ind\u00edgenas.<\/p>\n<p>A nombre del grupo parlamentario del PRI, el diputado Emeterio Ochoa Baz\u00faa expuso que durante el tercer a\u00f1o impulsar\u00e1n propuestas que atiendan las necesidades de las familias sonorenses y, sobre todo, generen resultados concretos que se reflejen en su bienestar, con prioridad en el apoyo al campo, la econom\u00eda familiar, los servicios p\u00fablicos, la educaci\u00f3n, la salud y la seguridad.<\/p>\n<p>El diputado Jes\u00fas Manuel Scott S\u00e1nchez detall\u00f3 que Movimiento Ciudadano tiene como prop\u00f3sito representar las causas y necesidades de la ciudadan\u00eda mediante propuestas construidas a partir del di\u00e1logo y la escucha activa, con especial atenci\u00f3n a las infancias y juventudes, el sistema de cuidados, la protecci\u00f3n del medio ambiente y la autonom\u00eda de las instituciones.<\/p>\n<p>El representante parlamentario del PAN, diputado Juan Pablo Arenivar Mart\u00ednez, enfatiz\u00f3 que su agenda de trabajo estar\u00e1 centrada en exigir resultados y rendici\u00f3n de cuentas, fortalecer al Congreso de Sonora como contrapeso mediante un trabajo legislativo abierto, responsable y alejado de intereses partidistas.<\/p>\n<p>&nbsp;<\/p>\n<p>&nbsp;<\/p>\n<p>Una vez presentados los posicionamientos, las diputadas y los diputados entonaron el Himno Nacional. La Presidencia cit\u00f3 a la pr\u00f3xima sesi\u00f3n del Pleno para este jueves 3 de septiembre, a las 10:00 horas.<\/p>\n<p><strong>Fecha de publicaci\u00f3n martes 1 de septiembre de 2026<\/strong><\/p>\n","protected":false},"excerpt":{"rendered":"<p>HERMOSILLO, SONORA, MX. \u2014 La 64 Legislatura del Congreso del Estado de Sonora inaugur\u00f3 hoy&#8230;<\/p>\n","protected":false},"author":1,"featured_media":251300,"comment_status":"open","ping_status":"open","sticky":false,"template":"","format":"standard","meta":{"_monsterinsights_skip_tracking":false,"_monsterinsights_sitenote_active":false,"_monsterinsights_sitenote_note":"","_monsterinsights_sitenote_category":0,"footnotes":""},"categories":[3281],"tags":[1248],"class_list":["post"],"yoast_head":" \n<title>Sonora en Equipo. Inaugura congreso \u00a0primer periodo de sesiones de su tercer a\u00f1o de ejercicio Congreso<\/title>\n<meta name=\"description\" content=\"HERMOSILLO, SONORA, MX. \u2014 La 64 Legislatura del Congreso del Estado de Sonora inaugur\u00f3 hoy el primer periodo de sesiones ordinarias de su tercer y \u00faltimo En Sonora en Equipo publicamos toda la informaci\u00f3n de Sonora, M\u00e9xico y el Mundo de manera oportuna y busca que la libertad de expresi\u00f3n sea real. Visita nuestro medio informativo publicado desde Hermosillo, Sonora. %\" \/>\n<meta name=\"robots\" content=\"index, follow, max-snippet:-1, max-image-preview:large, max-video-preview:-1\" \/>\n<link rel=\"canonical\" href=\"https:\/\/www.sonoraenequipo.com.mx\/inaugura-congreso-primer-periodo-de-sesiones-de-su-tercer-ano-de-ejercicio\/\" \/>\n<meta property=\"og:locale\" content=\"es_ES\" \/>\n<meta property=\"og:type\" content=\"article\" \/>\n<meta property=\"og:title\" content=\"Sonora en Equipo. Inaugura congreso \u00a0primer periodo de sesiones de su tercer a\u00f1o de ejercicio Congreso\" \/>\n<meta property=\"og:description\" content=\"HERMOSILLO, SONORA, MX. \u2014 La 64 Legislatura del Congreso del Estado de Sonora inaugur\u00f3 hoy el primer periodo de sesiones ordinarias de su tercer y \u00faltimo En Sonora en Equipo publicamos toda la informaci\u00f3n de Sonora, M\u00e9xico y el Mundo de manera oportuna y busca que la libertad de expresi\u00f3n sea real. Visita nuestro medio informativo publicado desde Hermosillo, Sonora. %\" \/>\n<meta property=\"og:url\" content=\"https:\/\/www.sonoraenequipo.com.mx\/inaugura-congreso-primer-periodo-de-sesiones-de-su-tercer-ano-de-ejercicio\/\" \/>\n<meta property=\"og:site_name\" content=\"Sonora en Equipo.\" \/>\n<meta property=\"article:publisher\" content=\"https:\/\/www.facebook.com\/SonoraEE\/\" \/>\n<meta property=\"article:author\" content=\"https:\/\/www.facebook.com\/SonoraEE\" \/>\n<meta property=\"article:published_time\" content=\"2026-09-02T03:56:27+00:00\" \/>\n<meta property=\"article:modified_time\" content=\"2026-09-02T03:57:15+00:00\" \/>\n<meta property=\"og:image\" content=\"https:\/\/www.sonoraenequipo.com.mx\/storage\/2026\/09\/Jazmin-Guadalupe-Gomez-Lizarraga.jpg\" \/>\n\t<meta property=\"og:image:width\" content=\"600\" \/>\n\t<meta property=\"og:image:height\" content=\"400\" \/>\n\t<meta property=\"og:image:type\" content=\"image\/jpeg\" \/>\n<meta name=\"author\" content=\"enequipo\" \/>\n<meta name=\"twitter:card\" content=\"summary_large_image\" \/>\n<meta name=\"twitter:creator\" content=\"@sonoraenequipo\" \/>\n<meta name=\"twitter:site\" content=\"@sonoraenequipo\" \/>\n<meta name=\"twitter:label1\" content=\"Escrito por\" \/>\n\t<meta name=\"twitter:data1\" content=\"enequipo\" \/>\n\t<meta name=\"twitter:label2\" content=\"Tiempo de lectura\" \/>\n\t<meta name=\"twitter:data2\" content=\"4 minutos\" \/>\n<script type=\"application\/ld+json\" class=\"yoast-schema-graph\">{\"@context\":\"https:\/\/schema.org\",\"@graph\":[{\"@type\":\"Article\",\"@id\":\"https:\/\/www.sonoraenequipo.com.mx\/inaugura-congreso-primer-periodo-de-sesiones-de-su-tercer-ano-de-ejercicio\/#article\",\"isPartOf\":{\"@id\":\"https:\/\/www.sonoraenequipo.com.mx\/inaugura-congreso-primer-periodo-de-sesiones-de-su-tercer-ano-de-ejercicio\/\"},\"author\":{\"name\":\"enequipo\",\"@id\":\"https:\/\/www.sonoraenequipo.com.mx\/#\/schema\/person\/50102df0fb23a8fa9e8effad8fa81386\"},\"headline\":\"Inaugura congreso \u00a0primer periodo de sesiones de su tercer a\u00f1o de ejercicio\",\"datePublished\":\"2026-09-02T03:56:27+00:00\",\"dateModified\":\"2026-09-02T03:57:15+00:00\",\"mainEntityOfPage\":{\"@id\":\"https:\/\/www.sonoraenequipo.com.mx\/inaugura-congreso-primer-periodo-de-sesiones-de-su-tercer-ano-de-ejercicio\/\"},\"wordCount\":889,\"commentCount\":0,\"publisher\":{\"@id\":\"https:\/\/www.sonoraenequipo.com.mx\/#organization\"},\"image\":{\"@id\":\"https:\/\/www.sonoraenequipo.com.mx\/inaugura-congreso-primer-periodo-de-sesiones-de-su-tercer-ano-de-ejercicio\/#primaryimage\"},\"thumbnailUrl\":\"https:\/\/www.sonoraenequipo.com.mx\/storage\/2026\/09\/Jazmin-Guadalupe-Gomez-Lizarraga.jpg\",\"keywords\":[\"CONGRESO\"],\"articleSection\":[\"Congreso\"],\"inLanguage\":\"es\",\"potentialAction\":[{\"@type\":\"CommentAction\",\"name\":\"Comment\",\"target\":[\"https:\/\/www.sonoraenequipo.com.mx\/inaugura-congreso-primer-periodo-de-sesiones-de-su-tercer-ano-de-ejercicio\/#respond\"]}]},{\"@type\":\"WebPage\",\"@id\":\"https:\/\/www.sonoraenequipo.com.mx\/inaugura-congreso-primer-periodo-de-sesiones-de-su-tercer-ano-de-ejercicio\/\",\"url\":\"https:\/\/www.sonoraenequipo.com.mx\/inaugura-congreso-primer-periodo-de-sesiones-de-su-tercer-ano-de-ejercicio\/\",\"name\":\"Sonora en Equipo. Inaugura congreso \u00a0primer periodo de sesiones de su tercer a\u00f1o de ejercicio Congreso\",\"isPartOf\":{\"@id\":\"https:\/\/www.sonoraenequipo.com.mx\/#website\"},\"primaryImageOfPage\":{\"@id\":\"https:\/\/www.sonoraenequipo.com.mx\/inaugura-congreso-primer-periodo-de-sesiones-de-su-tercer-ano-de-ejercicio\/#primaryimage\"},\"image\":{\"@id\":\"https:\/\/www.sonoraenequipo.com.mx\/inaugura-congreso-primer-periodo-de-sesiones-de-su-tercer-ano-de-ejercicio\/#primaryimage\"},\"thumbnailUrl\":\"https:\/\/www.sonoraenequipo.com.mx\/storage\/2026\/09\/Jazmin-Guadalupe-Gomez-Lizarraga.jpg\",\"datePublished\":\"2026-09-02T03:56:27+00:00\",\"dateModified\":\"2026-09-02T03:57:15+00:00\",\"description\":\"HERMOSILLO, SONORA, MX. \u2014 La 64 Legislatura del Congreso del Estado de Sonora inaugur\u00f3 hoy el primer periodo de sesiones ordinarias de su tercer y \u00faltimo En Sonora en Equipo publicamos toda la informaci\u00f3n de Sonora, M\u00e9xico y el Mundo de manera oportuna y busca que la libertad de expresi\u00f3n sea real. Visita nuestro medio informativo publicado desde Hermosillo, Sonora. %\",\"breadcrumb\":{\"@id\":\"https:\/\/www.sonoraenequipo.com.mx\/inaugura-congreso-primer-periodo-de-sesiones-de-su-tercer-ano-de-ejercicio\/#breadcrumb\"},\"inLanguage\":\"es\",\"potentialAction\":[{\"@type\":\"ReadAction\",\"target\":[\"https:\/\/www.sonoraenequipo.com.mx\/inaugura-congreso-primer-periodo-de-sesiones-de-su-tercer-ano-de-ejercicio\/\"]}]},{\"@type\":\"ImageObject\",\"inLanguage\":\"es\",\"@id\":\"https:\/\/www.sonoraenequipo.com.mx\/inaugura-congreso-primer-periodo-de-sesiones-de-su-tercer-ano-de-ejercicio\/#primaryimage\",\"url\":\"https:\/\/www.sonoraenequipo.com.mx\/storage\/2026\/09\/Jazmin-Guadalupe-Gomez-Lizarraga.jpg\",\"contentUrl\":\"https:\/\/www.sonoraenequipo.com.mx\/storage\/2026\/09\/Jazmin-Guadalupe-Gomez-Lizarraga.jpg\",\"width\":600,\"height\":400,\"caption\":\"Jazm\u00edn Guadalupe G\u00f3mez Liz\u00e1rraga,fue electa presidenta del congreso\"},{\"@type\":\"BreadcrumbList\",\"@id\":\"https:\/\/www.sonoraenequipo.com.mx\/inaugura-congreso-primer-periodo-de-sesiones-de-su-tercer-ano-de-ejercicio\/#breadcrumb\",\"itemListElement\":[{\"@type\":\"ListItem\",\"position\":1,\"name\":\"Portada\",\"item\":\"https:\/\/www.sonoraenequipo.com.mx\/\"},{\"@type\":\"ListItem\",\"position\":2,\"name\":\"Inaugura congreso \u00a0primer periodo de sesiones de su tercer a\u00f1o de ejercicio\"}]},{\"@type\":\"WebSite\",\"@id\":\"https:\/\/www.sonoraenequipo.com.mx\/#website\",\"url\":\"https:\/\/www.sonoraenequipo.com.mx\/\",\"name\":\"Sonora en Equipo.\",\"description\":\"Diario en l\u00ednea con Noticias desde Hermosillo, Sonora\",\"publisher\":{\"@id\":\"https:\/\/www.sonoraenequipo.com.mx\/#organization\"},\"potentialAction\":[{\"@type\":\"SearchAction\",\"target\":{\"@type\":\"EntryPoint\",\"urlTemplate\":\"https:\/\/www.sonoraenequipo.com.mx\/?s={search_term_string}\"},\"query-input\":{\"@type\":\"PropertyValueSpecification\",\"valueRequired\":true,\"valueName\":\"search_term_string\"}}],\"inLanguage\":\"es\"},{\"@type\":\"Organization\",\"@id\":\"https:\/\/www.sonoraenequipo.com.mx\/#organization\",\"name\":\"Sonoraenequipo.com.mx\",\"url\":\"https:\/\/www.sonoraenequipo.com.mx\/\",\"logo\":{\"@type\":\"ImageObject\",\"inLanguage\":\"es\",\"@id\":\"https:\/\/www.sonoraenequipo.com.mx\/#\/schema\/logo\/image\/\",\"url\":\"https:\/\/www.sonoraenequipo.com.mx\/storage\/2019\/01\/sonoraenequipo_opt.png\",\"contentUrl\":\"https:\/\/www.sonoraenequipo.com.mx\/storage\/2019\/01\/sonoraenequipo_opt.png\",\"width\":375,\"height\":125,\"caption\":\"Sonoraenequipo.com.mx\"},\"image\":{\"@id\":\"https:\/\/www.sonoraenequipo.com.mx\/#\/schema\/logo\/image\/\"},\"sameAs\":[\"https:\/\/www.facebook.com\/SonoraEE\/\",\"https:\/\/x.com\/sonoraenequipo\",\"https:\/\/www.youtube.com\/channel\/UC338nW-lPEYmJQs4ZABQ1SQ\"]},{\"@type\":\"Person\",\"@id\":\"https:\/\/www.sonoraenequipo.com.mx\/#\/schema\/person\/50102df0fb23a8fa9e8effad8fa81386\",\"name\":\"enequipo\",\"image\":{\"@type\":\"ImageObject\",\"inLanguage\":\"es\",\"@id\":\"https:\/\/www.sonoraenequipo.com.mx\/#\/schema\/person\/image\/\",\"url\":\"https:\/\/secure.gravatar.com\/avatar\/049821681b589dabc0bc20695993ccebb09f5b5d4d790cd9251b97faac7c652b?s=96&d=blank&r=g\",\"contentUrl\":\"https:\/\/secure.gravatar.com\/avatar\/049821681b589dabc0bc20695993ccebb09f5b5d4d790cd9251b97faac7c652b?s=96&d=blank&r=g\",\"caption\":\"enequipo\"},\"sameAs\":[\"https:\/\/www.facebook.com\/SonoraEE\"]}]}<\/script>\n ","yoast_head_json":{"title":"Sonora en Equipo. Inaugura congreso \u00a0primer periodo de sesiones de su tercer a\u00f1o de ejercicio Congreso","description":"HERMOSILLO, SONORA, MX. \u2014 La 64 Legislatura del Congreso del Estado de Sonora inaugur\u00f3 hoy el primer periodo de sesiones ordinarias de su tercer y \u00faltimo En Sonora en Equipo publicamos toda la informaci\u00f3n de Sonora, M\u00e9xico y el Mundo de manera oportuna y busca que la libertad de expresi\u00f3n sea real. Visita nuestro medio informativo publicado desde Hermosillo, Sonora. %","robots":{"index":"index","follow":"follow","max-snippet":"max-snippet:-1","max-image-preview":"max-image-preview:large","max-video-preview":"max-video-preview:-1"},"canonical":"https:\/\/www.sonoraenequipo.com.mx\/inaugura-congreso-primer-periodo-de-sesiones-de-su-tercer-ano-de-ejercicio\/","og_locale":"es_ES","og_type":"article","og_title":"Sonora en Equipo. Inaugura congreso \u00a0primer periodo de sesiones de su tercer a\u00f1o de ejercicio Congreso","og_description":"HERMOSILLO, SONORA, MX. \u2014 La 64 Legislatura del Congreso del Estado de Sonora inaugur\u00f3 hoy el primer periodo de sesiones ordinarias de su tercer y \u00faltimo En Sonora en Equipo publicamos toda la informaci\u00f3n de Sonora, M\u00e9xico y el Mundo de manera oportuna y busca que la libertad de expresi\u00f3n sea real. Visita nuestro medio informativo publicado desde Hermosillo, Sonora. %","og_url":"https:\/\/www.sonoraenequipo.com.mx\/inaugura-congreso-primer-periodo-de-sesiones-de-su-tercer-ano-de-ejercicio\/","og_site_name":"Sonora en Equipo.","article_publisher":"https:\/\/www.facebook.com\/SonoraEE\/","article_author":"https:\/\/www.facebook.com\/SonoraEE","article_published_time":"2026-09-02T03:56:27+00:00","article_modified_time":"2026-09-02T03:57:15+00:00","og_image":[{"width":600,"height":400,"url":"https:\/\/www.sonoraenequipo.com.mx\/storage\/2026\/09\/Jazmin-Guadalupe-Gomez-Lizarraga.jpg","type":"image\/jpeg"}],"author":"enequipo","twitter_card":"summary_large_image","twitter_creator":"@sonoraenequipo","twitter_site":"@sonoraenequipo","twitter_misc":{"Escrito por":"enequipo","Tiempo de lectura":"4 minutos"},"schema":{"@context":"https:\/\/schema.org","@graph":[{"@type":"Article","@id":"https:\/\/www.sonoraenequipo.com.mx\/inaugura-congreso-primer-periodo-de-sesiones-de-su-tercer-ano-de-ejercicio\/#article","isPartOf":{"@id":"https:\/\/www.sonoraenequipo.com.mx\/inaugura-congreso-primer-periodo-de-sesiones-de-su-tercer-ano-de-ejercicio\/"},"author":{"name":"enequipo","@id":"https:\/\/www.sonoraenequipo.com.mx\/#\/schema\/person\/50102df0fb23a8fa9e8effad8fa81386"},"headline":"Inaugura congreso \u00a0primer periodo de sesiones de su tercer a\u00f1o de ejercicio","datePublished":"2026-09-02T03:56:27+00:00","dateModified":"2026-09-02T03:57:15+00:00","mainEntityOfPage":{"@id":"https:\/\/www.sonoraenequipo.com.mx\/inaugura-congreso-primer-periodo-de-sesiones-de-su-tercer-ano-de-ejercicio\/"},"wordCount":889,"commentCount":0,"publisher":{"@id":"https:\/\/www.sonoraenequipo.com.mx\/#organization"},"image":{"@id":"https:\/\/www.sonoraenequipo.com.mx\/inaugura-congreso-primer-periodo-de-sesiones-de-su-tercer-ano-de-ejercicio\/#primaryimage"},"thumbnailUrl":"https:\/\/www.sonoraenequipo.com.mx\/storage\/2026\/09\/Jazmin-Guadalupe-Gomez-Lizarraga.jpg","keywords":["CONGRESO"],"articleSection":["Congreso"],"inLanguage":"es","potentialAction":[{"@type":"CommentAction","name":"Comment","target":["https:\/\/www.sonoraenequipo.com.mx\/inaugura-congreso-primer-periodo-de-sesiones-de-su-tercer-ano-de-ejercicio\/#respond"]}]},{"@type":"WebPage","@id":"https:\/\/www.sonoraenequipo.com.mx\/inaugura-congreso-primer-periodo-de-sesiones-de-su-tercer-ano-de-ejercicio\/","url":"https:\/\/www.sonoraenequipo.com.mx\/inaugura-congreso-primer-periodo-de-sesiones-de-su-tercer-ano-de-ejercicio\/","name":"Sonora en Equipo. Inaugura congreso \u00a0primer periodo de sesiones de su tercer a\u00f1o de ejercicio Congreso","isPartOf":{"@id":"https:\/\/www.sonoraenequipo.com.mx\/#website"},"primaryImageOfPage":{"@id":"https:\/\/www.sonoraenequipo.com.mx\/inaugura-congreso-primer-periodo-de-sesiones-de-su-tercer-ano-de-ejercicio\/#primaryimage"},"image":{"@id":"https:\/\/www.sonoraenequipo.com.mx\/inaugura-congreso-primer-periodo-de-sesiones-de-su-tercer-ano-de-ejercicio\/#primaryimage"},"thumbnailUrl":"https:\/\/www.sonoraenequipo.com.mx\/storage\/2026\/09\/Jazmin-Guadalupe-Gomez-Lizarraga.jpg","datePublished":"2026-09-02T03:56:27+00:00","dateModified":"2026-09-02T03:57:15+00:00","description":"HERMOSILLO, SONORA, MX. \u2014 La 64 Legislatura del Congreso del Estado de Sonora inaugur\u00f3 hoy el primer periodo de sesiones ordinarias de su tercer y \u00faltimo En Sonora en Equipo publicamos toda la informaci\u00f3n de Sonora, M\u00e9xico y el Mundo de manera oportuna y busca que la libertad de expresi\u00f3n sea real. Visita nuestro medio informativo publicado desde Hermosillo, Sonora. %","breadcrumb":{"@id":"https:\/\/www.sonoraenequipo.com.mx\/inaugura-congreso-primer-periodo-de-sesiones-de-su-tercer-ano-de-ejercicio\/#breadcrumb"},"inLanguage":"es","potentialAction":[{"@type":"ReadAction","target":["https:\/\/www.sonoraenequipo.com.mx\/inaugura-congreso-primer-periodo-de-sesiones-de-su-tercer-ano-de-ejercicio\/"]}]},{"@type":"ImageObject","inLanguage":"es","@id":"https:\/\/www.sonoraenequipo.com.mx\/inaugura-congreso-primer-periodo-de-sesiones-de-su-tercer-ano-de-ejercicio\/#primaryimage","url":"https:\/\/www.sonoraenequipo.com.mx\/storage\/2026\/09\/Jazmin-Guadalupe-Gomez-Lizarraga.jpg","contentUrl":"https:\/\/www.sonoraenequipo.com.mx\/storage\/2026\/09\/Jazmin-Guadalupe-Gomez-Lizarraga.jpg","width":600,"height":400,"caption":"Jazm\u00edn Guadalupe G\u00f3mez Liz\u00e1rraga,fue electa presidenta del congreso"},{"@type":"BreadcrumbList","@id":"https:\/\/www.sonoraenequipo.com.mx\/inaugura-congreso-primer-periodo-de-sesiones-de-su-tercer-ano-de-ejercicio\/#breadcrumb","itemListElement":[{"@type":"ListItem","position":1,"name":"Portada","item":"https:\/\/www.sonoraenequipo.com.mx\/"},{"@type":"ListItem","position":2,"name":"Inaugura congreso \u00a0primer periodo de sesiones de su tercer a\u00f1o de ejercicio"}]},{"@type":"WebSite","@id":"https:\/\/www.sonoraenequipo.com.mx\/#website","url":"https:\/\/www.sonoraenequipo.com.mx\/","name":"Sonora en Equipo.","description":"Diario en l\u00ednea con Noticias desde Hermosillo, Sonora","publisher":{"@id":"https:\/\/www.sonoraenequipo.com.mx\/#organization"},"potentialAction":[{"@type":"SearchAction","target":{"@type":"EntryPoint","urlTemplate":"https:\/\/www.sonoraenequipo.com.mx\/?s={search_term_string}"},"query-input":{"@type":"PropertyValueSpecification","valueRequired":true,"valueName":"search_term_string"}}],"inLanguage":"es"},{"@type":"Organization","@id":"https:\/\/www.sonoraenequipo.com.mx\/#organization","name":"Sonoraenequipo.com.mx","url":"https:\/\/www.sonoraenequipo.com.mx\/","logo":{"@type":"ImageObject","inLanguage":"es","@id":"https:\/\/www.sonoraenequipo.com.mx\/#\/schema\/logo\/image\/","url":"https:\/\/www.sonoraenequipo.com.mx\/storage\/2019\/01\/sonoraenequipo_opt.png","contentUrl":"https:\/\/www.sonoraenequipo.com.mx\/storage\/2019\/01\/sonoraenequipo_opt.png","width":375,"height":125,"caption":"Sonoraenequipo.com.mx"},"image":{"@id":"https:\/\/www.sonoraenequipo.com.mx\/#\/schema\/logo\/image\/"},"sameAs":["https:\/\/www.facebook.com\/SonoraEE\/","https:\/\/x.com\/sonoraenequipo","https:\/\/www.youtube.com\/channel\/UC338nW-lPEYmJQs4ZABQ1SQ"]},{"@type":"Person","@id":"https:\/\/www.sonoraenequipo.com.mx\/#\/schema\/person\/50102df0fb23a8fa9e8effad8fa81386","name":"enequipo","image":{"@type":"ImageObject","inLanguage":"es","@id":"https:\/\/www.sonoraenequipo.com.mx\/#\/schema\/person\/image\/","url":"https:\/\/secure.gravatar.com\/avatar\/049821681b589dabc0bc20695993ccebb09f5b5d4d790cd9251b97faac7c652b?s=96&d=blank&r=g","contentUrl":"https:\/\/secure.gravatar.com\/avatar\/049821681b589dabc0bc20695993ccebb09f5b5d4d790cd9251b97faac7c652b?s=96&d=blank&r=g","caption":"enequipo"},"sameAs":["https:\/\/www.facebook.com\/SonoraEE"]}]}},"jetpack_featured_media_url":"https:\/\/www.sonoraenequipo.com.mx\/storage\/2026\/09\/Jazmin-Guadalupe-Gomez-Lizarraga.jpg","_links":{"self":[{"href":"https:\/\/www.sonoraenequipo.com.mx\/api\/wp\/v2\/posts\/251299","targetHints":{"allow":["GET"]}}],"collection":[{"href":"https:\/\/www.sonoraenequipo.com.mx\/api\/wp\/v2\/posts"}],"about":[{"href":"https:\/\/www.sonoraenequipo.com.mx\/api\/wp\/v2\/types\/post"}],"author":[{"embeddable":true,"href":"https:\/\/www.sonoraenequipo.com.mx\/api\/wp\/v2\/users\/1"}],"replies":[{"embeddable":true,"href":"https:\/\/www.sonoraenequipo.com.mx\/api\/wp\/v2\/comments?post=251299"}],"version-history":[{"count":1,"href":"https:\/\/www.sonoraenequipo.com.mx\/api\/wp\/v2\/posts\/251299\/revisions"}],"predecessor-version":[{"id":251305,"href":"https:\/\/www.sonoraenequipo.com.mx\/api\/wp\/v2\/posts\/251299\/revisions\/251305"}],"wp:featuredmedia":[{"embeddable":true,"href":"https:\/\/www.sonoraenequipo.com.mx\/api\/wp\/v2\/media\/251300"}],"wp:attachment":[{"href":"https:\/\/www.sonoraenequipo.com.mx\/api\/wp\/v2\/media?parent=251299"}],"wp:term":[{"taxonomy":"category","embeddable":true,"href":"https:\/\/www.sonoraenequipo.com.mx\/api\/wp\/v2\/categories?post=251299"},{"taxonomy":"post_tag","embeddable":true,"href":"https:\/\/www.sonoraenequipo.com.mx\/api\/wp\/v2\/tags?post=251299"}],"curies":[{"name":"wp","href":"https:\/\/api.w.org\/{rel}","templated":true}]}}