{"id":251320,"date":"2026-09-01T17:00:05","date_gmt":"2026-09-02T00:00:05","guid":{"rendered":"https:\/\/www.sonoraenequipo.com.mx\/?p=251320"},"modified":"2026-09-01T21:37:14","modified_gmt":"2026-09-02T04:37:14","slug":"oposicion-centra-sus-ataques-contra-morena-en-entrega-del-segundo-informe-de-claudia-sheinbaum","status":"publish","type":"post","link":"https:\/\/www.sonoraenequipo.com.mx\/oposicion-centra-sus-ataques-contra-morena-en-entrega-del-segundo-informe-de-claudia-sheinbaum\/","title":{"rendered":"Oposici\u00f3n centra sus ataques contra Morena en entrega del Segundo Informe de Claudia Sheinbaum"},"content":{"rendered":"<p><strong>CIUDAD DE M\u00c9XICO. MX.<\/strong> \u2014 La oposici\u00f3n convirti\u00f3 la sesi\u00f3n de Congreso General, con motivo de la presentaci\u00f3n del Segundo Informe de Gobierno de la presidenta Claudia Sheinbaum, en una ofensiva pol\u00edtica contra Morena, en la que PRI, PAN y Movimiento Ciudadano coincidieron en cuestionar los resultados de la administraci\u00f3n federal y alertaron sobre la concentraci\u00f3n de poder, la inseguridad, la corrupci\u00f3n y el debilitamiento de los contrapesos institucionales.<\/p>\n<p>&nbsp;<\/p>\n<p>&nbsp;<\/p>\n<p> <\/p>\n<p>El llamado m\u00e1s directo a la unidad opositora provino del senador Alejandro Moreno C\u00e1rdenas, quien, a nombre del PRI, convoc\u00f3 a todos los partidos de oposici\u00f3n y a legisladores inconformes con Morena a construir un \u201csolo frente\u201d para enfrentar las elecciones de 2027 y 2030.<\/p>\n<p>&nbsp;<\/p>\n<p>Moreno sostuvo que el objetivo del priismo es que una gran coalici\u00f3n partidaria y ciudadana recupere la mayor\u00eda en el Congreso de la Uni\u00f3n en 2027 y, posteriormente, dispute la Presidencia de la Rep\u00fablica en 2030.<\/p>\n<p>&nbsp;<\/p>\n<p>Afirm\u00f3 que la persecuci\u00f3n pol\u00edtica y las cr\u00edticas contra la oposici\u00f3n, seg\u00fan su versi\u00f3n, son una muestra del temor de Morena ante una eventual competencia electoral.<\/p>\n<p>&nbsp;<\/p>\n<p>El dirigente priista acus\u00f3 al gobierno de haber debilitado la divisi\u00f3n de poderes, los organismos aut\u00f3nomos y las libertades democr\u00e1ticas.<\/p>\n<p>&nbsp;<\/p>\n<p>Tambi\u00e9n lanz\u00f3 se\u00f1alamientos contra funcionarios y gobiernos de Morena por presuntos v\u00ednculos con el crimen organizado, particularmente en el caso de Sinaloa, y demand\u00f3 que quienes sean se\u00f1alados por autoridades nacionales o extranjeras enfrenten la justicia.<\/p>\n<p>&nbsp;<\/p>\n<p>\u201cM\u00e9xico es libre, no tiene due\u00f1o\u201d, sostuvo Moreno, quien asegur\u00f3 que el PRI no ser\u00e1 \u201ccomparsa\u201d de Morena y reivindic\u00f3 la necesidad de recuperar la paz, el territorio, la seguridad y la confianza internacional.<\/p>\n<p>&nbsp;<\/p>\n<p>Por el PAN, el coordinador parlamentario Ricardo Anaya centr\u00f3 su intervenci\u00f3n en las tres principales promesas con las que Morena lleg\u00f3 al poder: \u201cno mentir, no robar y no traicionar al pueblo\u201d.<\/p>\n<p>&nbsp;<\/p>\n<p>Anaya cuestion\u00f3 las cifras oficiales de seguridad y afirm\u00f3 que la disminuci\u00f3n reportada en homicidios debe analizarse junto con otros delitos relacionados con la vida y las desapariciones.<\/p>\n<p>&nbsp;<\/p>\n<p>Se\u00f1al\u00f3 que no basta con modificar la clasificaci\u00f3n de los delitos para presentar mejores resultados y propuso una revisi\u00f3n p\u00fablica y t\u00e9cnica de la metodolog\u00eda utilizada por el Secretariado Ejecutivo del Sistema Nacional de Seguridad P\u00fablica.<\/p>\n<p>&nbsp;<\/p>\n<p>El panista tambi\u00e9n arremeti\u00f3 contra los nuevos lineamientos relacionados con los derechos de las audiencias y la libertad de expresi\u00f3n.<\/p>\n<p>&nbsp;<\/p>\n<p>Advirti\u00f3 que las autoridades no deben convertirse en \u00e1rbitros del contenido period\u00edstico y propuso que cualquier regulaci\u00f3n sea revisada por el Congreso, adem\u00e1s de eliminar sanciones econ\u00f3micas vinculadas con contenidos.<\/p>\n<p>&nbsp;<\/p>\n<p>Otro de sus principales cuestionamientos fue el llamado \u201chuachicol fiscal\u201d. Anaya asegur\u00f3 que las p\u00e9rdidas relacionadas con este esquema ascender\u00edan a cientos de miles de millones de pesos y exigi\u00f3 la creaci\u00f3n de una comisi\u00f3n especial de investigaci\u00f3n con participaci\u00f3n plural y acceso a informaci\u00f3n fiscal, aduanera y financiera.<\/p>\n<p>&nbsp;<\/p>\n<p>El senador tambi\u00e9n acus\u00f3 al gobierno de proteger a funcionarios y aliados pol\u00edticos frente a investigaciones relacionadas con crimen organizado, y sostuvo que la soberan\u00eda nacional no debe utilizarse como argumento para justificar impunidad.<\/p>\n<p>&nbsp;<\/p>\n<p>Desde Movimiento Ciudadano, Luis Donaldo Colosio Riojas coincidi\u00f3 en que Morena concentra un nivel de poder sin precedentes recientes y cuestion\u00f3 que, despu\u00e9s de ocho a\u00f1os de gobiernos de ese partido, persistan problemas de inseguridad, desapariciones, pobreza, corrupci\u00f3n e impunidad.<\/p>\n<p>&nbsp;<\/p>\n<p>Colosio puso especial \u00e9nfasis en el contraste entre el poder acumulado por Morena y los resultados que, a su juicio, todav\u00eda no se reflejan en la vida cotidiana de los mexicanos.<\/p>\n<p>&nbsp;<\/p>\n<p>Cuestion\u00f3 el deterioro de servicios de salud, educaci\u00f3n y seguridad, as\u00ed como el crecimiento de la deuda p\u00fablica.<\/p>\n<p>&nbsp;<\/p>\n<p>&nbsp;<\/p>\n<p>Sin embargo, el emecista marc\u00f3 distancia de una alianza opositora tradicional y present\u00f3 a Movimiento Ciudadano como una alternativa propia de gobierno. Afirm\u00f3 que su partido busca construir un proyecto de futuro basado en seguridad, salud, educaci\u00f3n, vivienda, innovaci\u00f3n, energ\u00edas limpias y mejores oportunidades para j\u00f3venes y familias.<\/p>\n<p>&nbsp;<\/p>\n<p>Colosio tambi\u00e9n respald\u00f3 la defensa de la soberan\u00eda nacional frente a presiones externas y sostuvo que, ante amenazas provenientes del extranjero, debe existir unidad nacional. Pero advirti\u00f3 que defender la soberan\u00eda no puede convertirse en pretexto para evitar la rendici\u00f3n de cuentas dentro del pa\u00eds.<\/p>\n<p>&nbsp;<\/p>\n<p>&nbsp;<\/p>\n<p>PUBLICADO EL 01 DE SEPT DE 2026 Con informaci\u00f3n de Carlos Guzman Mart\u00edn)<\/p>\n","protected":false},"excerpt":{"rendered":"<p>CIUDAD DE M\u00c9XICO. MX. \u2014 La oposici\u00f3n convirti\u00f3 la sesi\u00f3n de Congreso General, con motivo&#8230;<\/p>\n","protected":false},"author":1,"featured_media":251321,"comment_status":"open","ping_status":"open","sticky":false,"template":"","format":"standard","meta":{"_monsterinsights_skip_tracking":false,"_monsterinsights_sitenote_active":false,"_monsterinsights_sitenote_note":"","_monsterinsights_sitenote_category":0,"footnotes":""},"categories":[5],"tags":[],"class_list":["post"],"yoast_head":" \n<title>Sonora en Equipo. Oposici\u00f3n centra sus ataques contra Morena en entrega del Segundo Informe de Claudia Sheinbaum Rep\u00fablica<\/title>\n<meta name=\"description\" content=\"CIUDAD DE M\u00c9XICO. MX. \u2014 La oposici\u00f3n convirti\u00f3 la sesi\u00f3n de Congreso General, con motivo de la presentaci\u00f3n del Segundo Informe de Gobierno de la En Sonora en Equipo publicamos toda la informaci\u00f3n de Sonora, M\u00e9xico y el Mundo de manera oportuna y busca que la libertad de expresi\u00f3n sea real. Visita nuestro medio informativo publicado desde Hermosillo, Sonora. %\" \/>\n<meta name=\"robots\" content=\"index, follow, max-snippet:-1, max-image-preview:large, max-video-preview:-1\" \/>\n<link rel=\"canonical\" href=\"https:\/\/www.sonoraenequipo.com.mx\/oposicion-centra-sus-ataques-contra-morena-en-entrega-del-segundo-informe-de-claudia-sheinbaum\/\" \/>\n<meta property=\"og:locale\" content=\"es_ES\" \/>\n<meta property=\"og:type\" content=\"article\" \/>\n<meta property=\"og:title\" content=\"Sonora en Equipo. Oposici\u00f3n centra sus ataques contra Morena en entrega del Segundo Informe de Claudia Sheinbaum Rep\u00fablica\" \/>\n<meta property=\"og:description\" content=\"CIUDAD DE M\u00c9XICO. MX. \u2014 La oposici\u00f3n convirti\u00f3 la sesi\u00f3n de Congreso General, con motivo de la presentaci\u00f3n del Segundo Informe de Gobierno de la En Sonora en Equipo publicamos toda la informaci\u00f3n de Sonora, M\u00e9xico y el Mundo de manera oportuna y busca que la libertad de expresi\u00f3n sea real. Visita nuestro medio informativo publicado desde Hermosillo, Sonora. %\" \/>\n<meta property=\"og:url\" content=\"https:\/\/www.sonoraenequipo.com.mx\/oposicion-centra-sus-ataques-contra-morena-en-entrega-del-segundo-informe-de-claudia-sheinbaum\/\" \/>\n<meta property=\"og:site_name\" content=\"Sonora en Equipo.\" \/>\n<meta property=\"article:publisher\" content=\"https:\/\/www.facebook.com\/SonoraEE\/\" \/>\n<meta property=\"article:author\" content=\"https:\/\/www.facebook.com\/SonoraEE\" \/>\n<meta property=\"article:published_time\" content=\"2026-09-02T00:00:05+00:00\" \/>\n<meta property=\"article:modified_time\" content=\"2026-09-02T04:37:14+00:00\" \/>\n<meta property=\"og:image\" content=\"https:\/\/www.sonoraenequipo.com.mx\/storage\/2026\/09\/segundo-informe-de-presidenta-Sheinbaum-1.jpg\" \/>\n\t<meta property=\"og:image:width\" content=\"1000\" \/>\n\t<meta property=\"og:image:height\" content=\"562\" \/>\n\t<meta property=\"og:image:type\" content=\"image\/jpeg\" \/>\n<meta name=\"author\" content=\"enequipo\" \/>\n<meta name=\"twitter:card\" content=\"summary_large_image\" \/>\n<meta name=\"twitter:creator\" content=\"@sonoraenequipo\" \/>\n<meta name=\"twitter:site\" content=\"@sonoraenequipo\" \/>\n<meta name=\"twitter:label1\" content=\"Escrito por\" \/>\n\t<meta name=\"twitter:data1\" content=\"enequipo\" \/>\n\t<meta name=\"twitter:label2\" content=\"Tiempo de lectura\" \/>\n\t<meta name=\"twitter:data2\" content=\"4 minutos\" \/>\n<script type=\"application\/ld+json\" class=\"yoast-schema-graph\">{\"@context\":\"https:\/\/schema.org\",\"@graph\":[{\"@type\":\"Article\",\"@id\":\"https:\/\/www.sonoraenequipo.com.mx\/oposicion-centra-sus-ataques-contra-morena-en-entrega-del-segundo-informe-de-claudia-sheinbaum\/#article\",\"isPartOf\":{\"@id\":\"https:\/\/www.sonoraenequipo.com.mx\/oposicion-centra-sus-ataques-contra-morena-en-entrega-del-segundo-informe-de-claudia-sheinbaum\/\"},\"author\":{\"name\":\"enequipo\",\"@id\":\"https:\/\/www.sonoraenequipo.com.mx\/#\/schema\/person\/50102df0fb23a8fa9e8effad8fa81386\"},\"headline\":\"Oposici\u00f3n centra sus ataques contra Morena en entrega del Segundo Informe de Claudia Sheinbaum\",\"datePublished\":\"2026-09-02T00:00:05+00:00\",\"dateModified\":\"2026-09-02T04:37:14+00:00\",\"mainEntityOfPage\":{\"@id\":\"https:\/\/www.sonoraenequipo.com.mx\/oposicion-centra-sus-ataques-contra-morena-en-entrega-del-segundo-informe-de-claudia-sheinbaum\/\"},\"wordCount\":792,\"commentCount\":0,\"publisher\":{\"@id\":\"https:\/\/www.sonoraenequipo.com.mx\/#organization\"},\"image\":{\"@id\":\"https:\/\/www.sonoraenequipo.com.mx\/oposicion-centra-sus-ataques-contra-morena-en-entrega-del-segundo-informe-de-claudia-sheinbaum\/#primaryimage\"},\"thumbnailUrl\":\"https:\/\/www.sonoraenequipo.com.mx\/storage\/2026\/09\/segundo-informe-de-presidenta-Sheinbaum-1.jpg\",\"articleSection\":[\"Rep\u00fablica\"],\"inLanguage\":\"es\",\"potentialAction\":[{\"@type\":\"CommentAction\",\"name\":\"Comment\",\"target\":[\"https:\/\/www.sonoraenequipo.com.mx\/oposicion-centra-sus-ataques-contra-morena-en-entrega-del-segundo-informe-de-claudia-sheinbaum\/#respond\"]}]},{\"@type\":\"WebPage\",\"@id\":\"https:\/\/www.sonoraenequipo.com.mx\/oposicion-centra-sus-ataques-contra-morena-en-entrega-del-segundo-informe-de-claudia-sheinbaum\/\",\"url\":\"https:\/\/www.sonoraenequipo.com.mx\/oposicion-centra-sus-ataques-contra-morena-en-entrega-del-segundo-informe-de-claudia-sheinbaum\/\",\"name\":\"Sonora en Equipo. Oposici\u00f3n centra sus ataques contra Morena en entrega del Segundo Informe de Claudia Sheinbaum Rep\u00fablica\",\"isPartOf\":{\"@id\":\"https:\/\/www.sonoraenequipo.com.mx\/#website\"},\"primaryImageOfPage\":{\"@id\":\"https:\/\/www.sonoraenequipo.com.mx\/oposicion-centra-sus-ataques-contra-morena-en-entrega-del-segundo-informe-de-claudia-sheinbaum\/#primaryimage\"},\"image\":{\"@id\":\"https:\/\/www.sonoraenequipo.com.mx\/oposicion-centra-sus-ataques-contra-morena-en-entrega-del-segundo-informe-de-claudia-sheinbaum\/#primaryimage\"},\"thumbnailUrl\":\"https:\/\/www.sonoraenequipo.com.mx\/storage\/2026\/09\/segundo-informe-de-presidenta-Sheinbaum-1.jpg\",\"datePublished\":\"2026-09-02T00:00:05+00:00\",\"dateModified\":\"2026-09-02T04:37:14+00:00\",\"description\":\"CIUDAD DE M\u00c9XICO. MX. \u2014 La oposici\u00f3n convirti\u00f3 la sesi\u00f3n de Congreso General, con motivo de la presentaci\u00f3n del Segundo Informe de Gobierno de la En Sonora en Equipo publicamos toda la informaci\u00f3n de Sonora, M\u00e9xico y el Mundo de manera oportuna y busca que la libertad de expresi\u00f3n sea real. Visita nuestro medio informativo publicado desde Hermosillo, Sonora. %\",\"breadcrumb\":{\"@id\":\"https:\/\/www.sonoraenequipo.com.mx\/oposicion-centra-sus-ataques-contra-morena-en-entrega-del-segundo-informe-de-claudia-sheinbaum\/#breadcrumb\"},\"inLanguage\":\"es\",\"potentialAction\":[{\"@type\":\"ReadAction\",\"target\":[\"https:\/\/www.sonoraenequipo.com.mx\/oposicion-centra-sus-ataques-contra-morena-en-entrega-del-segundo-informe-de-claudia-sheinbaum\/\"]}]},{\"@type\":\"ImageObject\",\"inLanguage\":\"es\",\"@id\":\"https:\/\/www.sonoraenequipo.com.mx\/oposicion-centra-sus-ataques-contra-morena-en-entrega-del-segundo-informe-de-claudia-sheinbaum\/#primaryimage\",\"url\":\"https:\/\/www.sonoraenequipo.com.mx\/storage\/2026\/09\/segundo-informe-de-presidenta-Sheinbaum-1.jpg\",\"contentUrl\":\"https:\/\/www.sonoraenequipo.com.mx\/storage\/2026\/09\/segundo-informe-de-presidenta-Sheinbaum-1.jpg\",\"width\":1000,\"height\":562},{\"@type\":\"BreadcrumbList\",\"@id\":\"https:\/\/www.sonoraenequipo.com.mx\/oposicion-centra-sus-ataques-contra-morena-en-entrega-del-segundo-informe-de-claudia-sheinbaum\/#breadcrumb\",\"itemListElement\":[{\"@type\":\"ListItem\",\"position\":1,\"name\":\"Portada\",\"item\":\"https:\/\/www.sonoraenequipo.com.mx\/\"},{\"@type\":\"ListItem\",\"position\":2,\"name\":\"Oposici\u00f3n centra sus ataques contra Morena en entrega del Segundo Informe de Claudia Sheinbaum\"}]},{\"@type\":\"WebSite\",\"@id\":\"https:\/\/www.sonoraenequipo.com.mx\/#website\",\"url\":\"https:\/\/www.sonoraenequipo.com.mx\/\",\"name\":\"Sonora en Equipo.\",\"description\":\"Diario en l\u00ednea con Noticias desde Hermosillo, Sonora\",\"publisher\":{\"@id\":\"https:\/\/www.sonoraenequipo.com.mx\/#organization\"},\"potentialAction\":[{\"@type\":\"SearchAction\",\"target\":{\"@type\":\"EntryPoint\",\"urlTemplate\":\"https:\/\/www.sonoraenequipo.com.mx\/?s={search_term_string}\"},\"query-input\":{\"@type\":\"PropertyValueSpecification\",\"valueRequired\":true,\"valueName\":\"search_term_string\"}}],\"inLanguage\":\"es\"},{\"@type\":\"Organization\",\"@id\":\"https:\/\/www.sonoraenequipo.com.mx\/#organization\",\"name\":\"Sonoraenequipo.com.mx\",\"url\":\"https:\/\/www.sonoraenequipo.com.mx\/\",\"logo\":{\"@type\":\"ImageObject\",\"inLanguage\":\"es\",\"@id\":\"https:\/\/www.sonoraenequipo.com.mx\/#\/schema\/logo\/image\/\",\"url\":\"https:\/\/www.sonoraenequipo.com.mx\/storage\/2019\/01\/sonoraenequipo_opt.png\",\"contentUrl\":\"https:\/\/www.sonoraenequipo.com.mx\/storage\/2019\/01\/sonoraenequipo_opt.png\",\"width\":375,\"height\":125,\"caption\":\"Sonoraenequipo.com.mx\"},\"image\":{\"@id\":\"https:\/\/www.sonoraenequipo.com.mx\/#\/schema\/logo\/image\/\"},\"sameAs\":[\"https:\/\/www.facebook.com\/SonoraEE\/\",\"https:\/\/x.com\/sonoraenequipo\",\"https:\/\/www.youtube.com\/channel\/UC338nW-lPEYmJQs4ZABQ1SQ\"]},{\"@type\":\"Person\",\"@id\":\"https:\/\/www.sonoraenequipo.com.mx\/#\/schema\/person\/50102df0fb23a8fa9e8effad8fa81386\",\"name\":\"enequipo\",\"image\":{\"@type\":\"ImageObject\",\"inLanguage\":\"es\",\"@id\":\"https:\/\/www.sonoraenequipo.com.mx\/#\/schema\/person\/image\/\",\"url\":\"https:\/\/secure.gravatar.com\/avatar\/049821681b589dabc0bc20695993ccebb09f5b5d4d790cd9251b97faac7c652b?s=96&d=blank&r=g\",\"contentUrl\":\"https:\/\/secure.gravatar.com\/avatar\/049821681b589dabc0bc20695993ccebb09f5b5d4d790cd9251b97faac7c652b?s=96&d=blank&r=g\",\"caption\":\"enequipo\"},\"sameAs\":[\"https:\/\/www.facebook.com\/SonoraEE\"]}]}<\/script>\n ","yoast_head_json":{"title":"Sonora en Equipo. Oposici\u00f3n centra sus ataques contra Morena en entrega del Segundo Informe de Claudia Sheinbaum Rep\u00fablica","description":"CIUDAD DE M\u00c9XICO. MX. \u2014 La oposici\u00f3n convirti\u00f3 la sesi\u00f3n de Congreso General, con motivo de la presentaci\u00f3n del Segundo Informe de Gobierno de la En Sonora en Equipo publicamos toda la informaci\u00f3n de Sonora, M\u00e9xico y el Mundo de manera oportuna y busca que la libertad de expresi\u00f3n sea real. Visita nuestro medio informativo publicado desde Hermosillo, Sonora. %","robots":{"index":"index","follow":"follow","max-snippet":"max-snippet:-1","max-image-preview":"max-image-preview:large","max-video-preview":"max-video-preview:-1"},"canonical":"https:\/\/www.sonoraenequipo.com.mx\/oposicion-centra-sus-ataques-contra-morena-en-entrega-del-segundo-informe-de-claudia-sheinbaum\/","og_locale":"es_ES","og_type":"article","og_title":"Sonora en Equipo. Oposici\u00f3n centra sus ataques contra Morena en entrega del Segundo Informe de Claudia Sheinbaum Rep\u00fablica","og_description":"CIUDAD DE M\u00c9XICO. MX. \u2014 La oposici\u00f3n convirti\u00f3 la sesi\u00f3n de Congreso General, con motivo de la presentaci\u00f3n del Segundo Informe de Gobierno de la En Sonora en Equipo publicamos toda la informaci\u00f3n de Sonora, M\u00e9xico y el Mundo de manera oportuna y busca que la libertad de expresi\u00f3n sea real. Visita nuestro medio informativo publicado desde Hermosillo, Sonora. %","og_url":"https:\/\/www.sonoraenequipo.com.mx\/oposicion-centra-sus-ataques-contra-morena-en-entrega-del-segundo-informe-de-claudia-sheinbaum\/","og_site_name":"Sonora en Equipo.","article_publisher":"https:\/\/www.facebook.com\/SonoraEE\/","article_author":"https:\/\/www.facebook.com\/SonoraEE","article_published_time":"2026-09-02T00:00:05+00:00","article_modified_time":"2026-09-02T04:37:14+00:00","og_image":[{"width":1000,"height":562,"url":"https:\/\/www.sonoraenequipo.com.mx\/storage\/2026\/09\/segundo-informe-de-presidenta-Sheinbaum-1.jpg","type":"image\/jpeg"}],"author":"enequipo","twitter_card":"summary_large_image","twitter_creator":"@sonoraenequipo","twitter_site":"@sonoraenequipo","twitter_misc":{"Escrito por":"enequipo","Tiempo de lectura":"4 minutos"},"schema":{"@context":"https:\/\/schema.org","@graph":[{"@type":"Article","@id":"https:\/\/www.sonoraenequipo.com.mx\/oposicion-centra-sus-ataques-contra-morena-en-entrega-del-segundo-informe-de-claudia-sheinbaum\/#article","isPartOf":{"@id":"https:\/\/www.sonoraenequipo.com.mx\/oposicion-centra-sus-ataques-contra-morena-en-entrega-del-segundo-informe-de-claudia-sheinbaum\/"},"author":{"name":"enequipo","@id":"https:\/\/www.sonoraenequipo.com.mx\/#\/schema\/person\/50102df0fb23a8fa9e8effad8fa81386"},"headline":"Oposici\u00f3n centra sus ataques contra Morena en entrega del Segundo Informe de Claudia Sheinbaum","datePublished":"2026-09-02T00:00:05+00:00","dateModified":"2026-09-02T04:37:14+00:00","mainEntityOfPage":{"@id":"https:\/\/www.sonoraenequipo.com.mx\/oposicion-centra-sus-ataques-contra-morena-en-entrega-del-segundo-informe-de-claudia-sheinbaum\/"},"wordCount":792,"commentCount":0,"publisher":{"@id":"https:\/\/www.sonoraenequipo.com.mx\/#organization"},"image":{"@id":"https:\/\/www.sonoraenequipo.com.mx\/oposicion-centra-sus-ataques-contra-morena-en-entrega-del-segundo-informe-de-claudia-sheinbaum\/#primaryimage"},"thumbnailUrl":"https:\/\/www.sonoraenequipo.com.mx\/storage\/2026\/09\/segundo-informe-de-presidenta-Sheinbaum-1.jpg","articleSection":["Rep\u00fablica"],"inLanguage":"es","potentialAction":[{"@type":"CommentAction","name":"Comment","target":["https:\/\/www.sonoraenequipo.com.mx\/oposicion-centra-sus-ataques-contra-morena-en-entrega-del-segundo-informe-de-claudia-sheinbaum\/#respond"]}]},{"@type":"WebPage","@id":"https:\/\/www.sonoraenequipo.com.mx\/oposicion-centra-sus-ataques-contra-morena-en-entrega-del-segundo-informe-de-claudia-sheinbaum\/","url":"https:\/\/www.sonoraenequipo.com.mx\/oposicion-centra-sus-ataques-contra-morena-en-entrega-del-segundo-informe-de-claudia-sheinbaum\/","name":"Sonora en Equipo. Oposici\u00f3n centra sus ataques contra Morena en entrega del Segundo Informe de Claudia Sheinbaum Rep\u00fablica","isPartOf":{"@id":"https:\/\/www.sonoraenequipo.com.mx\/#website"},"primaryImageOfPage":{"@id":"https:\/\/www.sonoraenequipo.com.mx\/oposicion-centra-sus-ataques-contra-morena-en-entrega-del-segundo-informe-de-claudia-sheinbaum\/#primaryimage"},"image":{"@id":"https:\/\/www.sonoraenequipo.com.mx\/oposicion-centra-sus-ataques-contra-morena-en-entrega-del-segundo-informe-de-claudia-sheinbaum\/#primaryimage"},"thumbnailUrl":"https:\/\/www.sonoraenequipo.com.mx\/storage\/2026\/09\/segundo-informe-de-presidenta-Sheinbaum-1.jpg","datePublished":"2026-09-02T00:00:05+00:00","dateModified":"2026-09-02T04:37:14+00:00","description":"CIUDAD DE M\u00c9XICO. MX. \u2014 La oposici\u00f3n convirti\u00f3 la sesi\u00f3n de Congreso General, con motivo de la presentaci\u00f3n del Segundo Informe de Gobierno de la En Sonora en Equipo publicamos toda la informaci\u00f3n de Sonora, M\u00e9xico y el Mundo de manera oportuna y busca que la libertad de expresi\u00f3n sea real. Visita nuestro medio informativo publicado desde Hermosillo, Sonora. %","breadcrumb":{"@id":"https:\/\/www.sonoraenequipo.com.mx\/oposicion-centra-sus-ataques-contra-morena-en-entrega-del-segundo-informe-de-claudia-sheinbaum\/#breadcrumb"},"inLanguage":"es","potentialAction":[{"@type":"ReadAction","target":["https:\/\/www.sonoraenequipo.com.mx\/oposicion-centra-sus-ataques-contra-morena-en-entrega-del-segundo-informe-de-claudia-sheinbaum\/"]}]},{"@type":"ImageObject","inLanguage":"es","@id":"https:\/\/www.sonoraenequipo.com.mx\/oposicion-centra-sus-ataques-contra-morena-en-entrega-del-segundo-informe-de-claudia-sheinbaum\/#primaryimage","url":"https:\/\/www.sonoraenequipo.com.mx\/storage\/2026\/09\/segundo-informe-de-presidenta-Sheinbaum-1.jpg","contentUrl":"https:\/\/www.sonoraenequipo.com.mx\/storage\/2026\/09\/segundo-informe-de-presidenta-Sheinbaum-1.jpg","width":1000,"height":562},{"@type":"BreadcrumbList","@id":"https:\/\/www.sonoraenequipo.com.mx\/oposicion-centra-sus-ataques-contra-morena-en-entrega-del-segundo-informe-de-claudia-sheinbaum\/#breadcrumb","itemListElement":[{"@type":"ListItem","position":1,"name":"Portada","item":"https:\/\/www.sonoraenequipo.com.mx\/"},{"@type":"ListItem","position":2,"name":"Oposici\u00f3n centra sus ataques contra Morena en entrega del Segundo Informe de Claudia Sheinbaum"}]},{"@type":"WebSite","@id":"https:\/\/www.sonoraenequipo.com.mx\/#website","url":"https:\/\/www.sonoraenequipo.com.mx\/","name":"Sonora en Equipo.","description":"Diario en l\u00ednea con Noticias desde Hermosillo, Sonora","publisher":{"@id":"https:\/\/www.sonoraenequipo.com.mx\/#organization"},"potentialAction":[{"@type":"SearchAction","target":{"@type":"EntryPoint","urlTemplate":"https:\/\/www.sonoraenequipo.com.mx\/?s={search_term_string}"},"query-input":{"@type":"PropertyValueSpecification","valueRequired":true,"valueName":"search_term_string"}}],"inLanguage":"es"},{"@type":"Organization","@id":"https:\/\/www.sonoraenequipo.com.mx\/#organization","name":"Sonoraenequipo.com.mx","url":"https:\/\/www.sonoraenequipo.com.mx\/","logo":{"@type":"ImageObject","inLanguage":"es","@id":"https:\/\/www.sonoraenequipo.com.mx\/#\/schema\/logo\/image\/","url":"https:\/\/www.sonoraenequipo.com.mx\/storage\/2019\/01\/sonoraenequipo_opt.png","contentUrl":"https:\/\/www.sonoraenequipo.com.mx\/storage\/2019\/01\/sonoraenequipo_opt.png","width":375,"height":125,"caption":"Sonoraenequipo.com.mx"},"image":{"@id":"https:\/\/www.sonoraenequipo.com.mx\/#\/schema\/logo\/image\/"},"sameAs":["https:\/\/www.facebook.com\/SonoraEE\/","https:\/\/x.com\/sonoraenequipo","https:\/\/www.youtube.com\/channel\/UC338nW-lPEYmJQs4ZABQ1SQ"]},{"@type":"Person","@id":"https:\/\/www.sonoraenequipo.com.mx\/#\/schema\/person\/50102df0fb23a8fa9e8effad8fa81386","name":"enequipo","image":{"@type":"ImageObject","inLanguage":"es","@id":"https:\/\/www.sonoraenequipo.com.mx\/#\/schema\/person\/image\/","url":"https:\/\/secure.gravatar.com\/avatar\/049821681b589dabc0bc20695993ccebb09f5b5d4d790cd9251b97faac7c652b?s=96&d=blank&r=g","contentUrl":"https:\/\/secure.gravatar.com\/avatar\/049821681b589dabc0bc20695993ccebb09f5b5d4d790cd9251b97faac7c652b?s=96&d=blank&r=g","caption":"enequipo"},"sameAs":["https:\/\/www.facebook.com\/SonoraEE"]}]}},"jetpack_featured_media_url":"https:\/\/www.sonoraenequipo.com.mx\/storage\/2026\/09\/segundo-informe-de-presidenta-Sheinbaum-1.jpg","_links":{"self":[{"href":"https:\/\/www.sonoraenequipo.com.mx\/api\/wp\/v2\/posts\/251320","targetHints":{"allow":["GET"]}}],"collection":[{"href":"https:\/\/www.sonoraenequipo.com.mx\/api\/wp\/v2\/posts"}],"about":[{"href":"https:\/\/www.sonoraenequipo.com.mx\/api\/wp\/v2\/types\/post"}],"author":[{"embeddable":true,"href":"https:\/\/www.sonoraenequipo.com.mx\/api\/wp\/v2\/users\/1"}],"replies":[{"embeddable":true,"href":"https:\/\/www.sonoraenequipo.com.mx\/api\/wp\/v2\/comments?post=251320"}],"version-history":[{"count":1,"href":"https:\/\/www.sonoraenequipo.com.mx\/api\/wp\/v2\/posts\/251320\/revisions"}],"predecessor-version":[{"id":251322,"href":"https:\/\/www.sonoraenequipo.com.mx\/api\/wp\/v2\/posts\/251320\/revisions\/251322"}],"wp:featuredmedia":[{"embeddable":true,"href":"https:\/\/www.sonoraenequipo.com.mx\/api\/wp\/v2\/media\/251321"}],"wp:attachment":[{"href":"https:\/\/www.sonoraenequipo.com.mx\/api\/wp\/v2\/media?parent=251320"}],"wp:term":[{"taxonomy":"category","embeddable":true,"href":"https:\/\/www.sonoraenequipo.com.mx\/api\/wp\/v2\/categories?post=251320"},{"taxonomy":"post_tag","embeddable":true,"href":"https:\/\/www.sonoraenequipo.com.mx\/api\/wp\/v2\/tags?post=251320"}],"curies":[{"name":"wp","href":"https:\/\/api.w.org\/{rel}","templated":true}]}}