{"id":251332,"date":"2026-09-02T12:38:00","date_gmt":"2026-09-02T19:38:00","guid":{"rendered":"https:\/\/www.sonoraenequipo.com.mx\/?p=251332"},"modified":"2026-09-02T12:38:00","modified_gmt":"2026-09-02T19:38:00","slug":"sheinbaum-resalta-aprobacion-de-reformas-constitucionales-y-legales-que-recuperan-el-sentido-social-y-la-soberania","status":"publish","type":"post","link":"https:\/\/www.sonoraenequipo.com.mx\/sheinbaum-resalta-aprobacion-de-reformas-constitucionales-y-legales-que-recuperan-el-sentido-social-y-la-soberania\/","title":{"rendered":"Sheinbaum resalta aprobaci\u00f3n de reformas constitucionales y legales que recuperan el sentido social y la soberan\u00eda"},"content":{"rendered":"<p><strong>CIUDAD DE M\u00c9XICO, MX. \u2014<\/strong> La Presidenta Claudia Sheinbaum Pardo resalt\u00f3 que en dos a\u00f1os de gobierno se han aprobado 27 reformas constitucionales y 76 reformas legales con el objetivo de recuperar el sentido social y la soberan\u00eda en la Constituci\u00f3n, lo que es fundamental para el presente y el futuro del pa\u00eds, adem\u00e1s de que refleja el cambio profundo que vive M\u00e9xico con la Cuarta Transformaci\u00f3n de la vida p\u00fablica.<\/p>\n<p>&nbsp;<\/p>\n<p>\u201cAhora con la Cuarta Transformaci\u00f3n el objetivo es recuperar el sentido social en la Constituci\u00f3n. Incluso va m\u00e1s all\u00e1, porque el reconocimiento de los pueblos ind\u00edgenas no se da ni en la Constituci\u00f3n del 24, ni en la del 57, ni en la del 17, es hasta la reforma del 2024 que se reconoce plenamente los derechos de los pueblos ind\u00edgenas y afromexicanos. Y todas estas reformas han tenido el objetivo de recuperar en buena medida el sentido social de la Constituci\u00f3n, la democracia porque tambi\u00e9n se avanza en la democracia al elegir a las ministras, ministros y jueces, porque es el pueblo quien los decide\u201d.<\/p>\n<p>&nbsp;<\/p>\n<p>\u201cY tambi\u00e9n la recuperaci\u00f3n de la soberan\u00eda en muchos sentidos, porque poco a poco, se fue nuevamente la Constituci\u00f3n y las leyes orientando hacia derechos como mercanc\u00edas y recursos naturales entregados a privados y extranjeros. Entonces, la Cuarta Transformaci\u00f3n tiene hoy una nueva norma constitucional que echa para atr\u00e1s una buena parte de las reformas del neoliberalismo y que recupera soberan\u00eda, avanza en la democracia, el reconocimiento de los pueblos y derechos sociales: la vivienda, la salud, la educaci\u00f3n y los programas de bienestar. Es un cambio profundo el que ha ocurrido en M\u00e9xico que se refleja en cambios constitucionales y legales fundamentales para el presente y el futuro del pa\u00eds\u201d, puntualiz\u00f3 en la conferencia matutina: \u201cLas ma\u00f1aneras del pueblo\u201d.<\/p>\n<p>&nbsp;<\/p>\n<p>Destac\u00f3 que durante el periodo neoliberal se realizaron modificaciones constitucionales que impulsaron la privatizaci\u00f3n y retrocedieron las conquistas sociales del pueblo de M\u00e9xico, por ello las reformas constitucionales y legales hechas representan la recuperaci\u00f3n del sentido social de la Constituci\u00f3n.<\/p>\n<p>&nbsp;<\/p>\n<p>&nbsp;<\/p>\n<p>La Presidenta adelant\u00f3 que la pr\u00f3xima semana se presentar\u00e1 el Paquete Econ\u00f3mico 2027, as\u00ed como una serie de reformas en asuntos econ\u00f3micos para ayudar a las micro y peque\u00f1as empresas y para fortalecer la econom\u00eda digital.<\/p>\n<p>&nbsp;<\/p>\n<p>La consejera jur\u00eddica del Ejecutivo Federal, Luisa Mar\u00eda Alcalde Luj\u00e1n, detall\u00f3 que las reformas realizadas en este periodo se engloban en los siguientes ejes:<\/p>\n<p>&nbsp;<\/p>\n<p>Soberan\u00eda nacional y recuperaci\u00f3n de la rector\u00eda del Estado sobre sus sectores estrat\u00e9gicos (Pemex, CFE y Trenes de pasajeros) y recursos naturales:<\/p>\n<p>&nbsp;<\/p>\n<p>Se fortalece la soberan\u00eda alimentaria con ma\u00edz nativo y se proh\u00edbe el ma\u00edz transg\u00e9nico; el derecho humano al agua y combate al acaparamiento; se prohibi\u00f3 la transmisi\u00f3n de propaganda pol\u00edtica de gobiernos extranjeros en radio y televisi\u00f3n; se proh\u00edbe la intervenci\u00f3n extranjera estableciendo la nulidad de elecciones en caso de comprobarse injerencia.<\/p>\n<p>&nbsp;<\/p>\n<p><strong>El fortalecimiento de la democracia y la austeridad republicana:<\/strong><\/p>\n<p>&nbsp;<\/p>\n<p>Se fortalece el Sistema Democr\u00e1tico Mexicano prohibiendo el nepotismo, la reelecci\u00f3n, los privilegios e impulsando la consulta popular; se sustituyeron \u00f3rganos altamente costosos para el pa\u00eds como el INAI, IFT y la Cofece; adem\u00e1s se impulsa el derecho de las audiencias a trav\u00e9s de c\u00f3digos de \u00e9tica, defensores de audiencia y mecanismos de defensa.<\/p>\n<p>&nbsp;<\/p>\n<p><strong>Seguridad, combate a la impunidad y acceso a la justicia:<\/strong><\/p>\n<p>&nbsp;<\/p>\n<p>Se persiguen delitos de mayor impacto como la extorsi\u00f3n, el tr\u00e1fico de fentanilo, facturas falsas, lavado de dinero, tr\u00e1fico de armas y feminicidio; el fortalecimiento institucional para la persecuci\u00f3n del delito con la Guardia Nacional, la UIF y el Sistema Nacional de Inteligencia en Seguridad P\u00fablica; la transformaci\u00f3n del Poder Judicial con la elecci\u00f3n democr\u00e1tica de ministros, magistrados y jueces, la creaci\u00f3n del Tribunal de Disciplina Judicial, la reducci\u00f3n de tiempos en los juicios, la evaluaci\u00f3n obligatoria de juzgadores y la eliminaci\u00f3n de abusos en suspensiones de amparo.<\/p>\n<p>&nbsp;<\/p>\n<p>&nbsp;<\/p>\n<p>Adem\u00e1s de la implementaci\u00f3n de mecanismos para blindar las elecciones de la intervenci\u00f3n del crimen organizado, a trav\u00e9s de la incorporaci\u00f3n de la Comisi\u00f3n de Integridad de Candidaturas del INE; el fortalecimiento de la b\u00fasqueda de personas desaparecidas con registros y bases de datos unificados, alertas inmediatas, participaci\u00f3n de los familiares en el proceso, carpetas de investigaci\u00f3n inmediatas ante una denuncia y m\u00e1s recursos.<\/p>\n<p>&nbsp;<\/p>\n<p><strong>Bienestar y Prosperidad Compartida:<\/strong><\/p>\n<p>&nbsp;<\/p>\n<p>Los Programas de Bienestar como derechos constitucionales; trabajo digno con reformas para reducir la jornada laboral de 40 horas, reducci\u00f3n de la brecha salarial, seguridad social para trabajadores de aplicaci\u00f3n, aprobaci\u00f3n de Ley Silla y la protecci\u00f3n a jornaleras agr\u00edcolas. Impulso a la vivienda adecuada con la recuperaci\u00f3n de la capacidad de construcci\u00f3n del Fovissste e Infonavit, el derecho a la vivienda accesible con servicios e infraestructura, facilidad de cr\u00e9ditos para renta, compra y remodelaci\u00f3n.<\/p>\n<p>&nbsp;<\/p>\n<p>Adem\u00e1s, reformas para un medio ambiente sano con equilibrio ecol\u00f3gico y protecci\u00f3n al medio ambiente, as\u00ed como el cuidado y bienestar animal. A su vez, el fomento a la inversi\u00f3n con impulso a la inversi\u00f3n p\u00fablica y mixta, infraestructura estrat\u00e9gica para el desarrollo nacional; la simplificaci\u00f3n administrativa con digitalizaci\u00f3n de tr\u00e1mites y servicios y el Modelo Nacional para eliminar tr\u00e1mites burocr\u00e1ticos.<\/p>\n<p>&nbsp;<\/p>\n<p><strong>Derechos de Mujeres, Ni\u00f1ez e Ind\u00edgenas:<\/strong><\/p>\n<p>&nbsp;<\/p>\n<p>Por primera vez las mujeres llegan a la Constituci\u00f3n con la igualdad sustantiva, seguridad y protecci\u00f3n contra violencias y prevenci\u00f3n, investigaci\u00f3n y sanci\u00f3n del feminicidio. Para ni\u00f1as, ni\u00f1os y adolescentes se impulsa el internet libre de violencia y medidas contra la discriminaci\u00f3n y el acoso escolar.<\/p>\n<p>&nbsp;<\/p>\n<p>Mientras que a los pueblos ind\u00edgenas y afromexicanos se les reconocen como sujetos de derecho p\u00fablico, con derecho al ejercicio directo de presupuesto y a la consulta previa, libre e informada.<\/p>\n<p><strong>Fecha de publicaci\u00f3n mi\u00e9rcoles 2 de septiembre de 2026<\/strong><\/p>\n","protected":false},"excerpt":{"rendered":"<p>CIUDAD DE M\u00c9XICO, MX. \u2014 La Presidenta Claudia Sheinbaum Pardo resalt\u00f3 que en dos a\u00f1os&#8230;<\/p>\n","protected":false},"author":1,"featured_media":251333,"comment_status":"open","ping_status":"open","sticky":false,"template":"","format":"standard","meta":{"_monsterinsights_skip_tracking":false,"_monsterinsights_sitenote_active":false,"_monsterinsights_sitenote_note":"","_monsterinsights_sitenote_category":0,"footnotes":""},"categories":[5],"tags":[13039,9986,4702],"class_list":["post"],"yoast_head":" \n<title>Sonora en Equipo. Sheinbaum resalta aprobaci\u00f3n de reformas constitucionales y legales que recuperan el sentido social y la soberan\u00eda Rep\u00fablica<\/title>\n<meta name=\"description\" content=\"CIUDAD DE M\u00c9XICO, MX. \u2014 La Presidenta Claudia Sheinbaum Pardo resalt\u00f3 que en dos a\u00f1os de gobierno se han aprobado 27 reformas constitucionales y 76 En Sonora en Equipo publicamos toda la informaci\u00f3n de Sonora, M\u00e9xico y el Mundo de manera oportuna y busca que la libertad de expresi\u00f3n sea real. Visita nuestro medio informativo publicado desde Hermosillo, Sonora. %\" \/>\n<meta name=\"robots\" content=\"index, follow, max-snippet:-1, max-image-preview:large, max-video-preview:-1\" \/>\n<link rel=\"canonical\" href=\"https:\/\/www.sonoraenequipo.com.mx\/sheinbaum-resalta-aprobacion-de-reformas-constitucionales-y-legales-que-recuperan-el-sentido-social-y-la-soberania\/\" \/>\n<meta property=\"og:locale\" content=\"es_ES\" \/>\n<meta property=\"og:type\" content=\"article\" \/>\n<meta property=\"og:title\" content=\"Sonora en Equipo. Sheinbaum resalta aprobaci\u00f3n de reformas constitucionales y legales que recuperan el sentido social y la soberan\u00eda Rep\u00fablica\" \/>\n<meta property=\"og:description\" content=\"CIUDAD DE M\u00c9XICO, MX. \u2014 La Presidenta Claudia Sheinbaum Pardo resalt\u00f3 que en dos a\u00f1os de gobierno se han aprobado 27 reformas constitucionales y 76 En Sonora en Equipo publicamos toda la informaci\u00f3n de Sonora, M\u00e9xico y el Mundo de manera oportuna y busca que la libertad de expresi\u00f3n sea real. Visita nuestro medio informativo publicado desde Hermosillo, Sonora. %\" \/>\n<meta property=\"og:url\" content=\"https:\/\/www.sonoraenequipo.com.mx\/sheinbaum-resalta-aprobacion-de-reformas-constitucionales-y-legales-que-recuperan-el-sentido-social-y-la-soberania\/\" \/>\n<meta property=\"og:site_name\" content=\"Sonora en Equipo.\" \/>\n<meta property=\"article:publisher\" content=\"https:\/\/www.facebook.com\/SonoraEE\/\" \/>\n<meta property=\"article:author\" content=\"https:\/\/www.facebook.com\/SonoraEE\" \/>\n<meta property=\"article:published_time\" content=\"2026-09-02T19:38:00+00:00\" \/>\n<meta property=\"og:image\" content=\"https:\/\/www.sonoraenequipo.com.mx\/storage\/2026\/09\/csp-reformas.jpg\" \/>\n\t<meta property=\"og:image:width\" content=\"600\" \/>\n\t<meta property=\"og:image:height\" content=\"400\" \/>\n\t<meta property=\"og:image:type\" content=\"image\/jpeg\" \/>\n<meta name=\"author\" content=\"enequipo\" \/>\n<meta name=\"twitter:card\" content=\"summary_large_image\" \/>\n<meta name=\"twitter:creator\" content=\"@sonoraenequipo\" \/>\n<meta name=\"twitter:site\" content=\"@sonoraenequipo\" \/>\n<meta name=\"twitter:label1\" content=\"Escrito por\" \/>\n\t<meta name=\"twitter:data1\" content=\"enequipo\" \/>\n\t<meta name=\"twitter:label2\" content=\"Tiempo de lectura\" \/>\n\t<meta name=\"twitter:data2\" content=\"5 minutos\" \/>\n<script type=\"application\/ld+json\" class=\"yoast-schema-graph\">{\"@context\":\"https:\/\/schema.org\",\"@graph\":[{\"@type\":\"Article\",\"@id\":\"https:\/\/www.sonoraenequipo.com.mx\/sheinbaum-resalta-aprobacion-de-reformas-constitucionales-y-legales-que-recuperan-el-sentido-social-y-la-soberania\/#article\",\"isPartOf\":{\"@id\":\"https:\/\/www.sonoraenequipo.com.mx\/sheinbaum-resalta-aprobacion-de-reformas-constitucionales-y-legales-que-recuperan-el-sentido-social-y-la-soberania\/\"},\"author\":{\"name\":\"enequipo\",\"@id\":\"https:\/\/www.sonoraenequipo.com.mx\/#\/schema\/person\/50102df0fb23a8fa9e8effad8fa81386\"},\"headline\":\"Sheinbaum resalta aprobaci\u00f3n de reformas constitucionales y legales que recuperan el sentido social y la soberan\u00eda\",\"datePublished\":\"2026-09-02T19:38:00+00:00\",\"mainEntityOfPage\":{\"@id\":\"https:\/\/www.sonoraenequipo.com.mx\/sheinbaum-resalta-aprobacion-de-reformas-constitucionales-y-legales-que-recuperan-el-sentido-social-y-la-soberania\/\"},\"wordCount\":1073,\"commentCount\":0,\"publisher\":{\"@id\":\"https:\/\/www.sonoraenequipo.com.mx\/#organization\"},\"image\":{\"@id\":\"https:\/\/www.sonoraenequipo.com.mx\/sheinbaum-resalta-aprobacion-de-reformas-constitucionales-y-legales-que-recuperan-el-sentido-social-y-la-soberania\/#primaryimage\"},\"thumbnailUrl\":\"https:\/\/www.sonoraenequipo.com.mx\/storage\/2026\/09\/csp-reformas.jpg\",\"keywords\":[\"2do.\",\"Claudiasheinbaum\",\"informe\"],\"articleSection\":[\"Rep\u00fablica\"],\"inLanguage\":\"es\",\"potentialAction\":[{\"@type\":\"CommentAction\",\"name\":\"Comment\",\"target\":[\"https:\/\/www.sonoraenequipo.com.mx\/sheinbaum-resalta-aprobacion-de-reformas-constitucionales-y-legales-que-recuperan-el-sentido-social-y-la-soberania\/#respond\"]}]},{\"@type\":\"WebPage\",\"@id\":\"https:\/\/www.sonoraenequipo.com.mx\/sheinbaum-resalta-aprobacion-de-reformas-constitucionales-y-legales-que-recuperan-el-sentido-social-y-la-soberania\/\",\"url\":\"https:\/\/www.sonoraenequipo.com.mx\/sheinbaum-resalta-aprobacion-de-reformas-constitucionales-y-legales-que-recuperan-el-sentido-social-y-la-soberania\/\",\"name\":\"Sonora en Equipo. Sheinbaum resalta aprobaci\u00f3n de reformas constitucionales y legales que recuperan el sentido social y la soberan\u00eda Rep\u00fablica\",\"isPartOf\":{\"@id\":\"https:\/\/www.sonoraenequipo.com.mx\/#website\"},\"primaryImageOfPage\":{\"@id\":\"https:\/\/www.sonoraenequipo.com.mx\/sheinbaum-resalta-aprobacion-de-reformas-constitucionales-y-legales-que-recuperan-el-sentido-social-y-la-soberania\/#primaryimage\"},\"image\":{\"@id\":\"https:\/\/www.sonoraenequipo.com.mx\/sheinbaum-resalta-aprobacion-de-reformas-constitucionales-y-legales-que-recuperan-el-sentido-social-y-la-soberania\/#primaryimage\"},\"thumbnailUrl\":\"https:\/\/www.sonoraenequipo.com.mx\/storage\/2026\/09\/csp-reformas.jpg\",\"datePublished\":\"2026-09-02T19:38:00+00:00\",\"description\":\"CIUDAD DE M\u00c9XICO, MX. \u2014 La Presidenta Claudia Sheinbaum Pardo resalt\u00f3 que en dos a\u00f1os de gobierno se han aprobado 27 reformas constitucionales y 76 En Sonora en Equipo publicamos toda la informaci\u00f3n de Sonora, M\u00e9xico y el Mundo de manera oportuna y busca que la libertad de expresi\u00f3n sea real. Visita nuestro medio informativo publicado desde Hermosillo, Sonora. %\",\"breadcrumb\":{\"@id\":\"https:\/\/www.sonoraenequipo.com.mx\/sheinbaum-resalta-aprobacion-de-reformas-constitucionales-y-legales-que-recuperan-el-sentido-social-y-la-soberania\/#breadcrumb\"},\"inLanguage\":\"es\",\"potentialAction\":[{\"@type\":\"ReadAction\",\"target\":[\"https:\/\/www.sonoraenequipo.com.mx\/sheinbaum-resalta-aprobacion-de-reformas-constitucionales-y-legales-que-recuperan-el-sentido-social-y-la-soberania\/\"]}]},{\"@type\":\"ImageObject\",\"inLanguage\":\"es\",\"@id\":\"https:\/\/www.sonoraenequipo.com.mx\/sheinbaum-resalta-aprobacion-de-reformas-constitucionales-y-legales-que-recuperan-el-sentido-social-y-la-soberania\/#primaryimage\",\"url\":\"https:\/\/www.sonoraenequipo.com.mx\/storage\/2026\/09\/csp-reformas.jpg\",\"contentUrl\":\"https:\/\/www.sonoraenequipo.com.mx\/storage\/2026\/09\/csp-reformas.jpg\",\"width\":600,\"height\":400},{\"@type\":\"BreadcrumbList\",\"@id\":\"https:\/\/www.sonoraenequipo.com.mx\/sheinbaum-resalta-aprobacion-de-reformas-constitucionales-y-legales-que-recuperan-el-sentido-social-y-la-soberania\/#breadcrumb\",\"itemListElement\":[{\"@type\":\"ListItem\",\"position\":1,\"name\":\"Portada\",\"item\":\"https:\/\/www.sonoraenequipo.com.mx\/\"},{\"@type\":\"ListItem\",\"position\":2,\"name\":\"Sheinbaum resalta aprobaci\u00f3n de reformas constitucionales y legales que recuperan el sentido social y la soberan\u00eda\"}]},{\"@type\":\"WebSite\",\"@id\":\"https:\/\/www.sonoraenequipo.com.mx\/#website\",\"url\":\"https:\/\/www.sonoraenequipo.com.mx\/\",\"name\":\"Sonora en Equipo.\",\"description\":\"Diario en l\u00ednea con Noticias desde Hermosillo, Sonora\",\"publisher\":{\"@id\":\"https:\/\/www.sonoraenequipo.com.mx\/#organization\"},\"potentialAction\":[{\"@type\":\"SearchAction\",\"target\":{\"@type\":\"EntryPoint\",\"urlTemplate\":\"https:\/\/www.sonoraenequipo.com.mx\/?s={search_term_string}\"},\"query-input\":{\"@type\":\"PropertyValueSpecification\",\"valueRequired\":true,\"valueName\":\"search_term_string\"}}],\"inLanguage\":\"es\"},{\"@type\":\"Organization\",\"@id\":\"https:\/\/www.sonoraenequipo.com.mx\/#organization\",\"name\":\"Sonoraenequipo.com.mx\",\"url\":\"https:\/\/www.sonoraenequipo.com.mx\/\",\"logo\":{\"@type\":\"ImageObject\",\"inLanguage\":\"es\",\"@id\":\"https:\/\/www.sonoraenequipo.com.mx\/#\/schema\/logo\/image\/\",\"url\":\"https:\/\/www.sonoraenequipo.com.mx\/storage\/2019\/01\/sonoraenequipo_opt.png\",\"contentUrl\":\"https:\/\/www.sonoraenequipo.com.mx\/storage\/2019\/01\/sonoraenequipo_opt.png\",\"width\":375,\"height\":125,\"caption\":\"Sonoraenequipo.com.mx\"},\"image\":{\"@id\":\"https:\/\/www.sonoraenequipo.com.mx\/#\/schema\/logo\/image\/\"},\"sameAs\":[\"https:\/\/www.facebook.com\/SonoraEE\/\",\"https:\/\/x.com\/sonoraenequipo\",\"https:\/\/www.youtube.com\/channel\/UC338nW-lPEYmJQs4ZABQ1SQ\"]},{\"@type\":\"Person\",\"@id\":\"https:\/\/www.sonoraenequipo.com.mx\/#\/schema\/person\/50102df0fb23a8fa9e8effad8fa81386\",\"name\":\"enequipo\",\"image\":{\"@type\":\"ImageObject\",\"inLanguage\":\"es\",\"@id\":\"https:\/\/www.sonoraenequipo.com.mx\/#\/schema\/person\/image\/\",\"url\":\"https:\/\/secure.gravatar.com\/avatar\/049821681b589dabc0bc20695993ccebb09f5b5d4d790cd9251b97faac7c652b?s=96&d=blank&r=g\",\"contentUrl\":\"https:\/\/secure.gravatar.com\/avatar\/049821681b589dabc0bc20695993ccebb09f5b5d4d790cd9251b97faac7c652b?s=96&d=blank&r=g\",\"caption\":\"enequipo\"},\"sameAs\":[\"https:\/\/www.facebook.com\/SonoraEE\"]}]}<\/script>\n ","yoast_head_json":{"title":"Sonora en Equipo. Sheinbaum resalta aprobaci\u00f3n de reformas constitucionales y legales que recuperan el sentido social y la soberan\u00eda Rep\u00fablica","description":"CIUDAD DE M\u00c9XICO, MX. \u2014 La Presidenta Claudia Sheinbaum Pardo resalt\u00f3 que en dos a\u00f1os de gobierno se han aprobado 27 reformas constitucionales y 76 En Sonora en Equipo publicamos toda la informaci\u00f3n de Sonora, M\u00e9xico y el Mundo de manera oportuna y busca que la libertad de expresi\u00f3n sea real. Visita nuestro medio informativo publicado desde Hermosillo, Sonora. %","robots":{"index":"index","follow":"follow","max-snippet":"max-snippet:-1","max-image-preview":"max-image-preview:large","max-video-preview":"max-video-preview:-1"},"canonical":"https:\/\/www.sonoraenequipo.com.mx\/sheinbaum-resalta-aprobacion-de-reformas-constitucionales-y-legales-que-recuperan-el-sentido-social-y-la-soberania\/","og_locale":"es_ES","og_type":"article","og_title":"Sonora en Equipo. Sheinbaum resalta aprobaci\u00f3n de reformas constitucionales y legales que recuperan el sentido social y la soberan\u00eda Rep\u00fablica","og_description":"CIUDAD DE M\u00c9XICO, MX. \u2014 La Presidenta Claudia Sheinbaum Pardo resalt\u00f3 que en dos a\u00f1os de gobierno se han aprobado 27 reformas constitucionales y 76 En Sonora en Equipo publicamos toda la informaci\u00f3n de Sonora, M\u00e9xico y el Mundo de manera oportuna y busca que la libertad de expresi\u00f3n sea real. Visita nuestro medio informativo publicado desde Hermosillo, Sonora. %","og_url":"https:\/\/www.sonoraenequipo.com.mx\/sheinbaum-resalta-aprobacion-de-reformas-constitucionales-y-legales-que-recuperan-el-sentido-social-y-la-soberania\/","og_site_name":"Sonora en Equipo.","article_publisher":"https:\/\/www.facebook.com\/SonoraEE\/","article_author":"https:\/\/www.facebook.com\/SonoraEE","article_published_time":"2026-09-02T19:38:00+00:00","og_image":[{"width":600,"height":400,"url":"https:\/\/www.sonoraenequipo.com.mx\/storage\/2026\/09\/csp-reformas.jpg","type":"image\/jpeg"}],"author":"enequipo","twitter_card":"summary_large_image","twitter_creator":"@sonoraenequipo","twitter_site":"@sonoraenequipo","twitter_misc":{"Escrito por":"enequipo","Tiempo de lectura":"5 minutos"},"schema":{"@context":"https:\/\/schema.org","@graph":[{"@type":"Article","@id":"https:\/\/www.sonoraenequipo.com.mx\/sheinbaum-resalta-aprobacion-de-reformas-constitucionales-y-legales-que-recuperan-el-sentido-social-y-la-soberania\/#article","isPartOf":{"@id":"https:\/\/www.sonoraenequipo.com.mx\/sheinbaum-resalta-aprobacion-de-reformas-constitucionales-y-legales-que-recuperan-el-sentido-social-y-la-soberania\/"},"author":{"name":"enequipo","@id":"https:\/\/www.sonoraenequipo.com.mx\/#\/schema\/person\/50102df0fb23a8fa9e8effad8fa81386"},"headline":"Sheinbaum resalta aprobaci\u00f3n de reformas constitucionales y legales que recuperan el sentido social y la soberan\u00eda","datePublished":"2026-09-02T19:38:00+00:00","mainEntityOfPage":{"@id":"https:\/\/www.sonoraenequipo.com.mx\/sheinbaum-resalta-aprobacion-de-reformas-constitucionales-y-legales-que-recuperan-el-sentido-social-y-la-soberania\/"},"wordCount":1073,"commentCount":0,"publisher":{"@id":"https:\/\/www.sonoraenequipo.com.mx\/#organization"},"image":{"@id":"https:\/\/www.sonoraenequipo.com.mx\/sheinbaum-resalta-aprobacion-de-reformas-constitucionales-y-legales-que-recuperan-el-sentido-social-y-la-soberania\/#primaryimage"},"thumbnailUrl":"https:\/\/www.sonoraenequipo.com.mx\/storage\/2026\/09\/csp-reformas.jpg","keywords":["2do.","Claudiasheinbaum","informe"],"articleSection":["Rep\u00fablica"],"inLanguage":"es","potentialAction":[{"@type":"CommentAction","name":"Comment","target":["https:\/\/www.sonoraenequipo.com.mx\/sheinbaum-resalta-aprobacion-de-reformas-constitucionales-y-legales-que-recuperan-el-sentido-social-y-la-soberania\/#respond"]}]},{"@type":"WebPage","@id":"https:\/\/www.sonoraenequipo.com.mx\/sheinbaum-resalta-aprobacion-de-reformas-constitucionales-y-legales-que-recuperan-el-sentido-social-y-la-soberania\/","url":"https:\/\/www.sonoraenequipo.com.mx\/sheinbaum-resalta-aprobacion-de-reformas-constitucionales-y-legales-que-recuperan-el-sentido-social-y-la-soberania\/","name":"Sonora en Equipo. Sheinbaum resalta aprobaci\u00f3n de reformas constitucionales y legales que recuperan el sentido social y la soberan\u00eda Rep\u00fablica","isPartOf":{"@id":"https:\/\/www.sonoraenequipo.com.mx\/#website"},"primaryImageOfPage":{"@id":"https:\/\/www.sonoraenequipo.com.mx\/sheinbaum-resalta-aprobacion-de-reformas-constitucionales-y-legales-que-recuperan-el-sentido-social-y-la-soberania\/#primaryimage"},"image":{"@id":"https:\/\/www.sonoraenequipo.com.mx\/sheinbaum-resalta-aprobacion-de-reformas-constitucionales-y-legales-que-recuperan-el-sentido-social-y-la-soberania\/#primaryimage"},"thumbnailUrl":"https:\/\/www.sonoraenequipo.com.mx\/storage\/2026\/09\/csp-reformas.jpg","datePublished":"2026-09-02T19:38:00+00:00","description":"CIUDAD DE M\u00c9XICO, MX. \u2014 La Presidenta Claudia Sheinbaum Pardo resalt\u00f3 que en dos a\u00f1os de gobierno se han aprobado 27 reformas constitucionales y 76 En Sonora en Equipo publicamos toda la informaci\u00f3n de Sonora, M\u00e9xico y el Mundo de manera oportuna y busca que la libertad de expresi\u00f3n sea real. Visita nuestro medio informativo publicado desde Hermosillo, Sonora. %","breadcrumb":{"@id":"https:\/\/www.sonoraenequipo.com.mx\/sheinbaum-resalta-aprobacion-de-reformas-constitucionales-y-legales-que-recuperan-el-sentido-social-y-la-soberania\/#breadcrumb"},"inLanguage":"es","potentialAction":[{"@type":"ReadAction","target":["https:\/\/www.sonoraenequipo.com.mx\/sheinbaum-resalta-aprobacion-de-reformas-constitucionales-y-legales-que-recuperan-el-sentido-social-y-la-soberania\/"]}]},{"@type":"ImageObject","inLanguage":"es","@id":"https:\/\/www.sonoraenequipo.com.mx\/sheinbaum-resalta-aprobacion-de-reformas-constitucionales-y-legales-que-recuperan-el-sentido-social-y-la-soberania\/#primaryimage","url":"https:\/\/www.sonoraenequipo.com.mx\/storage\/2026\/09\/csp-reformas.jpg","contentUrl":"https:\/\/www.sonoraenequipo.com.mx\/storage\/2026\/09\/csp-reformas.jpg","width":600,"height":400},{"@type":"BreadcrumbList","@id":"https:\/\/www.sonoraenequipo.com.mx\/sheinbaum-resalta-aprobacion-de-reformas-constitucionales-y-legales-que-recuperan-el-sentido-social-y-la-soberania\/#breadcrumb","itemListElement":[{"@type":"ListItem","position":1,"name":"Portada","item":"https:\/\/www.sonoraenequipo.com.mx\/"},{"@type":"ListItem","position":2,"name":"Sheinbaum resalta aprobaci\u00f3n de reformas constitucionales y legales que recuperan el sentido social y la soberan\u00eda"}]},{"@type":"WebSite","@id":"https:\/\/www.sonoraenequipo.com.mx\/#website","url":"https:\/\/www.sonoraenequipo.com.mx\/","name":"Sonora en Equipo.","description":"Diario en l\u00ednea con Noticias desde Hermosillo, Sonora","publisher":{"@id":"https:\/\/www.sonoraenequipo.com.mx\/#organization"},"potentialAction":[{"@type":"SearchAction","target":{"@type":"EntryPoint","urlTemplate":"https:\/\/www.sonoraenequipo.com.mx\/?s={search_term_string}"},"query-input":{"@type":"PropertyValueSpecification","valueRequired":true,"valueName":"search_term_string"}}],"inLanguage":"es"},{"@type":"Organization","@id":"https:\/\/www.sonoraenequipo.com.mx\/#organization","name":"Sonoraenequipo.com.mx","url":"https:\/\/www.sonoraenequipo.com.mx\/","logo":{"@type":"ImageObject","inLanguage":"es","@id":"https:\/\/www.sonoraenequipo.com.mx\/#\/schema\/logo\/image\/","url":"https:\/\/www.sonoraenequipo.com.mx\/storage\/2019\/01\/sonoraenequipo_opt.png","contentUrl":"https:\/\/www.sonoraenequipo.com.mx\/storage\/2019\/01\/sonoraenequipo_opt.png","width":375,"height":125,"caption":"Sonoraenequipo.com.mx"},"image":{"@id":"https:\/\/www.sonoraenequipo.com.mx\/#\/schema\/logo\/image\/"},"sameAs":["https:\/\/www.facebook.com\/SonoraEE\/","https:\/\/x.com\/sonoraenequipo","https:\/\/www.youtube.com\/channel\/UC338nW-lPEYmJQs4ZABQ1SQ"]},{"@type":"Person","@id":"https:\/\/www.sonoraenequipo.com.mx\/#\/schema\/person\/50102df0fb23a8fa9e8effad8fa81386","name":"enequipo","image":{"@type":"ImageObject","inLanguage":"es","@id":"https:\/\/www.sonoraenequipo.com.mx\/#\/schema\/person\/image\/","url":"https:\/\/secure.gravatar.com\/avatar\/049821681b589dabc0bc20695993ccebb09f5b5d4d790cd9251b97faac7c652b?s=96&d=blank&r=g","contentUrl":"https:\/\/secure.gravatar.com\/avatar\/049821681b589dabc0bc20695993ccebb09f5b5d4d790cd9251b97faac7c652b?s=96&d=blank&r=g","caption":"enequipo"},"sameAs":["https:\/\/www.facebook.com\/SonoraEE"]}]}},"jetpack_featured_media_url":"https:\/\/www.sonoraenequipo.com.mx\/storage\/2026\/09\/csp-reformas.jpg","_links":{"self":[{"href":"https:\/\/www.sonoraenequipo.com.mx\/api\/wp\/v2\/posts\/251332","targetHints":{"allow":["GET"]}}],"collection":[{"href":"https:\/\/www.sonoraenequipo.com.mx\/api\/wp\/v2\/posts"}],"about":[{"href":"https:\/\/www.sonoraenequipo.com.mx\/api\/wp\/v2\/types\/post"}],"author":[{"embeddable":true,"href":"https:\/\/www.sonoraenequipo.com.mx\/api\/wp\/v2\/users\/1"}],"replies":[{"embeddable":true,"href":"https:\/\/www.sonoraenequipo.com.mx\/api\/wp\/v2\/comments?post=251332"}],"version-history":[{"count":1,"href":"https:\/\/www.sonoraenequipo.com.mx\/api\/wp\/v2\/posts\/251332\/revisions"}],"predecessor-version":[{"id":251334,"href":"https:\/\/www.sonoraenequipo.com.mx\/api\/wp\/v2\/posts\/251332\/revisions\/251334"}],"wp:featuredmedia":[{"embeddable":true,"href":"https:\/\/www.sonoraenequipo.com.mx\/api\/wp\/v2\/media\/251333"}],"wp:attachment":[{"href":"https:\/\/www.sonoraenequipo.com.mx\/api\/wp\/v2\/media?parent=251332"}],"wp:term":[{"taxonomy":"category","embeddable":true,"href":"https:\/\/www.sonoraenequipo.com.mx\/api\/wp\/v2\/categories?post=251332"},{"taxonomy":"post_tag","embeddable":true,"href":"https:\/\/www.sonoraenequipo.com.mx\/api\/wp\/v2\/tags?post=251332"}],"curies":[{"name":"wp","href":"https:\/\/api.w.org\/{rel}","templated":true}]}}