{"id":251340,"date":"2026-09-02T13:39:04","date_gmt":"2026-09-02T20:39:04","guid":{"rendered":"https:\/\/www.sonoraenequipo.com.mx\/?p=251340"},"modified":"2026-09-02T13:39:04","modified_gmt":"2026-09-02T20:39:04","slug":"es-medallista-centroamericano-estudiante-de-derecho-de-la-unison","status":"publish","type":"post","link":"https:\/\/www.sonoraenequipo.com.mx\/es-medallista-centroamericano-estudiante-de-derecho-de-la-unison\/","title":{"rendered":"Es medallista centroamericano estudiante de Derecho de la Unison"},"content":{"rendered":"<p><strong>HERMOSILLO, SONORA, MX. \u2014<\/strong> Mat\u00edas Guzm\u00e1n Ibarra, medallista centroamericano y seleccionado nacional de hockey sobre pasto, regres\u00f3 a la Universidad de Sonora para continuar su formaci\u00f3n como abogado, sin dejar de lado los desaf\u00edos deportivos del nuevo ciclo ol\u00edmpico.<\/p>\n<p>&nbsp;<\/p>\n<p>El estudiante del campus Hermosillo obtuvo medalla de oro en los Juegos Centroamericanos y del Caribe San Salvador 2023 y la de bronce en Santo Domingo 2026. Debido a las exigencias de su carrera deportiva, tuvo que poner en pausa sus estudios, pero este semestre 2026-2 decidi\u00f3 volver a las aulas.<\/p>\n<p>\u201cNos trajimos una medalla de bronce, que es una lecci\u00f3n para el futuro, para seguir trabajando. Muy contento de estar aqu\u00ed, ya en casa, con la medalla, y como los estudios son parte fundamental para un deportista, claro que nos gustar\u00eda llevar uno con otro, pero es un poquito complicado. Ahora me voy a dar el tiempo de venir y estar en la universidad un semestre m\u00e1s y seguir avanzando en mi carrera\u201d, comparti\u00f3.<\/p>\n<p>Guzm\u00e1n Ibarra regres\u00f3 de Rep\u00fablica Dominicana despu\u00e9s de participar en la justa deportiva que marc\u00f3 el inicio del ciclo ol\u00edmpico; durante el \u00faltimo a\u00f1o form\u00f3 tambi\u00e9n parte de una liga de hockey sobre pasto en Francia.<\/p>\n<p>El deportista, que adem\u00e1s de representar a M\u00e9xico y a Sonora ha participado en ligas de Canad\u00e1, Espa\u00f1a y Francia, consider\u00f3 que sus principales logros son las medallas obtenidas con la selecci\u00f3n nacional y las convocatorias recibidas de clubes extranjeros.<\/p>\n<p>El universitario relat\u00f3 que practica el deporte de los bastones desde los 10 a\u00f1os. Aunque al principio no le atra\u00eda por ser una disciplina poco conocida, con el tiempo se convirti\u00f3 en una parte esencial de su vida.<\/p>\n<p>Explic\u00f3 que en M\u00e9xico todav\u00eda no existe una liga profesional competitiva de hockey sobre pasto, salvo los torneos nacionales; por ello, ha buscado oportunidades en otros pa\u00edses para mejorar su desempe\u00f1o y acercarse al \u00e1mbito profesional de esta disciplina.<\/p>\n<h3><strong>Primer b\u00faho en la familia<\/strong><\/h3>\n<p>Su inter\u00e9s por estudiar en la Universidad de Sonora surgi\u00f3 desde ni\u00f1o, cuando so\u00f1aba con impartir justicia o ser polic\u00eda; posteriormente, encontr\u00f3 en la abogac\u00eda una vocaci\u00f3n que le permitir\u00eda representar a quienes necesitaran apoyo.<\/p>\n<p>Guzm\u00e1n Ibarra indic\u00f3 que eligi\u00f3 esta casa de estudios por ser la instituci\u00f3n que siempre tuvo como referente y porque sus abuelos so\u00f1aban con que alguien de la familia ingresara a la Universidad, y fue as\u00ed que se convirti\u00f3 en el primer integrante de su familia en ser estudiante b\u00faho.<\/p>\n<p>Con el inicio del ciclo ol\u00edmpico, recibir\u00e1 llamados a concentraciones con la selecci\u00f3n nacional de hockey sobre pasto; adem\u00e1s, el pr\u00f3ximo a\u00f1o se realizar\u00e1n los Juegos Panamericanos, competencia para la cual el equipo se encuentra dentro de la clasificaci\u00f3n por ranking.<\/p>\n<p>El estudiante asegur\u00f3 que pondr\u00e1 todo su esfuerzo en cumplir sus dos sue\u00f1os: destacar en el hockey sobre pasto y concluir su preparaci\u00f3n profesional en la Universidad de Sonora.<\/p>\n<p>\u201cDeportivamente es algo m\u00e1s complicado por el punto de que tienes que estar concentrado en lo que est\u00e1s haciendo, mucha energ\u00eda, mucho enfoque. Qu\u00e9 gusto nos dar\u00eda a todos los deportistas llevarlo a la par, pero s\u00ed son sacrificios que hacemos.<\/p>\n<p>\u201cHa llegado el punto en que tambi\u00e9n he tenido que parar completamente la universidad para poder estar enfocado en lo que estoy haciendo y, como en esta ocasi\u00f3n, volver ahora a enfocarme en la universidad, parando un poco lo del deporte para poder sobrellevarlo\u201d, comparti\u00f3.<\/p>\n<p><strong>Fecha de publicaci\u00f3n mi\u00e9rcoles 2 de septiembre de 2026<\/strong><\/p>\n","protected":false},"excerpt":{"rendered":"<p>HERMOSILLO, SONORA, MX. \u2014 Mat\u00edas Guzm\u00e1n Ibarra, medallista centroamericano y seleccionado nacional de hockey sobre&#8230;<\/p>\n","protected":false},"author":1,"featured_media":251343,"comment_status":"open","ping_status":"open","sticky":false,"template":"","format":"standard","meta":{"_monsterinsights_skip_tracking":false,"_monsterinsights_sitenote_active":false,"_monsterinsights_sitenote_note":"","_monsterinsights_sitenote_category":0,"footnotes":""},"categories":[10],"tags":[13041],"class_list":["post"],"yoast_head":" \n<title>Sonora en Equipo. Es medallista centroamericano estudiante de Derecho de la Unison Deportes<\/title>\n<meta name=\"description\" content=\"HERMOSILLO, SONORA, MX. \u2014 Mat\u00edas Guzm\u00e1n Ibarra, medallista centroamericano y seleccionado nacional de hockey sobre pasto, regres\u00f3 a la Universidad de En Sonora en Equipo publicamos toda la informaci\u00f3n de Sonora, M\u00e9xico y el Mundo de manera oportuna y busca que la libertad de expresi\u00f3n sea real. Visita nuestro medio informativo publicado desde Hermosillo, Sonora. %\" \/>\n<meta name=\"robots\" content=\"index, follow, max-snippet:-1, max-image-preview:large, max-video-preview:-1\" \/>\n<link rel=\"canonical\" href=\"https:\/\/www.sonoraenequipo.com.mx\/es-medallista-centroamericano-estudiante-de-derecho-de-la-unison\/\" \/>\n<meta property=\"og:locale\" content=\"es_ES\" \/>\n<meta property=\"og:type\" content=\"article\" \/>\n<meta property=\"og:title\" content=\"Sonora en Equipo. Es medallista centroamericano estudiante de Derecho de la Unison Deportes\" \/>\n<meta property=\"og:description\" content=\"HERMOSILLO, SONORA, MX. \u2014 Mat\u00edas Guzm\u00e1n Ibarra, medallista centroamericano y seleccionado nacional de hockey sobre pasto, regres\u00f3 a la Universidad de En Sonora en Equipo publicamos toda la informaci\u00f3n de Sonora, M\u00e9xico y el Mundo de manera oportuna y busca que la libertad de expresi\u00f3n sea real. Visita nuestro medio informativo publicado desde Hermosillo, Sonora. %\" \/>\n<meta property=\"og:url\" content=\"https:\/\/www.sonoraenequipo.com.mx\/es-medallista-centroamericano-estudiante-de-derecho-de-la-unison\/\" \/>\n<meta property=\"og:site_name\" content=\"Sonora en Equipo.\" \/>\n<meta property=\"article:publisher\" content=\"https:\/\/www.facebook.com\/SonoraEE\/\" \/>\n<meta property=\"article:author\" content=\"https:\/\/www.facebook.com\/SonoraEE\" \/>\n<meta property=\"article:published_time\" content=\"2026-09-02T20:39:04+00:00\" \/>\n<meta property=\"og:image\" content=\"https:\/\/www.sonoraenequipo.com.mx\/storage\/2026\/09\/matias-guzman.jpg\" \/>\n\t<meta property=\"og:image:width\" content=\"600\" \/>\n\t<meta property=\"og:image:height\" content=\"400\" \/>\n\t<meta property=\"og:image:type\" content=\"image\/jpeg\" \/>\n<meta name=\"author\" content=\"enequipo\" \/>\n<meta name=\"twitter:card\" content=\"summary_large_image\" \/>\n<meta name=\"twitter:creator\" content=\"@sonoraenequipo\" \/>\n<meta name=\"twitter:site\" content=\"@sonoraenequipo\" \/>\n<meta name=\"twitter:label1\" content=\"Escrito por\" \/>\n\t<meta name=\"twitter:data1\" content=\"enequipo\" \/>\n\t<meta name=\"twitter:label2\" content=\"Tiempo de lectura\" \/>\n\t<meta name=\"twitter:data2\" content=\"3 minutos\" \/>\n<script type=\"application\/ld+json\" class=\"yoast-schema-graph\">{\"@context\":\"https:\/\/schema.org\",\"@graph\":[{\"@type\":\"Article\",\"@id\":\"https:\/\/www.sonoraenequipo.com.mx\/es-medallista-centroamericano-estudiante-de-derecho-de-la-unison\/#article\",\"isPartOf\":{\"@id\":\"https:\/\/www.sonoraenequipo.com.mx\/es-medallista-centroamericano-estudiante-de-derecho-de-la-unison\/\"},\"author\":{\"name\":\"enequipo\",\"@id\":\"https:\/\/www.sonoraenequipo.com.mx\/#\/schema\/person\/50102df0fb23a8fa9e8effad8fa81386\"},\"headline\":\"Es medallista centroamericano estudiante de Derecho de la Unison\",\"datePublished\":\"2026-09-02T20:39:04+00:00\",\"mainEntityOfPage\":{\"@id\":\"https:\/\/www.sonoraenequipo.com.mx\/es-medallista-centroamericano-estudiante-de-derecho-de-la-unison\/\"},\"wordCount\":629,\"commentCount\":0,\"publisher\":{\"@id\":\"https:\/\/www.sonoraenequipo.com.mx\/#organization\"},\"image\":{\"@id\":\"https:\/\/www.sonoraenequipo.com.mx\/es-medallista-centroamericano-estudiante-de-derecho-de-la-unison\/#primaryimage\"},\"thumbnailUrl\":\"https:\/\/www.sonoraenequipo.com.mx\/storage\/2026\/09\/matias-guzman.jpg\",\"keywords\":[\"Mat\u00edas Guzm\u00e1n\"],\"articleSection\":[\"Deportes\"],\"inLanguage\":\"es\",\"potentialAction\":[{\"@type\":\"CommentAction\",\"name\":\"Comment\",\"target\":[\"https:\/\/www.sonoraenequipo.com.mx\/es-medallista-centroamericano-estudiante-de-derecho-de-la-unison\/#respond\"]}]},{\"@type\":\"WebPage\",\"@id\":\"https:\/\/www.sonoraenequipo.com.mx\/es-medallista-centroamericano-estudiante-de-derecho-de-la-unison\/\",\"url\":\"https:\/\/www.sonoraenequipo.com.mx\/es-medallista-centroamericano-estudiante-de-derecho-de-la-unison\/\",\"name\":\"Sonora en Equipo. Es medallista centroamericano estudiante de Derecho de la Unison Deportes\",\"isPartOf\":{\"@id\":\"https:\/\/www.sonoraenequipo.com.mx\/#website\"},\"primaryImageOfPage\":{\"@id\":\"https:\/\/www.sonoraenequipo.com.mx\/es-medallista-centroamericano-estudiante-de-derecho-de-la-unison\/#primaryimage\"},\"image\":{\"@id\":\"https:\/\/www.sonoraenequipo.com.mx\/es-medallista-centroamericano-estudiante-de-derecho-de-la-unison\/#primaryimage\"},\"thumbnailUrl\":\"https:\/\/www.sonoraenequipo.com.mx\/storage\/2026\/09\/matias-guzman.jpg\",\"datePublished\":\"2026-09-02T20:39:04+00:00\",\"description\":\"HERMOSILLO, SONORA, MX. \u2014 Mat\u00edas Guzm\u00e1n Ibarra, medallista centroamericano y seleccionado nacional de hockey sobre pasto, regres\u00f3 a la Universidad de En Sonora en Equipo publicamos toda la informaci\u00f3n de Sonora, M\u00e9xico y el Mundo de manera oportuna y busca que la libertad de expresi\u00f3n sea real. Visita nuestro medio informativo publicado desde Hermosillo, Sonora. %\",\"breadcrumb\":{\"@id\":\"https:\/\/www.sonoraenequipo.com.mx\/es-medallista-centroamericano-estudiante-de-derecho-de-la-unison\/#breadcrumb\"},\"inLanguage\":\"es\",\"potentialAction\":[{\"@type\":\"ReadAction\",\"target\":[\"https:\/\/www.sonoraenequipo.com.mx\/es-medallista-centroamericano-estudiante-de-derecho-de-la-unison\/\"]}]},{\"@type\":\"ImageObject\",\"inLanguage\":\"es\",\"@id\":\"https:\/\/www.sonoraenequipo.com.mx\/es-medallista-centroamericano-estudiante-de-derecho-de-la-unison\/#primaryimage\",\"url\":\"https:\/\/www.sonoraenequipo.com.mx\/storage\/2026\/09\/matias-guzman.jpg\",\"contentUrl\":\"https:\/\/www.sonoraenequipo.com.mx\/storage\/2026\/09\/matias-guzman.jpg\",\"width\":600,\"height\":400},{\"@type\":\"BreadcrumbList\",\"@id\":\"https:\/\/www.sonoraenequipo.com.mx\/es-medallista-centroamericano-estudiante-de-derecho-de-la-unison\/#breadcrumb\",\"itemListElement\":[{\"@type\":\"ListItem\",\"position\":1,\"name\":\"Portada\",\"item\":\"https:\/\/www.sonoraenequipo.com.mx\/\"},{\"@type\":\"ListItem\",\"position\":2,\"name\":\"Es medallista centroamericano estudiante de Derecho de la Unison\"}]},{\"@type\":\"WebSite\",\"@id\":\"https:\/\/www.sonoraenequipo.com.mx\/#website\",\"url\":\"https:\/\/www.sonoraenequipo.com.mx\/\",\"name\":\"Sonora en Equipo.\",\"description\":\"Diario en l\u00ednea con Noticias desde Hermosillo, Sonora\",\"publisher\":{\"@id\":\"https:\/\/www.sonoraenequipo.com.mx\/#organization\"},\"potentialAction\":[{\"@type\":\"SearchAction\",\"target\":{\"@type\":\"EntryPoint\",\"urlTemplate\":\"https:\/\/www.sonoraenequipo.com.mx\/?s={search_term_string}\"},\"query-input\":{\"@type\":\"PropertyValueSpecification\",\"valueRequired\":true,\"valueName\":\"search_term_string\"}}],\"inLanguage\":\"es\"},{\"@type\":\"Organization\",\"@id\":\"https:\/\/www.sonoraenequipo.com.mx\/#organization\",\"name\":\"Sonoraenequipo.com.mx\",\"url\":\"https:\/\/www.sonoraenequipo.com.mx\/\",\"logo\":{\"@type\":\"ImageObject\",\"inLanguage\":\"es\",\"@id\":\"https:\/\/www.sonoraenequipo.com.mx\/#\/schema\/logo\/image\/\",\"url\":\"https:\/\/www.sonoraenequipo.com.mx\/storage\/2019\/01\/sonoraenequipo_opt.png\",\"contentUrl\":\"https:\/\/www.sonoraenequipo.com.mx\/storage\/2019\/01\/sonoraenequipo_opt.png\",\"width\":375,\"height\":125,\"caption\":\"Sonoraenequipo.com.mx\"},\"image\":{\"@id\":\"https:\/\/www.sonoraenequipo.com.mx\/#\/schema\/logo\/image\/\"},\"sameAs\":[\"https:\/\/www.facebook.com\/SonoraEE\/\",\"https:\/\/x.com\/sonoraenequipo\",\"https:\/\/www.youtube.com\/channel\/UC338nW-lPEYmJQs4ZABQ1SQ\"]},{\"@type\":\"Person\",\"@id\":\"https:\/\/www.sonoraenequipo.com.mx\/#\/schema\/person\/50102df0fb23a8fa9e8effad8fa81386\",\"name\":\"enequipo\",\"image\":{\"@type\":\"ImageObject\",\"inLanguage\":\"es\",\"@id\":\"https:\/\/www.sonoraenequipo.com.mx\/#\/schema\/person\/image\/\",\"url\":\"https:\/\/secure.gravatar.com\/avatar\/049821681b589dabc0bc20695993ccebb09f5b5d4d790cd9251b97faac7c652b?s=96&d=blank&r=g\",\"contentUrl\":\"https:\/\/secure.gravatar.com\/avatar\/049821681b589dabc0bc20695993ccebb09f5b5d4d790cd9251b97faac7c652b?s=96&d=blank&r=g\",\"caption\":\"enequipo\"},\"sameAs\":[\"https:\/\/www.facebook.com\/SonoraEE\"]}]}<\/script>\n ","yoast_head_json":{"title":"Sonora en Equipo. Es medallista centroamericano estudiante de Derecho de la Unison Deportes","description":"HERMOSILLO, SONORA, MX. \u2014 Mat\u00edas Guzm\u00e1n Ibarra, medallista centroamericano y seleccionado nacional de hockey sobre pasto, regres\u00f3 a la Universidad de En Sonora en Equipo publicamos toda la informaci\u00f3n de Sonora, M\u00e9xico y el Mundo de manera oportuna y busca que la libertad de expresi\u00f3n sea real. Visita nuestro medio informativo publicado desde Hermosillo, Sonora. %","robots":{"index":"index","follow":"follow","max-snippet":"max-snippet:-1","max-image-preview":"max-image-preview:large","max-video-preview":"max-video-preview:-1"},"canonical":"https:\/\/www.sonoraenequipo.com.mx\/es-medallista-centroamericano-estudiante-de-derecho-de-la-unison\/","og_locale":"es_ES","og_type":"article","og_title":"Sonora en Equipo. Es medallista centroamericano estudiante de Derecho de la Unison Deportes","og_description":"HERMOSILLO, SONORA, MX. \u2014 Mat\u00edas Guzm\u00e1n Ibarra, medallista centroamericano y seleccionado nacional de hockey sobre pasto, regres\u00f3 a la Universidad de En Sonora en Equipo publicamos toda la informaci\u00f3n de Sonora, M\u00e9xico y el Mundo de manera oportuna y busca que la libertad de expresi\u00f3n sea real. Visita nuestro medio informativo publicado desde Hermosillo, Sonora. %","og_url":"https:\/\/www.sonoraenequipo.com.mx\/es-medallista-centroamericano-estudiante-de-derecho-de-la-unison\/","og_site_name":"Sonora en Equipo.","article_publisher":"https:\/\/www.facebook.com\/SonoraEE\/","article_author":"https:\/\/www.facebook.com\/SonoraEE","article_published_time":"2026-09-02T20:39:04+00:00","og_image":[{"width":600,"height":400,"url":"https:\/\/www.sonoraenequipo.com.mx\/storage\/2026\/09\/matias-guzman.jpg","type":"image\/jpeg"}],"author":"enequipo","twitter_card":"summary_large_image","twitter_creator":"@sonoraenequipo","twitter_site":"@sonoraenequipo","twitter_misc":{"Escrito por":"enequipo","Tiempo de lectura":"3 minutos"},"schema":{"@context":"https:\/\/schema.org","@graph":[{"@type":"Article","@id":"https:\/\/www.sonoraenequipo.com.mx\/es-medallista-centroamericano-estudiante-de-derecho-de-la-unison\/#article","isPartOf":{"@id":"https:\/\/www.sonoraenequipo.com.mx\/es-medallista-centroamericano-estudiante-de-derecho-de-la-unison\/"},"author":{"name":"enequipo","@id":"https:\/\/www.sonoraenequipo.com.mx\/#\/schema\/person\/50102df0fb23a8fa9e8effad8fa81386"},"headline":"Es medallista centroamericano estudiante de Derecho de la Unison","datePublished":"2026-09-02T20:39:04+00:00","mainEntityOfPage":{"@id":"https:\/\/www.sonoraenequipo.com.mx\/es-medallista-centroamericano-estudiante-de-derecho-de-la-unison\/"},"wordCount":629,"commentCount":0,"publisher":{"@id":"https:\/\/www.sonoraenequipo.com.mx\/#organization"},"image":{"@id":"https:\/\/www.sonoraenequipo.com.mx\/es-medallista-centroamericano-estudiante-de-derecho-de-la-unison\/#primaryimage"},"thumbnailUrl":"https:\/\/www.sonoraenequipo.com.mx\/storage\/2026\/09\/matias-guzman.jpg","keywords":["Mat\u00edas Guzm\u00e1n"],"articleSection":["Deportes"],"inLanguage":"es","potentialAction":[{"@type":"CommentAction","name":"Comment","target":["https:\/\/www.sonoraenequipo.com.mx\/es-medallista-centroamericano-estudiante-de-derecho-de-la-unison\/#respond"]}]},{"@type":"WebPage","@id":"https:\/\/www.sonoraenequipo.com.mx\/es-medallista-centroamericano-estudiante-de-derecho-de-la-unison\/","url":"https:\/\/www.sonoraenequipo.com.mx\/es-medallista-centroamericano-estudiante-de-derecho-de-la-unison\/","name":"Sonora en Equipo. Es medallista centroamericano estudiante de Derecho de la Unison Deportes","isPartOf":{"@id":"https:\/\/www.sonoraenequipo.com.mx\/#website"},"primaryImageOfPage":{"@id":"https:\/\/www.sonoraenequipo.com.mx\/es-medallista-centroamericano-estudiante-de-derecho-de-la-unison\/#primaryimage"},"image":{"@id":"https:\/\/www.sonoraenequipo.com.mx\/es-medallista-centroamericano-estudiante-de-derecho-de-la-unison\/#primaryimage"},"thumbnailUrl":"https:\/\/www.sonoraenequipo.com.mx\/storage\/2026\/09\/matias-guzman.jpg","datePublished":"2026-09-02T20:39:04+00:00","description":"HERMOSILLO, SONORA, MX. \u2014 Mat\u00edas Guzm\u00e1n Ibarra, medallista centroamericano y seleccionado nacional de hockey sobre pasto, regres\u00f3 a la Universidad de En Sonora en Equipo publicamos toda la informaci\u00f3n de Sonora, M\u00e9xico y el Mundo de manera oportuna y busca que la libertad de expresi\u00f3n sea real. Visita nuestro medio informativo publicado desde Hermosillo, Sonora. %","breadcrumb":{"@id":"https:\/\/www.sonoraenequipo.com.mx\/es-medallista-centroamericano-estudiante-de-derecho-de-la-unison\/#breadcrumb"},"inLanguage":"es","potentialAction":[{"@type":"ReadAction","target":["https:\/\/www.sonoraenequipo.com.mx\/es-medallista-centroamericano-estudiante-de-derecho-de-la-unison\/"]}]},{"@type":"ImageObject","inLanguage":"es","@id":"https:\/\/www.sonoraenequipo.com.mx\/es-medallista-centroamericano-estudiante-de-derecho-de-la-unison\/#primaryimage","url":"https:\/\/www.sonoraenequipo.com.mx\/storage\/2026\/09\/matias-guzman.jpg","contentUrl":"https:\/\/www.sonoraenequipo.com.mx\/storage\/2026\/09\/matias-guzman.jpg","width":600,"height":400},{"@type":"BreadcrumbList","@id":"https:\/\/www.sonoraenequipo.com.mx\/es-medallista-centroamericano-estudiante-de-derecho-de-la-unison\/#breadcrumb","itemListElement":[{"@type":"ListItem","position":1,"name":"Portada","item":"https:\/\/www.sonoraenequipo.com.mx\/"},{"@type":"ListItem","position":2,"name":"Es medallista centroamericano estudiante de Derecho de la Unison"}]},{"@type":"WebSite","@id":"https:\/\/www.sonoraenequipo.com.mx\/#website","url":"https:\/\/www.sonoraenequipo.com.mx\/","name":"Sonora en Equipo.","description":"Diario en l\u00ednea con Noticias desde Hermosillo, Sonora","publisher":{"@id":"https:\/\/www.sonoraenequipo.com.mx\/#organization"},"potentialAction":[{"@type":"SearchAction","target":{"@type":"EntryPoint","urlTemplate":"https:\/\/www.sonoraenequipo.com.mx\/?s={search_term_string}"},"query-input":{"@type":"PropertyValueSpecification","valueRequired":true,"valueName":"search_term_string"}}],"inLanguage":"es"},{"@type":"Organization","@id":"https:\/\/www.sonoraenequipo.com.mx\/#organization","name":"Sonoraenequipo.com.mx","url":"https:\/\/www.sonoraenequipo.com.mx\/","logo":{"@type":"ImageObject","inLanguage":"es","@id":"https:\/\/www.sonoraenequipo.com.mx\/#\/schema\/logo\/image\/","url":"https:\/\/www.sonoraenequipo.com.mx\/storage\/2019\/01\/sonoraenequipo_opt.png","contentUrl":"https:\/\/www.sonoraenequipo.com.mx\/storage\/2019\/01\/sonoraenequipo_opt.png","width":375,"height":125,"caption":"Sonoraenequipo.com.mx"},"image":{"@id":"https:\/\/www.sonoraenequipo.com.mx\/#\/schema\/logo\/image\/"},"sameAs":["https:\/\/www.facebook.com\/SonoraEE\/","https:\/\/x.com\/sonoraenequipo","https:\/\/www.youtube.com\/channel\/UC338nW-lPEYmJQs4ZABQ1SQ"]},{"@type":"Person","@id":"https:\/\/www.sonoraenequipo.com.mx\/#\/schema\/person\/50102df0fb23a8fa9e8effad8fa81386","name":"enequipo","image":{"@type":"ImageObject","inLanguage":"es","@id":"https:\/\/www.sonoraenequipo.com.mx\/#\/schema\/person\/image\/","url":"https:\/\/secure.gravatar.com\/avatar\/049821681b589dabc0bc20695993ccebb09f5b5d4d790cd9251b97faac7c652b?s=96&d=blank&r=g","contentUrl":"https:\/\/secure.gravatar.com\/avatar\/049821681b589dabc0bc20695993ccebb09f5b5d4d790cd9251b97faac7c652b?s=96&d=blank&r=g","caption":"enequipo"},"sameAs":["https:\/\/www.facebook.com\/SonoraEE"]}]}},"jetpack_featured_media_url":"https:\/\/www.sonoraenequipo.com.mx\/storage\/2026\/09\/matias-guzman.jpg","_links":{"self":[{"href":"https:\/\/www.sonoraenequipo.com.mx\/api\/wp\/v2\/posts\/251340","targetHints":{"allow":["GET"]}}],"collection":[{"href":"https:\/\/www.sonoraenequipo.com.mx\/api\/wp\/v2\/posts"}],"about":[{"href":"https:\/\/www.sonoraenequipo.com.mx\/api\/wp\/v2\/types\/post"}],"author":[{"embeddable":true,"href":"https:\/\/www.sonoraenequipo.com.mx\/api\/wp\/v2\/users\/1"}],"replies":[{"embeddable":true,"href":"https:\/\/www.sonoraenequipo.com.mx\/api\/wp\/v2\/comments?post=251340"}],"version-history":[{"count":1,"href":"https:\/\/www.sonoraenequipo.com.mx\/api\/wp\/v2\/posts\/251340\/revisions"}],"predecessor-version":[{"id":251342,"href":"https:\/\/www.sonoraenequipo.com.mx\/api\/wp\/v2\/posts\/251340\/revisions\/251342"}],"wp:featuredmedia":[{"embeddable":true,"href":"https:\/\/www.sonoraenequipo.com.mx\/api\/wp\/v2\/media\/251343"}],"wp:attachment":[{"href":"https:\/\/www.sonoraenequipo.com.mx\/api\/wp\/v2\/media?parent=251340"}],"wp:term":[{"taxonomy":"category","embeddable":true,"href":"https:\/\/www.sonoraenequipo.com.mx\/api\/wp\/v2\/categories?post=251340"},{"taxonomy":"post_tag","embeddable":true,"href":"https:\/\/www.sonoraenequipo.com.mx\/api\/wp\/v2\/tags?post=251340"}],"curies":[{"name":"wp","href":"https:\/\/api.w.org\/{rel}","templated":true}]}}